{"id":11598,"date":"2024-09-20T18:14:06","date_gmt":"2024-09-20T16:14:06","guid":{"rendered":"https:\/\/radiolitoral.com\/?p=11598"},"modified":"2024-09-20T18:14:06","modified_gmt":"2024-09-20T16:14:06","slug":"una-dona-es-rescatada-prop-de-la-cala-del-moraig-en-patir-una-possible-fractura-de-tovallo","status":"publish","type":"post","link":"https:\/\/radiolitoral.com\/ca\/2024\/09\/una-dona-es-rescatada-prop-de-la-cala-del-moraig-al-patir-una-possible-fractura-de-turmell\/","title":{"rendered":"Una dona \u00e9s rescatada prop de la Cala del Moraig en patir una possible fractura de tovall\u00f3"},"content":{"rendered":"<div class=\"flex max-w-full flex-col flex-grow\">\n<div class=\"min-h-[20px] text-message flex w-full flex-col items-end gap-2 whitespace-normal break-words [.text-message+&amp;]:mt-5\" dir=\"auto\" data-message-author-role=\"assistant\" data-message-id=\"cce92a89-9e69-4e7f-a787-47e82071d294\">\n<div class=\"flex w-full flex-col gap-1 empty:hidden first:pt-[3px]\">\n<div class=\"markdown prose w-full break-words dark:prose-invert light\">\n<p>Una dona de 45 anys ha estat rescatada aquesta vesprada despr\u00e9s de patir una caiguda al <strong>cam\u00ed de la Cala Moraig<\/strong>, a <strong>Benitatxell<\/strong>.<\/p>\n<p>El Consorci Provincial de Bombers d&#8217;Alacant ha rebut l&#8217;av\u00eds a les 15:29 hores i ha concl\u00f2s la intervenci\u00f3 a les 17:31 hores. La dona es trobava a un quil\u00f2metre de la cala quan ha patit <strong>una possible fractura de turmell<\/strong>, fet que ha requerit la intervenci\u00f3 del helic\u00f2pter de rescat Alpha 01 i el Grup de Rescat de Muntanya (GER).<\/p>\n<p>La ferida ha estat traslladada al parc de bombers de D\u00e9nia, on l&#8217;esperava una unitat de Suport Vital B\u00e0sic (SVB) per al seu trasllat a l&#8217;hospital de D\u00e9nia.<\/p>\n<\/div>\n<\/div>\n<\/div>\n<\/div>\n","protected":false},"excerpt":{"rendered":"<p>Una dona de 45 anys ha estat rescatada aquesta vesprada despr\u00e9s de patir una caiguda al cam\u00ed de la Cala Moraig, a Benitatxell. El Consorci Provincial de Bombers d&#8217;Alacant ha rebut l&#8217;av\u00eds a les 15:29 hores i ha concl\u00f2s la intervenci\u00f3 a les 17:31 hores. La dona es trobava a un quil\u00f2metre de la cala [&#8230;]<\/p>\n<p><a class=\"btn btn-secondary understrap-read-more-link\" href=\"https:\/\/radiolitoral.com\/ca\/2024\/09\/una-dona-es-rescatada-prop-de-la-cala-del-moraig-al-patir-una-possible-fractura-de-turmell\/\">Continua llegint&#8230;<span class=\"screen-reader-text\"> from Una dona es rescatada prop de la Cala del Moraig al patir una possible fractura de turmell<\/span><\/a><\/p>\n","protected":false},"author":14,"featured_media":8692,"comment_status":"open","ping_status":"closed","sticky":false,"template":"","format":"standard","meta":{"_acf_changed":false,"inline_featured_image":false,"footnotes":""},"categories":[8],"tags":[184,2274,1170,1023],"class_list":["post-11598","post","type-post","status-publish","format-standard","has-post-thumbnail","hentry","category-sucesos","tag-benitatxell","tag-cala-del-moraig","tag-rescate","tag-sucesos","cobertura-poble-nou-de-benitatxell"],"acf":[],"yoast_head":"<!-- This site is optimized with the Yoast SEO plugin v27.5 - https:\/\/yoast.com\/product\/yoast-seo-wordpress\/ -->\n<title>Una dona es rescatada prop de la Cala del Moraig al patir una possible fractura de turmell | R\u00e0dio Litoral<\/title>\n<meta name=\"description\" content=\"La ferida ha estat traslladada des de el parc de Bombers fins al Hospital de D\u00e9nia\" \/>\n<meta name=\"robots\" content=\"index, follow, max-snippet:-1, max-image-preview:large, max-video-preview:-1\" \/>\n<link rel=\"canonical\" href=\"https:\/\/radiolitoral.com\/ca\/2024\/09\/una-dona-es-rescatada-prop-de-la-cala-del-moraig-en-patir-una-possible-fractura-de-tovallo\/\" \/>\n<meta property=\"og:locale\" content=\"ca_ES\" \/>\n<meta property=\"og:type\" content=\"article\" \/>\n<meta property=\"og:title\" content=\"Una dona es rescatada prop de la Cala del Moraig al patir una possible fractura de turmell | R\u00e0dio Litoral\" \/>\n<meta property=\"og:description\" content=\"La ferida ha estat traslladada des de el parc de Bombers fins al Hospital de D\u00e9nia\" \/>\n<meta property=\"og:url\" content=\"https:\/\/radiolitoral.com\/ca\/2024\/09\/una-dona-es-rescatada-prop-de-la-cala-del-moraig-en-patir-una-possible-fractura-de-tovallo\/\" \/>\n<meta property=\"og:site_name\" content=\"R\u00e0dio Litoral\" \/>\n<meta property=\"article:publisher\" content=\"https:\/\/www.facebook.com\/Laradiolitoral\/\" \/>\n<meta property=\"article:published_time\" content=\"2024-09-20T16:14:06+00:00\" \/>\n<meta property=\"og:image\" content=\"https:\/\/media.radiolitoral.com\/wp-content\/uploads\/2024\/05\/06121258\/rescate-helicoptero-2-e1714990591362.jpeg\" \/>\n\t<meta property=\"og:image:width\" content=\"1309\" \/>\n\t<meta property=\"og:image:height\" content=\"1034\" \/>\n\t<meta property=\"og:image:type\" content=\"image\/jpeg\" \/>\n<meta name=\"author\" content=\"Redacci\u00f3n\" \/>\n<meta name=\"twitter:card\" content=\"summary_large_image\" \/>\n<meta name=\"twitter:label1\" content=\"Escrit per\" \/>\n\t<meta name=\"twitter:data1\" content=\"Redacci\u00f3n\" \/>\n\t<meta name=\"twitter:label2\" content=\"Temps estimat de lectura\" \/>\n\t<meta name=\"twitter:data2\" content=\"1 minut\" \/>\n<script type=\"application\/ld+json\" class=\"yoast-schema-graph\">{\"@context\":\"https:\\\/\\\/schema.org\",\"@graph\":[{\"@type\":\"NewsArticle\",\"@id\":\"https:\\\/\\\/radiolitoral.com\\\/2024\\\/09\\\/una-dona-es-rescatada-prop-de-la-cala-del-moraig-al-patir-una-possible-fractura-de-turmell\\\/#article\",\"isPartOf\":{\"@id\":\"https:\\\/\\\/radiolitoral.com\\\/2024\\\/09\\\/una-dona-es-rescatada-prop-de-la-cala-del-moraig-al-patir-una-possible-fractura-de-turmell\\\/\"},\"author\":{\"name\":\"Redacci\u00f3n\",\"@id\":\"https:\\\/\\\/radiolitoral.com\\\/#\\\/schema\\\/person\\\/96b739642eb3bedb532aac3812d23307\"},\"headline\":\"Una dona es rescatada prop de la Cala del Moraig al patir una possible fractura de turmell\",\"datePublished\":\"2024-09-20T16:14:06+00:00\",\"mainEntityOfPage\":{\"@id\":\"https:\\\/\\\/radiolitoral.com\\\/2024\\\/09\\\/una-dona-es-rescatada-prop-de-la-cala-del-moraig-al-patir-una-possible-fractura-de-turmell\\\/\"},\"wordCount\":136,\"commentCount\":0,\"publisher\":{\"@id\":\"https:\\\/\\\/radiolitoral.com\\\/#organization\"},\"image\":{\"@id\":\"https:\\\/\\\/radiolitoral.com\\\/2024\\\/09\\\/una-dona-es-rescatada-prop-de-la-cala-del-moraig-al-patir-una-possible-fractura-de-turmell\\\/#primaryimage\"},\"thumbnailUrl\":\"https:\\\/\\\/media.radiolitoral.com\\\/wp-content\\\/uploads\\\/2024\\\/05\\\/06121258\\\/rescate-helicoptero-2-e1714990591362.jpeg\",\"keywords\":[\"Benitatxell\",\"cala del Moraig\",\"rescate\",\"sucesos\"],\"articleSection\":[\"Sucesos\"],\"inLanguage\":\"ca\",\"potentialAction\":[{\"@type\":\"CommentAction\",\"name\":\"Comment\",\"target\":[\"https:\\\/\\\/radiolitoral.com\\\/2024\\\/09\\\/una-dona-es-rescatada-prop-de-la-cala-del-moraig-al-patir-una-possible-fractura-de-turmell\\\/#respond\"]}]},{\"@type\":[\"WebPage\",\"ItemPage\"],\"@id\":\"https:\\\/\\\/radiolitoral.com\\\/2024\\\/09\\\/una-dona-es-rescatada-prop-de-la-cala-del-moraig-al-patir-una-possible-fractura-de-turmell\\\/\",\"url\":\"https:\\\/\\\/radiolitoral.com\\\/2024\\\/09\\\/una-dona-es-rescatada-prop-de-la-cala-del-moraig-al-patir-una-possible-fractura-de-turmell\\\/\",\"name\":\"Una dona es rescatada prop de la Cala del Moraig al patir una possible fractura de turmell | R\u00e0dio Litoral\",\"isPartOf\":{\"@id\":\"https:\\\/\\\/radiolitoral.com\\\/#website\"},\"primaryImageOfPage\":{\"@id\":\"https:\\\/\\\/radiolitoral.com\\\/2024\\\/09\\\/una-dona-es-rescatada-prop-de-la-cala-del-moraig-al-patir-una-possible-fractura-de-turmell\\\/#primaryimage\"},\"image\":{\"@id\":\"https:\\\/\\\/radiolitoral.com\\\/2024\\\/09\\\/una-dona-es-rescatada-prop-de-la-cala-del-moraig-al-patir-una-possible-fractura-de-turmell\\\/#primaryimage\"},\"thumbnailUrl\":\"https:\\\/\\\/media.radiolitoral.com\\\/wp-content\\\/uploads\\\/2024\\\/05\\\/06121258\\\/rescate-helicoptero-2-e1714990591362.jpeg\",\"datePublished\":\"2024-09-20T16:14:06+00:00\",\"description\":\"La ferida ha estat traslladada des de el parc de Bombers fins al Hospital de D\u00e9nia\",\"breadcrumb\":{\"@id\":\"https:\\\/\\\/radiolitoral.com\\\/2024\\\/09\\\/una-dona-es-rescatada-prop-de-la-cala-del-moraig-al-patir-una-possible-fractura-de-turmell\\\/#breadcrumb\"},\"inLanguage\":\"ca\",\"potentialAction\":[{\"@type\":\"ReadAction\",\"target\":[\"https:\\\/\\\/radiolitoral.com\\\/2024\\\/09\\\/una-dona-es-rescatada-prop-de-la-cala-del-moraig-al-patir-una-possible-fractura-de-turmell\\\/\"]}]},{\"@type\":\"ImageObject\",\"inLanguage\":\"ca\",\"@id\":\"https:\\\/\\\/radiolitoral.com\\\/2024\\\/09\\\/una-dona-es-rescatada-prop-de-la-cala-del-moraig-al-patir-una-possible-fractura-de-turmell\\\/#primaryimage\",\"url\":\"https:\\\/\\\/media.radiolitoral.com\\\/wp-content\\\/uploads\\\/2024\\\/05\\\/06121258\\\/rescate-helicoptero-2-e1714990591362.jpeg\",\"contentUrl\":\"https:\\\/\\\/media.radiolitoral.com\\\/wp-content\\\/uploads\\\/2024\\\/05\\\/06121258\\\/rescate-helicoptero-2-e1714990591362.jpeg\",\"width\":1309,\"height\":1034},{\"@type\":\"BreadcrumbList\",\"@id\":\"https:\\\/\\\/radiolitoral.com\\\/2024\\\/09\\\/una-dona-es-rescatada-prop-de-la-cala-del-moraig-al-patir-una-possible-fractura-de-turmell\\\/#breadcrumb\",\"itemListElement\":[{\"@type\":\"ListItem\",\"position\":1,\"name\":\"Portada\",\"item\":\"https:\\\/\\\/radiolitoral.com\\\/\"},{\"@type\":\"ListItem\",\"position\":2,\"name\":\"Una dona es rescatada prop de la Cala del Moraig al patir una possible fractura de turmell\"}]},{\"@type\":\"WebSite\",\"@id\":\"https:\\\/\\\/radiolitoral.com\\\/#website\",\"url\":\"https:\\\/\\\/radiolitoral.com\\\/\",\"name\":\"Radio Litoral\",\"description\":\"La radio local de la Marina Alta\",\"publisher\":{\"@id\":\"https:\\\/\\\/radiolitoral.com\\\/#organization\"},\"alternateName\":\"Litoral FM\",\"potentialAction\":[{\"@type\":\"SearchAction\",\"target\":{\"@type\":\"EntryPoint\",\"urlTemplate\":\"https:\\\/\\\/radiolitoral.com\\\/?s={search_term_string}\"},\"query-input\":{\"@type\":\"PropertyValueSpecification\",\"valueRequired\":true,\"valueName\":\"search_term_string\"}}],\"inLanguage\":\"ca\"},{\"@type\":\"Organization\",\"@id\":\"https:\\\/\\\/radiolitoral.com\\\/#organization\",\"name\":\"Radio Litoral\",\"url\":\"https:\\\/\\\/radiolitoral.com\\\/\",\"logo\":{\"@type\":\"ImageObject\",\"inLanguage\":\"ca\",\"@id\":\"https:\\\/\\\/radiolitoral.com\\\/#\\\/schema\\\/logo\\\/image\\\/\",\"url\":\"https:\\\/\\\/media.radiolitoral.com\\\/wp-content\\\/uploads\\\/2023\\\/02\\\/24143238\\\/CL-V-RadioLitoral696.png\",\"contentUrl\":\"https:\\\/\\\/media.radiolitoral.com\\\/wp-content\\\/uploads\\\/2023\\\/02\\\/24143238\\\/CL-V-RadioLitoral696.png\",\"width\":696,\"height\":696,\"caption\":\"Radio Litoral\"},\"image\":{\"@id\":\"https:\\\/\\\/radiolitoral.com\\\/#\\\/schema\\\/logo\\\/image\\\/\"},\"sameAs\":[\"https:\\\/\\\/www.facebook.com\\\/Laradiolitoral\\\/\"]},{\"@type\":\"Person\",\"@id\":\"https:\\\/\\\/radiolitoral.com\\\/#\\\/schema\\\/person\\\/96b739642eb3bedb532aac3812d23307\",\"name\":\"Redacci\u00f3n\",\"image\":{\"@type\":\"ImageObject\",\"inLanguage\":\"ca\",\"@id\":\"https:\\\/\\\/secure.gravatar.com\\\/avatar\\\/30cd06129ee90411dd9c7cbdcf17464181d1a3c7b072e92070ea75a25cf0097e?s=96&d=mm&r=g\",\"url\":\"https:\\\/\\\/secure.gravatar.com\\\/avatar\\\/30cd06129ee90411dd9c7cbdcf17464181d1a3c7b072e92070ea75a25cf0097e?s=96&d=mm&r=g\",\"contentUrl\":\"https:\\\/\\\/secure.gravatar.com\\\/avatar\\\/30cd06129ee90411dd9c7cbdcf17464181d1a3c7b072e92070ea75a25cf0097e?s=96&d=mm&r=g\",\"caption\":\"Redacci\u00f3n\"},\"url\":\"https:\\\/\\\/radiolitoral.com\\\/ca\\\/author\\\/kevin-carrio\\\/\"}]}<\/script>\n<!-- \/ Yoast SEO plugin. -->","yoast_head_json":{"title":"Una dona \u00e9s rescatada a prop de la Cala del Moraig al patir una possible fractura de tovall\u00f3 | R\u00e0dio Litoral","description":"La ferida ha estat traslladada des del parc de Bombers fins a l&#039;Hospital de D\u00e9nia","robots":{"index":"index","follow":"follow","max-snippet":"max-snippet:-1","max-image-preview":"max-image-preview:large","max-video-preview":"max-video-preview:-1"},"canonical":"https:\/\/radiolitoral.com\/ca\/2024\/09\/una-dona-es-rescatada-prop-de-la-cala-del-moraig-en-patir-una-possible-fractura-de-tovallo\/","og_locale":"ca_ES","og_type":"article","og_title":"Una dona es rescatada prop de la Cala del Moraig al patir una possible fractura de turmell | R\u00e0dio Litoral","og_description":"La ferida ha estat traslladada des de el parc de Bombers fins al Hospital de D\u00e9nia","og_url":"https:\/\/radiolitoral.com\/ca\/2024\/09\/una-dona-es-rescatada-prop-de-la-cala-del-moraig-en-patir-una-possible-fractura-de-tovallo\/","og_site_name":"R\u00e0dio Litoral","article_publisher":"https:\/\/www.facebook.com\/Laradiolitoral\/","article_published_time":"2024-09-20T16:14:06+00:00","og_image":[{"width":1309,"height":1034,"url":"https:\/\/media.radiolitoral.com\/wp-content\/uploads\/2024\/05\/06121258\/rescate-helicoptero-2-e1714990591362.jpeg","type":"image\/jpeg"}],"author":"Redacci\u00f3n","twitter_card":"summary_large_image","twitter_misc":{"Escrit per":"Redacci\u00f3n","Temps estimat de lectura":"1 minut"},"schema":{"@context":"https:\/\/schema.org","@graph":[{"@type":"NewsArticle","@id":"https:\/\/radiolitoral.com\/2024\/09\/una-dona-es-rescatada-prop-de-la-cala-del-moraig-al-patir-una-possible-fractura-de-turmell\/#article","isPartOf":{"@id":"https:\/\/radiolitoral.com\/2024\/09\/una-dona-es-rescatada-prop-de-la-cala-del-moraig-al-patir-una-possible-fractura-de-turmell\/"},"author":{"name":"Redacci\u00f3n","@id":"https:\/\/radiolitoral.com\/#\/schema\/person\/96b739642eb3bedb532aac3812d23307"},"headline":"Una dona es rescatada prop de la Cala del Moraig al patir una possible fractura de turmell","datePublished":"2024-09-20T16:14:06+00:00","mainEntityOfPage":{"@id":"https:\/\/radiolitoral.com\/2024\/09\/una-dona-es-rescatada-prop-de-la-cala-del-moraig-al-patir-una-possible-fractura-de-turmell\/"},"wordCount":136,"commentCount":0,"publisher":{"@id":"https:\/\/radiolitoral.com\/#organization"},"image":{"@id":"https:\/\/radiolitoral.com\/2024\/09\/una-dona-es-rescatada-prop-de-la-cala-del-moraig-al-patir-una-possible-fractura-de-turmell\/#primaryimage"},"thumbnailUrl":"https:\/\/media.radiolitoral.com\/wp-content\/uploads\/2024\/05\/06121258\/rescate-helicoptero-2-e1714990591362.jpeg","keywords":["Benitatxell","cala del Moraig","rescate","sucesos"],"articleSection":["Sucesos"],"inLanguage":"ca","potentialAction":[{"@type":"CommentAction","name":"Comment","target":["https:\/\/radiolitoral.com\/2024\/09\/una-dona-es-rescatada-prop-de-la-cala-del-moraig-al-patir-una-possible-fractura-de-turmell\/#respond"]}]},{"@type":["WebPage","ItemPage"],"@id":"https:\/\/radiolitoral.com\/2024\/09\/una-dona-es-rescatada-prop-de-la-cala-del-moraig-al-patir-una-possible-fractura-de-turmell\/","url":"https:\/\/radiolitoral.com\/2024\/09\/una-dona-es-rescatada-prop-de-la-cala-del-moraig-al-patir-una-possible-fractura-de-turmell\/","name":"Una dona \u00e9s rescatada a prop de la Cala del Moraig al patir una possible fractura de tovall\u00f3 | R\u00e0dio Litoral","isPartOf":{"@id":"https:\/\/radiolitoral.com\/#website"},"primaryImageOfPage":{"@id":"https:\/\/radiolitoral.com\/2024\/09\/una-dona-es-rescatada-prop-de-la-cala-del-moraig-al-patir-una-possible-fractura-de-turmell\/#primaryimage"},"image":{"@id":"https:\/\/radiolitoral.com\/2024\/09\/una-dona-es-rescatada-prop-de-la-cala-del-moraig-al-patir-una-possible-fractura-de-turmell\/#primaryimage"},"thumbnailUrl":"https:\/\/media.radiolitoral.com\/wp-content\/uploads\/2024\/05\/06121258\/rescate-helicoptero-2-e1714990591362.jpeg","datePublished":"2024-09-20T16:14:06+00:00","description":"La ferida ha estat traslladada des del parc de Bombers fins a l&#039;Hospital de D\u00e9nia","breadcrumb":{"@id":"https:\/\/radiolitoral.com\/2024\/09\/una-dona-es-rescatada-prop-de-la-cala-del-moraig-al-patir-una-possible-fractura-de-turmell\/#breadcrumb"},"inLanguage":"ca","potentialAction":[{"@type":"ReadAction","target":["https:\/\/radiolitoral.com\/2024\/09\/una-dona-es-rescatada-prop-de-la-cala-del-moraig-al-patir-una-possible-fractura-de-turmell\/"]}]},{"@type":"ImageObject","inLanguage":"ca","@id":"https:\/\/radiolitoral.com\/2024\/09\/una-dona-es-rescatada-prop-de-la-cala-del-moraig-al-patir-una-possible-fractura-de-turmell\/#primaryimage","url":"https:\/\/media.radiolitoral.com\/wp-content\/uploads\/2024\/05\/06121258\/rescate-helicoptero-2-e1714990591362.jpeg","contentUrl":"https:\/\/media.radiolitoral.com\/wp-content\/uploads\/2024\/05\/06121258\/rescate-helicoptero-2-e1714990591362.jpeg","width":1309,"height":1034},{"@type":"BreadcrumbList","@id":"https:\/\/radiolitoral.com\/2024\/09\/una-dona-es-rescatada-prop-de-la-cala-del-moraig-al-patir-una-possible-fractura-de-turmell\/#breadcrumb","itemListElement":[{"@type":"ListItem","position":1,"name":"Portada","item":"https:\/\/radiolitoral.com\/"},{"@type":"ListItem","position":2,"name":"Una dona es rescatada prop de la Cala del Moraig al patir una possible fractura de turmell"}]},{"@type":"WebSite","@id":"https:\/\/radiolitoral.com\/#website","url":"https:\/\/radiolitoral.com\/","name":"R\u00e0dio Litoral","description":"La r\u00e0dio local de la Marina Alta","publisher":{"@id":"https:\/\/radiolitoral.com\/#organization"},"alternateName":"Litoral FM","potentialAction":[{"@type":"SearchAction","target":{"@type":"EntryPoint","urlTemplate":"https:\/\/radiolitoral.com\/?s={search_term_string}"},"query-input":{"@type":"PropertyValueSpecification","valueRequired":true,"valueName":"search_term_string"}}],"inLanguage":"ca"},{"@type":"Organization","@id":"https:\/\/radiolitoral.com\/#organization","name":"R\u00e0dio Litoral","url":"https:\/\/radiolitoral.com\/","logo":{"@type":"ImageObject","inLanguage":"ca","@id":"https:\/\/radiolitoral.com\/#\/schema\/logo\/image\/","url":"https:\/\/media.radiolitoral.com\/wp-content\/uploads\/2023\/02\/24143238\/CL-V-RadioLitoral696.png","contentUrl":"https:\/\/media.radiolitoral.com\/wp-content\/uploads\/2023\/02\/24143238\/CL-V-RadioLitoral696.png","width":696,"height":696,"caption":"Radio Litoral"},"image":{"@id":"https:\/\/radiolitoral.com\/#\/schema\/logo\/image\/"},"sameAs":["https:\/\/www.facebook.com\/Laradiolitoral\/"]},{"@type":"Person","@id":"https:\/\/radiolitoral.com\/#\/schema\/person\/96b739642eb3bedb532aac3812d23307","name":"Redacci\u00f3","image":{"@type":"ImageObject","inLanguage":"ca","@id":"https:\/\/secure.gravatar.com\/avatar\/30cd06129ee90411dd9c7cbdcf17464181d1a3c7b072e92070ea75a25cf0097e?s=96&d=mm&r=g","url":"https:\/\/secure.gravatar.com\/avatar\/30cd06129ee90411dd9c7cbdcf17464181d1a3c7b072e92070ea75a25cf0097e?s=96&d=mm&r=g","contentUrl":"https:\/\/secure.gravatar.com\/avatar\/30cd06129ee90411dd9c7cbdcf17464181d1a3c7b072e92070ea75a25cf0097e?s=96&d=mm&r=g","caption":"Redacci\u00f3n"},"url":"https:\/\/radiolitoral.com\/ca\/author\/kevin-carrio\/"}]}},"_links":{"self":[{"href":"https:\/\/radiolitoral.com\/ca\/wp-json\/wp\/v2\/posts\/11598","targetHints":{"allow":["GET"]}}],"collection":[{"href":"https:\/\/radiolitoral.com\/ca\/wp-json\/wp\/v2\/posts"}],"about":[{"href":"https:\/\/radiolitoral.com\/ca\/wp-json\/wp\/v2\/types\/post"}],"author":[{"embeddable":true,"href":"https:\/\/radiolitoral.com\/ca\/wp-json\/wp\/v2\/users\/14"}],"replies":[{"embeddable":true,"href":"https:\/\/radiolitoral.com\/ca\/wp-json\/wp\/v2\/comments?post=11598"}],"version-history":[{"count":1,"href":"https:\/\/radiolitoral.com\/ca\/wp-json\/wp\/v2\/posts\/11598\/revisions"}],"predecessor-version":[{"id":11599,"href":"https:\/\/radiolitoral.com\/ca\/wp-json\/wp\/v2\/posts\/11598\/revisions\/11599"}],"wp:featuredmedia":[{"embeddable":true,"href":"https:\/\/radiolitoral.com\/ca\/wp-json\/wp\/v2\/media\/8692"}],"wp:attachment":[{"href":"https:\/\/radiolitoral.com\/ca\/wp-json\/wp\/v2\/media?parent=11598"}],"wp:term":[{"taxonomy":"category","embeddable":true,"href":"https:\/\/radiolitoral.com\/ca\/wp-json\/wp\/v2\/categories?post=11598"},{"taxonomy":"post_tag","embeddable":true,"href":"https:\/\/radiolitoral.com\/ca\/wp-json\/wp\/v2\/tags?post=11598"}],"curies":[{"name":"wp","href":"https:\/\/api.w.org\/{rel}","templated":true}]}}