{"id":11563,"date":"2024-09-19T11:24:24","date_gmt":"2024-09-19T09:24:24","guid":{"rendered":"https:\/\/radiolitoral.com\/?p=11563"},"modified":"2024-09-19T11:24:24","modified_gmt":"2024-09-19T09:24:24","slug":"teulada-moraira-acull-loktoberfest-2024-amb-un-cap-de-setmana-ple-de-diversio","status":"publish","type":"post","link":"https:\/\/radiolitoral.com\/ca\/2024\/09\/teulada-moraira-acull-loktoberfest-2024-amb-un-cap-de-setmana-ple-de-diversio\/","title":{"rendered":"Teulada Moraira acull l&#039;Oktoberfest 2024 amb un cap de setmana ple de diversi\u00f3"},"content":{"rendered":"<p>L&#039;Oktoberfest torna a <a href=\"https:\/\/www.teuladamoraira.com.es\/ayttm\/web_php\/index.php?lang=1\">Teulada Moraira<\/a> del 26 al 29 de setembre del 2024. Aquest any, l&#039;esdeveniment promet ser una festa plena d&#039;ambient, bona m\u00fasica i menjar t\u00edpic alemany. L&#039;escenari ser\u00e0 el p\u00e0rquing de les Sorts, on s&#039;instal\u00b7lar\u00e0 l&#039;envelat que acollir\u00e0 ve\u00efns i visitants durant quatre dies d&#039;activitats ininterrompudes.<\/p>\n<p>La celebraci\u00f3 comen\u00e7ar\u00e0 el dijous 26 de setembre amb l&#039;acte d&#039;inauguraci\u00f3, on participar\u00e0 l&#039;alcalde i altres autoritats locals. Despr\u00e9s de l&#039;obertura oficial, la m\u00fasica tradicional alemanya a c\u00e0rrec del Sr. Ewaldo posar\u00e0 la nota festiva de la jornada.<\/p>\n<p>El divendres i el dissabte, la carpa estar\u00e0 en funcionament durant tot el dia, oferint begudes, menjar i diversi\u00f3. Els assistents podran gaudir de la m\u00fasica alemanya al migdia i la nit, amb actuacions en directe com la dels Stereomonos el divendres a la nit i l&#039;Orquestra Capital 90 el dissabte. Pels m\u00e9s festers, la diversi\u00f3 s&#039;allargar\u00e0 fins a la madrugada amb discom\u00f2bils a c\u00e0rrec de DJ Kiko Bertomeu i DJ Relo.<\/p>\n<p>El diumenge ser\u00e0 el darrer dia de l&#039;Oktoberfest, per\u00f2 no per aix\u00f2 menys emocionant. Des de primera hora, s&#039;obrir\u00e0 la carpa per continuar amb la festa, que finalitzar\u00e0 amb m\u00e9s m\u00fasica alemanya de D. Ewaldo.<\/p>\n<p>La regidora de Festes, Rosana Caselles, ha destacat la import\u00e0ncia d&#039;aquest esdeveniment, que no nom\u00e9s apropa la cultura alemanya a Teulada Moraira, sin\u00f3 que tamb\u00e9 dinamitza l&#039;oferta d&#039;activitats del municipi. Cada any, aquesta festa atrau m\u00e9s persones, consolidant-se com una de les cites m\u00e9s esperades del calendari.<\/p>","protected":false},"excerpt":{"rendered":"<p>L&#8217;Oktoberfest torna a Teulada Moraira del 26 al 29 de setembre de 2024. Aquest any, l&#8217;esdeveniment promet ser una festa plena d&#8217;ambient, bona m\u00fasica i menjar t\u00edpic alemany. L&#8217;escenari ser\u00e0 el p\u00e0rquing de Les Sorts, on s&#8217;instal\u00b7lar\u00e0 la carpa que acollir\u00e0 ve\u00efns i visitants durant quatre dies d&#8217;activitats ininterrompudes. La celebraci\u00f3 comen\u00e7ar\u00e0 el dijous 26 [&#8230;]<\/p>\n<p><a class=\"btn btn-secondary understrap-read-more-link\" href=\"https:\/\/radiolitoral.com\/ca\/2024\/09\/teulada-moraira-acull-loktoberfest-2024-amb-un-cap-de-setmana-ple-de-diversio\/\">Continua llegint&#8230;<span class=\"screen-reader-text\"> from Teulada Moraira acull l&#8217;Oktoberfest 2024 amb un cap de setmana ple de diversi\u00f3<\/span><\/a><\/p>\n","protected":false},"author":13,"featured_media":11565,"comment_status":"open","ping_status":"closed","sticky":false,"template":"","format":"standard","meta":{"_acf_changed":false,"inline_featured_image":false,"footnotes":""},"categories":[276],"tags":[2264,2259,2262,2263,2258,590,983,834,2261,2260,195],"class_list":["post-11563","post","type-post","status-publish","format-standard","has-post-thumbnail","hentry","category-fiestas","tag-comissio-de-festes","tag-d-ewaldo","tag-dj-kiko-bertomeu","tag-dj-relo","tag-festa-alemanya","tag-gastronomia","tag-musica","tag-oktoberfest","tag-orquestra-capital-90","tag-stereomonos","tag-teulada-moraira","cobertura-teulada-moraira"],"acf":[],"yoast_head":"<!-- This site is optimized with the Yoast SEO plugin v27.5 - https:\/\/yoast.com\/product\/yoast-seo-wordpress\/ -->\n<title>Menjar, m\u00fasica i festa en l&#039;Oktoberfest 2024 de Teulada Moraira | R\u00e0dio Litoral<\/title>\n<meta name=\"description\" content=\"Arriba l&#039;Oktoberfest 2024 a Teulada Moraira del 26 al 29 de setembre. M\u00fasica, menjar i molta festa alemanya en un cap de setmana inoblidable.\" \/>\n<meta name=\"robots\" content=\"index, follow, max-snippet:-1, max-image-preview:large, max-video-preview:-1\" \/>\n<link rel=\"canonical\" href=\"https:\/\/radiolitoral.com\/ca\/2024\/09\/teulada-moraira-acull-loktoberfest-2024-amb-un-cap-de-setmana-ple-de-diversio\/\" \/>\n<meta property=\"og:locale\" content=\"ca_ES\" \/>\n<meta property=\"og:type\" content=\"article\" \/>\n<meta property=\"og:title\" content=\"Menjar, m\u00fasica i festa en l&#039;Oktoberfest 2024 de Teulada Moraira | R\u00e0dio Litoral\" \/>\n<meta property=\"og:description\" content=\"Arriba l&#039;Oktoberfest 2024 a Teulada Moraira del 26 al 29 de setembre. M\u00fasica, menjar i molta festa alemanya en un cap de setmana inoblidable.\" \/>\n<meta property=\"og:url\" content=\"https:\/\/radiolitoral.com\/ca\/2024\/09\/teulada-moraira-acull-loktoberfest-2024-amb-un-cap-de-setmana-ple-de-diversio\/\" \/>\n<meta property=\"og:site_name\" content=\"R\u00e0dio Litoral\" \/>\n<meta property=\"article:publisher\" content=\"https:\/\/www.facebook.com\/Laradiolitoral\/\" \/>\n<meta property=\"article:published_time\" content=\"2024-09-19T09:24:24+00:00\" \/>\n<meta property=\"og:image\" content=\"https:\/\/media.radiolitoral.com\/wp-content\/uploads\/2024\/09\/19112332\/oktoberfest-teulada-scaled.jpg\" \/>\n\t<meta property=\"og:image:width\" content=\"2560\" \/>\n\t<meta property=\"og:image:height\" content=\"1707\" \/>\n\t<meta property=\"og:image:type\" content=\"image\/jpeg\" \/>\n<meta name=\"author\" content=\"Redacci\u00f3n\" \/>\n<meta name=\"twitter:card\" content=\"summary_large_image\" \/>\n<meta name=\"twitter:label1\" content=\"Escrit per\" \/>\n\t<meta name=\"twitter:data1\" content=\"Redacci\u00f3n\" \/>\n\t<meta name=\"twitter:label2\" content=\"Temps estimat de lectura\" \/>\n\t<meta name=\"twitter:data2\" content=\"2 minuts\" \/>\n<script type=\"application\/ld+json\" class=\"yoast-schema-graph\">{\"@context\":\"https:\\\/\\\/schema.org\",\"@graph\":[{\"@type\":\"NewsArticle\",\"@id\":\"https:\\\/\\\/radiolitoral.com\\\/2024\\\/09\\\/teulada-moraira-acull-loktoberfest-2024-amb-un-cap-de-setmana-ple-de-diversio\\\/#article\",\"isPartOf\":{\"@id\":\"https:\\\/\\\/radiolitoral.com\\\/2024\\\/09\\\/teulada-moraira-acull-loktoberfest-2024-amb-un-cap-de-setmana-ple-de-diversio\\\/\"},\"author\":{\"name\":\"Redacci\u00f3n\",\"@id\":\"https:\\\/\\\/radiolitoral.com\\\/#\\\/schema\\\/person\\\/f2b2343c49b5d721857cc1002bfdb151\"},\"headline\":\"Teulada Moraira acull l&#8217;Oktoberfest 2024 amb un cap de setmana ple de diversi\u00f3\",\"datePublished\":\"2024-09-19T09:24:24+00:00\",\"mainEntityOfPage\":{\"@id\":\"https:\\\/\\\/radiolitoral.com\\\/2024\\\/09\\\/teulada-moraira-acull-loktoberfest-2024-amb-un-cap-de-setmana-ple-de-diversio\\\/\"},\"wordCount\":284,\"commentCount\":0,\"publisher\":{\"@id\":\"https:\\\/\\\/radiolitoral.com\\\/#organization\"},\"image\":{\"@id\":\"https:\\\/\\\/radiolitoral.com\\\/2024\\\/09\\\/teulada-moraira-acull-loktoberfest-2024-amb-un-cap-de-setmana-ple-de-diversio\\\/#primaryimage\"},\"thumbnailUrl\":\"https:\\\/\\\/media.radiolitoral.com\\\/wp-content\\\/uploads\\\/2024\\\/09\\\/19112332\\\/oktoberfest-teulada-scaled.jpg\",\"keywords\":[\"Comissi\u00f3 de Festes\",\"D. Ewaldo\",\"DJ Kiko Bertomeu\",\"DJ Relo\",\"festa alemanya\",\"gastronom\u00eda\",\"M\u00fasica\",\"Oktoberfest\",\"Orquestra Capital 90\",\"Stereomonos\",\"Teulada-Moraira\"],\"articleSection\":[\"Fiestas\"],\"inLanguage\":\"ca\",\"potentialAction\":[{\"@type\":\"CommentAction\",\"name\":\"Comment\",\"target\":[\"https:\\\/\\\/radiolitoral.com\\\/2024\\\/09\\\/teulada-moraira-acull-loktoberfest-2024-amb-un-cap-de-setmana-ple-de-diversio\\\/#respond\"]}]},{\"@type\":[\"WebPage\",\"ItemPage\"],\"@id\":\"https:\\\/\\\/radiolitoral.com\\\/2024\\\/09\\\/teulada-moraira-acull-loktoberfest-2024-amb-un-cap-de-setmana-ple-de-diversio\\\/\",\"url\":\"https:\\\/\\\/radiolitoral.com\\\/2024\\\/09\\\/teulada-moraira-acull-loktoberfest-2024-amb-un-cap-de-setmana-ple-de-diversio\\\/\",\"name\":\"Menjar, m\u00fasica i festa en l'Oktoberfest 2024 de Teulada Moraira | R\u00e0dio Litoral\",\"isPartOf\":{\"@id\":\"https:\\\/\\\/radiolitoral.com\\\/#website\"},\"primaryImageOfPage\":{\"@id\":\"https:\\\/\\\/radiolitoral.com\\\/2024\\\/09\\\/teulada-moraira-acull-loktoberfest-2024-amb-un-cap-de-setmana-ple-de-diversio\\\/#primaryimage\"},\"image\":{\"@id\":\"https:\\\/\\\/radiolitoral.com\\\/2024\\\/09\\\/teulada-moraira-acull-loktoberfest-2024-amb-un-cap-de-setmana-ple-de-diversio\\\/#primaryimage\"},\"thumbnailUrl\":\"https:\\\/\\\/media.radiolitoral.com\\\/wp-content\\\/uploads\\\/2024\\\/09\\\/19112332\\\/oktoberfest-teulada-scaled.jpg\",\"datePublished\":\"2024-09-19T09:24:24+00:00\",\"description\":\"Arriba l'Oktoberfest 2024 a Teulada Moraira del 26 al 29 de setembre. M\u00fasica, menjar i molta festa alemanya en un cap de setmana inoblidable.\",\"breadcrumb\":{\"@id\":\"https:\\\/\\\/radiolitoral.com\\\/2024\\\/09\\\/teulada-moraira-acull-loktoberfest-2024-amb-un-cap-de-setmana-ple-de-diversio\\\/#breadcrumb\"},\"inLanguage\":\"ca\",\"potentialAction\":[{\"@type\":\"ReadAction\",\"target\":[\"https:\\\/\\\/radiolitoral.com\\\/2024\\\/09\\\/teulada-moraira-acull-loktoberfest-2024-amb-un-cap-de-setmana-ple-de-diversio\\\/\"]}]},{\"@type\":\"ImageObject\",\"inLanguage\":\"ca\",\"@id\":\"https:\\\/\\\/radiolitoral.com\\\/2024\\\/09\\\/teulada-moraira-acull-loktoberfest-2024-amb-un-cap-de-setmana-ple-de-diversio\\\/#primaryimage\",\"url\":\"https:\\\/\\\/media.radiolitoral.com\\\/wp-content\\\/uploads\\\/2024\\\/09\\\/19112332\\\/oktoberfest-teulada-scaled.jpg\",\"contentUrl\":\"https:\\\/\\\/media.radiolitoral.com\\\/wp-content\\\/uploads\\\/2024\\\/09\\\/19112332\\\/oktoberfest-teulada-scaled.jpg\",\"width\":2560,\"height\":1707},{\"@type\":\"BreadcrumbList\",\"@id\":\"https:\\\/\\\/radiolitoral.com\\\/2024\\\/09\\\/teulada-moraira-acull-loktoberfest-2024-amb-un-cap-de-setmana-ple-de-diversio\\\/#breadcrumb\",\"itemListElement\":[{\"@type\":\"ListItem\",\"position\":1,\"name\":\"Portada\",\"item\":\"https:\\\/\\\/radiolitoral.com\\\/\"},{\"@type\":\"ListItem\",\"position\":2,\"name\":\"Teulada Moraira acull l&#8217;Oktoberfest 2024 amb un cap de setmana ple de diversi\u00f3\"}]},{\"@type\":\"WebSite\",\"@id\":\"https:\\\/\\\/radiolitoral.com\\\/#website\",\"url\":\"https:\\\/\\\/radiolitoral.com\\\/\",\"name\":\"Radio Litoral\",\"description\":\"La radio local de la Marina Alta\",\"publisher\":{\"@id\":\"https:\\\/\\\/radiolitoral.com\\\/#organization\"},\"alternateName\":\"Litoral FM\",\"potentialAction\":[{\"@type\":\"SearchAction\",\"target\":{\"@type\":\"EntryPoint\",\"urlTemplate\":\"https:\\\/\\\/radiolitoral.com\\\/?s={search_term_string}\"},\"query-input\":{\"@type\":\"PropertyValueSpecification\",\"valueRequired\":true,\"valueName\":\"search_term_string\"}}],\"inLanguage\":\"ca\"},{\"@type\":\"Organization\",\"@id\":\"https:\\\/\\\/radiolitoral.com\\\/#organization\",\"name\":\"Radio Litoral\",\"url\":\"https:\\\/\\\/radiolitoral.com\\\/\",\"logo\":{\"@type\":\"ImageObject\",\"inLanguage\":\"ca\",\"@id\":\"https:\\\/\\\/radiolitoral.com\\\/#\\\/schema\\\/logo\\\/image\\\/\",\"url\":\"https:\\\/\\\/media.radiolitoral.com\\\/wp-content\\\/uploads\\\/2023\\\/02\\\/24143238\\\/CL-V-RadioLitoral696.png\",\"contentUrl\":\"https:\\\/\\\/media.radiolitoral.com\\\/wp-content\\\/uploads\\\/2023\\\/02\\\/24143238\\\/CL-V-RadioLitoral696.png\",\"width\":696,\"height\":696,\"caption\":\"Radio Litoral\"},\"image\":{\"@id\":\"https:\\\/\\\/radiolitoral.com\\\/#\\\/schema\\\/logo\\\/image\\\/\"},\"sameAs\":[\"https:\\\/\\\/www.facebook.com\\\/Laradiolitoral\\\/\"]},{\"@type\":\"Person\",\"@id\":\"https:\\\/\\\/radiolitoral.com\\\/#\\\/schema\\\/person\\\/f2b2343c49b5d721857cc1002bfdb151\",\"name\":\"Redacci\u00f3n\",\"image\":{\"@type\":\"ImageObject\",\"inLanguage\":\"ca\",\"@id\":\"https:\\\/\\\/secure.gravatar.com\\\/avatar\\\/f771d896c203ad8b3382d7905cfcce5a5c9b008b84b3cd9114e9b9f4cb63f789?s=96&d=mm&r=g\",\"url\":\"https:\\\/\\\/secure.gravatar.com\\\/avatar\\\/f771d896c203ad8b3382d7905cfcce5a5c9b008b84b3cd9114e9b9f4cb63f789?s=96&d=mm&r=g\",\"contentUrl\":\"https:\\\/\\\/secure.gravatar.com\\\/avatar\\\/f771d896c203ad8b3382d7905cfcce5a5c9b008b84b3cd9114e9b9f4cb63f789?s=96&d=mm&r=g\",\"caption\":\"Redacci\u00f3n\"},\"url\":\"https:\\\/\\\/radiolitoral.com\\\/ca\\\/author\\\/miriam-pagan\\\/\"}]}<\/script>\n<!-- \/ Yoast SEO plugin. -->","yoast_head_json":{"title":"Menjar, m\u00fasica i festa a l&#039;Oktoberfest 2024 de Teulada Moraira | R\u00e0dio Litoral","description":"A dalt l&#039;Oktoberfest 2024 a Teulada Moraira del 26 al 29 de setembre. M\u00fasica, menjar i molta festa alemanya en un cap de setmana inoblidable.","robots":{"index":"index","follow":"follow","max-snippet":"max-snippet:-1","max-image-preview":"max-image-preview:large","max-video-preview":"max-video-preview:-1"},"canonical":"https:\/\/radiolitoral.com\/ca\/2024\/09\/teulada-moraira-acull-loktoberfest-2024-amb-un-cap-de-setmana-ple-de-diversio\/","og_locale":"ca_ES","og_type":"article","og_title":"Menjar, m\u00fasica i festa en l'Oktoberfest 2024 de Teulada Moraira | R\u00e0dio Litoral","og_description":"Arriba l'Oktoberfest 2024 a Teulada Moraira del 26 al 29 de setembre. M\u00fasica, menjar i molta festa alemanya en un cap de setmana inoblidable.","og_url":"https:\/\/radiolitoral.com\/ca\/2024\/09\/teulada-moraira-acull-loktoberfest-2024-amb-un-cap-de-setmana-ple-de-diversio\/","og_site_name":"R\u00e0dio Litoral","article_publisher":"https:\/\/www.facebook.com\/Laradiolitoral\/","article_published_time":"2024-09-19T09:24:24+00:00","og_image":[{"width":2560,"height":1707,"url":"https:\/\/media.radiolitoral.com\/wp-content\/uploads\/2024\/09\/19112332\/oktoberfest-teulada-scaled.jpg","type":"image\/jpeg"}],"author":"Redacci\u00f3n","twitter_card":"summary_large_image","twitter_misc":{"Escrit per":"Redacci\u00f3n","Temps estimat de lectura":"2 minuts"},"schema":{"@context":"https:\/\/schema.org","@graph":[{"@type":"NewsArticle","@id":"https:\/\/radiolitoral.com\/2024\/09\/teulada-moraira-acull-loktoberfest-2024-amb-un-cap-de-setmana-ple-de-diversio\/#article","isPartOf":{"@id":"https:\/\/radiolitoral.com\/2024\/09\/teulada-moraira-acull-loktoberfest-2024-amb-un-cap-de-setmana-ple-de-diversio\/"},"author":{"name":"Redacci\u00f3n","@id":"https:\/\/radiolitoral.com\/#\/schema\/person\/f2b2343c49b5d721857cc1002bfdb151"},"headline":"Teulada Moraira acull l&#8217;Oktoberfest 2024 amb un cap de setmana ple de diversi\u00f3","datePublished":"2024-09-19T09:24:24+00:00","mainEntityOfPage":{"@id":"https:\/\/radiolitoral.com\/2024\/09\/teulada-moraira-acull-loktoberfest-2024-amb-un-cap-de-setmana-ple-de-diversio\/"},"wordCount":284,"commentCount":0,"publisher":{"@id":"https:\/\/radiolitoral.com\/#organization"},"image":{"@id":"https:\/\/radiolitoral.com\/2024\/09\/teulada-moraira-acull-loktoberfest-2024-amb-un-cap-de-setmana-ple-de-diversio\/#primaryimage"},"thumbnailUrl":"https:\/\/media.radiolitoral.com\/wp-content\/uploads\/2024\/09\/19112332\/oktoberfest-teulada-scaled.jpg","keywords":["Comissi\u00f3 de Festes","D. Ewaldo","DJ Kiko Bertomeu","DJ Relo","festa alemanya","gastronom\u00eda","M\u00fasica","Oktoberfest","Orquestra Capital 90","Stereomonos","Teulada-Moraira"],"articleSection":["Fiestas"],"inLanguage":"ca","potentialAction":[{"@type":"CommentAction","name":"Comment","target":["https:\/\/radiolitoral.com\/2024\/09\/teulada-moraira-acull-loktoberfest-2024-amb-un-cap-de-setmana-ple-de-diversio\/#respond"]}]},{"@type":["WebPage","ItemPage"],"@id":"https:\/\/radiolitoral.com\/2024\/09\/teulada-moraira-acull-loktoberfest-2024-amb-un-cap-de-setmana-ple-de-diversio\/","url":"https:\/\/radiolitoral.com\/2024\/09\/teulada-moraira-acull-loktoberfest-2024-amb-un-cap-de-setmana-ple-de-diversio\/","name":"Menjar, m\u00fasica i festa a l&#039;Oktoberfest 2024 de Teulada Moraira | R\u00e0dio Litoral","isPartOf":{"@id":"https:\/\/radiolitoral.com\/#website"},"primaryImageOfPage":{"@id":"https:\/\/radiolitoral.com\/2024\/09\/teulada-moraira-acull-loktoberfest-2024-amb-un-cap-de-setmana-ple-de-diversio\/#primaryimage"},"image":{"@id":"https:\/\/radiolitoral.com\/2024\/09\/teulada-moraira-acull-loktoberfest-2024-amb-un-cap-de-setmana-ple-de-diversio\/#primaryimage"},"thumbnailUrl":"https:\/\/media.radiolitoral.com\/wp-content\/uploads\/2024\/09\/19112332\/oktoberfest-teulada-scaled.jpg","datePublished":"2024-09-19T09:24:24+00:00","description":"A dalt l&#039;Oktoberfest 2024 a Teulada Moraira del 26 al 29 de setembre. M\u00fasica, menjar i molta festa alemanya en un cap de setmana inoblidable.","breadcrumb":{"@id":"https:\/\/radiolitoral.com\/2024\/09\/teulada-moraira-acull-loktoberfest-2024-amb-un-cap-de-setmana-ple-de-diversio\/#breadcrumb"},"inLanguage":"ca","potentialAction":[{"@type":"ReadAction","target":["https:\/\/radiolitoral.com\/2024\/09\/teulada-moraira-acull-loktoberfest-2024-amb-un-cap-de-setmana-ple-de-diversio\/"]}]},{"@type":"ImageObject","inLanguage":"ca","@id":"https:\/\/radiolitoral.com\/2024\/09\/teulada-moraira-acull-loktoberfest-2024-amb-un-cap-de-setmana-ple-de-diversio\/#primaryimage","url":"https:\/\/media.radiolitoral.com\/wp-content\/uploads\/2024\/09\/19112332\/oktoberfest-teulada-scaled.jpg","contentUrl":"https:\/\/media.radiolitoral.com\/wp-content\/uploads\/2024\/09\/19112332\/oktoberfest-teulada-scaled.jpg","width":2560,"height":1707},{"@type":"BreadcrumbList","@id":"https:\/\/radiolitoral.com\/2024\/09\/teulada-moraira-acull-loktoberfest-2024-amb-un-cap-de-setmana-ple-de-diversio\/#breadcrumb","itemListElement":[{"@type":"ListItem","position":1,"name":"Portada","item":"https:\/\/radiolitoral.com\/"},{"@type":"ListItem","position":2,"name":"Teulada Moraira acull l&#8217;Oktoberfest 2024 amb un cap de setmana ple de diversi\u00f3"}]},{"@type":"WebSite","@id":"https:\/\/radiolitoral.com\/#website","url":"https:\/\/radiolitoral.com\/","name":"R\u00e0dio Litoral","description":"La r\u00e0dio local de la Marina Alta","publisher":{"@id":"https:\/\/radiolitoral.com\/#organization"},"alternateName":"Litoral FM","potentialAction":[{"@type":"SearchAction","target":{"@type":"EntryPoint","urlTemplate":"https:\/\/radiolitoral.com\/?s={search_term_string}"},"query-input":{"@type":"PropertyValueSpecification","valueRequired":true,"valueName":"search_term_string"}}],"inLanguage":"ca"},{"@type":"Organization","@id":"https:\/\/radiolitoral.com\/#organization","name":"R\u00e0dio Litoral","url":"https:\/\/radiolitoral.com\/","logo":{"@type":"ImageObject","inLanguage":"ca","@id":"https:\/\/radiolitoral.com\/#\/schema\/logo\/image\/","url":"https:\/\/media.radiolitoral.com\/wp-content\/uploads\/2023\/02\/24143238\/CL-V-RadioLitoral696.png","contentUrl":"https:\/\/media.radiolitoral.com\/wp-content\/uploads\/2023\/02\/24143238\/CL-V-RadioLitoral696.png","width":696,"height":696,"caption":"Radio Litoral"},"image":{"@id":"https:\/\/radiolitoral.com\/#\/schema\/logo\/image\/"},"sameAs":["https:\/\/www.facebook.com\/Laradiolitoral\/"]},{"@type":"Person","@id":"https:\/\/radiolitoral.com\/#\/schema\/person\/f2b2343c49b5d721857cc1002bfdb151","name":"Redacci\u00f3","image":{"@type":"ImageObject","inLanguage":"ca","@id":"https:\/\/secure.gravatar.com\/avatar\/f771d896c203ad8b3382d7905cfcce5a5c9b008b84b3cd9114e9b9f4cb63f789?s=96&d=mm&r=g","url":"https:\/\/secure.gravatar.com\/avatar\/f771d896c203ad8b3382d7905cfcce5a5c9b008b84b3cd9114e9b9f4cb63f789?s=96&d=mm&r=g","contentUrl":"https:\/\/secure.gravatar.com\/avatar\/f771d896c203ad8b3382d7905cfcce5a5c9b008b84b3cd9114e9b9f4cb63f789?s=96&d=mm&r=g","caption":"Redacci\u00f3n"},"url":"https:\/\/radiolitoral.com\/ca\/author\/miriam-pagan\/"}]}},"_links":{"self":[{"href":"https:\/\/radiolitoral.com\/ca\/wp-json\/wp\/v2\/posts\/11563","targetHints":{"allow":["GET"]}}],"collection":[{"href":"https:\/\/radiolitoral.com\/ca\/wp-json\/wp\/v2\/posts"}],"about":[{"href":"https:\/\/radiolitoral.com\/ca\/wp-json\/wp\/v2\/types\/post"}],"author":[{"embeddable":true,"href":"https:\/\/radiolitoral.com\/ca\/wp-json\/wp\/v2\/users\/13"}],"replies":[{"embeddable":true,"href":"https:\/\/radiolitoral.com\/ca\/wp-json\/wp\/v2\/comments?post=11563"}],"version-history":[{"count":2,"href":"https:\/\/radiolitoral.com\/ca\/wp-json\/wp\/v2\/posts\/11563\/revisions"}],"predecessor-version":[{"id":11566,"href":"https:\/\/radiolitoral.com\/ca\/wp-json\/wp\/v2\/posts\/11563\/revisions\/11566"}],"wp:featuredmedia":[{"embeddable":true,"href":"https:\/\/radiolitoral.com\/ca\/wp-json\/wp\/v2\/media\/11565"}],"wp:attachment":[{"href":"https:\/\/radiolitoral.com\/ca\/wp-json\/wp\/v2\/media?parent=11563"}],"wp:term":[{"taxonomy":"category","embeddable":true,"href":"https:\/\/radiolitoral.com\/ca\/wp-json\/wp\/v2\/categories?post=11563"},{"taxonomy":"post_tag","embeddable":true,"href":"https:\/\/radiolitoral.com\/ca\/wp-json\/wp\/v2\/tags?post=11563"}],"curies":[{"name":"wp","href":"https:\/\/api.w.org\/{rel}","templated":true}]}}