{"id":11493,"date":"2024-09-18T10:36:35","date_gmt":"2024-09-18T08:36:35","guid":{"rendered":"https:\/\/radiolitoral.com\/?p=11493"},"modified":"2024-09-18T10:36:35","modified_gmt":"2024-09-18T08:36:35","slug":"clar-triomf-del-cd-paidos-f-fernandez-lluna-a-ibi-2-10","status":"publish","type":"post","link":"https:\/\/radiolitoral.com\/ca\/2024\/09\/clar-triomf-del-cd-paidos-f-fernandez-luna-a-ibi-2-10\/","title":{"rendered":"Clar triomf del CD Paidos- F. Fern\u00e1ndez Luna a Ibi (2-10)"},"content":{"rendered":"<p>El comen\u00e7ament de lliga per al <strong>CD Paidos \u2013 F. Fern\u00e1ndez Luna<\/strong> a la lliga no va poder ser millor, en v\u00e8ncer a la pista de l&#039;<strong>Aspe FS<\/strong> per <strong>2 a 10<\/strong>.<\/p>\n<p>El partit va comen\u00e7ar mal pels dianencs que en tot just 3 minuts ja havia encaixat dos gols. Una mala arrencada que va provocar que els jugadors visitants a licitar les seves l\u00ednies. Passats els primers 10 minuts Pau Valero va recortar l&#039;avantatge local. Poc despr\u00e9s, va arribar el punt de l&#039;empat d&#039;Andreu.<\/p>\n<p>Els dianencs una vegada van aconseguir la igualada van seguir amb un ritme alt de joc que es va plasmar al marcador amb els punts aconseguits per, Miguel (4), Andreu (2), Jorro i Pau.<\/p>\n<p>Una vict\u00f2ria que va servir perqu\u00e8 la formaci\u00f3 estudiantil isquera plena de confian\u00e7a en el seu joc i que el situa a la part alta de la classificaci\u00f3 gr\u00e0cies a l&#039;efectivitat ofensiva.<\/p>\n<p>La plantilla deniera ja prepara la seva estrena com a local, en rebre l&#039;&#039;<strong>At Morvedre FS<\/strong> el dissabte al pavell\u00f3 municipal del poliesportiu de D\u00e9nia a les 16 hores.<\/p>","protected":false},"excerpt":{"rendered":"<p>El comen\u00e7ament de lliga per al CD Paidos \u2013 F. Fern\u00e1ndez Luna en la lliga no va poder ser millor, en v\u00e9ncer en la pista de l&#8217;Aspe FS per 2 a 10. El partit va comen\u00e7ar malament per als dianenses que en tot just 3 minuts ja havia encaixat dos gols. Una mala arrancada que [&#8230;]<\/p>\n<p><a class=\"btn btn-secondary understrap-read-more-link\" href=\"https:\/\/radiolitoral.com\/ca\/2024\/09\/clar-triomf-del-cd-paidos-f-fernandez-luna-a-ibi-2-10\/\">Continua llegint&#8230;<span class=\"screen-reader-text\"> from Clar triomf del CD Paidos- F. Fern\u00e1ndez Luna a Ibi (2-10)<\/span><\/a><\/p>\n","protected":false},"author":12,"featured_media":11494,"comment_status":"open","ping_status":"closed","sticky":false,"template":"","format":"standard","meta":{"_acf_changed":false,"inline_featured_image":false,"footnotes":""},"categories":[5],"tags":[2243,2244,2242,6],"class_list":["post-11493","post","type-post","status-publish","format-standard","has-post-thumbnail","hentry","category-deportes","tag-aspe-fs","tag-at-morvedre-fs","tag-cd-paidos-f-fernandez-luna","tag-deportes","cobertura-denia"],"acf":[],"yoast_head":"<!-- This site is optimized with the Yoast SEO plugin v27.5 - https:\/\/yoast.com\/product\/yoast-seo-wordpress\/ -->\n<title>Clar triomf del CD Paidos- F. Fern\u00e1ndez Luna a Ibi (2-10) | R\u00e0dio Litoral<\/title>\n<meta name=\"description\" content=\"L&#039;equip col\u00b7legial debute amb vict\u00f2ria en la lliga Preferent Juvenil de Futbol sala deixant una gran imatgeL&#039;equip col\u00b7legial debute amb vict\u00f2ria en la lliga Preferent Juvenil de Futbol sala deixant una gran imatge\" \/>\n<meta name=\"robots\" content=\"index, follow, max-snippet:-1, max-image-preview:large, max-video-preview:-1\" \/>\n<link rel=\"canonical\" href=\"https:\/\/radiolitoral.com\/ca\/2024\/09\/clar-triomf-del-cd-paidos-f-fernandez-lluna-a-ibi-2-10\/\" \/>\n<meta property=\"og:locale\" content=\"ca_ES\" \/>\n<meta property=\"og:type\" content=\"article\" \/>\n<meta property=\"og:title\" content=\"Clar triomf del CD Paidos- F. Fern\u00e1ndez Luna a Ibi (2-10) | R\u00e0dio Litoral\" \/>\n<meta property=\"og:description\" content=\"L&#039;equip col\u00b7legial debute amb vict\u00f2ria en la lliga Preferent Juvenil de Futbol sala deixant una gran imatgeL&#039;equip col\u00b7legial debute amb vict\u00f2ria en la lliga Preferent Juvenil de Futbol sala deixant una gran imatge\" \/>\n<meta property=\"og:url\" content=\"https:\/\/radiolitoral.com\/ca\/2024\/09\/clar-triomf-del-cd-paidos-f-fernandez-lluna-a-ibi-2-10\/\" \/>\n<meta property=\"og:site_name\" content=\"R\u00e0dio Litoral\" \/>\n<meta property=\"article:publisher\" content=\"https:\/\/www.facebook.com\/Laradiolitoral\/\" \/>\n<meta property=\"article:published_time\" content=\"2024-09-18T08:36:35+00:00\" \/>\n<meta property=\"og:image\" content=\"https:\/\/media.radiolitoral.com\/wp-content\/uploads\/2024\/09\/18103251\/Equipo-Juvenil-del-CD-Paidos-Fontaneria-Fernandez-Luna.jpg\" \/>\n\t<meta property=\"og:image:width\" content=\"1501\" \/>\n\t<meta property=\"og:image:height\" content=\"927\" \/>\n\t<meta property=\"og:image:type\" content=\"image\/jpeg\" \/>\n<meta name=\"author\" content=\"Javier Zamora\" \/>\n<meta name=\"twitter:card\" content=\"summary_large_image\" \/>\n<meta name=\"twitter:label1\" content=\"Escrit per\" \/>\n\t<meta name=\"twitter:data1\" content=\"Javier Zamora\" \/>\n\t<meta name=\"twitter:label2\" content=\"Temps estimat de lectura\" \/>\n\t<meta name=\"twitter:data2\" content=\"2 minuts\" \/>\n<script type=\"application\/ld+json\" class=\"yoast-schema-graph\">{\"@context\":\"https:\\\/\\\/schema.org\",\"@graph\":[{\"@type\":\"NewsArticle\",\"@id\":\"https:\\\/\\\/radiolitoral.com\\\/2024\\\/09\\\/clar-triomf-del-cd-paidos-f-fernandez-luna-a-ibi-2-10\\\/#article\",\"isPartOf\":{\"@id\":\"https:\\\/\\\/radiolitoral.com\\\/2024\\\/09\\\/clar-triomf-del-cd-paidos-f-fernandez-luna-a-ibi-2-10\\\/\"},\"author\":{\"name\":\"Javier Zamora\",\"@id\":\"https:\\\/\\\/radiolitoral.com\\\/#\\\/schema\\\/person\\\/7b1480b5caeb5acdd4ec6379caf62b22\"},\"headline\":\"Clar triomf del CD Paidos- F. Fern\u00e1ndez Luna a Ibi (2-10)\",\"datePublished\":\"2024-09-18T08:36:35+00:00\",\"mainEntityOfPage\":{\"@id\":\"https:\\\/\\\/radiolitoral.com\\\/2024\\\/09\\\/clar-triomf-del-cd-paidos-f-fernandez-luna-a-ibi-2-10\\\/\"},\"wordCount\":205,\"commentCount\":0,\"publisher\":{\"@id\":\"https:\\\/\\\/radiolitoral.com\\\/#organization\"},\"image\":{\"@id\":\"https:\\\/\\\/radiolitoral.com\\\/2024\\\/09\\\/clar-triomf-del-cd-paidos-f-fernandez-luna-a-ibi-2-10\\\/#primaryimage\"},\"thumbnailUrl\":\"https:\\\/\\\/media.radiolitoral.com\\\/wp-content\\\/uploads\\\/2024\\\/09\\\/18103251\\\/Equipo-Juvenil-del-CD-Paidos-Fontaneria-Fernandez-Luna.jpg\",\"keywords\":[\"Aspe FS\",\"At Morvedre FS\",\"CD Paidos \u2013 F. Fern\u00e1ndez Luna\",\"deportes\"],\"articleSection\":[\"Deportes\"],\"inLanguage\":\"ca\",\"potentialAction\":[{\"@type\":\"CommentAction\",\"name\":\"Comment\",\"target\":[\"https:\\\/\\\/radiolitoral.com\\\/2024\\\/09\\\/clar-triomf-del-cd-paidos-f-fernandez-luna-a-ibi-2-10\\\/#respond\"]}]},{\"@type\":[\"WebPage\",\"ItemPage\"],\"@id\":\"https:\\\/\\\/radiolitoral.com\\\/2024\\\/09\\\/clar-triomf-del-cd-paidos-f-fernandez-luna-a-ibi-2-10\\\/\",\"url\":\"https:\\\/\\\/radiolitoral.com\\\/2024\\\/09\\\/clar-triomf-del-cd-paidos-f-fernandez-luna-a-ibi-2-10\\\/\",\"name\":\"Clar triomf del CD Paidos- F. Fern\u00e1ndez Luna a Ibi (2-10) | R\u00e0dio Litoral\",\"isPartOf\":{\"@id\":\"https:\\\/\\\/radiolitoral.com\\\/#website\"},\"primaryImageOfPage\":{\"@id\":\"https:\\\/\\\/radiolitoral.com\\\/2024\\\/09\\\/clar-triomf-del-cd-paidos-f-fernandez-luna-a-ibi-2-10\\\/#primaryimage\"},\"image\":{\"@id\":\"https:\\\/\\\/radiolitoral.com\\\/2024\\\/09\\\/clar-triomf-del-cd-paidos-f-fernandez-luna-a-ibi-2-10\\\/#primaryimage\"},\"thumbnailUrl\":\"https:\\\/\\\/media.radiolitoral.com\\\/wp-content\\\/uploads\\\/2024\\\/09\\\/18103251\\\/Equipo-Juvenil-del-CD-Paidos-Fontaneria-Fernandez-Luna.jpg\",\"datePublished\":\"2024-09-18T08:36:35+00:00\",\"description\":\"L'equip col\u00b7legial debute amb vict\u00f2ria en la lliga Preferent Juvenil de Futbol sala deixant una gran imatgeL'equip col\u00b7legial debute amb vict\u00f2ria en la lliga Preferent Juvenil de Futbol sala deixant una gran imatge\",\"breadcrumb\":{\"@id\":\"https:\\\/\\\/radiolitoral.com\\\/2024\\\/09\\\/clar-triomf-del-cd-paidos-f-fernandez-luna-a-ibi-2-10\\\/#breadcrumb\"},\"inLanguage\":\"ca\",\"potentialAction\":[{\"@type\":\"ReadAction\",\"target\":[\"https:\\\/\\\/radiolitoral.com\\\/2024\\\/09\\\/clar-triomf-del-cd-paidos-f-fernandez-luna-a-ibi-2-10\\\/\"]}]},{\"@type\":\"ImageObject\",\"inLanguage\":\"ca\",\"@id\":\"https:\\\/\\\/radiolitoral.com\\\/2024\\\/09\\\/clar-triomf-del-cd-paidos-f-fernandez-luna-a-ibi-2-10\\\/#primaryimage\",\"url\":\"https:\\\/\\\/media.radiolitoral.com\\\/wp-content\\\/uploads\\\/2024\\\/09\\\/18103251\\\/Equipo-Juvenil-del-CD-Paidos-Fontaneria-Fernandez-Luna.jpg\",\"contentUrl\":\"https:\\\/\\\/media.radiolitoral.com\\\/wp-content\\\/uploads\\\/2024\\\/09\\\/18103251\\\/Equipo-Juvenil-del-CD-Paidos-Fontaneria-Fernandez-Luna.jpg\",\"width\":1501,\"height\":927},{\"@type\":\"BreadcrumbList\",\"@id\":\"https:\\\/\\\/radiolitoral.com\\\/2024\\\/09\\\/clar-triomf-del-cd-paidos-f-fernandez-luna-a-ibi-2-10\\\/#breadcrumb\",\"itemListElement\":[{\"@type\":\"ListItem\",\"position\":1,\"name\":\"Portada\",\"item\":\"https:\\\/\\\/radiolitoral.com\\\/\"},{\"@type\":\"ListItem\",\"position\":2,\"name\":\"Clar triomf del CD Paidos- F. Fern\u00e1ndez Luna a Ibi (2-10)\"}]},{\"@type\":\"WebSite\",\"@id\":\"https:\\\/\\\/radiolitoral.com\\\/#website\",\"url\":\"https:\\\/\\\/radiolitoral.com\\\/\",\"name\":\"Radio Litoral\",\"description\":\"La radio local de la Marina Alta\",\"publisher\":{\"@id\":\"https:\\\/\\\/radiolitoral.com\\\/#organization\"},\"alternateName\":\"Litoral FM\",\"potentialAction\":[{\"@type\":\"SearchAction\",\"target\":{\"@type\":\"EntryPoint\",\"urlTemplate\":\"https:\\\/\\\/radiolitoral.com\\\/?s={search_term_string}\"},\"query-input\":{\"@type\":\"PropertyValueSpecification\",\"valueRequired\":true,\"valueName\":\"search_term_string\"}}],\"inLanguage\":\"ca\"},{\"@type\":\"Organization\",\"@id\":\"https:\\\/\\\/radiolitoral.com\\\/#organization\",\"name\":\"Radio Litoral\",\"url\":\"https:\\\/\\\/radiolitoral.com\\\/\",\"logo\":{\"@type\":\"ImageObject\",\"inLanguage\":\"ca\",\"@id\":\"https:\\\/\\\/radiolitoral.com\\\/#\\\/schema\\\/logo\\\/image\\\/\",\"url\":\"https:\\\/\\\/media.radiolitoral.com\\\/wp-content\\\/uploads\\\/2023\\\/02\\\/24143238\\\/CL-V-RadioLitoral696.png\",\"contentUrl\":\"https:\\\/\\\/media.radiolitoral.com\\\/wp-content\\\/uploads\\\/2023\\\/02\\\/24143238\\\/CL-V-RadioLitoral696.png\",\"width\":696,\"height\":696,\"caption\":\"Radio Litoral\"},\"image\":{\"@id\":\"https:\\\/\\\/radiolitoral.com\\\/#\\\/schema\\\/logo\\\/image\\\/\"},\"sameAs\":[\"https:\\\/\\\/www.facebook.com\\\/Laradiolitoral\\\/\"]},{\"@type\":\"Person\",\"@id\":\"https:\\\/\\\/radiolitoral.com\\\/#\\\/schema\\\/person\\\/7b1480b5caeb5acdd4ec6379caf62b22\",\"name\":\"Javier Zamora\",\"image\":{\"@type\":\"ImageObject\",\"inLanguage\":\"ca\",\"@id\":\"https:\\\/\\\/secure.gravatar.com\\\/avatar\\\/467a11f6918c7d619c4043fc6fa2d3853053107973f05b6e9c04ea6c4e3a7b3f?s=96&d=mm&r=g\",\"url\":\"https:\\\/\\\/secure.gravatar.com\\\/avatar\\\/467a11f6918c7d619c4043fc6fa2d3853053107973f05b6e9c04ea6c4e3a7b3f?s=96&d=mm&r=g\",\"contentUrl\":\"https:\\\/\\\/secure.gravatar.com\\\/avatar\\\/467a11f6918c7d619c4043fc6fa2d3853053107973f05b6e9c04ea6c4e3a7b3f?s=96&d=mm&r=g\",\"caption\":\"Javier Zamora\"},\"url\":\"https:\\\/\\\/radiolitoral.com\\\/ca\\\/author\\\/javier-zamora\\\/\"}]}<\/script>\n<!-- \/ Yoast SEO plugin. -->","yoast_head_json":{"title":"Clar triomf del CD Paidos-F. Fern\u00e1ndez Luna a Ibi (2-10) | R\u00e0dio Litoral","description":"L&#039;equip col\u00b7legial debut amb vict\u00f2ria a la lliga Preferent Juvenil de Futbol sala deixant una gran imatge L&#039;equip col\u00b7legial debut amb vict\u00f2ria a la lliga Preferent Juvenil de Futbol sala deixant una gran imatge","robots":{"index":"index","follow":"follow","max-snippet":"max-snippet:-1","max-image-preview":"max-image-preview:large","max-video-preview":"max-video-preview:-1"},"canonical":"https:\/\/radiolitoral.com\/ca\/2024\/09\/clar-triomf-del-cd-paidos-f-fernandez-lluna-a-ibi-2-10\/","og_locale":"ca_ES","og_type":"article","og_title":"Clar triomf del CD Paidos- F. Fern\u00e1ndez Luna a Ibi (2-10) | R\u00e0dio Litoral","og_description":"L'equip col\u00b7legial debute amb vict\u00f2ria en la lliga Preferent Juvenil de Futbol sala deixant una gran imatgeL'equip col\u00b7legial debute amb vict\u00f2ria en la lliga Preferent Juvenil de Futbol sala deixant una gran imatge","og_url":"https:\/\/radiolitoral.com\/ca\/2024\/09\/clar-triomf-del-cd-paidos-f-fernandez-lluna-a-ibi-2-10\/","og_site_name":"R\u00e0dio Litoral","article_publisher":"https:\/\/www.facebook.com\/Laradiolitoral\/","article_published_time":"2024-09-18T08:36:35+00:00","og_image":[{"width":1501,"height":927,"url":"https:\/\/media.radiolitoral.com\/wp-content\/uploads\/2024\/09\/18103251\/Equipo-Juvenil-del-CD-Paidos-Fontaneria-Fernandez-Luna.jpg","type":"image\/jpeg"}],"author":"Javier Zamora","twitter_card":"summary_large_image","twitter_misc":{"Escrit per":"Javier Zamora","Temps estimat de lectura":"2 minuts"},"schema":{"@context":"https:\/\/schema.org","@graph":[{"@type":"NewsArticle","@id":"https:\/\/radiolitoral.com\/2024\/09\/clar-triomf-del-cd-paidos-f-fernandez-luna-a-ibi-2-10\/#article","isPartOf":{"@id":"https:\/\/radiolitoral.com\/2024\/09\/clar-triomf-del-cd-paidos-f-fernandez-luna-a-ibi-2-10\/"},"author":{"name":"Javier Zamora","@id":"https:\/\/radiolitoral.com\/#\/schema\/person\/7b1480b5caeb5acdd4ec6379caf62b22"},"headline":"Clar triomf del CD Paidos- F. Fern\u00e1ndez Luna a Ibi (2-10)","datePublished":"2024-09-18T08:36:35+00:00","mainEntityOfPage":{"@id":"https:\/\/radiolitoral.com\/2024\/09\/clar-triomf-del-cd-paidos-f-fernandez-luna-a-ibi-2-10\/"},"wordCount":205,"commentCount":0,"publisher":{"@id":"https:\/\/radiolitoral.com\/#organization"},"image":{"@id":"https:\/\/radiolitoral.com\/2024\/09\/clar-triomf-del-cd-paidos-f-fernandez-luna-a-ibi-2-10\/#primaryimage"},"thumbnailUrl":"https:\/\/media.radiolitoral.com\/wp-content\/uploads\/2024\/09\/18103251\/Equipo-Juvenil-del-CD-Paidos-Fontaneria-Fernandez-Luna.jpg","keywords":["Aspe FS","At Morvedre FS","CD Paidos \u2013 F. Fern\u00e1ndez Luna","deportes"],"articleSection":["Deportes"],"inLanguage":"ca","potentialAction":[{"@type":"CommentAction","name":"Comment","target":["https:\/\/radiolitoral.com\/2024\/09\/clar-triomf-del-cd-paidos-f-fernandez-luna-a-ibi-2-10\/#respond"]}]},{"@type":["WebPage","ItemPage"],"@id":"https:\/\/radiolitoral.com\/2024\/09\/clar-triomf-del-cd-paidos-f-fernandez-luna-a-ibi-2-10\/","url":"https:\/\/radiolitoral.com\/2024\/09\/clar-triomf-del-cd-paidos-f-fernandez-luna-a-ibi-2-10\/","name":"Clar triomf del CD Paidos-F. Fern\u00e1ndez Luna a Ibi (2-10) | R\u00e0dio Litoral","isPartOf":{"@id":"https:\/\/radiolitoral.com\/#website"},"primaryImageOfPage":{"@id":"https:\/\/radiolitoral.com\/2024\/09\/clar-triomf-del-cd-paidos-f-fernandez-luna-a-ibi-2-10\/#primaryimage"},"image":{"@id":"https:\/\/radiolitoral.com\/2024\/09\/clar-triomf-del-cd-paidos-f-fernandez-luna-a-ibi-2-10\/#primaryimage"},"thumbnailUrl":"https:\/\/media.radiolitoral.com\/wp-content\/uploads\/2024\/09\/18103251\/Equipo-Juvenil-del-CD-Paidos-Fontaneria-Fernandez-Luna.jpg","datePublished":"2024-09-18T08:36:35+00:00","description":"L&#039;equip col\u00b7legial debut amb vict\u00f2ria a la lliga Preferent Juvenil de Futbol sala deixant una gran imatge L&#039;equip col\u00b7legial debut amb vict\u00f2ria a la lliga Preferent Juvenil de Futbol sala deixant una gran imatge","breadcrumb":{"@id":"https:\/\/radiolitoral.com\/2024\/09\/clar-triomf-del-cd-paidos-f-fernandez-luna-a-ibi-2-10\/#breadcrumb"},"inLanguage":"ca","potentialAction":[{"@type":"ReadAction","target":["https:\/\/radiolitoral.com\/2024\/09\/clar-triomf-del-cd-paidos-f-fernandez-luna-a-ibi-2-10\/"]}]},{"@type":"ImageObject","inLanguage":"ca","@id":"https:\/\/radiolitoral.com\/2024\/09\/clar-triomf-del-cd-paidos-f-fernandez-luna-a-ibi-2-10\/#primaryimage","url":"https:\/\/media.radiolitoral.com\/wp-content\/uploads\/2024\/09\/18103251\/Equipo-Juvenil-del-CD-Paidos-Fontaneria-Fernandez-Luna.jpg","contentUrl":"https:\/\/media.radiolitoral.com\/wp-content\/uploads\/2024\/09\/18103251\/Equipo-Juvenil-del-CD-Paidos-Fontaneria-Fernandez-Luna.jpg","width":1501,"height":927},{"@type":"BreadcrumbList","@id":"https:\/\/radiolitoral.com\/2024\/09\/clar-triomf-del-cd-paidos-f-fernandez-luna-a-ibi-2-10\/#breadcrumb","itemListElement":[{"@type":"ListItem","position":1,"name":"Portada","item":"https:\/\/radiolitoral.com\/"},{"@type":"ListItem","position":2,"name":"Clar triomf del CD Paidos- F. Fern\u00e1ndez Luna a Ibi (2-10)"}]},{"@type":"WebSite","@id":"https:\/\/radiolitoral.com\/#website","url":"https:\/\/radiolitoral.com\/","name":"R\u00e0dio Litoral","description":"La r\u00e0dio local de la Marina Alta","publisher":{"@id":"https:\/\/radiolitoral.com\/#organization"},"alternateName":"Litoral FM","potentialAction":[{"@type":"SearchAction","target":{"@type":"EntryPoint","urlTemplate":"https:\/\/radiolitoral.com\/?s={search_term_string}"},"query-input":{"@type":"PropertyValueSpecification","valueRequired":true,"valueName":"search_term_string"}}],"inLanguage":"ca"},{"@type":"Organization","@id":"https:\/\/radiolitoral.com\/#organization","name":"R\u00e0dio Litoral","url":"https:\/\/radiolitoral.com\/","logo":{"@type":"ImageObject","inLanguage":"ca","@id":"https:\/\/radiolitoral.com\/#\/schema\/logo\/image\/","url":"https:\/\/media.radiolitoral.com\/wp-content\/uploads\/2023\/02\/24143238\/CL-V-RadioLitoral696.png","contentUrl":"https:\/\/media.radiolitoral.com\/wp-content\/uploads\/2023\/02\/24143238\/CL-V-RadioLitoral696.png","width":696,"height":696,"caption":"Radio Litoral"},"image":{"@id":"https:\/\/radiolitoral.com\/#\/schema\/logo\/image\/"},"sameAs":["https:\/\/www.facebook.com\/Laradiolitoral\/"]},{"@type":"Person","@id":"https:\/\/radiolitoral.com\/#\/schema\/person\/7b1480b5caeb5acdd4ec6379caf62b22","name":"Javier Zamora","image":{"@type":"ImageObject","inLanguage":"ca","@id":"https:\/\/secure.gravatar.com\/avatar\/467a11f6918c7d619c4043fc6fa2d3853053107973f05b6e9c04ea6c4e3a7b3f?s=96&d=mm&r=g","url":"https:\/\/secure.gravatar.com\/avatar\/467a11f6918c7d619c4043fc6fa2d3853053107973f05b6e9c04ea6c4e3a7b3f?s=96&d=mm&r=g","contentUrl":"https:\/\/secure.gravatar.com\/avatar\/467a11f6918c7d619c4043fc6fa2d3853053107973f05b6e9c04ea6c4e3a7b3f?s=96&d=mm&r=g","caption":"Javier Zamora"},"url":"https:\/\/radiolitoral.com\/ca\/author\/javier-zamora\/"}]}},"_links":{"self":[{"href":"https:\/\/radiolitoral.com\/ca\/wp-json\/wp\/v2\/posts\/11493","targetHints":{"allow":["GET"]}}],"collection":[{"href":"https:\/\/radiolitoral.com\/ca\/wp-json\/wp\/v2\/posts"}],"about":[{"href":"https:\/\/radiolitoral.com\/ca\/wp-json\/wp\/v2\/types\/post"}],"author":[{"embeddable":true,"href":"https:\/\/radiolitoral.com\/ca\/wp-json\/wp\/v2\/users\/12"}],"replies":[{"embeddable":true,"href":"https:\/\/radiolitoral.com\/ca\/wp-json\/wp\/v2\/comments?post=11493"}],"version-history":[{"count":2,"href":"https:\/\/radiolitoral.com\/ca\/wp-json\/wp\/v2\/posts\/11493\/revisions"}],"predecessor-version":[{"id":11496,"href":"https:\/\/radiolitoral.com\/ca\/wp-json\/wp\/v2\/posts\/11493\/revisions\/11496"}],"wp:featuredmedia":[{"embeddable":true,"href":"https:\/\/radiolitoral.com\/ca\/wp-json\/wp\/v2\/media\/11494"}],"wp:attachment":[{"href":"https:\/\/radiolitoral.com\/ca\/wp-json\/wp\/v2\/media?parent=11493"}],"wp:term":[{"taxonomy":"category","embeddable":true,"href":"https:\/\/radiolitoral.com\/ca\/wp-json\/wp\/v2\/categories?post=11493"},{"taxonomy":"post_tag","embeddable":true,"href":"https:\/\/radiolitoral.com\/ca\/wp-json\/wp\/v2\/tags?post=11493"}],"curies":[{"name":"wp","href":"https:\/\/api.w.org\/{rel}","templated":true}]}}