{"id":1148,"date":"2023-03-09T12:50:36","date_gmt":"2023-03-09T11:50:36","guid":{"rendered":"https:\/\/radiolitoral.com\/?p=1148"},"modified":"2023-03-09T19:41:55","modified_gmt":"2023-03-09T18:41:55","slug":"ximo-perles-repeteix-com-a-cap-de-compromis-per-calp","status":"publish","type":"post","link":"https:\/\/radiolitoral.com\/ca\/2023\/03\/ximo-perles-repite-como-cabeza-de-compromis-per-calp\/","title":{"rendered":"Ximo Perles repeteix com a cap de Comprom\u00eds per Calp"},"content":{"rendered":"<p>Dem\u00e0 divendres, <strong>10 de mar\u00e7 a les 19.30 hores al Sal\u00f3 Blau de la Casa de Cultura de Calp<\/strong>, tindr\u00e0 lloc l&#039;acte de <strong>presentaci\u00f3 de la candidatura de Comprom\u00eds per Calp.<\/strong> Sota l&#039;esl\u00f2gan \u201c<strong>El Calp que volem\u201d, Ximo Perles repeteix com a cap de llista<\/strong> dels valencianistes. Acte que comptar\u00e0 amb el suport i les intervencions d&#039;Aitana M\u00e1s, Gerard Fullana i MJ Calabuig.<\/p>\n<p>Perles estar\u00e0 acompanyat en aquest proc\u00e9s de cara al 28 de maig per un equip renovat del qual es coneixen alguns noms propis, com ara el de <strong>la n\u00famero dos, Mireia Ripoll<\/strong>, que actualment \u00e9s regidora per Comprom\u00eds a l&#039;ajuntament calp\u00ed des que va deixar la seva acta Carlos Ort\u00edn, i al n\u00famero 3, el jove estudiant Carlos Ib\u00e1\u00f1ez Vives.<\/p>\n<p>El cap de llista ha mostrat la seva satisfacci\u00f3 per la confian\u00e7a que s&#039;hi ha dipositat novament i ha convidat la ciutadania a acudir a l&#039;acte previst per dem\u00e0 divendres.<\/p>\n<p><strong>Escolta \u00e0udio:<\/strong><\/p>\n<audio class=\"wp-audio-shortcode\" id=\"audio-1148-1\" preload=\"none\" style=\"width: 100%;\" controls=\"controls\"><source type=\"audio\/mpeg\" src=\"https:\/\/media.radiolitoral.com\/wp-content\/uploads\/2023\/03\/09125014\/Ximo-Perles.mp3?_=1\" \/><a href=\"https:\/\/media.radiolitoral.com\/wp-content\/uploads\/2023\/03\/09125014\/Ximo-Perles.mp3\">https:\/\/media.radiolitoral.com\/wp-content\/uploads\/2023\/03\/09125014\/Ximo-Perles.mp3<\/a><\/audio>","protected":false},"excerpt":{"rendered":"<p>Ma\u00f1ana viernes, 10 de marzo a las 19.30 horas en el Sal\u00f3n Blau de la Casa de Cultura de Calp, tendr\u00e1 lugar el acto de presentaci\u00f3n de la candidatura de Comprom\u00eds per Calp. Bajo el eslogan \u201cEl Calp que volem\u201d, Ximo Perles repite como cabeza de lista de los valencianistas. Acto que contar\u00e1 con el [&#8230;]<\/p>\n<p><a class=\"btn btn-secondary understrap-read-more-link\" href=\"https:\/\/radiolitoral.com\/ca\/2023\/03\/ximo-perles-repite-como-cabeza-de-compromis-per-calp\/\">Continua llegint&#8230;<span class=\"screen-reader-text\"> from Ximo Perles repite como cabeza de Comprom\u00eds per Calp<\/span><\/a><\/p>\n","protected":false},"author":13,"featured_media":1149,"comment_status":"open","ping_status":"closed","sticky":false,"template":"","format":"standard","meta":{"_acf_changed":false,"inline_featured_image":false,"footnotes":""},"categories":[13],"tags":[122,120,161],"class_list":["post-1148","post","type-post","status-publish","format-standard","has-post-thumbnail","hentry","category-politica","tag-calp","tag-candidato-alcaldia-calp","tag-elecciones-2023","cobertura-calp"],"acf":[],"yoast_head":"<!-- This site is optimized with the Yoast SEO plugin v27.5 - https:\/\/yoast.com\/product\/yoast-seo-wordpress\/ -->\n<title>Ximo Perles repite como cabeza de Comprom\u00eds per Calp | R\u00e0dio Litoral<\/title>\n<meta name=\"description\" content=\"Bajo el eslogan \u201cEl Calp que volem\u201d, ma\u00f1ana ser\u00e1 la presentaci\u00f3n de la candidatura\" \/>\n<meta name=\"robots\" content=\"index, follow, max-snippet:-1, max-image-preview:large, max-video-preview:-1\" \/>\n<link rel=\"canonical\" href=\"https:\/\/radiolitoral.com\/ca\/2023\/03\/ximo-perles-repeteix-com-a-cap-de-compromis-per-calp\/\" \/>\n<meta property=\"og:locale\" content=\"ca_ES\" \/>\n<meta property=\"og:type\" content=\"article\" \/>\n<meta property=\"og:title\" content=\"Ximo Perles repite como cabeza de Comprom\u00eds per Calp | R\u00e0dio Litoral\" \/>\n<meta property=\"og:description\" content=\"Bajo el eslogan \u201cEl Calp que volem\u201d, ma\u00f1ana ser\u00e1 la presentaci\u00f3n de la candidatura\" \/>\n<meta property=\"og:url\" content=\"https:\/\/radiolitoral.com\/ca\/2023\/03\/ximo-perles-repeteix-com-a-cap-de-compromis-per-calp\/\" \/>\n<meta property=\"og:site_name\" content=\"R\u00e0dio Litoral\" \/>\n<meta property=\"article:publisher\" content=\"https:\/\/www.facebook.com\/Laradiolitoral\/\" \/>\n<meta property=\"article:published_time\" content=\"2023-03-09T11:50:36+00:00\" \/>\n<meta property=\"article:modified_time\" content=\"2023-03-09T18:41:55+00:00\" \/>\n<meta property=\"og:image\" content=\"https:\/\/media.radiolitoral.com\/wp-content\/uploads\/2023\/03\/09124936\/ximoperles.jpg\" \/>\n\t<meta property=\"og:image:width\" content=\"768\" \/>\n\t<meta property=\"og:image:height\" content=\"432\" \/>\n\t<meta property=\"og:image:type\" content=\"image\/jpeg\" \/>\n<meta name=\"author\" content=\"Redacci\u00f3n\" \/>\n<meta name=\"twitter:card\" content=\"summary_large_image\" \/>\n<meta name=\"twitter:label1\" content=\"Escrit per\" \/>\n\t<meta name=\"twitter:data1\" content=\"Redacci\u00f3n\" \/>\n\t<meta name=\"twitter:label2\" content=\"Temps estimat de lectura\" \/>\n\t<meta name=\"twitter:data2\" content=\"1 minut\" \/>\n<script type=\"application\/ld+json\" class=\"yoast-schema-graph\">{\"@context\":\"https:\\\/\\\/schema.org\",\"@graph\":[{\"@type\":\"NewsArticle\",\"@id\":\"https:\\\/\\\/radiolitoral.com\\\/2023\\\/03\\\/ximo-perles-repite-como-cabeza-de-compromis-per-calp\\\/#article\",\"isPartOf\":{\"@id\":\"https:\\\/\\\/radiolitoral.com\\\/2023\\\/03\\\/ximo-perles-repite-como-cabeza-de-compromis-per-calp\\\/\"},\"author\":{\"name\":\"Redacci\u00f3n\",\"@id\":\"https:\\\/\\\/radiolitoral.com\\\/#\\\/schema\\\/person\\\/f2b2343c49b5d721857cc1002bfdb151\"},\"headline\":\"Ximo Perles repite como cabeza de Comprom\u00eds per Calp\",\"datePublished\":\"2023-03-09T11:50:36+00:00\",\"dateModified\":\"2023-03-09T18:41:55+00:00\",\"mainEntityOfPage\":{\"@id\":\"https:\\\/\\\/radiolitoral.com\\\/2023\\\/03\\\/ximo-perles-repite-como-cabeza-de-compromis-per-calp\\\/\"},\"wordCount\":192,\"commentCount\":0,\"publisher\":{\"@id\":\"https:\\\/\\\/radiolitoral.com\\\/#organization\"},\"image\":{\"@id\":\"https:\\\/\\\/radiolitoral.com\\\/2023\\\/03\\\/ximo-perles-repite-como-cabeza-de-compromis-per-calp\\\/#primaryimage\"},\"thumbnailUrl\":\"https:\\\/\\\/media.radiolitoral.com\\\/wp-content\\\/uploads\\\/2023\\\/03\\\/09124936\\\/ximoperles.jpg\",\"keywords\":[\"Calp\",\"Candidato alcald\u00eda Calp\",\"elecciones 2023\"],\"articleSection\":[\"Pol\u00edtica\"],\"inLanguage\":\"ca\",\"potentialAction\":[{\"@type\":\"CommentAction\",\"name\":\"Comment\",\"target\":[\"https:\\\/\\\/radiolitoral.com\\\/2023\\\/03\\\/ximo-perles-repite-como-cabeza-de-compromis-per-calp\\\/#respond\"]}]},{\"@type\":[\"WebPage\",\"ItemPage\"],\"@id\":\"https:\\\/\\\/radiolitoral.com\\\/2023\\\/03\\\/ximo-perles-repite-como-cabeza-de-compromis-per-calp\\\/\",\"url\":\"https:\\\/\\\/radiolitoral.com\\\/2023\\\/03\\\/ximo-perles-repite-como-cabeza-de-compromis-per-calp\\\/\",\"name\":\"Ximo Perles repite como cabeza de Comprom\u00eds per Calp | R\u00e0dio Litoral\",\"isPartOf\":{\"@id\":\"https:\\\/\\\/radiolitoral.com\\\/#website\"},\"primaryImageOfPage\":{\"@id\":\"https:\\\/\\\/radiolitoral.com\\\/2023\\\/03\\\/ximo-perles-repite-como-cabeza-de-compromis-per-calp\\\/#primaryimage\"},\"image\":{\"@id\":\"https:\\\/\\\/radiolitoral.com\\\/2023\\\/03\\\/ximo-perles-repite-como-cabeza-de-compromis-per-calp\\\/#primaryimage\"},\"thumbnailUrl\":\"https:\\\/\\\/media.radiolitoral.com\\\/wp-content\\\/uploads\\\/2023\\\/03\\\/09124936\\\/ximoperles.jpg\",\"datePublished\":\"2023-03-09T11:50:36+00:00\",\"dateModified\":\"2023-03-09T18:41:55+00:00\",\"description\":\"Bajo el eslogan \u201cEl Calp que volem\u201d, ma\u00f1ana ser\u00e1 la presentaci\u00f3n de la candidatura\",\"breadcrumb\":{\"@id\":\"https:\\\/\\\/radiolitoral.com\\\/2023\\\/03\\\/ximo-perles-repite-como-cabeza-de-compromis-per-calp\\\/#breadcrumb\"},\"inLanguage\":\"ca\",\"potentialAction\":[{\"@type\":\"ReadAction\",\"target\":[\"https:\\\/\\\/radiolitoral.com\\\/2023\\\/03\\\/ximo-perles-repite-como-cabeza-de-compromis-per-calp\\\/\"]}]},{\"@type\":\"ImageObject\",\"inLanguage\":\"ca\",\"@id\":\"https:\\\/\\\/radiolitoral.com\\\/2023\\\/03\\\/ximo-perles-repite-como-cabeza-de-compromis-per-calp\\\/#primaryimage\",\"url\":\"https:\\\/\\\/media.radiolitoral.com\\\/wp-content\\\/uploads\\\/2023\\\/03\\\/09124936\\\/ximoperles.jpg\",\"contentUrl\":\"https:\\\/\\\/media.radiolitoral.com\\\/wp-content\\\/uploads\\\/2023\\\/03\\\/09124936\\\/ximoperles.jpg\",\"width\":768,\"height\":432},{\"@type\":\"BreadcrumbList\",\"@id\":\"https:\\\/\\\/radiolitoral.com\\\/2023\\\/03\\\/ximo-perles-repite-como-cabeza-de-compromis-per-calp\\\/#breadcrumb\",\"itemListElement\":[{\"@type\":\"ListItem\",\"position\":1,\"name\":\"Portada\",\"item\":\"https:\\\/\\\/radiolitoral.com\\\/\"},{\"@type\":\"ListItem\",\"position\":2,\"name\":\"Ximo Perles repite como cabeza de Comprom\u00eds per Calp\"}]},{\"@type\":\"WebSite\",\"@id\":\"https:\\\/\\\/radiolitoral.com\\\/#website\",\"url\":\"https:\\\/\\\/radiolitoral.com\\\/\",\"name\":\"Radio Litoral\",\"description\":\"La radio local de la Marina Alta\",\"publisher\":{\"@id\":\"https:\\\/\\\/radiolitoral.com\\\/#organization\"},\"alternateName\":\"Litoral FM\",\"potentialAction\":[{\"@type\":\"SearchAction\",\"target\":{\"@type\":\"EntryPoint\",\"urlTemplate\":\"https:\\\/\\\/radiolitoral.com\\\/?s={search_term_string}\"},\"query-input\":{\"@type\":\"PropertyValueSpecification\",\"valueRequired\":true,\"valueName\":\"search_term_string\"}}],\"inLanguage\":\"ca\"},{\"@type\":\"Organization\",\"@id\":\"https:\\\/\\\/radiolitoral.com\\\/#organization\",\"name\":\"Radio Litoral\",\"url\":\"https:\\\/\\\/radiolitoral.com\\\/\",\"logo\":{\"@type\":\"ImageObject\",\"inLanguage\":\"ca\",\"@id\":\"https:\\\/\\\/radiolitoral.com\\\/#\\\/schema\\\/logo\\\/image\\\/\",\"url\":\"https:\\\/\\\/media.radiolitoral.com\\\/wp-content\\\/uploads\\\/2023\\\/02\\\/24143238\\\/CL-V-RadioLitoral696.png\",\"contentUrl\":\"https:\\\/\\\/media.radiolitoral.com\\\/wp-content\\\/uploads\\\/2023\\\/02\\\/24143238\\\/CL-V-RadioLitoral696.png\",\"width\":696,\"height\":696,\"caption\":\"Radio Litoral\"},\"image\":{\"@id\":\"https:\\\/\\\/radiolitoral.com\\\/#\\\/schema\\\/logo\\\/image\\\/\"},\"sameAs\":[\"https:\\\/\\\/www.facebook.com\\\/Laradiolitoral\\\/\"]},{\"@type\":\"Person\",\"@id\":\"https:\\\/\\\/radiolitoral.com\\\/#\\\/schema\\\/person\\\/f2b2343c49b5d721857cc1002bfdb151\",\"name\":\"Redacci\u00f3n\",\"image\":{\"@type\":\"ImageObject\",\"inLanguage\":\"ca\",\"@id\":\"https:\\\/\\\/secure.gravatar.com\\\/avatar\\\/f771d896c203ad8b3382d7905cfcce5a5c9b008b84b3cd9114e9b9f4cb63f789?s=96&d=mm&r=g\",\"url\":\"https:\\\/\\\/secure.gravatar.com\\\/avatar\\\/f771d896c203ad8b3382d7905cfcce5a5c9b008b84b3cd9114e9b9f4cb63f789?s=96&d=mm&r=g\",\"contentUrl\":\"https:\\\/\\\/secure.gravatar.com\\\/avatar\\\/f771d896c203ad8b3382d7905cfcce5a5c9b008b84b3cd9114e9b9f4cb63f789?s=96&d=mm&r=g\",\"caption\":\"Redacci\u00f3n\"},\"url\":\"https:\\\/\\\/radiolitoral.com\\\/ca\\\/author\\\/miriam-pagan\\\/\"}]}<\/script>\n<!-- \/ Yoast SEO plugin. -->","yoast_head_json":{"title":"Ximo Perles repeteix com a cap de Comprom\u00eds per Calp | R\u00e0dio Litoral","description":"Sota l&#039;esl\u00f2gan \u201cEl Calp que volem\u201d, dem\u00e0 ser\u00e0 la presentaci\u00f3 de la candidatura","robots":{"index":"index","follow":"follow","max-snippet":"max-snippet:-1","max-image-preview":"max-image-preview:large","max-video-preview":"max-video-preview:-1"},"canonical":"https:\/\/radiolitoral.com\/ca\/2023\/03\/ximo-perles-repeteix-com-a-cap-de-compromis-per-calp\/","og_locale":"ca_ES","og_type":"article","og_title":"Ximo Perles repite como cabeza de Comprom\u00eds per Calp | R\u00e0dio Litoral","og_description":"Bajo el eslogan \u201cEl Calp que volem\u201d, ma\u00f1ana ser\u00e1 la presentaci\u00f3n de la candidatura","og_url":"https:\/\/radiolitoral.com\/ca\/2023\/03\/ximo-perles-repeteix-com-a-cap-de-compromis-per-calp\/","og_site_name":"R\u00e0dio Litoral","article_publisher":"https:\/\/www.facebook.com\/Laradiolitoral\/","article_published_time":"2023-03-09T11:50:36+00:00","article_modified_time":"2023-03-09T18:41:55+00:00","og_image":[{"width":768,"height":432,"url":"https:\/\/media.radiolitoral.com\/wp-content\/uploads\/2023\/03\/09124936\/ximoperles.jpg","type":"image\/jpeg"}],"author":"Redacci\u00f3n","twitter_card":"summary_large_image","twitter_misc":{"Escrit per":"Redacci\u00f3n","Temps estimat de lectura":"1 minut"},"schema":{"@context":"https:\/\/schema.org","@graph":[{"@type":"NewsArticle","@id":"https:\/\/radiolitoral.com\/2023\/03\/ximo-perles-repite-como-cabeza-de-compromis-per-calp\/#article","isPartOf":{"@id":"https:\/\/radiolitoral.com\/2023\/03\/ximo-perles-repite-como-cabeza-de-compromis-per-calp\/"},"author":{"name":"Redacci\u00f3n","@id":"https:\/\/radiolitoral.com\/#\/schema\/person\/f2b2343c49b5d721857cc1002bfdb151"},"headline":"Ximo Perles repite como cabeza de Comprom\u00eds per Calp","datePublished":"2023-03-09T11:50:36+00:00","dateModified":"2023-03-09T18:41:55+00:00","mainEntityOfPage":{"@id":"https:\/\/radiolitoral.com\/2023\/03\/ximo-perles-repite-como-cabeza-de-compromis-per-calp\/"},"wordCount":192,"commentCount":0,"publisher":{"@id":"https:\/\/radiolitoral.com\/#organization"},"image":{"@id":"https:\/\/radiolitoral.com\/2023\/03\/ximo-perles-repite-como-cabeza-de-compromis-per-calp\/#primaryimage"},"thumbnailUrl":"https:\/\/media.radiolitoral.com\/wp-content\/uploads\/2023\/03\/09124936\/ximoperles.jpg","keywords":["Calp","Candidato alcald\u00eda Calp","elecciones 2023"],"articleSection":["Pol\u00edtica"],"inLanguage":"ca","potentialAction":[{"@type":"CommentAction","name":"Comment","target":["https:\/\/radiolitoral.com\/2023\/03\/ximo-perles-repite-como-cabeza-de-compromis-per-calp\/#respond"]}]},{"@type":["WebPage","ItemPage"],"@id":"https:\/\/radiolitoral.com\/2023\/03\/ximo-perles-repite-como-cabeza-de-compromis-per-calp\/","url":"https:\/\/radiolitoral.com\/2023\/03\/ximo-perles-repite-como-cabeza-de-compromis-per-calp\/","name":"Ximo Perles repeteix com a cap de Comprom\u00eds per Calp | R\u00e0dio Litoral","isPartOf":{"@id":"https:\/\/radiolitoral.com\/#website"},"primaryImageOfPage":{"@id":"https:\/\/radiolitoral.com\/2023\/03\/ximo-perles-repite-como-cabeza-de-compromis-per-calp\/#primaryimage"},"image":{"@id":"https:\/\/radiolitoral.com\/2023\/03\/ximo-perles-repite-como-cabeza-de-compromis-per-calp\/#primaryimage"},"thumbnailUrl":"https:\/\/media.radiolitoral.com\/wp-content\/uploads\/2023\/03\/09124936\/ximoperles.jpg","datePublished":"2023-03-09T11:50:36+00:00","dateModified":"2023-03-09T18:41:55+00:00","description":"Sota l&#039;esl\u00f2gan \u201cEl Calp que volem\u201d, dem\u00e0 ser\u00e0 la presentaci\u00f3 de la candidatura","breadcrumb":{"@id":"https:\/\/radiolitoral.com\/2023\/03\/ximo-perles-repite-como-cabeza-de-compromis-per-calp\/#breadcrumb"},"inLanguage":"ca","potentialAction":[{"@type":"ReadAction","target":["https:\/\/radiolitoral.com\/2023\/03\/ximo-perles-repite-como-cabeza-de-compromis-per-calp\/"]}]},{"@type":"ImageObject","inLanguage":"ca","@id":"https:\/\/radiolitoral.com\/2023\/03\/ximo-perles-repite-como-cabeza-de-compromis-per-calp\/#primaryimage","url":"https:\/\/media.radiolitoral.com\/wp-content\/uploads\/2023\/03\/09124936\/ximoperles.jpg","contentUrl":"https:\/\/media.radiolitoral.com\/wp-content\/uploads\/2023\/03\/09124936\/ximoperles.jpg","width":768,"height":432},{"@type":"BreadcrumbList","@id":"https:\/\/radiolitoral.com\/2023\/03\/ximo-perles-repite-como-cabeza-de-compromis-per-calp\/#breadcrumb","itemListElement":[{"@type":"ListItem","position":1,"name":"Portada","item":"https:\/\/radiolitoral.com\/"},{"@type":"ListItem","position":2,"name":"Ximo Perles repite como cabeza de Comprom\u00eds per Calp"}]},{"@type":"WebSite","@id":"https:\/\/radiolitoral.com\/#website","url":"https:\/\/radiolitoral.com\/","name":"R\u00e0dio Litoral","description":"La r\u00e0dio local de la Marina Alta","publisher":{"@id":"https:\/\/radiolitoral.com\/#organization"},"alternateName":"Litoral FM","potentialAction":[{"@type":"SearchAction","target":{"@type":"EntryPoint","urlTemplate":"https:\/\/radiolitoral.com\/?s={search_term_string}"},"query-input":{"@type":"PropertyValueSpecification","valueRequired":true,"valueName":"search_term_string"}}],"inLanguage":"ca"},{"@type":"Organization","@id":"https:\/\/radiolitoral.com\/#organization","name":"R\u00e0dio Litoral","url":"https:\/\/radiolitoral.com\/","logo":{"@type":"ImageObject","inLanguage":"ca","@id":"https:\/\/radiolitoral.com\/#\/schema\/logo\/image\/","url":"https:\/\/media.radiolitoral.com\/wp-content\/uploads\/2023\/02\/24143238\/CL-V-RadioLitoral696.png","contentUrl":"https:\/\/media.radiolitoral.com\/wp-content\/uploads\/2023\/02\/24143238\/CL-V-RadioLitoral696.png","width":696,"height":696,"caption":"Radio Litoral"},"image":{"@id":"https:\/\/radiolitoral.com\/#\/schema\/logo\/image\/"},"sameAs":["https:\/\/www.facebook.com\/Laradiolitoral\/"]},{"@type":"Person","@id":"https:\/\/radiolitoral.com\/#\/schema\/person\/f2b2343c49b5d721857cc1002bfdb151","name":"Redacci\u00f3","image":{"@type":"ImageObject","inLanguage":"ca","@id":"https:\/\/secure.gravatar.com\/avatar\/f771d896c203ad8b3382d7905cfcce5a5c9b008b84b3cd9114e9b9f4cb63f789?s=96&d=mm&r=g","url":"https:\/\/secure.gravatar.com\/avatar\/f771d896c203ad8b3382d7905cfcce5a5c9b008b84b3cd9114e9b9f4cb63f789?s=96&d=mm&r=g","contentUrl":"https:\/\/secure.gravatar.com\/avatar\/f771d896c203ad8b3382d7905cfcce5a5c9b008b84b3cd9114e9b9f4cb63f789?s=96&d=mm&r=g","caption":"Redacci\u00f3n"},"url":"https:\/\/radiolitoral.com\/ca\/author\/miriam-pagan\/"}]}},"_links":{"self":[{"href":"https:\/\/radiolitoral.com\/ca\/wp-json\/wp\/v2\/posts\/1148","targetHints":{"allow":["GET"]}}],"collection":[{"href":"https:\/\/radiolitoral.com\/ca\/wp-json\/wp\/v2\/posts"}],"about":[{"href":"https:\/\/radiolitoral.com\/ca\/wp-json\/wp\/v2\/types\/post"}],"author":[{"embeddable":true,"href":"https:\/\/radiolitoral.com\/ca\/wp-json\/wp\/v2\/users\/13"}],"replies":[{"embeddable":true,"href":"https:\/\/radiolitoral.com\/ca\/wp-json\/wp\/v2\/comments?post=1148"}],"version-history":[{"count":2,"href":"https:\/\/radiolitoral.com\/ca\/wp-json\/wp\/v2\/posts\/1148\/revisions"}],"predecessor-version":[{"id":1167,"href":"https:\/\/radiolitoral.com\/ca\/wp-json\/wp\/v2\/posts\/1148\/revisions\/1167"}],"wp:featuredmedia":[{"embeddable":true,"href":"https:\/\/radiolitoral.com\/ca\/wp-json\/wp\/v2\/media\/1149"}],"wp:attachment":[{"href":"https:\/\/radiolitoral.com\/ca\/wp-json\/wp\/v2\/media?parent=1148"}],"wp:term":[{"taxonomy":"category","embeddable":true,"href":"https:\/\/radiolitoral.com\/ca\/wp-json\/wp\/v2\/categories?post=1148"},{"taxonomy":"post_tag","embeddable":true,"href":"https:\/\/radiolitoral.com\/ca\/wp-json\/wp\/v2\/tags?post=1148"}],"curies":[{"name":"wp","href":"https:\/\/api.w.org\/{rel}","templated":true}]}}