{"id":11436,"date":"2024-09-17T09:08:36","date_gmt":"2024-09-17T07:08:36","guid":{"rendered":"https:\/\/radiolitoral.com\/?p=11436"},"modified":"2024-09-17T09:08:36","modified_gmt":"2024-09-17T07:08:36","slug":"reestructuracio-de-lequip-de-govern-de-teulada-moraira","status":"publish","type":"post","link":"https:\/\/radiolitoral.com\/ca\/2024\/09\/reestructuracio-de-lequip-de-govern-de-teulada-moraira\/","title":{"rendered":"Reestructuraci\u00f3 de l&#039;equip de govern de Teulada Moraira"},"content":{"rendered":"<p>L&#039;<strong>alcalde de Teulada Moraira, <span class=\"hiddenSpellError\">Ra\u00fal<\/span> Llobell,<\/strong> ha implementat una <strong>reestructuraci\u00f3<\/strong> de l&#039;equip de govern amb l&#039;<strong>objectiu de donar un nou impuls al projecte de legislatura<\/strong>. <span class=\"hiddenSuggestion\">Aquesta<\/span> reorganitzaci\u00f3 cerca <strong>enfortir la gesti\u00f3 del municipi i optimitzar el treball de les regidories<\/strong>.<\/p>\n<p>El <strong>nou repartiment<\/strong> de les regidories s&#039;ha delegat de la seg\u00fcent manera:<\/p>\n<p><strong><span class=\"hiddenSpellError\">Ra\u00fal<\/span> Llobell Signes<\/strong> (Alcalde-President): Alcaldia, Seguretat Ciutadana, Cicle H\u00eddric, Comunicaci\u00f3 i Premsa, Contractaci\u00f3.<\/p>\n<p><strong><span class=\"hiddenSpellError\">Rosana<\/span> Caselles Llobell<\/strong> (1a tinent d&#039;alcalde): Festes, Igualtat, Educaci\u00f3, Participaci\u00f3 Ciutadana.<\/p>\n<p><strong><span class=\"hiddenSpellError\">Ver\u00f2nica<\/span> Mart\u00ednez Linares<\/strong> (2a tinent d&#039;alcalde): Hisenda, Turisme, Cultura, Tercera Edat.<\/p>\n<p><strong>Antonio Reig <span class=\"hiddenSpellError\">Malonda<\/span><\/strong> (3r tinent d&#039;alcalde): Obres i Urbanisme, Infraestructures, Llic\u00e8ncies Ambientals i d&#039;Activitat, Recursos Humans.<\/p>\n<p><strong><span class=\"hiddenSpellError\">Mari<\/span> Cant\u00f3 Llopis<\/strong> (4a tinent d&#039;alcalde): Serveis Generals, Edificios P\u00fablics i Mercats, <span class=\"hiddenSpellError\">TEUMO<\/span>.<\/p>\n<p><strong>Pilar Vidal Oller<\/strong>: Medi Ambient i Platges; Foment, Comer\u00e7 i PIMES; Matrimonis Civils.<br \/>\n<span class=\"hiddenSpellError\">Susanne<\/span> <span class=\"hiddenSpellError\">Katzgrau<\/span>: Sanitat, Fons Europeus, Patrimoni i Catastro, Agenda 2030, Relacions Internacionals, Benestar Animal.<\/p>\n<p><strong>Josep Ivars <span class=\"hiddenSpellError\">Rosell\u00f3<\/span><\/strong>: Esports, Joventut, Inf\u00e0ncia i Adolesc\u00e8ncia.<\/p>\n<p><strong>Josep A. <span class=\"hiddenSpellError\">Bisquert<\/span> Llobell<\/strong> (<span class=\"hiddenSuggestion\">5\u00e8<\/span> tinent d&#039;alcalde): Organitzaci\u00f3 i Noves Tecnologies; Transpar\u00e8ncia; Benestar Social; <span class=\"hiddenSpellError\">OMIC<\/span> i SIT; Agricultura, Ramaderia i Pesca.<\/p>\n<p>Llobell ha afirmat que \u201cel nostre projecte \u00e9s en com\u00fa, independentment de les regidories que estiguin delegades a cada regidor. Continuem treballant colze a colze, per\u00f2 amb una reestructuraci\u00f3 que permetr\u00e0 donar-li m\u00e9s for\u00e7a encara a la nostra gesti\u00f3\u201d.<\/p>","protected":false},"excerpt":{"rendered":"<p>L&#8217;alcalde de Teulada Moraira, Ra\u00fal Llobell, ha implementat una reestructuraci\u00f3 de l&#8217;equip de govern amb l&#8217;objectiu de donar un nou impuls al projecte de legislatura. Aquesta reorganitzaci\u00f3 busca enfortir la gesti\u00f3 del municipi i optimitzar el treball de les regidories. El nou repartiment de les regidories s&#8217;ha delegat de la seg\u00fcent manera: Ra\u00fal Llobell Signes [&#8230;]<\/p>\n<p><a class=\"btn btn-secondary understrap-read-more-link\" href=\"https:\/\/radiolitoral.com\/ca\/2024\/09\/reestructuracio-de-lequip-de-govern-de-teulada-moraira\/\">Continua llegint&#8230;<span class=\"screen-reader-text\"> from Reestructuraci\u00f3 de l&#8217;equip de govern de Teulada Moraira<\/span><\/a><\/p>\n","protected":false},"author":13,"featured_media":11437,"comment_status":"open","ping_status":"closed","sticky":false,"template":"","format":"standard","meta":{"_acf_changed":false,"inline_featured_image":false,"footnotes":""},"categories":[13],"tags":[2227,708,976,146],"class_list":["post-11436","post","type-post","status-publish","format-standard","has-post-thumbnail","hentry","category-politica","tag-equipo-gobierno","tag-politica","tag-politica-municipal","tag-teulada","cobertura-teulada-moraira"],"acf":[],"yoast_head":"<!-- This site is optimized with the Yoast SEO plugin v27.5 - https:\/\/yoast.com\/product\/yoast-seo-wordpress\/ -->\n<title>Reestructuraci\u00f3 de l&#039;equip de govern de Teulada Moraira | R\u00e0dio Litoral<\/title>\n<meta name=\"description\" content=\"L&#039;alcalde, Ra\u00fal Llobell la justifica per a donar impuls al projecte de legislatura\" \/>\n<meta name=\"robots\" content=\"index, follow, max-snippet:-1, max-image-preview:large, max-video-preview:-1\" \/>\n<link rel=\"canonical\" href=\"https:\/\/radiolitoral.com\/ca\/2024\/09\/reestructuracio-de-lequip-de-govern-de-teulada-moraira\/\" \/>\n<meta property=\"og:locale\" content=\"ca_ES\" \/>\n<meta property=\"og:type\" content=\"article\" \/>\n<meta property=\"og:title\" content=\"Reestructuraci\u00f3 de l&#039;equip de govern de Teulada Moraira | R\u00e0dio Litoral\" \/>\n<meta property=\"og:description\" content=\"L&#039;alcalde, Ra\u00fal Llobell la justifica per a donar impuls al projecte de legislatura\" \/>\n<meta property=\"og:url\" content=\"https:\/\/radiolitoral.com\/ca\/2024\/09\/reestructuracio-de-lequip-de-govern-de-teulada-moraira\/\" \/>\n<meta property=\"og:site_name\" content=\"R\u00e0dio Litoral\" \/>\n<meta property=\"article:publisher\" content=\"https:\/\/www.facebook.com\/Laradiolitoral\/\" \/>\n<meta property=\"article:published_time\" content=\"2024-09-17T07:08:36+00:00\" \/>\n<meta property=\"og:image\" content=\"https:\/\/media.radiolitoral.com\/wp-content\/uploads\/2024\/09\/17090705\/Teulada-equipo-de-gobierno.jpg\" \/>\n\t<meta property=\"og:image:width\" content=\"1600\" \/>\n\t<meta property=\"og:image:height\" content=\"1200\" \/>\n\t<meta property=\"og:image:type\" content=\"image\/jpeg\" \/>\n<meta name=\"author\" content=\"Redacci\u00f3n\" \/>\n<meta name=\"twitter:card\" content=\"summary_large_image\" \/>\n<meta name=\"twitter:label1\" content=\"Escrit per\" \/>\n\t<meta name=\"twitter:data1\" content=\"Redacci\u00f3n\" \/>\n\t<meta name=\"twitter:label2\" content=\"Temps estimat de lectura\" \/>\n\t<meta name=\"twitter:data2\" content=\"2 minuts\" \/>\n<script type=\"application\/ld+json\" class=\"yoast-schema-graph\">{\"@context\":\"https:\\\/\\\/schema.org\",\"@graph\":[{\"@type\":\"NewsArticle\",\"@id\":\"https:\\\/\\\/radiolitoral.com\\\/2024\\\/09\\\/reestructuracio-de-lequip-de-govern-de-teulada-moraira\\\/#article\",\"isPartOf\":{\"@id\":\"https:\\\/\\\/radiolitoral.com\\\/2024\\\/09\\\/reestructuracio-de-lequip-de-govern-de-teulada-moraira\\\/\"},\"author\":{\"name\":\"Redacci\u00f3n\",\"@id\":\"https:\\\/\\\/radiolitoral.com\\\/#\\\/schema\\\/person\\\/f2b2343c49b5d721857cc1002bfdb151\"},\"headline\":\"Reestructuraci\u00f3 de l&#8217;equip de govern de Teulada Moraira\",\"datePublished\":\"2024-09-17T07:08:36+00:00\",\"mainEntityOfPage\":{\"@id\":\"https:\\\/\\\/radiolitoral.com\\\/2024\\\/09\\\/reestructuracio-de-lequip-de-govern-de-teulada-moraira\\\/\"},\"wordCount\":241,\"commentCount\":0,\"publisher\":{\"@id\":\"https:\\\/\\\/radiolitoral.com\\\/#organization\"},\"image\":{\"@id\":\"https:\\\/\\\/radiolitoral.com\\\/2024\\\/09\\\/reestructuracio-de-lequip-de-govern-de-teulada-moraira\\\/#primaryimage\"},\"thumbnailUrl\":\"https:\\\/\\\/media.radiolitoral.com\\\/wp-content\\\/uploads\\\/2024\\\/09\\\/17090705\\\/Teulada-equipo-de-gobierno.jpg\",\"keywords\":[\"equipo gobierno\",\"pol\u00edtica\",\"pol\u00edtica municipal\",\"Teulada\"],\"articleSection\":[\"Pol\u00edtica\"],\"inLanguage\":\"ca\",\"potentialAction\":[{\"@type\":\"CommentAction\",\"name\":\"Comment\",\"target\":[\"https:\\\/\\\/radiolitoral.com\\\/2024\\\/09\\\/reestructuracio-de-lequip-de-govern-de-teulada-moraira\\\/#respond\"]}]},{\"@type\":[\"WebPage\",\"ItemPage\"],\"@id\":\"https:\\\/\\\/radiolitoral.com\\\/2024\\\/09\\\/reestructuracio-de-lequip-de-govern-de-teulada-moraira\\\/\",\"url\":\"https:\\\/\\\/radiolitoral.com\\\/2024\\\/09\\\/reestructuracio-de-lequip-de-govern-de-teulada-moraira\\\/\",\"name\":\"Reestructuraci\u00f3 de l'equip de govern de Teulada Moraira | R\u00e0dio Litoral\",\"isPartOf\":{\"@id\":\"https:\\\/\\\/radiolitoral.com\\\/#website\"},\"primaryImageOfPage\":{\"@id\":\"https:\\\/\\\/radiolitoral.com\\\/2024\\\/09\\\/reestructuracio-de-lequip-de-govern-de-teulada-moraira\\\/#primaryimage\"},\"image\":{\"@id\":\"https:\\\/\\\/radiolitoral.com\\\/2024\\\/09\\\/reestructuracio-de-lequip-de-govern-de-teulada-moraira\\\/#primaryimage\"},\"thumbnailUrl\":\"https:\\\/\\\/media.radiolitoral.com\\\/wp-content\\\/uploads\\\/2024\\\/09\\\/17090705\\\/Teulada-equipo-de-gobierno.jpg\",\"datePublished\":\"2024-09-17T07:08:36+00:00\",\"description\":\"L'alcalde, Ra\u00fal Llobell la justifica per a donar impuls al projecte de legislatura\",\"breadcrumb\":{\"@id\":\"https:\\\/\\\/radiolitoral.com\\\/2024\\\/09\\\/reestructuracio-de-lequip-de-govern-de-teulada-moraira\\\/#breadcrumb\"},\"inLanguage\":\"ca\",\"potentialAction\":[{\"@type\":\"ReadAction\",\"target\":[\"https:\\\/\\\/radiolitoral.com\\\/2024\\\/09\\\/reestructuracio-de-lequip-de-govern-de-teulada-moraira\\\/\"]}]},{\"@type\":\"ImageObject\",\"inLanguage\":\"ca\",\"@id\":\"https:\\\/\\\/radiolitoral.com\\\/2024\\\/09\\\/reestructuracio-de-lequip-de-govern-de-teulada-moraira\\\/#primaryimage\",\"url\":\"https:\\\/\\\/media.radiolitoral.com\\\/wp-content\\\/uploads\\\/2024\\\/09\\\/17090705\\\/Teulada-equipo-de-gobierno.jpg\",\"contentUrl\":\"https:\\\/\\\/media.radiolitoral.com\\\/wp-content\\\/uploads\\\/2024\\\/09\\\/17090705\\\/Teulada-equipo-de-gobierno.jpg\",\"width\":1600,\"height\":1200},{\"@type\":\"BreadcrumbList\",\"@id\":\"https:\\\/\\\/radiolitoral.com\\\/2024\\\/09\\\/reestructuracio-de-lequip-de-govern-de-teulada-moraira\\\/#breadcrumb\",\"itemListElement\":[{\"@type\":\"ListItem\",\"position\":1,\"name\":\"Portada\",\"item\":\"https:\\\/\\\/radiolitoral.com\\\/\"},{\"@type\":\"ListItem\",\"position\":2,\"name\":\"Reestructuraci\u00f3 de l&#8217;equip de govern de Teulada Moraira\"}]},{\"@type\":\"WebSite\",\"@id\":\"https:\\\/\\\/radiolitoral.com\\\/#website\",\"url\":\"https:\\\/\\\/radiolitoral.com\\\/\",\"name\":\"Radio Litoral\",\"description\":\"La radio local de la Marina Alta\",\"publisher\":{\"@id\":\"https:\\\/\\\/radiolitoral.com\\\/#organization\"},\"alternateName\":\"Litoral FM\",\"potentialAction\":[{\"@type\":\"SearchAction\",\"target\":{\"@type\":\"EntryPoint\",\"urlTemplate\":\"https:\\\/\\\/radiolitoral.com\\\/?s={search_term_string}\"},\"query-input\":{\"@type\":\"PropertyValueSpecification\",\"valueRequired\":true,\"valueName\":\"search_term_string\"}}],\"inLanguage\":\"ca\"},{\"@type\":\"Organization\",\"@id\":\"https:\\\/\\\/radiolitoral.com\\\/#organization\",\"name\":\"Radio Litoral\",\"url\":\"https:\\\/\\\/radiolitoral.com\\\/\",\"logo\":{\"@type\":\"ImageObject\",\"inLanguage\":\"ca\",\"@id\":\"https:\\\/\\\/radiolitoral.com\\\/#\\\/schema\\\/logo\\\/image\\\/\",\"url\":\"https:\\\/\\\/media.radiolitoral.com\\\/wp-content\\\/uploads\\\/2023\\\/02\\\/24143238\\\/CL-V-RadioLitoral696.png\",\"contentUrl\":\"https:\\\/\\\/media.radiolitoral.com\\\/wp-content\\\/uploads\\\/2023\\\/02\\\/24143238\\\/CL-V-RadioLitoral696.png\",\"width\":696,\"height\":696,\"caption\":\"Radio Litoral\"},\"image\":{\"@id\":\"https:\\\/\\\/radiolitoral.com\\\/#\\\/schema\\\/logo\\\/image\\\/\"},\"sameAs\":[\"https:\\\/\\\/www.facebook.com\\\/Laradiolitoral\\\/\"]},{\"@type\":\"Person\",\"@id\":\"https:\\\/\\\/radiolitoral.com\\\/#\\\/schema\\\/person\\\/f2b2343c49b5d721857cc1002bfdb151\",\"name\":\"Redacci\u00f3n\",\"image\":{\"@type\":\"ImageObject\",\"inLanguage\":\"ca\",\"@id\":\"https:\\\/\\\/secure.gravatar.com\\\/avatar\\\/f771d896c203ad8b3382d7905cfcce5a5c9b008b84b3cd9114e9b9f4cb63f789?s=96&d=mm&r=g\",\"url\":\"https:\\\/\\\/secure.gravatar.com\\\/avatar\\\/f771d896c203ad8b3382d7905cfcce5a5c9b008b84b3cd9114e9b9f4cb63f789?s=96&d=mm&r=g\",\"contentUrl\":\"https:\\\/\\\/secure.gravatar.com\\\/avatar\\\/f771d896c203ad8b3382d7905cfcce5a5c9b008b84b3cd9114e9b9f4cb63f789?s=96&d=mm&r=g\",\"caption\":\"Redacci\u00f3n\"},\"url\":\"https:\\\/\\\/radiolitoral.com\\\/ca\\\/author\\\/miriam-pagan\\\/\"}]}<\/script>\n<!-- \/ Yoast SEO plugin. -->","yoast_head_json":{"title":"Reestructuraci\u00f3 de l&#039;equip de govern de Teulada Moraira | R\u00e0dio Litoral","description":"L&#039;alcalde, Ra\u00fal Llobell, la justifica per donar impuls al projecte de legislatura","robots":{"index":"index","follow":"follow","max-snippet":"max-snippet:-1","max-image-preview":"max-image-preview:large","max-video-preview":"max-video-preview:-1"},"canonical":"https:\/\/radiolitoral.com\/ca\/2024\/09\/reestructuracio-de-lequip-de-govern-de-teulada-moraira\/","og_locale":"ca_ES","og_type":"article","og_title":"Reestructuraci\u00f3 de l'equip de govern de Teulada Moraira | R\u00e0dio Litoral","og_description":"L'alcalde, Ra\u00fal Llobell la justifica per a donar impuls al projecte de legislatura","og_url":"https:\/\/radiolitoral.com\/ca\/2024\/09\/reestructuracio-de-lequip-de-govern-de-teulada-moraira\/","og_site_name":"R\u00e0dio Litoral","article_publisher":"https:\/\/www.facebook.com\/Laradiolitoral\/","article_published_time":"2024-09-17T07:08:36+00:00","og_image":[{"width":1600,"height":1200,"url":"https:\/\/media.radiolitoral.com\/wp-content\/uploads\/2024\/09\/17090705\/Teulada-equipo-de-gobierno.jpg","type":"image\/jpeg"}],"author":"Redacci\u00f3n","twitter_card":"summary_large_image","twitter_misc":{"Escrit per":"Redacci\u00f3n","Temps estimat de lectura":"2 minuts"},"schema":{"@context":"https:\/\/schema.org","@graph":[{"@type":"NewsArticle","@id":"https:\/\/radiolitoral.com\/2024\/09\/reestructuracio-de-lequip-de-govern-de-teulada-moraira\/#article","isPartOf":{"@id":"https:\/\/radiolitoral.com\/2024\/09\/reestructuracio-de-lequip-de-govern-de-teulada-moraira\/"},"author":{"name":"Redacci\u00f3n","@id":"https:\/\/radiolitoral.com\/#\/schema\/person\/f2b2343c49b5d721857cc1002bfdb151"},"headline":"Reestructuraci\u00f3 de l&#8217;equip de govern de Teulada Moraira","datePublished":"2024-09-17T07:08:36+00:00","mainEntityOfPage":{"@id":"https:\/\/radiolitoral.com\/2024\/09\/reestructuracio-de-lequip-de-govern-de-teulada-moraira\/"},"wordCount":241,"commentCount":0,"publisher":{"@id":"https:\/\/radiolitoral.com\/#organization"},"image":{"@id":"https:\/\/radiolitoral.com\/2024\/09\/reestructuracio-de-lequip-de-govern-de-teulada-moraira\/#primaryimage"},"thumbnailUrl":"https:\/\/media.radiolitoral.com\/wp-content\/uploads\/2024\/09\/17090705\/Teulada-equipo-de-gobierno.jpg","keywords":["equipo gobierno","pol\u00edtica","pol\u00edtica municipal","Teulada"],"articleSection":["Pol\u00edtica"],"inLanguage":"ca","potentialAction":[{"@type":"CommentAction","name":"Comment","target":["https:\/\/radiolitoral.com\/2024\/09\/reestructuracio-de-lequip-de-govern-de-teulada-moraira\/#respond"]}]},{"@type":["WebPage","ItemPage"],"@id":"https:\/\/radiolitoral.com\/2024\/09\/reestructuracio-de-lequip-de-govern-de-teulada-moraira\/","url":"https:\/\/radiolitoral.com\/2024\/09\/reestructuracio-de-lequip-de-govern-de-teulada-moraira\/","name":"Reestructuraci\u00f3 de l&#039;equip de govern de Teulada Moraira | R\u00e0dio Litoral","isPartOf":{"@id":"https:\/\/radiolitoral.com\/#website"},"primaryImageOfPage":{"@id":"https:\/\/radiolitoral.com\/2024\/09\/reestructuracio-de-lequip-de-govern-de-teulada-moraira\/#primaryimage"},"image":{"@id":"https:\/\/radiolitoral.com\/2024\/09\/reestructuracio-de-lequip-de-govern-de-teulada-moraira\/#primaryimage"},"thumbnailUrl":"https:\/\/media.radiolitoral.com\/wp-content\/uploads\/2024\/09\/17090705\/Teulada-equipo-de-gobierno.jpg","datePublished":"2024-09-17T07:08:36+00:00","description":"L&#039;alcalde, Ra\u00fal Llobell, la justifica per donar impuls al projecte de legislatura","breadcrumb":{"@id":"https:\/\/radiolitoral.com\/2024\/09\/reestructuracio-de-lequip-de-govern-de-teulada-moraira\/#breadcrumb"},"inLanguage":"ca","potentialAction":[{"@type":"ReadAction","target":["https:\/\/radiolitoral.com\/2024\/09\/reestructuracio-de-lequip-de-govern-de-teulada-moraira\/"]}]},{"@type":"ImageObject","inLanguage":"ca","@id":"https:\/\/radiolitoral.com\/2024\/09\/reestructuracio-de-lequip-de-govern-de-teulada-moraira\/#primaryimage","url":"https:\/\/media.radiolitoral.com\/wp-content\/uploads\/2024\/09\/17090705\/Teulada-equipo-de-gobierno.jpg","contentUrl":"https:\/\/media.radiolitoral.com\/wp-content\/uploads\/2024\/09\/17090705\/Teulada-equipo-de-gobierno.jpg","width":1600,"height":1200},{"@type":"BreadcrumbList","@id":"https:\/\/radiolitoral.com\/2024\/09\/reestructuracio-de-lequip-de-govern-de-teulada-moraira\/#breadcrumb","itemListElement":[{"@type":"ListItem","position":1,"name":"Portada","item":"https:\/\/radiolitoral.com\/"},{"@type":"ListItem","position":2,"name":"Reestructuraci\u00f3 de l&#8217;equip de govern de Teulada Moraira"}]},{"@type":"WebSite","@id":"https:\/\/radiolitoral.com\/#website","url":"https:\/\/radiolitoral.com\/","name":"R\u00e0dio Litoral","description":"La r\u00e0dio local de la Marina Alta","publisher":{"@id":"https:\/\/radiolitoral.com\/#organization"},"alternateName":"Litoral FM","potentialAction":[{"@type":"SearchAction","target":{"@type":"EntryPoint","urlTemplate":"https:\/\/radiolitoral.com\/?s={search_term_string}"},"query-input":{"@type":"PropertyValueSpecification","valueRequired":true,"valueName":"search_term_string"}}],"inLanguage":"ca"},{"@type":"Organization","@id":"https:\/\/radiolitoral.com\/#organization","name":"R\u00e0dio Litoral","url":"https:\/\/radiolitoral.com\/","logo":{"@type":"ImageObject","inLanguage":"ca","@id":"https:\/\/radiolitoral.com\/#\/schema\/logo\/image\/","url":"https:\/\/media.radiolitoral.com\/wp-content\/uploads\/2023\/02\/24143238\/CL-V-RadioLitoral696.png","contentUrl":"https:\/\/media.radiolitoral.com\/wp-content\/uploads\/2023\/02\/24143238\/CL-V-RadioLitoral696.png","width":696,"height":696,"caption":"Radio Litoral"},"image":{"@id":"https:\/\/radiolitoral.com\/#\/schema\/logo\/image\/"},"sameAs":["https:\/\/www.facebook.com\/Laradiolitoral\/"]},{"@type":"Person","@id":"https:\/\/radiolitoral.com\/#\/schema\/person\/f2b2343c49b5d721857cc1002bfdb151","name":"Redacci\u00f3","image":{"@type":"ImageObject","inLanguage":"ca","@id":"https:\/\/secure.gravatar.com\/avatar\/f771d896c203ad8b3382d7905cfcce5a5c9b008b84b3cd9114e9b9f4cb63f789?s=96&d=mm&r=g","url":"https:\/\/secure.gravatar.com\/avatar\/f771d896c203ad8b3382d7905cfcce5a5c9b008b84b3cd9114e9b9f4cb63f789?s=96&d=mm&r=g","contentUrl":"https:\/\/secure.gravatar.com\/avatar\/f771d896c203ad8b3382d7905cfcce5a5c9b008b84b3cd9114e9b9f4cb63f789?s=96&d=mm&r=g","caption":"Redacci\u00f3n"},"url":"https:\/\/radiolitoral.com\/ca\/author\/miriam-pagan\/"}]}},"_links":{"self":[{"href":"https:\/\/radiolitoral.com\/ca\/wp-json\/wp\/v2\/posts\/11436","targetHints":{"allow":["GET"]}}],"collection":[{"href":"https:\/\/radiolitoral.com\/ca\/wp-json\/wp\/v2\/posts"}],"about":[{"href":"https:\/\/radiolitoral.com\/ca\/wp-json\/wp\/v2\/types\/post"}],"author":[{"embeddable":true,"href":"https:\/\/radiolitoral.com\/ca\/wp-json\/wp\/v2\/users\/13"}],"replies":[{"embeddable":true,"href":"https:\/\/radiolitoral.com\/ca\/wp-json\/wp\/v2\/comments?post=11436"}],"version-history":[{"count":1,"href":"https:\/\/radiolitoral.com\/ca\/wp-json\/wp\/v2\/posts\/11436\/revisions"}],"predecessor-version":[{"id":11438,"href":"https:\/\/radiolitoral.com\/ca\/wp-json\/wp\/v2\/posts\/11436\/revisions\/11438"}],"wp:featuredmedia":[{"embeddable":true,"href":"https:\/\/radiolitoral.com\/ca\/wp-json\/wp\/v2\/media\/11437"}],"wp:attachment":[{"href":"https:\/\/radiolitoral.com\/ca\/wp-json\/wp\/v2\/media?parent=11436"}],"wp:term":[{"taxonomy":"category","embeddable":true,"href":"https:\/\/radiolitoral.com\/ca\/wp-json\/wp\/v2\/categories?post=11436"},{"taxonomy":"post_tag","embeddable":true,"href":"https:\/\/radiolitoral.com\/ca\/wp-json\/wp\/v2\/tags?post=11436"}],"curies":[{"name":"wp","href":"https:\/\/api.w.org\/{rel}","templated":true}]}}