{"id":1143,"date":"2023-03-09T12:41:41","date_gmt":"2023-03-09T11:41:41","guid":{"rendered":"https:\/\/radiolitoral.com\/?p=1143"},"modified":"2023-03-09T19:42:46","modified_gmt":"2023-03-09T18:42:46","slug":"el-candidat-del-pp-a-lalcaldia-de-calp-cessar-sanchez-aposta-per-donar-continuitat-a-lanus-bofill","status":"publish","type":"post","link":"https:\/\/radiolitoral.com\/ca\/2023\/03\/el-candidato-del-pp-a-la-alcaldia-de-calp-cesar-sanchez-apuesta-por-dar-continuidad-al-ano-bofill\/","title":{"rendered":"El candidat del PP a l&#039;alcaldia de Calp, C\u00e9sar S\u00e1nchez, aposta per donar continu\u00eftat a l&#039;Any Bofill"},"content":{"rendered":"<p>El candidat del PP a la <strong>alcaldia de Calp, C\u00e9sar S\u00e1nchez<\/strong>, aposta per donar <strong>continu\u00eftat a l&#039;Any Bofill<\/strong>, una efem\u00e8ride que la ciutat del Penyal commemora en aquest 2023, coincidint amb el <strong>50\u00e8 aniversari de la construcci\u00f3 de la Muralla Roja<\/strong>, una de les edificacions <strong>m\u00e9s emblem\u00e0tiques<\/strong> de la localitat dissenyada per l&#039;homenatjat arquitecte catal\u00e0.<\/p>\n<p>S\u00e1nchez, es compromet a seguir amb els actes programats en el marc d&#039;aquesta efem\u00e8ride, per\u00f2 fa un pas m\u00e9s, assegurant que la seva intenci\u00f3 \u00e9s convertir a <strong>Ricardo Bofill en una de les icones de la promoci\u00f3 tur\u00edstica a nivell nacional i internacional de Calp<\/strong>.<\/p>\n<p>Unes declaracions en qu\u00e8 S\u00e1nchez fa una complicitat al que va ser el cap de llista de Ciutadans a les passades eleccions, Juan Manuel del Pino, reconeixent el treball que ha realitzat al llarg d&#039;aquesta legislatura com a soci de govern del PP.<\/p>\n<p><strong>Escolta l&#039;\u00e0udio:<\/strong><\/p>\n<audio class=\"wp-audio-shortcode\" id=\"audio-1143-1\" preload=\"none\" style=\"width: 100%;\" controls=\"controls\"><source type=\"audio\/mpeg\" src=\"https:\/\/media.radiolitoral.com\/wp-content\/uploads\/2023\/03\/09132301\/Cesar-Ano-Bofill.mp3?_=1\" \/><a href=\"https:\/\/media.radiolitoral.com\/wp-content\/uploads\/2023\/03\/09132301\/Cesar-Ano-Bofill.mp3\">https:\/\/media.radiolitoral.com\/wp-content\/uploads\/2023\/03\/09132301\/Cesar-Ano-Bofill.mp3<\/a><\/audio>","protected":false},"excerpt":{"rendered":"<p>El candidato del PP a la alcald\u00eda de Calp, C\u00e9sar S\u00e1nchez, apuesta por dar continuidad al A\u00f1o Bofill, una efem\u00e9ride que la ciudad del Pe\u00f1\u00f3n conmemora en este 2023, coincidiendo con el 50 aniversario de la construcci\u00f3n de la Muralla Roja, una de las edificaciones m\u00e1s emblem\u00e1ticas de la localidad dise\u00f1ada por el homenajeado arquitecto [&#8230;]<\/p>\n<p><a class=\"btn btn-secondary understrap-read-more-link\" href=\"https:\/\/radiolitoral.com\/ca\/2023\/03\/el-candidato-del-pp-a-la-alcaldia-de-calp-cesar-sanchez-apuesta-por-dar-continuidad-al-ano-bofill\/\">Continua llegint&#8230;<span class=\"screen-reader-text\"> from El candidato del PP a la alcald\u00eda de Calp, C\u00e9sar S\u00e1nchez, apuesta por dar continuidad al A\u00f1o Bofill<\/span><\/a><\/p>\n","protected":false},"author":13,"featured_media":932,"comment_status":"open","ping_status":"closed","sticky":false,"template":"","format":"standard","meta":{"_acf_changed":false,"inline_featured_image":false,"footnotes":""},"categories":[55],"tags":[106,122,123],"class_list":["post-1143","post","type-post","status-publish","format-standard","has-post-thumbnail","hentry","category-cultura","tag-ano-bofill","tag-calp","tag-calpe","cobertura-calp"],"acf":[],"yoast_head":"<!-- This site is optimized with the Yoast SEO plugin v27.5 - https:\/\/yoast.com\/product\/yoast-seo-wordpress\/ -->\n<title>El candidato del PP a la alcald\u00eda de Calp, C\u00e9sar S\u00e1nchez, apuesta por dar continuidad al A\u00f1o Bofill | R\u00e0dio Litoral<\/title>\n<meta name=\"description\" content=\"Su intenci\u00f3n es convertir a Ricardo Bofill en uno de los iconos de la promoci\u00f3n tur\u00edstica a nivel nacional e internacional su intenci\u00f3n es convertir a Ricardo Bofill en uno de los iconos de la promoci\u00f3n tur\u00edstica a nivel nacional e internacional\" \/>\n<meta name=\"robots\" content=\"index, follow, max-snippet:-1, max-image-preview:large, max-video-preview:-1\" \/>\n<link rel=\"canonical\" href=\"https:\/\/radiolitoral.com\/ca\/2023\/03\/el-candidat-del-pp-a-lalcaldia-de-calp-cessar-sanchez-aposta-per-donar-continuitat-a-lanus-bofill\/\" \/>\n<meta property=\"og:locale\" content=\"ca_ES\" \/>\n<meta property=\"og:type\" content=\"article\" \/>\n<meta property=\"og:title\" content=\"El candidato del PP a la alcald\u00eda de Calp, C\u00e9sar S\u00e1nchez, apuesta por dar continuidad al A\u00f1o Bofill | R\u00e0dio Litoral\" \/>\n<meta property=\"og:description\" content=\"Su intenci\u00f3n es convertir a Ricardo Bofill en uno de los iconos de la promoci\u00f3n tur\u00edstica a nivel nacional e internacional su intenci\u00f3n es convertir a Ricardo Bofill en uno de los iconos de la promoci\u00f3n tur\u00edstica a nivel nacional e internacional\" \/>\n<meta property=\"og:url\" content=\"https:\/\/radiolitoral.com\/ca\/2023\/03\/el-candidat-del-pp-a-lalcaldia-de-calp-cessar-sanchez-aposta-per-donar-continuitat-a-lanus-bofill\/\" \/>\n<meta property=\"og:site_name\" content=\"R\u00e0dio Litoral\" \/>\n<meta property=\"article:publisher\" content=\"https:\/\/www.facebook.com\/Laradiolitoral\/\" \/>\n<meta property=\"article:published_time\" content=\"2023-03-09T11:41:41+00:00\" \/>\n<meta property=\"article:modified_time\" content=\"2023-03-09T18:42:46+00:00\" \/>\n<meta property=\"og:image\" content=\"https:\/\/media.radiolitoral.com\/wp-content\/uploads\/2023\/02\/24143220\/Calp.-Ano-Bofill-presentacion-Muralla-Roja-3.jpg\" \/>\n\t<meta property=\"og:image:width\" content=\"2048\" \/>\n\t<meta property=\"og:image:height\" content=\"1536\" \/>\n\t<meta property=\"og:image:type\" content=\"image\/jpeg\" \/>\n<meta name=\"author\" content=\"Redacci\u00f3n\" \/>\n<meta name=\"twitter:card\" content=\"summary_large_image\" \/>\n<meta name=\"twitter:label1\" content=\"Escrit per\" \/>\n\t<meta name=\"twitter:data1\" content=\"Redacci\u00f3n\" \/>\n\t<meta name=\"twitter:label2\" content=\"Temps estimat de lectura\" \/>\n\t<meta name=\"twitter:data2\" content=\"1 minut\" \/>\n<script type=\"application\/ld+json\" class=\"yoast-schema-graph\">{\"@context\":\"https:\\\/\\\/schema.org\",\"@graph\":[{\"@type\":\"NewsArticle\",\"@id\":\"https:\\\/\\\/radiolitoral.com\\\/2023\\\/03\\\/el-candidato-del-pp-a-la-alcaldia-de-calp-cesar-sanchez-apuesta-por-dar-continuidad-al-ano-bofill\\\/#article\",\"isPartOf\":{\"@id\":\"https:\\\/\\\/radiolitoral.com\\\/2023\\\/03\\\/el-candidato-del-pp-a-la-alcaldia-de-calp-cesar-sanchez-apuesta-por-dar-continuidad-al-ano-bofill\\\/\"},\"author\":{\"name\":\"Redacci\u00f3n\",\"@id\":\"https:\\\/\\\/radiolitoral.com\\\/#\\\/schema\\\/person\\\/f2b2343c49b5d721857cc1002bfdb151\"},\"headline\":\"El candidato del PP a la alcald\u00eda de Calp, C\u00e9sar S\u00e1nchez, apuesta por dar continuidad al A\u00f1o Bofill\",\"datePublished\":\"2023-03-09T11:41:41+00:00\",\"dateModified\":\"2023-03-09T18:42:46+00:00\",\"mainEntityOfPage\":{\"@id\":\"https:\\\/\\\/radiolitoral.com\\\/2023\\\/03\\\/el-candidato-del-pp-a-la-alcaldia-de-calp-cesar-sanchez-apuesta-por-dar-continuidad-al-ano-bofill\\\/\"},\"wordCount\":197,\"commentCount\":0,\"publisher\":{\"@id\":\"https:\\\/\\\/radiolitoral.com\\\/#organization\"},\"image\":{\"@id\":\"https:\\\/\\\/radiolitoral.com\\\/2023\\\/03\\\/el-candidato-del-pp-a-la-alcaldia-de-calp-cesar-sanchez-apuesta-por-dar-continuidad-al-ano-bofill\\\/#primaryimage\"},\"thumbnailUrl\":\"https:\\\/\\\/media.radiolitoral.com\\\/wp-content\\\/uploads\\\/2023\\\/02\\\/24143220\\\/Calp.-Ano-Bofill-presentacion-Muralla-Roja-3.jpg\",\"keywords\":[\"A\u00f1o Bofill\",\"Calp\",\"Calpe\"],\"articleSection\":[\"Cultura\"],\"inLanguage\":\"ca\",\"potentialAction\":[{\"@type\":\"CommentAction\",\"name\":\"Comment\",\"target\":[\"https:\\\/\\\/radiolitoral.com\\\/2023\\\/03\\\/el-candidato-del-pp-a-la-alcaldia-de-calp-cesar-sanchez-apuesta-por-dar-continuidad-al-ano-bofill\\\/#respond\"]}]},{\"@type\":[\"WebPage\",\"ItemPage\"],\"@id\":\"https:\\\/\\\/radiolitoral.com\\\/2023\\\/03\\\/el-candidato-del-pp-a-la-alcaldia-de-calp-cesar-sanchez-apuesta-por-dar-continuidad-al-ano-bofill\\\/\",\"url\":\"https:\\\/\\\/radiolitoral.com\\\/2023\\\/03\\\/el-candidato-del-pp-a-la-alcaldia-de-calp-cesar-sanchez-apuesta-por-dar-continuidad-al-ano-bofill\\\/\",\"name\":\"El candidato del PP a la alcald\u00eda de Calp, C\u00e9sar S\u00e1nchez, apuesta por dar continuidad al A\u00f1o Bofill | R\u00e0dio Litoral\",\"isPartOf\":{\"@id\":\"https:\\\/\\\/radiolitoral.com\\\/#website\"},\"primaryImageOfPage\":{\"@id\":\"https:\\\/\\\/radiolitoral.com\\\/2023\\\/03\\\/el-candidato-del-pp-a-la-alcaldia-de-calp-cesar-sanchez-apuesta-por-dar-continuidad-al-ano-bofill\\\/#primaryimage\"},\"image\":{\"@id\":\"https:\\\/\\\/radiolitoral.com\\\/2023\\\/03\\\/el-candidato-del-pp-a-la-alcaldia-de-calp-cesar-sanchez-apuesta-por-dar-continuidad-al-ano-bofill\\\/#primaryimage\"},\"thumbnailUrl\":\"https:\\\/\\\/media.radiolitoral.com\\\/wp-content\\\/uploads\\\/2023\\\/02\\\/24143220\\\/Calp.-Ano-Bofill-presentacion-Muralla-Roja-3.jpg\",\"datePublished\":\"2023-03-09T11:41:41+00:00\",\"dateModified\":\"2023-03-09T18:42:46+00:00\",\"description\":\"Su intenci\u00f3n es convertir a Ricardo Bofill en uno de los iconos de la promoci\u00f3n tur\u00edstica a nivel nacional e internacional su intenci\u00f3n es convertir a Ricardo Bofill en uno de los iconos de la promoci\u00f3n tur\u00edstica a nivel nacional e internacional\",\"breadcrumb\":{\"@id\":\"https:\\\/\\\/radiolitoral.com\\\/2023\\\/03\\\/el-candidato-del-pp-a-la-alcaldia-de-calp-cesar-sanchez-apuesta-por-dar-continuidad-al-ano-bofill\\\/#breadcrumb\"},\"inLanguage\":\"ca\",\"potentialAction\":[{\"@type\":\"ReadAction\",\"target\":[\"https:\\\/\\\/radiolitoral.com\\\/2023\\\/03\\\/el-candidato-del-pp-a-la-alcaldia-de-calp-cesar-sanchez-apuesta-por-dar-continuidad-al-ano-bofill\\\/\"]}]},{\"@type\":\"ImageObject\",\"inLanguage\":\"ca\",\"@id\":\"https:\\\/\\\/radiolitoral.com\\\/2023\\\/03\\\/el-candidato-del-pp-a-la-alcaldia-de-calp-cesar-sanchez-apuesta-por-dar-continuidad-al-ano-bofill\\\/#primaryimage\",\"url\":\"https:\\\/\\\/media.radiolitoral.com\\\/wp-content\\\/uploads\\\/2023\\\/02\\\/24143220\\\/Calp.-Ano-Bofill-presentacion-Muralla-Roja-3.jpg\",\"contentUrl\":\"https:\\\/\\\/media.radiolitoral.com\\\/wp-content\\\/uploads\\\/2023\\\/02\\\/24143220\\\/Calp.-Ano-Bofill-presentacion-Muralla-Roja-3.jpg\",\"width\":2048,\"height\":1536},{\"@type\":\"BreadcrumbList\",\"@id\":\"https:\\\/\\\/radiolitoral.com\\\/2023\\\/03\\\/el-candidato-del-pp-a-la-alcaldia-de-calp-cesar-sanchez-apuesta-por-dar-continuidad-al-ano-bofill\\\/#breadcrumb\",\"itemListElement\":[{\"@type\":\"ListItem\",\"position\":1,\"name\":\"Portada\",\"item\":\"https:\\\/\\\/radiolitoral.com\\\/\"},{\"@type\":\"ListItem\",\"position\":2,\"name\":\"El candidato del PP a la alcald\u00eda de Calp, C\u00e9sar S\u00e1nchez, apuesta por dar continuidad al A\u00f1o Bofill\"}]},{\"@type\":\"WebSite\",\"@id\":\"https:\\\/\\\/radiolitoral.com\\\/#website\",\"url\":\"https:\\\/\\\/radiolitoral.com\\\/\",\"name\":\"Radio Litoral\",\"description\":\"La radio local de la Marina Alta\",\"publisher\":{\"@id\":\"https:\\\/\\\/radiolitoral.com\\\/#organization\"},\"alternateName\":\"Litoral FM\",\"potentialAction\":[{\"@type\":\"SearchAction\",\"target\":{\"@type\":\"EntryPoint\",\"urlTemplate\":\"https:\\\/\\\/radiolitoral.com\\\/?s={search_term_string}\"},\"query-input\":{\"@type\":\"PropertyValueSpecification\",\"valueRequired\":true,\"valueName\":\"search_term_string\"}}],\"inLanguage\":\"ca\"},{\"@type\":\"Organization\",\"@id\":\"https:\\\/\\\/radiolitoral.com\\\/#organization\",\"name\":\"Radio Litoral\",\"url\":\"https:\\\/\\\/radiolitoral.com\\\/\",\"logo\":{\"@type\":\"ImageObject\",\"inLanguage\":\"ca\",\"@id\":\"https:\\\/\\\/radiolitoral.com\\\/#\\\/schema\\\/logo\\\/image\\\/\",\"url\":\"https:\\\/\\\/media.radiolitoral.com\\\/wp-content\\\/uploads\\\/2023\\\/02\\\/24143238\\\/CL-V-RadioLitoral696.png\",\"contentUrl\":\"https:\\\/\\\/media.radiolitoral.com\\\/wp-content\\\/uploads\\\/2023\\\/02\\\/24143238\\\/CL-V-RadioLitoral696.png\",\"width\":696,\"height\":696,\"caption\":\"Radio Litoral\"},\"image\":{\"@id\":\"https:\\\/\\\/radiolitoral.com\\\/#\\\/schema\\\/logo\\\/image\\\/\"},\"sameAs\":[\"https:\\\/\\\/www.facebook.com\\\/Laradiolitoral\\\/\"]},{\"@type\":\"Person\",\"@id\":\"https:\\\/\\\/radiolitoral.com\\\/#\\\/schema\\\/person\\\/f2b2343c49b5d721857cc1002bfdb151\",\"name\":\"Redacci\u00f3n\",\"image\":{\"@type\":\"ImageObject\",\"inLanguage\":\"ca\",\"@id\":\"https:\\\/\\\/secure.gravatar.com\\\/avatar\\\/f771d896c203ad8b3382d7905cfcce5a5c9b008b84b3cd9114e9b9f4cb63f789?s=96&d=mm&r=g\",\"url\":\"https:\\\/\\\/secure.gravatar.com\\\/avatar\\\/f771d896c203ad8b3382d7905cfcce5a5c9b008b84b3cd9114e9b9f4cb63f789?s=96&d=mm&r=g\",\"contentUrl\":\"https:\\\/\\\/secure.gravatar.com\\\/avatar\\\/f771d896c203ad8b3382d7905cfcce5a5c9b008b84b3cd9114e9b9f4cb63f789?s=96&d=mm&r=g\",\"caption\":\"Redacci\u00f3n\"},\"url\":\"https:\\\/\\\/radiolitoral.com\\\/ca\\\/author\\\/miriam-pagan\\\/\"}]}<\/script>\n<!-- \/ Yoast SEO plugin. -->","yoast_head_json":{"title":"El candidat del PP a l&#039;alcaldia de Calp, C\u00e9sar S\u00e1nchez, aposta per donar continu\u00eftat a l&#039;Any Bofill | R\u00e0dio Litoral","description":"La seva intenci\u00f3 \u00e9s convertir Ricardo Bofill en una de les icones de la promoci\u00f3 tur\u00edstica a nivell nacional i internacional. La seva intenci\u00f3 \u00e9s convertir Ricardo Bofill en una de les icones de la promoci\u00f3 tur\u00edstica a nivell nacional i internacional.","robots":{"index":"index","follow":"follow","max-snippet":"max-snippet:-1","max-image-preview":"max-image-preview:large","max-video-preview":"max-video-preview:-1"},"canonical":"https:\/\/radiolitoral.com\/ca\/2023\/03\/el-candidat-del-pp-a-lalcaldia-de-calp-cessar-sanchez-aposta-per-donar-continuitat-a-lanus-bofill\/","og_locale":"ca_ES","og_type":"article","og_title":"El candidato del PP a la alcald\u00eda de Calp, C\u00e9sar S\u00e1nchez, apuesta por dar continuidad al A\u00f1o Bofill | R\u00e0dio Litoral","og_description":"Su intenci\u00f3n es convertir a Ricardo Bofill en uno de los iconos de la promoci\u00f3n tur\u00edstica a nivel nacional e internacional su intenci\u00f3n es convertir a Ricardo Bofill en uno de los iconos de la promoci\u00f3n tur\u00edstica a nivel nacional e internacional","og_url":"https:\/\/radiolitoral.com\/ca\/2023\/03\/el-candidat-del-pp-a-lalcaldia-de-calp-cessar-sanchez-aposta-per-donar-continuitat-a-lanus-bofill\/","og_site_name":"R\u00e0dio Litoral","article_publisher":"https:\/\/www.facebook.com\/Laradiolitoral\/","article_published_time":"2023-03-09T11:41:41+00:00","article_modified_time":"2023-03-09T18:42:46+00:00","og_image":[{"width":2048,"height":1536,"url":"https:\/\/media.radiolitoral.com\/wp-content\/uploads\/2023\/02\/24143220\/Calp.-Ano-Bofill-presentacion-Muralla-Roja-3.jpg","type":"image\/jpeg"}],"author":"Redacci\u00f3n","twitter_card":"summary_large_image","twitter_misc":{"Escrit per":"Redacci\u00f3n","Temps estimat de lectura":"1 minut"},"schema":{"@context":"https:\/\/schema.org","@graph":[{"@type":"NewsArticle","@id":"https:\/\/radiolitoral.com\/2023\/03\/el-candidato-del-pp-a-la-alcaldia-de-calp-cesar-sanchez-apuesta-por-dar-continuidad-al-ano-bofill\/#article","isPartOf":{"@id":"https:\/\/radiolitoral.com\/2023\/03\/el-candidato-del-pp-a-la-alcaldia-de-calp-cesar-sanchez-apuesta-por-dar-continuidad-al-ano-bofill\/"},"author":{"name":"Redacci\u00f3n","@id":"https:\/\/radiolitoral.com\/#\/schema\/person\/f2b2343c49b5d721857cc1002bfdb151"},"headline":"El candidato del PP a la alcald\u00eda de Calp, C\u00e9sar S\u00e1nchez, apuesta por dar continuidad al A\u00f1o Bofill","datePublished":"2023-03-09T11:41:41+00:00","dateModified":"2023-03-09T18:42:46+00:00","mainEntityOfPage":{"@id":"https:\/\/radiolitoral.com\/2023\/03\/el-candidato-del-pp-a-la-alcaldia-de-calp-cesar-sanchez-apuesta-por-dar-continuidad-al-ano-bofill\/"},"wordCount":197,"commentCount":0,"publisher":{"@id":"https:\/\/radiolitoral.com\/#organization"},"image":{"@id":"https:\/\/radiolitoral.com\/2023\/03\/el-candidato-del-pp-a-la-alcaldia-de-calp-cesar-sanchez-apuesta-por-dar-continuidad-al-ano-bofill\/#primaryimage"},"thumbnailUrl":"https:\/\/media.radiolitoral.com\/wp-content\/uploads\/2023\/02\/24143220\/Calp.-Ano-Bofill-presentacion-Muralla-Roja-3.jpg","keywords":["A\u00f1o Bofill","Calp","Calpe"],"articleSection":["Cultura"],"inLanguage":"ca","potentialAction":[{"@type":"CommentAction","name":"Comment","target":["https:\/\/radiolitoral.com\/2023\/03\/el-candidato-del-pp-a-la-alcaldia-de-calp-cesar-sanchez-apuesta-por-dar-continuidad-al-ano-bofill\/#respond"]}]},{"@type":["WebPage","ItemPage"],"@id":"https:\/\/radiolitoral.com\/2023\/03\/el-candidato-del-pp-a-la-alcaldia-de-calp-cesar-sanchez-apuesta-por-dar-continuidad-al-ano-bofill\/","url":"https:\/\/radiolitoral.com\/2023\/03\/el-candidato-del-pp-a-la-alcaldia-de-calp-cesar-sanchez-apuesta-por-dar-continuidad-al-ano-bofill\/","name":"El candidat del PP a l&#039;alcaldia de Calp, C\u00e9sar S\u00e1nchez, aposta per donar continu\u00eftat a l&#039;Any Bofill | R\u00e0dio Litoral","isPartOf":{"@id":"https:\/\/radiolitoral.com\/#website"},"primaryImageOfPage":{"@id":"https:\/\/radiolitoral.com\/2023\/03\/el-candidato-del-pp-a-la-alcaldia-de-calp-cesar-sanchez-apuesta-por-dar-continuidad-al-ano-bofill\/#primaryimage"},"image":{"@id":"https:\/\/radiolitoral.com\/2023\/03\/el-candidato-del-pp-a-la-alcaldia-de-calp-cesar-sanchez-apuesta-por-dar-continuidad-al-ano-bofill\/#primaryimage"},"thumbnailUrl":"https:\/\/media.radiolitoral.com\/wp-content\/uploads\/2023\/02\/24143220\/Calp.-Ano-Bofill-presentacion-Muralla-Roja-3.jpg","datePublished":"2023-03-09T11:41:41+00:00","dateModified":"2023-03-09T18:42:46+00:00","description":"La seva intenci\u00f3 \u00e9s convertir Ricardo Bofill en una de les icones de la promoci\u00f3 tur\u00edstica a nivell nacional i internacional. La seva intenci\u00f3 \u00e9s convertir Ricardo Bofill en una de les icones de la promoci\u00f3 tur\u00edstica a nivell nacional i internacional.","breadcrumb":{"@id":"https:\/\/radiolitoral.com\/2023\/03\/el-candidato-del-pp-a-la-alcaldia-de-calp-cesar-sanchez-apuesta-por-dar-continuidad-al-ano-bofill\/#breadcrumb"},"inLanguage":"ca","potentialAction":[{"@type":"ReadAction","target":["https:\/\/radiolitoral.com\/2023\/03\/el-candidato-del-pp-a-la-alcaldia-de-calp-cesar-sanchez-apuesta-por-dar-continuidad-al-ano-bofill\/"]}]},{"@type":"ImageObject","inLanguage":"ca","@id":"https:\/\/radiolitoral.com\/2023\/03\/el-candidato-del-pp-a-la-alcaldia-de-calp-cesar-sanchez-apuesta-por-dar-continuidad-al-ano-bofill\/#primaryimage","url":"https:\/\/media.radiolitoral.com\/wp-content\/uploads\/2023\/02\/24143220\/Calp.-Ano-Bofill-presentacion-Muralla-Roja-3.jpg","contentUrl":"https:\/\/media.radiolitoral.com\/wp-content\/uploads\/2023\/02\/24143220\/Calp.-Ano-Bofill-presentacion-Muralla-Roja-3.jpg","width":2048,"height":1536},{"@type":"BreadcrumbList","@id":"https:\/\/radiolitoral.com\/2023\/03\/el-candidato-del-pp-a-la-alcaldia-de-calp-cesar-sanchez-apuesta-por-dar-continuidad-al-ano-bofill\/#breadcrumb","itemListElement":[{"@type":"ListItem","position":1,"name":"Portada","item":"https:\/\/radiolitoral.com\/"},{"@type":"ListItem","position":2,"name":"El candidato del PP a la alcald\u00eda de Calp, C\u00e9sar S\u00e1nchez, apuesta por dar continuidad al A\u00f1o Bofill"}]},{"@type":"WebSite","@id":"https:\/\/radiolitoral.com\/#website","url":"https:\/\/radiolitoral.com\/","name":"R\u00e0dio Litoral","description":"La r\u00e0dio local de la Marina Alta","publisher":{"@id":"https:\/\/radiolitoral.com\/#organization"},"alternateName":"Litoral FM","potentialAction":[{"@type":"SearchAction","target":{"@type":"EntryPoint","urlTemplate":"https:\/\/radiolitoral.com\/?s={search_term_string}"},"query-input":{"@type":"PropertyValueSpecification","valueRequired":true,"valueName":"search_term_string"}}],"inLanguage":"ca"},{"@type":"Organization","@id":"https:\/\/radiolitoral.com\/#organization","name":"R\u00e0dio Litoral","url":"https:\/\/radiolitoral.com\/","logo":{"@type":"ImageObject","inLanguage":"ca","@id":"https:\/\/radiolitoral.com\/#\/schema\/logo\/image\/","url":"https:\/\/media.radiolitoral.com\/wp-content\/uploads\/2023\/02\/24143238\/CL-V-RadioLitoral696.png","contentUrl":"https:\/\/media.radiolitoral.com\/wp-content\/uploads\/2023\/02\/24143238\/CL-V-RadioLitoral696.png","width":696,"height":696,"caption":"Radio Litoral"},"image":{"@id":"https:\/\/radiolitoral.com\/#\/schema\/logo\/image\/"},"sameAs":["https:\/\/www.facebook.com\/Laradiolitoral\/"]},{"@type":"Person","@id":"https:\/\/radiolitoral.com\/#\/schema\/person\/f2b2343c49b5d721857cc1002bfdb151","name":"Redacci\u00f3","image":{"@type":"ImageObject","inLanguage":"ca","@id":"https:\/\/secure.gravatar.com\/avatar\/f771d896c203ad8b3382d7905cfcce5a5c9b008b84b3cd9114e9b9f4cb63f789?s=96&d=mm&r=g","url":"https:\/\/secure.gravatar.com\/avatar\/f771d896c203ad8b3382d7905cfcce5a5c9b008b84b3cd9114e9b9f4cb63f789?s=96&d=mm&r=g","contentUrl":"https:\/\/secure.gravatar.com\/avatar\/f771d896c203ad8b3382d7905cfcce5a5c9b008b84b3cd9114e9b9f4cb63f789?s=96&d=mm&r=g","caption":"Redacci\u00f3n"},"url":"https:\/\/radiolitoral.com\/ca\/author\/miriam-pagan\/"}]}},"_links":{"self":[{"href":"https:\/\/radiolitoral.com\/ca\/wp-json\/wp\/v2\/posts\/1143","targetHints":{"allow":["GET"]}}],"collection":[{"href":"https:\/\/radiolitoral.com\/ca\/wp-json\/wp\/v2\/posts"}],"about":[{"href":"https:\/\/radiolitoral.com\/ca\/wp-json\/wp\/v2\/types\/post"}],"author":[{"embeddable":true,"href":"https:\/\/radiolitoral.com\/ca\/wp-json\/wp\/v2\/users\/13"}],"replies":[{"embeddable":true,"href":"https:\/\/radiolitoral.com\/ca\/wp-json\/wp\/v2\/comments?post=1143"}],"version-history":[{"count":5,"href":"https:\/\/radiolitoral.com\/ca\/wp-json\/wp\/v2\/posts\/1143\/revisions"}],"predecessor-version":[{"id":1168,"href":"https:\/\/radiolitoral.com\/ca\/wp-json\/wp\/v2\/posts\/1143\/revisions\/1168"}],"wp:featuredmedia":[{"embeddable":true,"href":"https:\/\/radiolitoral.com\/ca\/wp-json\/wp\/v2\/media\/932"}],"wp:attachment":[{"href":"https:\/\/radiolitoral.com\/ca\/wp-json\/wp\/v2\/media?parent=1143"}],"wp:term":[{"taxonomy":"category","embeddable":true,"href":"https:\/\/radiolitoral.com\/ca\/wp-json\/wp\/v2\/categories?post=1143"},{"taxonomy":"post_tag","embeddable":true,"href":"https:\/\/radiolitoral.com\/ca\/wp-json\/wp\/v2\/tags?post=1143"}],"curies":[{"name":"wp","href":"https:\/\/api.w.org\/{rel}","templated":true}]}}