{"id":11418,"date":"2024-09-16T11:54:45","date_gmt":"2024-09-16T09:54:45","guid":{"rendered":"https:\/\/radiolitoral.com\/?p=11418"},"modified":"2024-09-16T12:00:23","modified_gmt":"2024-09-16T10:00:23","slug":"benissa-rebaixa-libi-2025","status":"publish","type":"post","link":"https:\/\/radiolitoral.com\/ca\/2024\/09\/benissa-rebaixa-libi-2025\/","title":{"rendered":"L&#039;Ajuntament de Benissa anuncia una rebaixa de l&#039;IBI el 2025"},"content":{"rendered":"<p>Amb l&#039;inici del curs pol\u00edtic, l&#039;<strong>equip de govern de l&#039;Ajuntament de Benissa<\/strong> ja est\u00e0 treballant a l&#039;<strong>elaboraci\u00f3 dels Pressupostos Municipals del 2025.<\/strong><\/p>\n<p>El document econ\u00f2mic m\u00e9s important del consistori s&#039;estructurar\u00e0 al voltant de<strong> cinc eixos clau<\/strong>: inversions per a <span class=\"hiddenSuggestion\">aquesta<\/span> legislatura, contenci\u00f3 del gasto corrent, aplicaci\u00f3 de la nova normativa europea sobre la taxa de residus, rebaixa de l&#039;Impost de Bens Immobles (IBI) i foment de la participaci\u00f3 ciutadana.<\/p>\n<h3>Inversions clau per al 2025<\/h3>\n<p>El cap\u00edtol d&#039;inversions continuar\u00e0 tenint un pes significatiu al pressupost municipal de Benissa. El 2025, es materialitzar\u00e0 una de les grans inversions a l&#039;\u00e0rea esportiva benissera, l&#039;esperada <strong>Pista d&#039;Atletisme.<\/strong> Les obres comen\u00e7aran les properes setmanas i s&#039;espera que finalitzin el primer semestre de l&#039;any.<\/p>\n<p>Aix\u00ed mateix, s&#039;iniciaran els <strong>obres d&#039;urbanitzaci\u00f3 de l&#039;exterior del nou Ajuntament<\/strong> i s&#039;avan\u00e7ar\u00e0 a la creaci\u00f3 del Centre de Dia.<\/p>\n<h3>Contenci\u00f3 del gasto corrent<\/h3>\n<p>El document econ\u00f2mic per al proper exercici se centra en una <strong>contenci\u00f3 del gasto corrent,<\/strong> principalment gr\u00e0cies a un nou conveni marc amb lempresa de subministrament el\u00e8ctric, que permetr\u00e0 reduir considerablement la factura de la llum del consistori.<\/p>\n<h3>Nova taxa de fem per imperatiu legal<\/h3>\n<p>L&#039;any 2025 entra en vigor la Llei 7\/2022 de 8 d&#039;abril, de residus i s\u00f2ls contaminats per a una economia circular, que obliga els ajuntaments a ajustar la taxa de fem per cobrir el cost real dels serveis de recollida, transport i tractament de residus. L&#039;Ajuntament de Benissa <strong>estudia bonificacions per a les rendes baixes i col\u00b7lectius vulnerables, beneficiant moltes fam\u00edlies del municipi.<\/strong><\/p>\n<p>A m\u00e9s, es llan\u00e7aran campanyes de conscienciaci\u00f3 per a <strong>promoure la cultura del reciclatge i reduir els costos de recollida i tractament<\/strong>, millorant la qualitat de vida a Benissa. S&#039;estan estudiant futurs <strong>bonificacions per l&#039;\u00fas correcte dels punts de reciclatge<\/strong>.<\/p>\n<h3>Reducci\u00f3 de la pressi\u00f3 fiscal: Benissa rebaixar\u00e0 l&#039;IBI el 2025<\/h3>\n<p>Gr\u00e0cies al nou conveni marc del preu de la llum ia la nova taxa de fem, l&#039;equip de govern ha decidit<strong> rebaixar l&#039;Impost de Bens Immobles (IBI) el 2025<\/strong>. <span class=\"hiddenSuggestion\">Aquesta<\/span> mesura <strong>representar\u00e0 un estalvi significatiu per als ve\u00efns de Benissa<\/strong>, despr\u00e9s d&#039;un any de desafiaments econ\u00f2mics.<\/p>\n<p>L&#039;<strong>alcalde de Benissa, <span class=\"hiddenSpellError\">Arturo<\/span> Poquet,<\/strong> ha assegurat que \u201cel 2025 els benissers i benissers paguessin menys en impostos municipals\u201d.<\/p>\n<h3>40.000 \u20ac a Pressupostos Participatius<\/h3>\n<p>L&#039;Ajuntament de Benissa, comprom\u00e8s amb la participaci\u00f3 ciutadana, ha llan\u00e7at una<strong> nova edici\u00f3 dels Pressupostos Participatius<\/strong>. Actualment, les 20 propostes ciutadanes seleccionades estan en fase de votaci\u00f3.<\/p>\n<p>L&#039;Ajuntament invertir\u00e0<strong> 40.000 \u20ac del pressupost del 2025<\/strong> per executar les propostes m\u00e9s votades pels ve\u00efns.<\/p>\n<p>En les properes setmanas es presentar\u00e0 el primer esborrany dels Pressupostos Municipals als grups de l&#039;oposici\u00f3, cercant el m\u00e0xim consens al document m\u00e9s important de l&#039;Ajuntament de Benissa.<\/p>","protected":false},"excerpt":{"rendered":"<p>Amb l&#8217;inici del curs pol\u00edtic, l&#8217;equip de govern de l&#8217;Ajuntament de Benissa ja est\u00e0 treballant en l&#8217;elaboraci\u00f3 dels Pressupostos Municipals de 2025. El document econ\u00f2mic m\u00e9s important del consistori s&#8217;estructurar\u00e0 al voltant de cinc eixos clau: inversions per a aquesta legislatura, contenci\u00f3 de la despesa corrent, aplicaci\u00f3 de la nova normativa europea sobre la taxa [&#8230;]<\/p>\n<p><a class=\"btn btn-secondary understrap-read-more-link\" href=\"https:\/\/radiolitoral.com\/ca\/2024\/09\/benissa-rebaixa-libi-2025\/\">Continua llegint&#8230;<span class=\"screen-reader-text\"> from L&#8217;Ajuntament de Benissa anuncia una rebaixa de l&#8217;IBI a 2025<\/span><\/a><\/p>\n","protected":false},"author":13,"featured_media":7298,"comment_status":"open","ping_status":"closed","sticky":false,"template":"","format":"standard","meta":{"_acf_changed":false,"inline_featured_image":false,"footnotes":""},"categories":[861],"tags":[126,2225,976,977],"class_list":["post-11418","post","type-post","status-publish","format-standard","has-post-thumbnail","hentry","category-presupuestos","tag-benissa","tag-ibi","tag-politica-municipal","tag-presupuesto-municipal","cobertura-benissa"],"acf":[],"yoast_head":"<!-- This site is optimized with the Yoast SEO plugin v27.5 - https:\/\/yoast.com\/product\/yoast-seo-wordpress\/ -->\n<title>L&#039;Ajuntament de Benissa anuncia una rebaixa de l&#039;IBI a 2025 | R\u00e0dio Litoral<\/title>\n<meta name=\"description\" content=\"L&#039;equip de govern, del PP, est\u00e0 treballant en l&#039;elaboraci\u00f3 del seu Pressupost Municipal per al pr\u00f2xim exercici L&#039;equip de govern, del PP, est\u00e0 treballant en l&#039;elaboraci\u00f3 del seu Pressupost Municipal per al pr\u00f2xim exercici\" \/>\n<meta name=\"robots\" content=\"index, follow, max-snippet:-1, max-image-preview:large, max-video-preview:-1\" \/>\n<link rel=\"canonical\" href=\"https:\/\/radiolitoral.com\/ca\/2024\/09\/benissa-rebaixa-libi-2025\/\" \/>\n<meta property=\"og:locale\" content=\"ca_ES\" \/>\n<meta property=\"og:type\" content=\"article\" \/>\n<meta property=\"og:title\" content=\"L&#039;Ajuntament de Benissa anuncia una rebaixa de l&#039;IBI a 2025 | R\u00e0dio Litoral\" \/>\n<meta property=\"og:description\" content=\"L&#039;equip de govern, del PP, est\u00e0 treballant en l&#039;elaboraci\u00f3 del seu Pressupost Municipal per al pr\u00f2xim exercici L&#039;equip de govern, del PP, est\u00e0 treballant en l&#039;elaboraci\u00f3 del seu Pressupost Municipal per al pr\u00f2xim exercici\" \/>\n<meta property=\"og:url\" content=\"https:\/\/radiolitoral.com\/ca\/2024\/09\/benissa-rebaixa-libi-2025\/\" \/>\n<meta property=\"og:site_name\" content=\"R\u00e0dio Litoral\" \/>\n<meta property=\"article:publisher\" content=\"https:\/\/www.facebook.com\/Laradiolitoral\/\" \/>\n<meta property=\"article:published_time\" content=\"2024-09-16T09:54:45+00:00\" \/>\n<meta property=\"article:modified_time\" content=\"2024-09-16T10:00:23+00:00\" \/>\n<meta property=\"og:image\" content=\"https:\/\/media.radiolitoral.com\/wp-content\/uploads\/2024\/03\/11144700\/Benissa.-Ayuntamiento-balcon.jpg\" \/>\n\t<meta property=\"og:image:width\" content=\"670\" \/>\n\t<meta property=\"og:image:height\" content=\"395\" \/>\n\t<meta property=\"og:image:type\" content=\"image\/jpeg\" \/>\n<meta name=\"author\" content=\"Redacci\u00f3n\" \/>\n<meta name=\"twitter:card\" content=\"summary_large_image\" \/>\n<meta name=\"twitter:label1\" content=\"Escrit per\" \/>\n\t<meta name=\"twitter:data1\" content=\"Redacci\u00f3n\" \/>\n\t<meta name=\"twitter:label2\" content=\"Temps estimat de lectura\" \/>\n\t<meta name=\"twitter:data2\" content=\"3 minuts\" \/>\n<script type=\"application\/ld+json\" class=\"yoast-schema-graph\">{\"@context\":\"https:\\\/\\\/schema.org\",\"@graph\":[{\"@type\":\"NewsArticle\",\"@id\":\"https:\\\/\\\/radiolitoral.com\\\/2024\\\/09\\\/benissa-rebaixa-libi-2025\\\/#article\",\"isPartOf\":{\"@id\":\"https:\\\/\\\/radiolitoral.com\\\/2024\\\/09\\\/benissa-rebaixa-libi-2025\\\/\"},\"author\":{\"name\":\"Redacci\u00f3n\",\"@id\":\"https:\\\/\\\/radiolitoral.com\\\/#\\\/schema\\\/person\\\/f2b2343c49b5d721857cc1002bfdb151\"},\"headline\":\"L&#8217;Ajuntament de Benissa anuncia una rebaixa de l&#8217;IBI a 2025\",\"datePublished\":\"2024-09-16T09:54:45+00:00\",\"dateModified\":\"2024-09-16T10:00:23+00:00\",\"mainEntityOfPage\":{\"@id\":\"https:\\\/\\\/radiolitoral.com\\\/2024\\\/09\\\/benissa-rebaixa-libi-2025\\\/\"},\"wordCount\":506,\"commentCount\":0,\"publisher\":{\"@id\":\"https:\\\/\\\/radiolitoral.com\\\/#organization\"},\"image\":{\"@id\":\"https:\\\/\\\/radiolitoral.com\\\/2024\\\/09\\\/benissa-rebaixa-libi-2025\\\/#primaryimage\"},\"thumbnailUrl\":\"https:\\\/\\\/media.radiolitoral.com\\\/wp-content\\\/uploads\\\/2024\\\/03\\\/11144700\\\/Benissa.-Ayuntamiento-balcon.jpg\",\"keywords\":[\"Benissa\",\"IBI\",\"pol\u00edtica municipal\",\"presupuesto municipal\"],\"articleSection\":[\"Presupuestos\"],\"inLanguage\":\"ca\",\"potentialAction\":[{\"@type\":\"CommentAction\",\"name\":\"Comment\",\"target\":[\"https:\\\/\\\/radiolitoral.com\\\/2024\\\/09\\\/benissa-rebaixa-libi-2025\\\/#respond\"]}]},{\"@type\":[\"WebPage\",\"ItemPage\"],\"@id\":\"https:\\\/\\\/radiolitoral.com\\\/2024\\\/09\\\/benissa-rebaixa-libi-2025\\\/\",\"url\":\"https:\\\/\\\/radiolitoral.com\\\/2024\\\/09\\\/benissa-rebaixa-libi-2025\\\/\",\"name\":\"L'Ajuntament de Benissa anuncia una rebaixa de l'IBI a 2025 | R\u00e0dio Litoral\",\"isPartOf\":{\"@id\":\"https:\\\/\\\/radiolitoral.com\\\/#website\"},\"primaryImageOfPage\":{\"@id\":\"https:\\\/\\\/radiolitoral.com\\\/2024\\\/09\\\/benissa-rebaixa-libi-2025\\\/#primaryimage\"},\"image\":{\"@id\":\"https:\\\/\\\/radiolitoral.com\\\/2024\\\/09\\\/benissa-rebaixa-libi-2025\\\/#primaryimage\"},\"thumbnailUrl\":\"https:\\\/\\\/media.radiolitoral.com\\\/wp-content\\\/uploads\\\/2024\\\/03\\\/11144700\\\/Benissa.-Ayuntamiento-balcon.jpg\",\"datePublished\":\"2024-09-16T09:54:45+00:00\",\"dateModified\":\"2024-09-16T10:00:23+00:00\",\"description\":\"L'equip de govern, del PP, est\u00e0 treballant en l'elaboraci\u00f3 del seu Pressupost Municipal per al pr\u00f2xim exercici L'equip de govern, del PP, est\u00e0 treballant en l'elaboraci\u00f3 del seu Pressupost Municipal per al pr\u00f2xim exercici\",\"breadcrumb\":{\"@id\":\"https:\\\/\\\/radiolitoral.com\\\/2024\\\/09\\\/benissa-rebaixa-libi-2025\\\/#breadcrumb\"},\"inLanguage\":\"ca\",\"potentialAction\":[{\"@type\":\"ReadAction\",\"target\":[\"https:\\\/\\\/radiolitoral.com\\\/2024\\\/09\\\/benissa-rebaixa-libi-2025\\\/\"]}]},{\"@type\":\"ImageObject\",\"inLanguage\":\"ca\",\"@id\":\"https:\\\/\\\/radiolitoral.com\\\/2024\\\/09\\\/benissa-rebaixa-libi-2025\\\/#primaryimage\",\"url\":\"https:\\\/\\\/media.radiolitoral.com\\\/wp-content\\\/uploads\\\/2024\\\/03\\\/11144700\\\/Benissa.-Ayuntamiento-balcon.jpg\",\"contentUrl\":\"https:\\\/\\\/media.radiolitoral.com\\\/wp-content\\\/uploads\\\/2024\\\/03\\\/11144700\\\/Benissa.-Ayuntamiento-balcon.jpg\",\"width\":670,\"height\":395},{\"@type\":\"BreadcrumbList\",\"@id\":\"https:\\\/\\\/radiolitoral.com\\\/2024\\\/09\\\/benissa-rebaixa-libi-2025\\\/#breadcrumb\",\"itemListElement\":[{\"@type\":\"ListItem\",\"position\":1,\"name\":\"Portada\",\"item\":\"https:\\\/\\\/radiolitoral.com\\\/\"},{\"@type\":\"ListItem\",\"position\":2,\"name\":\"L&#8217;Ajuntament de Benissa anuncia una rebaixa de l&#8217;IBI a 2025\"}]},{\"@type\":\"WebSite\",\"@id\":\"https:\\\/\\\/radiolitoral.com\\\/#website\",\"url\":\"https:\\\/\\\/radiolitoral.com\\\/\",\"name\":\"Radio Litoral\",\"description\":\"La radio local de la Marina Alta\",\"publisher\":{\"@id\":\"https:\\\/\\\/radiolitoral.com\\\/#organization\"},\"alternateName\":\"Litoral FM\",\"potentialAction\":[{\"@type\":\"SearchAction\",\"target\":{\"@type\":\"EntryPoint\",\"urlTemplate\":\"https:\\\/\\\/radiolitoral.com\\\/?s={search_term_string}\"},\"query-input\":{\"@type\":\"PropertyValueSpecification\",\"valueRequired\":true,\"valueName\":\"search_term_string\"}}],\"inLanguage\":\"ca\"},{\"@type\":\"Organization\",\"@id\":\"https:\\\/\\\/radiolitoral.com\\\/#organization\",\"name\":\"Radio Litoral\",\"url\":\"https:\\\/\\\/radiolitoral.com\\\/\",\"logo\":{\"@type\":\"ImageObject\",\"inLanguage\":\"ca\",\"@id\":\"https:\\\/\\\/radiolitoral.com\\\/#\\\/schema\\\/logo\\\/image\\\/\",\"url\":\"https:\\\/\\\/media.radiolitoral.com\\\/wp-content\\\/uploads\\\/2023\\\/02\\\/24143238\\\/CL-V-RadioLitoral696.png\",\"contentUrl\":\"https:\\\/\\\/media.radiolitoral.com\\\/wp-content\\\/uploads\\\/2023\\\/02\\\/24143238\\\/CL-V-RadioLitoral696.png\",\"width\":696,\"height\":696,\"caption\":\"Radio Litoral\"},\"image\":{\"@id\":\"https:\\\/\\\/radiolitoral.com\\\/#\\\/schema\\\/logo\\\/image\\\/\"},\"sameAs\":[\"https:\\\/\\\/www.facebook.com\\\/Laradiolitoral\\\/\"]},{\"@type\":\"Person\",\"@id\":\"https:\\\/\\\/radiolitoral.com\\\/#\\\/schema\\\/person\\\/f2b2343c49b5d721857cc1002bfdb151\",\"name\":\"Redacci\u00f3n\",\"image\":{\"@type\":\"ImageObject\",\"inLanguage\":\"ca\",\"@id\":\"https:\\\/\\\/secure.gravatar.com\\\/avatar\\\/f771d896c203ad8b3382d7905cfcce5a5c9b008b84b3cd9114e9b9f4cb63f789?s=96&d=mm&r=g\",\"url\":\"https:\\\/\\\/secure.gravatar.com\\\/avatar\\\/f771d896c203ad8b3382d7905cfcce5a5c9b008b84b3cd9114e9b9f4cb63f789?s=96&d=mm&r=g\",\"contentUrl\":\"https:\\\/\\\/secure.gravatar.com\\\/avatar\\\/f771d896c203ad8b3382d7905cfcce5a5c9b008b84b3cd9114e9b9f4cb63f789?s=96&d=mm&r=g\",\"caption\":\"Redacci\u00f3n\"},\"url\":\"https:\\\/\\\/radiolitoral.com\\\/ca\\\/author\\\/miriam-pagan\\\/\"}]}<\/script>\n<!-- \/ Yoast SEO plugin. -->","yoast_head_json":{"title":"L&#039;Ajuntament de Benissa anuncia una rebaixa de l&#039;IBI el 2025 | R\u00e0dio Litoral","description":"L&#039;equip de govern, del PP, est\u00e0 treballant en l&#039;elaboraci\u00f3 del seu pressupost municipal per al proper exercici L&#039;equip de govern, del PP, est\u00e0 treballant en l&#039;elaboraci\u00f3 del seu pressupost municipal per al proper exercici","robots":{"index":"index","follow":"follow","max-snippet":"max-snippet:-1","max-image-preview":"max-image-preview:large","max-video-preview":"max-video-preview:-1"},"canonical":"https:\/\/radiolitoral.com\/ca\/2024\/09\/benissa-rebaixa-libi-2025\/","og_locale":"ca_ES","og_type":"article","og_title":"L'Ajuntament de Benissa anuncia una rebaixa de l'IBI a 2025 | R\u00e0dio Litoral","og_description":"L'equip de govern, del PP, est\u00e0 treballant en l'elaboraci\u00f3 del seu Pressupost Municipal per al pr\u00f2xim exercici L'equip de govern, del PP, est\u00e0 treballant en l'elaboraci\u00f3 del seu Pressupost Municipal per al pr\u00f2xim exercici","og_url":"https:\/\/radiolitoral.com\/ca\/2024\/09\/benissa-rebaixa-libi-2025\/","og_site_name":"R\u00e0dio Litoral","article_publisher":"https:\/\/www.facebook.com\/Laradiolitoral\/","article_published_time":"2024-09-16T09:54:45+00:00","article_modified_time":"2024-09-16T10:00:23+00:00","og_image":[{"width":670,"height":395,"url":"https:\/\/media.radiolitoral.com\/wp-content\/uploads\/2024\/03\/11144700\/Benissa.-Ayuntamiento-balcon.jpg","type":"image\/jpeg"}],"author":"Redacci\u00f3n","twitter_card":"summary_large_image","twitter_misc":{"Escrit per":"Redacci\u00f3n","Temps estimat de lectura":"3 minuts"},"schema":{"@context":"https:\/\/schema.org","@graph":[{"@type":"NewsArticle","@id":"https:\/\/radiolitoral.com\/2024\/09\/benissa-rebaixa-libi-2025\/#article","isPartOf":{"@id":"https:\/\/radiolitoral.com\/2024\/09\/benissa-rebaixa-libi-2025\/"},"author":{"name":"Redacci\u00f3n","@id":"https:\/\/radiolitoral.com\/#\/schema\/person\/f2b2343c49b5d721857cc1002bfdb151"},"headline":"L&#8217;Ajuntament de Benissa anuncia una rebaixa de l&#8217;IBI a 2025","datePublished":"2024-09-16T09:54:45+00:00","dateModified":"2024-09-16T10:00:23+00:00","mainEntityOfPage":{"@id":"https:\/\/radiolitoral.com\/2024\/09\/benissa-rebaixa-libi-2025\/"},"wordCount":506,"commentCount":0,"publisher":{"@id":"https:\/\/radiolitoral.com\/#organization"},"image":{"@id":"https:\/\/radiolitoral.com\/2024\/09\/benissa-rebaixa-libi-2025\/#primaryimage"},"thumbnailUrl":"https:\/\/media.radiolitoral.com\/wp-content\/uploads\/2024\/03\/11144700\/Benissa.-Ayuntamiento-balcon.jpg","keywords":["Benissa","IBI","pol\u00edtica municipal","presupuesto municipal"],"articleSection":["Presupuestos"],"inLanguage":"ca","potentialAction":[{"@type":"CommentAction","name":"Comment","target":["https:\/\/radiolitoral.com\/2024\/09\/benissa-rebaixa-libi-2025\/#respond"]}]},{"@type":["WebPage","ItemPage"],"@id":"https:\/\/radiolitoral.com\/2024\/09\/benissa-rebaixa-libi-2025\/","url":"https:\/\/radiolitoral.com\/2024\/09\/benissa-rebaixa-libi-2025\/","name":"L&#039;Ajuntament de Benissa anuncia una rebaixa de l&#039;IBI el 2025 | R\u00e0dio Litoral","isPartOf":{"@id":"https:\/\/radiolitoral.com\/#website"},"primaryImageOfPage":{"@id":"https:\/\/radiolitoral.com\/2024\/09\/benissa-rebaixa-libi-2025\/#primaryimage"},"image":{"@id":"https:\/\/radiolitoral.com\/2024\/09\/benissa-rebaixa-libi-2025\/#primaryimage"},"thumbnailUrl":"https:\/\/media.radiolitoral.com\/wp-content\/uploads\/2024\/03\/11144700\/Benissa.-Ayuntamiento-balcon.jpg","datePublished":"2024-09-16T09:54:45+00:00","dateModified":"2024-09-16T10:00:23+00:00","description":"L&#039;equip de govern, del PP, est\u00e0 treballant en l&#039;elaboraci\u00f3 del seu pressupost municipal per al proper exercici L&#039;equip de govern, del PP, est\u00e0 treballant en l&#039;elaboraci\u00f3 del seu pressupost municipal per al proper exercici","breadcrumb":{"@id":"https:\/\/radiolitoral.com\/2024\/09\/benissa-rebaixa-libi-2025\/#breadcrumb"},"inLanguage":"ca","potentialAction":[{"@type":"ReadAction","target":["https:\/\/radiolitoral.com\/2024\/09\/benissa-rebaixa-libi-2025\/"]}]},{"@type":"ImageObject","inLanguage":"ca","@id":"https:\/\/radiolitoral.com\/2024\/09\/benissa-rebaixa-libi-2025\/#primaryimage","url":"https:\/\/media.radiolitoral.com\/wp-content\/uploads\/2024\/03\/11144700\/Benissa.-Ayuntamiento-balcon.jpg","contentUrl":"https:\/\/media.radiolitoral.com\/wp-content\/uploads\/2024\/03\/11144700\/Benissa.-Ayuntamiento-balcon.jpg","width":670,"height":395},{"@type":"BreadcrumbList","@id":"https:\/\/radiolitoral.com\/2024\/09\/benissa-rebaixa-libi-2025\/#breadcrumb","itemListElement":[{"@type":"ListItem","position":1,"name":"Portada","item":"https:\/\/radiolitoral.com\/"},{"@type":"ListItem","position":2,"name":"L&#8217;Ajuntament de Benissa anuncia una rebaixa de l&#8217;IBI a 2025"}]},{"@type":"WebSite","@id":"https:\/\/radiolitoral.com\/#website","url":"https:\/\/radiolitoral.com\/","name":"R\u00e0dio Litoral","description":"La r\u00e0dio local de la Marina Alta","publisher":{"@id":"https:\/\/radiolitoral.com\/#organization"},"alternateName":"Litoral FM","potentialAction":[{"@type":"SearchAction","target":{"@type":"EntryPoint","urlTemplate":"https:\/\/radiolitoral.com\/?s={search_term_string}"},"query-input":{"@type":"PropertyValueSpecification","valueRequired":true,"valueName":"search_term_string"}}],"inLanguage":"ca"},{"@type":"Organization","@id":"https:\/\/radiolitoral.com\/#organization","name":"R\u00e0dio Litoral","url":"https:\/\/radiolitoral.com\/","logo":{"@type":"ImageObject","inLanguage":"ca","@id":"https:\/\/radiolitoral.com\/#\/schema\/logo\/image\/","url":"https:\/\/media.radiolitoral.com\/wp-content\/uploads\/2023\/02\/24143238\/CL-V-RadioLitoral696.png","contentUrl":"https:\/\/media.radiolitoral.com\/wp-content\/uploads\/2023\/02\/24143238\/CL-V-RadioLitoral696.png","width":696,"height":696,"caption":"Radio Litoral"},"image":{"@id":"https:\/\/radiolitoral.com\/#\/schema\/logo\/image\/"},"sameAs":["https:\/\/www.facebook.com\/Laradiolitoral\/"]},{"@type":"Person","@id":"https:\/\/radiolitoral.com\/#\/schema\/person\/f2b2343c49b5d721857cc1002bfdb151","name":"Redacci\u00f3","image":{"@type":"ImageObject","inLanguage":"ca","@id":"https:\/\/secure.gravatar.com\/avatar\/f771d896c203ad8b3382d7905cfcce5a5c9b008b84b3cd9114e9b9f4cb63f789?s=96&d=mm&r=g","url":"https:\/\/secure.gravatar.com\/avatar\/f771d896c203ad8b3382d7905cfcce5a5c9b008b84b3cd9114e9b9f4cb63f789?s=96&d=mm&r=g","contentUrl":"https:\/\/secure.gravatar.com\/avatar\/f771d896c203ad8b3382d7905cfcce5a5c9b008b84b3cd9114e9b9f4cb63f789?s=96&d=mm&r=g","caption":"Redacci\u00f3n"},"url":"https:\/\/radiolitoral.com\/ca\/author\/miriam-pagan\/"}]}},"_links":{"self":[{"href":"https:\/\/radiolitoral.com\/ca\/wp-json\/wp\/v2\/posts\/11418","targetHints":{"allow":["GET"]}}],"collection":[{"href":"https:\/\/radiolitoral.com\/ca\/wp-json\/wp\/v2\/posts"}],"about":[{"href":"https:\/\/radiolitoral.com\/ca\/wp-json\/wp\/v2\/types\/post"}],"author":[{"embeddable":true,"href":"https:\/\/radiolitoral.com\/ca\/wp-json\/wp\/v2\/users\/13"}],"replies":[{"embeddable":true,"href":"https:\/\/radiolitoral.com\/ca\/wp-json\/wp\/v2\/comments?post=11418"}],"version-history":[{"count":4,"href":"https:\/\/radiolitoral.com\/ca\/wp-json\/wp\/v2\/posts\/11418\/revisions"}],"predecessor-version":[{"id":11425,"href":"https:\/\/radiolitoral.com\/ca\/wp-json\/wp\/v2\/posts\/11418\/revisions\/11425"}],"wp:featuredmedia":[{"embeddable":true,"href":"https:\/\/radiolitoral.com\/ca\/wp-json\/wp\/v2\/media\/7298"}],"wp:attachment":[{"href":"https:\/\/radiolitoral.com\/ca\/wp-json\/wp\/v2\/media?parent=11418"}],"wp:term":[{"taxonomy":"category","embeddable":true,"href":"https:\/\/radiolitoral.com\/ca\/wp-json\/wp\/v2\/categories?post=11418"},{"taxonomy":"post_tag","embeddable":true,"href":"https:\/\/radiolitoral.com\/ca\/wp-json\/wp\/v2\/tags?post=11418"}],"curies":[{"name":"wp","href":"https:\/\/api.w.org\/{rel}","templated":true}]}}