{"id":11417,"date":"2024-09-17T10:43:45","date_gmt":"2024-09-17T08:43:45","guid":{"rendered":"https:\/\/radiolitoral.com\/?p=11417"},"modified":"2024-09-17T10:43:45","modified_gmt":"2024-09-17T08:43:45","slug":"lequip-esd-marina-rubico-es-va-coronar-campi-nacional-matx-race-juvenil-de-vela","status":"publish","type":"post","link":"https:\/\/radiolitoral.com\/ca\/2024\/09\/lequip-esd-marina-rubico-es-va-coronar-campio-nacional-match-race-juvenil-de-vela\/","title":{"rendered":"L&#039;equip ESD Marina Rubic\u00f3 es va coronar campi\u00f3 nacional Match Race Juvenil de Vela"},"content":{"rendered":"<p>El <strong>Campionat d&#039;Espanya de\u00a0<span class=\"hiddenSpellError\">Match<\/span>\u00a0<span class=\"hiddenSpellError\">Race<\/span>\u00a0Juvenil de Vela<\/strong>, celebrat al <strong>Reial Club N\u00e0utic <span class=\"hiddenSpellError\">Calp<\/span><\/strong>, ha arribat a la seva conclusi\u00f3. Despr\u00e9s de dos intensos dies de competici\u00f3 a les embarcacions Tom 28, els millors equips juvenils del pa\u00eds han demostrat la seva destresa.<\/p>\n<p>Durant el segon dia de regats, les condicions de vent del sud, amb una intensitat d&#039;entre 10 i 15 nusos, permetran la realitzaci\u00f3 de dos\u00a0<span class=\"hiddenSpellError\">flights<\/span>\u00a0decisius. Els equips que van aconseguir arribar a les fases finals van ser\u00a0<span class=\"hiddenSpellError\">Team<\/span>\u00a0<span class=\"hiddenSpellError\">Italy<\/span>,\u00a0<strong><span class=\"hiddenSpellError\">CN<\/span>\u00a0Arenal,\u00a0<span class=\"hiddenSpellError\">RCN<\/span>\u00a0Gran Can\u00e0ria<\/strong>, i <strong>Lanzarote\u00a0<span class=\"hiddenSpellError\">ESD<\/span>\u00a0Marina Rubic\u00f3<\/strong>.<\/p>\n<p>La final va enfrontar-se a\u00a0<span class=\"hiddenSpellError\">RCN<\/span>\u00a0Gran Can\u00e0ria contra Lanzarote\u00a0<span class=\"hiddenSpellError\">ESD<\/span>\u00a0Marina Rubic\u00f3, oferint una emocionant disputa en qu\u00e8 els dos equips lluitaran fins a l&#039;\u00faltim moment pel t\u00edtol. Finalment, l&#039;equip de Lanzarote\u00a0<span class=\"hiddenSpellError\">ESD<\/span>\u00a0Marina Rubic\u00f3 es va coronar com a campi\u00f3 del campionat, seguit per\u00a0<span class=\"hiddenSpellError\">RCN<\/span>\u00a0Gran Can\u00e0ria en segona posici\u00f3 i\u00a0<span class=\"hiddenSpellError\">Team<\/span>\u00a0<span class=\"hiddenSpellError\">Italy<\/span>\u00a0completant el podi en tercer lloc.<\/p>\n<p>Aquest cap de setmana ha estat testimoni de regats molt renyides, en qu\u00e8 el futur del ciri ha brillat amb llum pr\u00f2pia. Des del Reial Club N\u00e0utic <span class=\"hiddenSpellError\">Calp<\/span>, ens sentim molt orgullosos d&#039;haver acollit aquests joves talents i d&#039;haver estat seu d&#039;una competici\u00f3 tan prestigiosa, que reflecteix el nivell creixent de la vela juvenil a Espanya.<\/p>\n<figure id=\"attachment_11420\" aria-describedby=\"caption-attachment-11420\" style=\"width: 2048px\" class=\"wp-caption alignnone\"><img loading=\"lazy\" decoding=\"async\" class=\"wp-image-11420 size-full\" src=\"https:\/\/media.radiolitoral.com\/wp-content\/uploads\/2024\/09\/16115106\/Regatistas-con-sus-trofeos.jpg\" alt=\"\" width=\"2048\" height=\"1365\" srcset=\"https:\/\/media.radiolitoral.com\/wp-content\/uploads\/2024\/09\/16115106\/Regatistas-con-sus-trofeos.jpg 2048w, https:\/\/media.radiolitoral.com\/wp-content\/uploads\/2024\/09\/16115106\/Regatistas-con-sus-trofeos-300x200.jpg 300w, https:\/\/media.radiolitoral.com\/wp-content\/uploads\/2024\/09\/16115106\/Regatistas-con-sus-trofeos-1024x683.jpg 1024w, https:\/\/media.radiolitoral.com\/wp-content\/uploads\/2024\/09\/16115106\/Regatistas-con-sus-trofeos-768x512.jpg 768w, https:\/\/media.radiolitoral.com\/wp-content\/uploads\/2024\/09\/16115106\/Regatistas-con-sus-trofeos-1536x1024.jpg 1536w, https:\/\/media.radiolitoral.com\/wp-content\/uploads\/2024\/09\/16115106\/Regatistas-con-sus-trofeos-18x12.jpg 18w, https:\/\/media.radiolitoral.com\/wp-content\/uploads\/2024\/09\/16115106\/Regatistas-con-sus-trofeos-1000x667.jpg 1000w, https:\/\/media.radiolitoral.com\/wp-content\/uploads\/2024\/09\/16115106\/Regatistas-con-sus-trofeos-100x67.jpg 100w, https:\/\/media.radiolitoral.com\/wp-content\/uploads\/2024\/09\/16115106\/Regatistas-con-sus-trofeos-200x133.jpg 200w\" sizes=\"auto, (max-width: 2048px) 100vw, 2048px\" \/><figcaption id=\"caption-attachment-11420\" class=\"wp-caption-text\">Regatistes amb els seus trofeus | Baxauli<\/figcaption><\/figure>\n<p>L&#039;\u00e8xit d&#039;aquest esdeveniment reafirma el comprom\u00eds del Reial Club N\u00e0utic <span class=\"hiddenSpellError\">Calp<\/span>\u00a0amb el desenvolupament de les noves generacions de regatistes, els qui continuaran portant el nom del nostre esport pel cap alt.<\/p>\n<p>La classificaci\u00f3 final va estar encap\u00e7alada per\u00a0<strong><span class=\"hiddenSpellError\">Alberto<\/span>\u00a0Morals<\/strong> del Lanzarote Marina, la segona pla\u00e7a va ser per a <strong>Samuel\u00a0<span class=\"hiddenSpellError\">Beneyto<\/span><\/strong>, del\u00a0<span class=\"hiddenSpellError\">RCN<\/span>\u00a0Gran Can\u00e0ria. El tercer lloc va ser per a l&#039;itali\u00e0,\u00a0<strong><span class=\"hiddenSpellError\">Demetri<\/span>\u00a0<span class=\"hiddenSpellError\">Sposat<\/span><\/strong>\u00a0i la quarta pla\u00e7a ser\u00e0 per a\u00a0<strong><span class=\"hiddenSpellError\">Maria<\/span>\u00a0Perell\u00f3<\/strong> del\u00a0<span class=\"hiddenSpellError\">CN<\/span>\u00a0S&#039;Arenal. El regatista calp\u00ed,\u00a0<strong><span class=\"hiddenSpellError\">Floor<\/span>\u00a0<span class=\"hiddenGrammarError\">Gast<\/span><\/strong>\u00a0va ocupar l&#039;onzena posici\u00f3.<\/p>","protected":false},"excerpt":{"rendered":"<p>El Campionat d&#8217;Espanya de\u00a0Match\u00a0Race\u00a0Juvenil de Vela, celebrat en el Real Club N\u00e1utico Calpe, ha arribat a la seua conclusi\u00f3. Despr\u00e9s de dos intensos dies de competici\u00f3 en les embarcacions Tom 28, els millors equips juvenils del pa\u00eds han demostrat la seua destresa. Durant el segon dia de regates, les condicions de vent del sud, amb [&#8230;]<\/p>\n<p><a class=\"btn btn-secondary understrap-read-more-link\" href=\"https:\/\/radiolitoral.com\/ca\/2024\/09\/lequip-esd-marina-rubico-es-va-coronar-campio-nacional-match-race-juvenil-de-vela\/\">Continua llegint&#8230;<span class=\"screen-reader-text\"> from L&#8217;equip ESD\u00a0Marina Rubic\u00f3 es va coronar campi\u00f3 nacional Match Race Juvenil de Vela<\/span><\/a><\/p>\n","protected":false},"author":12,"featured_media":11419,"comment_status":"open","ping_status":"closed","sticky":false,"template":"","format":"standard","meta":{"_acf_changed":false,"inline_featured_image":false,"footnotes":""},"categories":[5],"tags":[2220,2216,2217,2222,6,2224,2219,2223,2218,1048,2221],"class_list":["post-11417","post","type-post","status-publish","format-standard","has-post-thumbnail","hentry","category-deportes","tag-alberto-morales","tag-campionat-despanya-de-match-race-juvenil-de-vela","tag-cn-arenal","tag-demetrio-sposato","tag-deportes","tag-floor-gast","tag-lanzarote-esd-marina-rubico","tag-maria-perello","tag-rcn-gran-canaria","tag-real-club-nautico-calpe","tag-samuel-beneyto","cobertura-calp"],"acf":[],"yoast_head":"<!-- This site is optimized with the Yoast SEO plugin v27.5 - https:\/\/yoast.com\/product\/yoast-seo-wordpress\/ -->\n<title>L&#039;equip ESD\u00a0Marina Rubic\u00f3 es va coronar campi\u00f3 nacional Match Race Juvenil de Vela | R\u00e0dio Litoral<\/title>\n<meta name=\"description\" content=\"La final va enfrontar a RCN Gran Can\u00e0ria contra Lanzarote ESD Marina Rubic\u00f3, oferint una emocionant proba La final va enfrontar a RCN Gran Can\u00e0ria contra Lanzarote ESD Marina Rubic\u00f3, oferint una emocionant proba\" \/>\n<meta name=\"robots\" content=\"index, follow, max-snippet:-1, max-image-preview:large, max-video-preview:-1\" \/>\n<link rel=\"canonical\" href=\"https:\/\/radiolitoral.com\/ca\/2024\/09\/lequip-esd-marina-rubico-es-va-coronar-campi-nacional-matx-race-juvenil-de-vela\/\" \/>\n<meta property=\"og:locale\" content=\"ca_ES\" \/>\n<meta property=\"og:type\" content=\"article\" \/>\n<meta property=\"og:title\" content=\"L&#039;equip ESD\u00a0Marina Rubic\u00f3 es va coronar campi\u00f3 nacional Match Race Juvenil de Vela | R\u00e0dio Litoral\" \/>\n<meta property=\"og:description\" content=\"La final va enfrontar a RCN Gran Can\u00e0ria contra Lanzarote ESD Marina Rubic\u00f3, oferint una emocionant proba La final va enfrontar a RCN Gran Can\u00e0ria contra Lanzarote ESD Marina Rubic\u00f3, oferint una emocionant proba\" \/>\n<meta property=\"og:url\" content=\"https:\/\/radiolitoral.com\/ca\/2024\/09\/lequip-esd-marina-rubico-es-va-coronar-campi-nacional-matx-race-juvenil-de-vela\/\" \/>\n<meta property=\"og:site_name\" content=\"R\u00e0dio Litoral\" \/>\n<meta property=\"article:publisher\" content=\"https:\/\/www.facebook.com\/Laradiolitoral\/\" \/>\n<meta property=\"article:published_time\" content=\"2024-09-17T08:43:45+00:00\" \/>\n<meta property=\"og:image\" content=\"https:\/\/media.radiolitoral.com\/wp-content\/uploads\/2024\/09\/16115038\/embarcacion-en-plena-regata.jpg\" \/>\n\t<meta property=\"og:image:width\" content=\"2048\" \/>\n\t<meta property=\"og:image:height\" content=\"1365\" \/>\n\t<meta property=\"og:image:type\" content=\"image\/jpeg\" \/>\n<meta name=\"author\" content=\"Javier Zamora\" \/>\n<meta name=\"twitter:card\" content=\"summary_large_image\" \/>\n<meta name=\"twitter:label1\" content=\"Escrit per\" \/>\n\t<meta name=\"twitter:data1\" content=\"Javier Zamora\" \/>\n\t<meta name=\"twitter:label2\" content=\"Temps estimat de lectura\" \/>\n\t<meta name=\"twitter:data2\" content=\"2 minuts\" \/>\n<script type=\"application\/ld+json\" class=\"yoast-schema-graph\">{\"@context\":\"https:\\\/\\\/schema.org\",\"@graph\":[{\"@type\":\"NewsArticle\",\"@id\":\"https:\\\/\\\/radiolitoral.com\\\/2024\\\/09\\\/lequip-esd-marina-rubico-es-va-coronar-campio-nacional-match-race-juvenil-de-vela\\\/#article\",\"isPartOf\":{\"@id\":\"https:\\\/\\\/radiolitoral.com\\\/2024\\\/09\\\/lequip-esd-marina-rubico-es-va-coronar-campio-nacional-match-race-juvenil-de-vela\\\/\"},\"author\":{\"name\":\"Javier Zamora\",\"@id\":\"https:\\\/\\\/radiolitoral.com\\\/#\\\/schema\\\/person\\\/7b1480b5caeb5acdd4ec6379caf62b22\"},\"headline\":\"L&#8217;equip ESD\u00a0Marina Rubic\u00f3 es va coronar campi\u00f3 nacional Match Race Juvenil de Vela\",\"datePublished\":\"2024-09-17T08:43:45+00:00\",\"mainEntityOfPage\":{\"@id\":\"https:\\\/\\\/radiolitoral.com\\\/2024\\\/09\\\/lequip-esd-marina-rubico-es-va-coronar-campio-nacional-match-race-juvenil-de-vela\\\/\"},\"wordCount\":360,\"commentCount\":0,\"publisher\":{\"@id\":\"https:\\\/\\\/radiolitoral.com\\\/#organization\"},\"image\":{\"@id\":\"https:\\\/\\\/radiolitoral.com\\\/2024\\\/09\\\/lequip-esd-marina-rubico-es-va-coronar-campio-nacional-match-race-juvenil-de-vela\\\/#primaryimage\"},\"thumbnailUrl\":\"https:\\\/\\\/media.radiolitoral.com\\\/wp-content\\\/uploads\\\/2024\\\/09\\\/16115038\\\/embarcacion-en-plena-regata.jpg\",\"keywords\":[\"Alberto\u00a0Morales\",\"Campionat d'Espanya de\u00a0Match\u00a0Race\u00a0Juvenil de Vela\",\"CN\u00a0Arenal\",\"Demetrio\u00a0Sposato\",\"deportes\",\"Floor\u00a0Gast\",\"Lanzarote\u00a0ESD\u00a0Marina Rubic\u00f3\",\"Mar\u00eda\u00a0Perell\u00f3\",\"RCN\u00a0Gran Can\u00e0ria\",\"Real Club N\u00e1utico Calpe\",\"Samuel\u00a0Beneyto\"],\"articleSection\":[\"Deportes\"],\"inLanguage\":\"ca\",\"potentialAction\":[{\"@type\":\"CommentAction\",\"name\":\"Comment\",\"target\":[\"https:\\\/\\\/radiolitoral.com\\\/2024\\\/09\\\/lequip-esd-marina-rubico-es-va-coronar-campio-nacional-match-race-juvenil-de-vela\\\/#respond\"]}]},{\"@type\":[\"WebPage\",\"ItemPage\"],\"@id\":\"https:\\\/\\\/radiolitoral.com\\\/2024\\\/09\\\/lequip-esd-marina-rubico-es-va-coronar-campio-nacional-match-race-juvenil-de-vela\\\/\",\"url\":\"https:\\\/\\\/radiolitoral.com\\\/2024\\\/09\\\/lequip-esd-marina-rubico-es-va-coronar-campio-nacional-match-race-juvenil-de-vela\\\/\",\"name\":\"L'equip ESD\u00a0Marina Rubic\u00f3 es va coronar campi\u00f3 nacional Match Race Juvenil de Vela | R\u00e0dio Litoral\",\"isPartOf\":{\"@id\":\"https:\\\/\\\/radiolitoral.com\\\/#website\"},\"primaryImageOfPage\":{\"@id\":\"https:\\\/\\\/radiolitoral.com\\\/2024\\\/09\\\/lequip-esd-marina-rubico-es-va-coronar-campio-nacional-match-race-juvenil-de-vela\\\/#primaryimage\"},\"image\":{\"@id\":\"https:\\\/\\\/radiolitoral.com\\\/2024\\\/09\\\/lequip-esd-marina-rubico-es-va-coronar-campio-nacional-match-race-juvenil-de-vela\\\/#primaryimage\"},\"thumbnailUrl\":\"https:\\\/\\\/media.radiolitoral.com\\\/wp-content\\\/uploads\\\/2024\\\/09\\\/16115038\\\/embarcacion-en-plena-regata.jpg\",\"datePublished\":\"2024-09-17T08:43:45+00:00\",\"description\":\"La final va enfrontar a RCN Gran Can\u00e0ria contra Lanzarote ESD Marina Rubic\u00f3, oferint una emocionant proba La final va enfrontar a RCN Gran Can\u00e0ria contra Lanzarote ESD Marina Rubic\u00f3, oferint una emocionant proba\",\"breadcrumb\":{\"@id\":\"https:\\\/\\\/radiolitoral.com\\\/2024\\\/09\\\/lequip-esd-marina-rubico-es-va-coronar-campio-nacional-match-race-juvenil-de-vela\\\/#breadcrumb\"},\"inLanguage\":\"ca\",\"potentialAction\":[{\"@type\":\"ReadAction\",\"target\":[\"https:\\\/\\\/radiolitoral.com\\\/2024\\\/09\\\/lequip-esd-marina-rubico-es-va-coronar-campio-nacional-match-race-juvenil-de-vela\\\/\"]}]},{\"@type\":\"ImageObject\",\"inLanguage\":\"ca\",\"@id\":\"https:\\\/\\\/radiolitoral.com\\\/2024\\\/09\\\/lequip-esd-marina-rubico-es-va-coronar-campio-nacional-match-race-juvenil-de-vela\\\/#primaryimage\",\"url\":\"https:\\\/\\\/media.radiolitoral.com\\\/wp-content\\\/uploads\\\/2024\\\/09\\\/16115038\\\/embarcacion-en-plena-regata.jpg\",\"contentUrl\":\"https:\\\/\\\/media.radiolitoral.com\\\/wp-content\\\/uploads\\\/2024\\\/09\\\/16115038\\\/embarcacion-en-plena-regata.jpg\",\"width\":2048,\"height\":1365},{\"@type\":\"BreadcrumbList\",\"@id\":\"https:\\\/\\\/radiolitoral.com\\\/2024\\\/09\\\/lequip-esd-marina-rubico-es-va-coronar-campio-nacional-match-race-juvenil-de-vela\\\/#breadcrumb\",\"itemListElement\":[{\"@type\":\"ListItem\",\"position\":1,\"name\":\"Portada\",\"item\":\"https:\\\/\\\/radiolitoral.com\\\/\"},{\"@type\":\"ListItem\",\"position\":2,\"name\":\"L&#8217;equip ESD\u00a0Marina Rubic\u00f3 es va coronar campi\u00f3 nacional Match Race Juvenil de Vela\"}]},{\"@type\":\"WebSite\",\"@id\":\"https:\\\/\\\/radiolitoral.com\\\/#website\",\"url\":\"https:\\\/\\\/radiolitoral.com\\\/\",\"name\":\"Radio Litoral\",\"description\":\"La radio local de la Marina Alta\",\"publisher\":{\"@id\":\"https:\\\/\\\/radiolitoral.com\\\/#organization\"},\"alternateName\":\"Litoral FM\",\"potentialAction\":[{\"@type\":\"SearchAction\",\"target\":{\"@type\":\"EntryPoint\",\"urlTemplate\":\"https:\\\/\\\/radiolitoral.com\\\/?s={search_term_string}\"},\"query-input\":{\"@type\":\"PropertyValueSpecification\",\"valueRequired\":true,\"valueName\":\"search_term_string\"}}],\"inLanguage\":\"ca\"},{\"@type\":\"Organization\",\"@id\":\"https:\\\/\\\/radiolitoral.com\\\/#organization\",\"name\":\"Radio Litoral\",\"url\":\"https:\\\/\\\/radiolitoral.com\\\/\",\"logo\":{\"@type\":\"ImageObject\",\"inLanguage\":\"ca\",\"@id\":\"https:\\\/\\\/radiolitoral.com\\\/#\\\/schema\\\/logo\\\/image\\\/\",\"url\":\"https:\\\/\\\/media.radiolitoral.com\\\/wp-content\\\/uploads\\\/2023\\\/02\\\/24143238\\\/CL-V-RadioLitoral696.png\",\"contentUrl\":\"https:\\\/\\\/media.radiolitoral.com\\\/wp-content\\\/uploads\\\/2023\\\/02\\\/24143238\\\/CL-V-RadioLitoral696.png\",\"width\":696,\"height\":696,\"caption\":\"Radio Litoral\"},\"image\":{\"@id\":\"https:\\\/\\\/radiolitoral.com\\\/#\\\/schema\\\/logo\\\/image\\\/\"},\"sameAs\":[\"https:\\\/\\\/www.facebook.com\\\/Laradiolitoral\\\/\"]},{\"@type\":\"Person\",\"@id\":\"https:\\\/\\\/radiolitoral.com\\\/#\\\/schema\\\/person\\\/7b1480b5caeb5acdd4ec6379caf62b22\",\"name\":\"Javier Zamora\",\"image\":{\"@type\":\"ImageObject\",\"inLanguage\":\"ca\",\"@id\":\"https:\\\/\\\/secure.gravatar.com\\\/avatar\\\/467a11f6918c7d619c4043fc6fa2d3853053107973f05b6e9c04ea6c4e3a7b3f?s=96&d=mm&r=g\",\"url\":\"https:\\\/\\\/secure.gravatar.com\\\/avatar\\\/467a11f6918c7d619c4043fc6fa2d3853053107973f05b6e9c04ea6c4e3a7b3f?s=96&d=mm&r=g\",\"contentUrl\":\"https:\\\/\\\/secure.gravatar.com\\\/avatar\\\/467a11f6918c7d619c4043fc6fa2d3853053107973f05b6e9c04ea6c4e3a7b3f?s=96&d=mm&r=g\",\"caption\":\"Javier Zamora\"},\"url\":\"https:\\\/\\\/radiolitoral.com\\\/ca\\\/author\\\/javier-zamora\\\/\"}]}<\/script>\n<!-- \/ Yoast SEO plugin. -->","yoast_head_json":{"title":"L&#039;equip ESD Marina Rubic\u00f3 es va coronar campi\u00f3 nacional Match Race Juvenil de Vela | R\u00e0dio Litoral","description":"La final va enfrontar RCN Gran Can\u00e0ria contra Lanzarote ESD Marina Rubic\u00f3, oferint una emocionant prova La final va enfrentar RCN Gran Can\u00e0ria contra Lanzarote ESD Marina Rubic\u00f3, oferint una emocionant prova","robots":{"index":"index","follow":"follow","max-snippet":"max-snippet:-1","max-image-preview":"max-image-preview:large","max-video-preview":"max-video-preview:-1"},"canonical":"https:\/\/radiolitoral.com\/ca\/2024\/09\/lequip-esd-marina-rubico-es-va-coronar-campi-nacional-matx-race-juvenil-de-vela\/","og_locale":"ca_ES","og_type":"article","og_title":"L'equip ESD\u00a0Marina Rubic\u00f3 es va coronar campi\u00f3 nacional Match Race Juvenil de Vela | R\u00e0dio Litoral","og_description":"La final va enfrontar a RCN Gran Can\u00e0ria contra Lanzarote ESD Marina Rubic\u00f3, oferint una emocionant proba La final va enfrontar a RCN Gran Can\u00e0ria contra Lanzarote ESD Marina Rubic\u00f3, oferint una emocionant proba","og_url":"https:\/\/radiolitoral.com\/ca\/2024\/09\/lequip-esd-marina-rubico-es-va-coronar-campi-nacional-matx-race-juvenil-de-vela\/","og_site_name":"R\u00e0dio Litoral","article_publisher":"https:\/\/www.facebook.com\/Laradiolitoral\/","article_published_time":"2024-09-17T08:43:45+00:00","og_image":[{"width":2048,"height":1365,"url":"https:\/\/media.radiolitoral.com\/wp-content\/uploads\/2024\/09\/16115038\/embarcacion-en-plena-regata.jpg","type":"image\/jpeg"}],"author":"Javier Zamora","twitter_card":"summary_large_image","twitter_misc":{"Escrit per":"Javier Zamora","Temps estimat de lectura":"2 minuts"},"schema":{"@context":"https:\/\/schema.org","@graph":[{"@type":"NewsArticle","@id":"https:\/\/radiolitoral.com\/2024\/09\/lequip-esd-marina-rubico-es-va-coronar-campio-nacional-match-race-juvenil-de-vela\/#article","isPartOf":{"@id":"https:\/\/radiolitoral.com\/2024\/09\/lequip-esd-marina-rubico-es-va-coronar-campio-nacional-match-race-juvenil-de-vela\/"},"author":{"name":"Javier Zamora","@id":"https:\/\/radiolitoral.com\/#\/schema\/person\/7b1480b5caeb5acdd4ec6379caf62b22"},"headline":"L&#8217;equip ESD\u00a0Marina Rubic\u00f3 es va coronar campi\u00f3 nacional Match Race Juvenil de Vela","datePublished":"2024-09-17T08:43:45+00:00","mainEntityOfPage":{"@id":"https:\/\/radiolitoral.com\/2024\/09\/lequip-esd-marina-rubico-es-va-coronar-campio-nacional-match-race-juvenil-de-vela\/"},"wordCount":360,"commentCount":0,"publisher":{"@id":"https:\/\/radiolitoral.com\/#organization"},"image":{"@id":"https:\/\/radiolitoral.com\/2024\/09\/lequip-esd-marina-rubico-es-va-coronar-campio-nacional-match-race-juvenil-de-vela\/#primaryimage"},"thumbnailUrl":"https:\/\/media.radiolitoral.com\/wp-content\/uploads\/2024\/09\/16115038\/embarcacion-en-plena-regata.jpg","keywords":["Alberto\u00a0Morales","Campionat d'Espanya de\u00a0Match\u00a0Race\u00a0Juvenil de Vela","CN\u00a0Arenal","Demetrio\u00a0Sposato","deportes","Floor\u00a0Gast","Lanzarote\u00a0ESD\u00a0Marina Rubic\u00f3","Mar\u00eda\u00a0Perell\u00f3","RCN\u00a0Gran Can\u00e0ria","Real Club N\u00e1utico Calpe","Samuel\u00a0Beneyto"],"articleSection":["Deportes"],"inLanguage":"ca","potentialAction":[{"@type":"CommentAction","name":"Comment","target":["https:\/\/radiolitoral.com\/2024\/09\/lequip-esd-marina-rubico-es-va-coronar-campio-nacional-match-race-juvenil-de-vela\/#respond"]}]},{"@type":["WebPage","ItemPage"],"@id":"https:\/\/radiolitoral.com\/2024\/09\/lequip-esd-marina-rubico-es-va-coronar-campio-nacional-match-race-juvenil-de-vela\/","url":"https:\/\/radiolitoral.com\/2024\/09\/lequip-esd-marina-rubico-es-va-coronar-campio-nacional-match-race-juvenil-de-vela\/","name":"L&#039;equip ESD Marina Rubic\u00f3 es va coronar campi\u00f3 nacional Match Race Juvenil de Vela | R\u00e0dio Litoral","isPartOf":{"@id":"https:\/\/radiolitoral.com\/#website"},"primaryImageOfPage":{"@id":"https:\/\/radiolitoral.com\/2024\/09\/lequip-esd-marina-rubico-es-va-coronar-campio-nacional-match-race-juvenil-de-vela\/#primaryimage"},"image":{"@id":"https:\/\/radiolitoral.com\/2024\/09\/lequip-esd-marina-rubico-es-va-coronar-campio-nacional-match-race-juvenil-de-vela\/#primaryimage"},"thumbnailUrl":"https:\/\/media.radiolitoral.com\/wp-content\/uploads\/2024\/09\/16115038\/embarcacion-en-plena-regata.jpg","datePublished":"2024-09-17T08:43:45+00:00","description":"La final va enfrontar RCN Gran Can\u00e0ria contra Lanzarote ESD Marina Rubic\u00f3, oferint una emocionant prova La final va enfrentar RCN Gran Can\u00e0ria contra Lanzarote ESD Marina Rubic\u00f3, oferint una emocionant prova","breadcrumb":{"@id":"https:\/\/radiolitoral.com\/2024\/09\/lequip-esd-marina-rubico-es-va-coronar-campio-nacional-match-race-juvenil-de-vela\/#breadcrumb"},"inLanguage":"ca","potentialAction":[{"@type":"ReadAction","target":["https:\/\/radiolitoral.com\/2024\/09\/lequip-esd-marina-rubico-es-va-coronar-campio-nacional-match-race-juvenil-de-vela\/"]}]},{"@type":"ImageObject","inLanguage":"ca","@id":"https:\/\/radiolitoral.com\/2024\/09\/lequip-esd-marina-rubico-es-va-coronar-campio-nacional-match-race-juvenil-de-vela\/#primaryimage","url":"https:\/\/media.radiolitoral.com\/wp-content\/uploads\/2024\/09\/16115038\/embarcacion-en-plena-regata.jpg","contentUrl":"https:\/\/media.radiolitoral.com\/wp-content\/uploads\/2024\/09\/16115038\/embarcacion-en-plena-regata.jpg","width":2048,"height":1365},{"@type":"BreadcrumbList","@id":"https:\/\/radiolitoral.com\/2024\/09\/lequip-esd-marina-rubico-es-va-coronar-campio-nacional-match-race-juvenil-de-vela\/#breadcrumb","itemListElement":[{"@type":"ListItem","position":1,"name":"Portada","item":"https:\/\/radiolitoral.com\/"},{"@type":"ListItem","position":2,"name":"L&#8217;equip ESD\u00a0Marina Rubic\u00f3 es va coronar campi\u00f3 nacional Match Race Juvenil de Vela"}]},{"@type":"WebSite","@id":"https:\/\/radiolitoral.com\/#website","url":"https:\/\/radiolitoral.com\/","name":"R\u00e0dio Litoral","description":"La r\u00e0dio local de la Marina Alta","publisher":{"@id":"https:\/\/radiolitoral.com\/#organization"},"alternateName":"Litoral FM","potentialAction":[{"@type":"SearchAction","target":{"@type":"EntryPoint","urlTemplate":"https:\/\/radiolitoral.com\/?s={search_term_string}"},"query-input":{"@type":"PropertyValueSpecification","valueRequired":true,"valueName":"search_term_string"}}],"inLanguage":"ca"},{"@type":"Organization","@id":"https:\/\/radiolitoral.com\/#organization","name":"R\u00e0dio Litoral","url":"https:\/\/radiolitoral.com\/","logo":{"@type":"ImageObject","inLanguage":"ca","@id":"https:\/\/radiolitoral.com\/#\/schema\/logo\/image\/","url":"https:\/\/media.radiolitoral.com\/wp-content\/uploads\/2023\/02\/24143238\/CL-V-RadioLitoral696.png","contentUrl":"https:\/\/media.radiolitoral.com\/wp-content\/uploads\/2023\/02\/24143238\/CL-V-RadioLitoral696.png","width":696,"height":696,"caption":"Radio Litoral"},"image":{"@id":"https:\/\/radiolitoral.com\/#\/schema\/logo\/image\/"},"sameAs":["https:\/\/www.facebook.com\/Laradiolitoral\/"]},{"@type":"Person","@id":"https:\/\/radiolitoral.com\/#\/schema\/person\/7b1480b5caeb5acdd4ec6379caf62b22","name":"Javier Zamora","image":{"@type":"ImageObject","inLanguage":"ca","@id":"https:\/\/secure.gravatar.com\/avatar\/467a11f6918c7d619c4043fc6fa2d3853053107973f05b6e9c04ea6c4e3a7b3f?s=96&d=mm&r=g","url":"https:\/\/secure.gravatar.com\/avatar\/467a11f6918c7d619c4043fc6fa2d3853053107973f05b6e9c04ea6c4e3a7b3f?s=96&d=mm&r=g","contentUrl":"https:\/\/secure.gravatar.com\/avatar\/467a11f6918c7d619c4043fc6fa2d3853053107973f05b6e9c04ea6c4e3a7b3f?s=96&d=mm&r=g","caption":"Javier Zamora"},"url":"https:\/\/radiolitoral.com\/ca\/author\/javier-zamora\/"}]}},"_links":{"self":[{"href":"https:\/\/radiolitoral.com\/ca\/wp-json\/wp\/v2\/posts\/11417","targetHints":{"allow":["GET"]}}],"collection":[{"href":"https:\/\/radiolitoral.com\/ca\/wp-json\/wp\/v2\/posts"}],"about":[{"href":"https:\/\/radiolitoral.com\/ca\/wp-json\/wp\/v2\/types\/post"}],"author":[{"embeddable":true,"href":"https:\/\/radiolitoral.com\/ca\/wp-json\/wp\/v2\/users\/12"}],"replies":[{"embeddable":true,"href":"https:\/\/radiolitoral.com\/ca\/wp-json\/wp\/v2\/comments?post=11417"}],"version-history":[{"count":1,"href":"https:\/\/radiolitoral.com\/ca\/wp-json\/wp\/v2\/posts\/11417\/revisions"}],"predecessor-version":[{"id":11421,"href":"https:\/\/radiolitoral.com\/ca\/wp-json\/wp\/v2\/posts\/11417\/revisions\/11421"}],"wp:featuredmedia":[{"embeddable":true,"href":"https:\/\/radiolitoral.com\/ca\/wp-json\/wp\/v2\/media\/11419"}],"wp:attachment":[{"href":"https:\/\/radiolitoral.com\/ca\/wp-json\/wp\/v2\/media?parent=11417"}],"wp:term":[{"taxonomy":"category","embeddable":true,"href":"https:\/\/radiolitoral.com\/ca\/wp-json\/wp\/v2\/categories?post=11417"},{"taxonomy":"post_tag","embeddable":true,"href":"https:\/\/radiolitoral.com\/ca\/wp-json\/wp\/v2\/tags?post=11417"}],"curies":[{"name":"wp","href":"https:\/\/api.w.org\/{rel}","templated":true}]}}