{"id":11297,"date":"2024-09-13T16:39:54","date_gmt":"2024-09-13T14:39:54","guid":{"rendered":"https:\/\/radiolitoral.com\/?p=11297"},"modified":"2024-09-13T16:39:54","modified_gmt":"2024-09-13T14:39:54","slug":"laigua-torna-a-ser-apta-per-al-consum-a-tellada-moraira-i-benitatxell","status":"publish","type":"post","link":"https:\/\/radiolitoral.com\/ca\/2024\/09\/laigua-torna-a-ser-apta-per-al-consum-a-teulada-moraira-i-benitatxell\/","title":{"rendered":"L&#039;aigua torna a ser apta per al consum a Teulada Moraira i Benitatxell"},"content":{"rendered":"<p>Bones not\u00edcies per als ve\u00efns de <strong>Teulada Moraira i el Poble Nou de Benitatxell<\/strong>, despr\u00e9s de setmanas de problemes amb la potabilitat de l&#039;aigua dels seus aixetes.<\/p>\n<p>Despr\u00e9s dels resultats favorables als an\u00e0lisis fets per l&#039;empresa concession\u00e0ria <span class=\"hiddenSpellError\">Hidraqua<\/span>, la <strong>Direcci\u00f3 General de Salut P\u00fablica ha confirmat <\/strong><span class=\"hiddenSuggestion\">aquest<\/span> divendres a mig mat\u00ed<strong> que l&#039;aigua de l&#039;aixeta torna a ser potable<\/strong> i, per tant, apta per al consum hum\u00e0.<\/p>\n<p>D&#039;<span class=\"hiddenSuggestion\">aquesta<\/span> manera, es portin les restriccions establides per beure, cuinar i preparar aliments, sent <span class=\"hiddenSuggestion\">aquesta<\/span> apta per a qualsevol \u00fas.<\/p>\n<h3>Teulada<\/h3>\n<p>Des de l&#039;Ajuntament de Teulada Moraira destaquen que, tot i que des de fa diverses setmanes el resultat dels an\u00e0lisis confirmava que l&#039;aigua ja estava dins dels par\u00e0metres permets, no ha estat fins <span class=\"hiddenSuggestion\">aquesta<\/span> setmana quan Salut P\u00fablica l&#039;ha declarada apta, encadenant diversos an\u00e0lisis positives per garantir la seguretat i salut dels ciutadans.<\/p>\n<p>L<strong>&#039;alcalde, <span class=\"hiddenSpellError\">Ra\u00fal<\/span> Llobell<\/strong>, assegura que \u00abhan estat<strong> setmanas dif\u00edcils<\/strong> per a tots els ve\u00efns i ve\u00efnes de Teulada Moraira\u00bb, per la qual cosa<strong> agra\u00efx \u00abla comprensi\u00f3 i l&#039;esfor\u00e7 de tots els ciutadans\u00bb.<\/strong><\/p>\n<p>Aix\u00ed mateix,<strong> felicita tots els departaments implicats de l&#039;Ajuntament de Teulada per la r\u00e0pida gesti\u00f3<\/strong>, de la qual se sent satisfet, i afirma que \u00abestem treballant en infraestructures i accions perqu\u00e8 la sequera no afecti d&#039;<span class=\"hiddenSuggestion\">aquesta<\/span> manera al nostre municipi i continuem sent el millor lloc on viure\u00bb.<\/p>\n<h3>Benitatxell<\/h3>\n<p>Des de l&#039;Ajuntament del Poble Nou de Benitatxell, es recorda que des del passat 9 d&#039;agost, quan Salut P\u00fablica va declarar l&#039;aigua de l&#039;aixeta com a no apta per al consum, a causa de la salinitzaci\u00f3 dels aq\u00fc\u00edfers per la sequera, es va posar en marxa un protocol d&#039;emerg\u00e8ncia per a la compra d&#039;aigua embotellada.<\/p>\n<p>Primer, el dimarts 13, es va convocar la Junta del Consorci d&#039;Aig\u00fces Teulada \u2013 El Poble Nou de Benitatxell per delegar les compet\u00e8ncies als ajuntaments i dotar-los de pressupost, i despr\u00e9s, el ple municipal va aprovar el proc\u00e9s de contractaci\u00f3 per a la compra de garrafes.<\/p>\n<p>Aix\u00ed, en nom\u00e9s tres dies, es va iniciar el primer repartiment el divendres 16 d&#039;agost. Tots els divendres (tot i que la primera setmana tamb\u00e9 va haver-hi repartiment el dimarts), l&#039;equip de govern ha estat repartint <span class=\"hiddenGrammarError\">dues<\/span> garrafes de 6,5 litres per cada ve\u00ed empadronat o abonat al servei d&#039;aigua potable i 10 garrafes per als bars i restaurants.<\/p>\n<p>Sempre, amb la gran ajuda de protecci\u00f3 civil i la brigada municipal.<\/p>\n<p>A m\u00e9s, es va habilitar un tel\u00e8fon perqu\u00e8 Protecci\u00f3 Civil s&#039;encarregu\u00e9s de portar les garrafes a aquelles persones majors o amb mobilitat redu\u00efda que ho sol\u00b7licitessin. Tamb\u00e9 es van instal\u00b7lar dip\u00f2sits d&#039;aigua per a l&#039;autoabastiment a diversos punts tancats, vigilats i amb sombra: a l&#039;entrada del col\u00b7legi Santa Maria Magdalena per l&#039;avinguda d&#039;Alacant, el p\u00e0rquing interior de la zona esportiva i l&#039;edifici <span class=\"hiddenGrammarError\">El<\/span> Puig (seu de Protecci\u00f3 Civil).<\/p>\n<p><img loading=\"lazy\" decoding=\"async\" class=\"alignnone wp-image-11292 size-full\" src=\"https:\/\/media.radiolitoral.com\/wp-content\/uploads\/2024\/09\/13162429\/Benitatxell-reparto-agua-1-scaled.jpg\" alt=\"\" width=\"2560\" height=\"1920\" srcset=\"https:\/\/media.radiolitoral.com\/wp-content\/uploads\/2024\/09\/13162429\/Benitatxell-reparto-agua-1-scaled.jpg 2560w, https:\/\/media.radiolitoral.com\/wp-content\/uploads\/2024\/09\/13162429\/Benitatxell-reparto-agua-1-300x225.jpg 300w, https:\/\/media.radiolitoral.com\/wp-content\/uploads\/2024\/09\/13162429\/Benitatxell-reparto-agua-1-1024x768.jpg 1024w, https:\/\/media.radiolitoral.com\/wp-content\/uploads\/2024\/09\/13162429\/Benitatxell-reparto-agua-1-768x576.jpg 768w, https:\/\/media.radiolitoral.com\/wp-content\/uploads\/2024\/09\/13162429\/Benitatxell-reparto-agua-1-1536x1152.jpg 1536w, https:\/\/media.radiolitoral.com\/wp-content\/uploads\/2024\/09\/13162429\/Benitatxell-reparto-agua-1-2048x1536.jpg 2048w, https:\/\/media.radiolitoral.com\/wp-content\/uploads\/2024\/09\/13162429\/Benitatxell-reparto-agua-1-16x12.jpg 16w, https:\/\/media.radiolitoral.com\/wp-content\/uploads\/2024\/09\/13162429\/Benitatxell-reparto-agua-1-1000x750.jpg 1000w, https:\/\/media.radiolitoral.com\/wp-content\/uploads\/2024\/09\/13162429\/Benitatxell-reparto-agua-1-100x75.jpg 100w, https:\/\/media.radiolitoral.com\/wp-content\/uploads\/2024\/09\/13162429\/Benitatxell-reparto-agua-1-200x150.jpg 200w\" sizes=\"auto, (max-width: 2560px) 100vw, 2560px\" \/><\/p>\n<h4>Cerca de 82.000 litres repartits<\/h4>\n<p>A les seis jornades de repartiment fins avui (comptant <span class=\"hiddenSuggestion\">aquest<\/span> divendres nom\u00e9s el repartiment de la matinada, encara que a la tarda es continuar\u00e0 repartint fins a agotar les exist\u00e8ncies) s&#039;han distribu\u00eft<strong> al voltant de 12.600 garrafes d&#039;aigua aproximadament, cosa que suma prop de 82.000 litres<\/strong>. L&#039;Ajuntament ha destinat uns<strong> 9.400 euros per a la compra daigua embotellada.<\/strong><\/p>\n<p><img loading=\"lazy\" decoding=\"async\" class=\"alignnone wp-image-11293 size-full\" src=\"https:\/\/media.radiolitoral.com\/wp-content\/uploads\/2024\/09\/13163144\/Benitatxell-reparto-agua-3-1-scaled.jpg\" alt=\"\" width=\"2560\" height=\"1920\" srcset=\"https:\/\/media.radiolitoral.com\/wp-content\/uploads\/2024\/09\/13163144\/Benitatxell-reparto-agua-3-1-scaled.jpg 2560w, https:\/\/media.radiolitoral.com\/wp-content\/uploads\/2024\/09\/13163144\/Benitatxell-reparto-agua-3-1-300x225.jpg 300w, https:\/\/media.radiolitoral.com\/wp-content\/uploads\/2024\/09\/13163144\/Benitatxell-reparto-agua-3-1-1024x768.jpg 1024w, https:\/\/media.radiolitoral.com\/wp-content\/uploads\/2024\/09\/13163144\/Benitatxell-reparto-agua-3-1-768x576.jpg 768w, https:\/\/media.radiolitoral.com\/wp-content\/uploads\/2024\/09\/13163144\/Benitatxell-reparto-agua-3-1-1536x1152.jpg 1536w, https:\/\/media.radiolitoral.com\/wp-content\/uploads\/2024\/09\/13163144\/Benitatxell-reparto-agua-3-1-2048x1536.jpg 2048w, https:\/\/media.radiolitoral.com\/wp-content\/uploads\/2024\/09\/13163144\/Benitatxell-reparto-agua-3-1-16x12.jpg 16w, https:\/\/media.radiolitoral.com\/wp-content\/uploads\/2024\/09\/13163144\/Benitatxell-reparto-agua-3-1-1000x750.jpg 1000w, https:\/\/media.radiolitoral.com\/wp-content\/uploads\/2024\/09\/13163144\/Benitatxell-reparto-agua-3-1-100x75.jpg 100w, https:\/\/media.radiolitoral.com\/wp-content\/uploads\/2024\/09\/13163144\/Benitatxell-reparto-agua-3-1-200x150.jpg 200w\" sizes=\"auto, (max-width: 2560px) 100vw, 2560px\" \/><\/p>\n<h4>Solucions a llarg termini<\/h4>\n<p>Al ple d&#039;urg\u00e8ncia celebrat el 13 d&#039;agost es va elevar la <strong>sol\u00b7licitud urgent de la intervenci\u00f3 de la Generalitat Valenciana i de la Diputaci\u00f3 d&#039;Alacant<\/strong> per a l&#039;execuci\u00f3 de les actuacions necess\u00e0ries per a la resoluci\u00f3 del problema, concretament la posada en marxa immediata del projecte de la tub de connexi\u00f3 entre X\u00e0bia i el Consorci d&#039;Aig\u00fces Teulada \u2013 Poble Nou de Benitatxell a trav\u00e9s del Cam\u00ed Vell de Teulada.<\/p>\n<p>De fet, pocs dies despr\u00e9s, els tres municipis mantindran una reuni\u00f3 amb el president de la Diputaci\u00f3. <span class=\"hiddenSuggestion\">Aquest<\/span> projecte, que \u00e9s una reivindicaci\u00f3 des de fa molts anys, va ser redactat per l&#039;empresa p\u00fablica <span class=\"hiddenSpellError\">Proaig\u00fces<\/span> el juny del 2021 i aprovat pel Consorci d&#039;Aig\u00fces de la Marina Alta el passat mes de mar\u00e7 del 2024.<\/p>\n<p>No obstant aix\u00f2, manca de la finan\u00e7ament necessari per dur-ho a terme, per la qual cosa l&#039;<strong>alcalde, Miquel \u00c0ngel <span class=\"hiddenSpellError\">Garcia<\/span>,<\/strong> va insistir en la import\u00e0ncia de dotar el cr\u00e8dit pressupostari necessari. <span class=\"hiddenSpellError\">Garcia<\/span> tamb\u00e9 va destacar la import\u00e0ncia que pot tenir <span class=\"hiddenSuggestion\">aquesta<\/span> obra per fer comarca, ja que no nom\u00e9s connectaria X\u00e0bia amb Benitatxell i Teulada, sin\u00f3 que obriria els ports a connectar el subministrament amb altres poblacions de l&#039;interior de la Marina Alta.<\/p>\n<p>A m\u00e9s, paral\u00b7lelament, el <strong>Consorci d&#039;Aig\u00fces Teulada \u2013 Benitatxell invertir\u00e0 m\u00e9s de 4 milions d&#039;euros en la millora dels recursos h\u00eddrics<\/strong>. D&#039;especial import\u00e0ncia ser\u00e0 la construcci\u00f3 de la nova dessalinitzadora de <span class=\"hiddenSpellError\">Castellons<\/span> i la posada en marxa del pou Canor Bess\u00f3 i la seva conducci\u00f3 a <span class=\"hiddenSuggestion\">aquesta<\/span> nova dessalinitzadora.<\/p>\n<p><img loading=\"lazy\" decoding=\"async\" class=\"alignnone wp-image-11294 size-full\" src=\"https:\/\/media.radiolitoral.com\/wp-content\/uploads\/2024\/09\/13163152\/Benitatxell-reparto-agua-4-1-scaled.jpg\" alt=\"\" width=\"2560\" height=\"1920\" srcset=\"https:\/\/media.radiolitoral.com\/wp-content\/uploads\/2024\/09\/13163152\/Benitatxell-reparto-agua-4-1-scaled.jpg 2560w, https:\/\/media.radiolitoral.com\/wp-content\/uploads\/2024\/09\/13163152\/Benitatxell-reparto-agua-4-1-300x225.jpg 300w, https:\/\/media.radiolitoral.com\/wp-content\/uploads\/2024\/09\/13163152\/Benitatxell-reparto-agua-4-1-1024x768.jpg 1024w, https:\/\/media.radiolitoral.com\/wp-content\/uploads\/2024\/09\/13163152\/Benitatxell-reparto-agua-4-1-768x576.jpg 768w, https:\/\/media.radiolitoral.com\/wp-content\/uploads\/2024\/09\/13163152\/Benitatxell-reparto-agua-4-1-1536x1152.jpg 1536w, https:\/\/media.radiolitoral.com\/wp-content\/uploads\/2024\/09\/13163152\/Benitatxell-reparto-agua-4-1-2048x1536.jpg 2048w, https:\/\/media.radiolitoral.com\/wp-content\/uploads\/2024\/09\/13163152\/Benitatxell-reparto-agua-4-1-16x12.jpg 16w, https:\/\/media.radiolitoral.com\/wp-content\/uploads\/2024\/09\/13163152\/Benitatxell-reparto-agua-4-1-1000x750.jpg 1000w, https:\/\/media.radiolitoral.com\/wp-content\/uploads\/2024\/09\/13163152\/Benitatxell-reparto-agua-4-1-100x75.jpg 100w, https:\/\/media.radiolitoral.com\/wp-content\/uploads\/2024\/09\/13163152\/Benitatxell-reparto-agua-4-1-200x150.jpg 200w\" sizes=\"auto, (max-width: 2560px) 100vw, 2560px\" \/><\/p>","protected":false},"excerpt":{"rendered":"<p>Bones not\u00edcies per als ve\u00efns de Teulada Moraira i El Poble Nou de Benitatxell, despr\u00e9s de setmanes de problemes amb la potabilitat de l&#8217;aigua de les seues aixetes. Despr\u00e9s dels resultats favorables en les an\u00e0lisis fetes per l&#8217;empresa concession\u00e0ria Hidraqua, la Direcci\u00f3 General de Salut P\u00fablica ha confirmat aquest divendres a mig mat\u00ed que l&#8217;aigua [&#8230;]<\/p>\n<p><a class=\"btn btn-secondary understrap-read-more-link\" href=\"https:\/\/radiolitoral.com\/ca\/2024\/09\/laigua-torna-a-ser-apta-per-al-consum-a-teulada-moraira-i-benitatxell\/\">Continua llegint&#8230;<span class=\"screen-reader-text\"> from L&#8217;aigua torna a ser apta per al consum a Teulada Moraira i Benitatxell<\/span><\/a><\/p>\n","protected":false},"author":13,"featured_media":11295,"comment_status":"open","ping_status":"closed","sticky":false,"template":"","format":"standard","meta":{"_acf_changed":false,"inline_featured_image":false,"footnotes":""},"categories":[945],"tags":[104,1961,185,1073,146],"class_list":["post-11297","post","type-post","status-publish","format-standard","has-post-thumbnail","hentry","category-recursos-hidricos","tag-agua","tag-agua-potable","tag-el-poble-nou-de-benitatxell","tag-recursos-hidricos","tag-teulada","cobertura-poble-nou-de-benitatxell","cobertura-teulada-moraira"],"acf":[],"yoast_head":"<!-- This site is optimized with the Yoast SEO plugin v27.5 - https:\/\/yoast.com\/product\/yoast-seo-wordpress\/ -->\n<title>L&#039;aigua torna a ser apta per al consum a Teulada Moraira i Benitatxell | R\u00e0dio Litoral<\/title>\n<meta name=\"description\" content=\"Salut P\u00fablica ha confirmat als respectius Ajuntaments que l&#039;aigua ja \u00e9s potable Salut P\u00fablica ha confirmat als respectius Ajuntaments que l&#039;aigua ja \u00e9s potable\" \/>\n<meta name=\"robots\" content=\"index, follow, max-snippet:-1, max-image-preview:large, max-video-preview:-1\" \/>\n<link rel=\"canonical\" href=\"https:\/\/radiolitoral.com\/ca\/2024\/09\/laigua-torna-a-ser-apta-per-al-consum-a-tellada-moraira-i-benitatxell\/\" \/>\n<meta property=\"og:locale\" content=\"ca_ES\" \/>\n<meta property=\"og:type\" content=\"article\" \/>\n<meta property=\"og:title\" content=\"L&#039;aigua torna a ser apta per al consum a Teulada Moraira i Benitatxell | R\u00e0dio Litoral\" \/>\n<meta property=\"og:description\" content=\"Salut P\u00fablica ha confirmat als respectius Ajuntaments que l&#039;aigua ja \u00e9s potable Salut P\u00fablica ha confirmat als respectius Ajuntaments que l&#039;aigua ja \u00e9s potable\" \/>\n<meta property=\"og:url\" content=\"https:\/\/radiolitoral.com\/ca\/2024\/09\/laigua-torna-a-ser-apta-per-al-consum-a-tellada-moraira-i-benitatxell\/\" \/>\n<meta property=\"og:site_name\" content=\"R\u00e0dio Litoral\" \/>\n<meta property=\"article:publisher\" content=\"https:\/\/www.facebook.com\/Laradiolitoral\/\" \/>\n<meta property=\"article:published_time\" content=\"2024-09-13T14:39:54+00:00\" \/>\n<meta property=\"og:image\" content=\"https:\/\/media.radiolitoral.com\/wp-content\/uploads\/2024\/09\/13163200\/Benitatxell-reparto-agua-2-1-scaled.jpg\" \/>\n\t<meta property=\"og:image:width\" content=\"2560\" \/>\n\t<meta property=\"og:image:height\" content=\"1920\" \/>\n\t<meta property=\"og:image:type\" content=\"image\/jpeg\" \/>\n<meta name=\"author\" content=\"Redacci\u00f3n\" \/>\n<meta name=\"twitter:card\" content=\"summary_large_image\" \/>\n<meta name=\"twitter:label1\" content=\"Escrit per\" \/>\n\t<meta name=\"twitter:data1\" content=\"Redacci\u00f3n\" \/>\n\t<meta name=\"twitter:label2\" content=\"Temps estimat de lectura\" \/>\n\t<meta name=\"twitter:data2\" content=\"5 minuts\" \/>\n<script type=\"application\/ld+json\" class=\"yoast-schema-graph\">{\"@context\":\"https:\\\/\\\/schema.org\",\"@graph\":[{\"@type\":\"NewsArticle\",\"@id\":\"https:\\\/\\\/radiolitoral.com\\\/2024\\\/09\\\/laigua-torna-a-ser-apta-per-al-consum-a-teulada-moraira-i-benitatxell\\\/#article\",\"isPartOf\":{\"@id\":\"https:\\\/\\\/radiolitoral.com\\\/2024\\\/09\\\/laigua-torna-a-ser-apta-per-al-consum-a-teulada-moraira-i-benitatxell\\\/\"},\"author\":{\"name\":\"Redacci\u00f3n\",\"@id\":\"https:\\\/\\\/radiolitoral.com\\\/#\\\/schema\\\/person\\\/f2b2343c49b5d721857cc1002bfdb151\"},\"headline\":\"L&#8217;aigua torna a ser apta per al consum a Teulada Moraira i Benitatxell\",\"datePublished\":\"2024-09-13T14:39:54+00:00\",\"mainEntityOfPage\":{\"@id\":\"https:\\\/\\\/radiolitoral.com\\\/2024\\\/09\\\/laigua-torna-a-ser-apta-per-al-consum-a-teulada-moraira-i-benitatxell\\\/\"},\"wordCount\":888,\"commentCount\":0,\"publisher\":{\"@id\":\"https:\\\/\\\/radiolitoral.com\\\/#organization\"},\"image\":{\"@id\":\"https:\\\/\\\/radiolitoral.com\\\/2024\\\/09\\\/laigua-torna-a-ser-apta-per-al-consum-a-teulada-moraira-i-benitatxell\\\/#primaryimage\"},\"thumbnailUrl\":\"https:\\\/\\\/media.radiolitoral.com\\\/wp-content\\\/uploads\\\/2024\\\/09\\\/13163200\\\/Benitatxell-reparto-agua-2-1-scaled.jpg\",\"keywords\":[\"Agua\",\"agua potable\",\"El Poble Nou de Benitatxell\",\"recursos h\u00eddricos\",\"Teulada\"],\"articleSection\":[\"Recursos H\u00eddricos\"],\"inLanguage\":\"ca\",\"potentialAction\":[{\"@type\":\"CommentAction\",\"name\":\"Comment\",\"target\":[\"https:\\\/\\\/radiolitoral.com\\\/2024\\\/09\\\/laigua-torna-a-ser-apta-per-al-consum-a-teulada-moraira-i-benitatxell\\\/#respond\"]}]},{\"@type\":[\"WebPage\",\"ItemPage\"],\"@id\":\"https:\\\/\\\/radiolitoral.com\\\/2024\\\/09\\\/laigua-torna-a-ser-apta-per-al-consum-a-teulada-moraira-i-benitatxell\\\/\",\"url\":\"https:\\\/\\\/radiolitoral.com\\\/2024\\\/09\\\/laigua-torna-a-ser-apta-per-al-consum-a-teulada-moraira-i-benitatxell\\\/\",\"name\":\"L'aigua torna a ser apta per al consum a Teulada Moraira i Benitatxell | R\u00e0dio Litoral\",\"isPartOf\":{\"@id\":\"https:\\\/\\\/radiolitoral.com\\\/#website\"},\"primaryImageOfPage\":{\"@id\":\"https:\\\/\\\/radiolitoral.com\\\/2024\\\/09\\\/laigua-torna-a-ser-apta-per-al-consum-a-teulada-moraira-i-benitatxell\\\/#primaryimage\"},\"image\":{\"@id\":\"https:\\\/\\\/radiolitoral.com\\\/2024\\\/09\\\/laigua-torna-a-ser-apta-per-al-consum-a-teulada-moraira-i-benitatxell\\\/#primaryimage\"},\"thumbnailUrl\":\"https:\\\/\\\/media.radiolitoral.com\\\/wp-content\\\/uploads\\\/2024\\\/09\\\/13163200\\\/Benitatxell-reparto-agua-2-1-scaled.jpg\",\"datePublished\":\"2024-09-13T14:39:54+00:00\",\"description\":\"Salut P\u00fablica ha confirmat als respectius Ajuntaments que l'aigua ja \u00e9s potable Salut P\u00fablica ha confirmat als respectius Ajuntaments que l'aigua ja \u00e9s potable\",\"breadcrumb\":{\"@id\":\"https:\\\/\\\/radiolitoral.com\\\/2024\\\/09\\\/laigua-torna-a-ser-apta-per-al-consum-a-teulada-moraira-i-benitatxell\\\/#breadcrumb\"},\"inLanguage\":\"ca\",\"potentialAction\":[{\"@type\":\"ReadAction\",\"target\":[\"https:\\\/\\\/radiolitoral.com\\\/2024\\\/09\\\/laigua-torna-a-ser-apta-per-al-consum-a-teulada-moraira-i-benitatxell\\\/\"]}]},{\"@type\":\"ImageObject\",\"inLanguage\":\"ca\",\"@id\":\"https:\\\/\\\/radiolitoral.com\\\/2024\\\/09\\\/laigua-torna-a-ser-apta-per-al-consum-a-teulada-moraira-i-benitatxell\\\/#primaryimage\",\"url\":\"https:\\\/\\\/media.radiolitoral.com\\\/wp-content\\\/uploads\\\/2024\\\/09\\\/13163200\\\/Benitatxell-reparto-agua-2-1-scaled.jpg\",\"contentUrl\":\"https:\\\/\\\/media.radiolitoral.com\\\/wp-content\\\/uploads\\\/2024\\\/09\\\/13163200\\\/Benitatxell-reparto-agua-2-1-scaled.jpg\",\"width\":2560,\"height\":1920},{\"@type\":\"BreadcrumbList\",\"@id\":\"https:\\\/\\\/radiolitoral.com\\\/2024\\\/09\\\/laigua-torna-a-ser-apta-per-al-consum-a-teulada-moraira-i-benitatxell\\\/#breadcrumb\",\"itemListElement\":[{\"@type\":\"ListItem\",\"position\":1,\"name\":\"Portada\",\"item\":\"https:\\\/\\\/radiolitoral.com\\\/\"},{\"@type\":\"ListItem\",\"position\":2,\"name\":\"L&#8217;aigua torna a ser apta per al consum a Teulada Moraira i Benitatxell\"}]},{\"@type\":\"WebSite\",\"@id\":\"https:\\\/\\\/radiolitoral.com\\\/#website\",\"url\":\"https:\\\/\\\/radiolitoral.com\\\/\",\"name\":\"Radio Litoral\",\"description\":\"La radio local de la Marina Alta\",\"publisher\":{\"@id\":\"https:\\\/\\\/radiolitoral.com\\\/#organization\"},\"alternateName\":\"Litoral FM\",\"potentialAction\":[{\"@type\":\"SearchAction\",\"target\":{\"@type\":\"EntryPoint\",\"urlTemplate\":\"https:\\\/\\\/radiolitoral.com\\\/?s={search_term_string}\"},\"query-input\":{\"@type\":\"PropertyValueSpecification\",\"valueRequired\":true,\"valueName\":\"search_term_string\"}}],\"inLanguage\":\"ca\"},{\"@type\":\"Organization\",\"@id\":\"https:\\\/\\\/radiolitoral.com\\\/#organization\",\"name\":\"Radio Litoral\",\"url\":\"https:\\\/\\\/radiolitoral.com\\\/\",\"logo\":{\"@type\":\"ImageObject\",\"inLanguage\":\"ca\",\"@id\":\"https:\\\/\\\/radiolitoral.com\\\/#\\\/schema\\\/logo\\\/image\\\/\",\"url\":\"https:\\\/\\\/media.radiolitoral.com\\\/wp-content\\\/uploads\\\/2023\\\/02\\\/24143238\\\/CL-V-RadioLitoral696.png\",\"contentUrl\":\"https:\\\/\\\/media.radiolitoral.com\\\/wp-content\\\/uploads\\\/2023\\\/02\\\/24143238\\\/CL-V-RadioLitoral696.png\",\"width\":696,\"height\":696,\"caption\":\"Radio Litoral\"},\"image\":{\"@id\":\"https:\\\/\\\/radiolitoral.com\\\/#\\\/schema\\\/logo\\\/image\\\/\"},\"sameAs\":[\"https:\\\/\\\/www.facebook.com\\\/Laradiolitoral\\\/\"]},{\"@type\":\"Person\",\"@id\":\"https:\\\/\\\/radiolitoral.com\\\/#\\\/schema\\\/person\\\/f2b2343c49b5d721857cc1002bfdb151\",\"name\":\"Redacci\u00f3n\",\"image\":{\"@type\":\"ImageObject\",\"inLanguage\":\"ca\",\"@id\":\"https:\\\/\\\/secure.gravatar.com\\\/avatar\\\/f771d896c203ad8b3382d7905cfcce5a5c9b008b84b3cd9114e9b9f4cb63f789?s=96&d=mm&r=g\",\"url\":\"https:\\\/\\\/secure.gravatar.com\\\/avatar\\\/f771d896c203ad8b3382d7905cfcce5a5c9b008b84b3cd9114e9b9f4cb63f789?s=96&d=mm&r=g\",\"contentUrl\":\"https:\\\/\\\/secure.gravatar.com\\\/avatar\\\/f771d896c203ad8b3382d7905cfcce5a5c9b008b84b3cd9114e9b9f4cb63f789?s=96&d=mm&r=g\",\"caption\":\"Redacci\u00f3n\"},\"url\":\"https:\\\/\\\/radiolitoral.com\\\/ca\\\/author\\\/miriam-pagan\\\/\"}]}<\/script>\n<!-- \/ Yoast SEO plugin. -->","yoast_head_json":{"title":"L&#039;aigua torna a ser apta per al consum a Teulada Moraira i Benitatxell | R\u00e0dio Litoral","description":"Salut P\u00fablica ha confirmat als respectius Ajuntaments que l&#039;aigua \u00e9s potable Salut P\u00fablica ha confirmat als respectius Ajuntaments que l&#039;aigua \u00e9s potable","robots":{"index":"index","follow":"follow","max-snippet":"max-snippet:-1","max-image-preview":"max-image-preview:large","max-video-preview":"max-video-preview:-1"},"canonical":"https:\/\/radiolitoral.com\/ca\/2024\/09\/laigua-torna-a-ser-apta-per-al-consum-a-tellada-moraira-i-benitatxell\/","og_locale":"ca_ES","og_type":"article","og_title":"L'aigua torna a ser apta per al consum a Teulada Moraira i Benitatxell | R\u00e0dio Litoral","og_description":"Salut P\u00fablica ha confirmat als respectius Ajuntaments que l'aigua ja \u00e9s potable Salut P\u00fablica ha confirmat als respectius Ajuntaments que l'aigua ja \u00e9s potable","og_url":"https:\/\/radiolitoral.com\/ca\/2024\/09\/laigua-torna-a-ser-apta-per-al-consum-a-tellada-moraira-i-benitatxell\/","og_site_name":"R\u00e0dio Litoral","article_publisher":"https:\/\/www.facebook.com\/Laradiolitoral\/","article_published_time":"2024-09-13T14:39:54+00:00","og_image":[{"width":2560,"height":1920,"url":"https:\/\/media.radiolitoral.com\/wp-content\/uploads\/2024\/09\/13163200\/Benitatxell-reparto-agua-2-1-scaled.jpg","type":"image\/jpeg"}],"author":"Redacci\u00f3n","twitter_card":"summary_large_image","twitter_misc":{"Escrit per":"Redacci\u00f3n","Temps estimat de lectura":"5 minuts"},"schema":{"@context":"https:\/\/schema.org","@graph":[{"@type":"NewsArticle","@id":"https:\/\/radiolitoral.com\/2024\/09\/laigua-torna-a-ser-apta-per-al-consum-a-teulada-moraira-i-benitatxell\/#article","isPartOf":{"@id":"https:\/\/radiolitoral.com\/2024\/09\/laigua-torna-a-ser-apta-per-al-consum-a-teulada-moraira-i-benitatxell\/"},"author":{"name":"Redacci\u00f3n","@id":"https:\/\/radiolitoral.com\/#\/schema\/person\/f2b2343c49b5d721857cc1002bfdb151"},"headline":"L&#8217;aigua torna a ser apta per al consum a Teulada Moraira i Benitatxell","datePublished":"2024-09-13T14:39:54+00:00","mainEntityOfPage":{"@id":"https:\/\/radiolitoral.com\/2024\/09\/laigua-torna-a-ser-apta-per-al-consum-a-teulada-moraira-i-benitatxell\/"},"wordCount":888,"commentCount":0,"publisher":{"@id":"https:\/\/radiolitoral.com\/#organization"},"image":{"@id":"https:\/\/radiolitoral.com\/2024\/09\/laigua-torna-a-ser-apta-per-al-consum-a-teulada-moraira-i-benitatxell\/#primaryimage"},"thumbnailUrl":"https:\/\/media.radiolitoral.com\/wp-content\/uploads\/2024\/09\/13163200\/Benitatxell-reparto-agua-2-1-scaled.jpg","keywords":["Agua","agua potable","El Poble Nou de Benitatxell","recursos h\u00eddricos","Teulada"],"articleSection":["Recursos H\u00eddricos"],"inLanguage":"ca","potentialAction":[{"@type":"CommentAction","name":"Comment","target":["https:\/\/radiolitoral.com\/2024\/09\/laigua-torna-a-ser-apta-per-al-consum-a-teulada-moraira-i-benitatxell\/#respond"]}]},{"@type":["WebPage","ItemPage"],"@id":"https:\/\/radiolitoral.com\/2024\/09\/laigua-torna-a-ser-apta-per-al-consum-a-teulada-moraira-i-benitatxell\/","url":"https:\/\/radiolitoral.com\/2024\/09\/laigua-torna-a-ser-apta-per-al-consum-a-teulada-moraira-i-benitatxell\/","name":"L&#039;aigua torna a ser apta per al consum a Teulada Moraira i Benitatxell | R\u00e0dio Litoral","isPartOf":{"@id":"https:\/\/radiolitoral.com\/#website"},"primaryImageOfPage":{"@id":"https:\/\/radiolitoral.com\/2024\/09\/laigua-torna-a-ser-apta-per-al-consum-a-teulada-moraira-i-benitatxell\/#primaryimage"},"image":{"@id":"https:\/\/radiolitoral.com\/2024\/09\/laigua-torna-a-ser-apta-per-al-consum-a-teulada-moraira-i-benitatxell\/#primaryimage"},"thumbnailUrl":"https:\/\/media.radiolitoral.com\/wp-content\/uploads\/2024\/09\/13163200\/Benitatxell-reparto-agua-2-1-scaled.jpg","datePublished":"2024-09-13T14:39:54+00:00","description":"Salut P\u00fablica ha confirmat als respectius Ajuntaments que l&#039;aigua \u00e9s potable Salut P\u00fablica ha confirmat als respectius Ajuntaments que l&#039;aigua \u00e9s potable","breadcrumb":{"@id":"https:\/\/radiolitoral.com\/2024\/09\/laigua-torna-a-ser-apta-per-al-consum-a-teulada-moraira-i-benitatxell\/#breadcrumb"},"inLanguage":"ca","potentialAction":[{"@type":"ReadAction","target":["https:\/\/radiolitoral.com\/2024\/09\/laigua-torna-a-ser-apta-per-al-consum-a-teulada-moraira-i-benitatxell\/"]}]},{"@type":"ImageObject","inLanguage":"ca","@id":"https:\/\/radiolitoral.com\/2024\/09\/laigua-torna-a-ser-apta-per-al-consum-a-teulada-moraira-i-benitatxell\/#primaryimage","url":"https:\/\/media.radiolitoral.com\/wp-content\/uploads\/2024\/09\/13163200\/Benitatxell-reparto-agua-2-1-scaled.jpg","contentUrl":"https:\/\/media.radiolitoral.com\/wp-content\/uploads\/2024\/09\/13163200\/Benitatxell-reparto-agua-2-1-scaled.jpg","width":2560,"height":1920},{"@type":"BreadcrumbList","@id":"https:\/\/radiolitoral.com\/2024\/09\/laigua-torna-a-ser-apta-per-al-consum-a-teulada-moraira-i-benitatxell\/#breadcrumb","itemListElement":[{"@type":"ListItem","position":1,"name":"Portada","item":"https:\/\/radiolitoral.com\/"},{"@type":"ListItem","position":2,"name":"L&#8217;aigua torna a ser apta per al consum a Teulada Moraira i Benitatxell"}]},{"@type":"WebSite","@id":"https:\/\/radiolitoral.com\/#website","url":"https:\/\/radiolitoral.com\/","name":"R\u00e0dio Litoral","description":"La r\u00e0dio local de la Marina Alta","publisher":{"@id":"https:\/\/radiolitoral.com\/#organization"},"alternateName":"Litoral FM","potentialAction":[{"@type":"SearchAction","target":{"@type":"EntryPoint","urlTemplate":"https:\/\/radiolitoral.com\/?s={search_term_string}"},"query-input":{"@type":"PropertyValueSpecification","valueRequired":true,"valueName":"search_term_string"}}],"inLanguage":"ca"},{"@type":"Organization","@id":"https:\/\/radiolitoral.com\/#organization","name":"R\u00e0dio Litoral","url":"https:\/\/radiolitoral.com\/","logo":{"@type":"ImageObject","inLanguage":"ca","@id":"https:\/\/radiolitoral.com\/#\/schema\/logo\/image\/","url":"https:\/\/media.radiolitoral.com\/wp-content\/uploads\/2023\/02\/24143238\/CL-V-RadioLitoral696.png","contentUrl":"https:\/\/media.radiolitoral.com\/wp-content\/uploads\/2023\/02\/24143238\/CL-V-RadioLitoral696.png","width":696,"height":696,"caption":"Radio Litoral"},"image":{"@id":"https:\/\/radiolitoral.com\/#\/schema\/logo\/image\/"},"sameAs":["https:\/\/www.facebook.com\/Laradiolitoral\/"]},{"@type":"Person","@id":"https:\/\/radiolitoral.com\/#\/schema\/person\/f2b2343c49b5d721857cc1002bfdb151","name":"Redacci\u00f3","image":{"@type":"ImageObject","inLanguage":"ca","@id":"https:\/\/secure.gravatar.com\/avatar\/f771d896c203ad8b3382d7905cfcce5a5c9b008b84b3cd9114e9b9f4cb63f789?s=96&d=mm&r=g","url":"https:\/\/secure.gravatar.com\/avatar\/f771d896c203ad8b3382d7905cfcce5a5c9b008b84b3cd9114e9b9f4cb63f789?s=96&d=mm&r=g","contentUrl":"https:\/\/secure.gravatar.com\/avatar\/f771d896c203ad8b3382d7905cfcce5a5c9b008b84b3cd9114e9b9f4cb63f789?s=96&d=mm&r=g","caption":"Redacci\u00f3n"},"url":"https:\/\/radiolitoral.com\/ca\/author\/miriam-pagan\/"}]}},"_links":{"self":[{"href":"https:\/\/radiolitoral.com\/ca\/wp-json\/wp\/v2\/posts\/11297","targetHints":{"allow":["GET"]}}],"collection":[{"href":"https:\/\/radiolitoral.com\/ca\/wp-json\/wp\/v2\/posts"}],"about":[{"href":"https:\/\/radiolitoral.com\/ca\/wp-json\/wp\/v2\/types\/post"}],"author":[{"embeddable":true,"href":"https:\/\/radiolitoral.com\/ca\/wp-json\/wp\/v2\/users\/13"}],"replies":[{"embeddable":true,"href":"https:\/\/radiolitoral.com\/ca\/wp-json\/wp\/v2\/comments?post=11297"}],"version-history":[{"count":1,"href":"https:\/\/radiolitoral.com\/ca\/wp-json\/wp\/v2\/posts\/11297\/revisions"}],"predecessor-version":[{"id":11298,"href":"https:\/\/radiolitoral.com\/ca\/wp-json\/wp\/v2\/posts\/11297\/revisions\/11298"}],"wp:featuredmedia":[{"embeddable":true,"href":"https:\/\/radiolitoral.com\/ca\/wp-json\/wp\/v2\/media\/11295"}],"wp:attachment":[{"href":"https:\/\/radiolitoral.com\/ca\/wp-json\/wp\/v2\/media?parent=11297"}],"wp:term":[{"taxonomy":"category","embeddable":true,"href":"https:\/\/radiolitoral.com\/ca\/wp-json\/wp\/v2\/categories?post=11297"},{"taxonomy":"post_tag","embeddable":true,"href":"https:\/\/radiolitoral.com\/ca\/wp-json\/wp\/v2\/tags?post=11297"}],"curies":[{"name":"wp","href":"https:\/\/api.w.org\/{rel}","templated":true}]}}