{"id":11284,"date":"2024-09-13T14:14:18","date_gmt":"2024-09-13T12:14:18","guid":{"rendered":"https:\/\/radiolitoral.com\/?p=11284"},"modified":"2024-09-13T14:15:27","modified_gmt":"2024-09-13T12:15:27","slug":"sincer-homenatge-a-vicent-berenguer-el-missioner-de-tellada-que-ha-desenvolupat-una-important-tasca-humanitaria","status":"publish","type":"post","link":"https:\/\/radiolitoral.com\/ca\/2024\/09\/sincer-homenatge-a-vicente-berenguer-el-missioner-de-teulada-que-ha-desenvolupat-una-important-tasca-humanitaria\/","title":{"rendered":"Sincer homenatge a Vicent Berenguer, el missioner de Teulada que ha desenvolupat una important tasca humanit\u00e0ria"},"content":{"rendered":"<p><strong>Teulada<\/strong> va retre <strong>homenatge<\/strong> ayer a <strong>un dels seus ve\u00efns m\u00e9s carism\u00e0tics i bondadosos, <span class=\"hiddenSpellError\">Vicente<\/span> Berenguer,<\/strong> missioner amb una llarga traject\u00f2ria humanit\u00e0ria a l&#039;esquena.<\/p>\n<p>Autoritats locals, ve\u00efns, familiars i amics van acompanyar a <span class=\"hiddenSpellError\">Vicente<\/span> Berenguer, \u00ab<span class=\"hiddenSpellError\">Vicent\u00ed<\/span>\u00ab, mentre \u00e9s destapava <strong>la placa amb el seu nom i que a partir d&#039;ara anomena el tram de carrer que d\u00f3na acc\u00e9s a l&#039;Auditori Teulada Moraira.<\/strong><\/p>\n<div id='gallery-1' class='gallery galleryid-11284 gallery-columns-3 gallery-size-full'><figure class='gallery-item'>\n\t\t\t<div class='gallery-icon landscape'>\n\t\t\t\t<a href='https:\/\/radiolitoral.com\/ca\/teulada-homenaje-vicente-berenguer-10\/'><img loading=\"lazy\" decoding=\"async\" width=\"2000\" height=\"1500\" src=\"https:\/\/media.radiolitoral.com\/wp-content\/uploads\/2024\/09\/13132208\/Teulada-homenaje-Vicente-Berenguer-10.jpeg\" class=\"attachment-full size-full\" alt=\"\" srcset=\"https:\/\/media.radiolitoral.com\/wp-content\/uploads\/2024\/09\/13132208\/Teulada-homenaje-Vicente-Berenguer-10.jpeg 2000w, https:\/\/media.radiolitoral.com\/wp-content\/uploads\/2024\/09\/13132208\/Teulada-homenaje-Vicente-Berenguer-10-300x225.jpeg 300w, https:\/\/media.radiolitoral.com\/wp-content\/uploads\/2024\/09\/13132208\/Teulada-homenaje-Vicente-Berenguer-10-1024x768.jpeg 1024w, https:\/\/media.radiolitoral.com\/wp-content\/uploads\/2024\/09\/13132208\/Teulada-homenaje-Vicente-Berenguer-10-768x576.jpeg 768w, https:\/\/media.radiolitoral.com\/wp-content\/uploads\/2024\/09\/13132208\/Teulada-homenaje-Vicente-Berenguer-10-1536x1152.jpeg 1536w, https:\/\/media.radiolitoral.com\/wp-content\/uploads\/2024\/09\/13132208\/Teulada-homenaje-Vicente-Berenguer-10-16x12.jpeg 16w, https:\/\/media.radiolitoral.com\/wp-content\/uploads\/2024\/09\/13132208\/Teulada-homenaje-Vicente-Berenguer-10-1000x750.jpeg 1000w, https:\/\/media.radiolitoral.com\/wp-content\/uploads\/2024\/09\/13132208\/Teulada-homenaje-Vicente-Berenguer-10-100x75.jpeg 100w, https:\/\/media.radiolitoral.com\/wp-content\/uploads\/2024\/09\/13132208\/Teulada-homenaje-Vicente-Berenguer-10-200x150.jpeg 200w\" sizes=\"auto, (max-width: 2000px) 100vw, 2000px\" \/><\/a>\n\t\t\t<\/div><\/figure><figure class='gallery-item'>\n\t\t\t<div class='gallery-icon landscape'>\n\t\t\t\t<a href='https:\/\/radiolitoral.com\/ca\/teulada-homenaje-vicente-berenguer-5\/'><img loading=\"lazy\" decoding=\"async\" width=\"2000\" height=\"1500\" src=\"https:\/\/media.radiolitoral.com\/wp-content\/uploads\/2024\/09\/13132158\/Teulada-homenaje-Vicente-Berenguer-5.jpeg\" class=\"attachment-full size-full\" alt=\"\" srcset=\"https:\/\/media.radiolitoral.com\/wp-content\/uploads\/2024\/09\/13132158\/Teulada-homenaje-Vicente-Berenguer-5.jpeg 2000w, https:\/\/media.radiolitoral.com\/wp-content\/uploads\/2024\/09\/13132158\/Teulada-homenaje-Vicente-Berenguer-5-300x225.jpeg 300w, https:\/\/media.radiolitoral.com\/wp-content\/uploads\/2024\/09\/13132158\/Teulada-homenaje-Vicente-Berenguer-5-1024x768.jpeg 1024w, https:\/\/media.radiolitoral.com\/wp-content\/uploads\/2024\/09\/13132158\/Teulada-homenaje-Vicente-Berenguer-5-768x576.jpeg 768w, https:\/\/media.radiolitoral.com\/wp-content\/uploads\/2024\/09\/13132158\/Teulada-homenaje-Vicente-Berenguer-5-1536x1152.jpeg 1536w, https:\/\/media.radiolitoral.com\/wp-content\/uploads\/2024\/09\/13132158\/Teulada-homenaje-Vicente-Berenguer-5-16x12.jpeg 16w, https:\/\/media.radiolitoral.com\/wp-content\/uploads\/2024\/09\/13132158\/Teulada-homenaje-Vicente-Berenguer-5-1000x750.jpeg 1000w, https:\/\/media.radiolitoral.com\/wp-content\/uploads\/2024\/09\/13132158\/Teulada-homenaje-Vicente-Berenguer-5-100x75.jpeg 100w, https:\/\/media.radiolitoral.com\/wp-content\/uploads\/2024\/09\/13132158\/Teulada-homenaje-Vicente-Berenguer-5-200x150.jpeg 200w\" sizes=\"auto, (max-width: 2000px) 100vw, 2000px\" \/><\/a>\n\t\t\t<\/div><\/figure><figure class='gallery-item'>\n\t\t\t<div class='gallery-icon landscape'>\n\t\t\t\t<a href='https:\/\/radiolitoral.com\/ca\/teulada-homenaje-vicente-berenguer-4\/'><img loading=\"lazy\" decoding=\"async\" width=\"2000\" height=\"1500\" src=\"https:\/\/media.radiolitoral.com\/wp-content\/uploads\/2024\/09\/13132153\/Teulada-homenaje-Vicente-Berenguer-4.jpeg\" class=\"attachment-full size-full\" alt=\"\" srcset=\"https:\/\/media.radiolitoral.com\/wp-content\/uploads\/2024\/09\/13132153\/Teulada-homenaje-Vicente-Berenguer-4.jpeg 2000w, https:\/\/media.radiolitoral.com\/wp-content\/uploads\/2024\/09\/13132153\/Teulada-homenaje-Vicente-Berenguer-4-300x225.jpeg 300w, https:\/\/media.radiolitoral.com\/wp-content\/uploads\/2024\/09\/13132153\/Teulada-homenaje-Vicente-Berenguer-4-1024x768.jpeg 1024w, https:\/\/media.radiolitoral.com\/wp-content\/uploads\/2024\/09\/13132153\/Teulada-homenaje-Vicente-Berenguer-4-768x576.jpeg 768w, https:\/\/media.radiolitoral.com\/wp-content\/uploads\/2024\/09\/13132153\/Teulada-homenaje-Vicente-Berenguer-4-1536x1152.jpeg 1536w, https:\/\/media.radiolitoral.com\/wp-content\/uploads\/2024\/09\/13132153\/Teulada-homenaje-Vicente-Berenguer-4-16x12.jpeg 16w, https:\/\/media.radiolitoral.com\/wp-content\/uploads\/2024\/09\/13132153\/Teulada-homenaje-Vicente-Berenguer-4-1000x750.jpeg 1000w, https:\/\/media.radiolitoral.com\/wp-content\/uploads\/2024\/09\/13132153\/Teulada-homenaje-Vicente-Berenguer-4-100x75.jpeg 100w, https:\/\/media.radiolitoral.com\/wp-content\/uploads\/2024\/09\/13132153\/Teulada-homenaje-Vicente-Berenguer-4-200x150.jpeg 200w\" sizes=\"auto, (max-width: 2000px) 100vw, 2000px\" \/><\/a>\n\t\t\t<\/div><\/figure>\n\t\t<\/div>\n\n<p>Una celebraci\u00f3 que va continuar amb la <strong>col\u00b7locaci\u00f3 d&#039;una placa commemorativa al C\/Hostal <span class=\"hiddenGrammarError\">n\u00fam<\/span> 12, lloc de naixement de <span class=\"hiddenSpellError\">Vicente<\/span> Berenguer<\/strong>, com a reconeixement a la seva destacada tasca humanit\u00e0ria i altruista no nom\u00e9s a trav\u00e9s de les seves tasques educatives a Mo\u00e7ambic, sin\u00f3 tamb\u00e9 a la localitat on el missioner \u00e9s molt apreciat.<\/p>\n<div id='gallery-2' class='gallery galleryid-11284 gallery-columns-2 gallery-size-full'><figure class='gallery-item'>\n\t\t\t<div class='gallery-icon landscape'>\n\t\t\t\t<a href='https:\/\/radiolitoral.com\/ca\/teulada-homenaje-vicente-berenguer-13\/'><img loading=\"lazy\" decoding=\"async\" width=\"2000\" height=\"1500\" src=\"https:\/\/media.radiolitoral.com\/wp-content\/uploads\/2024\/09\/13132217\/Teulada-homenaje-Vicente-Berenguer-13.jpeg\" class=\"attachment-full size-full\" alt=\"\" srcset=\"https:\/\/media.radiolitoral.com\/wp-content\/uploads\/2024\/09\/13132217\/Teulada-homenaje-Vicente-Berenguer-13.jpeg 2000w, https:\/\/media.radiolitoral.com\/wp-content\/uploads\/2024\/09\/13132217\/Teulada-homenaje-Vicente-Berenguer-13-300x225.jpeg 300w, https:\/\/media.radiolitoral.com\/wp-content\/uploads\/2024\/09\/13132217\/Teulada-homenaje-Vicente-Berenguer-13-1024x768.jpeg 1024w, https:\/\/media.radiolitoral.com\/wp-content\/uploads\/2024\/09\/13132217\/Teulada-homenaje-Vicente-Berenguer-13-768x576.jpeg 768w, https:\/\/media.radiolitoral.com\/wp-content\/uploads\/2024\/09\/13132217\/Teulada-homenaje-Vicente-Berenguer-13-1536x1152.jpeg 1536w, https:\/\/media.radiolitoral.com\/wp-content\/uploads\/2024\/09\/13132217\/Teulada-homenaje-Vicente-Berenguer-13-16x12.jpeg 16w, https:\/\/media.radiolitoral.com\/wp-content\/uploads\/2024\/09\/13132217\/Teulada-homenaje-Vicente-Berenguer-13-1000x750.jpeg 1000w, https:\/\/media.radiolitoral.com\/wp-content\/uploads\/2024\/09\/13132217\/Teulada-homenaje-Vicente-Berenguer-13-100x75.jpeg 100w, https:\/\/media.radiolitoral.com\/wp-content\/uploads\/2024\/09\/13132217\/Teulada-homenaje-Vicente-Berenguer-13-200x150.jpeg 200w\" sizes=\"auto, (max-width: 2000px) 100vw, 2000px\" \/><\/a>\n\t\t\t<\/div><\/figure><figure class='gallery-item'>\n\t\t\t<div class='gallery-icon landscape'>\n\t\t\t\t<a href='https:\/\/radiolitoral.com\/ca\/teulada-homenaje-vicente-berenguer-12\/'><img loading=\"lazy\" decoding=\"async\" width=\"2000\" height=\"1125\" src=\"https:\/\/media.radiolitoral.com\/wp-content\/uploads\/2024\/09\/13132212\/Teulada-homenaje-Vicente-Berenguer-12.jpeg\" class=\"attachment-full size-full\" alt=\"\" srcset=\"https:\/\/media.radiolitoral.com\/wp-content\/uploads\/2024\/09\/13132212\/Teulada-homenaje-Vicente-Berenguer-12.jpeg 2000w, https:\/\/media.radiolitoral.com\/wp-content\/uploads\/2024\/09\/13132212\/Teulada-homenaje-Vicente-Berenguer-12-300x169.jpeg 300w, https:\/\/media.radiolitoral.com\/wp-content\/uploads\/2024\/09\/13132212\/Teulada-homenaje-Vicente-Berenguer-12-1024x576.jpeg 1024w, https:\/\/media.radiolitoral.com\/wp-content\/uploads\/2024\/09\/13132212\/Teulada-homenaje-Vicente-Berenguer-12-768x432.jpeg 768w, https:\/\/media.radiolitoral.com\/wp-content\/uploads\/2024\/09\/13132212\/Teulada-homenaje-Vicente-Berenguer-12-1536x864.jpeg 1536w, https:\/\/media.radiolitoral.com\/wp-content\/uploads\/2024\/09\/13132212\/Teulada-homenaje-Vicente-Berenguer-12-18x10.jpeg 18w, https:\/\/media.radiolitoral.com\/wp-content\/uploads\/2024\/09\/13132212\/Teulada-homenaje-Vicente-Berenguer-12-1000x563.jpeg 1000w, https:\/\/media.radiolitoral.com\/wp-content\/uploads\/2024\/09\/13132212\/Teulada-homenaje-Vicente-Berenguer-12-100x56.jpeg 100w, https:\/\/media.radiolitoral.com\/wp-content\/uploads\/2024\/09\/13132212\/Teulada-homenaje-Vicente-Berenguer-12-200x113.jpeg 200w\" sizes=\"auto, (max-width: 2000px) 100vw, 2000px\" \/><\/a>\n\t\t\t<\/div><\/figure>\n\t\t<\/div>\n\n<p>Amb <span class=\"hiddenSuggestion\">aquest<\/span> homenatge, Teulada Moraira honra la seva tasca pedag\u00f2gica i el seu valu\u00f3s arribat. Un <strong>dia hist\u00f2ric per al municipi,<\/strong> segons va destacar l<strong>&#039;alcalde, <span class=\"hiddenSpellError\">Ra\u00fal<\/span> Llobell.<\/strong> Un reconeixement m\u00e9s que merescut, va apuntar el batle, per tots els \u00e8xits que ha aconseguit <span class=\"hiddenSpellError\">Vicente<\/span> Berenguer. Una iniciativa promoguda per l&#039;Associaci\u00f3 Premi a l&#039;Educaci\u00f3 <span class=\"hiddenSpellError\">Vicente<\/span> Berenguer\u201d, m\u00e9s que justificada, va insistir Llobell.<\/p>\n<p>El mateix <strong>Berenguer<\/strong> va mostrar el seu <strong>agra\u00efment pel reconeixement organitzat per l&#039;Ajuntament de Teulada<\/strong>, destacant que la seva tasca a Mo\u00e7ambic ha estat possible gr\u00e0cies al suport i l&#039;ajuda de moltes persones. \u00abJo soc menut per a asseure&#039;m en una silla tan gran\u00bb va dir el missioner.<\/p>\n<div id='gallery-3' class='gallery galleryid-11284 gallery-columns-2 gallery-size-full'><figure class='gallery-item'>\n\t\t\t<div class='gallery-icon landscape'>\n\t\t\t\t<a href='https:\/\/radiolitoral.com\/ca\/teulada-homenaje-vicente-berenguer-20\/'><img loading=\"lazy\" decoding=\"async\" width=\"2000\" height=\"1500\" src=\"https:\/\/media.radiolitoral.com\/wp-content\/uploads\/2024\/09\/13132230\/Teulada-homenaje-Vicente-Berenguer-20.jpeg\" class=\"attachment-full size-full\" alt=\"\" srcset=\"https:\/\/media.radiolitoral.com\/wp-content\/uploads\/2024\/09\/13132230\/Teulada-homenaje-Vicente-Berenguer-20.jpeg 2000w, https:\/\/media.radiolitoral.com\/wp-content\/uploads\/2024\/09\/13132230\/Teulada-homenaje-Vicente-Berenguer-20-300x225.jpeg 300w, https:\/\/media.radiolitoral.com\/wp-content\/uploads\/2024\/09\/13132230\/Teulada-homenaje-Vicente-Berenguer-20-1024x768.jpeg 1024w, https:\/\/media.radiolitoral.com\/wp-content\/uploads\/2024\/09\/13132230\/Teulada-homenaje-Vicente-Berenguer-20-768x576.jpeg 768w, https:\/\/media.radiolitoral.com\/wp-content\/uploads\/2024\/09\/13132230\/Teulada-homenaje-Vicente-Berenguer-20-1536x1152.jpeg 1536w, https:\/\/media.radiolitoral.com\/wp-content\/uploads\/2024\/09\/13132230\/Teulada-homenaje-Vicente-Berenguer-20-16x12.jpeg 16w, https:\/\/media.radiolitoral.com\/wp-content\/uploads\/2024\/09\/13132230\/Teulada-homenaje-Vicente-Berenguer-20-1000x750.jpeg 1000w, https:\/\/media.radiolitoral.com\/wp-content\/uploads\/2024\/09\/13132230\/Teulada-homenaje-Vicente-Berenguer-20-100x75.jpeg 100w, https:\/\/media.radiolitoral.com\/wp-content\/uploads\/2024\/09\/13132230\/Teulada-homenaje-Vicente-Berenguer-20-200x150.jpeg 200w\" sizes=\"auto, (max-width: 2000px) 100vw, 2000px\" \/><\/a>\n\t\t\t<\/div><\/figure><figure class='gallery-item'>\n\t\t\t<div class='gallery-icon landscape'>\n\t\t\t\t<a href='https:\/\/radiolitoral.com\/ca\/teulada-homenaje-vicente-berenguer-17\/'><img loading=\"lazy\" decoding=\"async\" width=\"2000\" height=\"1500\" src=\"https:\/\/media.radiolitoral.com\/wp-content\/uploads\/2024\/09\/13132225\/Teulada-homenaje-Vicente-Berenguer-17.jpeg\" class=\"attachment-full size-full\" alt=\"\" srcset=\"https:\/\/media.radiolitoral.com\/wp-content\/uploads\/2024\/09\/13132225\/Teulada-homenaje-Vicente-Berenguer-17.jpeg 2000w, https:\/\/media.radiolitoral.com\/wp-content\/uploads\/2024\/09\/13132225\/Teulada-homenaje-Vicente-Berenguer-17-300x225.jpeg 300w, https:\/\/media.radiolitoral.com\/wp-content\/uploads\/2024\/09\/13132225\/Teulada-homenaje-Vicente-Berenguer-17-1024x768.jpeg 1024w, https:\/\/media.radiolitoral.com\/wp-content\/uploads\/2024\/09\/13132225\/Teulada-homenaje-Vicente-Berenguer-17-768x576.jpeg 768w, https:\/\/media.radiolitoral.com\/wp-content\/uploads\/2024\/09\/13132225\/Teulada-homenaje-Vicente-Berenguer-17-1536x1152.jpeg 1536w, https:\/\/media.radiolitoral.com\/wp-content\/uploads\/2024\/09\/13132225\/Teulada-homenaje-Vicente-Berenguer-17-16x12.jpeg 16w, https:\/\/media.radiolitoral.com\/wp-content\/uploads\/2024\/09\/13132225\/Teulada-homenaje-Vicente-Berenguer-17-1000x750.jpeg 1000w, https:\/\/media.radiolitoral.com\/wp-content\/uploads\/2024\/09\/13132225\/Teulada-homenaje-Vicente-Berenguer-17-100x75.jpeg 100w, https:\/\/media.radiolitoral.com\/wp-content\/uploads\/2024\/09\/13132225\/Teulada-homenaje-Vicente-Berenguer-17-200x150.jpeg 200w\" sizes=\"auto, (max-width: 2000px) 100vw, 2000px\" \/><\/a>\n\t\t\t<\/div><\/figure><figure class='gallery-item'>\n\t\t\t<div class='gallery-icon landscape'>\n\t\t\t\t<a href='https:\/\/radiolitoral.com\/ca\/teulada-homenaje-vicente-berenguer-16\/'><img loading=\"lazy\" decoding=\"async\" width=\"2000\" height=\"1500\" src=\"https:\/\/media.radiolitoral.com\/wp-content\/uploads\/2024\/09\/13132220\/Teulada-homenaje-Vicente-Berenguer-16.jpeg\" class=\"attachment-full size-full\" alt=\"\" srcset=\"https:\/\/media.radiolitoral.com\/wp-content\/uploads\/2024\/09\/13132220\/Teulada-homenaje-Vicente-Berenguer-16.jpeg 2000w, https:\/\/media.radiolitoral.com\/wp-content\/uploads\/2024\/09\/13132220\/Teulada-homenaje-Vicente-Berenguer-16-300x225.jpeg 300w, https:\/\/media.radiolitoral.com\/wp-content\/uploads\/2024\/09\/13132220\/Teulada-homenaje-Vicente-Berenguer-16-1024x768.jpeg 1024w, https:\/\/media.radiolitoral.com\/wp-content\/uploads\/2024\/09\/13132220\/Teulada-homenaje-Vicente-Berenguer-16-768x576.jpeg 768w, https:\/\/media.radiolitoral.com\/wp-content\/uploads\/2024\/09\/13132220\/Teulada-homenaje-Vicente-Berenguer-16-1536x1152.jpeg 1536w, https:\/\/media.radiolitoral.com\/wp-content\/uploads\/2024\/09\/13132220\/Teulada-homenaje-Vicente-Berenguer-16-16x12.jpeg 16w, https:\/\/media.radiolitoral.com\/wp-content\/uploads\/2024\/09\/13132220\/Teulada-homenaje-Vicente-Berenguer-16-1000x750.jpeg 1000w, https:\/\/media.radiolitoral.com\/wp-content\/uploads\/2024\/09\/13132220\/Teulada-homenaje-Vicente-Berenguer-16-100x75.jpeg 100w, https:\/\/media.radiolitoral.com\/wp-content\/uploads\/2024\/09\/13132220\/Teulada-homenaje-Vicente-Berenguer-16-200x150.jpeg 200w\" sizes=\"auto, (max-width: 2000px) 100vw, 2000px\" \/><\/a>\n\t\t\t<\/div><\/figure><figure class='gallery-item'>\n\t\t\t<div class='gallery-icon landscape'>\n\t\t\t\t<a href='https:\/\/radiolitoral.com\/ca\/teulada-homenaje-vicente-berenguer-2\/'><img loading=\"lazy\" decoding=\"async\" width=\"2000\" height=\"1500\" src=\"https:\/\/media.radiolitoral.com\/wp-content\/uploads\/2024\/09\/13132144\/Teulada-homenaje-Vicente-Berenguer-2.jpeg\" class=\"attachment-full size-full\" alt=\"\" srcset=\"https:\/\/media.radiolitoral.com\/wp-content\/uploads\/2024\/09\/13132144\/Teulada-homenaje-Vicente-Berenguer-2.jpeg 2000w, https:\/\/media.radiolitoral.com\/wp-content\/uploads\/2024\/09\/13132144\/Teulada-homenaje-Vicente-Berenguer-2-300x225.jpeg 300w, https:\/\/media.radiolitoral.com\/wp-content\/uploads\/2024\/09\/13132144\/Teulada-homenaje-Vicente-Berenguer-2-1024x768.jpeg 1024w, https:\/\/media.radiolitoral.com\/wp-content\/uploads\/2024\/09\/13132144\/Teulada-homenaje-Vicente-Berenguer-2-768x576.jpeg 768w, https:\/\/media.radiolitoral.com\/wp-content\/uploads\/2024\/09\/13132144\/Teulada-homenaje-Vicente-Berenguer-2-1536x1152.jpeg 1536w, https:\/\/media.radiolitoral.com\/wp-content\/uploads\/2024\/09\/13132144\/Teulada-homenaje-Vicente-Berenguer-2-16x12.jpeg 16w, https:\/\/media.radiolitoral.com\/wp-content\/uploads\/2024\/09\/13132144\/Teulada-homenaje-Vicente-Berenguer-2-1000x750.jpeg 1000w, https:\/\/media.radiolitoral.com\/wp-content\/uploads\/2024\/09\/13132144\/Teulada-homenaje-Vicente-Berenguer-2-100x75.jpeg 100w, https:\/\/media.radiolitoral.com\/wp-content\/uploads\/2024\/09\/13132144\/Teulada-homenaje-Vicente-Berenguer-2-200x150.jpeg 200w\" sizes=\"auto, (max-width: 2000px) 100vw, 2000px\" \/><\/a>\n\t\t\t<\/div><\/figure>\n\t\t<\/div>","protected":false},"excerpt":{"rendered":"<p>Teulada va retre homenatge ahir a un dels seus ve\u00efns m\u00e9s carism\u00e0tics i bondadosos, Vicente Berenguer, missioner amb una llarga traject\u00f2ria humanit\u00e0ria a l&#8217;esquena. Autoritats locals, ve\u00efns, familiars i amics van acompanyar a Vicente Berenguer, \u00abVicent\u00edn\u00ab, mentre es destapava la placa amb el seu nom i que a partir d&#8217;ara denomina el tram de carrer [&#8230;]<\/p>\n<p><a class=\"btn btn-secondary understrap-read-more-link\" href=\"https:\/\/radiolitoral.com\/ca\/2024\/09\/sincer-homenatge-a-vicente-berenguer-el-missioner-de-teulada-que-ha-desenvolupat-una-important-tasca-humanitaria\/\">Continua llegint&#8230;<span class=\"screen-reader-text\"> from Sincer homenatge a Vicente Berenguer, el missioner de Teulada que ha desenvolupat una important tasca humanit\u00e0ria<\/span><\/a><\/p>\n","protected":false},"author":13,"featured_media":11275,"comment_status":"open","ping_status":"closed","sticky":false,"template":"","format":"standard","meta":{"_acf_changed":false,"inline_featured_image":false,"footnotes":""},"categories":[46],"tags":[98,1160,146,1557],"class_list":["post-11284","post","type-post","status-publish","format-standard","has-post-thumbnail","hentry","category-sociedad","tag-homenajes","tag-sociedad","tag-teulada","tag-vicente-berenguer","cobertura-teulada-moraira"],"acf":[],"yoast_head":"<!-- This site is optimized with the Yoast SEO plugin v27.5 - https:\/\/yoast.com\/product\/yoast-seo-wordpress\/ -->\n<title>Sincer homenatge a Vicente Berenguer, el missioner de Teulada que ha desenvolupat una important tasca humanit\u00e0ria | R\u00e0dio Litoral<\/title>\n<meta name=\"description\" content=\"Vicente Berenguer ja dona nom al carrer d&#039;acc\u00e9s a l&#039;Auditori Vicente Berenguer ja dona nom al carrer d&#039;acc\u00e9s a l&#039;Auditori\" \/>\n<meta name=\"robots\" content=\"index, follow, max-snippet:-1, max-image-preview:large, max-video-preview:-1\" \/>\n<link rel=\"canonical\" href=\"https:\/\/radiolitoral.com\/ca\/2024\/09\/sincer-homenatge-a-vicent-berenguer-el-missioner-de-tellada-que-ha-desenvolupat-una-important-tasca-humanitaria\/\" \/>\n<meta property=\"og:locale\" content=\"ca_ES\" \/>\n<meta property=\"og:type\" content=\"article\" \/>\n<meta property=\"og:title\" content=\"Sincer homenatge a Vicente Berenguer, el missioner de Teulada que ha desenvolupat una important tasca humanit\u00e0ria | R\u00e0dio Litoral\" \/>\n<meta property=\"og:description\" content=\"Vicente Berenguer ja dona nom al carrer d&#039;acc\u00e9s a l&#039;Auditori Vicente Berenguer ja dona nom al carrer d&#039;acc\u00e9s a l&#039;Auditori\" \/>\n<meta property=\"og:url\" content=\"https:\/\/radiolitoral.com\/ca\/2024\/09\/sincer-homenatge-a-vicent-berenguer-el-missioner-de-tellada-que-ha-desenvolupat-una-important-tasca-humanitaria\/\" \/>\n<meta property=\"og:site_name\" content=\"R\u00e0dio Litoral\" \/>\n<meta property=\"article:publisher\" content=\"https:\/\/www.facebook.com\/Laradiolitoral\/\" \/>\n<meta property=\"article:published_time\" content=\"2024-09-13T12:14:18+00:00\" \/>\n<meta property=\"article:modified_time\" content=\"2024-09-13T12:15:27+00:00\" \/>\n<meta property=\"og:image\" content=\"https:\/\/media.radiolitoral.com\/wp-content\/uploads\/2024\/09\/13132203\/Teulada-homenaje-Vicente-Berenguer-7.jpeg\" \/>\n\t<meta property=\"og:image:width\" content=\"2000\" \/>\n\t<meta property=\"og:image:height\" content=\"1500\" \/>\n\t<meta property=\"og:image:type\" content=\"image\/jpeg\" \/>\n<meta name=\"author\" content=\"Redacci\u00f3n\" \/>\n<meta name=\"twitter:card\" content=\"summary_large_image\" \/>\n<meta name=\"twitter:label1\" content=\"Escrit per\" \/>\n\t<meta name=\"twitter:data1\" content=\"Redacci\u00f3n\" \/>\n\t<meta name=\"twitter:label2\" content=\"Temps estimat de lectura\" \/>\n\t<meta name=\"twitter:data2\" content=\"2 minuts\" \/>\n<script type=\"application\/ld+json\" class=\"yoast-schema-graph\">{\"@context\":\"https:\\\/\\\/schema.org\",\"@graph\":[{\"@type\":\"NewsArticle\",\"@id\":\"https:\\\/\\\/radiolitoral.com\\\/2024\\\/09\\\/sincer-homenatge-a-vicente-berenguer-el-missioner-de-teulada-que-ha-desenvolupat-una-important-tasca-humanitaria\\\/#article\",\"isPartOf\":{\"@id\":\"https:\\\/\\\/radiolitoral.com\\\/2024\\\/09\\\/sincer-homenatge-a-vicente-berenguer-el-missioner-de-teulada-que-ha-desenvolupat-una-important-tasca-humanitaria\\\/\"},\"author\":{\"name\":\"Redacci\u00f3n\",\"@id\":\"https:\\\/\\\/radiolitoral.com\\\/#\\\/schema\\\/person\\\/f2b2343c49b5d721857cc1002bfdb151\"},\"headline\":\"Sincer homenatge a Vicente Berenguer, el missioner de Teulada que ha desenvolupat una important tasca humanit\u00e0ria\",\"datePublished\":\"2024-09-13T12:14:18+00:00\",\"dateModified\":\"2024-09-13T12:15:27+00:00\",\"mainEntityOfPage\":{\"@id\":\"https:\\\/\\\/radiolitoral.com\\\/2024\\\/09\\\/sincer-homenatge-a-vicente-berenguer-el-missioner-de-teulada-que-ha-desenvolupat-una-important-tasca-humanitaria\\\/\"},\"wordCount\":286,\"commentCount\":0,\"publisher\":{\"@id\":\"https:\\\/\\\/radiolitoral.com\\\/#organization\"},\"image\":{\"@id\":\"https:\\\/\\\/radiolitoral.com\\\/2024\\\/09\\\/sincer-homenatge-a-vicente-berenguer-el-missioner-de-teulada-que-ha-desenvolupat-una-important-tasca-humanitaria\\\/#primaryimage\"},\"thumbnailUrl\":\"https:\\\/\\\/media.radiolitoral.com\\\/wp-content\\\/uploads\\\/2024\\\/09\\\/13132203\\\/Teulada-homenaje-Vicente-Berenguer-7.jpeg\",\"keywords\":[\"Homenajes\",\"sociedad\",\"Teulada\",\"Vicente Berenguer\"],\"articleSection\":[\"Sociedad\"],\"inLanguage\":\"ca\",\"potentialAction\":[{\"@type\":\"CommentAction\",\"name\":\"Comment\",\"target\":[\"https:\\\/\\\/radiolitoral.com\\\/2024\\\/09\\\/sincer-homenatge-a-vicente-berenguer-el-missioner-de-teulada-que-ha-desenvolupat-una-important-tasca-humanitaria\\\/#respond\"]}]},{\"@type\":[\"WebPage\",\"ItemPage\"],\"@id\":\"https:\\\/\\\/radiolitoral.com\\\/2024\\\/09\\\/sincer-homenatge-a-vicente-berenguer-el-missioner-de-teulada-que-ha-desenvolupat-una-important-tasca-humanitaria\\\/\",\"url\":\"https:\\\/\\\/radiolitoral.com\\\/2024\\\/09\\\/sincer-homenatge-a-vicente-berenguer-el-missioner-de-teulada-que-ha-desenvolupat-una-important-tasca-humanitaria\\\/\",\"name\":\"Sincer homenatge a Vicente Berenguer, el missioner de Teulada que ha desenvolupat una important tasca humanit\u00e0ria | R\u00e0dio Litoral\",\"isPartOf\":{\"@id\":\"https:\\\/\\\/radiolitoral.com\\\/#website\"},\"primaryImageOfPage\":{\"@id\":\"https:\\\/\\\/radiolitoral.com\\\/2024\\\/09\\\/sincer-homenatge-a-vicente-berenguer-el-missioner-de-teulada-que-ha-desenvolupat-una-important-tasca-humanitaria\\\/#primaryimage\"},\"image\":{\"@id\":\"https:\\\/\\\/radiolitoral.com\\\/2024\\\/09\\\/sincer-homenatge-a-vicente-berenguer-el-missioner-de-teulada-que-ha-desenvolupat-una-important-tasca-humanitaria\\\/#primaryimage\"},\"thumbnailUrl\":\"https:\\\/\\\/media.radiolitoral.com\\\/wp-content\\\/uploads\\\/2024\\\/09\\\/13132203\\\/Teulada-homenaje-Vicente-Berenguer-7.jpeg\",\"datePublished\":\"2024-09-13T12:14:18+00:00\",\"dateModified\":\"2024-09-13T12:15:27+00:00\",\"description\":\"Vicente Berenguer ja dona nom al carrer d'acc\u00e9s a l'Auditori Vicente Berenguer ja dona nom al carrer d'acc\u00e9s a l'Auditori\",\"breadcrumb\":{\"@id\":\"https:\\\/\\\/radiolitoral.com\\\/2024\\\/09\\\/sincer-homenatge-a-vicente-berenguer-el-missioner-de-teulada-que-ha-desenvolupat-una-important-tasca-humanitaria\\\/#breadcrumb\"},\"inLanguage\":\"ca\",\"potentialAction\":[{\"@type\":\"ReadAction\",\"target\":[\"https:\\\/\\\/radiolitoral.com\\\/2024\\\/09\\\/sincer-homenatge-a-vicente-berenguer-el-missioner-de-teulada-que-ha-desenvolupat-una-important-tasca-humanitaria\\\/\"]}]},{\"@type\":\"ImageObject\",\"inLanguage\":\"ca\",\"@id\":\"https:\\\/\\\/radiolitoral.com\\\/2024\\\/09\\\/sincer-homenatge-a-vicente-berenguer-el-missioner-de-teulada-que-ha-desenvolupat-una-important-tasca-humanitaria\\\/#primaryimage\",\"url\":\"https:\\\/\\\/media.radiolitoral.com\\\/wp-content\\\/uploads\\\/2024\\\/09\\\/13132203\\\/Teulada-homenaje-Vicente-Berenguer-7.jpeg\",\"contentUrl\":\"https:\\\/\\\/media.radiolitoral.com\\\/wp-content\\\/uploads\\\/2024\\\/09\\\/13132203\\\/Teulada-homenaje-Vicente-Berenguer-7.jpeg\",\"width\":2000,\"height\":1500},{\"@type\":\"BreadcrumbList\",\"@id\":\"https:\\\/\\\/radiolitoral.com\\\/2024\\\/09\\\/sincer-homenatge-a-vicente-berenguer-el-missioner-de-teulada-que-ha-desenvolupat-una-important-tasca-humanitaria\\\/#breadcrumb\",\"itemListElement\":[{\"@type\":\"ListItem\",\"position\":1,\"name\":\"Portada\",\"item\":\"https:\\\/\\\/radiolitoral.com\\\/\"},{\"@type\":\"ListItem\",\"position\":2,\"name\":\"Sincer homenatge a Vicente Berenguer, el missioner de Teulada que ha desenvolupat una important tasca humanit\u00e0ria\"}]},{\"@type\":\"WebSite\",\"@id\":\"https:\\\/\\\/radiolitoral.com\\\/#website\",\"url\":\"https:\\\/\\\/radiolitoral.com\\\/\",\"name\":\"Radio Litoral\",\"description\":\"La radio local de la Marina Alta\",\"publisher\":{\"@id\":\"https:\\\/\\\/radiolitoral.com\\\/#organization\"},\"alternateName\":\"Litoral FM\",\"potentialAction\":[{\"@type\":\"SearchAction\",\"target\":{\"@type\":\"EntryPoint\",\"urlTemplate\":\"https:\\\/\\\/radiolitoral.com\\\/?s={search_term_string}\"},\"query-input\":{\"@type\":\"PropertyValueSpecification\",\"valueRequired\":true,\"valueName\":\"search_term_string\"}}],\"inLanguage\":\"ca\"},{\"@type\":\"Organization\",\"@id\":\"https:\\\/\\\/radiolitoral.com\\\/#organization\",\"name\":\"Radio Litoral\",\"url\":\"https:\\\/\\\/radiolitoral.com\\\/\",\"logo\":{\"@type\":\"ImageObject\",\"inLanguage\":\"ca\",\"@id\":\"https:\\\/\\\/radiolitoral.com\\\/#\\\/schema\\\/logo\\\/image\\\/\",\"url\":\"https:\\\/\\\/media.radiolitoral.com\\\/wp-content\\\/uploads\\\/2023\\\/02\\\/24143238\\\/CL-V-RadioLitoral696.png\",\"contentUrl\":\"https:\\\/\\\/media.radiolitoral.com\\\/wp-content\\\/uploads\\\/2023\\\/02\\\/24143238\\\/CL-V-RadioLitoral696.png\",\"width\":696,\"height\":696,\"caption\":\"Radio Litoral\"},\"image\":{\"@id\":\"https:\\\/\\\/radiolitoral.com\\\/#\\\/schema\\\/logo\\\/image\\\/\"},\"sameAs\":[\"https:\\\/\\\/www.facebook.com\\\/Laradiolitoral\\\/\"]},{\"@type\":\"Person\",\"@id\":\"https:\\\/\\\/radiolitoral.com\\\/#\\\/schema\\\/person\\\/f2b2343c49b5d721857cc1002bfdb151\",\"name\":\"Redacci\u00f3n\",\"image\":{\"@type\":\"ImageObject\",\"inLanguage\":\"ca\",\"@id\":\"https:\\\/\\\/secure.gravatar.com\\\/avatar\\\/f771d896c203ad8b3382d7905cfcce5a5c9b008b84b3cd9114e9b9f4cb63f789?s=96&d=mm&r=g\",\"url\":\"https:\\\/\\\/secure.gravatar.com\\\/avatar\\\/f771d896c203ad8b3382d7905cfcce5a5c9b008b84b3cd9114e9b9f4cb63f789?s=96&d=mm&r=g\",\"contentUrl\":\"https:\\\/\\\/secure.gravatar.com\\\/avatar\\\/f771d896c203ad8b3382d7905cfcce5a5c9b008b84b3cd9114e9b9f4cb63f789?s=96&d=mm&r=g\",\"caption\":\"Redacci\u00f3n\"},\"url\":\"https:\\\/\\\/radiolitoral.com\\\/ca\\\/author\\\/miriam-pagan\\\/\"}]}<\/script>\n<!-- \/ Yoast SEO plugin. -->","yoast_head_json":{"title":"Sincer homenatge a Vicent Berenguer, el misioner de Teulada que ha desenvolupat una important tasca humanit\u00e0ria | R\u00e0dio Litoral","description":"Vicente Berenguer ja d\u00f3na nom al carrer d&#039;acc\u00e9s a l&#039;Auditori Vicente Berenguer ja d\u00f3na nom al carrer d&#039;acc\u00e9s a l&#039;Auditori","robots":{"index":"index","follow":"follow","max-snippet":"max-snippet:-1","max-image-preview":"max-image-preview:large","max-video-preview":"max-video-preview:-1"},"canonical":"https:\/\/radiolitoral.com\/ca\/2024\/09\/sincer-homenatge-a-vicent-berenguer-el-missioner-de-tellada-que-ha-desenvolupat-una-important-tasca-humanitaria\/","og_locale":"ca_ES","og_type":"article","og_title":"Sincer homenatge a Vicente Berenguer, el missioner de Teulada que ha desenvolupat una important tasca humanit\u00e0ria | R\u00e0dio Litoral","og_description":"Vicente Berenguer ja dona nom al carrer d'acc\u00e9s a l'Auditori Vicente Berenguer ja dona nom al carrer d'acc\u00e9s a l'Auditori","og_url":"https:\/\/radiolitoral.com\/ca\/2024\/09\/sincer-homenatge-a-vicent-berenguer-el-missioner-de-tellada-que-ha-desenvolupat-una-important-tasca-humanitaria\/","og_site_name":"R\u00e0dio Litoral","article_publisher":"https:\/\/www.facebook.com\/Laradiolitoral\/","article_published_time":"2024-09-13T12:14:18+00:00","article_modified_time":"2024-09-13T12:15:27+00:00","og_image":[{"width":2000,"height":1500,"url":"https:\/\/media.radiolitoral.com\/wp-content\/uploads\/2024\/09\/13132203\/Teulada-homenaje-Vicente-Berenguer-7.jpeg","type":"image\/jpeg"}],"author":"Redacci\u00f3n","twitter_card":"summary_large_image","twitter_misc":{"Escrit per":"Redacci\u00f3n","Temps estimat de lectura":"2 minuts"},"schema":{"@context":"https:\/\/schema.org","@graph":[{"@type":"NewsArticle","@id":"https:\/\/radiolitoral.com\/2024\/09\/sincer-homenatge-a-vicente-berenguer-el-missioner-de-teulada-que-ha-desenvolupat-una-important-tasca-humanitaria\/#article","isPartOf":{"@id":"https:\/\/radiolitoral.com\/2024\/09\/sincer-homenatge-a-vicente-berenguer-el-missioner-de-teulada-que-ha-desenvolupat-una-important-tasca-humanitaria\/"},"author":{"name":"Redacci\u00f3n","@id":"https:\/\/radiolitoral.com\/#\/schema\/person\/f2b2343c49b5d721857cc1002bfdb151"},"headline":"Sincer homenatge a Vicente Berenguer, el missioner de Teulada que ha desenvolupat una important tasca humanit\u00e0ria","datePublished":"2024-09-13T12:14:18+00:00","dateModified":"2024-09-13T12:15:27+00:00","mainEntityOfPage":{"@id":"https:\/\/radiolitoral.com\/2024\/09\/sincer-homenatge-a-vicente-berenguer-el-missioner-de-teulada-que-ha-desenvolupat-una-important-tasca-humanitaria\/"},"wordCount":286,"commentCount":0,"publisher":{"@id":"https:\/\/radiolitoral.com\/#organization"},"image":{"@id":"https:\/\/radiolitoral.com\/2024\/09\/sincer-homenatge-a-vicente-berenguer-el-missioner-de-teulada-que-ha-desenvolupat-una-important-tasca-humanitaria\/#primaryimage"},"thumbnailUrl":"https:\/\/media.radiolitoral.com\/wp-content\/uploads\/2024\/09\/13132203\/Teulada-homenaje-Vicente-Berenguer-7.jpeg","keywords":["Homenajes","sociedad","Teulada","Vicente Berenguer"],"articleSection":["Sociedad"],"inLanguage":"ca","potentialAction":[{"@type":"CommentAction","name":"Comment","target":["https:\/\/radiolitoral.com\/2024\/09\/sincer-homenatge-a-vicente-berenguer-el-missioner-de-teulada-que-ha-desenvolupat-una-important-tasca-humanitaria\/#respond"]}]},{"@type":["WebPage","ItemPage"],"@id":"https:\/\/radiolitoral.com\/2024\/09\/sincer-homenatge-a-vicente-berenguer-el-missioner-de-teulada-que-ha-desenvolupat-una-important-tasca-humanitaria\/","url":"https:\/\/radiolitoral.com\/2024\/09\/sincer-homenatge-a-vicente-berenguer-el-missioner-de-teulada-que-ha-desenvolupat-una-important-tasca-humanitaria\/","name":"Sincer homenatge a Vicent Berenguer, el misioner de Teulada que ha desenvolupat una important tasca humanit\u00e0ria | R\u00e0dio Litoral","isPartOf":{"@id":"https:\/\/radiolitoral.com\/#website"},"primaryImageOfPage":{"@id":"https:\/\/radiolitoral.com\/2024\/09\/sincer-homenatge-a-vicente-berenguer-el-missioner-de-teulada-que-ha-desenvolupat-una-important-tasca-humanitaria\/#primaryimage"},"image":{"@id":"https:\/\/radiolitoral.com\/2024\/09\/sincer-homenatge-a-vicente-berenguer-el-missioner-de-teulada-que-ha-desenvolupat-una-important-tasca-humanitaria\/#primaryimage"},"thumbnailUrl":"https:\/\/media.radiolitoral.com\/wp-content\/uploads\/2024\/09\/13132203\/Teulada-homenaje-Vicente-Berenguer-7.jpeg","datePublished":"2024-09-13T12:14:18+00:00","dateModified":"2024-09-13T12:15:27+00:00","description":"Vicente Berenguer ja d\u00f3na nom al carrer d&#039;acc\u00e9s a l&#039;Auditori Vicente Berenguer ja d\u00f3na nom al carrer d&#039;acc\u00e9s a l&#039;Auditori","breadcrumb":{"@id":"https:\/\/radiolitoral.com\/2024\/09\/sincer-homenatge-a-vicente-berenguer-el-missioner-de-teulada-que-ha-desenvolupat-una-important-tasca-humanitaria\/#breadcrumb"},"inLanguage":"ca","potentialAction":[{"@type":"ReadAction","target":["https:\/\/radiolitoral.com\/2024\/09\/sincer-homenatge-a-vicente-berenguer-el-missioner-de-teulada-que-ha-desenvolupat-una-important-tasca-humanitaria\/"]}]},{"@type":"ImageObject","inLanguage":"ca","@id":"https:\/\/radiolitoral.com\/2024\/09\/sincer-homenatge-a-vicente-berenguer-el-missioner-de-teulada-que-ha-desenvolupat-una-important-tasca-humanitaria\/#primaryimage","url":"https:\/\/media.radiolitoral.com\/wp-content\/uploads\/2024\/09\/13132203\/Teulada-homenaje-Vicente-Berenguer-7.jpeg","contentUrl":"https:\/\/media.radiolitoral.com\/wp-content\/uploads\/2024\/09\/13132203\/Teulada-homenaje-Vicente-Berenguer-7.jpeg","width":2000,"height":1500},{"@type":"BreadcrumbList","@id":"https:\/\/radiolitoral.com\/2024\/09\/sincer-homenatge-a-vicente-berenguer-el-missioner-de-teulada-que-ha-desenvolupat-una-important-tasca-humanitaria\/#breadcrumb","itemListElement":[{"@type":"ListItem","position":1,"name":"Portada","item":"https:\/\/radiolitoral.com\/"},{"@type":"ListItem","position":2,"name":"Sincer homenatge a Vicente Berenguer, el missioner de Teulada que ha desenvolupat una important tasca humanit\u00e0ria"}]},{"@type":"WebSite","@id":"https:\/\/radiolitoral.com\/#website","url":"https:\/\/radiolitoral.com\/","name":"R\u00e0dio Litoral","description":"La r\u00e0dio local de la Marina Alta","publisher":{"@id":"https:\/\/radiolitoral.com\/#organization"},"alternateName":"Litoral FM","potentialAction":[{"@type":"SearchAction","target":{"@type":"EntryPoint","urlTemplate":"https:\/\/radiolitoral.com\/?s={search_term_string}"},"query-input":{"@type":"PropertyValueSpecification","valueRequired":true,"valueName":"search_term_string"}}],"inLanguage":"ca"},{"@type":"Organization","@id":"https:\/\/radiolitoral.com\/#organization","name":"R\u00e0dio Litoral","url":"https:\/\/radiolitoral.com\/","logo":{"@type":"ImageObject","inLanguage":"ca","@id":"https:\/\/radiolitoral.com\/#\/schema\/logo\/image\/","url":"https:\/\/media.radiolitoral.com\/wp-content\/uploads\/2023\/02\/24143238\/CL-V-RadioLitoral696.png","contentUrl":"https:\/\/media.radiolitoral.com\/wp-content\/uploads\/2023\/02\/24143238\/CL-V-RadioLitoral696.png","width":696,"height":696,"caption":"Radio Litoral"},"image":{"@id":"https:\/\/radiolitoral.com\/#\/schema\/logo\/image\/"},"sameAs":["https:\/\/www.facebook.com\/Laradiolitoral\/"]},{"@type":"Person","@id":"https:\/\/radiolitoral.com\/#\/schema\/person\/f2b2343c49b5d721857cc1002bfdb151","name":"Redacci\u00f3","image":{"@type":"ImageObject","inLanguage":"ca","@id":"https:\/\/secure.gravatar.com\/avatar\/f771d896c203ad8b3382d7905cfcce5a5c9b008b84b3cd9114e9b9f4cb63f789?s=96&d=mm&r=g","url":"https:\/\/secure.gravatar.com\/avatar\/f771d896c203ad8b3382d7905cfcce5a5c9b008b84b3cd9114e9b9f4cb63f789?s=96&d=mm&r=g","contentUrl":"https:\/\/secure.gravatar.com\/avatar\/f771d896c203ad8b3382d7905cfcce5a5c9b008b84b3cd9114e9b9f4cb63f789?s=96&d=mm&r=g","caption":"Redacci\u00f3n"},"url":"https:\/\/radiolitoral.com\/ca\/author\/miriam-pagan\/"}]}},"_links":{"self":[{"href":"https:\/\/radiolitoral.com\/ca\/wp-json\/wp\/v2\/posts\/11284","targetHints":{"allow":["GET"]}}],"collection":[{"href":"https:\/\/radiolitoral.com\/ca\/wp-json\/wp\/v2\/posts"}],"about":[{"href":"https:\/\/radiolitoral.com\/ca\/wp-json\/wp\/v2\/types\/post"}],"author":[{"embeddable":true,"href":"https:\/\/radiolitoral.com\/ca\/wp-json\/wp\/v2\/users\/13"}],"replies":[{"embeddable":true,"href":"https:\/\/radiolitoral.com\/ca\/wp-json\/wp\/v2\/comments?post=11284"}],"version-history":[{"count":2,"href":"https:\/\/radiolitoral.com\/ca\/wp-json\/wp\/v2\/posts\/11284\/revisions"}],"predecessor-version":[{"id":11287,"href":"https:\/\/radiolitoral.com\/ca\/wp-json\/wp\/v2\/posts\/11284\/revisions\/11287"}],"wp:featuredmedia":[{"embeddable":true,"href":"https:\/\/radiolitoral.com\/ca\/wp-json\/wp\/v2\/media\/11275"}],"wp:attachment":[{"href":"https:\/\/radiolitoral.com\/ca\/wp-json\/wp\/v2\/media?parent=11284"}],"wp:term":[{"taxonomy":"category","embeddable":true,"href":"https:\/\/radiolitoral.com\/ca\/wp-json\/wp\/v2\/categories?post=11284"},{"taxonomy":"post_tag","embeddable":true,"href":"https:\/\/radiolitoral.com\/ca\/wp-json\/wp\/v2\/tags?post=11284"}],"curies":[{"name":"wp","href":"https:\/\/api.w.org\/{rel}","templated":true}]}}