{"id":11241,"date":"2024-09-13T10:32:34","date_gmt":"2024-09-13T08:32:34","guid":{"rendered":"https:\/\/radiolitoral.com\/?p=11241"},"modified":"2024-09-13T10:32:34","modified_gmt":"2024-09-13T08:32:34","slug":"els-millors-regatistes-de-classe-mach-racing-juvenil-estan-a-calp","status":"publish","type":"post","link":"https:\/\/radiolitoral.com\/ca\/2024\/09\/els-millors-regatistes-de-classe-mach-racing-juvenil-estan-a-calp\/","title":{"rendered":"Els millors regatistes de Classe Mach Racing Juvenil estan a Calp"},"content":{"rendered":"<p>Aquest cap de setmana, el <strong>Reial Club N\u00e0utic de Calp<\/strong> es convertir\u00e0 en l&#039;epicentre de la vela juvenil a acollir el <strong>Campionat d&#039;Espanya de Match Racing Juveni<\/strong>l. Els dies 14 i 15 de setembre, 11 tripulacions es disputaran el t\u00edtol en un dels esdeveniments m\u00e9s destacats del calendari n\u00e0utic juvenil a escala nacional.<\/p>\n<p>El campionat no sols reunir\u00e0 els millors equips d&#039;Espanya, sin\u00f3 que tamb\u00e9 comptar\u00e0 amb la participaci\u00f3 d&#039;una tripulaci\u00f3 italiana, la qual cosa afegeix un atractiu internacional a la competici\u00f3. Les tripulacions provenen de diverses comunitats aut\u00f2nomes, incloent Gal\u00edcia, Can\u00e0ries, Catalunya, Balears i la Comunitat Valenciana, la qual cosa assegura un alt nivell de competitivitat i diversitat a la regata.<\/p>\n<p>El proc\u00e9s de registre i pesatge dels participants s&#039;estendr\u00e0 fins a la mat\u00ed del dissabte 14. Posteriorment, es dur\u00e0 a terme la reuni\u00f3 de tripulacions, on es discutiran els detalls t\u00e8cnics i es confirmar\u00e0 el programa de la competici\u00f3. La primera prova est\u00e0 programada per a les 12.00 hores del dissabte, moment en qu\u00e8 es donar\u00e0 la senyal d&#039;atenci\u00f3 per a l&#039;inici oficial de les regats.<\/p>\n<p>El Reial Club N\u00e0utic de Calp, juntament amb la <strong>Real Federaci\u00f3 Espanyola de Vela<\/strong> i la <strong>Federaci\u00f3 de Vela de la Comunitat Valenciana<\/strong>, s&#039;enorgulleix de ser l&#039;amfitri\u00f3 d&#039;aquest prestigi\u00f3s esdeveniment, que refor\u00e7a el seu comprom\u00eds amb la promoci\u00f3 de l&#039;esport de la vela entre els joves, tant a l&#039;\u00e0mbit nacional com internacional.<\/p>\n<p>Aquest cap de setmana promet ser una experi\u00e8ncia emocionant per a tots els amants de la vela, amb competicions renyides i l&#039;oportunitat de veure en acci\u00f3 les futures promeses d&#039;aquest esport.<\/p>","protected":false},"excerpt":{"rendered":"<p>Este cap de setmana, el Real Club N\u00e0utic de Calp es convertir\u00e0 en l&#8217;epicentre de la vela juvenil en acollir el Campionat d&#8217;Espanya de Match Racing Juvenil. Els dies 14 i 15 de setembre, 11 tripulacions es disputaran el t\u00edtol en un dels esdeveniments m\u00e9s destacats del calendari n\u00e0utic juvenil a escala nacional . El [&#8230;]<\/p>\n<p><a class=\"btn btn-secondary understrap-read-more-link\" href=\"https:\/\/radiolitoral.com\/ca\/2024\/09\/els-millors-regatistes-de-classe-mach-racing-juvenil-estan-a-calp\/\">Continua llegint&#8230;<span class=\"screen-reader-text\"> from Els millors regatistes de Classe Mach Racing Juvenil estan a Calp<\/span><\/a><\/p>\n","protected":false},"author":12,"featured_media":11242,"comment_status":"open","ping_status":"closed","sticky":false,"template":"","format":"standard","meta":{"_acf_changed":false,"inline_featured_image":false,"footnotes":""},"categories":[5],"tags":[6,2196,2194,2195],"class_list":["post-11241","post","type-post","status-publish","format-standard","has-post-thumbnail","hentry","category-deportes","tag-deportes","tag-federacio-de-vela-de-la-comunitat-valenciana","tag-real-club-nautic-de-calp","tag-real-federacio-espanyola-de-vela","cobertura-calp"],"acf":[],"yoast_head":"<!-- This site is optimized with the Yoast SEO plugin v27.5 - https:\/\/yoast.com\/product\/yoast-seo-wordpress\/ -->\n<title>Els millors regatistes de Classe Mach Racing Juvenil estan a Calp | R\u00e0dio Litoral<\/title>\n<meta name=\"description\" content=\"A m\u00e9s de comptar amb la flota espanyola m\u00e9s destacada hi haur\u00e0 pres\u00e8ncia d&#039;una tripulaci\u00f3 italianaA m\u00e9s de comptar amb la flota espanyola m\u00e9s destacada hi haur\u00e0 pres\u00e8ncia d&#039;una tripulaci\u00f3 italiana\" \/>\n<meta name=\"robots\" content=\"index, follow, max-snippet:-1, max-image-preview:large, max-video-preview:-1\" \/>\n<link rel=\"canonical\" href=\"https:\/\/radiolitoral.com\/ca\/2024\/09\/els-millors-regatistes-de-classe-mach-racing-juvenil-estan-a-calp\/\" \/>\n<meta property=\"og:locale\" content=\"ca_ES\" \/>\n<meta property=\"og:type\" content=\"article\" \/>\n<meta property=\"og:title\" content=\"Els millors regatistes de Classe Mach Racing Juvenil estan a Calp | R\u00e0dio Litoral\" \/>\n<meta property=\"og:description\" content=\"A m\u00e9s de comptar amb la flota espanyola m\u00e9s destacada hi haur\u00e0 pres\u00e8ncia d&#039;una tripulaci\u00f3 italianaA m\u00e9s de comptar amb la flota espanyola m\u00e9s destacada hi haur\u00e0 pres\u00e8ncia d&#039;una tripulaci\u00f3 italiana\" \/>\n<meta property=\"og:url\" content=\"https:\/\/radiolitoral.com\/ca\/2024\/09\/els-millors-regatistes-de-classe-mach-racing-juvenil-estan-a-calp\/\" \/>\n<meta property=\"og:site_name\" content=\"R\u00e0dio Litoral\" \/>\n<meta property=\"article:publisher\" content=\"https:\/\/www.facebook.com\/Laradiolitoral\/\" \/>\n<meta property=\"article:published_time\" content=\"2024-09-13T08:32:34+00:00\" \/>\n<meta property=\"og:image\" content=\"https:\/\/media.radiolitoral.com\/wp-content\/uploads\/2024\/09\/13102925\/Una-de-las-embarcaciones-en-plena-regata.jpg\" \/>\n\t<meta property=\"og:image:width\" content=\"1024\" \/>\n\t<meta property=\"og:image:height\" content=\"650\" \/>\n\t<meta property=\"og:image:type\" content=\"image\/jpeg\" \/>\n<meta name=\"author\" content=\"Javier Zamora\" \/>\n<meta name=\"twitter:card\" content=\"summary_large_image\" \/>\n<meta name=\"twitter:label1\" content=\"Escrit per\" \/>\n\t<meta name=\"twitter:data1\" content=\"Javier Zamora\" \/>\n\t<meta name=\"twitter:label2\" content=\"Temps estimat de lectura\" \/>\n\t<meta name=\"twitter:data2\" content=\"2 minuts\" \/>\n<script type=\"application\/ld+json\" class=\"yoast-schema-graph\">{\"@context\":\"https:\\\/\\\/schema.org\",\"@graph\":[{\"@type\":\"NewsArticle\",\"@id\":\"https:\\\/\\\/radiolitoral.com\\\/2024\\\/09\\\/els-millors-regatistes-de-classe-mach-racing-juvenil-estan-a-calp\\\/#article\",\"isPartOf\":{\"@id\":\"https:\\\/\\\/radiolitoral.com\\\/2024\\\/09\\\/els-millors-regatistes-de-classe-mach-racing-juvenil-estan-a-calp\\\/\"},\"author\":{\"name\":\"Javier Zamora\",\"@id\":\"https:\\\/\\\/radiolitoral.com\\\/#\\\/schema\\\/person\\\/7b1480b5caeb5acdd4ec6379caf62b22\"},\"headline\":\"Els millors regatistes de Classe Mach Racing Juvenil estan a Calp\",\"datePublished\":\"2024-09-13T08:32:34+00:00\",\"mainEntityOfPage\":{\"@id\":\"https:\\\/\\\/radiolitoral.com\\\/2024\\\/09\\\/els-millors-regatistes-de-classe-mach-racing-juvenil-estan-a-calp\\\/\"},\"wordCount\":296,\"commentCount\":0,\"publisher\":{\"@id\":\"https:\\\/\\\/radiolitoral.com\\\/#organization\"},\"image\":{\"@id\":\"https:\\\/\\\/radiolitoral.com\\\/2024\\\/09\\\/els-millors-regatistes-de-classe-mach-racing-juvenil-estan-a-calp\\\/#primaryimage\"},\"thumbnailUrl\":\"https:\\\/\\\/media.radiolitoral.com\\\/wp-content\\\/uploads\\\/2024\\\/09\\\/13102925\\\/Una-de-las-embarcaciones-en-plena-regata.jpg\",\"keywords\":[\"deportes\",\"Federaci\u00f3 de Vela de la Comunitat Valenciana\",\"Real Club N\u00e0utic de Calp\",\"Real Federaci\u00f3 Espanyola de Vela\"],\"articleSection\":[\"Deportes\"],\"inLanguage\":\"ca\",\"potentialAction\":[{\"@type\":\"CommentAction\",\"name\":\"Comment\",\"target\":[\"https:\\\/\\\/radiolitoral.com\\\/2024\\\/09\\\/els-millors-regatistes-de-classe-mach-racing-juvenil-estan-a-calp\\\/#respond\"]}]},{\"@type\":[\"WebPage\",\"ItemPage\"],\"@id\":\"https:\\\/\\\/radiolitoral.com\\\/2024\\\/09\\\/els-millors-regatistes-de-classe-mach-racing-juvenil-estan-a-calp\\\/\",\"url\":\"https:\\\/\\\/radiolitoral.com\\\/2024\\\/09\\\/els-millors-regatistes-de-classe-mach-racing-juvenil-estan-a-calp\\\/\",\"name\":\"Els millors regatistes de Classe Mach Racing Juvenil estan a Calp | R\u00e0dio Litoral\",\"isPartOf\":{\"@id\":\"https:\\\/\\\/radiolitoral.com\\\/#website\"},\"primaryImageOfPage\":{\"@id\":\"https:\\\/\\\/radiolitoral.com\\\/2024\\\/09\\\/els-millors-regatistes-de-classe-mach-racing-juvenil-estan-a-calp\\\/#primaryimage\"},\"image\":{\"@id\":\"https:\\\/\\\/radiolitoral.com\\\/2024\\\/09\\\/els-millors-regatistes-de-classe-mach-racing-juvenil-estan-a-calp\\\/#primaryimage\"},\"thumbnailUrl\":\"https:\\\/\\\/media.radiolitoral.com\\\/wp-content\\\/uploads\\\/2024\\\/09\\\/13102925\\\/Una-de-las-embarcaciones-en-plena-regata.jpg\",\"datePublished\":\"2024-09-13T08:32:34+00:00\",\"description\":\"A m\u00e9s de comptar amb la flota espanyola m\u00e9s destacada hi haur\u00e0 pres\u00e8ncia d'una tripulaci\u00f3 italianaA m\u00e9s de comptar amb la flota espanyola m\u00e9s destacada hi haur\u00e0 pres\u00e8ncia d'una tripulaci\u00f3 italiana\",\"breadcrumb\":{\"@id\":\"https:\\\/\\\/radiolitoral.com\\\/2024\\\/09\\\/els-millors-regatistes-de-classe-mach-racing-juvenil-estan-a-calp\\\/#breadcrumb\"},\"inLanguage\":\"ca\",\"potentialAction\":[{\"@type\":\"ReadAction\",\"target\":[\"https:\\\/\\\/radiolitoral.com\\\/2024\\\/09\\\/els-millors-regatistes-de-classe-mach-racing-juvenil-estan-a-calp\\\/\"]}]},{\"@type\":\"ImageObject\",\"inLanguage\":\"ca\",\"@id\":\"https:\\\/\\\/radiolitoral.com\\\/2024\\\/09\\\/els-millors-regatistes-de-classe-mach-racing-juvenil-estan-a-calp\\\/#primaryimage\",\"url\":\"https:\\\/\\\/media.radiolitoral.com\\\/wp-content\\\/uploads\\\/2024\\\/09\\\/13102925\\\/Una-de-las-embarcaciones-en-plena-regata.jpg\",\"contentUrl\":\"https:\\\/\\\/media.radiolitoral.com\\\/wp-content\\\/uploads\\\/2024\\\/09\\\/13102925\\\/Una-de-las-embarcaciones-en-plena-regata.jpg\",\"width\":1024,\"height\":650},{\"@type\":\"BreadcrumbList\",\"@id\":\"https:\\\/\\\/radiolitoral.com\\\/2024\\\/09\\\/els-millors-regatistes-de-classe-mach-racing-juvenil-estan-a-calp\\\/#breadcrumb\",\"itemListElement\":[{\"@type\":\"ListItem\",\"position\":1,\"name\":\"Portada\",\"item\":\"https:\\\/\\\/radiolitoral.com\\\/\"},{\"@type\":\"ListItem\",\"position\":2,\"name\":\"Els millors regatistes de Classe Mach Racing Juvenil estan a Calp\"}]},{\"@type\":\"WebSite\",\"@id\":\"https:\\\/\\\/radiolitoral.com\\\/#website\",\"url\":\"https:\\\/\\\/radiolitoral.com\\\/\",\"name\":\"Radio Litoral\",\"description\":\"La radio local de la Marina Alta\",\"publisher\":{\"@id\":\"https:\\\/\\\/radiolitoral.com\\\/#organization\"},\"alternateName\":\"Litoral FM\",\"potentialAction\":[{\"@type\":\"SearchAction\",\"target\":{\"@type\":\"EntryPoint\",\"urlTemplate\":\"https:\\\/\\\/radiolitoral.com\\\/?s={search_term_string}\"},\"query-input\":{\"@type\":\"PropertyValueSpecification\",\"valueRequired\":true,\"valueName\":\"search_term_string\"}}],\"inLanguage\":\"ca\"},{\"@type\":\"Organization\",\"@id\":\"https:\\\/\\\/radiolitoral.com\\\/#organization\",\"name\":\"Radio Litoral\",\"url\":\"https:\\\/\\\/radiolitoral.com\\\/\",\"logo\":{\"@type\":\"ImageObject\",\"inLanguage\":\"ca\",\"@id\":\"https:\\\/\\\/radiolitoral.com\\\/#\\\/schema\\\/logo\\\/image\\\/\",\"url\":\"https:\\\/\\\/media.radiolitoral.com\\\/wp-content\\\/uploads\\\/2023\\\/02\\\/24143238\\\/CL-V-RadioLitoral696.png\",\"contentUrl\":\"https:\\\/\\\/media.radiolitoral.com\\\/wp-content\\\/uploads\\\/2023\\\/02\\\/24143238\\\/CL-V-RadioLitoral696.png\",\"width\":696,\"height\":696,\"caption\":\"Radio Litoral\"},\"image\":{\"@id\":\"https:\\\/\\\/radiolitoral.com\\\/#\\\/schema\\\/logo\\\/image\\\/\"},\"sameAs\":[\"https:\\\/\\\/www.facebook.com\\\/Laradiolitoral\\\/\"]},{\"@type\":\"Person\",\"@id\":\"https:\\\/\\\/radiolitoral.com\\\/#\\\/schema\\\/person\\\/7b1480b5caeb5acdd4ec6379caf62b22\",\"name\":\"Javier Zamora\",\"image\":{\"@type\":\"ImageObject\",\"inLanguage\":\"ca\",\"@id\":\"https:\\\/\\\/secure.gravatar.com\\\/avatar\\\/467a11f6918c7d619c4043fc6fa2d3853053107973f05b6e9c04ea6c4e3a7b3f?s=96&d=mm&r=g\",\"url\":\"https:\\\/\\\/secure.gravatar.com\\\/avatar\\\/467a11f6918c7d619c4043fc6fa2d3853053107973f05b6e9c04ea6c4e3a7b3f?s=96&d=mm&r=g\",\"contentUrl\":\"https:\\\/\\\/secure.gravatar.com\\\/avatar\\\/467a11f6918c7d619c4043fc6fa2d3853053107973f05b6e9c04ea6c4e3a7b3f?s=96&d=mm&r=g\",\"caption\":\"Javier Zamora\"},\"url\":\"https:\\\/\\\/radiolitoral.com\\\/ca\\\/author\\\/javier-zamora\\\/\"}]}<\/script>\n<!-- \/ Yoast SEO plugin. -->","yoast_head_json":{"title":"Els millors regatistes de Classe Mach Racing Juvenil estan a Calp | R\u00e0dio Litoral","description":"A m\u00e9s de comptar amb la flota espanyola m\u00e9s destacada hi haur\u00e0 pres\u00e8ncia d&#039;una tripulaci\u00f3 italianaA m\u00e9s de comptar amb la flota espanyola m\u00e9s destacada hi haur\u00e0 pres\u00e8ncia d&#039;una tripulaci\u00f3 italiana","robots":{"index":"index","follow":"follow","max-snippet":"max-snippet:-1","max-image-preview":"max-image-preview:large","max-video-preview":"max-video-preview:-1"},"canonical":"https:\/\/radiolitoral.com\/ca\/2024\/09\/els-millors-regatistes-de-classe-mach-racing-juvenil-estan-a-calp\/","og_locale":"ca_ES","og_type":"article","og_title":"Els millors regatistes de Classe Mach Racing Juvenil estan a Calp | R\u00e0dio Litoral","og_description":"A m\u00e9s de comptar amb la flota espanyola m\u00e9s destacada hi haur\u00e0 pres\u00e8ncia d'una tripulaci\u00f3 italianaA m\u00e9s de comptar amb la flota espanyola m\u00e9s destacada hi haur\u00e0 pres\u00e8ncia d'una tripulaci\u00f3 italiana","og_url":"https:\/\/radiolitoral.com\/ca\/2024\/09\/els-millors-regatistes-de-classe-mach-racing-juvenil-estan-a-calp\/","og_site_name":"R\u00e0dio Litoral","article_publisher":"https:\/\/www.facebook.com\/Laradiolitoral\/","article_published_time":"2024-09-13T08:32:34+00:00","og_image":[{"width":1024,"height":650,"url":"https:\/\/media.radiolitoral.com\/wp-content\/uploads\/2024\/09\/13102925\/Una-de-las-embarcaciones-en-plena-regata.jpg","type":"image\/jpeg"}],"author":"Javier Zamora","twitter_card":"summary_large_image","twitter_misc":{"Escrit per":"Javier Zamora","Temps estimat de lectura":"2 minuts"},"schema":{"@context":"https:\/\/schema.org","@graph":[{"@type":"NewsArticle","@id":"https:\/\/radiolitoral.com\/2024\/09\/els-millors-regatistes-de-classe-mach-racing-juvenil-estan-a-calp\/#article","isPartOf":{"@id":"https:\/\/radiolitoral.com\/2024\/09\/els-millors-regatistes-de-classe-mach-racing-juvenil-estan-a-calp\/"},"author":{"name":"Javier Zamora","@id":"https:\/\/radiolitoral.com\/#\/schema\/person\/7b1480b5caeb5acdd4ec6379caf62b22"},"headline":"Els millors regatistes de Classe Mach Racing Juvenil estan a Calp","datePublished":"2024-09-13T08:32:34+00:00","mainEntityOfPage":{"@id":"https:\/\/radiolitoral.com\/2024\/09\/els-millors-regatistes-de-classe-mach-racing-juvenil-estan-a-calp\/"},"wordCount":296,"commentCount":0,"publisher":{"@id":"https:\/\/radiolitoral.com\/#organization"},"image":{"@id":"https:\/\/radiolitoral.com\/2024\/09\/els-millors-regatistes-de-classe-mach-racing-juvenil-estan-a-calp\/#primaryimage"},"thumbnailUrl":"https:\/\/media.radiolitoral.com\/wp-content\/uploads\/2024\/09\/13102925\/Una-de-las-embarcaciones-en-plena-regata.jpg","keywords":["deportes","Federaci\u00f3 de Vela de la Comunitat Valenciana","Real Club N\u00e0utic de Calp","Real Federaci\u00f3 Espanyola de Vela"],"articleSection":["Deportes"],"inLanguage":"ca","potentialAction":[{"@type":"CommentAction","name":"Comment","target":["https:\/\/radiolitoral.com\/2024\/09\/els-millors-regatistes-de-classe-mach-racing-juvenil-estan-a-calp\/#respond"]}]},{"@type":["WebPage","ItemPage"],"@id":"https:\/\/radiolitoral.com\/2024\/09\/els-millors-regatistes-de-classe-mach-racing-juvenil-estan-a-calp\/","url":"https:\/\/radiolitoral.com\/2024\/09\/els-millors-regatistes-de-classe-mach-racing-juvenil-estan-a-calp\/","name":"Els millors regatistes de Classe Mach Racing Juvenil estan a Calp | R\u00e0dio Litoral","isPartOf":{"@id":"https:\/\/radiolitoral.com\/#website"},"primaryImageOfPage":{"@id":"https:\/\/radiolitoral.com\/2024\/09\/els-millors-regatistes-de-classe-mach-racing-juvenil-estan-a-calp\/#primaryimage"},"image":{"@id":"https:\/\/radiolitoral.com\/2024\/09\/els-millors-regatistes-de-classe-mach-racing-juvenil-estan-a-calp\/#primaryimage"},"thumbnailUrl":"https:\/\/media.radiolitoral.com\/wp-content\/uploads\/2024\/09\/13102925\/Una-de-las-embarcaciones-en-plena-regata.jpg","datePublished":"2024-09-13T08:32:34+00:00","description":"A m\u00e9s de comptar amb la flota espanyola m\u00e9s destacada hi haur\u00e0 pres\u00e8ncia d&#039;una tripulaci\u00f3 italianaA m\u00e9s de comptar amb la flota espanyola m\u00e9s destacada hi haur\u00e0 pres\u00e8ncia d&#039;una tripulaci\u00f3 italiana","breadcrumb":{"@id":"https:\/\/radiolitoral.com\/2024\/09\/els-millors-regatistes-de-classe-mach-racing-juvenil-estan-a-calp\/#breadcrumb"},"inLanguage":"ca","potentialAction":[{"@type":"ReadAction","target":["https:\/\/radiolitoral.com\/2024\/09\/els-millors-regatistes-de-classe-mach-racing-juvenil-estan-a-calp\/"]}]},{"@type":"ImageObject","inLanguage":"ca","@id":"https:\/\/radiolitoral.com\/2024\/09\/els-millors-regatistes-de-classe-mach-racing-juvenil-estan-a-calp\/#primaryimage","url":"https:\/\/media.radiolitoral.com\/wp-content\/uploads\/2024\/09\/13102925\/Una-de-las-embarcaciones-en-plena-regata.jpg","contentUrl":"https:\/\/media.radiolitoral.com\/wp-content\/uploads\/2024\/09\/13102925\/Una-de-las-embarcaciones-en-plena-regata.jpg","width":1024,"height":650},{"@type":"BreadcrumbList","@id":"https:\/\/radiolitoral.com\/2024\/09\/els-millors-regatistes-de-classe-mach-racing-juvenil-estan-a-calp\/#breadcrumb","itemListElement":[{"@type":"ListItem","position":1,"name":"Portada","item":"https:\/\/radiolitoral.com\/"},{"@type":"ListItem","position":2,"name":"Els millors regatistes de Classe Mach Racing Juvenil estan a Calp"}]},{"@type":"WebSite","@id":"https:\/\/radiolitoral.com\/#website","url":"https:\/\/radiolitoral.com\/","name":"R\u00e0dio Litoral","description":"La r\u00e0dio local de la Marina Alta","publisher":{"@id":"https:\/\/radiolitoral.com\/#organization"},"alternateName":"Litoral FM","potentialAction":[{"@type":"SearchAction","target":{"@type":"EntryPoint","urlTemplate":"https:\/\/radiolitoral.com\/?s={search_term_string}"},"query-input":{"@type":"PropertyValueSpecification","valueRequired":true,"valueName":"search_term_string"}}],"inLanguage":"ca"},{"@type":"Organization","@id":"https:\/\/radiolitoral.com\/#organization","name":"R\u00e0dio Litoral","url":"https:\/\/radiolitoral.com\/","logo":{"@type":"ImageObject","inLanguage":"ca","@id":"https:\/\/radiolitoral.com\/#\/schema\/logo\/image\/","url":"https:\/\/media.radiolitoral.com\/wp-content\/uploads\/2023\/02\/24143238\/CL-V-RadioLitoral696.png","contentUrl":"https:\/\/media.radiolitoral.com\/wp-content\/uploads\/2023\/02\/24143238\/CL-V-RadioLitoral696.png","width":696,"height":696,"caption":"Radio Litoral"},"image":{"@id":"https:\/\/radiolitoral.com\/#\/schema\/logo\/image\/"},"sameAs":["https:\/\/www.facebook.com\/Laradiolitoral\/"]},{"@type":"Person","@id":"https:\/\/radiolitoral.com\/#\/schema\/person\/7b1480b5caeb5acdd4ec6379caf62b22","name":"Javier Zamora","image":{"@type":"ImageObject","inLanguage":"ca","@id":"https:\/\/secure.gravatar.com\/avatar\/467a11f6918c7d619c4043fc6fa2d3853053107973f05b6e9c04ea6c4e3a7b3f?s=96&d=mm&r=g","url":"https:\/\/secure.gravatar.com\/avatar\/467a11f6918c7d619c4043fc6fa2d3853053107973f05b6e9c04ea6c4e3a7b3f?s=96&d=mm&r=g","contentUrl":"https:\/\/secure.gravatar.com\/avatar\/467a11f6918c7d619c4043fc6fa2d3853053107973f05b6e9c04ea6c4e3a7b3f?s=96&d=mm&r=g","caption":"Javier Zamora"},"url":"https:\/\/radiolitoral.com\/ca\/author\/javier-zamora\/"}]}},"_links":{"self":[{"href":"https:\/\/radiolitoral.com\/ca\/wp-json\/wp\/v2\/posts\/11241","targetHints":{"allow":["GET"]}}],"collection":[{"href":"https:\/\/radiolitoral.com\/ca\/wp-json\/wp\/v2\/posts"}],"about":[{"href":"https:\/\/radiolitoral.com\/ca\/wp-json\/wp\/v2\/types\/post"}],"author":[{"embeddable":true,"href":"https:\/\/radiolitoral.com\/ca\/wp-json\/wp\/v2\/users\/12"}],"replies":[{"embeddable":true,"href":"https:\/\/radiolitoral.com\/ca\/wp-json\/wp\/v2\/comments?post=11241"}],"version-history":[{"count":2,"href":"https:\/\/radiolitoral.com\/ca\/wp-json\/wp\/v2\/posts\/11241\/revisions"}],"predecessor-version":[{"id":11244,"href":"https:\/\/radiolitoral.com\/ca\/wp-json\/wp\/v2\/posts\/11241\/revisions\/11244"}],"wp:featuredmedia":[{"embeddable":true,"href":"https:\/\/radiolitoral.com\/ca\/wp-json\/wp\/v2\/media\/11242"}],"wp:attachment":[{"href":"https:\/\/radiolitoral.com\/ca\/wp-json\/wp\/v2\/media?parent=11241"}],"wp:term":[{"taxonomy":"category","embeddable":true,"href":"https:\/\/radiolitoral.com\/ca\/wp-json\/wp\/v2\/categories?post=11241"},{"taxonomy":"post_tag","embeddable":true,"href":"https:\/\/radiolitoral.com\/ca\/wp-json\/wp\/v2\/tags?post=11241"}],"curies":[{"name":"wp","href":"https:\/\/api.w.org\/{rel}","templated":true}]}}