{"id":11194,"date":"2024-09-11T10:18:42","date_gmt":"2024-09-11T08:18:42","guid":{"rendered":"https:\/\/radiolitoral.com\/?p=11194"},"modified":"2024-09-11T10:49:11","modified_gmt":"2024-09-11T08:49:11","slug":"xabia-prepara-la-xviii-gala-de-lesport","status":"publish","type":"post","link":"https:\/\/radiolitoral.com\/ca\/2024\/09\/xabia-prepara-la-xviii-gala-de-lesport\/","title":{"rendered":"X\u00e0bia prepara la XVIII Gala de l&#039;Esport"},"content":{"rendered":"<p>El proper 27 de setembre, <strong>X\u00e0bia<\/strong> celebrar\u00e0 la <strong>XVIII Gala de l&#039;Esport<\/strong>, un esdeveniment que ret homenatge als esportistes m\u00e9s destacats del municipi i als valors fonamentals de l&#039;esport. En aquesta edici\u00f3, l&#039;<strong>Ajuntament de X\u00e0bia<\/strong> continuar\u00e0 premiant l&#039;esfor\u00e7 i la dedicaci\u00f3 dels atlets locals, i de recon\u00e8ixer aquells que han treballat incansablement pel foment de l&#039;esport a la localitat.<\/p>\n<p>Un dels moments m\u00e9s esperats de la gala ser\u00e0 la entrega del <strong>Va guardar\u00a0<span class=\"hiddenSpellError\">Maurice<\/span>\u00a0<span class=\"hiddenSpellError\">Cheutin<\/span><\/strong>, un reconeixement especial que s&#039;atorga a una persona que hagi contribu\u00eft de manera desinteressada i significativa al desenvolupament i promoci\u00f3 de l&#039;esport a X\u00e0bia. Aquest va guardar, que porta el nom de\u00a0<span class=\"hiddenSpellError\">Maurice<\/span>\u00a0<span class=\"hiddenSpellError\">Cheutin<\/span>\u00a0en el seu honor, busca destacar el comprom\u00eds dels qui han impulsat l&#039;esport a X\u00e0bia.<\/p>\n<p>A m\u00e9s, durant la gala s&#039;atorgaran premis al m\u00e8rit esportiu als esportistes locals que hagin aconseguit excel\u00b7lents resultats en les respectives disciplines a llarg de l&#039;any. Aquests reconeixements se centrin a celebrar els assoliments obtinguts i l&#039;esfor\u00e7 constant dels atlets que representin X\u00e0bia.<\/p>\n<p>Durant la gala, tamb\u00e9 es premiar\u00e0 a l&#039;esportista destacat o destacada de X\u00e0bia el 2024, un reconeixement dirigit a una figura no professional que hagi demostrat una entrega i passi\u00f3 excepcionals en la seva disciplina. Aquesta persona no sols es destacar\u00e0 pels seus assoliments, sin\u00f3 tamb\u00e9 per la seva capacitat per inspirar a altres i ser un exemple dels valors que promou l&#039;esport.<\/p>\n<p>Com a part de l&#039;esdeveniment, es projectar\u00e0 un v\u00eddeo centrat a l&#039;esport inclusiu, destacant valors fonamentals com la integraci\u00f3, l&#039;esfor\u00e7 i la superaci\u00f3 personal. Aquest audiovisual mostrar\u00e0 la import\u00e0ncia de l&#039;esport com a eina per fomentar la inclusi\u00f3 i motivar els esportistes de totes les edats i capacitats.<\/p>\n<p>&quot;Per mi \u00e9s un gran orgull poder recon\u00e8ixer el m\u00e8rit, el treball i la const\u00e0ncia dels esportistes de X\u00e0bia que estan lluitant amb tot el seu esfor\u00e7 per fer realitat els seus somnis&quot;, ha assenyalat el regidor d&#039;esports, <strong>Toni Molina<\/strong>.<\/p>\n<p>La XVIII Gala de l&#039;Esport de X\u00e0bia promet ser una vetllada carregada d&#039;emoci\u00f3, reconeixement i celebraci\u00f3, on l&#039;esport i els seus valors b\u00e0sics seran els grans protagonistes. L&#039;esdeveniment tindr\u00e0 lloc el 27 de setembre a les 18.30 al Palau Municipal d&#039;Esports MBA<\/p>","protected":false},"excerpt":{"rendered":"<p>El pr\u00f2xim 27 de setembre, X\u00e0bia celebrar\u00e0 la XVIII Gala de l&#8217;Esport, un esdeveniment que ret homenatge als esportistes m\u00e9s destacats del municipi i als valors fonamentals de l&#8217;esport. En esta edici\u00f3, l&#8217;Ajuntament de X\u00e0bia continuar\u00e0 premiant l&#8217;esfor\u00e7 i la dedicaci\u00f3 dels atletes locals, i de recon\u00e9ixer a aquells que han treballat incansablement pel foment [&#8230;]<\/p>\n<p><a class=\"btn btn-secondary understrap-read-more-link\" href=\"https:\/\/radiolitoral.com\/ca\/2024\/09\/xabia-prepara-la-xviii-gala-de-lesport\/\">Continua llegint&#8230;<span class=\"screen-reader-text\"> from X\u00e0bia prepara la XVIII Gala de l&#8217;Esport<\/span><\/a><\/p>\n","protected":false},"author":12,"featured_media":11195,"comment_status":"open","ping_status":"closed","sticky":false,"template":"","format":"standard","meta":{"_acf_changed":false,"inline_featured_image":false,"footnotes":""},"categories":[5],"tags":[2157,6,2026],"class_list":["post-11194","post","type-post","status-publish","format-standard","has-post-thumbnail","hentry","category-deportes","tag-ajuntament-de-xabia","tag-deportes","tag-toni-molina","cobertura-xabia"],"acf":[],"yoast_head":"<!-- This site is optimized with the Yoast SEO plugin v27.5 - https:\/\/yoast.com\/product\/yoast-seo-wordpress\/ -->\n<title>X\u00e0bia prepara la XVIII Gala de l&#039;Esport | R\u00e0dio Litoral<\/title>\n<meta name=\"description\" content=\"L&#039;Ajuntament continuar\u00e0 premiant l&#039;esfor\u00e7 i la dedicaci\u00f3 dels atletes locals i de recon\u00e9ixer a aquells que han treballat pel foment de l&#039;esport L&#039;Ajuntament continuar\u00e0 premiant l&#039;esfor\u00e7 i la dedicaci\u00f3 dels atletes locals i de recon\u00e9ixer a aquells que han treballat pel foment de l&#039;esport\" \/>\n<meta name=\"robots\" content=\"index, follow, max-snippet:-1, max-image-preview:large, max-video-preview:-1\" \/>\n<link rel=\"canonical\" href=\"https:\/\/radiolitoral.com\/ca\/2024\/09\/xabia-prepara-la-xviii-gala-de-lesport\/\" \/>\n<meta property=\"og:locale\" content=\"ca_ES\" \/>\n<meta property=\"og:type\" content=\"article\" \/>\n<meta property=\"og:title\" content=\"X\u00e0bia prepara la XVIII Gala de l&#039;Esport | R\u00e0dio Litoral\" \/>\n<meta property=\"og:description\" content=\"L&#039;Ajuntament continuar\u00e0 premiant l&#039;esfor\u00e7 i la dedicaci\u00f3 dels atletes locals i de recon\u00e9ixer a aquells que han treballat pel foment de l&#039;esport L&#039;Ajuntament continuar\u00e0 premiant l&#039;esfor\u00e7 i la dedicaci\u00f3 dels atletes locals i de recon\u00e9ixer a aquells que han treballat pel foment de l&#039;esport\" \/>\n<meta property=\"og:url\" content=\"https:\/\/radiolitoral.com\/ca\/2024\/09\/xabia-prepara-la-xviii-gala-de-lesport\/\" \/>\n<meta property=\"og:site_name\" content=\"R\u00e0dio Litoral\" \/>\n<meta property=\"article:publisher\" content=\"https:\/\/www.facebook.com\/Laradiolitoral\/\" \/>\n<meta property=\"article:published_time\" content=\"2024-09-11T08:18:42+00:00\" \/>\n<meta property=\"article:modified_time\" content=\"2024-09-11T08:49:11+00:00\" \/>\n<meta property=\"og:image\" content=\"https:\/\/media.radiolitoral.com\/wp-content\/uploads\/2024\/09\/11101755\/Gala-esports-scaled.jpg\" \/>\n\t<meta property=\"og:image:width\" content=\"2560\" \/>\n\t<meta property=\"og:image:height\" content=\"1511\" \/>\n\t<meta property=\"og:image:type\" content=\"image\/jpeg\" \/>\n<meta name=\"author\" content=\"Javier Zamora\" \/>\n<meta name=\"twitter:card\" content=\"summary_large_image\" \/>\n<meta name=\"twitter:label1\" content=\"Escrit per\" \/>\n\t<meta name=\"twitter:data1\" content=\"Javier Zamora\" \/>\n\t<meta name=\"twitter:label2\" content=\"Temps estimat de lectura\" \/>\n\t<meta name=\"twitter:data2\" content=\"3 minuts\" \/>\n<script type=\"application\/ld+json\" class=\"yoast-schema-graph\">{\"@context\":\"https:\\\/\\\/schema.org\",\"@graph\":[{\"@type\":\"NewsArticle\",\"@id\":\"https:\\\/\\\/radiolitoral.com\\\/2024\\\/09\\\/xabia-prepara-la-xviii-gala-de-lesport\\\/#article\",\"isPartOf\":{\"@id\":\"https:\\\/\\\/radiolitoral.com\\\/2024\\\/09\\\/xabia-prepara-la-xviii-gala-de-lesport\\\/\"},\"author\":{\"name\":\"Javier Zamora\",\"@id\":\"https:\\\/\\\/radiolitoral.com\\\/#\\\/schema\\\/person\\\/7b1480b5caeb5acdd4ec6379caf62b22\"},\"headline\":\"X\u00e0bia prepara la XVIII Gala de l&#8217;Esport\",\"datePublished\":\"2024-09-11T08:18:42+00:00\",\"dateModified\":\"2024-09-11T08:49:11+00:00\",\"mainEntityOfPage\":{\"@id\":\"https:\\\/\\\/radiolitoral.com\\\/2024\\\/09\\\/xabia-prepara-la-xviii-gala-de-lesport\\\/\"},\"wordCount\":420,\"commentCount\":0,\"publisher\":{\"@id\":\"https:\\\/\\\/radiolitoral.com\\\/#organization\"},\"image\":{\"@id\":\"https:\\\/\\\/radiolitoral.com\\\/2024\\\/09\\\/xabia-prepara-la-xviii-gala-de-lesport\\\/#primaryimage\"},\"thumbnailUrl\":\"https:\\\/\\\/media.radiolitoral.com\\\/wp-content\\\/uploads\\\/2024\\\/09\\\/11101755\\\/Gala-esports-scaled.jpg\",\"keywords\":[\"Ajuntament de X\u00e0bia\",\"deportes\",\"Toni Molina\"],\"articleSection\":[\"Deportes\"],\"inLanguage\":\"ca\",\"potentialAction\":[{\"@type\":\"CommentAction\",\"name\":\"Comment\",\"target\":[\"https:\\\/\\\/radiolitoral.com\\\/2024\\\/09\\\/xabia-prepara-la-xviii-gala-de-lesport\\\/#respond\"]}]},{\"@type\":[\"WebPage\",\"ItemPage\"],\"@id\":\"https:\\\/\\\/radiolitoral.com\\\/2024\\\/09\\\/xabia-prepara-la-xviii-gala-de-lesport\\\/\",\"url\":\"https:\\\/\\\/radiolitoral.com\\\/2024\\\/09\\\/xabia-prepara-la-xviii-gala-de-lesport\\\/\",\"name\":\"X\u00e0bia prepara la XVIII Gala de l'Esport | R\u00e0dio Litoral\",\"isPartOf\":{\"@id\":\"https:\\\/\\\/radiolitoral.com\\\/#website\"},\"primaryImageOfPage\":{\"@id\":\"https:\\\/\\\/radiolitoral.com\\\/2024\\\/09\\\/xabia-prepara-la-xviii-gala-de-lesport\\\/#primaryimage\"},\"image\":{\"@id\":\"https:\\\/\\\/radiolitoral.com\\\/2024\\\/09\\\/xabia-prepara-la-xviii-gala-de-lesport\\\/#primaryimage\"},\"thumbnailUrl\":\"https:\\\/\\\/media.radiolitoral.com\\\/wp-content\\\/uploads\\\/2024\\\/09\\\/11101755\\\/Gala-esports-scaled.jpg\",\"datePublished\":\"2024-09-11T08:18:42+00:00\",\"dateModified\":\"2024-09-11T08:49:11+00:00\",\"description\":\"L'Ajuntament continuar\u00e0 premiant l'esfor\u00e7 i la dedicaci\u00f3 dels atletes locals i de recon\u00e9ixer a aquells que han treballat pel foment de l'esport L'Ajuntament continuar\u00e0 premiant l'esfor\u00e7 i la dedicaci\u00f3 dels atletes locals i de recon\u00e9ixer a aquells que han treballat pel foment de l'esport\",\"breadcrumb\":{\"@id\":\"https:\\\/\\\/radiolitoral.com\\\/2024\\\/09\\\/xabia-prepara-la-xviii-gala-de-lesport\\\/#breadcrumb\"},\"inLanguage\":\"ca\",\"potentialAction\":[{\"@type\":\"ReadAction\",\"target\":[\"https:\\\/\\\/radiolitoral.com\\\/2024\\\/09\\\/xabia-prepara-la-xviii-gala-de-lesport\\\/\"]}]},{\"@type\":\"ImageObject\",\"inLanguage\":\"ca\",\"@id\":\"https:\\\/\\\/radiolitoral.com\\\/2024\\\/09\\\/xabia-prepara-la-xviii-gala-de-lesport\\\/#primaryimage\",\"url\":\"https:\\\/\\\/media.radiolitoral.com\\\/wp-content\\\/uploads\\\/2024\\\/09\\\/11101755\\\/Gala-esports-scaled.jpg\",\"contentUrl\":\"https:\\\/\\\/media.radiolitoral.com\\\/wp-content\\\/uploads\\\/2024\\\/09\\\/11101755\\\/Gala-esports-scaled.jpg\",\"width\":2560,\"height\":1511},{\"@type\":\"BreadcrumbList\",\"@id\":\"https:\\\/\\\/radiolitoral.com\\\/2024\\\/09\\\/xabia-prepara-la-xviii-gala-de-lesport\\\/#breadcrumb\",\"itemListElement\":[{\"@type\":\"ListItem\",\"position\":1,\"name\":\"Portada\",\"item\":\"https:\\\/\\\/radiolitoral.com\\\/\"},{\"@type\":\"ListItem\",\"position\":2,\"name\":\"X\u00e0bia prepara la XVIII Gala de l&#8217;Esport\"}]},{\"@type\":\"WebSite\",\"@id\":\"https:\\\/\\\/radiolitoral.com\\\/#website\",\"url\":\"https:\\\/\\\/radiolitoral.com\\\/\",\"name\":\"Radio Litoral\",\"description\":\"La radio local de la Marina Alta\",\"publisher\":{\"@id\":\"https:\\\/\\\/radiolitoral.com\\\/#organization\"},\"alternateName\":\"Litoral FM\",\"potentialAction\":[{\"@type\":\"SearchAction\",\"target\":{\"@type\":\"EntryPoint\",\"urlTemplate\":\"https:\\\/\\\/radiolitoral.com\\\/?s={search_term_string}\"},\"query-input\":{\"@type\":\"PropertyValueSpecification\",\"valueRequired\":true,\"valueName\":\"search_term_string\"}}],\"inLanguage\":\"ca\"},{\"@type\":\"Organization\",\"@id\":\"https:\\\/\\\/radiolitoral.com\\\/#organization\",\"name\":\"Radio Litoral\",\"url\":\"https:\\\/\\\/radiolitoral.com\\\/\",\"logo\":{\"@type\":\"ImageObject\",\"inLanguage\":\"ca\",\"@id\":\"https:\\\/\\\/radiolitoral.com\\\/#\\\/schema\\\/logo\\\/image\\\/\",\"url\":\"https:\\\/\\\/media.radiolitoral.com\\\/wp-content\\\/uploads\\\/2023\\\/02\\\/24143238\\\/CL-V-RadioLitoral696.png\",\"contentUrl\":\"https:\\\/\\\/media.radiolitoral.com\\\/wp-content\\\/uploads\\\/2023\\\/02\\\/24143238\\\/CL-V-RadioLitoral696.png\",\"width\":696,\"height\":696,\"caption\":\"Radio Litoral\"},\"image\":{\"@id\":\"https:\\\/\\\/radiolitoral.com\\\/#\\\/schema\\\/logo\\\/image\\\/\"},\"sameAs\":[\"https:\\\/\\\/www.facebook.com\\\/Laradiolitoral\\\/\"]},{\"@type\":\"Person\",\"@id\":\"https:\\\/\\\/radiolitoral.com\\\/#\\\/schema\\\/person\\\/7b1480b5caeb5acdd4ec6379caf62b22\",\"name\":\"Javier Zamora\",\"image\":{\"@type\":\"ImageObject\",\"inLanguage\":\"ca\",\"@id\":\"https:\\\/\\\/secure.gravatar.com\\\/avatar\\\/467a11f6918c7d619c4043fc6fa2d3853053107973f05b6e9c04ea6c4e3a7b3f?s=96&d=mm&r=g\",\"url\":\"https:\\\/\\\/secure.gravatar.com\\\/avatar\\\/467a11f6918c7d619c4043fc6fa2d3853053107973f05b6e9c04ea6c4e3a7b3f?s=96&d=mm&r=g\",\"contentUrl\":\"https:\\\/\\\/secure.gravatar.com\\\/avatar\\\/467a11f6918c7d619c4043fc6fa2d3853053107973f05b6e9c04ea6c4e3a7b3f?s=96&d=mm&r=g\",\"caption\":\"Javier Zamora\"},\"url\":\"https:\\\/\\\/radiolitoral.com\\\/ca\\\/author\\\/javier-zamora\\\/\"}]}<\/script>\n<!-- \/ Yoast SEO plugin. -->","yoast_head_json":{"title":"X\u00e0bia prepara la XVIII Gala de l&#039;Esport | R\u00e0dio Litoral","description":"L&#039;Ajuntament continuar\u00e0 premiant l&#039;esfor\u00e7 i la dedicaci\u00f3 dels atlets locals i de recon\u00e8ixer aquells que han treballat pel foment de l&#039;esport L&#039;Ajuntament continuar\u00e0 premiant l&#039;esfor\u00e7 i la dedicaci\u00f3 dels atlets locals pel foment de l&#039;esport","robots":{"index":"index","follow":"follow","max-snippet":"max-snippet:-1","max-image-preview":"max-image-preview:large","max-video-preview":"max-video-preview:-1"},"canonical":"https:\/\/radiolitoral.com\/ca\/2024\/09\/xabia-prepara-la-xviii-gala-de-lesport\/","og_locale":"ca_ES","og_type":"article","og_title":"X\u00e0bia prepara la XVIII Gala de l'Esport | R\u00e0dio Litoral","og_description":"L'Ajuntament continuar\u00e0 premiant l'esfor\u00e7 i la dedicaci\u00f3 dels atletes locals i de recon\u00e9ixer a aquells que han treballat pel foment de l'esport L'Ajuntament continuar\u00e0 premiant l'esfor\u00e7 i la dedicaci\u00f3 dels atletes locals i de recon\u00e9ixer a aquells que han treballat pel foment de l'esport","og_url":"https:\/\/radiolitoral.com\/ca\/2024\/09\/xabia-prepara-la-xviii-gala-de-lesport\/","og_site_name":"R\u00e0dio Litoral","article_publisher":"https:\/\/www.facebook.com\/Laradiolitoral\/","article_published_time":"2024-09-11T08:18:42+00:00","article_modified_time":"2024-09-11T08:49:11+00:00","og_image":[{"width":2560,"height":1511,"url":"https:\/\/media.radiolitoral.com\/wp-content\/uploads\/2024\/09\/11101755\/Gala-esports-scaled.jpg","type":"image\/jpeg"}],"author":"Javier Zamora","twitter_card":"summary_large_image","twitter_misc":{"Escrit per":"Javier Zamora","Temps estimat de lectura":"3 minuts"},"schema":{"@context":"https:\/\/schema.org","@graph":[{"@type":"NewsArticle","@id":"https:\/\/radiolitoral.com\/2024\/09\/xabia-prepara-la-xviii-gala-de-lesport\/#article","isPartOf":{"@id":"https:\/\/radiolitoral.com\/2024\/09\/xabia-prepara-la-xviii-gala-de-lesport\/"},"author":{"name":"Javier Zamora","@id":"https:\/\/radiolitoral.com\/#\/schema\/person\/7b1480b5caeb5acdd4ec6379caf62b22"},"headline":"X\u00e0bia prepara la XVIII Gala de l&#8217;Esport","datePublished":"2024-09-11T08:18:42+00:00","dateModified":"2024-09-11T08:49:11+00:00","mainEntityOfPage":{"@id":"https:\/\/radiolitoral.com\/2024\/09\/xabia-prepara-la-xviii-gala-de-lesport\/"},"wordCount":420,"commentCount":0,"publisher":{"@id":"https:\/\/radiolitoral.com\/#organization"},"image":{"@id":"https:\/\/radiolitoral.com\/2024\/09\/xabia-prepara-la-xviii-gala-de-lesport\/#primaryimage"},"thumbnailUrl":"https:\/\/media.radiolitoral.com\/wp-content\/uploads\/2024\/09\/11101755\/Gala-esports-scaled.jpg","keywords":["Ajuntament de X\u00e0bia","deportes","Toni Molina"],"articleSection":["Deportes"],"inLanguage":"ca","potentialAction":[{"@type":"CommentAction","name":"Comment","target":["https:\/\/radiolitoral.com\/2024\/09\/xabia-prepara-la-xviii-gala-de-lesport\/#respond"]}]},{"@type":["WebPage","ItemPage"],"@id":"https:\/\/radiolitoral.com\/2024\/09\/xabia-prepara-la-xviii-gala-de-lesport\/","url":"https:\/\/radiolitoral.com\/2024\/09\/xabia-prepara-la-xviii-gala-de-lesport\/","name":"X\u00e0bia prepara la XVIII Gala de l&#039;Esport | R\u00e0dio Litoral","isPartOf":{"@id":"https:\/\/radiolitoral.com\/#website"},"primaryImageOfPage":{"@id":"https:\/\/radiolitoral.com\/2024\/09\/xabia-prepara-la-xviii-gala-de-lesport\/#primaryimage"},"image":{"@id":"https:\/\/radiolitoral.com\/2024\/09\/xabia-prepara-la-xviii-gala-de-lesport\/#primaryimage"},"thumbnailUrl":"https:\/\/media.radiolitoral.com\/wp-content\/uploads\/2024\/09\/11101755\/Gala-esports-scaled.jpg","datePublished":"2024-09-11T08:18:42+00:00","dateModified":"2024-09-11T08:49:11+00:00","description":"L&#039;Ajuntament continuar\u00e0 premiant l&#039;esfor\u00e7 i la dedicaci\u00f3 dels atlets locals i de recon\u00e8ixer aquells que han treballat pel foment de l&#039;esport L&#039;Ajuntament continuar\u00e0 premiant l&#039;esfor\u00e7 i la dedicaci\u00f3 dels atlets locals pel foment de l&#039;esport","breadcrumb":{"@id":"https:\/\/radiolitoral.com\/2024\/09\/xabia-prepara-la-xviii-gala-de-lesport\/#breadcrumb"},"inLanguage":"ca","potentialAction":[{"@type":"ReadAction","target":["https:\/\/radiolitoral.com\/2024\/09\/xabia-prepara-la-xviii-gala-de-lesport\/"]}]},{"@type":"ImageObject","inLanguage":"ca","@id":"https:\/\/radiolitoral.com\/2024\/09\/xabia-prepara-la-xviii-gala-de-lesport\/#primaryimage","url":"https:\/\/media.radiolitoral.com\/wp-content\/uploads\/2024\/09\/11101755\/Gala-esports-scaled.jpg","contentUrl":"https:\/\/media.radiolitoral.com\/wp-content\/uploads\/2024\/09\/11101755\/Gala-esports-scaled.jpg","width":2560,"height":1511},{"@type":"BreadcrumbList","@id":"https:\/\/radiolitoral.com\/2024\/09\/xabia-prepara-la-xviii-gala-de-lesport\/#breadcrumb","itemListElement":[{"@type":"ListItem","position":1,"name":"Portada","item":"https:\/\/radiolitoral.com\/"},{"@type":"ListItem","position":2,"name":"X\u00e0bia prepara la XVIII Gala de l&#8217;Esport"}]},{"@type":"WebSite","@id":"https:\/\/radiolitoral.com\/#website","url":"https:\/\/radiolitoral.com\/","name":"R\u00e0dio Litoral","description":"La r\u00e0dio local de la Marina Alta","publisher":{"@id":"https:\/\/radiolitoral.com\/#organization"},"alternateName":"Litoral FM","potentialAction":[{"@type":"SearchAction","target":{"@type":"EntryPoint","urlTemplate":"https:\/\/radiolitoral.com\/?s={search_term_string}"},"query-input":{"@type":"PropertyValueSpecification","valueRequired":true,"valueName":"search_term_string"}}],"inLanguage":"ca"},{"@type":"Organization","@id":"https:\/\/radiolitoral.com\/#organization","name":"R\u00e0dio Litoral","url":"https:\/\/radiolitoral.com\/","logo":{"@type":"ImageObject","inLanguage":"ca","@id":"https:\/\/radiolitoral.com\/#\/schema\/logo\/image\/","url":"https:\/\/media.radiolitoral.com\/wp-content\/uploads\/2023\/02\/24143238\/CL-V-RadioLitoral696.png","contentUrl":"https:\/\/media.radiolitoral.com\/wp-content\/uploads\/2023\/02\/24143238\/CL-V-RadioLitoral696.png","width":696,"height":696,"caption":"Radio Litoral"},"image":{"@id":"https:\/\/radiolitoral.com\/#\/schema\/logo\/image\/"},"sameAs":["https:\/\/www.facebook.com\/Laradiolitoral\/"]},{"@type":"Person","@id":"https:\/\/radiolitoral.com\/#\/schema\/person\/7b1480b5caeb5acdd4ec6379caf62b22","name":"Javier Zamora","image":{"@type":"ImageObject","inLanguage":"ca","@id":"https:\/\/secure.gravatar.com\/avatar\/467a11f6918c7d619c4043fc6fa2d3853053107973f05b6e9c04ea6c4e3a7b3f?s=96&d=mm&r=g","url":"https:\/\/secure.gravatar.com\/avatar\/467a11f6918c7d619c4043fc6fa2d3853053107973f05b6e9c04ea6c4e3a7b3f?s=96&d=mm&r=g","contentUrl":"https:\/\/secure.gravatar.com\/avatar\/467a11f6918c7d619c4043fc6fa2d3853053107973f05b6e9c04ea6c4e3a7b3f?s=96&d=mm&r=g","caption":"Javier Zamora"},"url":"https:\/\/radiolitoral.com\/ca\/author\/javier-zamora\/"}]}},"_links":{"self":[{"href":"https:\/\/radiolitoral.com\/ca\/wp-json\/wp\/v2\/posts\/11194","targetHints":{"allow":["GET"]}}],"collection":[{"href":"https:\/\/radiolitoral.com\/ca\/wp-json\/wp\/v2\/posts"}],"about":[{"href":"https:\/\/radiolitoral.com\/ca\/wp-json\/wp\/v2\/types\/post"}],"author":[{"embeddable":true,"href":"https:\/\/radiolitoral.com\/ca\/wp-json\/wp\/v2\/users\/12"}],"replies":[{"embeddable":true,"href":"https:\/\/radiolitoral.com\/ca\/wp-json\/wp\/v2\/comments?post=11194"}],"version-history":[{"count":2,"href":"https:\/\/radiolitoral.com\/ca\/wp-json\/wp\/v2\/posts\/11194\/revisions"}],"predecessor-version":[{"id":11197,"href":"https:\/\/radiolitoral.com\/ca\/wp-json\/wp\/v2\/posts\/11194\/revisions\/11197"}],"wp:featuredmedia":[{"embeddable":true,"href":"https:\/\/radiolitoral.com\/ca\/wp-json\/wp\/v2\/media\/11195"}],"wp:attachment":[{"href":"https:\/\/radiolitoral.com\/ca\/wp-json\/wp\/v2\/media?parent=11194"}],"wp:term":[{"taxonomy":"category","embeddable":true,"href":"https:\/\/radiolitoral.com\/ca\/wp-json\/wp\/v2\/categories?post=11194"},{"taxonomy":"post_tag","embeddable":true,"href":"https:\/\/radiolitoral.com\/ca\/wp-json\/wp\/v2\/tags?post=11194"}],"curies":[{"name":"wp","href":"https:\/\/api.w.org\/{rel}","templated":true}]}}