{"id":11188,"date":"2024-09-11T09:19:42","date_gmt":"2024-09-11T07:19:42","guid":{"rendered":"https:\/\/radiolitoral.com\/?p=11188"},"modified":"2024-09-11T09:26:15","modified_gmt":"2024-09-11T07:26:15","slug":"compromis-per-teulada-proposa-accions-urgents-davant-mort-massiva-de-pins-i-vegetacio","status":"publish","type":"post","link":"https:\/\/radiolitoral.com\/ca\/2024\/09\/compromis-per-teulada-proposa-accions-urgents-davant-mort-massiva-de-pins-i-vegetacio\/","title":{"rendered":"Comprom\u00eds per Teulada proposa accions urgents davant la mort massiva de pins i vegetaci\u00f3"},"content":{"rendered":"<p><strong>Comprom\u00eds per Teulada<\/strong> ha presentat una <strong>moci\u00f3<\/strong> urgent amb l&#039;objectiu de p<strong>rotegir i regenerar les zones boscoses i el paisatge muntany\u00f3s<\/strong> del municipi, alertats per la mort massiva dels pins i altres esp\u00e8cies vegetals.<\/p>\n<p>Una situaci\u00f3 que no nom\u00e9s pateix Teulada, sin\u00f3 que <strong>\u00e9s visible en altres punts de la Marina Alta<\/strong> i que segons remarquin els valencianistes \u00e9s deu al canvi clim\u00e0tic, la sequera i plagues com el <em>\u00ab<span class=\"hiddenSpellError\">Tomicus<\/span> <span class=\"hiddenSpellError\">destruens<\/span><\/em>\u00ab.<\/p>\n<p>Des de Comprom\u00eds consideren que \u00e9s fonamental que totes les administracions actu\u00efn de manera coordinada per prevenir una crisi ambiental major, que, segons insistixen, tindria greus repercussions socials i econ\u00f2miques.<\/p>\n<p>Els valencianistes mostren la seva <strong>preocupaci\u00f3 davant un paisatge i una biodiversitat en risc<\/strong> i remarqueu que \u00e9s necessari que l&#039;Ajuntament de Teulada active urgentment un pla d&#039;acci\u00f3, col\u00b7laboraci\u00f3 i regeneraci\u00f3 per salvar els boscos de Teulada i Moraira.<\/p>\n<p>Entre els <strong>mesures<\/strong> propostes a la moci\u00f3 s&#039;inclou la c<strong>ol\u00b7laboraci\u00f3 amb universitats<\/strong> per estudiar les causes de la mort dels pins, el <strong>monitoratge amb drons i sat\u00e8l\u00b7lits<\/strong> per controlar les zones afectades, aix\u00ed com <strong>tractaments fitosanitaris<\/strong> per frenar les plagues.<\/p>\n<p>D&#039;altra banda, tamb\u00e9 suggereixen crear un pla de<strong> repoblaci\u00f3 forestal amb esp\u00e8cies aut\u00f2ctons, campanyes de sensibilitzaci\u00f3<\/strong> per a la poblaci\u00f3 local i els turistes, i la coordinaci\u00f3 amb altres municipis de la comarca per dur a terme accions conjuntes. Aix\u00ed com reclamen e<strong>l suport t\u00e8cnic i econ\u00f2mic de la Generalitat i la Diputaci\u00f3.<\/strong><\/p>","protected":false},"excerpt":{"rendered":"<p>Comprom\u00eds per Teulada ha presentat una moci\u00f3 urgent amb l&#8217;objectiu de protegir i regenerar les zones boscoses i el paisatge muntany\u00f3s del municipi, alertats per la mort massiva dels pins i altres esp\u00e8cies vegetals. Una situaci\u00f3 que no sols patix Teulada, sin\u00f3 que \u00e9s visible en altres punts de la Marina Alta i que segons [&#8230;]<\/p>\n<p><a class=\"btn btn-secondary understrap-read-more-link\" href=\"https:\/\/radiolitoral.com\/ca\/2024\/09\/compromis-per-teulada-proposa-accions-urgents-davant-mort-massiva-de-pins-i-vegetacio\/\">Continua llegint&#8230;<span class=\"screen-reader-text\"> from Comprom\u00eds per Teulada proposa accions urgents davant la mort massiva de pins i vegetaci\u00f3<\/span><\/a><\/p>\n","protected":false},"author":13,"featured_media":6258,"comment_status":"open","ping_status":"closed","sticky":false,"template":"","format":"standard","meta":{"_acf_changed":false,"inline_featured_image":false,"footnotes":""},"categories":[325],"tags":[644,1067,207,146],"class_list":["post-11188","post","type-post","status-publish","format-standard","has-post-thumbnail","hentry","category-medioambiente","tag-compromis-per-teulada","tag-medio-ambiente","tag-sequia","tag-teulada","cobertura-teulada-moraira"],"acf":[],"yoast_head":"<!-- This site is optimized with the Yoast SEO plugin v27.5 - https:\/\/yoast.com\/product\/yoast-seo-wordpress\/ -->\n<title>Comprom\u00eds per Teulada proposa accions urgents davant la mort massiva de pins i vegetaci\u00f3 | R\u00e0dio Litoral<\/title>\n<meta name=\"description\" content=\"Col\u00b7laborar amb universitats o el monitoratge amb drons per a controlar les zones afectades, entre les accions Col\u00b7laborar amb universitats o el monitoratge amb drons per a controlar les zones afectades, entre les accions\" \/>\n<meta name=\"robots\" content=\"index, follow, max-snippet:-1, max-image-preview:large, max-video-preview:-1\" \/>\n<link rel=\"canonical\" href=\"https:\/\/radiolitoral.com\/ca\/2024\/09\/compromis-per-teulada-proposa-accions-urgents-davant-mort-massiva-de-pins-i-vegetacio\/\" \/>\n<meta property=\"og:locale\" content=\"ca_ES\" \/>\n<meta property=\"og:type\" content=\"article\" \/>\n<meta property=\"og:title\" content=\"Comprom\u00eds per Teulada proposa accions urgents davant la mort massiva de pins i vegetaci\u00f3 | R\u00e0dio Litoral\" \/>\n<meta property=\"og:description\" content=\"Col\u00b7laborar amb universitats o el monitoratge amb drons per a controlar les zones afectades, entre les accions Col\u00b7laborar amb universitats o el monitoratge amb drons per a controlar les zones afectades, entre les accions\" \/>\n<meta property=\"og:url\" content=\"https:\/\/radiolitoral.com\/ca\/2024\/09\/compromis-per-teulada-proposa-accions-urgents-davant-mort-massiva-de-pins-i-vegetacio\/\" \/>\n<meta property=\"og:site_name\" content=\"R\u00e0dio Litoral\" \/>\n<meta property=\"article:publisher\" content=\"https:\/\/www.facebook.com\/Laradiolitoral\/\" \/>\n<meta property=\"article:published_time\" content=\"2024-09-11T07:19:42+00:00\" \/>\n<meta property=\"article:modified_time\" content=\"2024-09-11T07:26:15+00:00\" \/>\n<meta property=\"og:image\" content=\"https:\/\/media.radiolitoral.com\/wp-content\/uploads\/2024\/01\/08195338\/refugio-climatico-14-Teulada-Moraira.jpg\" \/>\n\t<meta property=\"og:image:width\" content=\"2048\" \/>\n\t<meta property=\"og:image:height\" content=\"1536\" \/>\n\t<meta property=\"og:image:type\" content=\"image\/jpeg\" \/>\n<meta name=\"author\" content=\"Redacci\u00f3n\" \/>\n<meta name=\"twitter:card\" content=\"summary_large_image\" \/>\n<meta name=\"twitter:label1\" content=\"Escrit per\" \/>\n\t<meta name=\"twitter:data1\" content=\"Redacci\u00f3n\" \/>\n\t<meta name=\"twitter:label2\" content=\"Temps estimat de lectura\" \/>\n\t<meta name=\"twitter:data2\" content=\"2 minuts\" \/>\n<script type=\"application\/ld+json\" class=\"yoast-schema-graph\">{\"@context\":\"https:\\\/\\\/schema.org\",\"@graph\":[{\"@type\":\"NewsArticle\",\"@id\":\"https:\\\/\\\/radiolitoral.com\\\/2024\\\/09\\\/compromis-per-teulada-proposa-accions-urgents-davant-mort-massiva-de-pins-i-vegetacio\\\/#article\",\"isPartOf\":{\"@id\":\"https:\\\/\\\/radiolitoral.com\\\/2024\\\/09\\\/compromis-per-teulada-proposa-accions-urgents-davant-mort-massiva-de-pins-i-vegetacio\\\/\"},\"author\":{\"name\":\"Redacci\u00f3n\",\"@id\":\"https:\\\/\\\/radiolitoral.com\\\/#\\\/schema\\\/person\\\/f2b2343c49b5d721857cc1002bfdb151\"},\"headline\":\"Comprom\u00eds per Teulada proposa accions urgents davant la mort massiva de pins i vegetaci\u00f3\",\"datePublished\":\"2024-09-11T07:19:42+00:00\",\"dateModified\":\"2024-09-11T07:26:15+00:00\",\"mainEntityOfPage\":{\"@id\":\"https:\\\/\\\/radiolitoral.com\\\/2024\\\/09\\\/compromis-per-teulada-proposa-accions-urgents-davant-mort-massiva-de-pins-i-vegetacio\\\/\"},\"wordCount\":273,\"commentCount\":0,\"publisher\":{\"@id\":\"https:\\\/\\\/radiolitoral.com\\\/#organization\"},\"image\":{\"@id\":\"https:\\\/\\\/radiolitoral.com\\\/2024\\\/09\\\/compromis-per-teulada-proposa-accions-urgents-davant-mort-massiva-de-pins-i-vegetacio\\\/#primaryimage\"},\"thumbnailUrl\":\"https:\\\/\\\/media.radiolitoral.com\\\/wp-content\\\/uploads\\\/2024\\\/01\\\/08195338\\\/refugio-climatico-14-Teulada-Moraira.jpg\",\"keywords\":[\"Comprom\u00eds per Teulada\",\"medio ambiente\",\"sequ\u00eda\",\"Teulada\"],\"articleSection\":[\"Medioambiente\"],\"inLanguage\":\"ca\",\"potentialAction\":[{\"@type\":\"CommentAction\",\"name\":\"Comment\",\"target\":[\"https:\\\/\\\/radiolitoral.com\\\/2024\\\/09\\\/compromis-per-teulada-proposa-accions-urgents-davant-mort-massiva-de-pins-i-vegetacio\\\/#respond\"]}]},{\"@type\":[\"WebPage\",\"ItemPage\"],\"@id\":\"https:\\\/\\\/radiolitoral.com\\\/2024\\\/09\\\/compromis-per-teulada-proposa-accions-urgents-davant-mort-massiva-de-pins-i-vegetacio\\\/\",\"url\":\"https:\\\/\\\/radiolitoral.com\\\/2024\\\/09\\\/compromis-per-teulada-proposa-accions-urgents-davant-mort-massiva-de-pins-i-vegetacio\\\/\",\"name\":\"Comprom\u00eds per Teulada proposa accions urgents davant la mort massiva de pins i vegetaci\u00f3 | R\u00e0dio Litoral\",\"isPartOf\":{\"@id\":\"https:\\\/\\\/radiolitoral.com\\\/#website\"},\"primaryImageOfPage\":{\"@id\":\"https:\\\/\\\/radiolitoral.com\\\/2024\\\/09\\\/compromis-per-teulada-proposa-accions-urgents-davant-mort-massiva-de-pins-i-vegetacio\\\/#primaryimage\"},\"image\":{\"@id\":\"https:\\\/\\\/radiolitoral.com\\\/2024\\\/09\\\/compromis-per-teulada-proposa-accions-urgents-davant-mort-massiva-de-pins-i-vegetacio\\\/#primaryimage\"},\"thumbnailUrl\":\"https:\\\/\\\/media.radiolitoral.com\\\/wp-content\\\/uploads\\\/2024\\\/01\\\/08195338\\\/refugio-climatico-14-Teulada-Moraira.jpg\",\"datePublished\":\"2024-09-11T07:19:42+00:00\",\"dateModified\":\"2024-09-11T07:26:15+00:00\",\"description\":\"Col\u00b7laborar amb universitats o el monitoratge amb drons per a controlar les zones afectades, entre les accions Col\u00b7laborar amb universitats o el monitoratge amb drons per a controlar les zones afectades, entre les accions\",\"breadcrumb\":{\"@id\":\"https:\\\/\\\/radiolitoral.com\\\/2024\\\/09\\\/compromis-per-teulada-proposa-accions-urgents-davant-mort-massiva-de-pins-i-vegetacio\\\/#breadcrumb\"},\"inLanguage\":\"ca\",\"potentialAction\":[{\"@type\":\"ReadAction\",\"target\":[\"https:\\\/\\\/radiolitoral.com\\\/2024\\\/09\\\/compromis-per-teulada-proposa-accions-urgents-davant-mort-massiva-de-pins-i-vegetacio\\\/\"]}]},{\"@type\":\"ImageObject\",\"inLanguage\":\"ca\",\"@id\":\"https:\\\/\\\/radiolitoral.com\\\/2024\\\/09\\\/compromis-per-teulada-proposa-accions-urgents-davant-mort-massiva-de-pins-i-vegetacio\\\/#primaryimage\",\"url\":\"https:\\\/\\\/media.radiolitoral.com\\\/wp-content\\\/uploads\\\/2024\\\/01\\\/08195338\\\/refugio-climatico-14-Teulada-Moraira.jpg\",\"contentUrl\":\"https:\\\/\\\/media.radiolitoral.com\\\/wp-content\\\/uploads\\\/2024\\\/01\\\/08195338\\\/refugio-climatico-14-Teulada-Moraira.jpg\",\"width\":2048,\"height\":1536},{\"@type\":\"BreadcrumbList\",\"@id\":\"https:\\\/\\\/radiolitoral.com\\\/2024\\\/09\\\/compromis-per-teulada-proposa-accions-urgents-davant-mort-massiva-de-pins-i-vegetacio\\\/#breadcrumb\",\"itemListElement\":[{\"@type\":\"ListItem\",\"position\":1,\"name\":\"Portada\",\"item\":\"https:\\\/\\\/radiolitoral.com\\\/\"},{\"@type\":\"ListItem\",\"position\":2,\"name\":\"Comprom\u00eds per Teulada proposa accions urgents davant la mort massiva de pins i vegetaci\u00f3\"}]},{\"@type\":\"WebSite\",\"@id\":\"https:\\\/\\\/radiolitoral.com\\\/#website\",\"url\":\"https:\\\/\\\/radiolitoral.com\\\/\",\"name\":\"Radio Litoral\",\"description\":\"La radio local de la Marina Alta\",\"publisher\":{\"@id\":\"https:\\\/\\\/radiolitoral.com\\\/#organization\"},\"alternateName\":\"Litoral FM\",\"potentialAction\":[{\"@type\":\"SearchAction\",\"target\":{\"@type\":\"EntryPoint\",\"urlTemplate\":\"https:\\\/\\\/radiolitoral.com\\\/?s={search_term_string}\"},\"query-input\":{\"@type\":\"PropertyValueSpecification\",\"valueRequired\":true,\"valueName\":\"search_term_string\"}}],\"inLanguage\":\"ca\"},{\"@type\":\"Organization\",\"@id\":\"https:\\\/\\\/radiolitoral.com\\\/#organization\",\"name\":\"Radio Litoral\",\"url\":\"https:\\\/\\\/radiolitoral.com\\\/\",\"logo\":{\"@type\":\"ImageObject\",\"inLanguage\":\"ca\",\"@id\":\"https:\\\/\\\/radiolitoral.com\\\/#\\\/schema\\\/logo\\\/image\\\/\",\"url\":\"https:\\\/\\\/media.radiolitoral.com\\\/wp-content\\\/uploads\\\/2023\\\/02\\\/24143238\\\/CL-V-RadioLitoral696.png\",\"contentUrl\":\"https:\\\/\\\/media.radiolitoral.com\\\/wp-content\\\/uploads\\\/2023\\\/02\\\/24143238\\\/CL-V-RadioLitoral696.png\",\"width\":696,\"height\":696,\"caption\":\"Radio Litoral\"},\"image\":{\"@id\":\"https:\\\/\\\/radiolitoral.com\\\/#\\\/schema\\\/logo\\\/image\\\/\"},\"sameAs\":[\"https:\\\/\\\/www.facebook.com\\\/Laradiolitoral\\\/\"]},{\"@type\":\"Person\",\"@id\":\"https:\\\/\\\/radiolitoral.com\\\/#\\\/schema\\\/person\\\/f2b2343c49b5d721857cc1002bfdb151\",\"name\":\"Redacci\u00f3n\",\"image\":{\"@type\":\"ImageObject\",\"inLanguage\":\"ca\",\"@id\":\"https:\\\/\\\/secure.gravatar.com\\\/avatar\\\/f771d896c203ad8b3382d7905cfcce5a5c9b008b84b3cd9114e9b9f4cb63f789?s=96&d=mm&r=g\",\"url\":\"https:\\\/\\\/secure.gravatar.com\\\/avatar\\\/f771d896c203ad8b3382d7905cfcce5a5c9b008b84b3cd9114e9b9f4cb63f789?s=96&d=mm&r=g\",\"contentUrl\":\"https:\\\/\\\/secure.gravatar.com\\\/avatar\\\/f771d896c203ad8b3382d7905cfcce5a5c9b008b84b3cd9114e9b9f4cb63f789?s=96&d=mm&r=g\",\"caption\":\"Redacci\u00f3n\"},\"url\":\"https:\\\/\\\/radiolitoral.com\\\/ca\\\/author\\\/miriam-pagan\\\/\"}]}<\/script>\n<!-- \/ Yoast SEO plugin. -->","yoast_head_json":{"title":"Comprom\u00eds per Teulada proposa accions urgents davant de la mort massiva de pins i vegetaci\u00f3 | R\u00e0dio Litoral","description":"Col\u00b7laborar amb universitats o el monitoratge amb drons per controlar les zones afectades, entre les accions Col\u00b7laborar amb universitats o el monitoratge amb drons per controlar les zones afectades, entre les accions","robots":{"index":"index","follow":"follow","max-snippet":"max-snippet:-1","max-image-preview":"max-image-preview:large","max-video-preview":"max-video-preview:-1"},"canonical":"https:\/\/radiolitoral.com\/ca\/2024\/09\/compromis-per-teulada-proposa-accions-urgents-davant-mort-massiva-de-pins-i-vegetacio\/","og_locale":"ca_ES","og_type":"article","og_title":"Comprom\u00eds per Teulada proposa accions urgents davant la mort massiva de pins i vegetaci\u00f3 | R\u00e0dio Litoral","og_description":"Col\u00b7laborar amb universitats o el monitoratge amb drons per a controlar les zones afectades, entre les accions Col\u00b7laborar amb universitats o el monitoratge amb drons per a controlar les zones afectades, entre les accions","og_url":"https:\/\/radiolitoral.com\/ca\/2024\/09\/compromis-per-teulada-proposa-accions-urgents-davant-mort-massiva-de-pins-i-vegetacio\/","og_site_name":"R\u00e0dio Litoral","article_publisher":"https:\/\/www.facebook.com\/Laradiolitoral\/","article_published_time":"2024-09-11T07:19:42+00:00","article_modified_time":"2024-09-11T07:26:15+00:00","og_image":[{"width":2048,"height":1536,"url":"https:\/\/media.radiolitoral.com\/wp-content\/uploads\/2024\/01\/08195338\/refugio-climatico-14-Teulada-Moraira.jpg","type":"image\/jpeg"}],"author":"Redacci\u00f3n","twitter_card":"summary_large_image","twitter_misc":{"Escrit per":"Redacci\u00f3n","Temps estimat de lectura":"2 minuts"},"schema":{"@context":"https:\/\/schema.org","@graph":[{"@type":"NewsArticle","@id":"https:\/\/radiolitoral.com\/2024\/09\/compromis-per-teulada-proposa-accions-urgents-davant-mort-massiva-de-pins-i-vegetacio\/#article","isPartOf":{"@id":"https:\/\/radiolitoral.com\/2024\/09\/compromis-per-teulada-proposa-accions-urgents-davant-mort-massiva-de-pins-i-vegetacio\/"},"author":{"name":"Redacci\u00f3n","@id":"https:\/\/radiolitoral.com\/#\/schema\/person\/f2b2343c49b5d721857cc1002bfdb151"},"headline":"Comprom\u00eds per Teulada proposa accions urgents davant la mort massiva de pins i vegetaci\u00f3","datePublished":"2024-09-11T07:19:42+00:00","dateModified":"2024-09-11T07:26:15+00:00","mainEntityOfPage":{"@id":"https:\/\/radiolitoral.com\/2024\/09\/compromis-per-teulada-proposa-accions-urgents-davant-mort-massiva-de-pins-i-vegetacio\/"},"wordCount":273,"commentCount":0,"publisher":{"@id":"https:\/\/radiolitoral.com\/#organization"},"image":{"@id":"https:\/\/radiolitoral.com\/2024\/09\/compromis-per-teulada-proposa-accions-urgents-davant-mort-massiva-de-pins-i-vegetacio\/#primaryimage"},"thumbnailUrl":"https:\/\/media.radiolitoral.com\/wp-content\/uploads\/2024\/01\/08195338\/refugio-climatico-14-Teulada-Moraira.jpg","keywords":["Comprom\u00eds per Teulada","medio ambiente","sequ\u00eda","Teulada"],"articleSection":["Medioambiente"],"inLanguage":"ca","potentialAction":[{"@type":"CommentAction","name":"Comment","target":["https:\/\/radiolitoral.com\/2024\/09\/compromis-per-teulada-proposa-accions-urgents-davant-mort-massiva-de-pins-i-vegetacio\/#respond"]}]},{"@type":["WebPage","ItemPage"],"@id":"https:\/\/radiolitoral.com\/2024\/09\/compromis-per-teulada-proposa-accions-urgents-davant-mort-massiva-de-pins-i-vegetacio\/","url":"https:\/\/radiolitoral.com\/2024\/09\/compromis-per-teulada-proposa-accions-urgents-davant-mort-massiva-de-pins-i-vegetacio\/","name":"Comprom\u00eds per Teulada proposa accions urgents davant de la mort massiva de pins i vegetaci\u00f3 | R\u00e0dio Litoral","isPartOf":{"@id":"https:\/\/radiolitoral.com\/#website"},"primaryImageOfPage":{"@id":"https:\/\/radiolitoral.com\/2024\/09\/compromis-per-teulada-proposa-accions-urgents-davant-mort-massiva-de-pins-i-vegetacio\/#primaryimage"},"image":{"@id":"https:\/\/radiolitoral.com\/2024\/09\/compromis-per-teulada-proposa-accions-urgents-davant-mort-massiva-de-pins-i-vegetacio\/#primaryimage"},"thumbnailUrl":"https:\/\/media.radiolitoral.com\/wp-content\/uploads\/2024\/01\/08195338\/refugio-climatico-14-Teulada-Moraira.jpg","datePublished":"2024-09-11T07:19:42+00:00","dateModified":"2024-09-11T07:26:15+00:00","description":"Col\u00b7laborar amb universitats o el monitoratge amb drons per controlar les zones afectades, entre les accions Col\u00b7laborar amb universitats o el monitoratge amb drons per controlar les zones afectades, entre les accions","breadcrumb":{"@id":"https:\/\/radiolitoral.com\/2024\/09\/compromis-per-teulada-proposa-accions-urgents-davant-mort-massiva-de-pins-i-vegetacio\/#breadcrumb"},"inLanguage":"ca","potentialAction":[{"@type":"ReadAction","target":["https:\/\/radiolitoral.com\/2024\/09\/compromis-per-teulada-proposa-accions-urgents-davant-mort-massiva-de-pins-i-vegetacio\/"]}]},{"@type":"ImageObject","inLanguage":"ca","@id":"https:\/\/radiolitoral.com\/2024\/09\/compromis-per-teulada-proposa-accions-urgents-davant-mort-massiva-de-pins-i-vegetacio\/#primaryimage","url":"https:\/\/media.radiolitoral.com\/wp-content\/uploads\/2024\/01\/08195338\/refugio-climatico-14-Teulada-Moraira.jpg","contentUrl":"https:\/\/media.radiolitoral.com\/wp-content\/uploads\/2024\/01\/08195338\/refugio-climatico-14-Teulada-Moraira.jpg","width":2048,"height":1536},{"@type":"BreadcrumbList","@id":"https:\/\/radiolitoral.com\/2024\/09\/compromis-per-teulada-proposa-accions-urgents-davant-mort-massiva-de-pins-i-vegetacio\/#breadcrumb","itemListElement":[{"@type":"ListItem","position":1,"name":"Portada","item":"https:\/\/radiolitoral.com\/"},{"@type":"ListItem","position":2,"name":"Comprom\u00eds per Teulada proposa accions urgents davant la mort massiva de pins i vegetaci\u00f3"}]},{"@type":"WebSite","@id":"https:\/\/radiolitoral.com\/#website","url":"https:\/\/radiolitoral.com\/","name":"R\u00e0dio Litoral","description":"La r\u00e0dio local de la Marina Alta","publisher":{"@id":"https:\/\/radiolitoral.com\/#organization"},"alternateName":"Litoral FM","potentialAction":[{"@type":"SearchAction","target":{"@type":"EntryPoint","urlTemplate":"https:\/\/radiolitoral.com\/?s={search_term_string}"},"query-input":{"@type":"PropertyValueSpecification","valueRequired":true,"valueName":"search_term_string"}}],"inLanguage":"ca"},{"@type":"Organization","@id":"https:\/\/radiolitoral.com\/#organization","name":"R\u00e0dio Litoral","url":"https:\/\/radiolitoral.com\/","logo":{"@type":"ImageObject","inLanguage":"ca","@id":"https:\/\/radiolitoral.com\/#\/schema\/logo\/image\/","url":"https:\/\/media.radiolitoral.com\/wp-content\/uploads\/2023\/02\/24143238\/CL-V-RadioLitoral696.png","contentUrl":"https:\/\/media.radiolitoral.com\/wp-content\/uploads\/2023\/02\/24143238\/CL-V-RadioLitoral696.png","width":696,"height":696,"caption":"Radio Litoral"},"image":{"@id":"https:\/\/radiolitoral.com\/#\/schema\/logo\/image\/"},"sameAs":["https:\/\/www.facebook.com\/Laradiolitoral\/"]},{"@type":"Person","@id":"https:\/\/radiolitoral.com\/#\/schema\/person\/f2b2343c49b5d721857cc1002bfdb151","name":"Redacci\u00f3","image":{"@type":"ImageObject","inLanguage":"ca","@id":"https:\/\/secure.gravatar.com\/avatar\/f771d896c203ad8b3382d7905cfcce5a5c9b008b84b3cd9114e9b9f4cb63f789?s=96&d=mm&r=g","url":"https:\/\/secure.gravatar.com\/avatar\/f771d896c203ad8b3382d7905cfcce5a5c9b008b84b3cd9114e9b9f4cb63f789?s=96&d=mm&r=g","contentUrl":"https:\/\/secure.gravatar.com\/avatar\/f771d896c203ad8b3382d7905cfcce5a5c9b008b84b3cd9114e9b9f4cb63f789?s=96&d=mm&r=g","caption":"Redacci\u00f3n"},"url":"https:\/\/radiolitoral.com\/ca\/author\/miriam-pagan\/"}]}},"_links":{"self":[{"href":"https:\/\/radiolitoral.com\/ca\/wp-json\/wp\/v2\/posts\/11188","targetHints":{"allow":["GET"]}}],"collection":[{"href":"https:\/\/radiolitoral.com\/ca\/wp-json\/wp\/v2\/posts"}],"about":[{"href":"https:\/\/radiolitoral.com\/ca\/wp-json\/wp\/v2\/types\/post"}],"author":[{"embeddable":true,"href":"https:\/\/radiolitoral.com\/ca\/wp-json\/wp\/v2\/users\/13"}],"replies":[{"embeddable":true,"href":"https:\/\/radiolitoral.com\/ca\/wp-json\/wp\/v2\/comments?post=11188"}],"version-history":[{"count":1,"href":"https:\/\/radiolitoral.com\/ca\/wp-json\/wp\/v2\/posts\/11188\/revisions"}],"predecessor-version":[{"id":11189,"href":"https:\/\/radiolitoral.com\/ca\/wp-json\/wp\/v2\/posts\/11188\/revisions\/11189"}],"wp:featuredmedia":[{"embeddable":true,"href":"https:\/\/radiolitoral.com\/ca\/wp-json\/wp\/v2\/media\/6258"}],"wp:attachment":[{"href":"https:\/\/radiolitoral.com\/ca\/wp-json\/wp\/v2\/media?parent=11188"}],"wp:term":[{"taxonomy":"category","embeddable":true,"href":"https:\/\/radiolitoral.com\/ca\/wp-json\/wp\/v2\/categories?post=11188"},{"taxonomy":"post_tag","embeddable":true,"href":"https:\/\/radiolitoral.com\/ca\/wp-json\/wp\/v2\/tags?post=11188"}],"curies":[{"name":"wp","href":"https:\/\/api.w.org\/{rel}","templated":true}]}}