{"id":11174,"date":"2024-09-10T09:57:08","date_gmt":"2024-09-10T07:57:08","guid":{"rendered":"https:\/\/radiolitoral.com\/?p=11174"},"modified":"2024-09-10T09:57:08","modified_gmt":"2024-09-10T07:57:08","slug":"homenatge-vicente-berenguer-teulada-moraira","status":"publish","type":"post","link":"https:\/\/radiolitoral.com\/ca\/2024\/09\/homenaje-vicente-berenguer-teulada-moraira\/","title":{"rendered":"Teulada Moraira ret homenatge a Vicente Berenguer amb un carrer al seu nom"},"content":{"rendered":"<p>El proper dijous 12 de setembre de 2024, a les 18:00 hores, se celebrar\u00e0 la<strong> inauguraci\u00f3 del carrer Vicente Berenguer a Teulada<\/strong>, substituint l&#039;antic nom del Carrer Orba en reconeixement a aquest missioner i fill predilecte de la localitat. L\u00b4acte comptar\u00e0 amb la participaci\u00f3 de les autoritats locals i ve\u00efns del municipi.<\/p>\n<p>La cerim\u00f2nia inclour\u00e0 la inauguraci\u00f3 del nou nom del carrer i la col\u00b7locaci\u00f3 d&#039;una <strong>placa commemorativa<\/strong> al Carrer Hostal n\u00fam. 12, on va n\u00e0ixer Vicent Berenguer el 5 de juliol de 1937. Aquest gest busca honorar la seva important tasca humanit\u00e0ria a Mo\u00e7ambic i la seva contribuci\u00f3 internacional a diverses iniciatives altruistes al llarg de la seva vida.<\/p>\n<p>L&#039;alcalde de Teulada Moraira, <strong>Ra\u00fal Llobell<\/strong>, ha manifestat que \u00e9s un orgull per al municipi dedicar una carrer a Vicent Berenguer, destacant l&#039;impacte de l&#039;arribada tant a la comunitat natal com a altres parts del m\u00f3n. A m\u00e9s, Llobell ha expressat el seu agra\u00efment a l&#039;Associaci\u00f3 Vicent Berenguer per la proposta que permet mantenir viva la mem\u00f2ria i els valors d&#039;aquest il\u00b7lustre ciutad\u00e0.<\/p>","protected":false},"excerpt":{"rendered":"<p>El pr\u00f2xim dijous 12 de setembre de 2024, a les 18:00 hores, se celebrar\u00e0 la inauguraci\u00f3 del Carrer Vicente Berenguer a Teulada, substituint l&#8217;antic nom del Carrer Orba en reconeixement a aquest missioner i fill predilecte de la localitat. L&#8217;acte comptar\u00e0 amb la participaci\u00f3 de les autoritats locals i ve\u00efns del municipi. La cerim\u00f2nia inclour\u00e0 [&#8230;]<\/p>\n<p><a class=\"btn btn-secondary understrap-read-more-link\" href=\"https:\/\/radiolitoral.com\/ca\/2024\/09\/homenaje-vicente-berenguer-teulada-moraira\/\">Continua llegint&#8230;<span class=\"screen-reader-text\"> from Teulada Moraira ret homenatge a Vicente Berenguer amb un carrer al seu nom<\/span><\/a><\/p>\n","protected":false},"author":11,"featured_media":11175,"comment_status":"open","ping_status":"closed","sticky":false,"template":"","format":"standard","meta":{"_acf_changed":false,"inline_featured_image":false,"footnotes":""},"categories":[46],"tags":[2155,2156,195,1557],"class_list":["post-11174","post","type-post","status-publish","format-standard","has-post-thumbnail","hentry","category-sociedad","tag-homenaje","tag-misionero","tag-teulada-moraira","tag-vicente-berenguer","cobertura-teulada-moraira"],"acf":[],"yoast_head":"<!-- This site is optimized with the Yoast SEO plugin v27.5 - https:\/\/yoast.com\/product\/yoast-seo-wordpress\/ -->\n<title>Teulada Moraira ret homenatge a Vicente Berenguer amb un carrer al seu nom | R\u00e0dio Litoral<\/title>\n<meta name=\"description\" content=\"El pr\u00f2xim dijous 12 de setembre de 2024, a les 18:00 hores, se celebrar\u00e0 la inauguraci\u00f3\" \/>\n<meta name=\"robots\" content=\"index, follow, max-snippet:-1, max-image-preview:large, max-video-preview:-1\" \/>\n<link rel=\"canonical\" href=\"https:\/\/radiolitoral.com\/ca\/2024\/09\/homenatge-vicente-berenguer-teulada-moraira\/\" \/>\n<meta property=\"og:locale\" content=\"ca_ES\" \/>\n<meta property=\"og:type\" content=\"article\" \/>\n<meta property=\"og:title\" content=\"Teulada Moraira ret homenatge a Vicente Berenguer amb un carrer al seu nom | R\u00e0dio Litoral\" \/>\n<meta property=\"og:description\" content=\"El pr\u00f2xim dijous 12 de setembre de 2024, a les 18:00 hores, se celebrar\u00e0 la inauguraci\u00f3\" \/>\n<meta property=\"og:url\" content=\"https:\/\/radiolitoral.com\/ca\/2024\/09\/homenatge-vicente-berenguer-teulada-moraira\/\" \/>\n<meta property=\"og:site_name\" content=\"R\u00e0dio Litoral\" \/>\n<meta property=\"article:publisher\" content=\"https:\/\/www.facebook.com\/Laradiolitoral\/\" \/>\n<meta property=\"article:published_time\" content=\"2024-09-10T07:57:08+00:00\" \/>\n<meta property=\"og:image\" content=\"https:\/\/media.radiolitoral.com\/wp-content\/uploads\/2024\/09\/10085634\/calleorba2024.png\" \/>\n\t<meta property=\"og:image:width\" content=\"812\" \/>\n\t<meta property=\"og:image:height\" content=\"581\" \/>\n\t<meta property=\"og:image:type\" content=\"image\/png\" \/>\n<meta name=\"author\" content=\"Redacci\u00f3n\" \/>\n<meta name=\"twitter:card\" content=\"summary_large_image\" \/>\n<meta name=\"twitter:label1\" content=\"Escrit per\" \/>\n\t<meta name=\"twitter:data1\" content=\"Redacci\u00f3n\" \/>\n\t<meta name=\"twitter:label2\" content=\"Temps estimat de lectura\" \/>\n\t<meta name=\"twitter:data2\" content=\"2 minuts\" \/>\n<script type=\"application\/ld+json\" class=\"yoast-schema-graph\">{\"@context\":\"https:\\\/\\\/schema.org\",\"@graph\":[{\"@type\":\"NewsArticle\",\"@id\":\"https:\\\/\\\/radiolitoral.com\\\/2024\\\/09\\\/homenaje-vicente-berenguer-teulada-moraira\\\/#article\",\"isPartOf\":{\"@id\":\"https:\\\/\\\/radiolitoral.com\\\/2024\\\/09\\\/homenaje-vicente-berenguer-teulada-moraira\\\/\"},\"author\":{\"name\":\"Redacci\u00f3n\",\"@id\":\"https:\\\/\\\/radiolitoral.com\\\/#\\\/schema\\\/person\\\/aaadc9e35663a92bd94a05f5816f296d\"},\"headline\":\"Teulada Moraira ret homenatge a Vicente Berenguer amb un carrer al seu nom\",\"datePublished\":\"2024-09-10T07:57:08+00:00\",\"mainEntityOfPage\":{\"@id\":\"https:\\\/\\\/radiolitoral.com\\\/2024\\\/09\\\/homenaje-vicente-berenguer-teulada-moraira\\\/\"},\"wordCount\":202,\"commentCount\":0,\"publisher\":{\"@id\":\"https:\\\/\\\/radiolitoral.com\\\/#organization\"},\"image\":{\"@id\":\"https:\\\/\\\/radiolitoral.com\\\/2024\\\/09\\\/homenaje-vicente-berenguer-teulada-moraira\\\/#primaryimage\"},\"thumbnailUrl\":\"https:\\\/\\\/media.radiolitoral.com\\\/wp-content\\\/uploads\\\/2024\\\/09\\\/10085634\\\/calleorba2024.png\",\"keywords\":[\"homenaje\",\"misionero\",\"Teulada-Moraira\",\"Vicente Berenguer\"],\"articleSection\":[\"Sociedad\"],\"inLanguage\":\"ca\",\"potentialAction\":[{\"@type\":\"CommentAction\",\"name\":\"Comment\",\"target\":[\"https:\\\/\\\/radiolitoral.com\\\/2024\\\/09\\\/homenaje-vicente-berenguer-teulada-moraira\\\/#respond\"]}]},{\"@type\":[\"WebPage\",\"ItemPage\"],\"@id\":\"https:\\\/\\\/radiolitoral.com\\\/2024\\\/09\\\/homenaje-vicente-berenguer-teulada-moraira\\\/\",\"url\":\"https:\\\/\\\/radiolitoral.com\\\/2024\\\/09\\\/homenaje-vicente-berenguer-teulada-moraira\\\/\",\"name\":\"Teulada Moraira ret homenatge a Vicente Berenguer amb un carrer al seu nom | R\u00e0dio Litoral\",\"isPartOf\":{\"@id\":\"https:\\\/\\\/radiolitoral.com\\\/#website\"},\"primaryImageOfPage\":{\"@id\":\"https:\\\/\\\/radiolitoral.com\\\/2024\\\/09\\\/homenaje-vicente-berenguer-teulada-moraira\\\/#primaryimage\"},\"image\":{\"@id\":\"https:\\\/\\\/radiolitoral.com\\\/2024\\\/09\\\/homenaje-vicente-berenguer-teulada-moraira\\\/#primaryimage\"},\"thumbnailUrl\":\"https:\\\/\\\/media.radiolitoral.com\\\/wp-content\\\/uploads\\\/2024\\\/09\\\/10085634\\\/calleorba2024.png\",\"datePublished\":\"2024-09-10T07:57:08+00:00\",\"description\":\"El pr\u00f2xim dijous 12 de setembre de 2024, a les 18:00 hores, se celebrar\u00e0 la inauguraci\u00f3\",\"breadcrumb\":{\"@id\":\"https:\\\/\\\/radiolitoral.com\\\/2024\\\/09\\\/homenaje-vicente-berenguer-teulada-moraira\\\/#breadcrumb\"},\"inLanguage\":\"ca\",\"potentialAction\":[{\"@type\":\"ReadAction\",\"target\":[\"https:\\\/\\\/radiolitoral.com\\\/2024\\\/09\\\/homenaje-vicente-berenguer-teulada-moraira\\\/\"]}]},{\"@type\":\"ImageObject\",\"inLanguage\":\"ca\",\"@id\":\"https:\\\/\\\/radiolitoral.com\\\/2024\\\/09\\\/homenaje-vicente-berenguer-teulada-moraira\\\/#primaryimage\",\"url\":\"https:\\\/\\\/media.radiolitoral.com\\\/wp-content\\\/uploads\\\/2024\\\/09\\\/10085634\\\/calleorba2024.png\",\"contentUrl\":\"https:\\\/\\\/media.radiolitoral.com\\\/wp-content\\\/uploads\\\/2024\\\/09\\\/10085634\\\/calleorba2024.png\",\"width\":812,\"height\":581},{\"@type\":\"BreadcrumbList\",\"@id\":\"https:\\\/\\\/radiolitoral.com\\\/2024\\\/09\\\/homenaje-vicente-berenguer-teulada-moraira\\\/#breadcrumb\",\"itemListElement\":[{\"@type\":\"ListItem\",\"position\":1,\"name\":\"Portada\",\"item\":\"https:\\\/\\\/radiolitoral.com\\\/\"},{\"@type\":\"ListItem\",\"position\":2,\"name\":\"Teulada Moraira ret homenatge a Vicente Berenguer amb un carrer al seu nom\"}]},{\"@type\":\"WebSite\",\"@id\":\"https:\\\/\\\/radiolitoral.com\\\/#website\",\"url\":\"https:\\\/\\\/radiolitoral.com\\\/\",\"name\":\"Radio Litoral\",\"description\":\"La radio local de la Marina Alta\",\"publisher\":{\"@id\":\"https:\\\/\\\/radiolitoral.com\\\/#organization\"},\"alternateName\":\"Litoral FM\",\"potentialAction\":[{\"@type\":\"SearchAction\",\"target\":{\"@type\":\"EntryPoint\",\"urlTemplate\":\"https:\\\/\\\/radiolitoral.com\\\/?s={search_term_string}\"},\"query-input\":{\"@type\":\"PropertyValueSpecification\",\"valueRequired\":true,\"valueName\":\"search_term_string\"}}],\"inLanguage\":\"ca\"},{\"@type\":\"Organization\",\"@id\":\"https:\\\/\\\/radiolitoral.com\\\/#organization\",\"name\":\"Radio Litoral\",\"url\":\"https:\\\/\\\/radiolitoral.com\\\/\",\"logo\":{\"@type\":\"ImageObject\",\"inLanguage\":\"ca\",\"@id\":\"https:\\\/\\\/radiolitoral.com\\\/#\\\/schema\\\/logo\\\/image\\\/\",\"url\":\"https:\\\/\\\/media.radiolitoral.com\\\/wp-content\\\/uploads\\\/2023\\\/02\\\/24143238\\\/CL-V-RadioLitoral696.png\",\"contentUrl\":\"https:\\\/\\\/media.radiolitoral.com\\\/wp-content\\\/uploads\\\/2023\\\/02\\\/24143238\\\/CL-V-RadioLitoral696.png\",\"width\":696,\"height\":696,\"caption\":\"Radio Litoral\"},\"image\":{\"@id\":\"https:\\\/\\\/radiolitoral.com\\\/#\\\/schema\\\/logo\\\/image\\\/\"},\"sameAs\":[\"https:\\\/\\\/www.facebook.com\\\/Laradiolitoral\\\/\"]},{\"@type\":\"Person\",\"@id\":\"https:\\\/\\\/radiolitoral.com\\\/#\\\/schema\\\/person\\\/aaadc9e35663a92bd94a05f5816f296d\",\"name\":\"Redacci\u00f3n\",\"image\":{\"@type\":\"ImageObject\",\"inLanguage\":\"ca\",\"@id\":\"https:\\\/\\\/secure.gravatar.com\\\/avatar\\\/e4e253cf49afb8c76a2aca487577f1ff5c098c82b3cf2b0a85f03f83dcb96c31?s=96&d=mm&r=g\",\"url\":\"https:\\\/\\\/secure.gravatar.com\\\/avatar\\\/e4e253cf49afb8c76a2aca487577f1ff5c098c82b3cf2b0a85f03f83dcb96c31?s=96&d=mm&r=g\",\"contentUrl\":\"https:\\\/\\\/secure.gravatar.com\\\/avatar\\\/e4e253cf49afb8c76a2aca487577f1ff5c098c82b3cf2b0a85f03f83dcb96c31?s=96&d=mm&r=g\",\"caption\":\"Redacci\u00f3n\"},\"url\":\"https:\\\/\\\/radiolitoral.com\\\/ca\\\/author\\\/alba-alborch\\\/\"}]}<\/script>\n<!-- \/ Yoast SEO plugin. -->","yoast_head_json":{"title":"Teulada Moraira ret homenatge a Vicent Berenguer amb un carrer al seu nom | R\u00e0dio Litoral","description":"El proper dijous 12 de setembre de 2024, a les 18:00 hores, se celebrar\u00e0 la inauguraci\u00f3","robots":{"index":"index","follow":"follow","max-snippet":"max-snippet:-1","max-image-preview":"max-image-preview:large","max-video-preview":"max-video-preview:-1"},"canonical":"https:\/\/radiolitoral.com\/ca\/2024\/09\/homenatge-vicente-berenguer-teulada-moraira\/","og_locale":"ca_ES","og_type":"article","og_title":"Teulada Moraira ret homenatge a Vicente Berenguer amb un carrer al seu nom | R\u00e0dio Litoral","og_description":"El pr\u00f2xim dijous 12 de setembre de 2024, a les 18:00 hores, se celebrar\u00e0 la inauguraci\u00f3","og_url":"https:\/\/radiolitoral.com\/ca\/2024\/09\/homenatge-vicente-berenguer-teulada-moraira\/","og_site_name":"R\u00e0dio Litoral","article_publisher":"https:\/\/www.facebook.com\/Laradiolitoral\/","article_published_time":"2024-09-10T07:57:08+00:00","og_image":[{"width":812,"height":581,"url":"https:\/\/media.radiolitoral.com\/wp-content\/uploads\/2024\/09\/10085634\/calleorba2024.png","type":"image\/png"}],"author":"Redacci\u00f3n","twitter_card":"summary_large_image","twitter_misc":{"Escrit per":"Redacci\u00f3n","Temps estimat de lectura":"2 minuts"},"schema":{"@context":"https:\/\/schema.org","@graph":[{"@type":"NewsArticle","@id":"https:\/\/radiolitoral.com\/2024\/09\/homenaje-vicente-berenguer-teulada-moraira\/#article","isPartOf":{"@id":"https:\/\/radiolitoral.com\/2024\/09\/homenaje-vicente-berenguer-teulada-moraira\/"},"author":{"name":"Redacci\u00f3n","@id":"https:\/\/radiolitoral.com\/#\/schema\/person\/aaadc9e35663a92bd94a05f5816f296d"},"headline":"Teulada Moraira ret homenatge a Vicente Berenguer amb un carrer al seu nom","datePublished":"2024-09-10T07:57:08+00:00","mainEntityOfPage":{"@id":"https:\/\/radiolitoral.com\/2024\/09\/homenaje-vicente-berenguer-teulada-moraira\/"},"wordCount":202,"commentCount":0,"publisher":{"@id":"https:\/\/radiolitoral.com\/#organization"},"image":{"@id":"https:\/\/radiolitoral.com\/2024\/09\/homenaje-vicente-berenguer-teulada-moraira\/#primaryimage"},"thumbnailUrl":"https:\/\/media.radiolitoral.com\/wp-content\/uploads\/2024\/09\/10085634\/calleorba2024.png","keywords":["homenaje","misionero","Teulada-Moraira","Vicente Berenguer"],"articleSection":["Sociedad"],"inLanguage":"ca","potentialAction":[{"@type":"CommentAction","name":"Comment","target":["https:\/\/radiolitoral.com\/2024\/09\/homenaje-vicente-berenguer-teulada-moraira\/#respond"]}]},{"@type":["WebPage","ItemPage"],"@id":"https:\/\/radiolitoral.com\/2024\/09\/homenaje-vicente-berenguer-teulada-moraira\/","url":"https:\/\/radiolitoral.com\/2024\/09\/homenaje-vicente-berenguer-teulada-moraira\/","name":"Teulada Moraira ret homenatge a Vicent Berenguer amb un carrer al seu nom | R\u00e0dio Litoral","isPartOf":{"@id":"https:\/\/radiolitoral.com\/#website"},"primaryImageOfPage":{"@id":"https:\/\/radiolitoral.com\/2024\/09\/homenaje-vicente-berenguer-teulada-moraira\/#primaryimage"},"image":{"@id":"https:\/\/radiolitoral.com\/2024\/09\/homenaje-vicente-berenguer-teulada-moraira\/#primaryimage"},"thumbnailUrl":"https:\/\/media.radiolitoral.com\/wp-content\/uploads\/2024\/09\/10085634\/calleorba2024.png","datePublished":"2024-09-10T07:57:08+00:00","description":"El proper dijous 12 de setembre de 2024, a les 18:00 hores, se celebrar\u00e0 la inauguraci\u00f3","breadcrumb":{"@id":"https:\/\/radiolitoral.com\/2024\/09\/homenaje-vicente-berenguer-teulada-moraira\/#breadcrumb"},"inLanguage":"ca","potentialAction":[{"@type":"ReadAction","target":["https:\/\/radiolitoral.com\/2024\/09\/homenaje-vicente-berenguer-teulada-moraira\/"]}]},{"@type":"ImageObject","inLanguage":"ca","@id":"https:\/\/radiolitoral.com\/2024\/09\/homenaje-vicente-berenguer-teulada-moraira\/#primaryimage","url":"https:\/\/media.radiolitoral.com\/wp-content\/uploads\/2024\/09\/10085634\/calleorba2024.png","contentUrl":"https:\/\/media.radiolitoral.com\/wp-content\/uploads\/2024\/09\/10085634\/calleorba2024.png","width":812,"height":581},{"@type":"BreadcrumbList","@id":"https:\/\/radiolitoral.com\/2024\/09\/homenaje-vicente-berenguer-teulada-moraira\/#breadcrumb","itemListElement":[{"@type":"ListItem","position":1,"name":"Portada","item":"https:\/\/radiolitoral.com\/"},{"@type":"ListItem","position":2,"name":"Teulada Moraira ret homenatge a Vicente Berenguer amb un carrer al seu nom"}]},{"@type":"WebSite","@id":"https:\/\/radiolitoral.com\/#website","url":"https:\/\/radiolitoral.com\/","name":"R\u00e0dio Litoral","description":"La r\u00e0dio local de la Marina Alta","publisher":{"@id":"https:\/\/radiolitoral.com\/#organization"},"alternateName":"Litoral FM","potentialAction":[{"@type":"SearchAction","target":{"@type":"EntryPoint","urlTemplate":"https:\/\/radiolitoral.com\/?s={search_term_string}"},"query-input":{"@type":"PropertyValueSpecification","valueRequired":true,"valueName":"search_term_string"}}],"inLanguage":"ca"},{"@type":"Organization","@id":"https:\/\/radiolitoral.com\/#organization","name":"R\u00e0dio Litoral","url":"https:\/\/radiolitoral.com\/","logo":{"@type":"ImageObject","inLanguage":"ca","@id":"https:\/\/radiolitoral.com\/#\/schema\/logo\/image\/","url":"https:\/\/media.radiolitoral.com\/wp-content\/uploads\/2023\/02\/24143238\/CL-V-RadioLitoral696.png","contentUrl":"https:\/\/media.radiolitoral.com\/wp-content\/uploads\/2023\/02\/24143238\/CL-V-RadioLitoral696.png","width":696,"height":696,"caption":"Radio Litoral"},"image":{"@id":"https:\/\/radiolitoral.com\/#\/schema\/logo\/image\/"},"sameAs":["https:\/\/www.facebook.com\/Laradiolitoral\/"]},{"@type":"Person","@id":"https:\/\/radiolitoral.com\/#\/schema\/person\/aaadc9e35663a92bd94a05f5816f296d","name":"Redacci\u00f3","image":{"@type":"ImageObject","inLanguage":"ca","@id":"https:\/\/secure.gravatar.com\/avatar\/e4e253cf49afb8c76a2aca487577f1ff5c098c82b3cf2b0a85f03f83dcb96c31?s=96&d=mm&r=g","url":"https:\/\/secure.gravatar.com\/avatar\/e4e253cf49afb8c76a2aca487577f1ff5c098c82b3cf2b0a85f03f83dcb96c31?s=96&d=mm&r=g","contentUrl":"https:\/\/secure.gravatar.com\/avatar\/e4e253cf49afb8c76a2aca487577f1ff5c098c82b3cf2b0a85f03f83dcb96c31?s=96&d=mm&r=g","caption":"Redacci\u00f3n"},"url":"https:\/\/radiolitoral.com\/ca\/author\/alba-alborch\/"}]}},"_links":{"self":[{"href":"https:\/\/radiolitoral.com\/ca\/wp-json\/wp\/v2\/posts\/11174","targetHints":{"allow":["GET"]}}],"collection":[{"href":"https:\/\/radiolitoral.com\/ca\/wp-json\/wp\/v2\/posts"}],"about":[{"href":"https:\/\/radiolitoral.com\/ca\/wp-json\/wp\/v2\/types\/post"}],"author":[{"embeddable":true,"href":"https:\/\/radiolitoral.com\/ca\/wp-json\/wp\/v2\/users\/11"}],"replies":[{"embeddable":true,"href":"https:\/\/radiolitoral.com\/ca\/wp-json\/wp\/v2\/comments?post=11174"}],"version-history":[{"count":1,"href":"https:\/\/radiolitoral.com\/ca\/wp-json\/wp\/v2\/posts\/11174\/revisions"}],"predecessor-version":[{"id":11176,"href":"https:\/\/radiolitoral.com\/ca\/wp-json\/wp\/v2\/posts\/11174\/revisions\/11176"}],"wp:featuredmedia":[{"embeddable":true,"href":"https:\/\/radiolitoral.com\/ca\/wp-json\/wp\/v2\/media\/11175"}],"wp:attachment":[{"href":"https:\/\/radiolitoral.com\/ca\/wp-json\/wp\/v2\/media?parent=11174"}],"wp:term":[{"taxonomy":"category","embeddable":true,"href":"https:\/\/radiolitoral.com\/ca\/wp-json\/wp\/v2\/categories?post=11174"},{"taxonomy":"post_tag","embeddable":true,"href":"https:\/\/radiolitoral.com\/ca\/wp-json\/wp\/v2\/tags?post=11174"}],"curies":[{"name":"wp","href":"https:\/\/api.w.org\/{rel}","templated":true}]}}