{"id":11162,"date":"2024-09-09T13:28:35","date_gmt":"2024-09-09T11:28:35","guid":{"rendered":"https:\/\/radiolitoral.com\/?p=11162"},"modified":"2024-09-09T13:28:35","modified_gmt":"2024-09-09T11:28:35","slug":"tellada-tornada-a-lescola","status":"publish","type":"post","link":"https:\/\/radiolitoral.com\/ca\/2024\/09\/teulada-vuelta-al-cole\/","title":{"rendered":"Teulada Moraira inicia el curs escolar 2024\/2025 amb m\u00e9s de 1.400 alumnes i noves infraestructures"},"content":{"rendered":"<p>Aquest dilluns, 9 de setembre, <strong>ha comen\u00e7at el curs escolar 2024\/2025<\/strong> per a 1.416 alumnes de Teulada Moraira, distribu\u00efts entre el CEIP Sant Vicent Ferrer de Teulada, el CEIP Cap d&#039;Or de Moraira i l&#039;IES Teulada. Les xifres d&#039;aquest curs inclouen 213 alumnes d&#039;Infantil, 562 de Prim\u00e0ria, 8 a l&#039;Aula UECO i 633 a Secund\u00e0ria, Batxillerat i FP.<\/p>\n<p>La regidora d&#039;Educaci\u00f3,<strong> Rosana Caselles<\/strong>, ha donat la benvinguda a l&#039;alumnat, subratllant que \u201cels centres educatius de Teulada Moraira estan totalment preparats per oferir una educaci\u00f3 de qualitat en aquest nou curs\u201d. Caselles ha informat que s&#039;ha adaptat una aula al CEIP de Cap d&#039;Or de Moraira durant l&#039;estiu per augmentar la capacitat de matr\u00edcula i desdoblar classes. A m\u00e9s, ha destacat les obres de millora i ampliaci\u00f3 a l&#039;IES Teulada, treballant per minimitzar qualsevol possible mol\u00e8stia per als alumnes.<\/p>\n<p>Un altre aspecte rellevant d&#039;aquest curs \u00e9s la posada en marxa d&#039;una aula UECO (Unitat Espec\u00edfica a Centre Ordinari) al CEIP Sant Vicent Ferrer de Teulada, especialment per a alumnes amb Trastorn de l&#039;Espectre Autista (TEA), amb l &#039;objectiu de proporcionar un entorn adaptat que afavorisca el seu desenvolupament personal i acad\u00e8mic.<\/p>\n<p>El curs acad\u00e8mic es desenvolupar\u00e0 a les seg\u00fcents dates: Infantil i Prim\u00e0ria del 9 de setembre de 2024 al 18 de juny de 2025, Secund\u00e0ria, Batxillerat i FP tamb\u00e9 del 9 de setembre al 18 de juny, amb excepci\u00f3 de certs programes que comen\u00e7aran l&#039; 11 de setembre. La Formaci\u00f3 de Persones Adults comen\u00e7ar\u00e0 el 16 de setembre, mentre que els Ensenyaments Art\u00edstics i d&#039;Idiomes s&#039;iniciaran a partir del 16 i 24 de setembre respectivament.<\/p>\n<p>Els <strong>vacances<\/strong> de Nadal seran del 23 de desembre de 2024 al 6 de gener de 2025, i les de Pasqua del 17 al 28 d&#039;abril de 2025. Els dies festius inclouen el 9 d&#039;octubre, 1 de novembre, 6 de desembre, 19 de mar\u00e7 i 1 de maig, a m\u00e9s de les festes locals els dies 29 i 30 dabril, 2 de maig i 16 de juny de 2025.<\/p>","protected":false},"excerpt":{"rendered":"<p>Aquest dilluns, 9 de setembre, ha comen\u00e7at el curs escolar 2024\/2025 per a 1.416 alumnes de Teulada Moraira, distribu\u00efts entre el CEIP San Vicent Ferrer de Teulada, el CEIP Cap d\u2019Or de Moraira i l&#8217;IES Teulada. Les xifres d\u2019aquest curs inclouen 213 alumnes d&#8217;Infantil, 562 de Prim\u00e0ria, 8 en l&#8217;Aula UECO i 633 en Secund\u00e0ria, [&#8230;]<\/p>\n<p><a class=\"btn btn-secondary understrap-read-more-link\" href=\"https:\/\/radiolitoral.com\/ca\/2024\/09\/teulada-vuelta-al-cole\/\">Continua llegint&#8230;<span class=\"screen-reader-text\"> from Teulada Moraira inicia el curs escolar 2024\/2025 amb m\u00e9s de 1.400 alumnes i noves infraestructures<\/span><\/a><\/p>\n","protected":false},"author":11,"featured_media":6435,"comment_status":"open","ping_status":"closed","sticky":false,"template":"","format":"standard","meta":{"_acf_changed":false,"inline_featured_image":false,"footnotes":""},"categories":[130],"tags":[134,195],"class_list":["post-11162","post","type-post","status-publish","format-standard","has-post-thumbnail","hentry","category-educacion","tag-educacion","tag-teulada-moraira","cobertura-teulada-moraira"],"acf":[],"yoast_head":"<!-- This site is optimized with the Yoast SEO plugin v27.5 - https:\/\/yoast.com\/product\/yoast-seo-wordpress\/ -->\n<title>Teulada Moraira inicia el curs escolar 2024\/2025 amb m\u00e9s de 1.400 alumnes i noves infraestructures | R\u00e0dio Litoral<\/title>\n<meta name=\"description\" content=\"Els centres educatius ja estan preparats per al nou curs i introdueixen millores en capacitat i serveis\" \/>\n<meta name=\"robots\" content=\"index, follow, max-snippet:-1, max-image-preview:large, max-video-preview:-1\" \/>\n<link rel=\"canonical\" href=\"https:\/\/radiolitoral.com\/ca\/2024\/09\/tellada-tornada-a-lescola\/\" \/>\n<meta property=\"og:locale\" content=\"ca_ES\" \/>\n<meta property=\"og:type\" content=\"article\" \/>\n<meta property=\"og:title\" content=\"Teulada Moraira inicia el curs escolar 2024\/2025 amb m\u00e9s de 1.400 alumnes i noves infraestructures | R\u00e0dio Litoral\" \/>\n<meta property=\"og:description\" content=\"Els centres educatius ja estan preparats per al nou curs i introdueixen millores en capacitat i serveis\" \/>\n<meta property=\"og:url\" content=\"https:\/\/radiolitoral.com\/ca\/2024\/09\/tellada-tornada-a-lescola\/\" \/>\n<meta property=\"og:site_name\" content=\"R\u00e0dio Litoral\" \/>\n<meta property=\"article:publisher\" content=\"https:\/\/www.facebook.com\/Laradiolitoral\/\" \/>\n<meta property=\"article:published_time\" content=\"2024-09-09T11:28:35+00:00\" \/>\n<meta property=\"og:image\" content=\"https:\/\/media.radiolitoral.com\/wp-content\/uploads\/2024\/01\/18150045\/Teulada.-ayto-puerta-ppal.jpg\" \/>\n\t<meta property=\"og:image:width\" content=\"1700\" \/>\n\t<meta property=\"og:image:height\" content=\"956\" \/>\n\t<meta property=\"og:image:type\" content=\"image\/jpeg\" \/>\n<meta name=\"author\" content=\"Redacci\u00f3n\" \/>\n<meta name=\"twitter:card\" content=\"summary_large_image\" \/>\n<meta name=\"twitter:label1\" content=\"Escrit per\" \/>\n\t<meta name=\"twitter:data1\" content=\"Redacci\u00f3n\" \/>\n\t<meta name=\"twitter:label2\" content=\"Temps estimat de lectura\" \/>\n\t<meta name=\"twitter:data2\" content=\"2 minuts\" \/>\n<script type=\"application\/ld+json\" class=\"yoast-schema-graph\">{\"@context\":\"https:\\\/\\\/schema.org\",\"@graph\":[{\"@type\":\"NewsArticle\",\"@id\":\"https:\\\/\\\/radiolitoral.com\\\/2024\\\/09\\\/teulada-vuelta-al-cole\\\/#article\",\"isPartOf\":{\"@id\":\"https:\\\/\\\/radiolitoral.com\\\/2024\\\/09\\\/teulada-vuelta-al-cole\\\/\"},\"author\":{\"name\":\"Redacci\u00f3n\",\"@id\":\"https:\\\/\\\/radiolitoral.com\\\/#\\\/schema\\\/person\\\/aaadc9e35663a92bd94a05f5816f296d\"},\"headline\":\"Teulada Moraira inicia el curs escolar 2024\\\/2025 amb m\u00e9s de 1.400 alumnes i noves infraestructures\",\"datePublished\":\"2024-09-09T11:28:35+00:00\",\"mainEntityOfPage\":{\"@id\":\"https:\\\/\\\/radiolitoral.com\\\/2024\\\/09\\\/teulada-vuelta-al-cole\\\/\"},\"wordCount\":352,\"commentCount\":0,\"publisher\":{\"@id\":\"https:\\\/\\\/radiolitoral.com\\\/#organization\"},\"image\":{\"@id\":\"https:\\\/\\\/radiolitoral.com\\\/2024\\\/09\\\/teulada-vuelta-al-cole\\\/#primaryimage\"},\"thumbnailUrl\":\"https:\\\/\\\/media.radiolitoral.com\\\/wp-content\\\/uploads\\\/2024\\\/01\\\/18150045\\\/Teulada.-ayto-puerta-ppal.jpg\",\"keywords\":[\"educaci\u00f3n\",\"Teulada-Moraira\"],\"articleSection\":[\"Educaci\u00f3n\"],\"inLanguage\":\"ca\",\"potentialAction\":[{\"@type\":\"CommentAction\",\"name\":\"Comment\",\"target\":[\"https:\\\/\\\/radiolitoral.com\\\/2024\\\/09\\\/teulada-vuelta-al-cole\\\/#respond\"]}]},{\"@type\":[\"WebPage\",\"ItemPage\"],\"@id\":\"https:\\\/\\\/radiolitoral.com\\\/2024\\\/09\\\/teulada-vuelta-al-cole\\\/\",\"url\":\"https:\\\/\\\/radiolitoral.com\\\/2024\\\/09\\\/teulada-vuelta-al-cole\\\/\",\"name\":\"Teulada Moraira inicia el curs escolar 2024\\\/2025 amb m\u00e9s de 1.400 alumnes i noves infraestructures | R\u00e0dio Litoral\",\"isPartOf\":{\"@id\":\"https:\\\/\\\/radiolitoral.com\\\/#website\"},\"primaryImageOfPage\":{\"@id\":\"https:\\\/\\\/radiolitoral.com\\\/2024\\\/09\\\/teulada-vuelta-al-cole\\\/#primaryimage\"},\"image\":{\"@id\":\"https:\\\/\\\/radiolitoral.com\\\/2024\\\/09\\\/teulada-vuelta-al-cole\\\/#primaryimage\"},\"thumbnailUrl\":\"https:\\\/\\\/media.radiolitoral.com\\\/wp-content\\\/uploads\\\/2024\\\/01\\\/18150045\\\/Teulada.-ayto-puerta-ppal.jpg\",\"datePublished\":\"2024-09-09T11:28:35+00:00\",\"description\":\"Els centres educatius ja estan preparats per al nou curs i introdueixen millores en capacitat i serveis\",\"breadcrumb\":{\"@id\":\"https:\\\/\\\/radiolitoral.com\\\/2024\\\/09\\\/teulada-vuelta-al-cole\\\/#breadcrumb\"},\"inLanguage\":\"ca\",\"potentialAction\":[{\"@type\":\"ReadAction\",\"target\":[\"https:\\\/\\\/radiolitoral.com\\\/2024\\\/09\\\/teulada-vuelta-al-cole\\\/\"]}]},{\"@type\":\"ImageObject\",\"inLanguage\":\"ca\",\"@id\":\"https:\\\/\\\/radiolitoral.com\\\/2024\\\/09\\\/teulada-vuelta-al-cole\\\/#primaryimage\",\"url\":\"https:\\\/\\\/media.radiolitoral.com\\\/wp-content\\\/uploads\\\/2024\\\/01\\\/18150045\\\/Teulada.-ayto-puerta-ppal.jpg\",\"contentUrl\":\"https:\\\/\\\/media.radiolitoral.com\\\/wp-content\\\/uploads\\\/2024\\\/01\\\/18150045\\\/Teulada.-ayto-puerta-ppal.jpg\",\"width\":1700,\"height\":956,\"caption\":\"Ay. Teulada | Redacci\u00f3\"},{\"@type\":\"BreadcrumbList\",\"@id\":\"https:\\\/\\\/radiolitoral.com\\\/2024\\\/09\\\/teulada-vuelta-al-cole\\\/#breadcrumb\",\"itemListElement\":[{\"@type\":\"ListItem\",\"position\":1,\"name\":\"Portada\",\"item\":\"https:\\\/\\\/radiolitoral.com\\\/\"},{\"@type\":\"ListItem\",\"position\":2,\"name\":\"Teulada Moraira inicia el curs escolar 2024\\\/2025 amb m\u00e9s de 1.400 alumnes i noves infraestructures\"}]},{\"@type\":\"WebSite\",\"@id\":\"https:\\\/\\\/radiolitoral.com\\\/#website\",\"url\":\"https:\\\/\\\/radiolitoral.com\\\/\",\"name\":\"Radio Litoral\",\"description\":\"La radio local de la Marina Alta\",\"publisher\":{\"@id\":\"https:\\\/\\\/radiolitoral.com\\\/#organization\"},\"alternateName\":\"Litoral FM\",\"potentialAction\":[{\"@type\":\"SearchAction\",\"target\":{\"@type\":\"EntryPoint\",\"urlTemplate\":\"https:\\\/\\\/radiolitoral.com\\\/?s={search_term_string}\"},\"query-input\":{\"@type\":\"PropertyValueSpecification\",\"valueRequired\":true,\"valueName\":\"search_term_string\"}}],\"inLanguage\":\"ca\"},{\"@type\":\"Organization\",\"@id\":\"https:\\\/\\\/radiolitoral.com\\\/#organization\",\"name\":\"Radio Litoral\",\"url\":\"https:\\\/\\\/radiolitoral.com\\\/\",\"logo\":{\"@type\":\"ImageObject\",\"inLanguage\":\"ca\",\"@id\":\"https:\\\/\\\/radiolitoral.com\\\/#\\\/schema\\\/logo\\\/image\\\/\",\"url\":\"https:\\\/\\\/media.radiolitoral.com\\\/wp-content\\\/uploads\\\/2023\\\/02\\\/24143238\\\/CL-V-RadioLitoral696.png\",\"contentUrl\":\"https:\\\/\\\/media.radiolitoral.com\\\/wp-content\\\/uploads\\\/2023\\\/02\\\/24143238\\\/CL-V-RadioLitoral696.png\",\"width\":696,\"height\":696,\"caption\":\"Radio Litoral\"},\"image\":{\"@id\":\"https:\\\/\\\/radiolitoral.com\\\/#\\\/schema\\\/logo\\\/image\\\/\"},\"sameAs\":[\"https:\\\/\\\/www.facebook.com\\\/Laradiolitoral\\\/\"]},{\"@type\":\"Person\",\"@id\":\"https:\\\/\\\/radiolitoral.com\\\/#\\\/schema\\\/person\\\/aaadc9e35663a92bd94a05f5816f296d\",\"name\":\"Redacci\u00f3n\",\"image\":{\"@type\":\"ImageObject\",\"inLanguage\":\"ca\",\"@id\":\"https:\\\/\\\/secure.gravatar.com\\\/avatar\\\/e4e253cf49afb8c76a2aca487577f1ff5c098c82b3cf2b0a85f03f83dcb96c31?s=96&d=mm&r=g\",\"url\":\"https:\\\/\\\/secure.gravatar.com\\\/avatar\\\/e4e253cf49afb8c76a2aca487577f1ff5c098c82b3cf2b0a85f03f83dcb96c31?s=96&d=mm&r=g\",\"contentUrl\":\"https:\\\/\\\/secure.gravatar.com\\\/avatar\\\/e4e253cf49afb8c76a2aca487577f1ff5c098c82b3cf2b0a85f03f83dcb96c31?s=96&d=mm&r=g\",\"caption\":\"Redacci\u00f3n\"},\"url\":\"https:\\\/\\\/radiolitoral.com\\\/ca\\\/author\\\/alba-alborch\\\/\"}]}<\/script>\n<!-- \/ Yoast SEO plugin. -->","yoast_head_json":{"title":"Teulada Moraira inicia el curs escolar 2024\/2025 amb m\u00e9s de 1.400 alumnes i noves infraestructures | R\u00e0dio Litoral","description":"Els centres educatius ja estan preparats per al nou curs i introdueixen millores en capacitat i serveis","robots":{"index":"index","follow":"follow","max-snippet":"max-snippet:-1","max-image-preview":"max-image-preview:large","max-video-preview":"max-video-preview:-1"},"canonical":"https:\/\/radiolitoral.com\/ca\/2024\/09\/tellada-tornada-a-lescola\/","og_locale":"ca_ES","og_type":"article","og_title":"Teulada Moraira inicia el curs escolar 2024\/2025 amb m\u00e9s de 1.400 alumnes i noves infraestructures | R\u00e0dio Litoral","og_description":"Els centres educatius ja estan preparats per al nou curs i introdueixen millores en capacitat i serveis","og_url":"https:\/\/radiolitoral.com\/ca\/2024\/09\/tellada-tornada-a-lescola\/","og_site_name":"R\u00e0dio Litoral","article_publisher":"https:\/\/www.facebook.com\/Laradiolitoral\/","article_published_time":"2024-09-09T11:28:35+00:00","og_image":[{"width":1700,"height":956,"url":"https:\/\/media.radiolitoral.com\/wp-content\/uploads\/2024\/01\/18150045\/Teulada.-ayto-puerta-ppal.jpg","type":"image\/jpeg"}],"author":"Redacci\u00f3n","twitter_card":"summary_large_image","twitter_misc":{"Escrit per":"Redacci\u00f3n","Temps estimat de lectura":"2 minuts"},"schema":{"@context":"https:\/\/schema.org","@graph":[{"@type":"NewsArticle","@id":"https:\/\/radiolitoral.com\/2024\/09\/teulada-vuelta-al-cole\/#article","isPartOf":{"@id":"https:\/\/radiolitoral.com\/2024\/09\/teulada-vuelta-al-cole\/"},"author":{"name":"Redacci\u00f3n","@id":"https:\/\/radiolitoral.com\/#\/schema\/person\/aaadc9e35663a92bd94a05f5816f296d"},"headline":"Teulada Moraira inicia el curs escolar 2024\/2025 amb m\u00e9s de 1.400 alumnes i noves infraestructures","datePublished":"2024-09-09T11:28:35+00:00","mainEntityOfPage":{"@id":"https:\/\/radiolitoral.com\/2024\/09\/teulada-vuelta-al-cole\/"},"wordCount":352,"commentCount":0,"publisher":{"@id":"https:\/\/radiolitoral.com\/#organization"},"image":{"@id":"https:\/\/radiolitoral.com\/2024\/09\/teulada-vuelta-al-cole\/#primaryimage"},"thumbnailUrl":"https:\/\/media.radiolitoral.com\/wp-content\/uploads\/2024\/01\/18150045\/Teulada.-ayto-puerta-ppal.jpg","keywords":["educaci\u00f3n","Teulada-Moraira"],"articleSection":["Educaci\u00f3n"],"inLanguage":"ca","potentialAction":[{"@type":"CommentAction","name":"Comment","target":["https:\/\/radiolitoral.com\/2024\/09\/teulada-vuelta-al-cole\/#respond"]}]},{"@type":["WebPage","ItemPage"],"@id":"https:\/\/radiolitoral.com\/2024\/09\/teulada-vuelta-al-cole\/","url":"https:\/\/radiolitoral.com\/2024\/09\/teulada-vuelta-al-cole\/","name":"Teulada Moraira inicia el curs escolar 2024\/2025 amb m\u00e9s de 1.400 alumnes i noves infraestructures | R\u00e0dio Litoral","isPartOf":{"@id":"https:\/\/radiolitoral.com\/#website"},"primaryImageOfPage":{"@id":"https:\/\/radiolitoral.com\/2024\/09\/teulada-vuelta-al-cole\/#primaryimage"},"image":{"@id":"https:\/\/radiolitoral.com\/2024\/09\/teulada-vuelta-al-cole\/#primaryimage"},"thumbnailUrl":"https:\/\/media.radiolitoral.com\/wp-content\/uploads\/2024\/01\/18150045\/Teulada.-ayto-puerta-ppal.jpg","datePublished":"2024-09-09T11:28:35+00:00","description":"Els centres educatius ja estan preparats per al nou curs i introdueixen millores en capacitat i serveis","breadcrumb":{"@id":"https:\/\/radiolitoral.com\/2024\/09\/teulada-vuelta-al-cole\/#breadcrumb"},"inLanguage":"ca","potentialAction":[{"@type":"ReadAction","target":["https:\/\/radiolitoral.com\/2024\/09\/teulada-vuelta-al-cole\/"]}]},{"@type":"ImageObject","inLanguage":"ca","@id":"https:\/\/radiolitoral.com\/2024\/09\/teulada-vuelta-al-cole\/#primaryimage","url":"https:\/\/media.radiolitoral.com\/wp-content\/uploads\/2024\/01\/18150045\/Teulada.-ayto-puerta-ppal.jpg","contentUrl":"https:\/\/media.radiolitoral.com\/wp-content\/uploads\/2024\/01\/18150045\/Teulada.-ayto-puerta-ppal.jpg","width":1700,"height":956,"caption":"Ay. Teulada | Redacci\u00f3"},{"@type":"BreadcrumbList","@id":"https:\/\/radiolitoral.com\/2024\/09\/teulada-vuelta-al-cole\/#breadcrumb","itemListElement":[{"@type":"ListItem","position":1,"name":"Portada","item":"https:\/\/radiolitoral.com\/"},{"@type":"ListItem","position":2,"name":"Teulada Moraira inicia el curs escolar 2024\/2025 amb m\u00e9s de 1.400 alumnes i noves infraestructures"}]},{"@type":"WebSite","@id":"https:\/\/radiolitoral.com\/#website","url":"https:\/\/radiolitoral.com\/","name":"R\u00e0dio Litoral","description":"La r\u00e0dio local de la Marina Alta","publisher":{"@id":"https:\/\/radiolitoral.com\/#organization"},"alternateName":"Litoral FM","potentialAction":[{"@type":"SearchAction","target":{"@type":"EntryPoint","urlTemplate":"https:\/\/radiolitoral.com\/?s={search_term_string}"},"query-input":{"@type":"PropertyValueSpecification","valueRequired":true,"valueName":"search_term_string"}}],"inLanguage":"ca"},{"@type":"Organization","@id":"https:\/\/radiolitoral.com\/#organization","name":"R\u00e0dio Litoral","url":"https:\/\/radiolitoral.com\/","logo":{"@type":"ImageObject","inLanguage":"ca","@id":"https:\/\/radiolitoral.com\/#\/schema\/logo\/image\/","url":"https:\/\/media.radiolitoral.com\/wp-content\/uploads\/2023\/02\/24143238\/CL-V-RadioLitoral696.png","contentUrl":"https:\/\/media.radiolitoral.com\/wp-content\/uploads\/2023\/02\/24143238\/CL-V-RadioLitoral696.png","width":696,"height":696,"caption":"Radio Litoral"},"image":{"@id":"https:\/\/radiolitoral.com\/#\/schema\/logo\/image\/"},"sameAs":["https:\/\/www.facebook.com\/Laradiolitoral\/"]},{"@type":"Person","@id":"https:\/\/radiolitoral.com\/#\/schema\/person\/aaadc9e35663a92bd94a05f5816f296d","name":"Redacci\u00f3","image":{"@type":"ImageObject","inLanguage":"ca","@id":"https:\/\/secure.gravatar.com\/avatar\/e4e253cf49afb8c76a2aca487577f1ff5c098c82b3cf2b0a85f03f83dcb96c31?s=96&d=mm&r=g","url":"https:\/\/secure.gravatar.com\/avatar\/e4e253cf49afb8c76a2aca487577f1ff5c098c82b3cf2b0a85f03f83dcb96c31?s=96&d=mm&r=g","contentUrl":"https:\/\/secure.gravatar.com\/avatar\/e4e253cf49afb8c76a2aca487577f1ff5c098c82b3cf2b0a85f03f83dcb96c31?s=96&d=mm&r=g","caption":"Redacci\u00f3n"},"url":"https:\/\/radiolitoral.com\/ca\/author\/alba-alborch\/"}]}},"_links":{"self":[{"href":"https:\/\/radiolitoral.com\/ca\/wp-json\/wp\/v2\/posts\/11162","targetHints":{"allow":["GET"]}}],"collection":[{"href":"https:\/\/radiolitoral.com\/ca\/wp-json\/wp\/v2\/posts"}],"about":[{"href":"https:\/\/radiolitoral.com\/ca\/wp-json\/wp\/v2\/types\/post"}],"author":[{"embeddable":true,"href":"https:\/\/radiolitoral.com\/ca\/wp-json\/wp\/v2\/users\/11"}],"replies":[{"embeddable":true,"href":"https:\/\/radiolitoral.com\/ca\/wp-json\/wp\/v2\/comments?post=11162"}],"version-history":[{"count":1,"href":"https:\/\/radiolitoral.com\/ca\/wp-json\/wp\/v2\/posts\/11162\/revisions"}],"predecessor-version":[{"id":11163,"href":"https:\/\/radiolitoral.com\/ca\/wp-json\/wp\/v2\/posts\/11162\/revisions\/11163"}],"wp:featuredmedia":[{"embeddable":true,"href":"https:\/\/radiolitoral.com\/ca\/wp-json\/wp\/v2\/media\/6435"}],"wp:attachment":[{"href":"https:\/\/radiolitoral.com\/ca\/wp-json\/wp\/v2\/media?parent=11162"}],"wp:term":[{"taxonomy":"category","embeddable":true,"href":"https:\/\/radiolitoral.com\/ca\/wp-json\/wp\/v2\/categories?post=11162"},{"taxonomy":"post_tag","embeddable":true,"href":"https:\/\/radiolitoral.com\/ca\/wp-json\/wp\/v2\/tags?post=11162"}],"curies":[{"name":"wp","href":"https:\/\/api.w.org\/{rel}","templated":true}]}}