{"id":11153,"date":"2024-09-09T11:43:14","date_gmt":"2024-09-09T09:43:14","guid":{"rendered":"https:\/\/radiolitoral.com\/?p=11153"},"modified":"2024-09-09T11:43:14","modified_gmt":"2024-09-09T09:43:14","slug":"victoria-del-cd-javea-i-derrota-per-al-pego-cf-a-primera-ffcv","status":"publish","type":"post","link":"https:\/\/radiolitoral.com\/ca\/2024\/09\/victoria-del-cd-javea-i-derrota-per-al-pego-cf-en-primera-ffcv\/","title":{"rendered":"Vict\u00f2ria del CD X\u00e0bia i derrota per al Pego CF a Primera FFCV"},"content":{"rendered":"<p>El <strong>CD\u00a0<span class=\"hiddenSpellError\">X\u00e0bia<\/span><\/strong>\u00a0va comen\u00e7ar amb bon peu el seu cam\u00ed a la <strong>Segona\u00a0<span class=\"hiddenSpellError\">FFCV<\/span><\/strong>\u00a0a guanyar Mutxamel <strong>(0-1)<\/strong>. No pot dir el mateix el <strong>Pego CF<\/strong> que perdr\u00e0 a <strong>Alberic<\/strong> per <strong>1 a 0<\/strong>.<\/p>\n<p>Sota la direcci\u00f3 de\u00a0<strong><span class=\"hiddenSpellError\">Juliol<\/span>\u00a0Ivorra<\/strong>, els\u00a0<span class=\"hiddenSpellError\">xabieros<\/span>\u00a0van sortir al camp amb determinaci\u00f3, dominant un rival que no va poder amagar els nervis de la seva estrena davant la seva afici\u00f3.<\/p>\n<p>El gol de la vict\u00f2ria va arribar d&#039;hora, al minut 10, quan\u00a0<strong><span class=\"hiddenSpellError\">Ofi<\/span><\/strong>\u00a0va aconseguir batre el porter local, Samuel, amb un tret prec\u00eds. Aquest punt va proporcionar una dosi de tranquil\u00b7litat als visitants, que van saber mantenir l&#039;avantatge durant la resta de la trobada. Tot i els intents del Mutxamel per igualar el marcador amb un joc directe, l&#039;equip de la Marina Alta es va mostrar s\u00f2lid en defensa.<\/p>\n<p>A la segona meitat,\u00a0<span class=\"hiddenSpellError\">Juliol<\/span>\u00a0Ivorra va refor\u00e7ar la l\u00ednia medul\u00b7lar amb canvis estrat\u00e8gics que van donar aire als seus jugadors, permetent-los resistir els embats del rival. Al final, el CD X\u00e0bia es va portar una merescuda i treballada vict\u00f2ria, sumant tres punts importants a l&#039;inici de la campanya.<\/p>\n<p><strong>Derrota per al Pego CF<\/strong><\/p>\n<p>El gol matiner de <span class=\"hiddenSpellError\">Nacher<\/span>, al minut 8, va condicionar el desenrotllament del partit, deixant als\u00a0<span class=\"hiddenSpellError\">pegolins<\/span>\u00a0en una posici\u00f3 desfavorable des del principi.<\/p>\n<p>Tot i els esfuerzos del Pego CF per revertir la situaci\u00f3, la manca de precisi\u00f3 a l&#039;atac els va impedir trobar el cam\u00ed al gol. L&#039;Alberic, per part seva, va saber defensar amb ordre l&#039;avantatge obtingut, frustrant qualsevol intent dels visitants per igualar el marcador.<\/p>\n<p>El resultat va deixar el Pego CF amb una sensaci\u00f3 de tristor, per\u00f2 amb la determinaci\u00f3 de millorar en les properes jornades per revertir aquest inici advers a la temporada.<\/p>","protected":false},"excerpt":{"rendered":"<p>El CD\u00a0Javea\u00a0va comen\u00e7ar amb bon peu el seu cam\u00ed en la Segona\u00a0FFCV\u00a0en guanyar a Mutxamel (0-1). No pot dir el mateix el Pego CF que va perdre a Alberic per 1 a 0. Sota la direcci\u00f3 de\u00a0Julio\u00a0Ivorra, els\u00a0xabieros\u00a0van eixir al camp amb determinaci\u00f3, dominant a un rival que no va poder ocultar els nervis de [&#8230;]<\/p>\n<p><a class=\"btn btn-secondary understrap-read-more-link\" href=\"https:\/\/radiolitoral.com\/ca\/2024\/09\/victoria-del-cd-javea-i-derrota-per-al-pego-cf-en-primera-ffcv\/\">Continua llegint&#8230;<span class=\"screen-reader-text\"> from Victoria del CD J\u00e1vea i derrota per al Pego CF en Primera FFCV<\/span><\/a><\/p>\n","protected":false},"author":12,"featured_media":11154,"comment_status":"open","ping_status":"closed","sticky":false,"template":"","format":"standard","meta":{"_acf_changed":false,"inline_featured_image":false,"footnotes":""},"categories":[5],"tags":[1332,6,1503,1984],"class_list":["post-11153","post","type-post","status-publish","format-standard","has-post-thumbnail","hentry","category-deportes","tag-cd-javea","tag-deportes","tag-julio-ivorra","tag-pego-cf","cobertura-marina-alta"],"acf":[],"yoast_head":"<!-- This site is optimized with the Yoast SEO plugin v27.5 - https:\/\/yoast.com\/product\/yoast-seo-wordpress\/ -->\n<title>Victoria del CD J\u00e1vea i derrota per al Pego CF en Primera FFCV | R\u00e0dio Litoral<\/title>\n<meta name=\"description\" content=\"Un gol d&#039;Ofi i la bona faena defensiva va permetre a l&#039;equip d&#039;Ivorra comen\u00e7ar b\u00e9 la temporadaUn gol d&#039;Ofi i la bona faena defensiva va permetre a l&#039;equip d&#039;Ivorra comen\u00e7ar b\u00e9 la temporada\" \/>\n<meta name=\"robots\" content=\"index, follow, max-snippet:-1, max-image-preview:large, max-video-preview:-1\" \/>\n<link rel=\"canonical\" href=\"https:\/\/radiolitoral.com\/ca\/2024\/09\/victoria-del-cd-javea-i-derrota-per-al-pego-cf-a-primera-ffcv\/\" \/>\n<meta property=\"og:locale\" content=\"ca_ES\" \/>\n<meta property=\"og:type\" content=\"article\" \/>\n<meta property=\"og:title\" content=\"Victoria del CD J\u00e1vea i derrota per al Pego CF en Primera FFCV | R\u00e0dio Litoral\" \/>\n<meta property=\"og:description\" content=\"Un gol d&#039;Ofi i la bona faena defensiva va permetre a l&#039;equip d&#039;Ivorra comen\u00e7ar b\u00e9 la temporadaUn gol d&#039;Ofi i la bona faena defensiva va permetre a l&#039;equip d&#039;Ivorra comen\u00e7ar b\u00e9 la temporada\" \/>\n<meta property=\"og:url\" content=\"https:\/\/radiolitoral.com\/ca\/2024\/09\/victoria-del-cd-javea-i-derrota-per-al-pego-cf-a-primera-ffcv\/\" \/>\n<meta property=\"og:site_name\" content=\"R\u00e0dio Litoral\" \/>\n<meta property=\"article:publisher\" content=\"https:\/\/www.facebook.com\/Laradiolitoral\/\" \/>\n<meta property=\"article:published_time\" content=\"2024-09-09T09:43:14+00:00\" \/>\n<meta property=\"og:image\" content=\"https:\/\/media.radiolitoral.com\/wp-content\/uploads\/2024\/09\/09114228\/DSC_0801-scaled.jpg\" \/>\n\t<meta property=\"og:image:width\" content=\"2560\" \/>\n\t<meta property=\"og:image:height\" content=\"1707\" \/>\n\t<meta property=\"og:image:type\" content=\"image\/jpeg\" \/>\n<meta name=\"author\" content=\"Javier Zamora\" \/>\n<meta name=\"twitter:card\" content=\"summary_large_image\" \/>\n<meta name=\"twitter:label1\" content=\"Escrit per\" \/>\n\t<meta name=\"twitter:data1\" content=\"Javier Zamora\" \/>\n\t<meta name=\"twitter:label2\" content=\"Temps estimat de lectura\" \/>\n\t<meta name=\"twitter:data2\" content=\"2 minuts\" \/>\n<script type=\"application\/ld+json\" class=\"yoast-schema-graph\">{\"@context\":\"https:\\\/\\\/schema.org\",\"@graph\":[{\"@type\":\"NewsArticle\",\"@id\":\"https:\\\/\\\/radiolitoral.com\\\/2024\\\/09\\\/victoria-del-cd-javea-i-derrota-per-al-pego-cf-en-primera-ffcv\\\/#article\",\"isPartOf\":{\"@id\":\"https:\\\/\\\/radiolitoral.com\\\/2024\\\/09\\\/victoria-del-cd-javea-i-derrota-per-al-pego-cf-en-primera-ffcv\\\/\"},\"author\":{\"name\":\"Javier Zamora\",\"@id\":\"https:\\\/\\\/radiolitoral.com\\\/#\\\/schema\\\/person\\\/7b1480b5caeb5acdd4ec6379caf62b22\"},\"headline\":\"Victoria del CD J\u00e1vea i derrota per al Pego CF en Primera FFCV\",\"datePublished\":\"2024-09-09T09:43:14+00:00\",\"mainEntityOfPage\":{\"@id\":\"https:\\\/\\\/radiolitoral.com\\\/2024\\\/09\\\/victoria-del-cd-javea-i-derrota-per-al-pego-cf-en-primera-ffcv\\\/\"},\"wordCount\":324,\"commentCount\":0,\"publisher\":{\"@id\":\"https:\\\/\\\/radiolitoral.com\\\/#organization\"},\"image\":{\"@id\":\"https:\\\/\\\/radiolitoral.com\\\/2024\\\/09\\\/victoria-del-cd-javea-i-derrota-per-al-pego-cf-en-primera-ffcv\\\/#primaryimage\"},\"thumbnailUrl\":\"https:\\\/\\\/media.radiolitoral.com\\\/wp-content\\\/uploads\\\/2024\\\/09\\\/09114228\\\/DSC_0801-scaled.jpg\",\"keywords\":[\"CD J\u00e1vea\",\"deportes\",\"Julio Ivorra\",\"Pego CF\"],\"articleSection\":[\"Deportes\"],\"inLanguage\":\"ca\",\"potentialAction\":[{\"@type\":\"CommentAction\",\"name\":\"Comment\",\"target\":[\"https:\\\/\\\/radiolitoral.com\\\/2024\\\/09\\\/victoria-del-cd-javea-i-derrota-per-al-pego-cf-en-primera-ffcv\\\/#respond\"]}]},{\"@type\":[\"WebPage\",\"ItemPage\"],\"@id\":\"https:\\\/\\\/radiolitoral.com\\\/2024\\\/09\\\/victoria-del-cd-javea-i-derrota-per-al-pego-cf-en-primera-ffcv\\\/\",\"url\":\"https:\\\/\\\/radiolitoral.com\\\/2024\\\/09\\\/victoria-del-cd-javea-i-derrota-per-al-pego-cf-en-primera-ffcv\\\/\",\"name\":\"Victoria del CD J\u00e1vea i derrota per al Pego CF en Primera FFCV | R\u00e0dio Litoral\",\"isPartOf\":{\"@id\":\"https:\\\/\\\/radiolitoral.com\\\/#website\"},\"primaryImageOfPage\":{\"@id\":\"https:\\\/\\\/radiolitoral.com\\\/2024\\\/09\\\/victoria-del-cd-javea-i-derrota-per-al-pego-cf-en-primera-ffcv\\\/#primaryimage\"},\"image\":{\"@id\":\"https:\\\/\\\/radiolitoral.com\\\/2024\\\/09\\\/victoria-del-cd-javea-i-derrota-per-al-pego-cf-en-primera-ffcv\\\/#primaryimage\"},\"thumbnailUrl\":\"https:\\\/\\\/media.radiolitoral.com\\\/wp-content\\\/uploads\\\/2024\\\/09\\\/09114228\\\/DSC_0801-scaled.jpg\",\"datePublished\":\"2024-09-09T09:43:14+00:00\",\"description\":\"Un gol d'Ofi i la bona faena defensiva va permetre a l'equip d'Ivorra comen\u00e7ar b\u00e9 la temporadaUn gol d'Ofi i la bona faena defensiva va permetre a l'equip d'Ivorra comen\u00e7ar b\u00e9 la temporada\",\"breadcrumb\":{\"@id\":\"https:\\\/\\\/radiolitoral.com\\\/2024\\\/09\\\/victoria-del-cd-javea-i-derrota-per-al-pego-cf-en-primera-ffcv\\\/#breadcrumb\"},\"inLanguage\":\"ca\",\"potentialAction\":[{\"@type\":\"ReadAction\",\"target\":[\"https:\\\/\\\/radiolitoral.com\\\/2024\\\/09\\\/victoria-del-cd-javea-i-derrota-per-al-pego-cf-en-primera-ffcv\\\/\"]}]},{\"@type\":\"ImageObject\",\"inLanguage\":\"ca\",\"@id\":\"https:\\\/\\\/radiolitoral.com\\\/2024\\\/09\\\/victoria-del-cd-javea-i-derrota-per-al-pego-cf-en-primera-ffcv\\\/#primaryimage\",\"url\":\"https:\\\/\\\/media.radiolitoral.com\\\/wp-content\\\/uploads\\\/2024\\\/09\\\/09114228\\\/DSC_0801-scaled.jpg\",\"contentUrl\":\"https:\\\/\\\/media.radiolitoral.com\\\/wp-content\\\/uploads\\\/2024\\\/09\\\/09114228\\\/DSC_0801-scaled.jpg\",\"width\":2560,\"height\":1707},{\"@type\":\"BreadcrumbList\",\"@id\":\"https:\\\/\\\/radiolitoral.com\\\/2024\\\/09\\\/victoria-del-cd-javea-i-derrota-per-al-pego-cf-en-primera-ffcv\\\/#breadcrumb\",\"itemListElement\":[{\"@type\":\"ListItem\",\"position\":1,\"name\":\"Portada\",\"item\":\"https:\\\/\\\/radiolitoral.com\\\/\"},{\"@type\":\"ListItem\",\"position\":2,\"name\":\"Victoria del CD J\u00e1vea i derrota per al Pego CF en Primera FFCV\"}]},{\"@type\":\"WebSite\",\"@id\":\"https:\\\/\\\/radiolitoral.com\\\/#website\",\"url\":\"https:\\\/\\\/radiolitoral.com\\\/\",\"name\":\"Radio Litoral\",\"description\":\"La radio local de la Marina Alta\",\"publisher\":{\"@id\":\"https:\\\/\\\/radiolitoral.com\\\/#organization\"},\"alternateName\":\"Litoral FM\",\"potentialAction\":[{\"@type\":\"SearchAction\",\"target\":{\"@type\":\"EntryPoint\",\"urlTemplate\":\"https:\\\/\\\/radiolitoral.com\\\/?s={search_term_string}\"},\"query-input\":{\"@type\":\"PropertyValueSpecification\",\"valueRequired\":true,\"valueName\":\"search_term_string\"}}],\"inLanguage\":\"ca\"},{\"@type\":\"Organization\",\"@id\":\"https:\\\/\\\/radiolitoral.com\\\/#organization\",\"name\":\"Radio Litoral\",\"url\":\"https:\\\/\\\/radiolitoral.com\\\/\",\"logo\":{\"@type\":\"ImageObject\",\"inLanguage\":\"ca\",\"@id\":\"https:\\\/\\\/radiolitoral.com\\\/#\\\/schema\\\/logo\\\/image\\\/\",\"url\":\"https:\\\/\\\/media.radiolitoral.com\\\/wp-content\\\/uploads\\\/2023\\\/02\\\/24143238\\\/CL-V-RadioLitoral696.png\",\"contentUrl\":\"https:\\\/\\\/media.radiolitoral.com\\\/wp-content\\\/uploads\\\/2023\\\/02\\\/24143238\\\/CL-V-RadioLitoral696.png\",\"width\":696,\"height\":696,\"caption\":\"Radio Litoral\"},\"image\":{\"@id\":\"https:\\\/\\\/radiolitoral.com\\\/#\\\/schema\\\/logo\\\/image\\\/\"},\"sameAs\":[\"https:\\\/\\\/www.facebook.com\\\/Laradiolitoral\\\/\"]},{\"@type\":\"Person\",\"@id\":\"https:\\\/\\\/radiolitoral.com\\\/#\\\/schema\\\/person\\\/7b1480b5caeb5acdd4ec6379caf62b22\",\"name\":\"Javier Zamora\",\"image\":{\"@type\":\"ImageObject\",\"inLanguage\":\"ca\",\"@id\":\"https:\\\/\\\/secure.gravatar.com\\\/avatar\\\/467a11f6918c7d619c4043fc6fa2d3853053107973f05b6e9c04ea6c4e3a7b3f?s=96&d=mm&r=g\",\"url\":\"https:\\\/\\\/secure.gravatar.com\\\/avatar\\\/467a11f6918c7d619c4043fc6fa2d3853053107973f05b6e9c04ea6c4e3a7b3f?s=96&d=mm&r=g\",\"contentUrl\":\"https:\\\/\\\/secure.gravatar.com\\\/avatar\\\/467a11f6918c7d619c4043fc6fa2d3853053107973f05b6e9c04ea6c4e3a7b3f?s=96&d=mm&r=g\",\"caption\":\"Javier Zamora\"},\"url\":\"https:\\\/\\\/radiolitoral.com\\\/ca\\\/author\\\/javier-zamora\\\/\"}]}<\/script>\n<!-- \/ Yoast SEO plugin. -->","yoast_head_json":{"title":"Vict\u00f2ria del CD X\u00e0bia i derrota per al Pego CF a Primera FFCV | R\u00e0dio Litoral","description":"Un gol d&#039;Ofi i la bona feina defensiva permetr\u00e0 a l&#039;equip d&#039;Ivorra comen\u00e7ar b\u00e9 la temporada Un gol d&#039;Ofi i la bona feina defensiva permetr\u00e0 a l&#039;equip d&#039;Ivorra comen\u00e7ar b\u00e9 la temporada","robots":{"index":"index","follow":"follow","max-snippet":"max-snippet:-1","max-image-preview":"max-image-preview:large","max-video-preview":"max-video-preview:-1"},"canonical":"https:\/\/radiolitoral.com\/ca\/2024\/09\/victoria-del-cd-javea-i-derrota-per-al-pego-cf-a-primera-ffcv\/","og_locale":"ca_ES","og_type":"article","og_title":"Victoria del CD J\u00e1vea i derrota per al Pego CF en Primera FFCV | R\u00e0dio Litoral","og_description":"Un gol d'Ofi i la bona faena defensiva va permetre a l'equip d'Ivorra comen\u00e7ar b\u00e9 la temporadaUn gol d'Ofi i la bona faena defensiva va permetre a l'equip d'Ivorra comen\u00e7ar b\u00e9 la temporada","og_url":"https:\/\/radiolitoral.com\/ca\/2024\/09\/victoria-del-cd-javea-i-derrota-per-al-pego-cf-a-primera-ffcv\/","og_site_name":"R\u00e0dio Litoral","article_publisher":"https:\/\/www.facebook.com\/Laradiolitoral\/","article_published_time":"2024-09-09T09:43:14+00:00","og_image":[{"width":2560,"height":1707,"url":"https:\/\/media.radiolitoral.com\/wp-content\/uploads\/2024\/09\/09114228\/DSC_0801-scaled.jpg","type":"image\/jpeg"}],"author":"Javier Zamora","twitter_card":"summary_large_image","twitter_misc":{"Escrit per":"Javier Zamora","Temps estimat de lectura":"2 minuts"},"schema":{"@context":"https:\/\/schema.org","@graph":[{"@type":"NewsArticle","@id":"https:\/\/radiolitoral.com\/2024\/09\/victoria-del-cd-javea-i-derrota-per-al-pego-cf-en-primera-ffcv\/#article","isPartOf":{"@id":"https:\/\/radiolitoral.com\/2024\/09\/victoria-del-cd-javea-i-derrota-per-al-pego-cf-en-primera-ffcv\/"},"author":{"name":"Javier Zamora","@id":"https:\/\/radiolitoral.com\/#\/schema\/person\/7b1480b5caeb5acdd4ec6379caf62b22"},"headline":"Victoria del CD J\u00e1vea i derrota per al Pego CF en Primera FFCV","datePublished":"2024-09-09T09:43:14+00:00","mainEntityOfPage":{"@id":"https:\/\/radiolitoral.com\/2024\/09\/victoria-del-cd-javea-i-derrota-per-al-pego-cf-en-primera-ffcv\/"},"wordCount":324,"commentCount":0,"publisher":{"@id":"https:\/\/radiolitoral.com\/#organization"},"image":{"@id":"https:\/\/radiolitoral.com\/2024\/09\/victoria-del-cd-javea-i-derrota-per-al-pego-cf-en-primera-ffcv\/#primaryimage"},"thumbnailUrl":"https:\/\/media.radiolitoral.com\/wp-content\/uploads\/2024\/09\/09114228\/DSC_0801-scaled.jpg","keywords":["CD J\u00e1vea","deportes","Julio Ivorra","Pego CF"],"articleSection":["Deportes"],"inLanguage":"ca","potentialAction":[{"@type":"CommentAction","name":"Comment","target":["https:\/\/radiolitoral.com\/2024\/09\/victoria-del-cd-javea-i-derrota-per-al-pego-cf-en-primera-ffcv\/#respond"]}]},{"@type":["WebPage","ItemPage"],"@id":"https:\/\/radiolitoral.com\/2024\/09\/victoria-del-cd-javea-i-derrota-per-al-pego-cf-en-primera-ffcv\/","url":"https:\/\/radiolitoral.com\/2024\/09\/victoria-del-cd-javea-i-derrota-per-al-pego-cf-en-primera-ffcv\/","name":"Vict\u00f2ria del CD X\u00e0bia i derrota per al Pego CF a Primera FFCV | R\u00e0dio Litoral","isPartOf":{"@id":"https:\/\/radiolitoral.com\/#website"},"primaryImageOfPage":{"@id":"https:\/\/radiolitoral.com\/2024\/09\/victoria-del-cd-javea-i-derrota-per-al-pego-cf-en-primera-ffcv\/#primaryimage"},"image":{"@id":"https:\/\/radiolitoral.com\/2024\/09\/victoria-del-cd-javea-i-derrota-per-al-pego-cf-en-primera-ffcv\/#primaryimage"},"thumbnailUrl":"https:\/\/media.radiolitoral.com\/wp-content\/uploads\/2024\/09\/09114228\/DSC_0801-scaled.jpg","datePublished":"2024-09-09T09:43:14+00:00","description":"Un gol d&#039;Ofi i la bona feina defensiva permetr\u00e0 a l&#039;equip d&#039;Ivorra comen\u00e7ar b\u00e9 la temporada Un gol d&#039;Ofi i la bona feina defensiva permetr\u00e0 a l&#039;equip d&#039;Ivorra comen\u00e7ar b\u00e9 la temporada","breadcrumb":{"@id":"https:\/\/radiolitoral.com\/2024\/09\/victoria-del-cd-javea-i-derrota-per-al-pego-cf-en-primera-ffcv\/#breadcrumb"},"inLanguage":"ca","potentialAction":[{"@type":"ReadAction","target":["https:\/\/radiolitoral.com\/2024\/09\/victoria-del-cd-javea-i-derrota-per-al-pego-cf-en-primera-ffcv\/"]}]},{"@type":"ImageObject","inLanguage":"ca","@id":"https:\/\/radiolitoral.com\/2024\/09\/victoria-del-cd-javea-i-derrota-per-al-pego-cf-en-primera-ffcv\/#primaryimage","url":"https:\/\/media.radiolitoral.com\/wp-content\/uploads\/2024\/09\/09114228\/DSC_0801-scaled.jpg","contentUrl":"https:\/\/media.radiolitoral.com\/wp-content\/uploads\/2024\/09\/09114228\/DSC_0801-scaled.jpg","width":2560,"height":1707},{"@type":"BreadcrumbList","@id":"https:\/\/radiolitoral.com\/2024\/09\/victoria-del-cd-javea-i-derrota-per-al-pego-cf-en-primera-ffcv\/#breadcrumb","itemListElement":[{"@type":"ListItem","position":1,"name":"Portada","item":"https:\/\/radiolitoral.com\/"},{"@type":"ListItem","position":2,"name":"Victoria del CD J\u00e1vea i derrota per al Pego CF en Primera FFCV"}]},{"@type":"WebSite","@id":"https:\/\/radiolitoral.com\/#website","url":"https:\/\/radiolitoral.com\/","name":"R\u00e0dio Litoral","description":"La r\u00e0dio local de la Marina Alta","publisher":{"@id":"https:\/\/radiolitoral.com\/#organization"},"alternateName":"Litoral FM","potentialAction":[{"@type":"SearchAction","target":{"@type":"EntryPoint","urlTemplate":"https:\/\/radiolitoral.com\/?s={search_term_string}"},"query-input":{"@type":"PropertyValueSpecification","valueRequired":true,"valueName":"search_term_string"}}],"inLanguage":"ca"},{"@type":"Organization","@id":"https:\/\/radiolitoral.com\/#organization","name":"R\u00e0dio Litoral","url":"https:\/\/radiolitoral.com\/","logo":{"@type":"ImageObject","inLanguage":"ca","@id":"https:\/\/radiolitoral.com\/#\/schema\/logo\/image\/","url":"https:\/\/media.radiolitoral.com\/wp-content\/uploads\/2023\/02\/24143238\/CL-V-RadioLitoral696.png","contentUrl":"https:\/\/media.radiolitoral.com\/wp-content\/uploads\/2023\/02\/24143238\/CL-V-RadioLitoral696.png","width":696,"height":696,"caption":"Radio Litoral"},"image":{"@id":"https:\/\/radiolitoral.com\/#\/schema\/logo\/image\/"},"sameAs":["https:\/\/www.facebook.com\/Laradiolitoral\/"]},{"@type":"Person","@id":"https:\/\/radiolitoral.com\/#\/schema\/person\/7b1480b5caeb5acdd4ec6379caf62b22","name":"Javier Zamora","image":{"@type":"ImageObject","inLanguage":"ca","@id":"https:\/\/secure.gravatar.com\/avatar\/467a11f6918c7d619c4043fc6fa2d3853053107973f05b6e9c04ea6c4e3a7b3f?s=96&d=mm&r=g","url":"https:\/\/secure.gravatar.com\/avatar\/467a11f6918c7d619c4043fc6fa2d3853053107973f05b6e9c04ea6c4e3a7b3f?s=96&d=mm&r=g","contentUrl":"https:\/\/secure.gravatar.com\/avatar\/467a11f6918c7d619c4043fc6fa2d3853053107973f05b6e9c04ea6c4e3a7b3f?s=96&d=mm&r=g","caption":"Javier Zamora"},"url":"https:\/\/radiolitoral.com\/ca\/author\/javier-zamora\/"}]}},"_links":{"self":[{"href":"https:\/\/radiolitoral.com\/ca\/wp-json\/wp\/v2\/posts\/11153","targetHints":{"allow":["GET"]}}],"collection":[{"href":"https:\/\/radiolitoral.com\/ca\/wp-json\/wp\/v2\/posts"}],"about":[{"href":"https:\/\/radiolitoral.com\/ca\/wp-json\/wp\/v2\/types\/post"}],"author":[{"embeddable":true,"href":"https:\/\/radiolitoral.com\/ca\/wp-json\/wp\/v2\/users\/12"}],"replies":[{"embeddable":true,"href":"https:\/\/radiolitoral.com\/ca\/wp-json\/wp\/v2\/comments?post=11153"}],"version-history":[{"count":1,"href":"https:\/\/radiolitoral.com\/ca\/wp-json\/wp\/v2\/posts\/11153\/revisions"}],"predecessor-version":[{"id":11155,"href":"https:\/\/radiolitoral.com\/ca\/wp-json\/wp\/v2\/posts\/11153\/revisions\/11155"}],"wp:featuredmedia":[{"embeddable":true,"href":"https:\/\/radiolitoral.com\/ca\/wp-json\/wp\/v2\/media\/11154"}],"wp:attachment":[{"href":"https:\/\/radiolitoral.com\/ca\/wp-json\/wp\/v2\/media?parent=11153"}],"wp:term":[{"taxonomy":"category","embeddable":true,"href":"https:\/\/radiolitoral.com\/ca\/wp-json\/wp\/v2\/categories?post=11153"},{"taxonomy":"post_tag","embeddable":true,"href":"https:\/\/radiolitoral.com\/ca\/wp-json\/wp\/v2\/tags?post=11153"}],"curies":[{"name":"wp","href":"https:\/\/api.w.org\/{rel}","templated":true}]}}