{"id":1115,"date":"2023-03-07T13:53:28","date_gmt":"2023-03-07T12:53:28","guid":{"rendered":"https:\/\/radiolitoral.com\/?p=1115"},"modified":"2023-03-07T16:57:28","modified_gmt":"2023-03-07T15:57:28","slug":"dimiteix-manolo-segarra-regidor-de-xarxa-a-benitatxell-despres-dels-seus-comentaris-masclistes-i-insults","status":"publish","type":"post","link":"https:\/\/radiolitoral.com\/ca\/2023\/03\/dimite-manolo-segarra-concejal-de-red-en-benitatxell-tras-sus-comentarios-machistas-e-insultos\/","title":{"rendered":"Dimiteix Manolo Segarra, regidor de XARXA a Benitatxell, despr\u00e9s dels seus comentaris masclistes i insults"},"content":{"rendered":"<p>El panorama pol\u00edtic tamb\u00e9 est\u00e0 regirat a <strong>Benitatxell<\/strong>. Despr\u00e9s que l&#039;Ajuntament del Poble Nou condemn\u00e9s p\u00fablicament a la seva p\u00e0gina oficial de Facebook, els <strong>comentaris<\/strong> <strong>masclistes<\/strong>, irrespectuosos i fora de to (incloent insults) del regidor a l&#039;oposici\u00f3, per <strong>XARXA<\/strong>, <strong>Manolo Segarra<\/strong>, aquest regidor ha presentat, aquest mateix mat\u00ed, la seva dimissi\u00f3.<\/p>\n<p>Els posem en context. Divendres, Segarra, feia en xarxes socials una publicaci\u00f3, que per cert, ja ha estat esborrada, en qu\u00e8 afirmava, entre altres coses, que rentar \u201cera feina de gilipolles o de dones\u201d.<\/p>\n<p>Un comportament que ha estat reprovat per l&#039;ajuntament, qualificant els comentaris de masclistes, i assegurant que no tenen cabuda avui dia a la nostra societat, i encara menys per part d&#039;un representant pol\u00edtic. Des de l&#039;executiu local demanaven al Grup Municipal RED que es retract\u00e9s d&#039;aquestes paraules i demanessin disculpes a tota la ciutadania poblera. A m\u00e9s, anunciaven que s&#039;havia denunciat aquest fet a la Conselleria d&#039;Igualtat ia l&#039;Institut de les Dones del Ministeri d&#039;Igualtat.<\/p>\n<p>Aquest mat\u00ed el regidor protagonista d&#039;aquests comentaris ha presentat la dimissi\u00f3. A trav\u00e9s d&#039;un comunicat, Segarra, ha demanat disculpes per les afirmacions a aquells que s&#039;hagin sentit ofesos. Assenyala que el que va escriure a Facebook va ser una \u201cllisca\u201d i que comparteix les tasques de la llar amb la seva dona. Apunta que \u00e9s hum\u00e0 i comet errors per reiterar les seves disculpes.<\/p>","protected":false},"excerpt":{"rendered":"<p>El panorama pol\u00edtico tambi\u00e9n est\u00e1 revuelto en Benitatxell. Despu\u00e9s de que el Ayuntamiento de El Poble Nou condenara p\u00fablicamente en su p\u00e1gina oficial de Facebook, los comentarios machistas, irrespetuosos y fuera de tono (incluyendo insultos) del concejal en la oposici\u00f3n, por RED, Manolo Segarra, este edil ha presentado, esta misma ma\u00f1ana, su dimisi\u00f3n. Les ponemos [&#8230;]<\/p>\n<p><a class=\"btn btn-secondary understrap-read-more-link\" href=\"https:\/\/radiolitoral.com\/ca\/2023\/03\/dimite-manolo-segarra-concejal-de-red-en-benitatxell-tras-sus-comentarios-machistas-e-insultos\/\">Continua llegint&#8230;<span class=\"screen-reader-text\"> from Dimite Manolo Segarra, concejal de RED en Benitatxell, tras sus comentarios machistas e insultos<\/span><\/a><\/p>\n","protected":false},"author":13,"featured_media":0,"comment_status":"open","ping_status":"closed","sticky":false,"template":"","format":"standard","meta":{"_acf_changed":false,"inline_featured_image":false,"footnotes":""},"categories":[13],"tags":[157,153,154,155,156,152],"class_list":["post-1115","post","type-post","status-publish","format-standard","hentry","category-politica","tag-concejales","tag-dimisiones","tag-facebook","tag-machismo","tag-manolo-segarra","tag-red","cobertura-poble-nou-de-benitatxell"],"acf":[],"yoast_head":"<!-- This site is optimized with the Yoast SEO plugin v27.5 - https:\/\/yoast.com\/product\/yoast-seo-wordpress\/ -->\n<title>Dimite Manolo Segarra, concejal de RED en Benitatxell, tras sus comentarios machistas e insultos | R\u00e0dio Litoral<\/title>\n<meta name=\"description\" content=\"En sus comentarios afirmaba, entre otras cosas, que lavar \u201cera trabajo de gilipollas o de mujeres\u201d\" \/>\n<meta name=\"robots\" content=\"index, follow, max-snippet:-1, max-image-preview:large, max-video-preview:-1\" \/>\n<link rel=\"canonical\" href=\"https:\/\/radiolitoral.com\/ca\/2023\/03\/dimiteix-manolo-segarra-regidor-de-xarxa-a-benitatxell-despres-dels-seus-comentaris-masclistes-i-insults\/\" \/>\n<meta property=\"og:locale\" content=\"ca_ES\" \/>\n<meta property=\"og:type\" content=\"article\" \/>\n<meta property=\"og:title\" content=\"Dimite Manolo Segarra, concejal de RED en Benitatxell, tras sus comentarios machistas e insultos | R\u00e0dio Litoral\" \/>\n<meta property=\"og:description\" content=\"En sus comentarios afirmaba, entre otras cosas, que lavar \u201cera trabajo de gilipollas o de mujeres\u201d\" \/>\n<meta property=\"og:url\" content=\"https:\/\/radiolitoral.com\/ca\/2023\/03\/dimiteix-manolo-segarra-regidor-de-xarxa-a-benitatxell-despres-dels-seus-comentaris-masclistes-i-insults\/\" \/>\n<meta property=\"og:site_name\" content=\"R\u00e0dio Litoral\" \/>\n<meta property=\"article:publisher\" content=\"https:\/\/www.facebook.com\/Laradiolitoral\/\" \/>\n<meta property=\"article:published_time\" content=\"2023-03-07T12:53:28+00:00\" \/>\n<meta property=\"article:modified_time\" content=\"2023-03-07T15:57:28+00:00\" \/>\n<meta property=\"og:image\" content=\"https:\/\/media.radiolitoral.com\/wp-content\/uploads\/2023\/03\/07135148\/dsg.jpg\" \/>\n\t<meta property=\"og:image:width\" content=\"1080\" \/>\n\t<meta property=\"og:image:height\" content=\"1920\" \/>\n\t<meta property=\"og:image:type\" content=\"image\/jpeg\" \/>\n<meta name=\"author\" content=\"Redacci\u00f3n\" \/>\n<meta name=\"twitter:card\" content=\"summary_large_image\" \/>\n<meta name=\"twitter:label1\" content=\"Escrit per\" \/>\n\t<meta name=\"twitter:data1\" content=\"Redacci\u00f3n\" \/>\n\t<meta name=\"twitter:label2\" content=\"Temps estimat de lectura\" \/>\n\t<meta name=\"twitter:data2\" content=\"2 minuts\" \/>\n<script type=\"application\/ld+json\" class=\"yoast-schema-graph\">{\"@context\":\"https:\\\/\\\/schema.org\",\"@graph\":[{\"@type\":\"NewsArticle\",\"@id\":\"https:\\\/\\\/radiolitoral.com\\\/2023\\\/03\\\/dimite-manolo-segarra-concejal-de-red-en-benitatxell-tras-sus-comentarios-machistas-e-insultos\\\/#article\",\"isPartOf\":{\"@id\":\"https:\\\/\\\/radiolitoral.com\\\/2023\\\/03\\\/dimite-manolo-segarra-concejal-de-red-en-benitatxell-tras-sus-comentarios-machistas-e-insultos\\\/\"},\"author\":{\"name\":\"Redacci\u00f3n\",\"@id\":\"https:\\\/\\\/radiolitoral.com\\\/#\\\/schema\\\/person\\\/f2b2343c49b5d721857cc1002bfdb151\"},\"headline\":\"Dimite Manolo Segarra, concejal de RED en Benitatxell, tras sus comentarios machistas e insultos\",\"datePublished\":\"2023-03-07T12:53:28+00:00\",\"dateModified\":\"2023-03-07T15:57:28+00:00\",\"mainEntityOfPage\":{\"@id\":\"https:\\\/\\\/radiolitoral.com\\\/2023\\\/03\\\/dimite-manolo-segarra-concejal-de-red-en-benitatxell-tras-sus-comentarios-machistas-e-insultos\\\/\"},\"wordCount\":265,\"commentCount\":0,\"publisher\":{\"@id\":\"https:\\\/\\\/radiolitoral.com\\\/#organization\"},\"keywords\":[\"concejales\",\"dimisiones\",\"facebook\",\"machismo\",\"Manolo Segarra\",\"RED\"],\"articleSection\":[\"Pol\u00edtica\"],\"inLanguage\":\"ca\",\"potentialAction\":[{\"@type\":\"CommentAction\",\"name\":\"Comment\",\"target\":[\"https:\\\/\\\/radiolitoral.com\\\/2023\\\/03\\\/dimite-manolo-segarra-concejal-de-red-en-benitatxell-tras-sus-comentarios-machistas-e-insultos\\\/#respond\"]}]},{\"@type\":[\"WebPage\",\"ItemPage\"],\"@id\":\"https:\\\/\\\/radiolitoral.com\\\/2023\\\/03\\\/dimite-manolo-segarra-concejal-de-red-en-benitatxell-tras-sus-comentarios-machistas-e-insultos\\\/\",\"url\":\"https:\\\/\\\/radiolitoral.com\\\/2023\\\/03\\\/dimite-manolo-segarra-concejal-de-red-en-benitatxell-tras-sus-comentarios-machistas-e-insultos\\\/\",\"name\":\"Dimite Manolo Segarra, concejal de RED en Benitatxell, tras sus comentarios machistas e insultos | R\u00e0dio Litoral\",\"isPartOf\":{\"@id\":\"https:\\\/\\\/radiolitoral.com\\\/#website\"},\"datePublished\":\"2023-03-07T12:53:28+00:00\",\"dateModified\":\"2023-03-07T15:57:28+00:00\",\"description\":\"En sus comentarios afirmaba, entre otras cosas, que lavar \u201cera trabajo de gilipollas o de mujeres\u201d\",\"breadcrumb\":{\"@id\":\"https:\\\/\\\/radiolitoral.com\\\/2023\\\/03\\\/dimite-manolo-segarra-concejal-de-red-en-benitatxell-tras-sus-comentarios-machistas-e-insultos\\\/#breadcrumb\"},\"inLanguage\":\"ca\",\"potentialAction\":[{\"@type\":\"ReadAction\",\"target\":[\"https:\\\/\\\/radiolitoral.com\\\/2023\\\/03\\\/dimite-manolo-segarra-concejal-de-red-en-benitatxell-tras-sus-comentarios-machistas-e-insultos\\\/\"]}]},{\"@type\":\"BreadcrumbList\",\"@id\":\"https:\\\/\\\/radiolitoral.com\\\/2023\\\/03\\\/dimite-manolo-segarra-concejal-de-red-en-benitatxell-tras-sus-comentarios-machistas-e-insultos\\\/#breadcrumb\",\"itemListElement\":[{\"@type\":\"ListItem\",\"position\":1,\"name\":\"Portada\",\"item\":\"https:\\\/\\\/radiolitoral.com\\\/\"},{\"@type\":\"ListItem\",\"position\":2,\"name\":\"Dimite Manolo Segarra, concejal de RED en Benitatxell, tras sus comentarios machistas e insultos\"}]},{\"@type\":\"WebSite\",\"@id\":\"https:\\\/\\\/radiolitoral.com\\\/#website\",\"url\":\"https:\\\/\\\/radiolitoral.com\\\/\",\"name\":\"Radio Litoral\",\"description\":\"La radio local de la Marina Alta\",\"publisher\":{\"@id\":\"https:\\\/\\\/radiolitoral.com\\\/#organization\"},\"alternateName\":\"Litoral FM\",\"potentialAction\":[{\"@type\":\"SearchAction\",\"target\":{\"@type\":\"EntryPoint\",\"urlTemplate\":\"https:\\\/\\\/radiolitoral.com\\\/?s={search_term_string}\"},\"query-input\":{\"@type\":\"PropertyValueSpecification\",\"valueRequired\":true,\"valueName\":\"search_term_string\"}}],\"inLanguage\":\"ca\"},{\"@type\":\"Organization\",\"@id\":\"https:\\\/\\\/radiolitoral.com\\\/#organization\",\"name\":\"Radio Litoral\",\"url\":\"https:\\\/\\\/radiolitoral.com\\\/\",\"logo\":{\"@type\":\"ImageObject\",\"inLanguage\":\"ca\",\"@id\":\"https:\\\/\\\/radiolitoral.com\\\/#\\\/schema\\\/logo\\\/image\\\/\",\"url\":\"https:\\\/\\\/media.radiolitoral.com\\\/wp-content\\\/uploads\\\/2023\\\/02\\\/24143238\\\/CL-V-RadioLitoral696.png\",\"contentUrl\":\"https:\\\/\\\/media.radiolitoral.com\\\/wp-content\\\/uploads\\\/2023\\\/02\\\/24143238\\\/CL-V-RadioLitoral696.png\",\"width\":696,\"height\":696,\"caption\":\"Radio Litoral\"},\"image\":{\"@id\":\"https:\\\/\\\/radiolitoral.com\\\/#\\\/schema\\\/logo\\\/image\\\/\"},\"sameAs\":[\"https:\\\/\\\/www.facebook.com\\\/Laradiolitoral\\\/\"]},{\"@type\":\"Person\",\"@id\":\"https:\\\/\\\/radiolitoral.com\\\/#\\\/schema\\\/person\\\/f2b2343c49b5d721857cc1002bfdb151\",\"name\":\"Redacci\u00f3n\",\"image\":{\"@type\":\"ImageObject\",\"inLanguage\":\"ca\",\"@id\":\"https:\\\/\\\/secure.gravatar.com\\\/avatar\\\/f771d896c203ad8b3382d7905cfcce5a5c9b008b84b3cd9114e9b9f4cb63f789?s=96&d=mm&r=g\",\"url\":\"https:\\\/\\\/secure.gravatar.com\\\/avatar\\\/f771d896c203ad8b3382d7905cfcce5a5c9b008b84b3cd9114e9b9f4cb63f789?s=96&d=mm&r=g\",\"contentUrl\":\"https:\\\/\\\/secure.gravatar.com\\\/avatar\\\/f771d896c203ad8b3382d7905cfcce5a5c9b008b84b3cd9114e9b9f4cb63f789?s=96&d=mm&r=g\",\"caption\":\"Redacci\u00f3n\"},\"url\":\"https:\\\/\\\/radiolitoral.com\\\/ca\\\/author\\\/miriam-pagan\\\/\"}]}<\/script>\n<!-- \/ Yoast SEO plugin. -->","yoast_head_json":{"title":"Dimiteix Manolo Segarra, regidor de RED a Benitatxell, despr\u00e9s dels comentaris masclistes i insults | R\u00e0dio Litoral","description":"Als seus comentaris afirmava, entre altres coses, que rentar \u201cera feina de gilipolles o de dones\u201d","robots":{"index":"index","follow":"follow","max-snippet":"max-snippet:-1","max-image-preview":"max-image-preview:large","max-video-preview":"max-video-preview:-1"},"canonical":"https:\/\/radiolitoral.com\/ca\/2023\/03\/dimiteix-manolo-segarra-regidor-de-xarxa-a-benitatxell-despres-dels-seus-comentaris-masclistes-i-insults\/","og_locale":"ca_ES","og_type":"article","og_title":"Dimite Manolo Segarra, concejal de RED en Benitatxell, tras sus comentarios machistas e insultos | R\u00e0dio Litoral","og_description":"En sus comentarios afirmaba, entre otras cosas, que lavar \u201cera trabajo de gilipollas o de mujeres\u201d","og_url":"https:\/\/radiolitoral.com\/ca\/2023\/03\/dimiteix-manolo-segarra-regidor-de-xarxa-a-benitatxell-despres-dels-seus-comentaris-masclistes-i-insults\/","og_site_name":"R\u00e0dio Litoral","article_publisher":"https:\/\/www.facebook.com\/Laradiolitoral\/","article_published_time":"2023-03-07T12:53:28+00:00","article_modified_time":"2023-03-07T15:57:28+00:00","og_image":[{"width":1080,"height":1920,"url":"https:\/\/media.radiolitoral.com\/wp-content\/uploads\/2023\/03\/07135148\/dsg.jpg","type":"image\/jpeg"}],"author":"Redacci\u00f3n","twitter_card":"summary_large_image","twitter_misc":{"Escrit per":"Redacci\u00f3n","Temps estimat de lectura":"2 minuts"},"schema":{"@context":"https:\/\/schema.org","@graph":[{"@type":"NewsArticle","@id":"https:\/\/radiolitoral.com\/2023\/03\/dimite-manolo-segarra-concejal-de-red-en-benitatxell-tras-sus-comentarios-machistas-e-insultos\/#article","isPartOf":{"@id":"https:\/\/radiolitoral.com\/2023\/03\/dimite-manolo-segarra-concejal-de-red-en-benitatxell-tras-sus-comentarios-machistas-e-insultos\/"},"author":{"name":"Redacci\u00f3n","@id":"https:\/\/radiolitoral.com\/#\/schema\/person\/f2b2343c49b5d721857cc1002bfdb151"},"headline":"Dimite Manolo Segarra, concejal de RED en Benitatxell, tras sus comentarios machistas e insultos","datePublished":"2023-03-07T12:53:28+00:00","dateModified":"2023-03-07T15:57:28+00:00","mainEntityOfPage":{"@id":"https:\/\/radiolitoral.com\/2023\/03\/dimite-manolo-segarra-concejal-de-red-en-benitatxell-tras-sus-comentarios-machistas-e-insultos\/"},"wordCount":265,"commentCount":0,"publisher":{"@id":"https:\/\/radiolitoral.com\/#organization"},"keywords":["concejales","dimisiones","facebook","machismo","Manolo Segarra","RED"],"articleSection":["Pol\u00edtica"],"inLanguage":"ca","potentialAction":[{"@type":"CommentAction","name":"Comment","target":["https:\/\/radiolitoral.com\/2023\/03\/dimite-manolo-segarra-concejal-de-red-en-benitatxell-tras-sus-comentarios-machistas-e-insultos\/#respond"]}]},{"@type":["WebPage","ItemPage"],"@id":"https:\/\/radiolitoral.com\/2023\/03\/dimite-manolo-segarra-concejal-de-red-en-benitatxell-tras-sus-comentarios-machistas-e-insultos\/","url":"https:\/\/radiolitoral.com\/2023\/03\/dimite-manolo-segarra-concejal-de-red-en-benitatxell-tras-sus-comentarios-machistas-e-insultos\/","name":"Dimiteix Manolo Segarra, regidor de RED a Benitatxell, despr\u00e9s dels comentaris masclistes i insults | R\u00e0dio Litoral","isPartOf":{"@id":"https:\/\/radiolitoral.com\/#website"},"datePublished":"2023-03-07T12:53:28+00:00","dateModified":"2023-03-07T15:57:28+00:00","description":"Als seus comentaris afirmava, entre altres coses, que rentar \u201cera feina de gilipolles o de dones\u201d","breadcrumb":{"@id":"https:\/\/radiolitoral.com\/2023\/03\/dimite-manolo-segarra-concejal-de-red-en-benitatxell-tras-sus-comentarios-machistas-e-insultos\/#breadcrumb"},"inLanguage":"ca","potentialAction":[{"@type":"ReadAction","target":["https:\/\/radiolitoral.com\/2023\/03\/dimite-manolo-segarra-concejal-de-red-en-benitatxell-tras-sus-comentarios-machistas-e-insultos\/"]}]},{"@type":"BreadcrumbList","@id":"https:\/\/radiolitoral.com\/2023\/03\/dimite-manolo-segarra-concejal-de-red-en-benitatxell-tras-sus-comentarios-machistas-e-insultos\/#breadcrumb","itemListElement":[{"@type":"ListItem","position":1,"name":"Portada","item":"https:\/\/radiolitoral.com\/"},{"@type":"ListItem","position":2,"name":"Dimite Manolo Segarra, concejal de RED en Benitatxell, tras sus comentarios machistas e insultos"}]},{"@type":"WebSite","@id":"https:\/\/radiolitoral.com\/#website","url":"https:\/\/radiolitoral.com\/","name":"R\u00e0dio Litoral","description":"La r\u00e0dio local de la Marina Alta","publisher":{"@id":"https:\/\/radiolitoral.com\/#organization"},"alternateName":"Litoral FM","potentialAction":[{"@type":"SearchAction","target":{"@type":"EntryPoint","urlTemplate":"https:\/\/radiolitoral.com\/?s={search_term_string}"},"query-input":{"@type":"PropertyValueSpecification","valueRequired":true,"valueName":"search_term_string"}}],"inLanguage":"ca"},{"@type":"Organization","@id":"https:\/\/radiolitoral.com\/#organization","name":"R\u00e0dio Litoral","url":"https:\/\/radiolitoral.com\/","logo":{"@type":"ImageObject","inLanguage":"ca","@id":"https:\/\/radiolitoral.com\/#\/schema\/logo\/image\/","url":"https:\/\/media.radiolitoral.com\/wp-content\/uploads\/2023\/02\/24143238\/CL-V-RadioLitoral696.png","contentUrl":"https:\/\/media.radiolitoral.com\/wp-content\/uploads\/2023\/02\/24143238\/CL-V-RadioLitoral696.png","width":696,"height":696,"caption":"Radio Litoral"},"image":{"@id":"https:\/\/radiolitoral.com\/#\/schema\/logo\/image\/"},"sameAs":["https:\/\/www.facebook.com\/Laradiolitoral\/"]},{"@type":"Person","@id":"https:\/\/radiolitoral.com\/#\/schema\/person\/f2b2343c49b5d721857cc1002bfdb151","name":"Redacci\u00f3","image":{"@type":"ImageObject","inLanguage":"ca","@id":"https:\/\/secure.gravatar.com\/avatar\/f771d896c203ad8b3382d7905cfcce5a5c9b008b84b3cd9114e9b9f4cb63f789?s=96&d=mm&r=g","url":"https:\/\/secure.gravatar.com\/avatar\/f771d896c203ad8b3382d7905cfcce5a5c9b008b84b3cd9114e9b9f4cb63f789?s=96&d=mm&r=g","contentUrl":"https:\/\/secure.gravatar.com\/avatar\/f771d896c203ad8b3382d7905cfcce5a5c9b008b84b3cd9114e9b9f4cb63f789?s=96&d=mm&r=g","caption":"Redacci\u00f3n"},"url":"https:\/\/radiolitoral.com\/ca\/author\/miriam-pagan\/"}]}},"_links":{"self":[{"href":"https:\/\/radiolitoral.com\/ca\/wp-json\/wp\/v2\/posts\/1115","targetHints":{"allow":["GET"]}}],"collection":[{"href":"https:\/\/radiolitoral.com\/ca\/wp-json\/wp\/v2\/posts"}],"about":[{"href":"https:\/\/radiolitoral.com\/ca\/wp-json\/wp\/v2\/types\/post"}],"author":[{"embeddable":true,"href":"https:\/\/radiolitoral.com\/ca\/wp-json\/wp\/v2\/users\/13"}],"replies":[{"embeddable":true,"href":"https:\/\/radiolitoral.com\/ca\/wp-json\/wp\/v2\/comments?post=1115"}],"version-history":[{"count":0,"href":"https:\/\/radiolitoral.com\/ca\/wp-json\/wp\/v2\/posts\/1115\/revisions"}],"wp:attachment":[{"href":"https:\/\/radiolitoral.com\/ca\/wp-json\/wp\/v2\/media?parent=1115"}],"wp:term":[{"taxonomy":"category","embeddable":true,"href":"https:\/\/radiolitoral.com\/ca\/wp-json\/wp\/v2\/categories?post=1115"},{"taxonomy":"post_tag","embeddable":true,"href":"https:\/\/radiolitoral.com\/ca\/wp-json\/wp\/v2\/tags?post=1115"}],"curies":[{"name":"wp","href":"https:\/\/api.w.org\/{rel}","templated":true}]}}