{"id":11143,"date":"2024-09-09T10:52:30","date_gmt":"2024-09-09T08:52:30","guid":{"rendered":"https:\/\/radiolitoral.com\/?p=11143"},"modified":"2024-09-09T10:52:30","modified_gmt":"2024-09-09T08:52:30","slug":"un-cd-denia-debilitat-va-caure-davant-del-cd-olimpic-xativa-2-0","status":"publish","type":"post","link":"https:\/\/radiolitoral.com\/ca\/2024\/09\/un-cd-denia-debilitat-va-caure-davant-el-cd-olimpic-xativa-2-0\/","title":{"rendered":"Un CD D\u00e9nia debilitat va caure davant el CD Olimpic X\u00e0tiva (2-0)"},"content":{"rendered":"<p>El <strong>CD D\u00e9nia<\/strong> va patir una dura derrota en la visita al camp de l&#039;<strong>Ol\u00edmpic X\u00e0tiva <\/strong>per<strong> 2 a 0<\/strong>, en un partit on les adversitats es van acumular des de l&#039;inici. Sense jugadors de recanvi a la banqueta i amb la primerenca va lesir de\u00a0<span class=\"hiddenSpellError\">Ferran<\/span>\u00a0Molina al minut 20, l&#039;equip dirigit per\u00a0<strong><span class=\"hiddenSpellError\">Juanjo<\/span>\u00a0Antol\u00ed<\/strong> es va veure obligat a improvisar, havent de col\u00b7locar el porter suplent, David Ferrer, com a jugador de camp.<\/p>\n<p>Malgrat les circumst\u00e0ncies, el CD D\u00e9nia va aconseguir mantenir l&#039;ordre defensiu durant la primera meitat, resistint les escomeses de l&#039;Ol\u00edmpic X\u00e0tiva i arribant al descans amb un meritori empat a zero.<\/p>\n<p>No obstant, a la segona meitat, el desgast f\u00edsic va comen\u00e7ar a passar factura. Els locals van augmentar el ritme del partit, i al minut 53, un desafortunat autogol del mateix David Ferrer, que es trobava fora de la seva posici\u00f3 habitual, va posar els locals en avantatge.<\/p>\n<p>Amb el marcador en contra i despr\u00e9s del gran esfor\u00e7 realitzat pels jugadors\u00a0<span class=\"hiddenSpellError\">dianencs<\/span>, intentar igualar el marcador es va convertir en una tasca pr\u00e0cticament impossible. Finalment, al minut 84,\u00a0<span class=\"hiddenSpellError\">Gio<\/span>\u00a0va segellar la vict\u00f2ria local, aprofitant un rebuig del porter\u00a0<span class=\"hiddenSpellError\">denier<\/span>, sentenciant la trobada amb un 2-0 definitiu.<\/p>\n<p>Aquest resultat deixa el CD D\u00e9nia amb la necessitat urgent de recuperar efectius i treballar en la cohesi\u00f3 de l&#039;equip per als propers compromisos, mentre que l&#039;Ol\u00edmpic X\u00e0tiva suma tres punts en un partit que va acabar sent m\u00e9s complicat de l&#039;esperat.<\/p>","protected":false},"excerpt":{"rendered":"<p>El CD D\u00e9nia va patir una dura derrota en la seua visita al camp de l&#8217;Ol\u00edmpic X\u00e0tiva per 2 a 0, en un partit on les adversitats es van acumular des de l&#8217;inici. Sense jugadors de recanvi en la banqueta i amb la primerenca lesi\u00f3 de\u00a0Ferr\u00e1n\u00a0Molina en el minut 20, l&#8217;equip dirigit per\u00a0Juanjo\u00a0Antol\u00ed es va [&#8230;]<\/p>\n<p><a class=\"btn btn-secondary understrap-read-more-link\" href=\"https:\/\/radiolitoral.com\/ca\/2024\/09\/un-cd-denia-debilitat-va-caure-davant-el-cd-olimpic-xativa-2-0\/\">Continua llegint&#8230;<span class=\"screen-reader-text\"> from Un CD D\u00e9nia debilitat va caure davant el CD Olimpic X\u00e1tiva (2-0)<\/span><\/a><\/p>\n","protected":false},"author":12,"featured_media":11144,"comment_status":"open","ping_status":"closed","sticky":false,"template":"","format":"standard","meta":{"_acf_changed":false,"inline_featured_image":false,"footnotes":""},"categories":[5],"tags":[893,1256,6,895],"class_list":["post-11143","post","type-post","status-publish","format-standard","has-post-thumbnail","hentry","category-deportes","tag-cd-denia","tag-cd-olimpic-xativa","tag-deportes","tag-juanjo-antoli","cobertura-denia"],"acf":[],"yoast_head":"<!-- This site is optimized with the Yoast SEO plugin v27.5 - https:\/\/yoast.com\/product\/yoast-seo-wordpress\/ -->\n<title>Un CD D\u00e9nia debilitat va caure davant el CD Olimpic X\u00e1tiva (2-0) | R\u00e0dio Litoral<\/title>\n<meta name=\"description\" content=\"Els dianenses van viatjar amb nom\u00e9s 12 fitxes i el porter suplent va haver de jugar com a jugador de camp despr\u00e9s de la lesi\u00f3 de Ferr\u00e1nEls dianenses van viatjar amb nom\u00e9s 12 fitxes i el porter suplent va haver de jugar com a jugador de camp despr\u00e9s de la lesi\u00f3 de Ferr\u00e1n\" \/>\n<meta name=\"robots\" content=\"index, follow, max-snippet:-1, max-image-preview:large, max-video-preview:-1\" \/>\n<link rel=\"canonical\" href=\"https:\/\/radiolitoral.com\/ca\/2024\/09\/un-cd-denia-debilitat-va-caure-davant-del-cd-olimpic-xativa-2-0\/\" \/>\n<meta property=\"og:locale\" content=\"ca_ES\" \/>\n<meta property=\"og:type\" content=\"article\" \/>\n<meta property=\"og:title\" content=\"Un CD D\u00e9nia debilitat va caure davant el CD Olimpic X\u00e1tiva (2-0) | R\u00e0dio Litoral\" \/>\n<meta property=\"og:description\" content=\"Els dianenses van viatjar amb nom\u00e9s 12 fitxes i el porter suplent va haver de jugar com a jugador de camp despr\u00e9s de la lesi\u00f3 de Ferr\u00e1nEls dianenses van viatjar amb nom\u00e9s 12 fitxes i el porter suplent va haver de jugar com a jugador de camp despr\u00e9s de la lesi\u00f3 de Ferr\u00e1n\" \/>\n<meta property=\"og:url\" content=\"https:\/\/radiolitoral.com\/ca\/2024\/09\/un-cd-denia-debilitat-va-caure-davant-del-cd-olimpic-xativa-2-0\/\" \/>\n<meta property=\"og:site_name\" content=\"R\u00e0dio Litoral\" \/>\n<meta property=\"article:publisher\" content=\"https:\/\/www.facebook.com\/Laradiolitoral\/\" \/>\n<meta property=\"article:published_time\" content=\"2024-09-09T08:52:30+00:00\" \/>\n<meta property=\"og:image\" content=\"https:\/\/media.radiolitoral.com\/wp-content\/uploads\/2024\/09\/09104847\/DSC_0845-scaled.jpg\" \/>\n\t<meta property=\"og:image:width\" content=\"2560\" \/>\n\t<meta property=\"og:image:height\" content=\"1707\" \/>\n\t<meta property=\"og:image:type\" content=\"image\/jpeg\" \/>\n<meta name=\"author\" content=\"Javier Zamora\" \/>\n<meta name=\"twitter:card\" content=\"summary_large_image\" \/>\n<meta name=\"twitter:label1\" content=\"Escrit per\" \/>\n\t<meta name=\"twitter:data1\" content=\"Javier Zamora\" \/>\n\t<meta name=\"twitter:label2\" content=\"Temps estimat de lectura\" \/>\n\t<meta name=\"twitter:data2\" content=\"2 minuts\" \/>\n<script type=\"application\/ld+json\" class=\"yoast-schema-graph\">{\"@context\":\"https:\\\/\\\/schema.org\",\"@graph\":[{\"@type\":\"NewsArticle\",\"@id\":\"https:\\\/\\\/radiolitoral.com\\\/2024\\\/09\\\/un-cd-denia-debilitat-va-caure-davant-el-cd-olimpic-xativa-2-0\\\/#article\",\"isPartOf\":{\"@id\":\"https:\\\/\\\/radiolitoral.com\\\/2024\\\/09\\\/un-cd-denia-debilitat-va-caure-davant-el-cd-olimpic-xativa-2-0\\\/\"},\"author\":{\"name\":\"Javier Zamora\",\"@id\":\"https:\\\/\\\/radiolitoral.com\\\/#\\\/schema\\\/person\\\/7b1480b5caeb5acdd4ec6379caf62b22\"},\"headline\":\"Un CD D\u00e9nia debilitat va caure davant el CD Olimpic X\u00e1tiva (2-0)\",\"datePublished\":\"2024-09-09T08:52:30+00:00\",\"mainEntityOfPage\":{\"@id\":\"https:\\\/\\\/radiolitoral.com\\\/2024\\\/09\\\/un-cd-denia-debilitat-va-caure-davant-el-cd-olimpic-xativa-2-0\\\/\"},\"wordCount\":285,\"commentCount\":0,\"publisher\":{\"@id\":\"https:\\\/\\\/radiolitoral.com\\\/#organization\"},\"image\":{\"@id\":\"https:\\\/\\\/radiolitoral.com\\\/2024\\\/09\\\/un-cd-denia-debilitat-va-caure-davant-el-cd-olimpic-xativa-2-0\\\/#primaryimage\"},\"thumbnailUrl\":\"https:\\\/\\\/media.radiolitoral.com\\\/wp-content\\\/uploads\\\/2024\\\/09\\\/09104847\\\/DSC_0845-scaled.jpg\",\"keywords\":[\"CD D\u00e9nia\",\"CD Ol\u00edmpic X\u00e0tiva\",\"deportes\",\"Juanjo Antol\u00ed.\"],\"articleSection\":[\"Deportes\"],\"inLanguage\":\"ca\",\"potentialAction\":[{\"@type\":\"CommentAction\",\"name\":\"Comment\",\"target\":[\"https:\\\/\\\/radiolitoral.com\\\/2024\\\/09\\\/un-cd-denia-debilitat-va-caure-davant-el-cd-olimpic-xativa-2-0\\\/#respond\"]}]},{\"@type\":[\"WebPage\",\"ItemPage\"],\"@id\":\"https:\\\/\\\/radiolitoral.com\\\/2024\\\/09\\\/un-cd-denia-debilitat-va-caure-davant-el-cd-olimpic-xativa-2-0\\\/\",\"url\":\"https:\\\/\\\/radiolitoral.com\\\/2024\\\/09\\\/un-cd-denia-debilitat-va-caure-davant-el-cd-olimpic-xativa-2-0\\\/\",\"name\":\"Un CD D\u00e9nia debilitat va caure davant el CD Olimpic X\u00e1tiva (2-0) | R\u00e0dio Litoral\",\"isPartOf\":{\"@id\":\"https:\\\/\\\/radiolitoral.com\\\/#website\"},\"primaryImageOfPage\":{\"@id\":\"https:\\\/\\\/radiolitoral.com\\\/2024\\\/09\\\/un-cd-denia-debilitat-va-caure-davant-el-cd-olimpic-xativa-2-0\\\/#primaryimage\"},\"image\":{\"@id\":\"https:\\\/\\\/radiolitoral.com\\\/2024\\\/09\\\/un-cd-denia-debilitat-va-caure-davant-el-cd-olimpic-xativa-2-0\\\/#primaryimage\"},\"thumbnailUrl\":\"https:\\\/\\\/media.radiolitoral.com\\\/wp-content\\\/uploads\\\/2024\\\/09\\\/09104847\\\/DSC_0845-scaled.jpg\",\"datePublished\":\"2024-09-09T08:52:30+00:00\",\"description\":\"Els dianenses van viatjar amb nom\u00e9s 12 fitxes i el porter suplent va haver de jugar com a jugador de camp despr\u00e9s de la lesi\u00f3 de Ferr\u00e1nEls dianenses van viatjar amb nom\u00e9s 12 fitxes i el porter suplent va haver de jugar com a jugador de camp despr\u00e9s de la lesi\u00f3 de Ferr\u00e1n\",\"breadcrumb\":{\"@id\":\"https:\\\/\\\/radiolitoral.com\\\/2024\\\/09\\\/un-cd-denia-debilitat-va-caure-davant-el-cd-olimpic-xativa-2-0\\\/#breadcrumb\"},\"inLanguage\":\"ca\",\"potentialAction\":[{\"@type\":\"ReadAction\",\"target\":[\"https:\\\/\\\/radiolitoral.com\\\/2024\\\/09\\\/un-cd-denia-debilitat-va-caure-davant-el-cd-olimpic-xativa-2-0\\\/\"]}]},{\"@type\":\"ImageObject\",\"inLanguage\":\"ca\",\"@id\":\"https:\\\/\\\/radiolitoral.com\\\/2024\\\/09\\\/un-cd-denia-debilitat-va-caure-davant-el-cd-olimpic-xativa-2-0\\\/#primaryimage\",\"url\":\"https:\\\/\\\/media.radiolitoral.com\\\/wp-content\\\/uploads\\\/2024\\\/09\\\/09104847\\\/DSC_0845-scaled.jpg\",\"contentUrl\":\"https:\\\/\\\/media.radiolitoral.com\\\/wp-content\\\/uploads\\\/2024\\\/09\\\/09104847\\\/DSC_0845-scaled.jpg\",\"width\":2560,\"height\":1707},{\"@type\":\"BreadcrumbList\",\"@id\":\"https:\\\/\\\/radiolitoral.com\\\/2024\\\/09\\\/un-cd-denia-debilitat-va-caure-davant-el-cd-olimpic-xativa-2-0\\\/#breadcrumb\",\"itemListElement\":[{\"@type\":\"ListItem\",\"position\":1,\"name\":\"Portada\",\"item\":\"https:\\\/\\\/radiolitoral.com\\\/\"},{\"@type\":\"ListItem\",\"position\":2,\"name\":\"Un CD D\u00e9nia debilitat va caure davant el CD Olimpic X\u00e1tiva (2-0)\"}]},{\"@type\":\"WebSite\",\"@id\":\"https:\\\/\\\/radiolitoral.com\\\/#website\",\"url\":\"https:\\\/\\\/radiolitoral.com\\\/\",\"name\":\"Radio Litoral\",\"description\":\"La radio local de la Marina Alta\",\"publisher\":{\"@id\":\"https:\\\/\\\/radiolitoral.com\\\/#organization\"},\"alternateName\":\"Litoral FM\",\"potentialAction\":[{\"@type\":\"SearchAction\",\"target\":{\"@type\":\"EntryPoint\",\"urlTemplate\":\"https:\\\/\\\/radiolitoral.com\\\/?s={search_term_string}\"},\"query-input\":{\"@type\":\"PropertyValueSpecification\",\"valueRequired\":true,\"valueName\":\"search_term_string\"}}],\"inLanguage\":\"ca\"},{\"@type\":\"Organization\",\"@id\":\"https:\\\/\\\/radiolitoral.com\\\/#organization\",\"name\":\"Radio Litoral\",\"url\":\"https:\\\/\\\/radiolitoral.com\\\/\",\"logo\":{\"@type\":\"ImageObject\",\"inLanguage\":\"ca\",\"@id\":\"https:\\\/\\\/radiolitoral.com\\\/#\\\/schema\\\/logo\\\/image\\\/\",\"url\":\"https:\\\/\\\/media.radiolitoral.com\\\/wp-content\\\/uploads\\\/2023\\\/02\\\/24143238\\\/CL-V-RadioLitoral696.png\",\"contentUrl\":\"https:\\\/\\\/media.radiolitoral.com\\\/wp-content\\\/uploads\\\/2023\\\/02\\\/24143238\\\/CL-V-RadioLitoral696.png\",\"width\":696,\"height\":696,\"caption\":\"Radio Litoral\"},\"image\":{\"@id\":\"https:\\\/\\\/radiolitoral.com\\\/#\\\/schema\\\/logo\\\/image\\\/\"},\"sameAs\":[\"https:\\\/\\\/www.facebook.com\\\/Laradiolitoral\\\/\"]},{\"@type\":\"Person\",\"@id\":\"https:\\\/\\\/radiolitoral.com\\\/#\\\/schema\\\/person\\\/7b1480b5caeb5acdd4ec6379caf62b22\",\"name\":\"Javier Zamora\",\"image\":{\"@type\":\"ImageObject\",\"inLanguage\":\"ca\",\"@id\":\"https:\\\/\\\/secure.gravatar.com\\\/avatar\\\/467a11f6918c7d619c4043fc6fa2d3853053107973f05b6e9c04ea6c4e3a7b3f?s=96&d=mm&r=g\",\"url\":\"https:\\\/\\\/secure.gravatar.com\\\/avatar\\\/467a11f6918c7d619c4043fc6fa2d3853053107973f05b6e9c04ea6c4e3a7b3f?s=96&d=mm&r=g\",\"contentUrl\":\"https:\\\/\\\/secure.gravatar.com\\\/avatar\\\/467a11f6918c7d619c4043fc6fa2d3853053107973f05b6e9c04ea6c4e3a7b3f?s=96&d=mm&r=g\",\"caption\":\"Javier Zamora\"},\"url\":\"https:\\\/\\\/radiolitoral.com\\\/ca\\\/author\\\/javier-zamora\\\/\"}]}<\/script>\n<!-- \/ Yoast SEO plugin. -->","yoast_head_json":{"title":"Un CD D\u00e9nia debilitat va caure davant el CD Olimpic X\u00e0tiva (2-0) | R\u00e0dio Litoral","description":"Els dianencs van viatjar amb nom\u00e9s 12 fitxes i el porter suplent va haver de jugar com a jugador de camp despr\u00e9s de la lesi\u00f3 de FerranEls dianencs van viatjar amb nom\u00e9s 12 fitxes i el porter suplent va haver de jugar com a jugador de camp despr\u00e9s de la lesi\u00f3 de Ferran","robots":{"index":"index","follow":"follow","max-snippet":"max-snippet:-1","max-image-preview":"max-image-preview:large","max-video-preview":"max-video-preview:-1"},"canonical":"https:\/\/radiolitoral.com\/ca\/2024\/09\/un-cd-denia-debilitat-va-caure-davant-del-cd-olimpic-xativa-2-0\/","og_locale":"ca_ES","og_type":"article","og_title":"Un CD D\u00e9nia debilitat va caure davant el CD Olimpic X\u00e1tiva (2-0) | R\u00e0dio Litoral","og_description":"Els dianenses van viatjar amb nom\u00e9s 12 fitxes i el porter suplent va haver de jugar com a jugador de camp despr\u00e9s de la lesi\u00f3 de Ferr\u00e1nEls dianenses van viatjar amb nom\u00e9s 12 fitxes i el porter suplent va haver de jugar com a jugador de camp despr\u00e9s de la lesi\u00f3 de Ferr\u00e1n","og_url":"https:\/\/radiolitoral.com\/ca\/2024\/09\/un-cd-denia-debilitat-va-caure-davant-del-cd-olimpic-xativa-2-0\/","og_site_name":"R\u00e0dio Litoral","article_publisher":"https:\/\/www.facebook.com\/Laradiolitoral\/","article_published_time":"2024-09-09T08:52:30+00:00","og_image":[{"width":2560,"height":1707,"url":"https:\/\/media.radiolitoral.com\/wp-content\/uploads\/2024\/09\/09104847\/DSC_0845-scaled.jpg","type":"image\/jpeg"}],"author":"Javier Zamora","twitter_card":"summary_large_image","twitter_misc":{"Escrit per":"Javier Zamora","Temps estimat de lectura":"2 minuts"},"schema":{"@context":"https:\/\/schema.org","@graph":[{"@type":"NewsArticle","@id":"https:\/\/radiolitoral.com\/2024\/09\/un-cd-denia-debilitat-va-caure-davant-el-cd-olimpic-xativa-2-0\/#article","isPartOf":{"@id":"https:\/\/radiolitoral.com\/2024\/09\/un-cd-denia-debilitat-va-caure-davant-el-cd-olimpic-xativa-2-0\/"},"author":{"name":"Javier Zamora","@id":"https:\/\/radiolitoral.com\/#\/schema\/person\/7b1480b5caeb5acdd4ec6379caf62b22"},"headline":"Un CD D\u00e9nia debilitat va caure davant el CD Olimpic X\u00e1tiva (2-0)","datePublished":"2024-09-09T08:52:30+00:00","mainEntityOfPage":{"@id":"https:\/\/radiolitoral.com\/2024\/09\/un-cd-denia-debilitat-va-caure-davant-el-cd-olimpic-xativa-2-0\/"},"wordCount":285,"commentCount":0,"publisher":{"@id":"https:\/\/radiolitoral.com\/#organization"},"image":{"@id":"https:\/\/radiolitoral.com\/2024\/09\/un-cd-denia-debilitat-va-caure-davant-el-cd-olimpic-xativa-2-0\/#primaryimage"},"thumbnailUrl":"https:\/\/media.radiolitoral.com\/wp-content\/uploads\/2024\/09\/09104847\/DSC_0845-scaled.jpg","keywords":["CD D\u00e9nia","CD Ol\u00edmpic X\u00e0tiva","deportes","Juanjo Antol\u00ed."],"articleSection":["Deportes"],"inLanguage":"ca","potentialAction":[{"@type":"CommentAction","name":"Comment","target":["https:\/\/radiolitoral.com\/2024\/09\/un-cd-denia-debilitat-va-caure-davant-el-cd-olimpic-xativa-2-0\/#respond"]}]},{"@type":["WebPage","ItemPage"],"@id":"https:\/\/radiolitoral.com\/2024\/09\/un-cd-denia-debilitat-va-caure-davant-el-cd-olimpic-xativa-2-0\/","url":"https:\/\/radiolitoral.com\/2024\/09\/un-cd-denia-debilitat-va-caure-davant-el-cd-olimpic-xativa-2-0\/","name":"Un CD D\u00e9nia debilitat va caure davant el CD Olimpic X\u00e0tiva (2-0) | R\u00e0dio Litoral","isPartOf":{"@id":"https:\/\/radiolitoral.com\/#website"},"primaryImageOfPage":{"@id":"https:\/\/radiolitoral.com\/2024\/09\/un-cd-denia-debilitat-va-caure-davant-el-cd-olimpic-xativa-2-0\/#primaryimage"},"image":{"@id":"https:\/\/radiolitoral.com\/2024\/09\/un-cd-denia-debilitat-va-caure-davant-el-cd-olimpic-xativa-2-0\/#primaryimage"},"thumbnailUrl":"https:\/\/media.radiolitoral.com\/wp-content\/uploads\/2024\/09\/09104847\/DSC_0845-scaled.jpg","datePublished":"2024-09-09T08:52:30+00:00","description":"Els dianencs van viatjar amb nom\u00e9s 12 fitxes i el porter suplent va haver de jugar com a jugador de camp despr\u00e9s de la lesi\u00f3 de FerranEls dianencs van viatjar amb nom\u00e9s 12 fitxes i el porter suplent va haver de jugar com a jugador de camp despr\u00e9s de la lesi\u00f3 de Ferran","breadcrumb":{"@id":"https:\/\/radiolitoral.com\/2024\/09\/un-cd-denia-debilitat-va-caure-davant-el-cd-olimpic-xativa-2-0\/#breadcrumb"},"inLanguage":"ca","potentialAction":[{"@type":"ReadAction","target":["https:\/\/radiolitoral.com\/2024\/09\/un-cd-denia-debilitat-va-caure-davant-el-cd-olimpic-xativa-2-0\/"]}]},{"@type":"ImageObject","inLanguage":"ca","@id":"https:\/\/radiolitoral.com\/2024\/09\/un-cd-denia-debilitat-va-caure-davant-el-cd-olimpic-xativa-2-0\/#primaryimage","url":"https:\/\/media.radiolitoral.com\/wp-content\/uploads\/2024\/09\/09104847\/DSC_0845-scaled.jpg","contentUrl":"https:\/\/media.radiolitoral.com\/wp-content\/uploads\/2024\/09\/09104847\/DSC_0845-scaled.jpg","width":2560,"height":1707},{"@type":"BreadcrumbList","@id":"https:\/\/radiolitoral.com\/2024\/09\/un-cd-denia-debilitat-va-caure-davant-el-cd-olimpic-xativa-2-0\/#breadcrumb","itemListElement":[{"@type":"ListItem","position":1,"name":"Portada","item":"https:\/\/radiolitoral.com\/"},{"@type":"ListItem","position":2,"name":"Un CD D\u00e9nia debilitat va caure davant el CD Olimpic X\u00e1tiva (2-0)"}]},{"@type":"WebSite","@id":"https:\/\/radiolitoral.com\/#website","url":"https:\/\/radiolitoral.com\/","name":"R\u00e0dio Litoral","description":"La r\u00e0dio local de la Marina Alta","publisher":{"@id":"https:\/\/radiolitoral.com\/#organization"},"alternateName":"Litoral FM","potentialAction":[{"@type":"SearchAction","target":{"@type":"EntryPoint","urlTemplate":"https:\/\/radiolitoral.com\/?s={search_term_string}"},"query-input":{"@type":"PropertyValueSpecification","valueRequired":true,"valueName":"search_term_string"}}],"inLanguage":"ca"},{"@type":"Organization","@id":"https:\/\/radiolitoral.com\/#organization","name":"R\u00e0dio Litoral","url":"https:\/\/radiolitoral.com\/","logo":{"@type":"ImageObject","inLanguage":"ca","@id":"https:\/\/radiolitoral.com\/#\/schema\/logo\/image\/","url":"https:\/\/media.radiolitoral.com\/wp-content\/uploads\/2023\/02\/24143238\/CL-V-RadioLitoral696.png","contentUrl":"https:\/\/media.radiolitoral.com\/wp-content\/uploads\/2023\/02\/24143238\/CL-V-RadioLitoral696.png","width":696,"height":696,"caption":"Radio Litoral"},"image":{"@id":"https:\/\/radiolitoral.com\/#\/schema\/logo\/image\/"},"sameAs":["https:\/\/www.facebook.com\/Laradiolitoral\/"]},{"@type":"Person","@id":"https:\/\/radiolitoral.com\/#\/schema\/person\/7b1480b5caeb5acdd4ec6379caf62b22","name":"Javier Zamora","image":{"@type":"ImageObject","inLanguage":"ca","@id":"https:\/\/secure.gravatar.com\/avatar\/467a11f6918c7d619c4043fc6fa2d3853053107973f05b6e9c04ea6c4e3a7b3f?s=96&d=mm&r=g","url":"https:\/\/secure.gravatar.com\/avatar\/467a11f6918c7d619c4043fc6fa2d3853053107973f05b6e9c04ea6c4e3a7b3f?s=96&d=mm&r=g","contentUrl":"https:\/\/secure.gravatar.com\/avatar\/467a11f6918c7d619c4043fc6fa2d3853053107973f05b6e9c04ea6c4e3a7b3f?s=96&d=mm&r=g","caption":"Javier Zamora"},"url":"https:\/\/radiolitoral.com\/ca\/author\/javier-zamora\/"}]}},"_links":{"self":[{"href":"https:\/\/radiolitoral.com\/ca\/wp-json\/wp\/v2\/posts\/11143","targetHints":{"allow":["GET"]}}],"collection":[{"href":"https:\/\/radiolitoral.com\/ca\/wp-json\/wp\/v2\/posts"}],"about":[{"href":"https:\/\/radiolitoral.com\/ca\/wp-json\/wp\/v2\/types\/post"}],"author":[{"embeddable":true,"href":"https:\/\/radiolitoral.com\/ca\/wp-json\/wp\/v2\/users\/12"}],"replies":[{"embeddable":true,"href":"https:\/\/radiolitoral.com\/ca\/wp-json\/wp\/v2\/comments?post=11143"}],"version-history":[{"count":2,"href":"https:\/\/radiolitoral.com\/ca\/wp-json\/wp\/v2\/posts\/11143\/revisions"}],"predecessor-version":[{"id":11146,"href":"https:\/\/radiolitoral.com\/ca\/wp-json\/wp\/v2\/posts\/11143\/revisions\/11146"}],"wp:featuredmedia":[{"embeddable":true,"href":"https:\/\/radiolitoral.com\/ca\/wp-json\/wp\/v2\/media\/11144"}],"wp:attachment":[{"href":"https:\/\/radiolitoral.com\/ca\/wp-json\/wp\/v2\/media?parent=11143"}],"wp:term":[{"taxonomy":"category","embeddable":true,"href":"https:\/\/radiolitoral.com\/ca\/wp-json\/wp\/v2\/categories?post=11143"},{"taxonomy":"post_tag","embeddable":true,"href":"https:\/\/radiolitoral.com\/ca\/wp-json\/wp\/v2\/tags?post=11143"}],"curies":[{"name":"wp","href":"https:\/\/api.w.org\/{rel}","templated":true}]}}