{"id":11112,"date":"2024-09-07T00:30:31","date_gmt":"2024-09-06T22:30:31","guid":{"rendered":"https:\/\/radiolitoral.com\/?p=11112"},"modified":"2024-09-07T00:30:31","modified_gmt":"2024-09-06T22:30:31","slug":"complicat-debut-de-lliga-per-al-cd-denia","status":"publish","type":"post","link":"https:\/\/radiolitoral.com\/ca\/2024\/09\/complicat-debut-de-lliga-per-al-cd-denia\/","title":{"rendered":"Complicat debut de lliga per al CD D\u00e9nia"},"content":{"rendered":"<p>El <strong>CD D\u00e9nia<\/strong> te una complicada estrena de lliga en haver de jugar aquest diumenge, al camp del <strong>CD Ol\u00edmpic\u00a0<span class=\"hiddenSpellError\">X\u00e0tiva<\/span><\/strong>, a les 1<strong>9 hores<\/strong>.<\/p>\n<p>Amb una pretemporada m\u00e9s curta del normal, l&#039;equip que torna a dirigir\u00a0<strong><span class=\"hiddenSpellError\">Juanjo<\/span>\u00a0Antol\u00ed<\/strong> \u00e9s mesura a un rival que va jugar la promoci\u00f3 d&#039;ascens, al final no va poder licitar a <strong>Tercera Divisi\u00f3<\/strong>.<\/p>\n<p>Al t\u00e8cnic\u00a0<span class=\"hiddenSpellError\">denier<\/span>\u00a0a m\u00e9s de preocupar-ho el rival al qual es mesurar\u00e0, li t\u00e9 tirant la situaci\u00f3 que te a la seva plantilla. Amb una preparaci\u00f3 de poques sessions per a la plantada de jugadors i amb la marxa de gran part dels homes ha deixat el t\u00e8cnic amb la tasca de reconstruir una plantilla pr\u00e0cticament des de cero.<\/p>\n<p>A la nova plantilla\u00a0<span class=\"hiddenSpellError\">denier<\/span>, a penes quedin\u00a0<strong><span class=\"hiddenSpellError\">Ferran<\/span>\u00a0Molina,\u00a0<span class=\"hiddenSpellError\">Zazo<\/span>,\u00a0<span class=\"hiddenSpellError\">Renzo, \u00d3scar<\/span>\u00a0i Castell<\/strong> de la temporada anterior. Les noves incorporacions s\u00f3n en la seva majoria jugadors joves, la qual cosa suposa un desafiament addicional per a Antol\u00ed, qui encara est\u00e0 coneixent a molts dels seus futbolistes.<\/p>\n<p><strong>Incorporacions<\/strong><\/p>\n<p>Al conjunt entrenat per Antol\u00ed han arribat,\u00a0<strong><span class=\"hiddenSpellError\">Lukas<\/span><\/strong>, jugador que a dalt\u00a0<span class=\"hiddenSpellError\">des del<\/span>\u00a0<strong>CF\u00a0<span class=\"hiddenSpellError\">Intercity<\/span><\/strong>\u00a0de 2a\u00a0<span class=\"hiddenSpellError\">FFCV<\/span>,\u00a0<strong><span class=\"hiddenSpellError\">Navar<\/span><\/strong>\u00a0des del <strong>CD Contesto<\/strong>,\u00a0<strong><span class=\"hiddenSpellError\">\u00c0lex<\/span>\u00a0<span class=\"hiddenSpellError\">Esgl\u00e9sies<\/span><\/strong>, de l&#039;<strong>AT. Torrellano<\/strong>,\u00a0<strong><span class=\"hiddenSpellError\">Ra\u00fal<\/span>\u00a0<span class=\"hiddenSpellError\">Garcia<\/span>, Mario i\u00a0<span class=\"hiddenSpellError\">Willy<\/span><\/strong>\u00a0que procedeixen del <strong>CD X\u00e0bia<\/strong> i <strong>David Ferrer<\/strong> de la\u00a0<strong><span class=\"hiddenSpellError\">UD<\/span>\u00a0Castellonenc<\/strong>.<\/p>\n<p><strong>Poders adversari<\/strong><\/p>\n<p>El rival, CD Ol\u00edmpic X\u00e0tiva, \u00e9s un equip s\u00f2lid que la temporada passada va disputar la promoci\u00f3 d&#039;ascens a Tercera Divisi\u00f3, tot i que no va aconseguir el seu objectiu. Amb\u00a0<strong><span class=\"hiddenSpellError\">Marcs<\/span>\u00a0Camatxo<\/strong> al comandament, l&#039;equip xativ\u00ed va mantenir la base del seu bloc anterior, destacant la incorporaci\u00f3 del davanter\u00a0<strong><span class=\"hiddenSpellError\">Ekedi<\/span><\/strong>\u00a0com el seu fitxatge estrella.<\/p>","protected":false},"excerpt":{"rendered":"<p>El CD D\u00e9nia t\u00e9 una complicada estrena de lliga en haver de jugar este diumenge, en el camp del CD Ol\u00edmpic\u00a0X\u00e1tiva, a les 19 hores. Amb una pretemporada m\u00e9s curta del normal, l&#8217;equip que torna a dirigir\u00a0Juanjo\u00a0Antol\u00ed es mesura a un rival que va jugar la promoci\u00f3 d&#8217;ascens, al final no va poder pujar a [&#8230;]<\/p>\n<p><a class=\"btn btn-secondary understrap-read-more-link\" href=\"https:\/\/radiolitoral.com\/ca\/2024\/09\/complicat-debut-de-lliga-per-al-cd-denia\/\">Continua llegint&#8230;<span class=\"screen-reader-text\"> from Complicat debut de lliga per al CD D\u00e9nia<\/span><\/a><\/p>\n","protected":false},"author":12,"featured_media":11113,"comment_status":"open","ping_status":"closed","sticky":false,"template":"","format":"standard","meta":{"_acf_changed":false,"inline_featured_image":false,"footnotes":""},"categories":[5],"tags":[893,1256,6,895,2144],"class_list":["post-11112","post","type-post","status-publish","format-standard","has-post-thumbnail","hentry","category-deportes","tag-cd-denia","tag-cd-olimpic-xativa","tag-deportes","tag-juanjo-antoli","tag-marcos-camacho","cobertura-denia"],"acf":[],"yoast_head":"<!-- This site is optimized with the Yoast SEO plugin v27.5 - https:\/\/yoast.com\/product\/yoast-seo-wordpress\/ -->\n<title>Complicat debut de lliga per al CD D\u00e9nia | R\u00e0dio Litoral<\/title>\n<meta name=\"description\" content=\"Els dianenses jugaran el diumenge a casa del CD Ol\u00edmpic X\u00e0tiva a les 19 hores Els dianenses jugaran el diumenge a casa del CD Ol\u00edmpic X\u00e0tiva a les 19 hores\" \/>\n<meta name=\"robots\" content=\"index, follow, max-snippet:-1, max-image-preview:large, max-video-preview:-1\" \/>\n<link rel=\"canonical\" href=\"https:\/\/radiolitoral.com\/ca\/2024\/09\/complicat-debut-de-lliga-per-al-cd-denia\/\" \/>\n<meta property=\"og:locale\" content=\"ca_ES\" \/>\n<meta property=\"og:type\" content=\"article\" \/>\n<meta property=\"og:title\" content=\"Complicat debut de lliga per al CD D\u00e9nia | R\u00e0dio Litoral\" \/>\n<meta property=\"og:description\" content=\"Els dianenses jugaran el diumenge a casa del CD Ol\u00edmpic X\u00e0tiva a les 19 hores Els dianenses jugaran el diumenge a casa del CD Ol\u00edmpic X\u00e0tiva a les 19 hores\" \/>\n<meta property=\"og:url\" content=\"https:\/\/radiolitoral.com\/ca\/2024\/09\/complicat-debut-de-lliga-per-al-cd-denia\/\" \/>\n<meta property=\"og:site_name\" content=\"R\u00e0dio Litoral\" \/>\n<meta property=\"article:publisher\" content=\"https:\/\/www.facebook.com\/Laradiolitoral\/\" \/>\n<meta property=\"article:published_time\" content=\"2024-09-06T22:30:31+00:00\" \/>\n<meta property=\"og:image\" content=\"https:\/\/media.radiolitoral.com\/wp-content\/uploads\/2024\/09\/06120727\/Jugadores-dianenses-durante-un-partido-scaled.jpg\" \/>\n\t<meta property=\"og:image:width\" content=\"2560\" \/>\n\t<meta property=\"og:image:height\" content=\"1707\" \/>\n\t<meta property=\"og:image:type\" content=\"image\/jpeg\" \/>\n<meta name=\"author\" content=\"Javier Zamora\" \/>\n<meta name=\"twitter:card\" content=\"summary_large_image\" \/>\n<meta name=\"twitter:label1\" content=\"Escrit per\" \/>\n\t<meta name=\"twitter:data1\" content=\"Javier Zamora\" \/>\n\t<meta name=\"twitter:label2\" content=\"Temps estimat de lectura\" \/>\n\t<meta name=\"twitter:data2\" content=\"2 minuts\" \/>\n<script type=\"application\/ld+json\" class=\"yoast-schema-graph\">{\"@context\":\"https:\\\/\\\/schema.org\",\"@graph\":[{\"@type\":\"NewsArticle\",\"@id\":\"https:\\\/\\\/radiolitoral.com\\\/2024\\\/09\\\/complicat-debut-de-lliga-per-al-cd-denia\\\/#article\",\"isPartOf\":{\"@id\":\"https:\\\/\\\/radiolitoral.com\\\/2024\\\/09\\\/complicat-debut-de-lliga-per-al-cd-denia\\\/\"},\"author\":{\"name\":\"Javier Zamora\",\"@id\":\"https:\\\/\\\/radiolitoral.com\\\/#\\\/schema\\\/person\\\/7b1480b5caeb5acdd4ec6379caf62b22\"},\"headline\":\"Complicat debut de lliga per al CD D\u00e9nia\",\"datePublished\":\"2024-09-06T22:30:31+00:00\",\"mainEntityOfPage\":{\"@id\":\"https:\\\/\\\/radiolitoral.com\\\/2024\\\/09\\\/complicat-debut-de-lliga-per-al-cd-denia\\\/\"},\"wordCount\":298,\"commentCount\":0,\"publisher\":{\"@id\":\"https:\\\/\\\/radiolitoral.com\\\/#organization\"},\"image\":{\"@id\":\"https:\\\/\\\/radiolitoral.com\\\/2024\\\/09\\\/complicat-debut-de-lliga-per-al-cd-denia\\\/#primaryimage\"},\"thumbnailUrl\":\"https:\\\/\\\/media.radiolitoral.com\\\/wp-content\\\/uploads\\\/2024\\\/09\\\/06120727\\\/Jugadores-dianenses-durante-un-partido-scaled.jpg\",\"keywords\":[\"CD D\u00e9nia\",\"CD Ol\u00edmpic X\u00e0tiva\",\"deportes\",\"Juanjo Antol\u00ed.\",\"Marcos Camacho\"],\"articleSection\":[\"Deportes\"],\"inLanguage\":\"ca\",\"potentialAction\":[{\"@type\":\"CommentAction\",\"name\":\"Comment\",\"target\":[\"https:\\\/\\\/radiolitoral.com\\\/2024\\\/09\\\/complicat-debut-de-lliga-per-al-cd-denia\\\/#respond\"]}]},{\"@type\":[\"WebPage\",\"ItemPage\"],\"@id\":\"https:\\\/\\\/radiolitoral.com\\\/2024\\\/09\\\/complicat-debut-de-lliga-per-al-cd-denia\\\/\",\"url\":\"https:\\\/\\\/radiolitoral.com\\\/2024\\\/09\\\/complicat-debut-de-lliga-per-al-cd-denia\\\/\",\"name\":\"Complicat debut de lliga per al CD D\u00e9nia | R\u00e0dio Litoral\",\"isPartOf\":{\"@id\":\"https:\\\/\\\/radiolitoral.com\\\/#website\"},\"primaryImageOfPage\":{\"@id\":\"https:\\\/\\\/radiolitoral.com\\\/2024\\\/09\\\/complicat-debut-de-lliga-per-al-cd-denia\\\/#primaryimage\"},\"image\":{\"@id\":\"https:\\\/\\\/radiolitoral.com\\\/2024\\\/09\\\/complicat-debut-de-lliga-per-al-cd-denia\\\/#primaryimage\"},\"thumbnailUrl\":\"https:\\\/\\\/media.radiolitoral.com\\\/wp-content\\\/uploads\\\/2024\\\/09\\\/06120727\\\/Jugadores-dianenses-durante-un-partido-scaled.jpg\",\"datePublished\":\"2024-09-06T22:30:31+00:00\",\"description\":\"Els dianenses jugaran el diumenge a casa del CD Ol\u00edmpic X\u00e0tiva a les 19 hores Els dianenses jugaran el diumenge a casa del CD Ol\u00edmpic X\u00e0tiva a les 19 hores\",\"breadcrumb\":{\"@id\":\"https:\\\/\\\/radiolitoral.com\\\/2024\\\/09\\\/complicat-debut-de-lliga-per-al-cd-denia\\\/#breadcrumb\"},\"inLanguage\":\"ca\",\"potentialAction\":[{\"@type\":\"ReadAction\",\"target\":[\"https:\\\/\\\/radiolitoral.com\\\/2024\\\/09\\\/complicat-debut-de-lliga-per-al-cd-denia\\\/\"]}]},{\"@type\":\"ImageObject\",\"inLanguage\":\"ca\",\"@id\":\"https:\\\/\\\/radiolitoral.com\\\/2024\\\/09\\\/complicat-debut-de-lliga-per-al-cd-denia\\\/#primaryimage\",\"url\":\"https:\\\/\\\/media.radiolitoral.com\\\/wp-content\\\/uploads\\\/2024\\\/09\\\/06120727\\\/Jugadores-dianenses-durante-un-partido-scaled.jpg\",\"contentUrl\":\"https:\\\/\\\/media.radiolitoral.com\\\/wp-content\\\/uploads\\\/2024\\\/09\\\/06120727\\\/Jugadores-dianenses-durante-un-partido-scaled.jpg\",\"width\":2560,\"height\":1707},{\"@type\":\"BreadcrumbList\",\"@id\":\"https:\\\/\\\/radiolitoral.com\\\/2024\\\/09\\\/complicat-debut-de-lliga-per-al-cd-denia\\\/#breadcrumb\",\"itemListElement\":[{\"@type\":\"ListItem\",\"position\":1,\"name\":\"Portada\",\"item\":\"https:\\\/\\\/radiolitoral.com\\\/\"},{\"@type\":\"ListItem\",\"position\":2,\"name\":\"Complicat debut de lliga per al CD D\u00e9nia\"}]},{\"@type\":\"WebSite\",\"@id\":\"https:\\\/\\\/radiolitoral.com\\\/#website\",\"url\":\"https:\\\/\\\/radiolitoral.com\\\/\",\"name\":\"Radio Litoral\",\"description\":\"La radio local de la Marina Alta\",\"publisher\":{\"@id\":\"https:\\\/\\\/radiolitoral.com\\\/#organization\"},\"alternateName\":\"Litoral FM\",\"potentialAction\":[{\"@type\":\"SearchAction\",\"target\":{\"@type\":\"EntryPoint\",\"urlTemplate\":\"https:\\\/\\\/radiolitoral.com\\\/?s={search_term_string}\"},\"query-input\":{\"@type\":\"PropertyValueSpecification\",\"valueRequired\":true,\"valueName\":\"search_term_string\"}}],\"inLanguage\":\"ca\"},{\"@type\":\"Organization\",\"@id\":\"https:\\\/\\\/radiolitoral.com\\\/#organization\",\"name\":\"Radio Litoral\",\"url\":\"https:\\\/\\\/radiolitoral.com\\\/\",\"logo\":{\"@type\":\"ImageObject\",\"inLanguage\":\"ca\",\"@id\":\"https:\\\/\\\/radiolitoral.com\\\/#\\\/schema\\\/logo\\\/image\\\/\",\"url\":\"https:\\\/\\\/media.radiolitoral.com\\\/wp-content\\\/uploads\\\/2023\\\/02\\\/24143238\\\/CL-V-RadioLitoral696.png\",\"contentUrl\":\"https:\\\/\\\/media.radiolitoral.com\\\/wp-content\\\/uploads\\\/2023\\\/02\\\/24143238\\\/CL-V-RadioLitoral696.png\",\"width\":696,\"height\":696,\"caption\":\"Radio Litoral\"},\"image\":{\"@id\":\"https:\\\/\\\/radiolitoral.com\\\/#\\\/schema\\\/logo\\\/image\\\/\"},\"sameAs\":[\"https:\\\/\\\/www.facebook.com\\\/Laradiolitoral\\\/\"]},{\"@type\":\"Person\",\"@id\":\"https:\\\/\\\/radiolitoral.com\\\/#\\\/schema\\\/person\\\/7b1480b5caeb5acdd4ec6379caf62b22\",\"name\":\"Javier Zamora\",\"image\":{\"@type\":\"ImageObject\",\"inLanguage\":\"ca\",\"@id\":\"https:\\\/\\\/secure.gravatar.com\\\/avatar\\\/467a11f6918c7d619c4043fc6fa2d3853053107973f05b6e9c04ea6c4e3a7b3f?s=96&d=mm&r=g\",\"url\":\"https:\\\/\\\/secure.gravatar.com\\\/avatar\\\/467a11f6918c7d619c4043fc6fa2d3853053107973f05b6e9c04ea6c4e3a7b3f?s=96&d=mm&r=g\",\"contentUrl\":\"https:\\\/\\\/secure.gravatar.com\\\/avatar\\\/467a11f6918c7d619c4043fc6fa2d3853053107973f05b6e9c04ea6c4e3a7b3f?s=96&d=mm&r=g\",\"caption\":\"Javier Zamora\"},\"url\":\"https:\\\/\\\/radiolitoral.com\\\/ca\\\/author\\\/javier-zamora\\\/\"}]}<\/script>\n<!-- \/ Yoast SEO plugin. -->","yoast_head_json":{"title":"Complicat debut de lliga per al CD D\u00e9nia | R\u00e0dio Litoral","description":"Els dianencs jugaran el diumenge a casa del CD Ol\u00edmpic X\u00e0tiva a les 19 hores Els dianencs jugaran el diumenge a casa del CD Ol\u00edmpic X\u00e0tiva a les 19 hores","robots":{"index":"index","follow":"follow","max-snippet":"max-snippet:-1","max-image-preview":"max-image-preview:large","max-video-preview":"max-video-preview:-1"},"canonical":"https:\/\/radiolitoral.com\/ca\/2024\/09\/complicat-debut-de-lliga-per-al-cd-denia\/","og_locale":"ca_ES","og_type":"article","og_title":"Complicat debut de lliga per al CD D\u00e9nia | R\u00e0dio Litoral","og_description":"Els dianenses jugaran el diumenge a casa del CD Ol\u00edmpic X\u00e0tiva a les 19 hores Els dianenses jugaran el diumenge a casa del CD Ol\u00edmpic X\u00e0tiva a les 19 hores","og_url":"https:\/\/radiolitoral.com\/ca\/2024\/09\/complicat-debut-de-lliga-per-al-cd-denia\/","og_site_name":"R\u00e0dio Litoral","article_publisher":"https:\/\/www.facebook.com\/Laradiolitoral\/","article_published_time":"2024-09-06T22:30:31+00:00","og_image":[{"width":2560,"height":1707,"url":"https:\/\/media.radiolitoral.com\/wp-content\/uploads\/2024\/09\/06120727\/Jugadores-dianenses-durante-un-partido-scaled.jpg","type":"image\/jpeg"}],"author":"Javier Zamora","twitter_card":"summary_large_image","twitter_misc":{"Escrit per":"Javier Zamora","Temps estimat de lectura":"2 minuts"},"schema":{"@context":"https:\/\/schema.org","@graph":[{"@type":"NewsArticle","@id":"https:\/\/radiolitoral.com\/2024\/09\/complicat-debut-de-lliga-per-al-cd-denia\/#article","isPartOf":{"@id":"https:\/\/radiolitoral.com\/2024\/09\/complicat-debut-de-lliga-per-al-cd-denia\/"},"author":{"name":"Javier Zamora","@id":"https:\/\/radiolitoral.com\/#\/schema\/person\/7b1480b5caeb5acdd4ec6379caf62b22"},"headline":"Complicat debut de lliga per al CD D\u00e9nia","datePublished":"2024-09-06T22:30:31+00:00","mainEntityOfPage":{"@id":"https:\/\/radiolitoral.com\/2024\/09\/complicat-debut-de-lliga-per-al-cd-denia\/"},"wordCount":298,"commentCount":0,"publisher":{"@id":"https:\/\/radiolitoral.com\/#organization"},"image":{"@id":"https:\/\/radiolitoral.com\/2024\/09\/complicat-debut-de-lliga-per-al-cd-denia\/#primaryimage"},"thumbnailUrl":"https:\/\/media.radiolitoral.com\/wp-content\/uploads\/2024\/09\/06120727\/Jugadores-dianenses-durante-un-partido-scaled.jpg","keywords":["CD D\u00e9nia","CD Ol\u00edmpic X\u00e0tiva","deportes","Juanjo Antol\u00ed.","Marcos Camacho"],"articleSection":["Deportes"],"inLanguage":"ca","potentialAction":[{"@type":"CommentAction","name":"Comment","target":["https:\/\/radiolitoral.com\/2024\/09\/complicat-debut-de-lliga-per-al-cd-denia\/#respond"]}]},{"@type":["WebPage","ItemPage"],"@id":"https:\/\/radiolitoral.com\/2024\/09\/complicat-debut-de-lliga-per-al-cd-denia\/","url":"https:\/\/radiolitoral.com\/2024\/09\/complicat-debut-de-lliga-per-al-cd-denia\/","name":"Complicat debut de lliga per al CD D\u00e9nia | R\u00e0dio Litoral","isPartOf":{"@id":"https:\/\/radiolitoral.com\/#website"},"primaryImageOfPage":{"@id":"https:\/\/radiolitoral.com\/2024\/09\/complicat-debut-de-lliga-per-al-cd-denia\/#primaryimage"},"image":{"@id":"https:\/\/radiolitoral.com\/2024\/09\/complicat-debut-de-lliga-per-al-cd-denia\/#primaryimage"},"thumbnailUrl":"https:\/\/media.radiolitoral.com\/wp-content\/uploads\/2024\/09\/06120727\/Jugadores-dianenses-durante-un-partido-scaled.jpg","datePublished":"2024-09-06T22:30:31+00:00","description":"Els dianencs jugaran el diumenge a casa del CD Ol\u00edmpic X\u00e0tiva a les 19 hores Els dianencs jugaran el diumenge a casa del CD Ol\u00edmpic X\u00e0tiva a les 19 hores","breadcrumb":{"@id":"https:\/\/radiolitoral.com\/2024\/09\/complicat-debut-de-lliga-per-al-cd-denia\/#breadcrumb"},"inLanguage":"ca","potentialAction":[{"@type":"ReadAction","target":["https:\/\/radiolitoral.com\/2024\/09\/complicat-debut-de-lliga-per-al-cd-denia\/"]}]},{"@type":"ImageObject","inLanguage":"ca","@id":"https:\/\/radiolitoral.com\/2024\/09\/complicat-debut-de-lliga-per-al-cd-denia\/#primaryimage","url":"https:\/\/media.radiolitoral.com\/wp-content\/uploads\/2024\/09\/06120727\/Jugadores-dianenses-durante-un-partido-scaled.jpg","contentUrl":"https:\/\/media.radiolitoral.com\/wp-content\/uploads\/2024\/09\/06120727\/Jugadores-dianenses-durante-un-partido-scaled.jpg","width":2560,"height":1707},{"@type":"BreadcrumbList","@id":"https:\/\/radiolitoral.com\/2024\/09\/complicat-debut-de-lliga-per-al-cd-denia\/#breadcrumb","itemListElement":[{"@type":"ListItem","position":1,"name":"Portada","item":"https:\/\/radiolitoral.com\/"},{"@type":"ListItem","position":2,"name":"Complicat debut de lliga per al CD D\u00e9nia"}]},{"@type":"WebSite","@id":"https:\/\/radiolitoral.com\/#website","url":"https:\/\/radiolitoral.com\/","name":"R\u00e0dio Litoral","description":"La r\u00e0dio local de la Marina Alta","publisher":{"@id":"https:\/\/radiolitoral.com\/#organization"},"alternateName":"Litoral FM","potentialAction":[{"@type":"SearchAction","target":{"@type":"EntryPoint","urlTemplate":"https:\/\/radiolitoral.com\/?s={search_term_string}"},"query-input":{"@type":"PropertyValueSpecification","valueRequired":true,"valueName":"search_term_string"}}],"inLanguage":"ca"},{"@type":"Organization","@id":"https:\/\/radiolitoral.com\/#organization","name":"R\u00e0dio Litoral","url":"https:\/\/radiolitoral.com\/","logo":{"@type":"ImageObject","inLanguage":"ca","@id":"https:\/\/radiolitoral.com\/#\/schema\/logo\/image\/","url":"https:\/\/media.radiolitoral.com\/wp-content\/uploads\/2023\/02\/24143238\/CL-V-RadioLitoral696.png","contentUrl":"https:\/\/media.radiolitoral.com\/wp-content\/uploads\/2023\/02\/24143238\/CL-V-RadioLitoral696.png","width":696,"height":696,"caption":"Radio Litoral"},"image":{"@id":"https:\/\/radiolitoral.com\/#\/schema\/logo\/image\/"},"sameAs":["https:\/\/www.facebook.com\/Laradiolitoral\/"]},{"@type":"Person","@id":"https:\/\/radiolitoral.com\/#\/schema\/person\/7b1480b5caeb5acdd4ec6379caf62b22","name":"Javier Zamora","image":{"@type":"ImageObject","inLanguage":"ca","@id":"https:\/\/secure.gravatar.com\/avatar\/467a11f6918c7d619c4043fc6fa2d3853053107973f05b6e9c04ea6c4e3a7b3f?s=96&d=mm&r=g","url":"https:\/\/secure.gravatar.com\/avatar\/467a11f6918c7d619c4043fc6fa2d3853053107973f05b6e9c04ea6c4e3a7b3f?s=96&d=mm&r=g","contentUrl":"https:\/\/secure.gravatar.com\/avatar\/467a11f6918c7d619c4043fc6fa2d3853053107973f05b6e9c04ea6c4e3a7b3f?s=96&d=mm&r=g","caption":"Javier Zamora"},"url":"https:\/\/radiolitoral.com\/ca\/author\/javier-zamora\/"}]}},"_links":{"self":[{"href":"https:\/\/radiolitoral.com\/ca\/wp-json\/wp\/v2\/posts\/11112","targetHints":{"allow":["GET"]}}],"collection":[{"href":"https:\/\/radiolitoral.com\/ca\/wp-json\/wp\/v2\/posts"}],"about":[{"href":"https:\/\/radiolitoral.com\/ca\/wp-json\/wp\/v2\/types\/post"}],"author":[{"embeddable":true,"href":"https:\/\/radiolitoral.com\/ca\/wp-json\/wp\/v2\/users\/12"}],"replies":[{"embeddable":true,"href":"https:\/\/radiolitoral.com\/ca\/wp-json\/wp\/v2\/comments?post=11112"}],"version-history":[{"count":2,"href":"https:\/\/radiolitoral.com\/ca\/wp-json\/wp\/v2\/posts\/11112\/revisions"}],"predecessor-version":[{"id":11115,"href":"https:\/\/radiolitoral.com\/ca\/wp-json\/wp\/v2\/posts\/11112\/revisions\/11115"}],"wp:featuredmedia":[{"embeddable":true,"href":"https:\/\/radiolitoral.com\/ca\/wp-json\/wp\/v2\/media\/11113"}],"wp:attachment":[{"href":"https:\/\/radiolitoral.com\/ca\/wp-json\/wp\/v2\/media?parent=11112"}],"wp:term":[{"taxonomy":"category","embeddable":true,"href":"https:\/\/radiolitoral.com\/ca\/wp-json\/wp\/v2\/categories?post=11112"},{"taxonomy":"post_tag","embeddable":true,"href":"https:\/\/radiolitoral.com\/ca\/wp-json\/wp\/v2\/tags?post=11112"}],"curies":[{"name":"wp","href":"https:\/\/api.w.org\/{rel}","templated":true}]}}