{"id":11084,"date":"2024-09-05T19:07:01","date_gmt":"2024-09-05T17:07:01","guid":{"rendered":"https:\/\/radiolitoral.com\/?p=11084"},"modified":"2024-09-05T19:07:01","modified_gmt":"2024-09-05T17:07:01","slug":"teulada-impulsa-la-rehabilitacio-de-facans-en-zones-historiques","status":"publish","type":"post","link":"https:\/\/radiolitoral.com\/ca\/2024\/09\/teulada-impulsa-la-rehabilitacio-de-facanes-en-zones-historiques\/","title":{"rendered":"Teulada impulsa la rehabilitaci\u00f3 de fachadas a zones hist\u00f2riques"},"content":{"rendered":"<p>L&#039;Ajuntament de <strong>Teulada<\/strong> ha anunciat una nova <strong>l\u00ednia d&#039;ajuts adre\u00e7ada a la rehabilitaci\u00f3 de fachadas<\/strong> en edificis situats a zones d&#039;especial valor hist\u00f2ric i cultural. Aquesta iniciativa t\u00e9 com a objectiu principal impulsar la conservaci\u00f3 i embelliment de les \u00e0rees urbanes m\u00e9s emblem\u00e0tiques del municipi, especialment a la zona de Teulada G\u00f2tica Emmurallada i al centre hist\u00f2ric de Moraira.<\/p>\n<p>Aquest programa de subvencions, amb <strong>una partida de 7.500 euros per a l&#039;any vinent<\/strong>, permetr\u00e0 finan\u00e7ar fins al 80% dels gastos associats a les intervencions, amb un l\u00edmit m\u00e0xim de 2.000 euros per cada projecte. El regidor d&#039;Urbanisme, Tony Reig, ha subratllat la rellev\u00e0ncia d&#039;aquesta mesura en el marc de les pol\u00edtiques de protecci\u00f3 del patrimoni local, remarcant que els propietaris que s&#039;acullin a aquesta convocat\u00f2ria hauran de respectar les pautes esttiques i normatives del municipi .<\/p>\n<p>Els interessats tindran un termini de dos mesos per presentar les seves sol\u00b7licituds, a partir de la data de publicaci\u00f3 de la convocat\u00f2ria. Les peticions hauran dincloure, entre altres documents, una prova de titularitat de limmoble i un pressupost detallat de les obres previstes.<\/p>\n<p>Per a m\u00e9s detalls, els ve\u00efns poden adre\u00e7ar-se a la seu electr\u00f2nica de l&#039;Ajuntament o visitar personalment les oficines del Servei d&#039;Informaci\u00f3 i Tramitaci\u00f3 (SIT) a Teulada o Moraira.<\/p>","protected":false},"excerpt":{"rendered":"<p>L&#8217;Ajuntament de Teulada ha anunciat una nova l\u00ednia d&#8217;ajudes dirigida a la rehabilitaci\u00f3 de fa\u00e7anes en edificis situats en zones d&#8217;especial valor hist\u00f2ric i cultural. Aquesta iniciativa t\u00e9 com a objectiu principal impulsar la conservaci\u00f3 i embelliment de les \u00e0rees urbanes m\u00e9s emblem\u00e0tiques del municipi, especialment a la zona de \u2018Teulada G\u00f2tica Emmurallada\u2019 i al [&#8230;]<\/p>\n<p><a class=\"btn btn-secondary understrap-read-more-link\" href=\"https:\/\/radiolitoral.com\/ca\/2024\/09\/teulada-impulsa-la-rehabilitacio-de-facanes-en-zones-historiques\/\">Continua llegint&#8230;<span class=\"screen-reader-text\"> from Teulada impulsa la rehabilitaci\u00f3 de fa\u00e7anes en zones hist\u00f2riques<\/span><\/a><\/p>\n","protected":false},"author":14,"featured_media":6683,"comment_status":"open","ping_status":"closed","sticky":false,"template":"","format":"standard","meta":{"_acf_changed":false,"inline_featured_image":false,"footnotes":""},"categories":[46],"tags":[764,2136,2137,146],"class_list":["post-11084","post","type-post","status-publish","format-standard","has-post-thumbnail","hentry","category-sociedad","tag-ayudas","tag-fachadas-historicas","tag-subvencion","tag-teulada","cobertura-teulada-moraira"],"acf":[],"yoast_head":"<!-- This site is optimized with the Yoast SEO plugin v27.5 - https:\/\/yoast.com\/product\/yoast-seo-wordpress\/ -->\n<title>Teulada impulsa la rehabilitaci\u00f3 de fa\u00e7anes en zones hist\u00f2riques | R\u00e0dio Litoral<\/title>\n<meta name=\"description\" content=\"L&#039;Ajuntament destina 7.500 euros per a la conservaci\u00f3 i embelliment dels edificis\" \/>\n<meta name=\"robots\" content=\"index, follow, max-snippet:-1, max-image-preview:large, max-video-preview:-1\" \/>\n<link rel=\"canonical\" href=\"https:\/\/radiolitoral.com\/ca\/2024\/09\/teulada-impulsa-la-rehabilitacio-de-facans-en-zones-historiques\/\" \/>\n<meta property=\"og:locale\" content=\"ca_ES\" \/>\n<meta property=\"og:type\" content=\"article\" \/>\n<meta property=\"og:title\" content=\"Teulada impulsa la rehabilitaci\u00f3 de fa\u00e7anes en zones hist\u00f2riques | R\u00e0dio Litoral\" \/>\n<meta property=\"og:description\" content=\"L&#039;Ajuntament destina 7.500 euros per a la conservaci\u00f3 i embelliment dels edificis\" \/>\n<meta property=\"og:url\" content=\"https:\/\/radiolitoral.com\/ca\/2024\/09\/teulada-impulsa-la-rehabilitacio-de-facans-en-zones-historiques\/\" \/>\n<meta property=\"og:site_name\" content=\"R\u00e0dio Litoral\" \/>\n<meta property=\"article:publisher\" content=\"https:\/\/www.facebook.com\/Laradiolitoral\/\" \/>\n<meta property=\"article:published_time\" content=\"2024-09-05T17:07:01+00:00\" \/>\n<meta property=\"og:image\" content=\"https:\/\/media.radiolitoral.com\/wp-content\/uploads\/2024\/01\/30204150\/Teulada.-casco-hitorico.jpg\" \/>\n\t<meta property=\"og:image:width\" content=\"960\" \/>\n\t<meta property=\"og:image:height\" content=\"640\" \/>\n\t<meta property=\"og:image:type\" content=\"image\/jpeg\" \/>\n<meta name=\"author\" content=\"Redacci\u00f3n\" \/>\n<meta name=\"twitter:card\" content=\"summary_large_image\" \/>\n<meta name=\"twitter:label1\" content=\"Escrit per\" \/>\n\t<meta name=\"twitter:data1\" content=\"Redacci\u00f3n\" \/>\n\t<meta name=\"twitter:label2\" content=\"Temps estimat de lectura\" \/>\n\t<meta name=\"twitter:data2\" content=\"2 minuts\" \/>\n<script type=\"application\/ld+json\" class=\"yoast-schema-graph\">{\"@context\":\"https:\\\/\\\/schema.org\",\"@graph\":[{\"@type\":\"NewsArticle\",\"@id\":\"https:\\\/\\\/radiolitoral.com\\\/2024\\\/09\\\/teulada-impulsa-la-rehabilitacio-de-facanes-en-zones-historiques\\\/#article\",\"isPartOf\":{\"@id\":\"https:\\\/\\\/radiolitoral.com\\\/2024\\\/09\\\/teulada-impulsa-la-rehabilitacio-de-facanes-en-zones-historiques\\\/\"},\"author\":{\"name\":\"Redacci\u00f3n\",\"@id\":\"https:\\\/\\\/radiolitoral.com\\\/#\\\/schema\\\/person\\\/96b739642eb3bedb532aac3812d23307\"},\"headline\":\"Teulada impulsa la rehabilitaci\u00f3 de fa\u00e7anes en zones hist\u00f2riques\",\"datePublished\":\"2024-09-05T17:07:01+00:00\",\"mainEntityOfPage\":{\"@id\":\"https:\\\/\\\/radiolitoral.com\\\/2024\\\/09\\\/teulada-impulsa-la-rehabilitacio-de-facanes-en-zones-historiques\\\/\"},\"wordCount\":248,\"commentCount\":0,\"publisher\":{\"@id\":\"https:\\\/\\\/radiolitoral.com\\\/#organization\"},\"image\":{\"@id\":\"https:\\\/\\\/radiolitoral.com\\\/2024\\\/09\\\/teulada-impulsa-la-rehabilitacio-de-facanes-en-zones-historiques\\\/#primaryimage\"},\"thumbnailUrl\":\"https:\\\/\\\/media.radiolitoral.com\\\/wp-content\\\/uploads\\\/2024\\\/01\\\/30204150\\\/Teulada.-casco-hitorico.jpg\",\"keywords\":[\"ayudas\",\"fachadas hist\u00f3ricas\",\"subvenci\u00f3n\",\"Teulada\"],\"articleSection\":[\"Sociedad\"],\"inLanguage\":\"ca\",\"potentialAction\":[{\"@type\":\"CommentAction\",\"name\":\"Comment\",\"target\":[\"https:\\\/\\\/radiolitoral.com\\\/2024\\\/09\\\/teulada-impulsa-la-rehabilitacio-de-facanes-en-zones-historiques\\\/#respond\"]}]},{\"@type\":[\"WebPage\",\"ItemPage\"],\"@id\":\"https:\\\/\\\/radiolitoral.com\\\/2024\\\/09\\\/teulada-impulsa-la-rehabilitacio-de-facanes-en-zones-historiques\\\/\",\"url\":\"https:\\\/\\\/radiolitoral.com\\\/2024\\\/09\\\/teulada-impulsa-la-rehabilitacio-de-facanes-en-zones-historiques\\\/\",\"name\":\"Teulada impulsa la rehabilitaci\u00f3 de fa\u00e7anes en zones hist\u00f2riques | R\u00e0dio Litoral\",\"isPartOf\":{\"@id\":\"https:\\\/\\\/radiolitoral.com\\\/#website\"},\"primaryImageOfPage\":{\"@id\":\"https:\\\/\\\/radiolitoral.com\\\/2024\\\/09\\\/teulada-impulsa-la-rehabilitacio-de-facanes-en-zones-historiques\\\/#primaryimage\"},\"image\":{\"@id\":\"https:\\\/\\\/radiolitoral.com\\\/2024\\\/09\\\/teulada-impulsa-la-rehabilitacio-de-facanes-en-zones-historiques\\\/#primaryimage\"},\"thumbnailUrl\":\"https:\\\/\\\/media.radiolitoral.com\\\/wp-content\\\/uploads\\\/2024\\\/01\\\/30204150\\\/Teulada.-casco-hitorico.jpg\",\"datePublished\":\"2024-09-05T17:07:01+00:00\",\"description\":\"L'Ajuntament destina 7.500 euros per a la conservaci\u00f3 i embelliment dels edificis\",\"breadcrumb\":{\"@id\":\"https:\\\/\\\/radiolitoral.com\\\/2024\\\/09\\\/teulada-impulsa-la-rehabilitacio-de-facanes-en-zones-historiques\\\/#breadcrumb\"},\"inLanguage\":\"ca\",\"potentialAction\":[{\"@type\":\"ReadAction\",\"target\":[\"https:\\\/\\\/radiolitoral.com\\\/2024\\\/09\\\/teulada-impulsa-la-rehabilitacio-de-facanes-en-zones-historiques\\\/\"]}]},{\"@type\":\"ImageObject\",\"inLanguage\":\"ca\",\"@id\":\"https:\\\/\\\/radiolitoral.com\\\/2024\\\/09\\\/teulada-impulsa-la-rehabilitacio-de-facanes-en-zones-historiques\\\/#primaryimage\",\"url\":\"https:\\\/\\\/media.radiolitoral.com\\\/wp-content\\\/uploads\\\/2024\\\/01\\\/30204150\\\/Teulada.-casco-hitorico.jpg\",\"contentUrl\":\"https:\\\/\\\/media.radiolitoral.com\\\/wp-content\\\/uploads\\\/2024\\\/01\\\/30204150\\\/Teulada.-casco-hitorico.jpg\",\"width\":960,\"height\":640},{\"@type\":\"BreadcrumbList\",\"@id\":\"https:\\\/\\\/radiolitoral.com\\\/2024\\\/09\\\/teulada-impulsa-la-rehabilitacio-de-facanes-en-zones-historiques\\\/#breadcrumb\",\"itemListElement\":[{\"@type\":\"ListItem\",\"position\":1,\"name\":\"Portada\",\"item\":\"https:\\\/\\\/radiolitoral.com\\\/\"},{\"@type\":\"ListItem\",\"position\":2,\"name\":\"Teulada impulsa la rehabilitaci\u00f3 de fa\u00e7anes en zones hist\u00f2riques\"}]},{\"@type\":\"WebSite\",\"@id\":\"https:\\\/\\\/radiolitoral.com\\\/#website\",\"url\":\"https:\\\/\\\/radiolitoral.com\\\/\",\"name\":\"Radio Litoral\",\"description\":\"La radio local de la Marina Alta\",\"publisher\":{\"@id\":\"https:\\\/\\\/radiolitoral.com\\\/#organization\"},\"alternateName\":\"Litoral FM\",\"potentialAction\":[{\"@type\":\"SearchAction\",\"target\":{\"@type\":\"EntryPoint\",\"urlTemplate\":\"https:\\\/\\\/radiolitoral.com\\\/?s={search_term_string}\"},\"query-input\":{\"@type\":\"PropertyValueSpecification\",\"valueRequired\":true,\"valueName\":\"search_term_string\"}}],\"inLanguage\":\"ca\"},{\"@type\":\"Organization\",\"@id\":\"https:\\\/\\\/radiolitoral.com\\\/#organization\",\"name\":\"Radio Litoral\",\"url\":\"https:\\\/\\\/radiolitoral.com\\\/\",\"logo\":{\"@type\":\"ImageObject\",\"inLanguage\":\"ca\",\"@id\":\"https:\\\/\\\/radiolitoral.com\\\/#\\\/schema\\\/logo\\\/image\\\/\",\"url\":\"https:\\\/\\\/media.radiolitoral.com\\\/wp-content\\\/uploads\\\/2023\\\/02\\\/24143238\\\/CL-V-RadioLitoral696.png\",\"contentUrl\":\"https:\\\/\\\/media.radiolitoral.com\\\/wp-content\\\/uploads\\\/2023\\\/02\\\/24143238\\\/CL-V-RadioLitoral696.png\",\"width\":696,\"height\":696,\"caption\":\"Radio Litoral\"},\"image\":{\"@id\":\"https:\\\/\\\/radiolitoral.com\\\/#\\\/schema\\\/logo\\\/image\\\/\"},\"sameAs\":[\"https:\\\/\\\/www.facebook.com\\\/Laradiolitoral\\\/\"]},{\"@type\":\"Person\",\"@id\":\"https:\\\/\\\/radiolitoral.com\\\/#\\\/schema\\\/person\\\/96b739642eb3bedb532aac3812d23307\",\"name\":\"Redacci\u00f3n\",\"image\":{\"@type\":\"ImageObject\",\"inLanguage\":\"ca\",\"@id\":\"https:\\\/\\\/secure.gravatar.com\\\/avatar\\\/30cd06129ee90411dd9c7cbdcf17464181d1a3c7b072e92070ea75a25cf0097e?s=96&d=mm&r=g\",\"url\":\"https:\\\/\\\/secure.gravatar.com\\\/avatar\\\/30cd06129ee90411dd9c7cbdcf17464181d1a3c7b072e92070ea75a25cf0097e?s=96&d=mm&r=g\",\"contentUrl\":\"https:\\\/\\\/secure.gravatar.com\\\/avatar\\\/30cd06129ee90411dd9c7cbdcf17464181d1a3c7b072e92070ea75a25cf0097e?s=96&d=mm&r=g\",\"caption\":\"Redacci\u00f3n\"},\"url\":\"https:\\\/\\\/radiolitoral.com\\\/ca\\\/author\\\/kevin-carrio\\\/\"}]}<\/script>\n<!-- \/ Yoast SEO plugin. -->","yoast_head_json":{"title":"Teulada impulsa la rehabilitaci\u00f3 de fachadas a zones hist\u00f2riques | R\u00e0dio Litoral","description":"L&#039;Ajuntament destina 7.500 euros per a la conservaci\u00f3 i l&#039;embelliment dels edificis","robots":{"index":"index","follow":"follow","max-snippet":"max-snippet:-1","max-image-preview":"max-image-preview:large","max-video-preview":"max-video-preview:-1"},"canonical":"https:\/\/radiolitoral.com\/ca\/2024\/09\/teulada-impulsa-la-rehabilitacio-de-facans-en-zones-historiques\/","og_locale":"ca_ES","og_type":"article","og_title":"Teulada impulsa la rehabilitaci\u00f3 de fa\u00e7anes en zones hist\u00f2riques | R\u00e0dio Litoral","og_description":"L'Ajuntament destina 7.500 euros per a la conservaci\u00f3 i embelliment dels edificis","og_url":"https:\/\/radiolitoral.com\/ca\/2024\/09\/teulada-impulsa-la-rehabilitacio-de-facans-en-zones-historiques\/","og_site_name":"R\u00e0dio Litoral","article_publisher":"https:\/\/www.facebook.com\/Laradiolitoral\/","article_published_time":"2024-09-05T17:07:01+00:00","og_image":[{"width":960,"height":640,"url":"https:\/\/media.radiolitoral.com\/wp-content\/uploads\/2024\/01\/30204150\/Teulada.-casco-hitorico.jpg","type":"image\/jpeg"}],"author":"Redacci\u00f3n","twitter_card":"summary_large_image","twitter_misc":{"Escrit per":"Redacci\u00f3n","Temps estimat de lectura":"2 minuts"},"schema":{"@context":"https:\/\/schema.org","@graph":[{"@type":"NewsArticle","@id":"https:\/\/radiolitoral.com\/2024\/09\/teulada-impulsa-la-rehabilitacio-de-facanes-en-zones-historiques\/#article","isPartOf":{"@id":"https:\/\/radiolitoral.com\/2024\/09\/teulada-impulsa-la-rehabilitacio-de-facanes-en-zones-historiques\/"},"author":{"name":"Redacci\u00f3n","@id":"https:\/\/radiolitoral.com\/#\/schema\/person\/96b739642eb3bedb532aac3812d23307"},"headline":"Teulada impulsa la rehabilitaci\u00f3 de fa\u00e7anes en zones hist\u00f2riques","datePublished":"2024-09-05T17:07:01+00:00","mainEntityOfPage":{"@id":"https:\/\/radiolitoral.com\/2024\/09\/teulada-impulsa-la-rehabilitacio-de-facanes-en-zones-historiques\/"},"wordCount":248,"commentCount":0,"publisher":{"@id":"https:\/\/radiolitoral.com\/#organization"},"image":{"@id":"https:\/\/radiolitoral.com\/2024\/09\/teulada-impulsa-la-rehabilitacio-de-facanes-en-zones-historiques\/#primaryimage"},"thumbnailUrl":"https:\/\/media.radiolitoral.com\/wp-content\/uploads\/2024\/01\/30204150\/Teulada.-casco-hitorico.jpg","keywords":["ayudas","fachadas hist\u00f3ricas","subvenci\u00f3n","Teulada"],"articleSection":["Sociedad"],"inLanguage":"ca","potentialAction":[{"@type":"CommentAction","name":"Comment","target":["https:\/\/radiolitoral.com\/2024\/09\/teulada-impulsa-la-rehabilitacio-de-facanes-en-zones-historiques\/#respond"]}]},{"@type":["WebPage","ItemPage"],"@id":"https:\/\/radiolitoral.com\/2024\/09\/teulada-impulsa-la-rehabilitacio-de-facanes-en-zones-historiques\/","url":"https:\/\/radiolitoral.com\/2024\/09\/teulada-impulsa-la-rehabilitacio-de-facanes-en-zones-historiques\/","name":"Teulada impulsa la rehabilitaci\u00f3 de fachadas a zones hist\u00f2riques | R\u00e0dio Litoral","isPartOf":{"@id":"https:\/\/radiolitoral.com\/#website"},"primaryImageOfPage":{"@id":"https:\/\/radiolitoral.com\/2024\/09\/teulada-impulsa-la-rehabilitacio-de-facanes-en-zones-historiques\/#primaryimage"},"image":{"@id":"https:\/\/radiolitoral.com\/2024\/09\/teulada-impulsa-la-rehabilitacio-de-facanes-en-zones-historiques\/#primaryimage"},"thumbnailUrl":"https:\/\/media.radiolitoral.com\/wp-content\/uploads\/2024\/01\/30204150\/Teulada.-casco-hitorico.jpg","datePublished":"2024-09-05T17:07:01+00:00","description":"L&#039;Ajuntament destina 7.500 euros per a la conservaci\u00f3 i l&#039;embelliment dels edificis","breadcrumb":{"@id":"https:\/\/radiolitoral.com\/2024\/09\/teulada-impulsa-la-rehabilitacio-de-facanes-en-zones-historiques\/#breadcrumb"},"inLanguage":"ca","potentialAction":[{"@type":"ReadAction","target":["https:\/\/radiolitoral.com\/2024\/09\/teulada-impulsa-la-rehabilitacio-de-facanes-en-zones-historiques\/"]}]},{"@type":"ImageObject","inLanguage":"ca","@id":"https:\/\/radiolitoral.com\/2024\/09\/teulada-impulsa-la-rehabilitacio-de-facanes-en-zones-historiques\/#primaryimage","url":"https:\/\/media.radiolitoral.com\/wp-content\/uploads\/2024\/01\/30204150\/Teulada.-casco-hitorico.jpg","contentUrl":"https:\/\/media.radiolitoral.com\/wp-content\/uploads\/2024\/01\/30204150\/Teulada.-casco-hitorico.jpg","width":960,"height":640},{"@type":"BreadcrumbList","@id":"https:\/\/radiolitoral.com\/2024\/09\/teulada-impulsa-la-rehabilitacio-de-facanes-en-zones-historiques\/#breadcrumb","itemListElement":[{"@type":"ListItem","position":1,"name":"Portada","item":"https:\/\/radiolitoral.com\/"},{"@type":"ListItem","position":2,"name":"Teulada impulsa la rehabilitaci\u00f3 de fa\u00e7anes en zones hist\u00f2riques"}]},{"@type":"WebSite","@id":"https:\/\/radiolitoral.com\/#website","url":"https:\/\/radiolitoral.com\/","name":"R\u00e0dio Litoral","description":"La r\u00e0dio local de la Marina Alta","publisher":{"@id":"https:\/\/radiolitoral.com\/#organization"},"alternateName":"Litoral FM","potentialAction":[{"@type":"SearchAction","target":{"@type":"EntryPoint","urlTemplate":"https:\/\/radiolitoral.com\/?s={search_term_string}"},"query-input":{"@type":"PropertyValueSpecification","valueRequired":true,"valueName":"search_term_string"}}],"inLanguage":"ca"},{"@type":"Organization","@id":"https:\/\/radiolitoral.com\/#organization","name":"R\u00e0dio Litoral","url":"https:\/\/radiolitoral.com\/","logo":{"@type":"ImageObject","inLanguage":"ca","@id":"https:\/\/radiolitoral.com\/#\/schema\/logo\/image\/","url":"https:\/\/media.radiolitoral.com\/wp-content\/uploads\/2023\/02\/24143238\/CL-V-RadioLitoral696.png","contentUrl":"https:\/\/media.radiolitoral.com\/wp-content\/uploads\/2023\/02\/24143238\/CL-V-RadioLitoral696.png","width":696,"height":696,"caption":"Radio Litoral"},"image":{"@id":"https:\/\/radiolitoral.com\/#\/schema\/logo\/image\/"},"sameAs":["https:\/\/www.facebook.com\/Laradiolitoral\/"]},{"@type":"Person","@id":"https:\/\/radiolitoral.com\/#\/schema\/person\/96b739642eb3bedb532aac3812d23307","name":"Redacci\u00f3","image":{"@type":"ImageObject","inLanguage":"ca","@id":"https:\/\/secure.gravatar.com\/avatar\/30cd06129ee90411dd9c7cbdcf17464181d1a3c7b072e92070ea75a25cf0097e?s=96&d=mm&r=g","url":"https:\/\/secure.gravatar.com\/avatar\/30cd06129ee90411dd9c7cbdcf17464181d1a3c7b072e92070ea75a25cf0097e?s=96&d=mm&r=g","contentUrl":"https:\/\/secure.gravatar.com\/avatar\/30cd06129ee90411dd9c7cbdcf17464181d1a3c7b072e92070ea75a25cf0097e?s=96&d=mm&r=g","caption":"Redacci\u00f3n"},"url":"https:\/\/radiolitoral.com\/ca\/author\/kevin-carrio\/"}]}},"_links":{"self":[{"href":"https:\/\/radiolitoral.com\/ca\/wp-json\/wp\/v2\/posts\/11084","targetHints":{"allow":["GET"]}}],"collection":[{"href":"https:\/\/radiolitoral.com\/ca\/wp-json\/wp\/v2\/posts"}],"about":[{"href":"https:\/\/radiolitoral.com\/ca\/wp-json\/wp\/v2\/types\/post"}],"author":[{"embeddable":true,"href":"https:\/\/radiolitoral.com\/ca\/wp-json\/wp\/v2\/users\/14"}],"replies":[{"embeddable":true,"href":"https:\/\/radiolitoral.com\/ca\/wp-json\/wp\/v2\/comments?post=11084"}],"version-history":[{"count":1,"href":"https:\/\/radiolitoral.com\/ca\/wp-json\/wp\/v2\/posts\/11084\/revisions"}],"predecessor-version":[{"id":11085,"href":"https:\/\/radiolitoral.com\/ca\/wp-json\/wp\/v2\/posts\/11084\/revisions\/11085"}],"wp:featuredmedia":[{"embeddable":true,"href":"https:\/\/radiolitoral.com\/ca\/wp-json\/wp\/v2\/media\/6683"}],"wp:attachment":[{"href":"https:\/\/radiolitoral.com\/ca\/wp-json\/wp\/v2\/media?parent=11084"}],"wp:term":[{"taxonomy":"category","embeddable":true,"href":"https:\/\/radiolitoral.com\/ca\/wp-json\/wp\/v2\/categories?post=11084"},{"taxonomy":"post_tag","embeddable":true,"href":"https:\/\/radiolitoral.com\/ca\/wp-json\/wp\/v2\/tags?post=11084"}],"curies":[{"name":"wp","href":"https:\/\/api.w.org\/{rel}","templated":true}]}}