{"id":11064,"date":"2024-09-05T10:57:09","date_gmt":"2024-09-05T08:57:09","guid":{"rendered":"https:\/\/radiolitoral.com\/?p=11064"},"modified":"2024-09-05T11:41:33","modified_gmt":"2024-09-05T09:41:33","slug":"denia-organitza-la-jornada-de-tallers-reseteja-la-teva-salut","status":"publish","type":"post","link":"https:\/\/radiolitoral.com\/ca\/2024\/09\/denia-organitza-la-jornada-de-tallers-reseteja-la-teua-salut\/","title":{"rendered":"D\u00e9nia organitza la jornada de tallers \u00abReseteja la teva salut\u00bb"},"content":{"rendered":"<p>L&#039;<strong>Ajuntament de D\u00e9nia<\/strong>, a trav\u00e9s de la Regidoria d&#039;Esports, ha organitzat un esdeveniment gratu\u00eft dissenyat per a promoure la salut i el benestar a trav\u00e9s de l&#039;esport, la nutrici\u00f3 i la motivaci\u00f3.<\/p>\n<p>La jornada <strong>\u201cReseteja la teva salut\u201d<\/strong> se celebrar\u00e0 dissabte 14 de setembre de 2024, a la Casa de Cultura de D\u00e9nia, amb acc\u00e9s lliure fins a completar aforament. L&#039;esdeveniment inclour\u00e0 tallers impartits per experts en diferents disciplines com s\u00f3n l&#039;entrenament personal cardiovascular i de for\u00e7a, la nutrici\u00f3 o la psicologia de l&#039;esport. L&#039;objectiu \u00e9s oferir un espai de reflexi\u00f3 i aprenentatge per millorar la salut f\u00edsica i mental dels participants.<\/p>\n<p>La jornada comen\u00e7ar\u00e0 a les 10 hores amb el taller \u201cMotivaci\u00f3 i esport\u201d, impartit pel psic\u00f2leg <strong>Juan Carlos Arancibia<\/strong>, qui abordar\u00e0 els claus per mantenir la motivaci\u00f3 a la pr\u00e0ctica esportiva i com enfrontar els temors que ens impedeixen progressar.<\/p>\n<p>A les 10.45 hores ser\u00e0 el torn de la nutricionista <strong>Estefania Ribes<\/strong>, amb el taller \u201cNutrici\u00f3 dia a dia\u201d, qui ensenyar\u00e0 a seleccionar els aliments essencials per a una dieta equilibrada, adaptada a les necessitats di\u00e0ries.<\/p>\n<p>A les 11.45 hores, comen\u00e7ar\u00e0 \u201cExercici cardiovascular\u201d, taller impartit per <strong>Marc Banyuls<\/strong>, entrenador personal especialitzat en running, qui explicar\u00e0 com establir una correcta condici\u00f3 f\u00edsica per comen\u00e7ar a c\u00f3rrer i convertir aquesta activitat en un h\u00e0bit saludable a llarg termini.<\/p>\n<p>Finalment, a les 12.15 hores l&#039;entrenador personal <strong>Adam Gavil\u00e0<\/strong> impartir\u00e0 el taller \u201cExercici de for\u00e7a\u201d i detallar\u00e0 la import\u00e0ncia de l&#039;exercici de for\u00e7a a la vida di\u00e0ria i com millorar-la per obtenir un bon estat f\u00edsic.<\/p>\n<p>La jornada finalitzar\u00e0 amb una taula rodona esportiva titulada \u201cDonem-li veu a l&#039;esport!\u201d, on es debatr\u00e0 sobre la import\u00e0ncia de mantenir h\u00e0bits saludables i esportius per millorar la qualitat de vida i la necessitat de continuar visibilitzant i dignificant el sector de la salut i lesport.<\/p>\n<p><strong>Valen Alcal\u00e0<\/strong>, regidor d&#039;Esports, ha destacat que \u201cdons de la regidoria estem comprometits a continuar promovent aquest tipus de jornades que eduquin i tamb\u00e9 inspirin a portar una vida m\u00e9s activa i saludable. A D\u00e9nia hi ha molts i molt bons professionals de l&#039;esport i la salut, com els que tindrem en aquesta jornada, que ens poden ajudar a implementar h\u00e0bits positius. Aprofitem l&#039;oportunitat!\u201d.<\/p>","protected":false},"excerpt":{"rendered":"<p>L&#8217;Ajuntament de D\u00e9nia, a trav\u00e9s de la Regidoria d&#8217;Esports, ha organitzat un esdeveniment gratu\u00eft dissenyat per a promoure la salut i el benestar a trav\u00e9s l&#8217;esport, la nutrici\u00f3 i la motivaci\u00f3. La jornada \u201cReseteja la teua salut\u201d se celebrar\u00e0 dissabte 14 de setembre de 2024, a la Casa de la Cultura de D\u00e9nia, amb acc\u00e9s [&#8230;]<\/p>\n<p><a class=\"btn btn-secondary understrap-read-more-link\" href=\"https:\/\/radiolitoral.com\/ca\/2024\/09\/denia-organitza-la-jornada-de-tallers-reseteja-la-teua-salut\/\">Continua llegint&#8230;<span class=\"screen-reader-text\"> from D\u00e9nia organitza la jornada de tallers \u00abReseteja la teua salut\u00bb<\/span><\/a><\/p>\n","protected":false},"author":12,"featured_media":11065,"comment_status":"open","ping_status":"closed","sticky":false,"template":"","format":"standard","meta":{"_acf_changed":false,"inline_featured_image":false,"footnotes":""},"categories":[5],"tags":[2130,2126,6,2128,2127,2129,1210],"class_list":["post-11064","post","type-post","status-publish","format-standard","has-post-thumbnail","hentry","category-deportes","tag-adam-gavila","tag-ajuntament-de-denia","tag-deportes","tag-estefania-ribes","tag-juan-carlos-arancibia","tag-marc-banyuls","tag-valen-alcala","cobertura-denia"],"acf":[],"yoast_head":"<!-- This site is optimized with the Yoast SEO plugin v27.5 - https:\/\/yoast.com\/product\/yoast-seo-wordpress\/ -->\n<title>D\u00e9nia organitza la jornada de tallers &quot;Reseteja la teua salut&quot; | R\u00e0dio Litoral<\/title>\n<meta name=\"description\" content=\"Se celebrar\u00e0 dissabte 14 de setembre de 2024, a la Casa de la Cultura amb acc\u00e9s lliure fins a completar aforamentSe celebrar\u00e0 dissabte 14 de setembre de 2024, a la Casa de la Cultura amb acc\u00e9s lliure fins a completar aforament\" \/>\n<meta name=\"robots\" content=\"index, follow, max-snippet:-1, max-image-preview:large, max-video-preview:-1\" \/>\n<link rel=\"canonical\" href=\"https:\/\/radiolitoral.com\/ca\/2024\/09\/denia-organitza-la-jornada-de-tallers-reseteja-la-teva-salut\/\" \/>\n<meta property=\"og:locale\" content=\"ca_ES\" \/>\n<meta property=\"og:type\" content=\"article\" \/>\n<meta property=\"og:title\" content=\"D\u00e9nia organitza la jornada de tallers &quot;Reseteja la teua salut&quot; | R\u00e0dio Litoral\" \/>\n<meta property=\"og:description\" content=\"Se celebrar\u00e0 dissabte 14 de setembre de 2024, a la Casa de la Cultura amb acc\u00e9s lliure fins a completar aforamentSe celebrar\u00e0 dissabte 14 de setembre de 2024, a la Casa de la Cultura amb acc\u00e9s lliure fins a completar aforament\" \/>\n<meta property=\"og:url\" content=\"https:\/\/radiolitoral.com\/ca\/2024\/09\/denia-organitza-la-jornada-de-tallers-reseteja-la-teva-salut\/\" \/>\n<meta property=\"og:site_name\" content=\"R\u00e0dio Litoral\" \/>\n<meta property=\"article:publisher\" content=\"https:\/\/www.facebook.com\/Laradiolitoral\/\" \/>\n<meta property=\"article:published_time\" content=\"2024-09-05T08:57:09+00:00\" \/>\n<meta property=\"article:modified_time\" content=\"2024-09-05T09:41:33+00:00\" \/>\n<meta property=\"og:image\" content=\"https:\/\/media.radiolitoral.com\/wp-content\/uploads\/2024\/09\/05105610\/Cartel-Taller.jpg\" \/>\n\t<meta property=\"og:image:width\" content=\"900\" \/>\n\t<meta property=\"og:image:height\" content=\"1009\" \/>\n\t<meta property=\"og:image:type\" content=\"image\/jpeg\" \/>\n<meta name=\"author\" content=\"Javier Zamora\" \/>\n<meta name=\"twitter:card\" content=\"summary_large_image\" \/>\n<meta name=\"twitter:label1\" content=\"Escrit per\" \/>\n\t<meta name=\"twitter:data1\" content=\"Javier Zamora\" \/>\n\t<meta name=\"twitter:label2\" content=\"Temps estimat de lectura\" \/>\n\t<meta name=\"twitter:data2\" content=\"2 minuts\" \/>\n<script type=\"application\/ld+json\" class=\"yoast-schema-graph\">{\"@context\":\"https:\\\/\\\/schema.org\",\"@graph\":[{\"@type\":\"NewsArticle\",\"@id\":\"https:\\\/\\\/radiolitoral.com\\\/2024\\\/09\\\/denia-organitza-la-jornada-de-tallers-reseteja-la-teua-salut\\\/#article\",\"isPartOf\":{\"@id\":\"https:\\\/\\\/radiolitoral.com\\\/2024\\\/09\\\/denia-organitza-la-jornada-de-tallers-reseteja-la-teua-salut\\\/\"},\"author\":{\"name\":\"Javier Zamora\",\"@id\":\"https:\\\/\\\/radiolitoral.com\\\/#\\\/schema\\\/person\\\/7b1480b5caeb5acdd4ec6379caf62b22\"},\"headline\":\"D\u00e9nia organitza la jornada de tallers \u00abReseteja la teua salut\u00bb\",\"datePublished\":\"2024-09-05T08:57:09+00:00\",\"dateModified\":\"2024-09-05T09:41:33+00:00\",\"mainEntityOfPage\":{\"@id\":\"https:\\\/\\\/radiolitoral.com\\\/2024\\\/09\\\/denia-organitza-la-jornada-de-tallers-reseteja-la-teua-salut\\\/\"},\"wordCount\":412,\"commentCount\":0,\"publisher\":{\"@id\":\"https:\\\/\\\/radiolitoral.com\\\/#organization\"},\"image\":{\"@id\":\"https:\\\/\\\/radiolitoral.com\\\/2024\\\/09\\\/denia-organitza-la-jornada-de-tallers-reseteja-la-teua-salut\\\/#primaryimage\"},\"thumbnailUrl\":\"https:\\\/\\\/media.radiolitoral.com\\\/wp-content\\\/uploads\\\/2024\\\/09\\\/05105610\\\/Cartel-Taller.jpg\",\"keywords\":[\"Adam Gavil\u00e0\",\"Ajuntament de D\u00e9nia\",\"deportes\",\"Estefan\u00eda Ribes\",\"Juan Carlos Arancibia\",\"Marc Banyuls\",\"Valen Alcal\u00e1\"],\"articleSection\":[\"Deportes\"],\"inLanguage\":\"ca\",\"potentialAction\":[{\"@type\":\"CommentAction\",\"name\":\"Comment\",\"target\":[\"https:\\\/\\\/radiolitoral.com\\\/2024\\\/09\\\/denia-organitza-la-jornada-de-tallers-reseteja-la-teua-salut\\\/#respond\"]}]},{\"@type\":[\"WebPage\",\"ItemPage\"],\"@id\":\"https:\\\/\\\/radiolitoral.com\\\/2024\\\/09\\\/denia-organitza-la-jornada-de-tallers-reseteja-la-teua-salut\\\/\",\"url\":\"https:\\\/\\\/radiolitoral.com\\\/2024\\\/09\\\/denia-organitza-la-jornada-de-tallers-reseteja-la-teua-salut\\\/\",\"name\":\"D\u00e9nia organitza la jornada de tallers \\\"Reseteja la teua salut\\\" | R\u00e0dio Litoral\",\"isPartOf\":{\"@id\":\"https:\\\/\\\/radiolitoral.com\\\/#website\"},\"primaryImageOfPage\":{\"@id\":\"https:\\\/\\\/radiolitoral.com\\\/2024\\\/09\\\/denia-organitza-la-jornada-de-tallers-reseteja-la-teua-salut\\\/#primaryimage\"},\"image\":{\"@id\":\"https:\\\/\\\/radiolitoral.com\\\/2024\\\/09\\\/denia-organitza-la-jornada-de-tallers-reseteja-la-teua-salut\\\/#primaryimage\"},\"thumbnailUrl\":\"https:\\\/\\\/media.radiolitoral.com\\\/wp-content\\\/uploads\\\/2024\\\/09\\\/05105610\\\/Cartel-Taller.jpg\",\"datePublished\":\"2024-09-05T08:57:09+00:00\",\"dateModified\":\"2024-09-05T09:41:33+00:00\",\"description\":\"Se celebrar\u00e0 dissabte 14 de setembre de 2024, a la Casa de la Cultura amb acc\u00e9s lliure fins a completar aforamentSe celebrar\u00e0 dissabte 14 de setembre de 2024, a la Casa de la Cultura amb acc\u00e9s lliure fins a completar aforament\",\"breadcrumb\":{\"@id\":\"https:\\\/\\\/radiolitoral.com\\\/2024\\\/09\\\/denia-organitza-la-jornada-de-tallers-reseteja-la-teua-salut\\\/#breadcrumb\"},\"inLanguage\":\"ca\",\"potentialAction\":[{\"@type\":\"ReadAction\",\"target\":[\"https:\\\/\\\/radiolitoral.com\\\/2024\\\/09\\\/denia-organitza-la-jornada-de-tallers-reseteja-la-teua-salut\\\/\"]}]},{\"@type\":\"ImageObject\",\"inLanguage\":\"ca\",\"@id\":\"https:\\\/\\\/radiolitoral.com\\\/2024\\\/09\\\/denia-organitza-la-jornada-de-tallers-reseteja-la-teua-salut\\\/#primaryimage\",\"url\":\"https:\\\/\\\/media.radiolitoral.com\\\/wp-content\\\/uploads\\\/2024\\\/09\\\/05105610\\\/Cartel-Taller.jpg\",\"contentUrl\":\"https:\\\/\\\/media.radiolitoral.com\\\/wp-content\\\/uploads\\\/2024\\\/09\\\/05105610\\\/Cartel-Taller.jpg\",\"width\":900,\"height\":1009},{\"@type\":\"BreadcrumbList\",\"@id\":\"https:\\\/\\\/radiolitoral.com\\\/2024\\\/09\\\/denia-organitza-la-jornada-de-tallers-reseteja-la-teua-salut\\\/#breadcrumb\",\"itemListElement\":[{\"@type\":\"ListItem\",\"position\":1,\"name\":\"Portada\",\"item\":\"https:\\\/\\\/radiolitoral.com\\\/\"},{\"@type\":\"ListItem\",\"position\":2,\"name\":\"D\u00e9nia organitza la jornada de tallers \u00abReseteja la teua salut\u00bb\"}]},{\"@type\":\"WebSite\",\"@id\":\"https:\\\/\\\/radiolitoral.com\\\/#website\",\"url\":\"https:\\\/\\\/radiolitoral.com\\\/\",\"name\":\"Radio Litoral\",\"description\":\"La radio local de la Marina Alta\",\"publisher\":{\"@id\":\"https:\\\/\\\/radiolitoral.com\\\/#organization\"},\"alternateName\":\"Litoral FM\",\"potentialAction\":[{\"@type\":\"SearchAction\",\"target\":{\"@type\":\"EntryPoint\",\"urlTemplate\":\"https:\\\/\\\/radiolitoral.com\\\/?s={search_term_string}\"},\"query-input\":{\"@type\":\"PropertyValueSpecification\",\"valueRequired\":true,\"valueName\":\"search_term_string\"}}],\"inLanguage\":\"ca\"},{\"@type\":\"Organization\",\"@id\":\"https:\\\/\\\/radiolitoral.com\\\/#organization\",\"name\":\"Radio Litoral\",\"url\":\"https:\\\/\\\/radiolitoral.com\\\/\",\"logo\":{\"@type\":\"ImageObject\",\"inLanguage\":\"ca\",\"@id\":\"https:\\\/\\\/radiolitoral.com\\\/#\\\/schema\\\/logo\\\/image\\\/\",\"url\":\"https:\\\/\\\/media.radiolitoral.com\\\/wp-content\\\/uploads\\\/2023\\\/02\\\/24143238\\\/CL-V-RadioLitoral696.png\",\"contentUrl\":\"https:\\\/\\\/media.radiolitoral.com\\\/wp-content\\\/uploads\\\/2023\\\/02\\\/24143238\\\/CL-V-RadioLitoral696.png\",\"width\":696,\"height\":696,\"caption\":\"Radio Litoral\"},\"image\":{\"@id\":\"https:\\\/\\\/radiolitoral.com\\\/#\\\/schema\\\/logo\\\/image\\\/\"},\"sameAs\":[\"https:\\\/\\\/www.facebook.com\\\/Laradiolitoral\\\/\"]},{\"@type\":\"Person\",\"@id\":\"https:\\\/\\\/radiolitoral.com\\\/#\\\/schema\\\/person\\\/7b1480b5caeb5acdd4ec6379caf62b22\",\"name\":\"Javier Zamora\",\"image\":{\"@type\":\"ImageObject\",\"inLanguage\":\"ca\",\"@id\":\"https:\\\/\\\/secure.gravatar.com\\\/avatar\\\/467a11f6918c7d619c4043fc6fa2d3853053107973f05b6e9c04ea6c4e3a7b3f?s=96&d=mm&r=g\",\"url\":\"https:\\\/\\\/secure.gravatar.com\\\/avatar\\\/467a11f6918c7d619c4043fc6fa2d3853053107973f05b6e9c04ea6c4e3a7b3f?s=96&d=mm&r=g\",\"contentUrl\":\"https:\\\/\\\/secure.gravatar.com\\\/avatar\\\/467a11f6918c7d619c4043fc6fa2d3853053107973f05b6e9c04ea6c4e3a7b3f?s=96&d=mm&r=g\",\"caption\":\"Javier Zamora\"},\"url\":\"https:\\\/\\\/radiolitoral.com\\\/ca\\\/author\\\/javier-zamora\\\/\"}]}<\/script>\n<!-- \/ Yoast SEO plugin. -->","yoast_head_json":{"title":"D\u00e9nia organitza la jornada de tallers &quot;Reseteja la teva salut&quot; | R\u00e0dio Litoral","description":"Se celebrar\u00e0 el dissabte 14 de setembre de 2024, a la Casa de la Cultura amb acc\u00e9s lliure fins a completar aforamentSe celebrar\u00e0 el dissabte 14 de setembre de 2024, a la Casa de la Cultura amb acc\u00e9s lliure fins a completar aforament","robots":{"index":"index","follow":"follow","max-snippet":"max-snippet:-1","max-image-preview":"max-image-preview:large","max-video-preview":"max-video-preview:-1"},"canonical":"https:\/\/radiolitoral.com\/ca\/2024\/09\/denia-organitza-la-jornada-de-tallers-reseteja-la-teva-salut\/","og_locale":"ca_ES","og_type":"article","og_title":"D\u00e9nia organitza la jornada de tallers \"Reseteja la teua salut\" | R\u00e0dio Litoral","og_description":"Se celebrar\u00e0 dissabte 14 de setembre de 2024, a la Casa de la Cultura amb acc\u00e9s lliure fins a completar aforamentSe celebrar\u00e0 dissabte 14 de setembre de 2024, a la Casa de la Cultura amb acc\u00e9s lliure fins a completar aforament","og_url":"https:\/\/radiolitoral.com\/ca\/2024\/09\/denia-organitza-la-jornada-de-tallers-reseteja-la-teva-salut\/","og_site_name":"R\u00e0dio Litoral","article_publisher":"https:\/\/www.facebook.com\/Laradiolitoral\/","article_published_time":"2024-09-05T08:57:09+00:00","article_modified_time":"2024-09-05T09:41:33+00:00","og_image":[{"width":900,"height":1009,"url":"https:\/\/media.radiolitoral.com\/wp-content\/uploads\/2024\/09\/05105610\/Cartel-Taller.jpg","type":"image\/jpeg"}],"author":"Javier Zamora","twitter_card":"summary_large_image","twitter_misc":{"Escrit per":"Javier Zamora","Temps estimat de lectura":"2 minuts"},"schema":{"@context":"https:\/\/schema.org","@graph":[{"@type":"NewsArticle","@id":"https:\/\/radiolitoral.com\/2024\/09\/denia-organitza-la-jornada-de-tallers-reseteja-la-teua-salut\/#article","isPartOf":{"@id":"https:\/\/radiolitoral.com\/2024\/09\/denia-organitza-la-jornada-de-tallers-reseteja-la-teua-salut\/"},"author":{"name":"Javier Zamora","@id":"https:\/\/radiolitoral.com\/#\/schema\/person\/7b1480b5caeb5acdd4ec6379caf62b22"},"headline":"D\u00e9nia organitza la jornada de tallers \u00abReseteja la teua salut\u00bb","datePublished":"2024-09-05T08:57:09+00:00","dateModified":"2024-09-05T09:41:33+00:00","mainEntityOfPage":{"@id":"https:\/\/radiolitoral.com\/2024\/09\/denia-organitza-la-jornada-de-tallers-reseteja-la-teua-salut\/"},"wordCount":412,"commentCount":0,"publisher":{"@id":"https:\/\/radiolitoral.com\/#organization"},"image":{"@id":"https:\/\/radiolitoral.com\/2024\/09\/denia-organitza-la-jornada-de-tallers-reseteja-la-teua-salut\/#primaryimage"},"thumbnailUrl":"https:\/\/media.radiolitoral.com\/wp-content\/uploads\/2024\/09\/05105610\/Cartel-Taller.jpg","keywords":["Adam Gavil\u00e0","Ajuntament de D\u00e9nia","deportes","Estefan\u00eda Ribes","Juan Carlos Arancibia","Marc Banyuls","Valen Alcal\u00e1"],"articleSection":["Deportes"],"inLanguage":"ca","potentialAction":[{"@type":"CommentAction","name":"Comment","target":["https:\/\/radiolitoral.com\/2024\/09\/denia-organitza-la-jornada-de-tallers-reseteja-la-teua-salut\/#respond"]}]},{"@type":["WebPage","ItemPage"],"@id":"https:\/\/radiolitoral.com\/2024\/09\/denia-organitza-la-jornada-de-tallers-reseteja-la-teua-salut\/","url":"https:\/\/radiolitoral.com\/2024\/09\/denia-organitza-la-jornada-de-tallers-reseteja-la-teua-salut\/","name":"D\u00e9nia organitza la jornada de tallers &quot;Reseteja la teva salut&quot; | R\u00e0dio Litoral","isPartOf":{"@id":"https:\/\/radiolitoral.com\/#website"},"primaryImageOfPage":{"@id":"https:\/\/radiolitoral.com\/2024\/09\/denia-organitza-la-jornada-de-tallers-reseteja-la-teua-salut\/#primaryimage"},"image":{"@id":"https:\/\/radiolitoral.com\/2024\/09\/denia-organitza-la-jornada-de-tallers-reseteja-la-teua-salut\/#primaryimage"},"thumbnailUrl":"https:\/\/media.radiolitoral.com\/wp-content\/uploads\/2024\/09\/05105610\/Cartel-Taller.jpg","datePublished":"2024-09-05T08:57:09+00:00","dateModified":"2024-09-05T09:41:33+00:00","description":"Se celebrar\u00e0 el dissabte 14 de setembre de 2024, a la Casa de la Cultura amb acc\u00e9s lliure fins a completar aforamentSe celebrar\u00e0 el dissabte 14 de setembre de 2024, a la Casa de la Cultura amb acc\u00e9s lliure fins a completar aforament","breadcrumb":{"@id":"https:\/\/radiolitoral.com\/2024\/09\/denia-organitza-la-jornada-de-tallers-reseteja-la-teua-salut\/#breadcrumb"},"inLanguage":"ca","potentialAction":[{"@type":"ReadAction","target":["https:\/\/radiolitoral.com\/2024\/09\/denia-organitza-la-jornada-de-tallers-reseteja-la-teua-salut\/"]}]},{"@type":"ImageObject","inLanguage":"ca","@id":"https:\/\/radiolitoral.com\/2024\/09\/denia-organitza-la-jornada-de-tallers-reseteja-la-teua-salut\/#primaryimage","url":"https:\/\/media.radiolitoral.com\/wp-content\/uploads\/2024\/09\/05105610\/Cartel-Taller.jpg","contentUrl":"https:\/\/media.radiolitoral.com\/wp-content\/uploads\/2024\/09\/05105610\/Cartel-Taller.jpg","width":900,"height":1009},{"@type":"BreadcrumbList","@id":"https:\/\/radiolitoral.com\/2024\/09\/denia-organitza-la-jornada-de-tallers-reseteja-la-teua-salut\/#breadcrumb","itemListElement":[{"@type":"ListItem","position":1,"name":"Portada","item":"https:\/\/radiolitoral.com\/"},{"@type":"ListItem","position":2,"name":"D\u00e9nia organitza la jornada de tallers \u00abReseteja la teua salut\u00bb"}]},{"@type":"WebSite","@id":"https:\/\/radiolitoral.com\/#website","url":"https:\/\/radiolitoral.com\/","name":"R\u00e0dio Litoral","description":"La r\u00e0dio local de la Marina Alta","publisher":{"@id":"https:\/\/radiolitoral.com\/#organization"},"alternateName":"Litoral FM","potentialAction":[{"@type":"SearchAction","target":{"@type":"EntryPoint","urlTemplate":"https:\/\/radiolitoral.com\/?s={search_term_string}"},"query-input":{"@type":"PropertyValueSpecification","valueRequired":true,"valueName":"search_term_string"}}],"inLanguage":"ca"},{"@type":"Organization","@id":"https:\/\/radiolitoral.com\/#organization","name":"R\u00e0dio Litoral","url":"https:\/\/radiolitoral.com\/","logo":{"@type":"ImageObject","inLanguage":"ca","@id":"https:\/\/radiolitoral.com\/#\/schema\/logo\/image\/","url":"https:\/\/media.radiolitoral.com\/wp-content\/uploads\/2023\/02\/24143238\/CL-V-RadioLitoral696.png","contentUrl":"https:\/\/media.radiolitoral.com\/wp-content\/uploads\/2023\/02\/24143238\/CL-V-RadioLitoral696.png","width":696,"height":696,"caption":"Radio Litoral"},"image":{"@id":"https:\/\/radiolitoral.com\/#\/schema\/logo\/image\/"},"sameAs":["https:\/\/www.facebook.com\/Laradiolitoral\/"]},{"@type":"Person","@id":"https:\/\/radiolitoral.com\/#\/schema\/person\/7b1480b5caeb5acdd4ec6379caf62b22","name":"Javier Zamora","image":{"@type":"ImageObject","inLanguage":"ca","@id":"https:\/\/secure.gravatar.com\/avatar\/467a11f6918c7d619c4043fc6fa2d3853053107973f05b6e9c04ea6c4e3a7b3f?s=96&d=mm&r=g","url":"https:\/\/secure.gravatar.com\/avatar\/467a11f6918c7d619c4043fc6fa2d3853053107973f05b6e9c04ea6c4e3a7b3f?s=96&d=mm&r=g","contentUrl":"https:\/\/secure.gravatar.com\/avatar\/467a11f6918c7d619c4043fc6fa2d3853053107973f05b6e9c04ea6c4e3a7b3f?s=96&d=mm&r=g","caption":"Javier Zamora"},"url":"https:\/\/radiolitoral.com\/ca\/author\/javier-zamora\/"}]}},"_links":{"self":[{"href":"https:\/\/radiolitoral.com\/ca\/wp-json\/wp\/v2\/posts\/11064","targetHints":{"allow":["GET"]}}],"collection":[{"href":"https:\/\/radiolitoral.com\/ca\/wp-json\/wp\/v2\/posts"}],"about":[{"href":"https:\/\/radiolitoral.com\/ca\/wp-json\/wp\/v2\/types\/post"}],"author":[{"embeddable":true,"href":"https:\/\/radiolitoral.com\/ca\/wp-json\/wp\/v2\/users\/12"}],"replies":[{"embeddable":true,"href":"https:\/\/radiolitoral.com\/ca\/wp-json\/wp\/v2\/comments?post=11064"}],"version-history":[{"count":3,"href":"https:\/\/radiolitoral.com\/ca\/wp-json\/wp\/v2\/posts\/11064\/revisions"}],"predecessor-version":[{"id":11080,"href":"https:\/\/radiolitoral.com\/ca\/wp-json\/wp\/v2\/posts\/11064\/revisions\/11080"}],"wp:featuredmedia":[{"embeddable":true,"href":"https:\/\/radiolitoral.com\/ca\/wp-json\/wp\/v2\/media\/11065"}],"wp:attachment":[{"href":"https:\/\/radiolitoral.com\/ca\/wp-json\/wp\/v2\/media?parent=11064"}],"wp:term":[{"taxonomy":"category","embeddable":true,"href":"https:\/\/radiolitoral.com\/ca\/wp-json\/wp\/v2\/categories?post=11064"},{"taxonomy":"post_tag","embeddable":true,"href":"https:\/\/radiolitoral.com\/ca\/wp-json\/wp\/v2\/tags?post=11064"}],"curies":[{"name":"wp","href":"https:\/\/api.w.org\/{rel}","templated":true}]}}