{"id":11043,"date":"2024-09-04T16:50:18","date_gmt":"2024-09-04T14:50:18","guid":{"rendered":"https:\/\/radiolitoral.com\/?p=11043"},"modified":"2024-09-04T18:05:45","modified_gmt":"2024-09-04T16:05:45","slug":"benitatxell-canvia-els-accessos-del-santa-maria-magdalena-despres-de-les-reformes","status":"publish","type":"post","link":"https:\/\/radiolitoral.com\/ca\/2024\/09\/benitatxell-canvia-els-accessos-del-santa-maria-magdalena-despres-de-les-reformes\/","title":{"rendered":"Benitatxell canvia els accessos del col\u00b7legi Santa Maria Magdalena despr\u00e9s de les reformes"},"content":{"rendered":"<p>La reforma del col\u00b7legi <strong>Santa Maria Magdalena del Poble Nou de Benitatxell<\/strong> est\u00e0 arribant a la fase final, i amb ella arriben canvis importants en els <strong>accessos escolars<\/strong> per garantir la seguretat dels alumnes i de les seves fam\u00edlies. Davant l&#039;ocupaci\u00f3 d&#039;alguns aparcaments a causa de les obres, l&#039;Ajuntament ha tra\u00e7at nous itineraris i mesures de seguretat.<\/p>\n<p>Els aparcaments de la placeta dels Mestres i del carrer Escoles a m\u00e0 dreta estaran tancats temporalment. Per tant, l&#039;\u00fanica zona d&#039;aparcament disponible ser\u00e0 la de <strong>la pujada a l&#039;esquerra, on s&#039;instal\u00b7lar\u00e0 una miniglorieta<\/strong> per facilitar el gir i la c\u00e0rrega i descarga dels alumnes. A m\u00e9s, <strong>s&#039;est\u00e0 habilitant una nova parcel\u00b7la al carrer Mestral<\/strong> per a l&#039;estacionament.<\/p>\n<p>Una de les novetats m\u00e9s destacades \u00e9s la creaci\u00f3 de l&#039;espai Bes i ad\u00e9u en aquest mateix vial. Aquest espai est\u00e0 pensat perqu\u00e8 les fam\u00edlies puguin deixar els nens i nenes de manera r\u00e0pida, despedir-los amb un pet\u00f3, i aix\u00ed agilitzar l&#039;entrada a l&#039;escola. No obstant aix\u00f2, la regidoria d&#039;Educaci\u00f3, dirigida per Jorge Pascual, recomana a les fam\u00edlies que utilitzen l&#039;aparcament de l&#039;avinguda de Val\u00e8ncia i accedisquen caminant fins a l&#039;entrada del col\u00b7legi.<\/p>\n<p>D&#039;altra banda, la pujada de la pla\u00e7a de les Pesqueres fins a l&#039;Escola de M\u00fasica estar\u00e0 tallada al tr\u00e0nsit per motius de seguretat, ja que en aquestes aules es traslladaran les classes de 6\u00e8 i s&#039;utilitzaran com a espai de pati i esbarjo. Als intervals d&#039;entrada, eixida i l&#039;hora del pati, no es permetr\u00e0 l&#039;acc\u00e9s als vals.<\/p>\n<p>Per garantir una transici\u00f3 segura i ordenada durant les primeres setmanas, la Policia Local refor\u00e7ar\u00e0 la seva pres\u00e8ncia als voltants del col\u00b7legi, assegurant una correcta circulaci\u00f3 i assistint les fam\u00edlies en qualsevol dubte que pugui sorgir.<\/p>","protected":false},"excerpt":{"rendered":"<p>La reforma del col\u00b7legi Santa Maria Magdalena del Poble Nou de Benitatxell est\u00e0 arribant a la seua fase final, i amb ella arriben canvis importants en els accessos escolars per a garantir la seguretat dels alumnes i les seues fam\u00edlies. Davant l&#8217;ocupaci\u00f3 d&#8217;alguns aparcaments a causa de les obres, l&#8217;Ajuntament ha tra\u00e7at nous itineraris i [&#8230;]<\/p>\n<p><a class=\"btn btn-secondary understrap-read-more-link\" href=\"https:\/\/radiolitoral.com\/ca\/2024\/09\/benitatxell-canvia-els-accessos-del-santa-maria-magdalena-despres-de-les-reformes\/\">Continua llegint&#8230;<span class=\"screen-reader-text\"> from Benitatxell canvia els accessos del col\u00b7legi Santa Maria Magdalena despr\u00e9s de les reformes<\/span><\/a><\/p>\n","protected":false},"author":14,"featured_media":11049,"comment_status":"open","ping_status":"closed","sticky":false,"template":"","format":"standard","meta":{"_acf_changed":false,"inline_featured_image":false,"footnotes":""},"categories":[130,1],"tags":[184,2124,134,2123],"class_list":["post-11043","post","type-post","status-publish","format-standard","has-post-thumbnail","hentry","category-educacion","category-uncategorized","tag-benitatxell","tag-colegio","tag-educacion","tag-santa-maria-magdalena","cobertura-poble-nou-de-benitatxell"],"acf":[],"yoast_head":"<!-- This site is optimized with the Yoast SEO plugin v27.5 - https:\/\/yoast.com\/product\/yoast-seo-wordpress\/ -->\n<title>Benitatxell canvia els accessos del col\u00b7legi Santa Maria Magdalena despr\u00e9s de les reformes | R\u00e0dio Litoral<\/title>\n<meta name=\"description\" content=\"Es crea l&#039;espai &quot;Bes i ad\u00e9u&quot; per a facilitar l&#039;acomiadament r\u00e0pid dels xiquets i xiquetes\" \/>\n<meta name=\"robots\" content=\"index, follow, max-snippet:-1, max-image-preview:large, max-video-preview:-1\" \/>\n<link rel=\"canonical\" href=\"https:\/\/radiolitoral.com\/ca\/2024\/09\/benitatxell-canvia-els-accessos-del-santa-maria-magdalena-despres-de-les-reformes\/\" \/>\n<meta property=\"og:locale\" content=\"ca_ES\" \/>\n<meta property=\"og:type\" content=\"article\" \/>\n<meta property=\"og:title\" content=\"Benitatxell canvia els accessos del col\u00b7legi Santa Maria Magdalena despr\u00e9s de les reformes | R\u00e0dio Litoral\" \/>\n<meta property=\"og:description\" content=\"Es crea l&#039;espai &quot;Bes i ad\u00e9u&quot; per a facilitar l&#039;acomiadament r\u00e0pid dels xiquets i xiquetes\" \/>\n<meta property=\"og:url\" content=\"https:\/\/radiolitoral.com\/ca\/2024\/09\/benitatxell-canvia-els-accessos-del-santa-maria-magdalena-despres-de-les-reformes\/\" \/>\n<meta property=\"og:site_name\" content=\"R\u00e0dio Litoral\" \/>\n<meta property=\"article:publisher\" content=\"https:\/\/www.facebook.com\/Laradiolitoral\/\" \/>\n<meta property=\"article:published_time\" content=\"2024-09-04T14:50:18+00:00\" \/>\n<meta property=\"article:modified_time\" content=\"2024-09-04T16:05:45+00:00\" \/>\n<meta property=\"og:image\" content=\"https:\/\/media.radiolitoral.com\/wp-content\/uploads\/2024\/09\/04165200\/Acces-escola-curs-24-253-1024x724.png\" \/>\n\t<meta property=\"og:image:width\" content=\"1024\" \/>\n\t<meta property=\"og:image:height\" content=\"724\" \/>\n\t<meta property=\"og:image:type\" content=\"image\/png\" \/>\n<meta name=\"author\" content=\"Redacci\u00f3n\" \/>\n<meta name=\"twitter:card\" content=\"summary_large_image\" \/>\n<meta name=\"twitter:label1\" content=\"Escrit per\" \/>\n\t<meta name=\"twitter:data1\" content=\"Redacci\u00f3n\" \/>\n\t<meta name=\"twitter:label2\" content=\"Temps estimat de lectura\" \/>\n\t<meta name=\"twitter:data2\" content=\"2 minuts\" \/>\n<script type=\"application\/ld+json\" class=\"yoast-schema-graph\">{\"@context\":\"https:\\\/\\\/schema.org\",\"@graph\":[{\"@type\":\"NewsArticle\",\"@id\":\"https:\\\/\\\/radiolitoral.com\\\/2024\\\/09\\\/benitatxell-canvia-els-accessos-del-santa-maria-magdalena-despres-de-les-reformes\\\/#article\",\"isPartOf\":{\"@id\":\"https:\\\/\\\/radiolitoral.com\\\/2024\\\/09\\\/benitatxell-canvia-els-accessos-del-santa-maria-magdalena-despres-de-les-reformes\\\/\"},\"author\":{\"name\":\"Redacci\u00f3n\",\"@id\":\"https:\\\/\\\/radiolitoral.com\\\/#\\\/schema\\\/person\\\/96b739642eb3bedb532aac3812d23307\"},\"headline\":\"Benitatxell canvia els accessos del col\u00b7legi Santa Maria Magdalena despr\u00e9s de les reformes\",\"datePublished\":\"2024-09-04T14:50:18+00:00\",\"dateModified\":\"2024-09-04T16:05:45+00:00\",\"mainEntityOfPage\":{\"@id\":\"https:\\\/\\\/radiolitoral.com\\\/2024\\\/09\\\/benitatxell-canvia-els-accessos-del-santa-maria-magdalena-despres-de-les-reformes\\\/\"},\"wordCount\":347,\"commentCount\":0,\"publisher\":{\"@id\":\"https:\\\/\\\/radiolitoral.com\\\/#organization\"},\"image\":{\"@id\":\"https:\\\/\\\/radiolitoral.com\\\/2024\\\/09\\\/benitatxell-canvia-els-accessos-del-santa-maria-magdalena-despres-de-les-reformes\\\/#primaryimage\"},\"thumbnailUrl\":\"https:\\\/\\\/media.radiolitoral.com\\\/wp-content\\\/uploads\\\/2024\\\/09\\\/04165200\\\/Acces-escola-curs-24-253.png\",\"keywords\":[\"Benitatxell\",\"colegio\",\"educaci\u00f3n\",\"Santa Maria Magdalena\"],\"articleSection\":[\"Educaci\u00f3n\",\"Uncategorized\"],\"inLanguage\":\"ca\",\"potentialAction\":[{\"@type\":\"CommentAction\",\"name\":\"Comment\",\"target\":[\"https:\\\/\\\/radiolitoral.com\\\/2024\\\/09\\\/benitatxell-canvia-els-accessos-del-santa-maria-magdalena-despres-de-les-reformes\\\/#respond\"]}]},{\"@type\":[\"WebPage\",\"ItemPage\"],\"@id\":\"https:\\\/\\\/radiolitoral.com\\\/2024\\\/09\\\/benitatxell-canvia-els-accessos-del-santa-maria-magdalena-despres-de-les-reformes\\\/\",\"url\":\"https:\\\/\\\/radiolitoral.com\\\/2024\\\/09\\\/benitatxell-canvia-els-accessos-del-santa-maria-magdalena-despres-de-les-reformes\\\/\",\"name\":\"Benitatxell canvia els accessos del col\u00b7legi Santa Maria Magdalena despr\u00e9s de les reformes | R\u00e0dio Litoral\",\"isPartOf\":{\"@id\":\"https:\\\/\\\/radiolitoral.com\\\/#website\"},\"primaryImageOfPage\":{\"@id\":\"https:\\\/\\\/radiolitoral.com\\\/2024\\\/09\\\/benitatxell-canvia-els-accessos-del-santa-maria-magdalena-despres-de-les-reformes\\\/#primaryimage\"},\"image\":{\"@id\":\"https:\\\/\\\/radiolitoral.com\\\/2024\\\/09\\\/benitatxell-canvia-els-accessos-del-santa-maria-magdalena-despres-de-les-reformes\\\/#primaryimage\"},\"thumbnailUrl\":\"https:\\\/\\\/media.radiolitoral.com\\\/wp-content\\\/uploads\\\/2024\\\/09\\\/04165200\\\/Acces-escola-curs-24-253.png\",\"datePublished\":\"2024-09-04T14:50:18+00:00\",\"dateModified\":\"2024-09-04T16:05:45+00:00\",\"description\":\"Es crea l'espai \\\"Bes i ad\u00e9u\\\" per a facilitar l'acomiadament r\u00e0pid dels xiquets i xiquetes\",\"breadcrumb\":{\"@id\":\"https:\\\/\\\/radiolitoral.com\\\/2024\\\/09\\\/benitatxell-canvia-els-accessos-del-santa-maria-magdalena-despres-de-les-reformes\\\/#breadcrumb\"},\"inLanguage\":\"ca\",\"potentialAction\":[{\"@type\":\"ReadAction\",\"target\":[\"https:\\\/\\\/radiolitoral.com\\\/2024\\\/09\\\/benitatxell-canvia-els-accessos-del-santa-maria-magdalena-despres-de-les-reformes\\\/\"]}]},{\"@type\":\"ImageObject\",\"inLanguage\":\"ca\",\"@id\":\"https:\\\/\\\/radiolitoral.com\\\/2024\\\/09\\\/benitatxell-canvia-els-accessos-del-santa-maria-magdalena-despres-de-les-reformes\\\/#primaryimage\",\"url\":\"https:\\\/\\\/media.radiolitoral.com\\\/wp-content\\\/uploads\\\/2024\\\/09\\\/04165200\\\/Acces-escola-curs-24-253.png\",\"contentUrl\":\"https:\\\/\\\/media.radiolitoral.com\\\/wp-content\\\/uploads\\\/2024\\\/09\\\/04165200\\\/Acces-escola-curs-24-253.png\",\"width\":2245,\"height\":1587},{\"@type\":\"BreadcrumbList\",\"@id\":\"https:\\\/\\\/radiolitoral.com\\\/2024\\\/09\\\/benitatxell-canvia-els-accessos-del-santa-maria-magdalena-despres-de-les-reformes\\\/#breadcrumb\",\"itemListElement\":[{\"@type\":\"ListItem\",\"position\":1,\"name\":\"Portada\",\"item\":\"https:\\\/\\\/radiolitoral.com\\\/\"},{\"@type\":\"ListItem\",\"position\":2,\"name\":\"Benitatxell canvia els accessos del col\u00b7legi Santa Maria Magdalena despr\u00e9s de les reformes\"}]},{\"@type\":\"WebSite\",\"@id\":\"https:\\\/\\\/radiolitoral.com\\\/#website\",\"url\":\"https:\\\/\\\/radiolitoral.com\\\/\",\"name\":\"Radio Litoral\",\"description\":\"La radio local de la Marina Alta\",\"publisher\":{\"@id\":\"https:\\\/\\\/radiolitoral.com\\\/#organization\"},\"alternateName\":\"Litoral FM\",\"potentialAction\":[{\"@type\":\"SearchAction\",\"target\":{\"@type\":\"EntryPoint\",\"urlTemplate\":\"https:\\\/\\\/radiolitoral.com\\\/?s={search_term_string}\"},\"query-input\":{\"@type\":\"PropertyValueSpecification\",\"valueRequired\":true,\"valueName\":\"search_term_string\"}}],\"inLanguage\":\"ca\"},{\"@type\":\"Organization\",\"@id\":\"https:\\\/\\\/radiolitoral.com\\\/#organization\",\"name\":\"Radio Litoral\",\"url\":\"https:\\\/\\\/radiolitoral.com\\\/\",\"logo\":{\"@type\":\"ImageObject\",\"inLanguage\":\"ca\",\"@id\":\"https:\\\/\\\/radiolitoral.com\\\/#\\\/schema\\\/logo\\\/image\\\/\",\"url\":\"https:\\\/\\\/media.radiolitoral.com\\\/wp-content\\\/uploads\\\/2023\\\/02\\\/24143238\\\/CL-V-RadioLitoral696.png\",\"contentUrl\":\"https:\\\/\\\/media.radiolitoral.com\\\/wp-content\\\/uploads\\\/2023\\\/02\\\/24143238\\\/CL-V-RadioLitoral696.png\",\"width\":696,\"height\":696,\"caption\":\"Radio Litoral\"},\"image\":{\"@id\":\"https:\\\/\\\/radiolitoral.com\\\/#\\\/schema\\\/logo\\\/image\\\/\"},\"sameAs\":[\"https:\\\/\\\/www.facebook.com\\\/Laradiolitoral\\\/\"]},{\"@type\":\"Person\",\"@id\":\"https:\\\/\\\/radiolitoral.com\\\/#\\\/schema\\\/person\\\/96b739642eb3bedb532aac3812d23307\",\"name\":\"Redacci\u00f3n\",\"image\":{\"@type\":\"ImageObject\",\"inLanguage\":\"ca\",\"@id\":\"https:\\\/\\\/secure.gravatar.com\\\/avatar\\\/30cd06129ee90411dd9c7cbdcf17464181d1a3c7b072e92070ea75a25cf0097e?s=96&d=mm&r=g\",\"url\":\"https:\\\/\\\/secure.gravatar.com\\\/avatar\\\/30cd06129ee90411dd9c7cbdcf17464181d1a3c7b072e92070ea75a25cf0097e?s=96&d=mm&r=g\",\"contentUrl\":\"https:\\\/\\\/secure.gravatar.com\\\/avatar\\\/30cd06129ee90411dd9c7cbdcf17464181d1a3c7b072e92070ea75a25cf0097e?s=96&d=mm&r=g\",\"caption\":\"Redacci\u00f3n\"},\"url\":\"https:\\\/\\\/radiolitoral.com\\\/ca\\\/author\\\/kevin-carrio\\\/\"}]}<\/script>\n<!-- \/ Yoast SEO plugin. -->","yoast_head_json":{"title":"Benitatxell canvia els accessos del col\u00b7legi Santa Maria Magdalena despr\u00e9s de les reformes | R\u00e0dio Litoral","description":"Es crea l&#039;espai &quot;Bes i ad\u00e9u&quot; per facilitar el despido r\u00e0pid dels xiquets i xiquetes","robots":{"index":"index","follow":"follow","max-snippet":"max-snippet:-1","max-image-preview":"max-image-preview:large","max-video-preview":"max-video-preview:-1"},"canonical":"https:\/\/radiolitoral.com\/ca\/2024\/09\/benitatxell-canvia-els-accessos-del-santa-maria-magdalena-despres-de-les-reformes\/","og_locale":"ca_ES","og_type":"article","og_title":"Benitatxell canvia els accessos del col\u00b7legi Santa Maria Magdalena despr\u00e9s de les reformes | R\u00e0dio Litoral","og_description":"Es crea l'espai \"Bes i ad\u00e9u\" per a facilitar l'acomiadament r\u00e0pid dels xiquets i xiquetes","og_url":"https:\/\/radiolitoral.com\/ca\/2024\/09\/benitatxell-canvia-els-accessos-del-santa-maria-magdalena-despres-de-les-reformes\/","og_site_name":"R\u00e0dio Litoral","article_publisher":"https:\/\/www.facebook.com\/Laradiolitoral\/","article_published_time":"2024-09-04T14:50:18+00:00","article_modified_time":"2024-09-04T16:05:45+00:00","og_image":[{"width":1024,"height":724,"url":"https:\/\/media.radiolitoral.com\/wp-content\/uploads\/2024\/09\/04165200\/Acces-escola-curs-24-253-1024x724.png","type":"image\/png"}],"author":"Redacci\u00f3n","twitter_card":"summary_large_image","twitter_misc":{"Escrit per":"Redacci\u00f3n","Temps estimat de lectura":"2 minuts"},"schema":{"@context":"https:\/\/schema.org","@graph":[{"@type":"NewsArticle","@id":"https:\/\/radiolitoral.com\/2024\/09\/benitatxell-canvia-els-accessos-del-santa-maria-magdalena-despres-de-les-reformes\/#article","isPartOf":{"@id":"https:\/\/radiolitoral.com\/2024\/09\/benitatxell-canvia-els-accessos-del-santa-maria-magdalena-despres-de-les-reformes\/"},"author":{"name":"Redacci\u00f3n","@id":"https:\/\/radiolitoral.com\/#\/schema\/person\/96b739642eb3bedb532aac3812d23307"},"headline":"Benitatxell canvia els accessos del col\u00b7legi Santa Maria Magdalena despr\u00e9s de les reformes","datePublished":"2024-09-04T14:50:18+00:00","dateModified":"2024-09-04T16:05:45+00:00","mainEntityOfPage":{"@id":"https:\/\/radiolitoral.com\/2024\/09\/benitatxell-canvia-els-accessos-del-santa-maria-magdalena-despres-de-les-reformes\/"},"wordCount":347,"commentCount":0,"publisher":{"@id":"https:\/\/radiolitoral.com\/#organization"},"image":{"@id":"https:\/\/radiolitoral.com\/2024\/09\/benitatxell-canvia-els-accessos-del-santa-maria-magdalena-despres-de-les-reformes\/#primaryimage"},"thumbnailUrl":"https:\/\/media.radiolitoral.com\/wp-content\/uploads\/2024\/09\/04165200\/Acces-escola-curs-24-253.png","keywords":["Benitatxell","colegio","educaci\u00f3n","Santa Maria Magdalena"],"articleSection":["Educaci\u00f3n","Uncategorized"],"inLanguage":"ca","potentialAction":[{"@type":"CommentAction","name":"Comment","target":["https:\/\/radiolitoral.com\/2024\/09\/benitatxell-canvia-els-accessos-del-santa-maria-magdalena-despres-de-les-reformes\/#respond"]}]},{"@type":["WebPage","ItemPage"],"@id":"https:\/\/radiolitoral.com\/2024\/09\/benitatxell-canvia-els-accessos-del-santa-maria-magdalena-despres-de-les-reformes\/","url":"https:\/\/radiolitoral.com\/2024\/09\/benitatxell-canvia-els-accessos-del-santa-maria-magdalena-despres-de-les-reformes\/","name":"Benitatxell canvia els accessos del col\u00b7legi Santa Maria Magdalena despr\u00e9s de les reformes | R\u00e0dio Litoral","isPartOf":{"@id":"https:\/\/radiolitoral.com\/#website"},"primaryImageOfPage":{"@id":"https:\/\/radiolitoral.com\/2024\/09\/benitatxell-canvia-els-accessos-del-santa-maria-magdalena-despres-de-les-reformes\/#primaryimage"},"image":{"@id":"https:\/\/radiolitoral.com\/2024\/09\/benitatxell-canvia-els-accessos-del-santa-maria-magdalena-despres-de-les-reformes\/#primaryimage"},"thumbnailUrl":"https:\/\/media.radiolitoral.com\/wp-content\/uploads\/2024\/09\/04165200\/Acces-escola-curs-24-253.png","datePublished":"2024-09-04T14:50:18+00:00","dateModified":"2024-09-04T16:05:45+00:00","description":"Es crea l&#039;espai &quot;Bes i ad\u00e9u&quot; per facilitar el despido r\u00e0pid dels xiquets i xiquetes","breadcrumb":{"@id":"https:\/\/radiolitoral.com\/2024\/09\/benitatxell-canvia-els-accessos-del-santa-maria-magdalena-despres-de-les-reformes\/#breadcrumb"},"inLanguage":"ca","potentialAction":[{"@type":"ReadAction","target":["https:\/\/radiolitoral.com\/2024\/09\/benitatxell-canvia-els-accessos-del-santa-maria-magdalena-despres-de-les-reformes\/"]}]},{"@type":"ImageObject","inLanguage":"ca","@id":"https:\/\/radiolitoral.com\/2024\/09\/benitatxell-canvia-els-accessos-del-santa-maria-magdalena-despres-de-les-reformes\/#primaryimage","url":"https:\/\/media.radiolitoral.com\/wp-content\/uploads\/2024\/09\/04165200\/Acces-escola-curs-24-253.png","contentUrl":"https:\/\/media.radiolitoral.com\/wp-content\/uploads\/2024\/09\/04165200\/Acces-escola-curs-24-253.png","width":2245,"height":1587},{"@type":"BreadcrumbList","@id":"https:\/\/radiolitoral.com\/2024\/09\/benitatxell-canvia-els-accessos-del-santa-maria-magdalena-despres-de-les-reformes\/#breadcrumb","itemListElement":[{"@type":"ListItem","position":1,"name":"Portada","item":"https:\/\/radiolitoral.com\/"},{"@type":"ListItem","position":2,"name":"Benitatxell canvia els accessos del col\u00b7legi Santa Maria Magdalena despr\u00e9s de les reformes"}]},{"@type":"WebSite","@id":"https:\/\/radiolitoral.com\/#website","url":"https:\/\/radiolitoral.com\/","name":"R\u00e0dio Litoral","description":"La r\u00e0dio local de la Marina Alta","publisher":{"@id":"https:\/\/radiolitoral.com\/#organization"},"alternateName":"Litoral FM","potentialAction":[{"@type":"SearchAction","target":{"@type":"EntryPoint","urlTemplate":"https:\/\/radiolitoral.com\/?s={search_term_string}"},"query-input":{"@type":"PropertyValueSpecification","valueRequired":true,"valueName":"search_term_string"}}],"inLanguage":"ca"},{"@type":"Organization","@id":"https:\/\/radiolitoral.com\/#organization","name":"R\u00e0dio Litoral","url":"https:\/\/radiolitoral.com\/","logo":{"@type":"ImageObject","inLanguage":"ca","@id":"https:\/\/radiolitoral.com\/#\/schema\/logo\/image\/","url":"https:\/\/media.radiolitoral.com\/wp-content\/uploads\/2023\/02\/24143238\/CL-V-RadioLitoral696.png","contentUrl":"https:\/\/media.radiolitoral.com\/wp-content\/uploads\/2023\/02\/24143238\/CL-V-RadioLitoral696.png","width":696,"height":696,"caption":"Radio Litoral"},"image":{"@id":"https:\/\/radiolitoral.com\/#\/schema\/logo\/image\/"},"sameAs":["https:\/\/www.facebook.com\/Laradiolitoral\/"]},{"@type":"Person","@id":"https:\/\/radiolitoral.com\/#\/schema\/person\/96b739642eb3bedb532aac3812d23307","name":"Redacci\u00f3","image":{"@type":"ImageObject","inLanguage":"ca","@id":"https:\/\/secure.gravatar.com\/avatar\/30cd06129ee90411dd9c7cbdcf17464181d1a3c7b072e92070ea75a25cf0097e?s=96&d=mm&r=g","url":"https:\/\/secure.gravatar.com\/avatar\/30cd06129ee90411dd9c7cbdcf17464181d1a3c7b072e92070ea75a25cf0097e?s=96&d=mm&r=g","contentUrl":"https:\/\/secure.gravatar.com\/avatar\/30cd06129ee90411dd9c7cbdcf17464181d1a3c7b072e92070ea75a25cf0097e?s=96&d=mm&r=g","caption":"Redacci\u00f3n"},"url":"https:\/\/radiolitoral.com\/ca\/author\/kevin-carrio\/"}]}},"_links":{"self":[{"href":"https:\/\/radiolitoral.com\/ca\/wp-json\/wp\/v2\/posts\/11043","targetHints":{"allow":["GET"]}}],"collection":[{"href":"https:\/\/radiolitoral.com\/ca\/wp-json\/wp\/v2\/posts"}],"about":[{"href":"https:\/\/radiolitoral.com\/ca\/wp-json\/wp\/v2\/types\/post"}],"author":[{"embeddable":true,"href":"https:\/\/radiolitoral.com\/ca\/wp-json\/wp\/v2\/users\/14"}],"replies":[{"embeddable":true,"href":"https:\/\/radiolitoral.com\/ca\/wp-json\/wp\/v2\/comments?post=11043"}],"version-history":[{"count":4,"href":"https:\/\/radiolitoral.com\/ca\/wp-json\/wp\/v2\/posts\/11043\/revisions"}],"predecessor-version":[{"id":11056,"href":"https:\/\/radiolitoral.com\/ca\/wp-json\/wp\/v2\/posts\/11043\/revisions\/11056"}],"wp:featuredmedia":[{"embeddable":true,"href":"https:\/\/radiolitoral.com\/ca\/wp-json\/wp\/v2\/media\/11049"}],"wp:attachment":[{"href":"https:\/\/radiolitoral.com\/ca\/wp-json\/wp\/v2\/media?parent=11043"}],"wp:term":[{"taxonomy":"category","embeddable":true,"href":"https:\/\/radiolitoral.com\/ca\/wp-json\/wp\/v2\/categories?post=11043"},{"taxonomy":"post_tag","embeddable":true,"href":"https:\/\/radiolitoral.com\/ca\/wp-json\/wp\/v2\/tags?post=11043"}],"curies":[{"name":"wp","href":"https:\/\/api.w.org\/{rel}","templated":true}]}}