{"id":11027,"date":"2024-09-03T19:03:20","date_gmt":"2024-09-03T17:03:20","guid":{"rendered":"https:\/\/radiolitoral.com\/?p=11027"},"modified":"2024-09-04T11:28:12","modified_gmt":"2024-09-04T09:28:12","slug":"calp-es-prepara-per-celebrar-les-seves-tradicionals-festes-en-honor-a-la-merce","status":"publish","type":"post","link":"https:\/\/radiolitoral.com\/ca\/2024\/09\/calp-es-prepara-per-a-celebrar-les-seues-tradicionals-festes-en-honor-a-la-merce\/","title":{"rendered":"Calp es prepara per celebrar les seves tradicionals festes en honor a la Merc\u00e8"},"content":{"rendered":"<p>\u00c9s m\u00e9s que evident que l&#039;agost \u00e9s el mes que suma un major nom de celebracions festives populars o patronals a la Marina Alta. Per\u00f2 superat pr\u00e0cticament l&#039;estiu, la comarca no deixa de festejar. A Calp, \u00e9s preparin per honrar a <strong>La nostra Senyora de la Merc\u00e8<\/strong>. Unes festes que organitzin els Festers de la Merc\u00e8 en col\u00b7laboraci\u00f3 amb l&#039;Ajuntament. Per anar obrint boca, aquest cap de setmana, <strong>el diumenge dia 8, tindr\u00e0 lloc el preg\u00f3<\/strong> a c\u00e0rrec de <strong>Juan Carlos Ferri<\/strong>, el que va ser capell\u00e0 rector a la localitat fins a juny de 2023.<\/p>\n<p>Els actes festius es reprendran el <strong>divendres 20 de setembre<\/strong>, a la nit, amb l&#039;obertura de la carpa festera i una degustaci\u00f3 de productes km0. Tamb\u00e9 s\u00b4ha previst l\u00b4actuaci\u00f3 musical dels Astrolabis a partir de les 22 hores.<\/p>\n<p>El programa festiu es prolongar\u00e0 fins al dimarts 24 de setembre. Entre els actes planejats s&#039;inclouen actes religiosos, destacant l&#039;ofrena floral a la Verge el dissabte 21 de setembre, des de la pla\u00e7a del Mediterrani, diferents actuacions musicals, la tradicional sortida ciclotur\u00edstica, activitats infantils o menjars populars.<\/p>","protected":false},"excerpt":{"rendered":"<p>\u00c9s m\u00e9s que evident que agost \u00e9s el mes que suma un major nombre de celebracions festives populars o patronals a la Marina Alta. Per\u00f2 superat pr\u00e0cticament l&#8217;estiu, la comarca no deixa de festejar. A Calp, es preparen per a honrar a La nostra Senyora de la Merc\u00e8. Unes festes que organitzen Els Festers de [&#8230;]<\/p>\n<p><a class=\"btn btn-secondary understrap-read-more-link\" href=\"https:\/\/radiolitoral.com\/ca\/2024\/09\/calp-es-prepara-per-a-celebrar-les-seues-tradicionals-festes-en-honor-a-la-merce\/\">Continua llegint&#8230;<span class=\"screen-reader-text\"> from Calp es prepara per a celebrar les seues tradicionals festes en honor a la Merc\u00e8<\/span><\/a><\/p>\n","protected":false},"author":13,"featured_media":11031,"comment_status":"open","ping_status":"closed","sticky":false,"template":"","format":"standard","meta":{"_acf_changed":false,"inline_featured_image":false,"footnotes":""},"categories":[276],"tags":[122,1561,2116,2117],"class_list":["post-11027","post","type-post","status-publish","format-standard","has-post-thumbnail","hentry","category-fiestas","tag-calp","tag-festes","tag-festes-en-honor-a-la-merce","tag-juan-carlos-ferri","cobertura-calp"],"acf":[],"yoast_head":"<!-- This site is optimized with the Yoast SEO plugin v27.5 - https:\/\/yoast.com\/product\/yoast-seo-wordpress\/ -->\n<title>Calp es prepara per a celebrar les seues tradicionals festes en honor a la Merc\u00e8 | R\u00e0dio Litoral<\/title>\n<meta name=\"description\" content=\"Juan Carlos Ferri actuar\u00e0 com a pregoner diumenge que ve 8 de setembre\" \/>\n<meta name=\"robots\" content=\"index, follow, max-snippet:-1, max-image-preview:large, max-video-preview:-1\" \/>\n<link rel=\"canonical\" href=\"https:\/\/radiolitoral.com\/ca\/2024\/09\/calp-es-prepara-per-celebrar-les-seves-tradicionals-festes-en-honor-a-la-merce\/\" \/>\n<meta property=\"og:locale\" content=\"ca_ES\" \/>\n<meta property=\"og:type\" content=\"article\" \/>\n<meta property=\"og:title\" content=\"Calp es prepara per a celebrar les seues tradicionals festes en honor a la Merc\u00e8 | R\u00e0dio Litoral\" \/>\n<meta property=\"og:description\" content=\"Juan Carlos Ferri actuar\u00e0 com a pregoner diumenge que ve 8 de setembre\" \/>\n<meta property=\"og:url\" content=\"https:\/\/radiolitoral.com\/ca\/2024\/09\/calp-es-prepara-per-celebrar-les-seves-tradicionals-festes-en-honor-a-la-merce\/\" \/>\n<meta property=\"og:site_name\" content=\"R\u00e0dio Litoral\" \/>\n<meta property=\"article:publisher\" content=\"https:\/\/www.facebook.com\/Laradiolitoral\/\" \/>\n<meta property=\"article:published_time\" content=\"2024-09-03T17:03:20+00:00\" \/>\n<meta property=\"article:modified_time\" content=\"2024-09-04T09:28:12+00:00\" \/>\n<meta property=\"og:image\" content=\"https:\/\/media.radiolitoral.com\/wp-content\/uploads\/2024\/09\/03190310\/WhatsApp-Image-2024-09-02-at-13.36.03.jpeg\" \/>\n\t<meta property=\"og:image:width\" content=\"1600\" \/>\n\t<meta property=\"og:image:height\" content=\"1200\" \/>\n\t<meta property=\"og:image:type\" content=\"image\/jpeg\" \/>\n<meta name=\"author\" content=\"Redacci\u00f3n\" \/>\n<meta name=\"twitter:card\" content=\"summary_large_image\" \/>\n<meta name=\"twitter:label1\" content=\"Escrit per\" \/>\n\t<meta name=\"twitter:data1\" content=\"Redacci\u00f3n\" \/>\n\t<meta name=\"twitter:label2\" content=\"Temps estimat de lectura\" \/>\n\t<meta name=\"twitter:data2\" content=\"2 minuts\" \/>\n<script type=\"application\/ld+json\" class=\"yoast-schema-graph\">{\"@context\":\"https:\\\/\\\/schema.org\",\"@graph\":[{\"@type\":\"NewsArticle\",\"@id\":\"https:\\\/\\\/radiolitoral.com\\\/2024\\\/09\\\/calp-es-prepara-per-a-celebrar-les-seues-tradicionals-festes-en-honor-a-la-merce\\\/#article\",\"isPartOf\":{\"@id\":\"https:\\\/\\\/radiolitoral.com\\\/2024\\\/09\\\/calp-es-prepara-per-a-celebrar-les-seues-tradicionals-festes-en-honor-a-la-merce\\\/\"},\"author\":{\"name\":\"Redacci\u00f3n\",\"@id\":\"https:\\\/\\\/radiolitoral.com\\\/#\\\/schema\\\/person\\\/f2b2343c49b5d721857cc1002bfdb151\"},\"headline\":\"Calp es prepara per a celebrar les seues tradicionals festes en honor a la Merc\u00e8\",\"datePublished\":\"2024-09-03T17:03:20+00:00\",\"dateModified\":\"2024-09-04T09:28:12+00:00\",\"mainEntityOfPage\":{\"@id\":\"https:\\\/\\\/radiolitoral.com\\\/2024\\\/09\\\/calp-es-prepara-per-a-celebrar-les-seues-tradicionals-festes-en-honor-a-la-merce\\\/\"},\"wordCount\":206,\"commentCount\":0,\"publisher\":{\"@id\":\"https:\\\/\\\/radiolitoral.com\\\/#organization\"},\"image\":{\"@id\":\"https:\\\/\\\/radiolitoral.com\\\/2024\\\/09\\\/calp-es-prepara-per-a-celebrar-les-seues-tradicionals-festes-en-honor-a-la-merce\\\/#primaryimage\"},\"thumbnailUrl\":\"https:\\\/\\\/media.radiolitoral.com\\\/wp-content\\\/uploads\\\/2024\\\/09\\\/03190310\\\/WhatsApp-Image-2024-09-02-at-13.36.03.jpeg\",\"keywords\":[\"Calp\",\"Festes\",\"festes en honor a la Merc\u00e8\",\"Juan Carlos Ferri\"],\"articleSection\":[\"Fiestas\"],\"inLanguage\":\"ca\",\"potentialAction\":[{\"@type\":\"CommentAction\",\"name\":\"Comment\",\"target\":[\"https:\\\/\\\/radiolitoral.com\\\/2024\\\/09\\\/calp-es-prepara-per-a-celebrar-les-seues-tradicionals-festes-en-honor-a-la-merce\\\/#respond\"]}]},{\"@type\":[\"WebPage\",\"ItemPage\"],\"@id\":\"https:\\\/\\\/radiolitoral.com\\\/2024\\\/09\\\/calp-es-prepara-per-a-celebrar-les-seues-tradicionals-festes-en-honor-a-la-merce\\\/\",\"url\":\"https:\\\/\\\/radiolitoral.com\\\/2024\\\/09\\\/calp-es-prepara-per-a-celebrar-les-seues-tradicionals-festes-en-honor-a-la-merce\\\/\",\"name\":\"Calp es prepara per a celebrar les seues tradicionals festes en honor a la Merc\u00e8 | R\u00e0dio Litoral\",\"isPartOf\":{\"@id\":\"https:\\\/\\\/radiolitoral.com\\\/#website\"},\"primaryImageOfPage\":{\"@id\":\"https:\\\/\\\/radiolitoral.com\\\/2024\\\/09\\\/calp-es-prepara-per-a-celebrar-les-seues-tradicionals-festes-en-honor-a-la-merce\\\/#primaryimage\"},\"image\":{\"@id\":\"https:\\\/\\\/radiolitoral.com\\\/2024\\\/09\\\/calp-es-prepara-per-a-celebrar-les-seues-tradicionals-festes-en-honor-a-la-merce\\\/#primaryimage\"},\"thumbnailUrl\":\"https:\\\/\\\/media.radiolitoral.com\\\/wp-content\\\/uploads\\\/2024\\\/09\\\/03190310\\\/WhatsApp-Image-2024-09-02-at-13.36.03.jpeg\",\"datePublished\":\"2024-09-03T17:03:20+00:00\",\"dateModified\":\"2024-09-04T09:28:12+00:00\",\"description\":\"Juan Carlos Ferri actuar\u00e0 com a pregoner diumenge que ve 8 de setembre\",\"breadcrumb\":{\"@id\":\"https:\\\/\\\/radiolitoral.com\\\/2024\\\/09\\\/calp-es-prepara-per-a-celebrar-les-seues-tradicionals-festes-en-honor-a-la-merce\\\/#breadcrumb\"},\"inLanguage\":\"ca\",\"potentialAction\":[{\"@type\":\"ReadAction\",\"target\":[\"https:\\\/\\\/radiolitoral.com\\\/2024\\\/09\\\/calp-es-prepara-per-a-celebrar-les-seues-tradicionals-festes-en-honor-a-la-merce\\\/\"]}]},{\"@type\":\"ImageObject\",\"inLanguage\":\"ca\",\"@id\":\"https:\\\/\\\/radiolitoral.com\\\/2024\\\/09\\\/calp-es-prepara-per-a-celebrar-les-seues-tradicionals-festes-en-honor-a-la-merce\\\/#primaryimage\",\"url\":\"https:\\\/\\\/media.radiolitoral.com\\\/wp-content\\\/uploads\\\/2024\\\/09\\\/03190310\\\/WhatsApp-Image-2024-09-02-at-13.36.03.jpeg\",\"contentUrl\":\"https:\\\/\\\/media.radiolitoral.com\\\/wp-content\\\/uploads\\\/2024\\\/09\\\/03190310\\\/WhatsApp-Image-2024-09-02-at-13.36.03.jpeg\",\"width\":1600,\"height\":1200},{\"@type\":\"BreadcrumbList\",\"@id\":\"https:\\\/\\\/radiolitoral.com\\\/2024\\\/09\\\/calp-es-prepara-per-a-celebrar-les-seues-tradicionals-festes-en-honor-a-la-merce\\\/#breadcrumb\",\"itemListElement\":[{\"@type\":\"ListItem\",\"position\":1,\"name\":\"Portada\",\"item\":\"https:\\\/\\\/radiolitoral.com\\\/\"},{\"@type\":\"ListItem\",\"position\":2,\"name\":\"Calp es prepara per a celebrar les seues tradicionals festes en honor a la Merc\u00e8\"}]},{\"@type\":\"WebSite\",\"@id\":\"https:\\\/\\\/radiolitoral.com\\\/#website\",\"url\":\"https:\\\/\\\/radiolitoral.com\\\/\",\"name\":\"Radio Litoral\",\"description\":\"La radio local de la Marina Alta\",\"publisher\":{\"@id\":\"https:\\\/\\\/radiolitoral.com\\\/#organization\"},\"alternateName\":\"Litoral FM\",\"potentialAction\":[{\"@type\":\"SearchAction\",\"target\":{\"@type\":\"EntryPoint\",\"urlTemplate\":\"https:\\\/\\\/radiolitoral.com\\\/?s={search_term_string}\"},\"query-input\":{\"@type\":\"PropertyValueSpecification\",\"valueRequired\":true,\"valueName\":\"search_term_string\"}}],\"inLanguage\":\"ca\"},{\"@type\":\"Organization\",\"@id\":\"https:\\\/\\\/radiolitoral.com\\\/#organization\",\"name\":\"Radio Litoral\",\"url\":\"https:\\\/\\\/radiolitoral.com\\\/\",\"logo\":{\"@type\":\"ImageObject\",\"inLanguage\":\"ca\",\"@id\":\"https:\\\/\\\/radiolitoral.com\\\/#\\\/schema\\\/logo\\\/image\\\/\",\"url\":\"https:\\\/\\\/media.radiolitoral.com\\\/wp-content\\\/uploads\\\/2023\\\/02\\\/24143238\\\/CL-V-RadioLitoral696.png\",\"contentUrl\":\"https:\\\/\\\/media.radiolitoral.com\\\/wp-content\\\/uploads\\\/2023\\\/02\\\/24143238\\\/CL-V-RadioLitoral696.png\",\"width\":696,\"height\":696,\"caption\":\"Radio Litoral\"},\"image\":{\"@id\":\"https:\\\/\\\/radiolitoral.com\\\/#\\\/schema\\\/logo\\\/image\\\/\"},\"sameAs\":[\"https:\\\/\\\/www.facebook.com\\\/Laradiolitoral\\\/\"]},{\"@type\":\"Person\",\"@id\":\"https:\\\/\\\/radiolitoral.com\\\/#\\\/schema\\\/person\\\/f2b2343c49b5d721857cc1002bfdb151\",\"name\":\"Redacci\u00f3n\",\"image\":{\"@type\":\"ImageObject\",\"inLanguage\":\"ca\",\"@id\":\"https:\\\/\\\/secure.gravatar.com\\\/avatar\\\/f771d896c203ad8b3382d7905cfcce5a5c9b008b84b3cd9114e9b9f4cb63f789?s=96&d=mm&r=g\",\"url\":\"https:\\\/\\\/secure.gravatar.com\\\/avatar\\\/f771d896c203ad8b3382d7905cfcce5a5c9b008b84b3cd9114e9b9f4cb63f789?s=96&d=mm&r=g\",\"contentUrl\":\"https:\\\/\\\/secure.gravatar.com\\\/avatar\\\/f771d896c203ad8b3382d7905cfcce5a5c9b008b84b3cd9114e9b9f4cb63f789?s=96&d=mm&r=g\",\"caption\":\"Redacci\u00f3n\"},\"url\":\"https:\\\/\\\/radiolitoral.com\\\/ca\\\/author\\\/miriam-pagan\\\/\"}]}<\/script>\n<!-- \/ Yoast SEO plugin. -->","yoast_head_json":{"title":"Calp es prepara per celebrar les seves tradicionals festes en honor a la Merc\u00e8 | R\u00e0dio Litoral","description":"Juan Carlos Ferri actuar\u00e0 com a pregoner diumenge que ve 8 de setembre","robots":{"index":"index","follow":"follow","max-snippet":"max-snippet:-1","max-image-preview":"max-image-preview:large","max-video-preview":"max-video-preview:-1"},"canonical":"https:\/\/radiolitoral.com\/ca\/2024\/09\/calp-es-prepara-per-celebrar-les-seves-tradicionals-festes-en-honor-a-la-merce\/","og_locale":"ca_ES","og_type":"article","og_title":"Calp es prepara per a celebrar les seues tradicionals festes en honor a la Merc\u00e8 | R\u00e0dio Litoral","og_description":"Juan Carlos Ferri actuar\u00e0 com a pregoner diumenge que ve 8 de setembre","og_url":"https:\/\/radiolitoral.com\/ca\/2024\/09\/calp-es-prepara-per-celebrar-les-seves-tradicionals-festes-en-honor-a-la-merce\/","og_site_name":"R\u00e0dio Litoral","article_publisher":"https:\/\/www.facebook.com\/Laradiolitoral\/","article_published_time":"2024-09-03T17:03:20+00:00","article_modified_time":"2024-09-04T09:28:12+00:00","og_image":[{"width":1600,"height":1200,"url":"https:\/\/media.radiolitoral.com\/wp-content\/uploads\/2024\/09\/03190310\/WhatsApp-Image-2024-09-02-at-13.36.03.jpeg","type":"image\/jpeg"}],"author":"Redacci\u00f3n","twitter_card":"summary_large_image","twitter_misc":{"Escrit per":"Redacci\u00f3n","Temps estimat de lectura":"2 minuts"},"schema":{"@context":"https:\/\/schema.org","@graph":[{"@type":"NewsArticle","@id":"https:\/\/radiolitoral.com\/2024\/09\/calp-es-prepara-per-a-celebrar-les-seues-tradicionals-festes-en-honor-a-la-merce\/#article","isPartOf":{"@id":"https:\/\/radiolitoral.com\/2024\/09\/calp-es-prepara-per-a-celebrar-les-seues-tradicionals-festes-en-honor-a-la-merce\/"},"author":{"name":"Redacci\u00f3n","@id":"https:\/\/radiolitoral.com\/#\/schema\/person\/f2b2343c49b5d721857cc1002bfdb151"},"headline":"Calp es prepara per a celebrar les seues tradicionals festes en honor a la Merc\u00e8","datePublished":"2024-09-03T17:03:20+00:00","dateModified":"2024-09-04T09:28:12+00:00","mainEntityOfPage":{"@id":"https:\/\/radiolitoral.com\/2024\/09\/calp-es-prepara-per-a-celebrar-les-seues-tradicionals-festes-en-honor-a-la-merce\/"},"wordCount":206,"commentCount":0,"publisher":{"@id":"https:\/\/radiolitoral.com\/#organization"},"image":{"@id":"https:\/\/radiolitoral.com\/2024\/09\/calp-es-prepara-per-a-celebrar-les-seues-tradicionals-festes-en-honor-a-la-merce\/#primaryimage"},"thumbnailUrl":"https:\/\/media.radiolitoral.com\/wp-content\/uploads\/2024\/09\/03190310\/WhatsApp-Image-2024-09-02-at-13.36.03.jpeg","keywords":["Calp","Festes","festes en honor a la Merc\u00e8","Juan Carlos Ferri"],"articleSection":["Fiestas"],"inLanguage":"ca","potentialAction":[{"@type":"CommentAction","name":"Comment","target":["https:\/\/radiolitoral.com\/2024\/09\/calp-es-prepara-per-a-celebrar-les-seues-tradicionals-festes-en-honor-a-la-merce\/#respond"]}]},{"@type":["WebPage","ItemPage"],"@id":"https:\/\/radiolitoral.com\/2024\/09\/calp-es-prepara-per-a-celebrar-les-seues-tradicionals-festes-en-honor-a-la-merce\/","url":"https:\/\/radiolitoral.com\/2024\/09\/calp-es-prepara-per-a-celebrar-les-seues-tradicionals-festes-en-honor-a-la-merce\/","name":"Calp es prepara per celebrar les seves tradicionals festes en honor a la Merc\u00e8 | R\u00e0dio Litoral","isPartOf":{"@id":"https:\/\/radiolitoral.com\/#website"},"primaryImageOfPage":{"@id":"https:\/\/radiolitoral.com\/2024\/09\/calp-es-prepara-per-a-celebrar-les-seues-tradicionals-festes-en-honor-a-la-merce\/#primaryimage"},"image":{"@id":"https:\/\/radiolitoral.com\/2024\/09\/calp-es-prepara-per-a-celebrar-les-seues-tradicionals-festes-en-honor-a-la-merce\/#primaryimage"},"thumbnailUrl":"https:\/\/media.radiolitoral.com\/wp-content\/uploads\/2024\/09\/03190310\/WhatsApp-Image-2024-09-02-at-13.36.03.jpeg","datePublished":"2024-09-03T17:03:20+00:00","dateModified":"2024-09-04T09:28:12+00:00","description":"Juan Carlos Ferri actuar\u00e0 com a pregoner diumenge que ve 8 de setembre","breadcrumb":{"@id":"https:\/\/radiolitoral.com\/2024\/09\/calp-es-prepara-per-a-celebrar-les-seues-tradicionals-festes-en-honor-a-la-merce\/#breadcrumb"},"inLanguage":"ca","potentialAction":[{"@type":"ReadAction","target":["https:\/\/radiolitoral.com\/2024\/09\/calp-es-prepara-per-a-celebrar-les-seues-tradicionals-festes-en-honor-a-la-merce\/"]}]},{"@type":"ImageObject","inLanguage":"ca","@id":"https:\/\/radiolitoral.com\/2024\/09\/calp-es-prepara-per-a-celebrar-les-seues-tradicionals-festes-en-honor-a-la-merce\/#primaryimage","url":"https:\/\/media.radiolitoral.com\/wp-content\/uploads\/2024\/09\/03190310\/WhatsApp-Image-2024-09-02-at-13.36.03.jpeg","contentUrl":"https:\/\/media.radiolitoral.com\/wp-content\/uploads\/2024\/09\/03190310\/WhatsApp-Image-2024-09-02-at-13.36.03.jpeg","width":1600,"height":1200},{"@type":"BreadcrumbList","@id":"https:\/\/radiolitoral.com\/2024\/09\/calp-es-prepara-per-a-celebrar-les-seues-tradicionals-festes-en-honor-a-la-merce\/#breadcrumb","itemListElement":[{"@type":"ListItem","position":1,"name":"Portada","item":"https:\/\/radiolitoral.com\/"},{"@type":"ListItem","position":2,"name":"Calp es prepara per a celebrar les seues tradicionals festes en honor a la Merc\u00e8"}]},{"@type":"WebSite","@id":"https:\/\/radiolitoral.com\/#website","url":"https:\/\/radiolitoral.com\/","name":"R\u00e0dio Litoral","description":"La r\u00e0dio local de la Marina Alta","publisher":{"@id":"https:\/\/radiolitoral.com\/#organization"},"alternateName":"Litoral FM","potentialAction":[{"@type":"SearchAction","target":{"@type":"EntryPoint","urlTemplate":"https:\/\/radiolitoral.com\/?s={search_term_string}"},"query-input":{"@type":"PropertyValueSpecification","valueRequired":true,"valueName":"search_term_string"}}],"inLanguage":"ca"},{"@type":"Organization","@id":"https:\/\/radiolitoral.com\/#organization","name":"R\u00e0dio Litoral","url":"https:\/\/radiolitoral.com\/","logo":{"@type":"ImageObject","inLanguage":"ca","@id":"https:\/\/radiolitoral.com\/#\/schema\/logo\/image\/","url":"https:\/\/media.radiolitoral.com\/wp-content\/uploads\/2023\/02\/24143238\/CL-V-RadioLitoral696.png","contentUrl":"https:\/\/media.radiolitoral.com\/wp-content\/uploads\/2023\/02\/24143238\/CL-V-RadioLitoral696.png","width":696,"height":696,"caption":"Radio Litoral"},"image":{"@id":"https:\/\/radiolitoral.com\/#\/schema\/logo\/image\/"},"sameAs":["https:\/\/www.facebook.com\/Laradiolitoral\/"]},{"@type":"Person","@id":"https:\/\/radiolitoral.com\/#\/schema\/person\/f2b2343c49b5d721857cc1002bfdb151","name":"Redacci\u00f3","image":{"@type":"ImageObject","inLanguage":"ca","@id":"https:\/\/secure.gravatar.com\/avatar\/f771d896c203ad8b3382d7905cfcce5a5c9b008b84b3cd9114e9b9f4cb63f789?s=96&d=mm&r=g","url":"https:\/\/secure.gravatar.com\/avatar\/f771d896c203ad8b3382d7905cfcce5a5c9b008b84b3cd9114e9b9f4cb63f789?s=96&d=mm&r=g","contentUrl":"https:\/\/secure.gravatar.com\/avatar\/f771d896c203ad8b3382d7905cfcce5a5c9b008b84b3cd9114e9b9f4cb63f789?s=96&d=mm&r=g","caption":"Redacci\u00f3n"},"url":"https:\/\/radiolitoral.com\/ca\/author\/miriam-pagan\/"}]}},"_links":{"self":[{"href":"https:\/\/radiolitoral.com\/ca\/wp-json\/wp\/v2\/posts\/11027","targetHints":{"allow":["GET"]}}],"collection":[{"href":"https:\/\/radiolitoral.com\/ca\/wp-json\/wp\/v2\/posts"}],"about":[{"href":"https:\/\/radiolitoral.com\/ca\/wp-json\/wp\/v2\/types\/post"}],"author":[{"embeddable":true,"href":"https:\/\/radiolitoral.com\/ca\/wp-json\/wp\/v2\/users\/13"}],"replies":[{"embeddable":true,"href":"https:\/\/radiolitoral.com\/ca\/wp-json\/wp\/v2\/comments?post=11027"}],"version-history":[{"count":1,"href":"https:\/\/radiolitoral.com\/ca\/wp-json\/wp\/v2\/posts\/11027\/revisions"}],"predecessor-version":[{"id":11032,"href":"https:\/\/radiolitoral.com\/ca\/wp-json\/wp\/v2\/posts\/11027\/revisions\/11032"}],"wp:featuredmedia":[{"embeddable":true,"href":"https:\/\/radiolitoral.com\/ca\/wp-json\/wp\/v2\/media\/11031"}],"wp:attachment":[{"href":"https:\/\/radiolitoral.com\/ca\/wp-json\/wp\/v2\/media?parent=11027"}],"wp:term":[{"taxonomy":"category","embeddable":true,"href":"https:\/\/radiolitoral.com\/ca\/wp-json\/wp\/v2\/categories?post=11027"},{"taxonomy":"post_tag","embeddable":true,"href":"https:\/\/radiolitoral.com\/ca\/wp-json\/wp\/v2\/tags?post=11027"}],"curies":[{"name":"wp","href":"https:\/\/api.w.org\/{rel}","templated":true}]}}