{"id":11009,"date":"2024-09-05T10:48:48","date_gmt":"2024-09-05T08:48:48","guid":{"rendered":"https:\/\/radiolitoral.com\/?p=11009"},"modified":"2024-09-05T10:48:48","modified_gmt":"2024-09-05T08:48:48","slug":"benigembla-es-prepara-per-a-la-ii-badall-trail","status":"publish","type":"post","link":"https:\/\/radiolitoral.com\/ca\/2024\/09\/benigembla-es-prepara-per-a-la-ii-badall-trail\/","title":{"rendered":"Benigembla es prepara per a la II Badall Trail"},"content":{"rendered":"<p>Benigembla tornar\u00e0 a ser per segon any consecutiu escenari d&#039;una de les proves del \u201c<strong>VII Circuit <span class=\"hiddenSpellError\">Trail<\/span>\u00a0La Marina<\/strong>\u201d. La cita \u00e9s el proper 20 d&#039;octubre, per\u00f2 les inscripcions ja s&#039;han obert. Els corredors interessats a participar-hi poden registrar-se a la p\u00e0gina web circuittrailmarina.<span class=\"hiddenGrammarError\">ca<\/span>. Una iniciativa que promou <strong>D\u00e9nia Corre<\/strong> i l&#039;<strong>Ajuntament de Benigembla<\/strong>.<\/p>\n<p>Una convocat\u00f2ria bautitzada amb el nom de <strong>Badall\u00a0<span class=\"hiddenSpellError\">Trail<\/span><\/strong>, fent refer\u00e8ncia a la impressionant clivella que partix la muntanya de Benigembla i que oferix a aquells que la travessen impressionants vistes. Les places estan limitades a un m\u00e0xim de 400 corredors, xifra que es va aconseguir completar a l&#039;anterior edici\u00f3 setmana abans de la convocat\u00f2ria.<\/p>\n<p>La prova \u00e9s dividix en dues carreres de muntanya,\u00a0<span class=\"hiddenSpellError\">Sprint<\/span>\u00a0i Mitjana Marat\u00f3, amb les quals s&#039;inaugura el Circuit\u00a0<span class=\"hiddenSpellError\">Trail<\/span>\u00a0de la Marina, que tamb\u00e9 recorrer\u00e0 altres paratges emblem\u00e0tics de la comarca a Xal\u00f3, Gata, Calp, Pedreguer, Ondara, Laguar-Orba, Senija, Forna, Pego i Vall de Gallinera, aix\u00ed com zones de muntanya de la ve\u00efna Marina Baixa.<\/p>","protected":false},"excerpt":{"rendered":"<p>Benigembla tornar\u00e0 a ser per segon any consecutiu escenari d&#8217;una de les proves del \u201cVII Circuit Trail\u00a0La Marina\u201d. La cita \u00e9s el pr\u00f2xim 20 d&#8217;octubre, per\u00f2 les inscripcions ja s&#8217;han obert. Els corredors interessats a participar poden registrar-se en la p\u00e0gina web circuittrailmarina.es. Una iniciativa que promou D\u00e9nia Corre i l&#8217;Ajuntament de Benigembla. Una convocat\u00f2ria [&#8230;]<\/p>\n<p><a class=\"btn btn-secondary understrap-read-more-link\" href=\"https:\/\/radiolitoral.com\/ca\/2024\/09\/benigembla-es-prepara-per-a-la-ii-badall-trail\/\">Continua llegint&#8230;<span class=\"screen-reader-text\"> from Benigembla es prepara per a la II Badall Trail<\/span><\/a><\/p>\n","protected":false},"author":12,"featured_media":11010,"comment_status":"open","ping_status":"closed","sticky":false,"template":"","format":"standard","meta":{"_acf_changed":false,"inline_featured_image":false,"footnotes":""},"categories":[5],"tags":[2112,2113,2110,6,2111],"class_list":["post-11009","post","type-post","status-publish","format-standard","has-post-thumbnail","hentry","category-deportes","tag-ajuntament-de-benigembla","tag-badall-trail","tag-denia-corre","tag-deportes","tag-vii-circuit-trail-la-marina","cobertura-benigembla"],"acf":[],"yoast_head":"<!-- This site is optimized with the Yoast SEO plugin v27.5 - https:\/\/yoast.com\/product\/yoast-seo-wordpress\/ -->\n<title>Benigembla es prepara per a la II Badall Trail | R\u00e0dio Litoral<\/title>\n<meta name=\"description\" content=\"La prova que organitza D\u00e9nia Corre i l&#039;ajuntament de Benigembla \u00e9s la primera del VII Circuit Trail Marina\" \/>\n<meta name=\"robots\" content=\"index, follow, max-snippet:-1, max-image-preview:large, max-video-preview:-1\" \/>\n<link rel=\"canonical\" href=\"https:\/\/radiolitoral.com\/ca\/2024\/09\/benigembla-es-prepara-per-a-la-ii-badall-trail\/\" \/>\n<meta property=\"og:locale\" content=\"ca_ES\" \/>\n<meta property=\"og:type\" content=\"article\" \/>\n<meta property=\"og:title\" content=\"Benigembla es prepara per a la II Badall Trail | R\u00e0dio Litoral\" \/>\n<meta property=\"og:description\" content=\"La prova que organitza D\u00e9nia Corre i l&#039;ajuntament de Benigembla \u00e9s la primera del VII Circuit Trail Marina\" \/>\n<meta property=\"og:url\" content=\"https:\/\/radiolitoral.com\/ca\/2024\/09\/benigembla-es-prepara-per-a-la-ii-badall-trail\/\" \/>\n<meta property=\"og:site_name\" content=\"R\u00e0dio Litoral\" \/>\n<meta property=\"article:publisher\" content=\"https:\/\/www.facebook.com\/Laradiolitoral\/\" \/>\n<meta property=\"article:published_time\" content=\"2024-09-05T08:48:48+00:00\" \/>\n<meta property=\"og:image\" content=\"https:\/\/media.radiolitoral.com\/wp-content\/uploads\/2024\/09\/03121920\/Cartel-del-Badall-Trail.jpg\" \/>\n\t<meta property=\"og:image:width\" content=\"1080\" \/>\n\t<meta property=\"og:image:height\" content=\"936\" \/>\n\t<meta property=\"og:image:type\" content=\"image\/jpeg\" \/>\n<meta name=\"author\" content=\"Javier Zamora\" \/>\n<meta name=\"twitter:card\" content=\"summary_large_image\" \/>\n<meta name=\"twitter:label1\" content=\"Escrit per\" \/>\n\t<meta name=\"twitter:data1\" content=\"Javier Zamora\" \/>\n\t<meta name=\"twitter:label2\" content=\"Temps estimat de lectura\" \/>\n\t<meta name=\"twitter:data2\" content=\"2 minuts\" \/>\n<script type=\"application\/ld+json\" class=\"yoast-schema-graph\">{\"@context\":\"https:\\\/\\\/schema.org\",\"@graph\":[{\"@type\":\"NewsArticle\",\"@id\":\"https:\\\/\\\/radiolitoral.com\\\/2024\\\/09\\\/benigembla-es-prepara-per-a-la-ii-badall-trail\\\/#article\",\"isPartOf\":{\"@id\":\"https:\\\/\\\/radiolitoral.com\\\/2024\\\/09\\\/benigembla-es-prepara-per-a-la-ii-badall-trail\\\/\"},\"author\":{\"name\":\"Javier Zamora\",\"@id\":\"https:\\\/\\\/radiolitoral.com\\\/#\\\/schema\\\/person\\\/7b1480b5caeb5acdd4ec6379caf62b22\"},\"headline\":\"Benigembla es prepara per a la II Badall Trail\",\"datePublished\":\"2024-09-05T08:48:48+00:00\",\"mainEntityOfPage\":{\"@id\":\"https:\\\/\\\/radiolitoral.com\\\/2024\\\/09\\\/benigembla-es-prepara-per-a-la-ii-badall-trail\\\/\"},\"wordCount\":189,\"commentCount\":0,\"publisher\":{\"@id\":\"https:\\\/\\\/radiolitoral.com\\\/#organization\"},\"image\":{\"@id\":\"https:\\\/\\\/radiolitoral.com\\\/2024\\\/09\\\/benigembla-es-prepara-per-a-la-ii-badall-trail\\\/#primaryimage\"},\"thumbnailUrl\":\"https:\\\/\\\/media.radiolitoral.com\\\/wp-content\\\/uploads\\\/2024\\\/09\\\/03121920\\\/Cartel-del-Badall-Trail.jpg\",\"keywords\":[\"Ajuntament de Benigembla\",\"Badall\u00a0Trail\",\"D\u00e9nia Corre\",\"deportes\",\"VII Circuit Trail\u00a0La Marina\"],\"articleSection\":[\"Deportes\"],\"inLanguage\":\"ca\",\"potentialAction\":[{\"@type\":\"CommentAction\",\"name\":\"Comment\",\"target\":[\"https:\\\/\\\/radiolitoral.com\\\/2024\\\/09\\\/benigembla-es-prepara-per-a-la-ii-badall-trail\\\/#respond\"]}]},{\"@type\":[\"WebPage\",\"ItemPage\"],\"@id\":\"https:\\\/\\\/radiolitoral.com\\\/2024\\\/09\\\/benigembla-es-prepara-per-a-la-ii-badall-trail\\\/\",\"url\":\"https:\\\/\\\/radiolitoral.com\\\/2024\\\/09\\\/benigembla-es-prepara-per-a-la-ii-badall-trail\\\/\",\"name\":\"Benigembla es prepara per a la II Badall Trail | R\u00e0dio Litoral\",\"isPartOf\":{\"@id\":\"https:\\\/\\\/radiolitoral.com\\\/#website\"},\"primaryImageOfPage\":{\"@id\":\"https:\\\/\\\/radiolitoral.com\\\/2024\\\/09\\\/benigembla-es-prepara-per-a-la-ii-badall-trail\\\/#primaryimage\"},\"image\":{\"@id\":\"https:\\\/\\\/radiolitoral.com\\\/2024\\\/09\\\/benigembla-es-prepara-per-a-la-ii-badall-trail\\\/#primaryimage\"},\"thumbnailUrl\":\"https:\\\/\\\/media.radiolitoral.com\\\/wp-content\\\/uploads\\\/2024\\\/09\\\/03121920\\\/Cartel-del-Badall-Trail.jpg\",\"datePublished\":\"2024-09-05T08:48:48+00:00\",\"description\":\"La prova que organitza D\u00e9nia Corre i l'ajuntament de Benigembla \u00e9s la primera del VII Circuit Trail Marina\",\"breadcrumb\":{\"@id\":\"https:\\\/\\\/radiolitoral.com\\\/2024\\\/09\\\/benigembla-es-prepara-per-a-la-ii-badall-trail\\\/#breadcrumb\"},\"inLanguage\":\"ca\",\"potentialAction\":[{\"@type\":\"ReadAction\",\"target\":[\"https:\\\/\\\/radiolitoral.com\\\/2024\\\/09\\\/benigembla-es-prepara-per-a-la-ii-badall-trail\\\/\"]}]},{\"@type\":\"ImageObject\",\"inLanguage\":\"ca\",\"@id\":\"https:\\\/\\\/radiolitoral.com\\\/2024\\\/09\\\/benigembla-es-prepara-per-a-la-ii-badall-trail\\\/#primaryimage\",\"url\":\"https:\\\/\\\/media.radiolitoral.com\\\/wp-content\\\/uploads\\\/2024\\\/09\\\/03121920\\\/Cartel-del-Badall-Trail.jpg\",\"contentUrl\":\"https:\\\/\\\/media.radiolitoral.com\\\/wp-content\\\/uploads\\\/2024\\\/09\\\/03121920\\\/Cartel-del-Badall-Trail.jpg\",\"width\":1080,\"height\":936},{\"@type\":\"BreadcrumbList\",\"@id\":\"https:\\\/\\\/radiolitoral.com\\\/2024\\\/09\\\/benigembla-es-prepara-per-a-la-ii-badall-trail\\\/#breadcrumb\",\"itemListElement\":[{\"@type\":\"ListItem\",\"position\":1,\"name\":\"Portada\",\"item\":\"https:\\\/\\\/radiolitoral.com\\\/\"},{\"@type\":\"ListItem\",\"position\":2,\"name\":\"Benigembla es prepara per a la II Badall Trail\"}]},{\"@type\":\"WebSite\",\"@id\":\"https:\\\/\\\/radiolitoral.com\\\/#website\",\"url\":\"https:\\\/\\\/radiolitoral.com\\\/\",\"name\":\"Radio Litoral\",\"description\":\"La radio local de la Marina Alta\",\"publisher\":{\"@id\":\"https:\\\/\\\/radiolitoral.com\\\/#organization\"},\"alternateName\":\"Litoral FM\",\"potentialAction\":[{\"@type\":\"SearchAction\",\"target\":{\"@type\":\"EntryPoint\",\"urlTemplate\":\"https:\\\/\\\/radiolitoral.com\\\/?s={search_term_string}\"},\"query-input\":{\"@type\":\"PropertyValueSpecification\",\"valueRequired\":true,\"valueName\":\"search_term_string\"}}],\"inLanguage\":\"ca\"},{\"@type\":\"Organization\",\"@id\":\"https:\\\/\\\/radiolitoral.com\\\/#organization\",\"name\":\"Radio Litoral\",\"url\":\"https:\\\/\\\/radiolitoral.com\\\/\",\"logo\":{\"@type\":\"ImageObject\",\"inLanguage\":\"ca\",\"@id\":\"https:\\\/\\\/radiolitoral.com\\\/#\\\/schema\\\/logo\\\/image\\\/\",\"url\":\"https:\\\/\\\/media.radiolitoral.com\\\/wp-content\\\/uploads\\\/2023\\\/02\\\/24143238\\\/CL-V-RadioLitoral696.png\",\"contentUrl\":\"https:\\\/\\\/media.radiolitoral.com\\\/wp-content\\\/uploads\\\/2023\\\/02\\\/24143238\\\/CL-V-RadioLitoral696.png\",\"width\":696,\"height\":696,\"caption\":\"Radio Litoral\"},\"image\":{\"@id\":\"https:\\\/\\\/radiolitoral.com\\\/#\\\/schema\\\/logo\\\/image\\\/\"},\"sameAs\":[\"https:\\\/\\\/www.facebook.com\\\/Laradiolitoral\\\/\"]},{\"@type\":\"Person\",\"@id\":\"https:\\\/\\\/radiolitoral.com\\\/#\\\/schema\\\/person\\\/7b1480b5caeb5acdd4ec6379caf62b22\",\"name\":\"Javier Zamora\",\"image\":{\"@type\":\"ImageObject\",\"inLanguage\":\"ca\",\"@id\":\"https:\\\/\\\/secure.gravatar.com\\\/avatar\\\/467a11f6918c7d619c4043fc6fa2d3853053107973f05b6e9c04ea6c4e3a7b3f?s=96&d=mm&r=g\",\"url\":\"https:\\\/\\\/secure.gravatar.com\\\/avatar\\\/467a11f6918c7d619c4043fc6fa2d3853053107973f05b6e9c04ea6c4e3a7b3f?s=96&d=mm&r=g\",\"contentUrl\":\"https:\\\/\\\/secure.gravatar.com\\\/avatar\\\/467a11f6918c7d619c4043fc6fa2d3853053107973f05b6e9c04ea6c4e3a7b3f?s=96&d=mm&r=g\",\"caption\":\"Javier Zamora\"},\"url\":\"https:\\\/\\\/radiolitoral.com\\\/ca\\\/author\\\/javier-zamora\\\/\"}]}<\/script>\n<!-- \/ Yoast SEO plugin. -->","yoast_head_json":{"title":"Benigembla \u00e9s prepara per a la II Badall Trail | R\u00e0dio Litoral","description":"La prova que organitza D\u00e9nia Corre i l&#039;Ajuntament de Benigembla \u00e9s la primera del VII Circuit Trail Marina","robots":{"index":"index","follow":"follow","max-snippet":"max-snippet:-1","max-image-preview":"max-image-preview:large","max-video-preview":"max-video-preview:-1"},"canonical":"https:\/\/radiolitoral.com\/ca\/2024\/09\/benigembla-es-prepara-per-a-la-ii-badall-trail\/","og_locale":"ca_ES","og_type":"article","og_title":"Benigembla es prepara per a la II Badall Trail | R\u00e0dio Litoral","og_description":"La prova que organitza D\u00e9nia Corre i l'ajuntament de Benigembla \u00e9s la primera del VII Circuit Trail Marina","og_url":"https:\/\/radiolitoral.com\/ca\/2024\/09\/benigembla-es-prepara-per-a-la-ii-badall-trail\/","og_site_name":"R\u00e0dio Litoral","article_publisher":"https:\/\/www.facebook.com\/Laradiolitoral\/","article_published_time":"2024-09-05T08:48:48+00:00","og_image":[{"width":1080,"height":936,"url":"https:\/\/media.radiolitoral.com\/wp-content\/uploads\/2024\/09\/03121920\/Cartel-del-Badall-Trail.jpg","type":"image\/jpeg"}],"author":"Javier Zamora","twitter_card":"summary_large_image","twitter_misc":{"Escrit per":"Javier Zamora","Temps estimat de lectura":"2 minuts"},"schema":{"@context":"https:\/\/schema.org","@graph":[{"@type":"NewsArticle","@id":"https:\/\/radiolitoral.com\/2024\/09\/benigembla-es-prepara-per-a-la-ii-badall-trail\/#article","isPartOf":{"@id":"https:\/\/radiolitoral.com\/2024\/09\/benigembla-es-prepara-per-a-la-ii-badall-trail\/"},"author":{"name":"Javier Zamora","@id":"https:\/\/radiolitoral.com\/#\/schema\/person\/7b1480b5caeb5acdd4ec6379caf62b22"},"headline":"Benigembla es prepara per a la II Badall Trail","datePublished":"2024-09-05T08:48:48+00:00","mainEntityOfPage":{"@id":"https:\/\/radiolitoral.com\/2024\/09\/benigembla-es-prepara-per-a-la-ii-badall-trail\/"},"wordCount":189,"commentCount":0,"publisher":{"@id":"https:\/\/radiolitoral.com\/#organization"},"image":{"@id":"https:\/\/radiolitoral.com\/2024\/09\/benigembla-es-prepara-per-a-la-ii-badall-trail\/#primaryimage"},"thumbnailUrl":"https:\/\/media.radiolitoral.com\/wp-content\/uploads\/2024\/09\/03121920\/Cartel-del-Badall-Trail.jpg","keywords":["Ajuntament de Benigembla","Badall\u00a0Trail","D\u00e9nia Corre","deportes","VII Circuit Trail\u00a0La Marina"],"articleSection":["Deportes"],"inLanguage":"ca","potentialAction":[{"@type":"CommentAction","name":"Comment","target":["https:\/\/radiolitoral.com\/2024\/09\/benigembla-es-prepara-per-a-la-ii-badall-trail\/#respond"]}]},{"@type":["WebPage","ItemPage"],"@id":"https:\/\/radiolitoral.com\/2024\/09\/benigembla-es-prepara-per-a-la-ii-badall-trail\/","url":"https:\/\/radiolitoral.com\/2024\/09\/benigembla-es-prepara-per-a-la-ii-badall-trail\/","name":"Benigembla \u00e9s prepara per a la II Badall Trail | R\u00e0dio Litoral","isPartOf":{"@id":"https:\/\/radiolitoral.com\/#website"},"primaryImageOfPage":{"@id":"https:\/\/radiolitoral.com\/2024\/09\/benigembla-es-prepara-per-a-la-ii-badall-trail\/#primaryimage"},"image":{"@id":"https:\/\/radiolitoral.com\/2024\/09\/benigembla-es-prepara-per-a-la-ii-badall-trail\/#primaryimage"},"thumbnailUrl":"https:\/\/media.radiolitoral.com\/wp-content\/uploads\/2024\/09\/03121920\/Cartel-del-Badall-Trail.jpg","datePublished":"2024-09-05T08:48:48+00:00","description":"La prova que organitza D\u00e9nia Corre i l&#039;Ajuntament de Benigembla \u00e9s la primera del VII Circuit Trail Marina","breadcrumb":{"@id":"https:\/\/radiolitoral.com\/2024\/09\/benigembla-es-prepara-per-a-la-ii-badall-trail\/#breadcrumb"},"inLanguage":"ca","potentialAction":[{"@type":"ReadAction","target":["https:\/\/radiolitoral.com\/2024\/09\/benigembla-es-prepara-per-a-la-ii-badall-trail\/"]}]},{"@type":"ImageObject","inLanguage":"ca","@id":"https:\/\/radiolitoral.com\/2024\/09\/benigembla-es-prepara-per-a-la-ii-badall-trail\/#primaryimage","url":"https:\/\/media.radiolitoral.com\/wp-content\/uploads\/2024\/09\/03121920\/Cartel-del-Badall-Trail.jpg","contentUrl":"https:\/\/media.radiolitoral.com\/wp-content\/uploads\/2024\/09\/03121920\/Cartel-del-Badall-Trail.jpg","width":1080,"height":936},{"@type":"BreadcrumbList","@id":"https:\/\/radiolitoral.com\/2024\/09\/benigembla-es-prepara-per-a-la-ii-badall-trail\/#breadcrumb","itemListElement":[{"@type":"ListItem","position":1,"name":"Portada","item":"https:\/\/radiolitoral.com\/"},{"@type":"ListItem","position":2,"name":"Benigembla es prepara per a la II Badall Trail"}]},{"@type":"WebSite","@id":"https:\/\/radiolitoral.com\/#website","url":"https:\/\/radiolitoral.com\/","name":"R\u00e0dio Litoral","description":"La r\u00e0dio local de la Marina Alta","publisher":{"@id":"https:\/\/radiolitoral.com\/#organization"},"alternateName":"Litoral FM","potentialAction":[{"@type":"SearchAction","target":{"@type":"EntryPoint","urlTemplate":"https:\/\/radiolitoral.com\/?s={search_term_string}"},"query-input":{"@type":"PropertyValueSpecification","valueRequired":true,"valueName":"search_term_string"}}],"inLanguage":"ca"},{"@type":"Organization","@id":"https:\/\/radiolitoral.com\/#organization","name":"R\u00e0dio Litoral","url":"https:\/\/radiolitoral.com\/","logo":{"@type":"ImageObject","inLanguage":"ca","@id":"https:\/\/radiolitoral.com\/#\/schema\/logo\/image\/","url":"https:\/\/media.radiolitoral.com\/wp-content\/uploads\/2023\/02\/24143238\/CL-V-RadioLitoral696.png","contentUrl":"https:\/\/media.radiolitoral.com\/wp-content\/uploads\/2023\/02\/24143238\/CL-V-RadioLitoral696.png","width":696,"height":696,"caption":"Radio Litoral"},"image":{"@id":"https:\/\/radiolitoral.com\/#\/schema\/logo\/image\/"},"sameAs":["https:\/\/www.facebook.com\/Laradiolitoral\/"]},{"@type":"Person","@id":"https:\/\/radiolitoral.com\/#\/schema\/person\/7b1480b5caeb5acdd4ec6379caf62b22","name":"Javier Zamora","image":{"@type":"ImageObject","inLanguage":"ca","@id":"https:\/\/secure.gravatar.com\/avatar\/467a11f6918c7d619c4043fc6fa2d3853053107973f05b6e9c04ea6c4e3a7b3f?s=96&d=mm&r=g","url":"https:\/\/secure.gravatar.com\/avatar\/467a11f6918c7d619c4043fc6fa2d3853053107973f05b6e9c04ea6c4e3a7b3f?s=96&d=mm&r=g","contentUrl":"https:\/\/secure.gravatar.com\/avatar\/467a11f6918c7d619c4043fc6fa2d3853053107973f05b6e9c04ea6c4e3a7b3f?s=96&d=mm&r=g","caption":"Javier Zamora"},"url":"https:\/\/radiolitoral.com\/ca\/author\/javier-zamora\/"}]}},"_links":{"self":[{"href":"https:\/\/radiolitoral.com\/ca\/wp-json\/wp\/v2\/posts\/11009","targetHints":{"allow":["GET"]}}],"collection":[{"href":"https:\/\/radiolitoral.com\/ca\/wp-json\/wp\/v2\/posts"}],"about":[{"href":"https:\/\/radiolitoral.com\/ca\/wp-json\/wp\/v2\/types\/post"}],"author":[{"embeddable":true,"href":"https:\/\/radiolitoral.com\/ca\/wp-json\/wp\/v2\/users\/12"}],"replies":[{"embeddable":true,"href":"https:\/\/radiolitoral.com\/ca\/wp-json\/wp\/v2\/comments?post=11009"}],"version-history":[{"count":2,"href":"https:\/\/radiolitoral.com\/ca\/wp-json\/wp\/v2\/posts\/11009\/revisions"}],"predecessor-version":[{"id":11012,"href":"https:\/\/radiolitoral.com\/ca\/wp-json\/wp\/v2\/posts\/11009\/revisions\/11012"}],"wp:featuredmedia":[{"embeddable":true,"href":"https:\/\/radiolitoral.com\/ca\/wp-json\/wp\/v2\/media\/11010"}],"wp:attachment":[{"href":"https:\/\/radiolitoral.com\/ca\/wp-json\/wp\/v2\/media?parent=11009"}],"wp:term":[{"taxonomy":"category","embeddable":true,"href":"https:\/\/radiolitoral.com\/ca\/wp-json\/wp\/v2\/categories?post=11009"},{"taxonomy":"post_tag","embeddable":true,"href":"https:\/\/radiolitoral.com\/ca\/wp-json\/wp\/v2\/tags?post=11009"}],"curies":[{"name":"wp","href":"https:\/\/api.w.org\/{rel}","templated":true}]}}