{"id":10984,"date":"2024-09-02T19:10:12","date_gmt":"2024-09-02T17:10:12","guid":{"rendered":"https:\/\/radiolitoral.com\/?p=10984"},"modified":"2024-09-02T19:20:31","modified_gmt":"2024-09-02T17:20:31","slug":"lstepv-denuncia-un-inici-de-curs-amb-plantilles-de-professorat-incomplets","status":"publish","type":"post","link":"https:\/\/radiolitoral.com\/ca\/2024\/09\/el-stepv-denuncia-un-inici-de-curs-amb-plantilles-de-professorat-incompletes\/","title":{"rendered":"L&#039;STEPV denuncia un inici de curs amb plantilles de professorat incomplets"},"content":{"rendered":"<p>En pocs dies, l&#039;alumnat tornar\u00e0 a ocupar les aules dels centres d&#039;infantil, prim\u00e0ria i secund\u00e0ria de la Marina Alta. El <strong>dilluns 9 de setembre<\/strong> est\u00e0 marcat al calendari com <strong>el dia d&#039;inici del curs escolar<\/strong>. Abans, els treballadors de l&#039;ensenyament p\u00fablic s&#039;incorporen als seus llocs de treball, fet que passa aquesta setmana, amb la finalitat de preparar el nou curs i l&#039;arribada de l&#039;alumnat el proper dilluns. Un inici de classes que, segons <strong>el Sindicat de treballadors i treballadors de l&#039;ensenyament del Pa\u00eds Valenci\u00e0 (STEPV)<\/strong>, comen\u00e7ar\u00e0 amb les plantilles de docents incomplets.<\/p>\n<p>Una situaci\u00f3 que des del sindicat retreuen a la Conselleria d&#039;Educaci\u00f3 ia la seva falta de previsi\u00f3. Cal recordar que el sindicat ja va denunciar al mes de juliol que s&#039;havien retallat vacants a tots els cossos docents, per\u00f2 especialment a conservatoris i escoles oficials d&#039;idiomes.<\/p>\n<p>Amb aquest panorama, des de l&#039;STEPV s&#039;afirma que el sistema educatiu a la Comunitat Valenciana est\u00e0 en recesi\u00f3 des que governa el PP. Tamb\u00e9 cal recordar que aquest sindicat va presentar un recurs contenci\u00f3s contra la suspensi\u00f3 de l&#039;acord de plantilles, signat per tots els sindicats amb el govern del Bot\u00e0nic, i que suposava un increment de 5000 llocs de treball en dos cursos.<\/p>\n<p>En el cas concret de la Marina Alta, Marc Candela, coordinador d&#039;Acci\u00f3 Sindical de STEPV comenta que al curs passat es van oferir 505 places al mes de juliol i <strong>aquest any han estat nom\u00e9s 422<\/strong>. Candela tamb\u00e9 assegura que estan a l&#039;espera de la llista d&#039;adjudicacions.<\/p>\n<p>El Sindicat de Treballadors de l&#039;Ensenyament adverteix que les retallades a les plantilles de professorat i els efectes de l&#039;anomenada llei \u201cde la llibertat educativa\u201d marcaran l&#039;inici del curs 2024-2025.<\/p>","protected":false},"excerpt":{"rendered":"<p>En pocs dies, l\u2019alumnat tornar\u00e0 a ocupar les aules dels centres educatius d\u2019infantil, prim\u00e0ria i secund\u00e0ria de la Marina Alta. El dilluns 9 de setembre est\u00e0 marcat en el calendari com el dia d\u2019inici del curs escolar. Abans, els treballadors de l\u2019ensenyament p\u00fablic s\u2019incorporen als seus llocs de treball, fet que ocorre aquesta setmana, amb [&#8230;]<\/p>\n<p><a class=\"btn btn-secondary understrap-read-more-link\" href=\"https:\/\/radiolitoral.com\/ca\/2024\/09\/el-stepv-denuncia-un-inici-de-curs-amb-plantilles-de-professorat-incompletes\/\">Continua llegint&#8230;<span class=\"screen-reader-text\"> from El STEPV denuncia un inici de curs amb plantilles de professorat incompletes<\/span><\/a><\/p>\n","protected":false},"author":13,"featured_media":5913,"comment_status":"open","ping_status":"closed","sticky":false,"template":"","format":"standard","meta":{"_acf_changed":false,"inline_featured_image":false,"footnotes":""},"categories":[130],"tags":[134,2103,2102],"class_list":["post-10984","post","type-post","status-publish","format-standard","has-post-thumbnail","hentry","category-educacion","tag-educacion","tag-profesorado","tag-stepv","cobertura-marina-alta"],"acf":[],"yoast_head":"<!-- This site is optimized with the Yoast SEO plugin v27.5 - https:\/\/yoast.com\/product\/yoast-seo-wordpress\/ -->\n<title>El STEPV denuncia un inici de curs amb plantilles de professorat incompletes | R\u00e0dio Litoral<\/title>\n<meta name=\"description\" content=\"A la Marina Alta, en el curs passat es van oferir 505 places en el mes de juliol i enguany han sigut nom\u00e9s 422\" \/>\n<meta name=\"robots\" content=\"index, follow, max-snippet:-1, max-image-preview:large, max-video-preview:-1\" \/>\n<link rel=\"canonical\" href=\"https:\/\/radiolitoral.com\/ca\/2024\/09\/lstepv-denuncia-un-inici-de-curs-amb-plantilles-de-professorat-incomplets\/\" \/>\n<meta property=\"og:locale\" content=\"ca_ES\" \/>\n<meta property=\"og:type\" content=\"article\" \/>\n<meta property=\"og:title\" content=\"El STEPV denuncia un inici de curs amb plantilles de professorat incompletes | R\u00e0dio Litoral\" \/>\n<meta property=\"og:description\" content=\"A la Marina Alta, en el curs passat es van oferir 505 places en el mes de juliol i enguany han sigut nom\u00e9s 422\" \/>\n<meta property=\"og:url\" content=\"https:\/\/radiolitoral.com\/ca\/2024\/09\/lstepv-denuncia-un-inici-de-curs-amb-plantilles-de-professorat-incomplets\/\" \/>\n<meta property=\"og:site_name\" content=\"R\u00e0dio Litoral\" \/>\n<meta property=\"article:publisher\" content=\"https:\/\/www.facebook.com\/Laradiolitoral\/\" \/>\n<meta property=\"article:published_time\" content=\"2024-09-02T17:10:12+00:00\" \/>\n<meta property=\"article:modified_time\" content=\"2024-09-02T17:20:31+00:00\" \/>\n<meta property=\"og:image\" content=\"https:\/\/media.radiolitoral.com\/wp-content\/uploads\/2023\/12\/05194114\/IES-Josep-Iborra-Benissa-pati-2-e1725296967524.jpg\" \/>\n\t<meta property=\"og:image:width\" content=\"1200\" \/>\n\t<meta property=\"og:image:height\" content=\"1066\" \/>\n\t<meta property=\"og:image:type\" content=\"image\/jpeg\" \/>\n<meta name=\"author\" content=\"Redacci\u00f3n\" \/>\n<meta name=\"twitter:card\" content=\"summary_large_image\" \/>\n<meta name=\"twitter:label1\" content=\"Escrit per\" \/>\n\t<meta name=\"twitter:data1\" content=\"Redacci\u00f3n\" \/>\n\t<meta name=\"twitter:label2\" content=\"Temps estimat de lectura\" \/>\n\t<meta name=\"twitter:data2\" content=\"2 minuts\" \/>\n<script type=\"application\/ld+json\" class=\"yoast-schema-graph\">{\"@context\":\"https:\\\/\\\/schema.org\",\"@graph\":[{\"@type\":\"NewsArticle\",\"@id\":\"https:\\\/\\\/radiolitoral.com\\\/2024\\\/09\\\/el-stepv-denuncia-un-inici-de-curs-amb-plantilles-de-professorat-incompletes\\\/#article\",\"isPartOf\":{\"@id\":\"https:\\\/\\\/radiolitoral.com\\\/2024\\\/09\\\/el-stepv-denuncia-un-inici-de-curs-amb-plantilles-de-professorat-incompletes\\\/\"},\"author\":{\"name\":\"Redacci\u00f3n\",\"@id\":\"https:\\\/\\\/radiolitoral.com\\\/#\\\/schema\\\/person\\\/f2b2343c49b5d721857cc1002bfdb151\"},\"headline\":\"El STEPV denuncia un inici de curs amb plantilles de professorat incompletes\",\"datePublished\":\"2024-09-02T17:10:12+00:00\",\"dateModified\":\"2024-09-02T17:20:31+00:00\",\"mainEntityOfPage\":{\"@id\":\"https:\\\/\\\/radiolitoral.com\\\/2024\\\/09\\\/el-stepv-denuncia-un-inici-de-curs-amb-plantilles-de-professorat-incompletes\\\/\"},\"wordCount\":321,\"commentCount\":0,\"publisher\":{\"@id\":\"https:\\\/\\\/radiolitoral.com\\\/#organization\"},\"image\":{\"@id\":\"https:\\\/\\\/radiolitoral.com\\\/2024\\\/09\\\/el-stepv-denuncia-un-inici-de-curs-amb-plantilles-de-professorat-incompletes\\\/#primaryimage\"},\"thumbnailUrl\":\"https:\\\/\\\/media.radiolitoral.com\\\/wp-content\\\/uploads\\\/2023\\\/12\\\/05194114\\\/IES-Josep-Iborra-Benissa-pati-2-e1725296967524.jpg\",\"keywords\":[\"educaci\u00f3n\",\"profesorado\",\"STEPV\"],\"articleSection\":[\"Educaci\u00f3n\"],\"inLanguage\":\"ca\",\"potentialAction\":[{\"@type\":\"CommentAction\",\"name\":\"Comment\",\"target\":[\"https:\\\/\\\/radiolitoral.com\\\/2024\\\/09\\\/el-stepv-denuncia-un-inici-de-curs-amb-plantilles-de-professorat-incompletes\\\/#respond\"]}]},{\"@type\":[\"WebPage\",\"ItemPage\"],\"@id\":\"https:\\\/\\\/radiolitoral.com\\\/2024\\\/09\\\/el-stepv-denuncia-un-inici-de-curs-amb-plantilles-de-professorat-incompletes\\\/\",\"url\":\"https:\\\/\\\/radiolitoral.com\\\/2024\\\/09\\\/el-stepv-denuncia-un-inici-de-curs-amb-plantilles-de-professorat-incompletes\\\/\",\"name\":\"El STEPV denuncia un inici de curs amb plantilles de professorat incompletes | R\u00e0dio Litoral\",\"isPartOf\":{\"@id\":\"https:\\\/\\\/radiolitoral.com\\\/#website\"},\"primaryImageOfPage\":{\"@id\":\"https:\\\/\\\/radiolitoral.com\\\/2024\\\/09\\\/el-stepv-denuncia-un-inici-de-curs-amb-plantilles-de-professorat-incompletes\\\/#primaryimage\"},\"image\":{\"@id\":\"https:\\\/\\\/radiolitoral.com\\\/2024\\\/09\\\/el-stepv-denuncia-un-inici-de-curs-amb-plantilles-de-professorat-incompletes\\\/#primaryimage\"},\"thumbnailUrl\":\"https:\\\/\\\/media.radiolitoral.com\\\/wp-content\\\/uploads\\\/2023\\\/12\\\/05194114\\\/IES-Josep-Iborra-Benissa-pati-2-e1725296967524.jpg\",\"datePublished\":\"2024-09-02T17:10:12+00:00\",\"dateModified\":\"2024-09-02T17:20:31+00:00\",\"description\":\"A la Marina Alta, en el curs passat es van oferir 505 places en el mes de juliol i enguany han sigut nom\u00e9s 422\",\"breadcrumb\":{\"@id\":\"https:\\\/\\\/radiolitoral.com\\\/2024\\\/09\\\/el-stepv-denuncia-un-inici-de-curs-amb-plantilles-de-professorat-incompletes\\\/#breadcrumb\"},\"inLanguage\":\"ca\",\"potentialAction\":[{\"@type\":\"ReadAction\",\"target\":[\"https:\\\/\\\/radiolitoral.com\\\/2024\\\/09\\\/el-stepv-denuncia-un-inici-de-curs-amb-plantilles-de-professorat-incompletes\\\/\"]}]},{\"@type\":\"ImageObject\",\"inLanguage\":\"ca\",\"@id\":\"https:\\\/\\\/radiolitoral.com\\\/2024\\\/09\\\/el-stepv-denuncia-un-inici-de-curs-amb-plantilles-de-professorat-incompletes\\\/#primaryimage\",\"url\":\"https:\\\/\\\/media.radiolitoral.com\\\/wp-content\\\/uploads\\\/2023\\\/12\\\/05194114\\\/IES-Josep-Iborra-Benissa-pati-2-e1725296967524.jpg\",\"contentUrl\":\"https:\\\/\\\/media.radiolitoral.com\\\/wp-content\\\/uploads\\\/2023\\\/12\\\/05194114\\\/IES-Josep-Iborra-Benissa-pati-2-e1725296967524.jpg\",\"width\":1200,\"height\":1066},{\"@type\":\"BreadcrumbList\",\"@id\":\"https:\\\/\\\/radiolitoral.com\\\/2024\\\/09\\\/el-stepv-denuncia-un-inici-de-curs-amb-plantilles-de-professorat-incompletes\\\/#breadcrumb\",\"itemListElement\":[{\"@type\":\"ListItem\",\"position\":1,\"name\":\"Portada\",\"item\":\"https:\\\/\\\/radiolitoral.com\\\/\"},{\"@type\":\"ListItem\",\"position\":2,\"name\":\"El STEPV denuncia un inici de curs amb plantilles de professorat incompletes\"}]},{\"@type\":\"WebSite\",\"@id\":\"https:\\\/\\\/radiolitoral.com\\\/#website\",\"url\":\"https:\\\/\\\/radiolitoral.com\\\/\",\"name\":\"Radio Litoral\",\"description\":\"La radio local de la Marina Alta\",\"publisher\":{\"@id\":\"https:\\\/\\\/radiolitoral.com\\\/#organization\"},\"alternateName\":\"Litoral FM\",\"potentialAction\":[{\"@type\":\"SearchAction\",\"target\":{\"@type\":\"EntryPoint\",\"urlTemplate\":\"https:\\\/\\\/radiolitoral.com\\\/?s={search_term_string}\"},\"query-input\":{\"@type\":\"PropertyValueSpecification\",\"valueRequired\":true,\"valueName\":\"search_term_string\"}}],\"inLanguage\":\"ca\"},{\"@type\":\"Organization\",\"@id\":\"https:\\\/\\\/radiolitoral.com\\\/#organization\",\"name\":\"Radio Litoral\",\"url\":\"https:\\\/\\\/radiolitoral.com\\\/\",\"logo\":{\"@type\":\"ImageObject\",\"inLanguage\":\"ca\",\"@id\":\"https:\\\/\\\/radiolitoral.com\\\/#\\\/schema\\\/logo\\\/image\\\/\",\"url\":\"https:\\\/\\\/media.radiolitoral.com\\\/wp-content\\\/uploads\\\/2023\\\/02\\\/24143238\\\/CL-V-RadioLitoral696.png\",\"contentUrl\":\"https:\\\/\\\/media.radiolitoral.com\\\/wp-content\\\/uploads\\\/2023\\\/02\\\/24143238\\\/CL-V-RadioLitoral696.png\",\"width\":696,\"height\":696,\"caption\":\"Radio Litoral\"},\"image\":{\"@id\":\"https:\\\/\\\/radiolitoral.com\\\/#\\\/schema\\\/logo\\\/image\\\/\"},\"sameAs\":[\"https:\\\/\\\/www.facebook.com\\\/Laradiolitoral\\\/\"]},{\"@type\":\"Person\",\"@id\":\"https:\\\/\\\/radiolitoral.com\\\/#\\\/schema\\\/person\\\/f2b2343c49b5d721857cc1002bfdb151\",\"name\":\"Redacci\u00f3n\",\"image\":{\"@type\":\"ImageObject\",\"inLanguage\":\"ca\",\"@id\":\"https:\\\/\\\/secure.gravatar.com\\\/avatar\\\/f771d896c203ad8b3382d7905cfcce5a5c9b008b84b3cd9114e9b9f4cb63f789?s=96&d=mm&r=g\",\"url\":\"https:\\\/\\\/secure.gravatar.com\\\/avatar\\\/f771d896c203ad8b3382d7905cfcce5a5c9b008b84b3cd9114e9b9f4cb63f789?s=96&d=mm&r=g\",\"contentUrl\":\"https:\\\/\\\/secure.gravatar.com\\\/avatar\\\/f771d896c203ad8b3382d7905cfcce5a5c9b008b84b3cd9114e9b9f4cb63f789?s=96&d=mm&r=g\",\"caption\":\"Redacci\u00f3n\"},\"url\":\"https:\\\/\\\/radiolitoral.com\\\/ca\\\/author\\\/miriam-pagan\\\/\"}]}<\/script>\n<!-- \/ Yoast SEO plugin. -->","yoast_head_json":{"title":"L&#039;STEPV denuncia un inici de curs amb plantilles de professorat incomplets | R\u00e0dio Litoral","description":"A la Marina Alta, al curs passat es van oferir 505 places al mes de juliol i aquest any han estat nom\u00e9s 422","robots":{"index":"index","follow":"follow","max-snippet":"max-snippet:-1","max-image-preview":"max-image-preview:large","max-video-preview":"max-video-preview:-1"},"canonical":"https:\/\/radiolitoral.com\/ca\/2024\/09\/lstepv-denuncia-un-inici-de-curs-amb-plantilles-de-professorat-incomplets\/","og_locale":"ca_ES","og_type":"article","og_title":"El STEPV denuncia un inici de curs amb plantilles de professorat incompletes | R\u00e0dio Litoral","og_description":"A la Marina Alta, en el curs passat es van oferir 505 places en el mes de juliol i enguany han sigut nom\u00e9s 422","og_url":"https:\/\/radiolitoral.com\/ca\/2024\/09\/lstepv-denuncia-un-inici-de-curs-amb-plantilles-de-professorat-incomplets\/","og_site_name":"R\u00e0dio Litoral","article_publisher":"https:\/\/www.facebook.com\/Laradiolitoral\/","article_published_time":"2024-09-02T17:10:12+00:00","article_modified_time":"2024-09-02T17:20:31+00:00","og_image":[{"width":1200,"height":1066,"url":"https:\/\/media.radiolitoral.com\/wp-content\/uploads\/2023\/12\/05194114\/IES-Josep-Iborra-Benissa-pati-2-e1725296967524.jpg","type":"image\/jpeg"}],"author":"Redacci\u00f3n","twitter_card":"summary_large_image","twitter_misc":{"Escrit per":"Redacci\u00f3n","Temps estimat de lectura":"2 minuts"},"schema":{"@context":"https:\/\/schema.org","@graph":[{"@type":"NewsArticle","@id":"https:\/\/radiolitoral.com\/2024\/09\/el-stepv-denuncia-un-inici-de-curs-amb-plantilles-de-professorat-incompletes\/#article","isPartOf":{"@id":"https:\/\/radiolitoral.com\/2024\/09\/el-stepv-denuncia-un-inici-de-curs-amb-plantilles-de-professorat-incompletes\/"},"author":{"name":"Redacci\u00f3n","@id":"https:\/\/radiolitoral.com\/#\/schema\/person\/f2b2343c49b5d721857cc1002bfdb151"},"headline":"El STEPV denuncia un inici de curs amb plantilles de professorat incompletes","datePublished":"2024-09-02T17:10:12+00:00","dateModified":"2024-09-02T17:20:31+00:00","mainEntityOfPage":{"@id":"https:\/\/radiolitoral.com\/2024\/09\/el-stepv-denuncia-un-inici-de-curs-amb-plantilles-de-professorat-incompletes\/"},"wordCount":321,"commentCount":0,"publisher":{"@id":"https:\/\/radiolitoral.com\/#organization"},"image":{"@id":"https:\/\/radiolitoral.com\/2024\/09\/el-stepv-denuncia-un-inici-de-curs-amb-plantilles-de-professorat-incompletes\/#primaryimage"},"thumbnailUrl":"https:\/\/media.radiolitoral.com\/wp-content\/uploads\/2023\/12\/05194114\/IES-Josep-Iborra-Benissa-pati-2-e1725296967524.jpg","keywords":["educaci\u00f3n","profesorado","STEPV"],"articleSection":["Educaci\u00f3n"],"inLanguage":"ca","potentialAction":[{"@type":"CommentAction","name":"Comment","target":["https:\/\/radiolitoral.com\/2024\/09\/el-stepv-denuncia-un-inici-de-curs-amb-plantilles-de-professorat-incompletes\/#respond"]}]},{"@type":["WebPage","ItemPage"],"@id":"https:\/\/radiolitoral.com\/2024\/09\/el-stepv-denuncia-un-inici-de-curs-amb-plantilles-de-professorat-incompletes\/","url":"https:\/\/radiolitoral.com\/2024\/09\/el-stepv-denuncia-un-inici-de-curs-amb-plantilles-de-professorat-incompletes\/","name":"L&#039;STEPV denuncia un inici de curs amb plantilles de professorat incomplets | R\u00e0dio Litoral","isPartOf":{"@id":"https:\/\/radiolitoral.com\/#website"},"primaryImageOfPage":{"@id":"https:\/\/radiolitoral.com\/2024\/09\/el-stepv-denuncia-un-inici-de-curs-amb-plantilles-de-professorat-incompletes\/#primaryimage"},"image":{"@id":"https:\/\/radiolitoral.com\/2024\/09\/el-stepv-denuncia-un-inici-de-curs-amb-plantilles-de-professorat-incompletes\/#primaryimage"},"thumbnailUrl":"https:\/\/media.radiolitoral.com\/wp-content\/uploads\/2023\/12\/05194114\/IES-Josep-Iborra-Benissa-pati-2-e1725296967524.jpg","datePublished":"2024-09-02T17:10:12+00:00","dateModified":"2024-09-02T17:20:31+00:00","description":"A la Marina Alta, al curs passat es van oferir 505 places al mes de juliol i aquest any han estat nom\u00e9s 422","breadcrumb":{"@id":"https:\/\/radiolitoral.com\/2024\/09\/el-stepv-denuncia-un-inici-de-curs-amb-plantilles-de-professorat-incompletes\/#breadcrumb"},"inLanguage":"ca","potentialAction":[{"@type":"ReadAction","target":["https:\/\/radiolitoral.com\/2024\/09\/el-stepv-denuncia-un-inici-de-curs-amb-plantilles-de-professorat-incompletes\/"]}]},{"@type":"ImageObject","inLanguage":"ca","@id":"https:\/\/radiolitoral.com\/2024\/09\/el-stepv-denuncia-un-inici-de-curs-amb-plantilles-de-professorat-incompletes\/#primaryimage","url":"https:\/\/media.radiolitoral.com\/wp-content\/uploads\/2023\/12\/05194114\/IES-Josep-Iborra-Benissa-pati-2-e1725296967524.jpg","contentUrl":"https:\/\/media.radiolitoral.com\/wp-content\/uploads\/2023\/12\/05194114\/IES-Josep-Iborra-Benissa-pati-2-e1725296967524.jpg","width":1200,"height":1066},{"@type":"BreadcrumbList","@id":"https:\/\/radiolitoral.com\/2024\/09\/el-stepv-denuncia-un-inici-de-curs-amb-plantilles-de-professorat-incompletes\/#breadcrumb","itemListElement":[{"@type":"ListItem","position":1,"name":"Portada","item":"https:\/\/radiolitoral.com\/"},{"@type":"ListItem","position":2,"name":"El STEPV denuncia un inici de curs amb plantilles de professorat incompletes"}]},{"@type":"WebSite","@id":"https:\/\/radiolitoral.com\/#website","url":"https:\/\/radiolitoral.com\/","name":"R\u00e0dio Litoral","description":"La r\u00e0dio local de la Marina Alta","publisher":{"@id":"https:\/\/radiolitoral.com\/#organization"},"alternateName":"Litoral FM","potentialAction":[{"@type":"SearchAction","target":{"@type":"EntryPoint","urlTemplate":"https:\/\/radiolitoral.com\/?s={search_term_string}"},"query-input":{"@type":"PropertyValueSpecification","valueRequired":true,"valueName":"search_term_string"}}],"inLanguage":"ca"},{"@type":"Organization","@id":"https:\/\/radiolitoral.com\/#organization","name":"R\u00e0dio Litoral","url":"https:\/\/radiolitoral.com\/","logo":{"@type":"ImageObject","inLanguage":"ca","@id":"https:\/\/radiolitoral.com\/#\/schema\/logo\/image\/","url":"https:\/\/media.radiolitoral.com\/wp-content\/uploads\/2023\/02\/24143238\/CL-V-RadioLitoral696.png","contentUrl":"https:\/\/media.radiolitoral.com\/wp-content\/uploads\/2023\/02\/24143238\/CL-V-RadioLitoral696.png","width":696,"height":696,"caption":"Radio Litoral"},"image":{"@id":"https:\/\/radiolitoral.com\/#\/schema\/logo\/image\/"},"sameAs":["https:\/\/www.facebook.com\/Laradiolitoral\/"]},{"@type":"Person","@id":"https:\/\/radiolitoral.com\/#\/schema\/person\/f2b2343c49b5d721857cc1002bfdb151","name":"Redacci\u00f3","image":{"@type":"ImageObject","inLanguage":"ca","@id":"https:\/\/secure.gravatar.com\/avatar\/f771d896c203ad8b3382d7905cfcce5a5c9b008b84b3cd9114e9b9f4cb63f789?s=96&d=mm&r=g","url":"https:\/\/secure.gravatar.com\/avatar\/f771d896c203ad8b3382d7905cfcce5a5c9b008b84b3cd9114e9b9f4cb63f789?s=96&d=mm&r=g","contentUrl":"https:\/\/secure.gravatar.com\/avatar\/f771d896c203ad8b3382d7905cfcce5a5c9b008b84b3cd9114e9b9f4cb63f789?s=96&d=mm&r=g","caption":"Redacci\u00f3n"},"url":"https:\/\/radiolitoral.com\/ca\/author\/miriam-pagan\/"}]}},"_links":{"self":[{"href":"https:\/\/radiolitoral.com\/ca\/wp-json\/wp\/v2\/posts\/10984","targetHints":{"allow":["GET"]}}],"collection":[{"href":"https:\/\/radiolitoral.com\/ca\/wp-json\/wp\/v2\/posts"}],"about":[{"href":"https:\/\/radiolitoral.com\/ca\/wp-json\/wp\/v2\/types\/post"}],"author":[{"embeddable":true,"href":"https:\/\/radiolitoral.com\/ca\/wp-json\/wp\/v2\/users\/13"}],"replies":[{"embeddable":true,"href":"https:\/\/radiolitoral.com\/ca\/wp-json\/wp\/v2\/comments?post=10984"}],"version-history":[{"count":1,"href":"https:\/\/radiolitoral.com\/ca\/wp-json\/wp\/v2\/posts\/10984\/revisions"}],"predecessor-version":[{"id":10985,"href":"https:\/\/radiolitoral.com\/ca\/wp-json\/wp\/v2\/posts\/10984\/revisions\/10985"}],"wp:featuredmedia":[{"embeddable":true,"href":"https:\/\/radiolitoral.com\/ca\/wp-json\/wp\/v2\/media\/5913"}],"wp:attachment":[{"href":"https:\/\/radiolitoral.com\/ca\/wp-json\/wp\/v2\/media?parent=10984"}],"wp:term":[{"taxonomy":"category","embeddable":true,"href":"https:\/\/radiolitoral.com\/ca\/wp-json\/wp\/v2\/categories?post=10984"},{"taxonomy":"post_tag","embeddable":true,"href":"https:\/\/radiolitoral.com\/ca\/wp-json\/wp\/v2\/tags?post=10984"}],"curies":[{"name":"wp","href":"https:\/\/api.w.org\/{rel}","templated":true}]}}