{"id":10971,"date":"2024-09-02T12:20:07","date_gmt":"2024-09-02T10:20:07","guid":{"rendered":"https:\/\/radiolitoral.com\/?p=10971"},"modified":"2024-09-02T12:24:21","modified_gmt":"2024-09-02T10:24:21","slug":"transports-formalitza-per-198-milions-deuros-obres-complementaries-de-la-variant-de-benissa","status":"publish","type":"post","link":"https:\/\/radiolitoral.com\/ca\/2024\/09\/transports-formalitza-per-198-milions-deuros-obres-complementaries-de-la-variant-de-benissa\/","title":{"rendered":"Transports formalitza per 19,8 milions d&#039;euros obres complement\u00e0ries de la variant de Benissa"},"content":{"rendered":"<p>El <strong>Ministeri de Transports i Mobilitat Sostenible<\/strong> <strong>ha adjudicat per 19,8 milions d&#039;euros<\/strong> (IVA incl\u00f2s) els<strong> obres complement\u00e0ries a la variant de Benissa de la carretera N-332<\/strong>. Aquest projecte t\u00e9 com a objectiu refor\u00e7ar la funcionalitat, capacitat i seguretat vi\u00e0ria, a m\u00e9s de promover la mobilitat activa mitjan\u00e7ant la construcci\u00f3 de 2 km de vies per a vianants i ciclistes.<\/p>\n<p>Les noves obres es duran a terme a l&#039;entorn del nou enlla\u00e7 nord de Benissa i al tram adjacent de <span class=\"hiddenGrammarError\">la N-332<\/span> a l&#039;al\u00e7ada del pol\u00edgon industrial <span class=\"hiddenGrammarError\">La<\/span> Pedrera. La variant de Benissa, en servei des del 2022, ha aconseguit segregar el tr\u00e0nsit local del de llarg recorregut, <strong>millorant significativament la seguretat vi\u00e0ria, reduint els temps de despla\u00e7ament<\/strong> i mitigant tant la contaminaci\u00f3 com la va congestir al municipi.<\/p>\n<p>A m\u00e9s, la connectivitat amb l&#039;autopista AP-7, lliure de peatge des de l&#039;1 de gener de 2020, ha estat potenciada, la qual cosa ha provocat un augment significatiu del tr\u00e0nsit al vial que connecta l&#039;autopista amb el nou enlla\u00e7 nord de Benissa a la carretera N-332.<\/p>\n<p>La formalitzaci\u00f3 del contracte marca <strong>un dels darrers passos administratius abans de l&#039;inici de les obres<\/strong>. Despr\u00e9s de la formalitzaci\u00f3, es procedir\u00e0 a l&#039;aixecament de l&#039;acta de comprovaci\u00f3 del replanteig, la qual cosa permetr\u00e0 l&#039;inici de les obres, l&#039;anunci de les quals es publicar\u00e0 properament al Butllet\u00ed Oficial de l&#039;Estat.<\/p>\n<p><img loading=\"lazy\" decoding=\"async\" class=\"alignnone wp-image-10975 size-full\" src=\"https:\/\/media.radiolitoral.com\/wp-content\/uploads\/2024\/09\/02122407\/Benissa-obras-complementarias-Variante.jpg\" alt=\"\" width=\"1740\" height=\"910\" srcset=\"https:\/\/media.radiolitoral.com\/wp-content\/uploads\/2024\/09\/02122407\/Benissa-obras-complementarias-Variante.jpg 1740w, https:\/\/media.radiolitoral.com\/wp-content\/uploads\/2024\/09\/02122407\/Benissa-obras-complementarias-Variante-300x157.jpg 300w, https:\/\/media.radiolitoral.com\/wp-content\/uploads\/2024\/09\/02122407\/Benissa-obras-complementarias-Variante-1024x536.jpg 1024w, https:\/\/media.radiolitoral.com\/wp-content\/uploads\/2024\/09\/02122407\/Benissa-obras-complementarias-Variante-768x402.jpg 768w, https:\/\/media.radiolitoral.com\/wp-content\/uploads\/2024\/09\/02122407\/Benissa-obras-complementarias-Variante-1536x803.jpg 1536w, https:\/\/media.radiolitoral.com\/wp-content\/uploads\/2024\/09\/02122407\/Benissa-obras-complementarias-Variante-18x9.jpg 18w, https:\/\/media.radiolitoral.com\/wp-content\/uploads\/2024\/09\/02122407\/Benissa-obras-complementarias-Variante-1000x523.jpg 1000w, https:\/\/media.radiolitoral.com\/wp-content\/uploads\/2024\/09\/02122407\/Benissa-obras-complementarias-Variante-100x52.jpg 100w, https:\/\/media.radiolitoral.com\/wp-content\/uploads\/2024\/09\/02122407\/Benissa-obras-complementarias-Variante-200x105.jpg 200w\" sizes=\"auto, (max-width: 1740px) 100vw, 1740px\" \/><\/p>\n<h3>Caracter\u00edstiques de l&#039;actuaci\u00f3<\/h3>\n<p>Les actuacions projectades tenen com a objectiu assegurar la<strong> funcionalitat i correcte funcionament de l&#039;enlla\u00e7,<\/strong> aix\u00ed com<strong> millorar la seguretat vi\u00e0ria mitjan\u00e7ant la reordenaci\u00f3 d&#039;accessos<\/strong> i la <strong>millora del tra\u00e7at.<\/strong><\/p>\n<p>El projecte inclou l&#039;ampliaci\u00f3 de la plataforma bidireccional actual per disposar de dos carrils per sentit i la construcci\u00f3 d&#039;un ramal directe que faciliti els moviments des de l&#039;autopista AP-7 cap a Calp, la qual cosa reduir\u00e0 els temps de recorregut.<\/p>\n<p>A m\u00e9s, es contempla <strong>l&#039;adequaci\u00f3 i millora del tra\u00e7at de la carretera N-332 en una longitud propera als 2 km a l&#039;extrem nord de la variant de Benissa<\/strong>. L&#039;<span class=\"hiddenSuggestion\">objectiu<\/span> \u00e9s dotar el tram entre Benissa i Teulada de caracter\u00edstiques similars a les de la variant, potenciant la seguretat vi\u00e0ria a una carretera clau que connecta zones tur\u00edstiques de primer nivell internacional com X\u00e0bia, Teulada-Moraira, Benissa i Calp, que experimenten un gran volum de tr\u00e0nsit durant la temporada estival.<\/p>\n<p>Tamb\u00e9 \u00e9s construir\u00e0 un <strong>enlla\u00e7 d&#039;acc\u00e9s al pol\u00edgon industrial <span class=\"hiddenGrammarError\">La<\/span> Pedrera<\/strong>, eliminant la intersecci\u00f3 existent i millorant aix\u00ed les condicions de seguretat vi\u00e0ria. Als 2 km de carretera N-332 on cal intervenir, s&#039;eliminaran 14 accessos directes mitjan\u00e7ant la construcci\u00f3 de 1.800 metres de vials de servei connectats al nou enlla\u00e7, garantint l&#039;accessibilitat a finques i activitats adjacents i millorant el nivell de servei de la via.<\/p>\n<p>Finalment, es dissenyaran aproximadament <strong>2 quil\u00f2metres de vies per a vianants i ciclistes,<\/strong> que milloressin l&#039;accessibilitat a la Partida de Canor i al pol\u00edgon industrial <span class=\"hiddenGrammarError\">La<\/span> Pedrera, en l\u00ednia amb l&#039;Estrat\u00e8gia Estatal per a la Bicicleta. Aquest projecte inclou la construcci\u00f3 d&#039;una singular passarel\u00b7la de tipologia mixta (acer i hormig\u00f3) de 174 metres de llum sobre la nova rotonda de l&#039;enlla\u00e7 nord de la variant de Benissa.<\/p>","protected":false},"excerpt":{"rendered":"<p>El Ministeri de Transports i Mobilitat Sostenible ha adjudicat per 19,8 milions d&#8217;euros (IVA incl\u00f2s) les obres complement\u00e0ries en la variant de Benissa de la carretera N-332. Este projecte t\u00e9 com a objectiu refor\u00e7ar la funcionalitat, capacitat i seguretat vi\u00e0ria, a m\u00e9s de promoure la mobilitat activa mitjan\u00e7ant la construcci\u00f3 de 2 km de vies [&#8230;]<\/p>\n<p><a class=\"btn btn-secondary understrap-read-more-link\" href=\"https:\/\/radiolitoral.com\/ca\/2024\/09\/transports-formalitza-per-198-milions-deuros-obres-complementaries-de-la-variant-de-benissa\/\">Continua llegint&#8230;<span class=\"screen-reader-text\"> from Transports formalitza per 19,8 milions d&#8217;euros obres complement\u00e0ries de la variant de Benissa<\/span><\/a><\/p>\n","protected":false},"author":13,"featured_media":10972,"comment_status":"open","ping_status":"closed","sticky":false,"template":"","format":"standard","meta":{"_acf_changed":false,"inline_featured_image":false,"footnotes":""},"categories":[2101],"tags":[126,75,1669,1668],"class_list":["post-10971","post","type-post","status-publish","format-standard","has-post-thumbnail","hentry","category-tranportes","tag-benissa","tag-carreteras","tag-ministerio","tag-variante-benissa","cobertura-benissa"],"acf":[],"yoast_head":"<!-- This site is optimized with the Yoast SEO plugin v27.5 - https:\/\/yoast.com\/product\/yoast-seo-wordpress\/ -->\n<title>Transports formalitza per 19,8 milions d&#039;euros obres complement\u00e0ries de la variant de Benissa | R\u00e0dio Litoral<\/title>\n<meta name=\"description\" content=\"Esta quantitat se suma als 38 milions d&#039;euros ja invertits en esta actuaci\u00f3 Esta quantitat se suma als 38 milions d&#039;euros ja invertits en esta actuaci\u00f3\" \/>\n<meta name=\"robots\" content=\"index, follow, max-snippet:-1, max-image-preview:large, max-video-preview:-1\" \/>\n<link rel=\"canonical\" href=\"https:\/\/radiolitoral.com\/ca\/2024\/09\/transports-formalitza-per-198-milions-deuros-obres-complementaries-de-la-variant-de-benissa\/\" \/>\n<meta property=\"og:locale\" content=\"ca_ES\" \/>\n<meta property=\"og:type\" content=\"article\" \/>\n<meta property=\"og:title\" content=\"Transports formalitza per 19,8 milions d&#039;euros obres complement\u00e0ries de la variant de Benissa | R\u00e0dio Litoral\" \/>\n<meta property=\"og:description\" content=\"Esta quantitat se suma als 38 milions d&#039;euros ja invertits en esta actuaci\u00f3 Esta quantitat se suma als 38 milions d&#039;euros ja invertits en esta actuaci\u00f3\" \/>\n<meta property=\"og:url\" content=\"https:\/\/radiolitoral.com\/ca\/2024\/09\/transports-formalitza-per-198-milions-deuros-obres-complementaries-de-la-variant-de-benissa\/\" \/>\n<meta property=\"og:site_name\" content=\"R\u00e0dio Litoral\" \/>\n<meta property=\"article:publisher\" content=\"https:\/\/www.facebook.com\/Laradiolitoral\/\" \/>\n<meta property=\"article:published_time\" content=\"2024-09-02T10:20:07+00:00\" \/>\n<meta property=\"article:modified_time\" content=\"2024-09-02T10:24:21+00:00\" \/>\n<meta property=\"og:image\" content=\"https:\/\/media.radiolitoral.com\/wp-content\/uploads\/2024\/09\/02121913\/Variante-de-Benissa.jpg\" \/>\n\t<meta property=\"og:image:width\" content=\"1147\" \/>\n\t<meta property=\"og:image:height\" content=\"628\" \/>\n\t<meta property=\"og:image:type\" content=\"image\/jpeg\" \/>\n<meta name=\"author\" content=\"Redacci\u00f3n\" \/>\n<meta name=\"twitter:card\" content=\"summary_large_image\" \/>\n<meta name=\"twitter:label1\" content=\"Escrit per\" \/>\n\t<meta name=\"twitter:data1\" content=\"Redacci\u00f3n\" \/>\n\t<meta name=\"twitter:label2\" content=\"Temps estimat de lectura\" \/>\n\t<meta name=\"twitter:data2\" content=\"3 minuts\" \/>\n<script type=\"application\/ld+json\" class=\"yoast-schema-graph\">{\"@context\":\"https:\\\/\\\/schema.org\",\"@graph\":[{\"@type\":\"NewsArticle\",\"@id\":\"https:\\\/\\\/radiolitoral.com\\\/2024\\\/09\\\/transports-formalitza-per-198-milions-deuros-obres-complementaries-de-la-variant-de-benissa\\\/#article\",\"isPartOf\":{\"@id\":\"https:\\\/\\\/radiolitoral.com\\\/2024\\\/09\\\/transports-formalitza-per-198-milions-deuros-obres-complementaries-de-la-variant-de-benissa\\\/\"},\"author\":{\"name\":\"Redacci\u00f3n\",\"@id\":\"https:\\\/\\\/radiolitoral.com\\\/#\\\/schema\\\/person\\\/f2b2343c49b5d721857cc1002bfdb151\"},\"headline\":\"Transports formalitza per 19,8 milions d&#8217;euros obres complement\u00e0ries de la variant de Benissa\",\"datePublished\":\"2024-09-02T10:20:07+00:00\",\"dateModified\":\"2024-09-02T10:24:21+00:00\",\"mainEntityOfPage\":{\"@id\":\"https:\\\/\\\/radiolitoral.com\\\/2024\\\/09\\\/transports-formalitza-per-198-milions-deuros-obres-complementaries-de-la-variant-de-benissa\\\/\"},\"wordCount\":582,\"commentCount\":0,\"publisher\":{\"@id\":\"https:\\\/\\\/radiolitoral.com\\\/#organization\"},\"image\":{\"@id\":\"https:\\\/\\\/radiolitoral.com\\\/2024\\\/09\\\/transports-formalitza-per-198-milions-deuros-obres-complementaries-de-la-variant-de-benissa\\\/#primaryimage\"},\"thumbnailUrl\":\"https:\\\/\\\/media.radiolitoral.com\\\/wp-content\\\/uploads\\\/2024\\\/09\\\/02121913\\\/Variante-de-Benissa.jpg\",\"keywords\":[\"Benissa\",\"Carreteras\",\"Ministerio\",\"variante Benissa\"],\"articleSection\":[\"Tranportes\"],\"inLanguage\":\"ca\",\"potentialAction\":[{\"@type\":\"CommentAction\",\"name\":\"Comment\",\"target\":[\"https:\\\/\\\/radiolitoral.com\\\/2024\\\/09\\\/transports-formalitza-per-198-milions-deuros-obres-complementaries-de-la-variant-de-benissa\\\/#respond\"]}]},{\"@type\":[\"WebPage\",\"ItemPage\"],\"@id\":\"https:\\\/\\\/radiolitoral.com\\\/2024\\\/09\\\/transports-formalitza-per-198-milions-deuros-obres-complementaries-de-la-variant-de-benissa\\\/\",\"url\":\"https:\\\/\\\/radiolitoral.com\\\/2024\\\/09\\\/transports-formalitza-per-198-milions-deuros-obres-complementaries-de-la-variant-de-benissa\\\/\",\"name\":\"Transports formalitza per 19,8 milions d'euros obres complement\u00e0ries de la variant de Benissa | R\u00e0dio Litoral\",\"isPartOf\":{\"@id\":\"https:\\\/\\\/radiolitoral.com\\\/#website\"},\"primaryImageOfPage\":{\"@id\":\"https:\\\/\\\/radiolitoral.com\\\/2024\\\/09\\\/transports-formalitza-per-198-milions-deuros-obres-complementaries-de-la-variant-de-benissa\\\/#primaryimage\"},\"image\":{\"@id\":\"https:\\\/\\\/radiolitoral.com\\\/2024\\\/09\\\/transports-formalitza-per-198-milions-deuros-obres-complementaries-de-la-variant-de-benissa\\\/#primaryimage\"},\"thumbnailUrl\":\"https:\\\/\\\/media.radiolitoral.com\\\/wp-content\\\/uploads\\\/2024\\\/09\\\/02121913\\\/Variante-de-Benissa.jpg\",\"datePublished\":\"2024-09-02T10:20:07+00:00\",\"dateModified\":\"2024-09-02T10:24:21+00:00\",\"description\":\"Esta quantitat se suma als 38 milions d'euros ja invertits en esta actuaci\u00f3 Esta quantitat se suma als 38 milions d'euros ja invertits en esta actuaci\u00f3\",\"breadcrumb\":{\"@id\":\"https:\\\/\\\/radiolitoral.com\\\/2024\\\/09\\\/transports-formalitza-per-198-milions-deuros-obres-complementaries-de-la-variant-de-benissa\\\/#breadcrumb\"},\"inLanguage\":\"ca\",\"potentialAction\":[{\"@type\":\"ReadAction\",\"target\":[\"https:\\\/\\\/radiolitoral.com\\\/2024\\\/09\\\/transports-formalitza-per-198-milions-deuros-obres-complementaries-de-la-variant-de-benissa\\\/\"]}]},{\"@type\":\"ImageObject\",\"inLanguage\":\"ca\",\"@id\":\"https:\\\/\\\/radiolitoral.com\\\/2024\\\/09\\\/transports-formalitza-per-198-milions-deuros-obres-complementaries-de-la-variant-de-benissa\\\/#primaryimage\",\"url\":\"https:\\\/\\\/media.radiolitoral.com\\\/wp-content\\\/uploads\\\/2024\\\/09\\\/02121913\\\/Variante-de-Benissa.jpg\",\"contentUrl\":\"https:\\\/\\\/media.radiolitoral.com\\\/wp-content\\\/uploads\\\/2024\\\/09\\\/02121913\\\/Variante-de-Benissa.jpg\",\"width\":1147,\"height\":628},{\"@type\":\"BreadcrumbList\",\"@id\":\"https:\\\/\\\/radiolitoral.com\\\/2024\\\/09\\\/transports-formalitza-per-198-milions-deuros-obres-complementaries-de-la-variant-de-benissa\\\/#breadcrumb\",\"itemListElement\":[{\"@type\":\"ListItem\",\"position\":1,\"name\":\"Portada\",\"item\":\"https:\\\/\\\/radiolitoral.com\\\/\"},{\"@type\":\"ListItem\",\"position\":2,\"name\":\"Transports formalitza per 19,8 milions d&#8217;euros obres complement\u00e0ries de la variant de Benissa\"}]},{\"@type\":\"WebSite\",\"@id\":\"https:\\\/\\\/radiolitoral.com\\\/#website\",\"url\":\"https:\\\/\\\/radiolitoral.com\\\/\",\"name\":\"Radio Litoral\",\"description\":\"La radio local de la Marina Alta\",\"publisher\":{\"@id\":\"https:\\\/\\\/radiolitoral.com\\\/#organization\"},\"alternateName\":\"Litoral FM\",\"potentialAction\":[{\"@type\":\"SearchAction\",\"target\":{\"@type\":\"EntryPoint\",\"urlTemplate\":\"https:\\\/\\\/radiolitoral.com\\\/?s={search_term_string}\"},\"query-input\":{\"@type\":\"PropertyValueSpecification\",\"valueRequired\":true,\"valueName\":\"search_term_string\"}}],\"inLanguage\":\"ca\"},{\"@type\":\"Organization\",\"@id\":\"https:\\\/\\\/radiolitoral.com\\\/#organization\",\"name\":\"Radio Litoral\",\"url\":\"https:\\\/\\\/radiolitoral.com\\\/\",\"logo\":{\"@type\":\"ImageObject\",\"inLanguage\":\"ca\",\"@id\":\"https:\\\/\\\/radiolitoral.com\\\/#\\\/schema\\\/logo\\\/image\\\/\",\"url\":\"https:\\\/\\\/media.radiolitoral.com\\\/wp-content\\\/uploads\\\/2023\\\/02\\\/24143238\\\/CL-V-RadioLitoral696.png\",\"contentUrl\":\"https:\\\/\\\/media.radiolitoral.com\\\/wp-content\\\/uploads\\\/2023\\\/02\\\/24143238\\\/CL-V-RadioLitoral696.png\",\"width\":696,\"height\":696,\"caption\":\"Radio Litoral\"},\"image\":{\"@id\":\"https:\\\/\\\/radiolitoral.com\\\/#\\\/schema\\\/logo\\\/image\\\/\"},\"sameAs\":[\"https:\\\/\\\/www.facebook.com\\\/Laradiolitoral\\\/\"]},{\"@type\":\"Person\",\"@id\":\"https:\\\/\\\/radiolitoral.com\\\/#\\\/schema\\\/person\\\/f2b2343c49b5d721857cc1002bfdb151\",\"name\":\"Redacci\u00f3n\",\"image\":{\"@type\":\"ImageObject\",\"inLanguage\":\"ca\",\"@id\":\"https:\\\/\\\/secure.gravatar.com\\\/avatar\\\/f771d896c203ad8b3382d7905cfcce5a5c9b008b84b3cd9114e9b9f4cb63f789?s=96&d=mm&r=g\",\"url\":\"https:\\\/\\\/secure.gravatar.com\\\/avatar\\\/f771d896c203ad8b3382d7905cfcce5a5c9b008b84b3cd9114e9b9f4cb63f789?s=96&d=mm&r=g\",\"contentUrl\":\"https:\\\/\\\/secure.gravatar.com\\\/avatar\\\/f771d896c203ad8b3382d7905cfcce5a5c9b008b84b3cd9114e9b9f4cb63f789?s=96&d=mm&r=g\",\"caption\":\"Redacci\u00f3n\"},\"url\":\"https:\\\/\\\/radiolitoral.com\\\/ca\\\/author\\\/miriam-pagan\\\/\"}]}<\/script>\n<!-- \/ Yoast SEO plugin. -->","yoast_head_json":{"title":"Transports formalitza per 19,8 milions d&#039;euros obres complement\u00e0ries de la variant de Benissa | R\u00e0dio Litoral","description":"Aquesta quantitat se suma a 38 milions d&#039;euros ja invertits en aquesta actuaci\u00f3 Aquesta quantitat se suma a 38 milions d&#039;euros ja invertits en aquesta actuaci\u00f3","robots":{"index":"index","follow":"follow","max-snippet":"max-snippet:-1","max-image-preview":"max-image-preview:large","max-video-preview":"max-video-preview:-1"},"canonical":"https:\/\/radiolitoral.com\/ca\/2024\/09\/transports-formalitza-per-198-milions-deuros-obres-complementaries-de-la-variant-de-benissa\/","og_locale":"ca_ES","og_type":"article","og_title":"Transports formalitza per 19,8 milions d'euros obres complement\u00e0ries de la variant de Benissa | R\u00e0dio Litoral","og_description":"Esta quantitat se suma als 38 milions d'euros ja invertits en esta actuaci\u00f3 Esta quantitat se suma als 38 milions d'euros ja invertits en esta actuaci\u00f3","og_url":"https:\/\/radiolitoral.com\/ca\/2024\/09\/transports-formalitza-per-198-milions-deuros-obres-complementaries-de-la-variant-de-benissa\/","og_site_name":"R\u00e0dio Litoral","article_publisher":"https:\/\/www.facebook.com\/Laradiolitoral\/","article_published_time":"2024-09-02T10:20:07+00:00","article_modified_time":"2024-09-02T10:24:21+00:00","og_image":[{"width":1147,"height":628,"url":"https:\/\/media.radiolitoral.com\/wp-content\/uploads\/2024\/09\/02121913\/Variante-de-Benissa.jpg","type":"image\/jpeg"}],"author":"Redacci\u00f3n","twitter_card":"summary_large_image","twitter_misc":{"Escrit per":"Redacci\u00f3n","Temps estimat de lectura":"3 minuts"},"schema":{"@context":"https:\/\/schema.org","@graph":[{"@type":"NewsArticle","@id":"https:\/\/radiolitoral.com\/2024\/09\/transports-formalitza-per-198-milions-deuros-obres-complementaries-de-la-variant-de-benissa\/#article","isPartOf":{"@id":"https:\/\/radiolitoral.com\/2024\/09\/transports-formalitza-per-198-milions-deuros-obres-complementaries-de-la-variant-de-benissa\/"},"author":{"name":"Redacci\u00f3n","@id":"https:\/\/radiolitoral.com\/#\/schema\/person\/f2b2343c49b5d721857cc1002bfdb151"},"headline":"Transports formalitza per 19,8 milions d&#8217;euros obres complement\u00e0ries de la variant de Benissa","datePublished":"2024-09-02T10:20:07+00:00","dateModified":"2024-09-02T10:24:21+00:00","mainEntityOfPage":{"@id":"https:\/\/radiolitoral.com\/2024\/09\/transports-formalitza-per-198-milions-deuros-obres-complementaries-de-la-variant-de-benissa\/"},"wordCount":582,"commentCount":0,"publisher":{"@id":"https:\/\/radiolitoral.com\/#organization"},"image":{"@id":"https:\/\/radiolitoral.com\/2024\/09\/transports-formalitza-per-198-milions-deuros-obres-complementaries-de-la-variant-de-benissa\/#primaryimage"},"thumbnailUrl":"https:\/\/media.radiolitoral.com\/wp-content\/uploads\/2024\/09\/02121913\/Variante-de-Benissa.jpg","keywords":["Benissa","Carreteras","Ministerio","variante Benissa"],"articleSection":["Tranportes"],"inLanguage":"ca","potentialAction":[{"@type":"CommentAction","name":"Comment","target":["https:\/\/radiolitoral.com\/2024\/09\/transports-formalitza-per-198-milions-deuros-obres-complementaries-de-la-variant-de-benissa\/#respond"]}]},{"@type":["WebPage","ItemPage"],"@id":"https:\/\/radiolitoral.com\/2024\/09\/transports-formalitza-per-198-milions-deuros-obres-complementaries-de-la-variant-de-benissa\/","url":"https:\/\/radiolitoral.com\/2024\/09\/transports-formalitza-per-198-milions-deuros-obres-complementaries-de-la-variant-de-benissa\/","name":"Transports formalitza per 19,8 milions d&#039;euros obres complement\u00e0ries de la variant de Benissa | R\u00e0dio Litoral","isPartOf":{"@id":"https:\/\/radiolitoral.com\/#website"},"primaryImageOfPage":{"@id":"https:\/\/radiolitoral.com\/2024\/09\/transports-formalitza-per-198-milions-deuros-obres-complementaries-de-la-variant-de-benissa\/#primaryimage"},"image":{"@id":"https:\/\/radiolitoral.com\/2024\/09\/transports-formalitza-per-198-milions-deuros-obres-complementaries-de-la-variant-de-benissa\/#primaryimage"},"thumbnailUrl":"https:\/\/media.radiolitoral.com\/wp-content\/uploads\/2024\/09\/02121913\/Variante-de-Benissa.jpg","datePublished":"2024-09-02T10:20:07+00:00","dateModified":"2024-09-02T10:24:21+00:00","description":"Aquesta quantitat se suma a 38 milions d&#039;euros ja invertits en aquesta actuaci\u00f3 Aquesta quantitat se suma a 38 milions d&#039;euros ja invertits en aquesta actuaci\u00f3","breadcrumb":{"@id":"https:\/\/radiolitoral.com\/2024\/09\/transports-formalitza-per-198-milions-deuros-obres-complementaries-de-la-variant-de-benissa\/#breadcrumb"},"inLanguage":"ca","potentialAction":[{"@type":"ReadAction","target":["https:\/\/radiolitoral.com\/2024\/09\/transports-formalitza-per-198-milions-deuros-obres-complementaries-de-la-variant-de-benissa\/"]}]},{"@type":"ImageObject","inLanguage":"ca","@id":"https:\/\/radiolitoral.com\/2024\/09\/transports-formalitza-per-198-milions-deuros-obres-complementaries-de-la-variant-de-benissa\/#primaryimage","url":"https:\/\/media.radiolitoral.com\/wp-content\/uploads\/2024\/09\/02121913\/Variante-de-Benissa.jpg","contentUrl":"https:\/\/media.radiolitoral.com\/wp-content\/uploads\/2024\/09\/02121913\/Variante-de-Benissa.jpg","width":1147,"height":628},{"@type":"BreadcrumbList","@id":"https:\/\/radiolitoral.com\/2024\/09\/transports-formalitza-per-198-milions-deuros-obres-complementaries-de-la-variant-de-benissa\/#breadcrumb","itemListElement":[{"@type":"ListItem","position":1,"name":"Portada","item":"https:\/\/radiolitoral.com\/"},{"@type":"ListItem","position":2,"name":"Transports formalitza per 19,8 milions d&#8217;euros obres complement\u00e0ries de la variant de Benissa"}]},{"@type":"WebSite","@id":"https:\/\/radiolitoral.com\/#website","url":"https:\/\/radiolitoral.com\/","name":"R\u00e0dio Litoral","description":"La r\u00e0dio local de la Marina Alta","publisher":{"@id":"https:\/\/radiolitoral.com\/#organization"},"alternateName":"Litoral FM","potentialAction":[{"@type":"SearchAction","target":{"@type":"EntryPoint","urlTemplate":"https:\/\/radiolitoral.com\/?s={search_term_string}"},"query-input":{"@type":"PropertyValueSpecification","valueRequired":true,"valueName":"search_term_string"}}],"inLanguage":"ca"},{"@type":"Organization","@id":"https:\/\/radiolitoral.com\/#organization","name":"R\u00e0dio Litoral","url":"https:\/\/radiolitoral.com\/","logo":{"@type":"ImageObject","inLanguage":"ca","@id":"https:\/\/radiolitoral.com\/#\/schema\/logo\/image\/","url":"https:\/\/media.radiolitoral.com\/wp-content\/uploads\/2023\/02\/24143238\/CL-V-RadioLitoral696.png","contentUrl":"https:\/\/media.radiolitoral.com\/wp-content\/uploads\/2023\/02\/24143238\/CL-V-RadioLitoral696.png","width":696,"height":696,"caption":"Radio Litoral"},"image":{"@id":"https:\/\/radiolitoral.com\/#\/schema\/logo\/image\/"},"sameAs":["https:\/\/www.facebook.com\/Laradiolitoral\/"]},{"@type":"Person","@id":"https:\/\/radiolitoral.com\/#\/schema\/person\/f2b2343c49b5d721857cc1002bfdb151","name":"Redacci\u00f3","image":{"@type":"ImageObject","inLanguage":"ca","@id":"https:\/\/secure.gravatar.com\/avatar\/f771d896c203ad8b3382d7905cfcce5a5c9b008b84b3cd9114e9b9f4cb63f789?s=96&d=mm&r=g","url":"https:\/\/secure.gravatar.com\/avatar\/f771d896c203ad8b3382d7905cfcce5a5c9b008b84b3cd9114e9b9f4cb63f789?s=96&d=mm&r=g","contentUrl":"https:\/\/secure.gravatar.com\/avatar\/f771d896c203ad8b3382d7905cfcce5a5c9b008b84b3cd9114e9b9f4cb63f789?s=96&d=mm&r=g","caption":"Redacci\u00f3n"},"url":"https:\/\/radiolitoral.com\/ca\/author\/miriam-pagan\/"}]}},"_links":{"self":[{"href":"https:\/\/radiolitoral.com\/ca\/wp-json\/wp\/v2\/posts\/10971","targetHints":{"allow":["GET"]}}],"collection":[{"href":"https:\/\/radiolitoral.com\/ca\/wp-json\/wp\/v2\/posts"}],"about":[{"href":"https:\/\/radiolitoral.com\/ca\/wp-json\/wp\/v2\/types\/post"}],"author":[{"embeddable":true,"href":"https:\/\/radiolitoral.com\/ca\/wp-json\/wp\/v2\/users\/13"}],"replies":[{"embeddable":true,"href":"https:\/\/radiolitoral.com\/ca\/wp-json\/wp\/v2\/comments?post=10971"}],"version-history":[{"count":3,"href":"https:\/\/radiolitoral.com\/ca\/wp-json\/wp\/v2\/posts\/10971\/revisions"}],"predecessor-version":[{"id":10976,"href":"https:\/\/radiolitoral.com\/ca\/wp-json\/wp\/v2\/posts\/10971\/revisions\/10976"}],"wp:featuredmedia":[{"embeddable":true,"href":"https:\/\/radiolitoral.com\/ca\/wp-json\/wp\/v2\/media\/10972"}],"wp:attachment":[{"href":"https:\/\/radiolitoral.com\/ca\/wp-json\/wp\/v2\/media?parent=10971"}],"wp:term":[{"taxonomy":"category","embeddable":true,"href":"https:\/\/radiolitoral.com\/ca\/wp-json\/wp\/v2\/categories?post=10971"},{"taxonomy":"post_tag","embeddable":true,"href":"https:\/\/radiolitoral.com\/ca\/wp-json\/wp\/v2\/tags?post=10971"}],"curies":[{"name":"wp","href":"https:\/\/api.w.org\/{rel}","templated":true}]}}