{"id":10921,"date":"2024-09-02T00:27:36","date_gmt":"2024-09-01T22:27:36","guid":{"rendered":"https:\/\/radiolitoral.com\/?p=10921"},"modified":"2024-09-02T00:27:36","modified_gmt":"2024-09-01T22:27:36","slug":"el-cd-denia-perdra-davant-el-cf-la-nucia-0-1","status":"publish","type":"post","link":"https:\/\/radiolitoral.com\/ca\/2024\/09\/el-cd-denia-va-perdre-davant-el-cf-la-nucia-0-1\/","title":{"rendered":"El CD D\u00e9nia perdr\u00e0 davant el CF La Nucia (0-1)"},"content":{"rendered":"<p>El <strong>CD D\u00e9nia<\/strong> va tenir una estrena al seu camp Diego Mena amb derrota davant el\u00a0<strong><span class=\"hiddenSpellError\">CF<\/span>\u00a0La N\u00facia<\/strong> per <strong>0 a 1<\/strong>. L&#039;\u00fanic tant del partit va arribar a la segona meitat, en transformar els visitants un penal que es va senyalar molt rigor\u00f3s per mans d&#039;un defensor local.<\/p>\n<p>Sobre el rectangle de joc es va veure un dels molts partits de pretemporada amb dos equips que van oferir un ritme lent i als quals se li va notar mancats de rodatge.<\/p>\n<p>D&#039;eixida, l&#039;equip que dirigeix\u00a0<strong><span class=\"hiddenSpellError\">Juanjo<\/span>\u00a0Antol\u00ed<\/strong> va presentar \u00fanicament dos jugadors de la temporada passada,\u00a0<span class=\"hiddenSpellError\">Ferran<\/span>\u00a0Molina i\u00a0<span class=\"hiddenSpellError\">Renzo<\/span>\u00a0<span class=\"hiddenSpellError\">Ridao<\/span>, la resta van ser jugadors molt joves als quals els sobra ganes i entrega per\u00f2 que manquen d&#039;experi\u00e8ncia en alguns casos de qualitat.<\/p>\n<p>Davant tindran un rival que no \u00e9s ni de bon tros l&#039;equip esperat per la seva afici\u00f3. Igual que el CD D\u00e9nia sobre el terreny de joc, molta gent jove que va intentar moure la pilota amb criteri per\u00f2 amb abs\u00e8ncia de profunditat a l&#039;hora de definir a l&#039;\u00e0rea rival.<\/p>\n<figure id=\"attachment_10923\" aria-describedby=\"caption-attachment-10923\" style=\"width: 2371px\" class=\"wp-caption alignnone\"><img loading=\"lazy\" decoding=\"async\" class=\"wp-image-10923 size-full\" src=\"https:\/\/media.radiolitoral.com\/wp-content\/uploads\/2024\/08\/31094410\/DSC_0845.jpg\" alt=\"\" width=\"2371\" height=\"1437\" srcset=\"https:\/\/media.radiolitoral.com\/wp-content\/uploads\/2024\/08\/31094410\/DSC_0845.jpg 2371w, https:\/\/media.radiolitoral.com\/wp-content\/uploads\/2024\/08\/31094410\/DSC_0845-300x182.jpg 300w, https:\/\/media.radiolitoral.com\/wp-content\/uploads\/2024\/08\/31094410\/DSC_0845-1024x621.jpg 1024w, https:\/\/media.radiolitoral.com\/wp-content\/uploads\/2024\/08\/31094410\/DSC_0845-768x465.jpg 768w, https:\/\/media.radiolitoral.com\/wp-content\/uploads\/2024\/08\/31094410\/DSC_0845-1536x931.jpg 1536w, https:\/\/media.radiolitoral.com\/wp-content\/uploads\/2024\/08\/31094410\/DSC_0845-2048x1241.jpg 2048w, https:\/\/media.radiolitoral.com\/wp-content\/uploads\/2024\/08\/31094410\/DSC_0845-18x12.jpg 18w, https:\/\/media.radiolitoral.com\/wp-content\/uploads\/2024\/08\/31094410\/DSC_0845-1000x606.jpg 1000w, https:\/\/media.radiolitoral.com\/wp-content\/uploads\/2024\/08\/31094410\/DSC_0845-100x61.jpg 100w, https:\/\/media.radiolitoral.com\/wp-content\/uploads\/2024\/08\/31094410\/DSC_0845-200x121.jpg 200w\" sizes=\"auto, (max-width: 2371px) 100vw, 2371px\" \/><figcaption id=\"caption-attachment-10923\" class=\"wp-caption-text\">Ferran Molina capit\u00e0 del CD D\u00e9nia | J. Zamora<\/figcaption><\/figure>\n<p>A la primera meitat, els\u00a0<span class=\"hiddenSpellError\">dianencs<\/span>\u00a0van saber mantenir una bona pressi\u00f3 que va impedir als seus oponents mostrar un joc vertical. La gran majoria del temps l&#039;esf\u00e8ric rondar\u00e0 la zona del centre del camp.<\/p>\n<p>A la segona els canvis als uns i els altres no va millorar el joc. Amb el pas dels minuts la fatiga\u00a0<span class=\"hiddenGrammarError\">s&#039;<\/span>senyorisc dels jugadors de totes dues escuadres, per la qual cosa a penes hi va haver situacions de perill. Al minut 64 unes mans d&#039;un defensor\u00a0<span class=\"hiddenSpellError\">denier<\/span>\u00a0dins de l&#039;\u00e0rea van ser castigades amb pena m\u00e0xima que Pablo Terol va anotar.<\/p>\n<p>Al final derrota per a un CD D\u00e9nia que va mostrar moltes mancances tant en defensa com en atac. A l&#039;entrenador Antol\u00ed li queda molta feina per fer, una cosa normal, ja que ha de buscar el millor sistema de joc per a una plantilla que ha patit moltes variacions respecte a la de la temporada anterior.<\/p>\n<p>Una vegada m\u00e9s es va poder veure a la grada del camp Diego Mena un excess de ciment, alguna cosa que per desgr\u00e0cia \u00e9s habitual en les darreres temporades.<\/p>","protected":false},"excerpt":{"rendered":"<p>El CD D\u00e9nia va tindre una estrena en el seu camp Diego Mena amb derrota davant el\u00a0CF\u00a0La Nucia per 0 a 1. L&#8217;\u00fanic tant del partit va arribar en la segona mitat, en transformar els visitants un penal que es va assenyalar molt rigor\u00f3s per mans d&#8217;un defensor local. Sobre el rectangle de joc es [&#8230;]<\/p>\n<p><a class=\"btn btn-secondary understrap-read-more-link\" href=\"https:\/\/radiolitoral.com\/ca\/2024\/09\/el-cd-denia-va-perdre-davant-el-cf-la-nucia-0-1\/\">Continua llegint&#8230;<span class=\"screen-reader-text\"> from El CD D\u00e9nia va perdre davant el CF La Nucia (0-1)<\/span><\/a><\/p>\n","protected":false},"author":12,"featured_media":10951,"comment_status":"open","ping_status":"closed","sticky":false,"template":"","format":"standard","meta":{"_acf_changed":false,"inline_featured_image":false,"footnotes":""},"categories":[5],"tags":[893,1352,6,895],"class_list":["post-10921","post","type-post","status-publish","format-standard","has-post-thumbnail","hentry","category-deportes","tag-cd-denia","tag-cf-la-nucia","tag-deportes","tag-juanjo-antoli","cobertura-denia"],"acf":[],"yoast_head":"<!-- This site is optimized with the Yoast SEO plugin v27.5 - https:\/\/yoast.com\/product\/yoast-seo-wordpress\/ -->\n<title>El CD D\u00e9nia va perdre davant el CF La Nucia (0-1) | R\u00e0dio Litoral<\/title>\n<meta name=\"description\" content=\"Va ser un cl\u00e0ssic partit de pretemporada amb tot just arribades a les \u00e0rea per part de tots dos equips Va ser un cl\u00e0ssic partit de pretemporada amb tot just arribades a les \u00e0rea per part de tots dos equips\" \/>\n<meta name=\"robots\" content=\"index, follow, max-snippet:-1, max-image-preview:large, max-video-preview:-1\" \/>\n<link rel=\"canonical\" href=\"https:\/\/radiolitoral.com\/ca\/2024\/09\/el-cd-denia-perdra-davant-el-cf-la-nucia-0-1\/\" \/>\n<meta property=\"og:locale\" content=\"ca_ES\" \/>\n<meta property=\"og:type\" content=\"article\" \/>\n<meta property=\"og:title\" content=\"El CD D\u00e9nia va perdre davant el CF La Nucia (0-1) | R\u00e0dio Litoral\" \/>\n<meta property=\"og:description\" content=\"Va ser un cl\u00e0ssic partit de pretemporada amb tot just arribades a les \u00e0rea per part de tots dos equips Va ser un cl\u00e0ssic partit de pretemporada amb tot just arribades a les \u00e0rea per part de tots dos equips\" \/>\n<meta property=\"og:url\" content=\"https:\/\/radiolitoral.com\/ca\/2024\/09\/el-cd-denia-perdra-davant-el-cf-la-nucia-0-1\/\" \/>\n<meta property=\"og:site_name\" content=\"R\u00e0dio Litoral\" \/>\n<meta property=\"article:publisher\" content=\"https:\/\/www.facebook.com\/Laradiolitoral\/\" \/>\n<meta property=\"article:published_time\" content=\"2024-09-01T22:27:36+00:00\" \/>\n<meta property=\"og:image\" content=\"https:\/\/media.radiolitoral.com\/wp-content\/uploads\/2024\/09\/01094710\/DSC_0840-1.jpg\" \/>\n\t<meta property=\"og:image:width\" content=\"2296\" \/>\n\t<meta property=\"og:image:height\" content=\"1239\" \/>\n\t<meta property=\"og:image:type\" content=\"image\/jpeg\" \/>\n<meta name=\"author\" content=\"Javier Zamora\" \/>\n<meta name=\"twitter:card\" content=\"summary_large_image\" \/>\n<meta name=\"twitter:label1\" content=\"Escrit per\" \/>\n\t<meta name=\"twitter:data1\" content=\"Javier Zamora\" \/>\n\t<meta name=\"twitter:label2\" content=\"Temps estimat de lectura\" \/>\n\t<meta name=\"twitter:data2\" content=\"3 minuts\" \/>\n<script type=\"application\/ld+json\" class=\"yoast-schema-graph\">{\"@context\":\"https:\\\/\\\/schema.org\",\"@graph\":[{\"@type\":\"NewsArticle\",\"@id\":\"https:\\\/\\\/radiolitoral.com\\\/2024\\\/09\\\/el-cd-denia-va-perdre-davant-el-cf-la-nucia-0-1\\\/#article\",\"isPartOf\":{\"@id\":\"https:\\\/\\\/radiolitoral.com\\\/2024\\\/09\\\/el-cd-denia-va-perdre-davant-el-cf-la-nucia-0-1\\\/\"},\"author\":{\"name\":\"Javier Zamora\",\"@id\":\"https:\\\/\\\/radiolitoral.com\\\/#\\\/schema\\\/person\\\/7b1480b5caeb5acdd4ec6379caf62b22\"},\"headline\":\"El CD D\u00e9nia va perdre davant el CF La Nucia (0-1)\",\"datePublished\":\"2024-09-01T22:27:36+00:00\",\"mainEntityOfPage\":{\"@id\":\"https:\\\/\\\/radiolitoral.com\\\/2024\\\/09\\\/el-cd-denia-va-perdre-davant-el-cf-la-nucia-0-1\\\/\"},\"wordCount\":417,\"commentCount\":0,\"publisher\":{\"@id\":\"https:\\\/\\\/radiolitoral.com\\\/#organization\"},\"image\":{\"@id\":\"https:\\\/\\\/radiolitoral.com\\\/2024\\\/09\\\/el-cd-denia-va-perdre-davant-el-cf-la-nucia-0-1\\\/#primaryimage\"},\"thumbnailUrl\":\"https:\\\/\\\/media.radiolitoral.com\\\/wp-content\\\/uploads\\\/2024\\\/09\\\/01094710\\\/DSC_0840-1.jpg\",\"keywords\":[\"CD D\u00e9nia\",\"CF La Nuc\u00eda\",\"deportes\",\"Juanjo Antol\u00ed.\"],\"articleSection\":[\"Deportes\"],\"inLanguage\":\"ca\",\"potentialAction\":[{\"@type\":\"CommentAction\",\"name\":\"Comment\",\"target\":[\"https:\\\/\\\/radiolitoral.com\\\/2024\\\/09\\\/el-cd-denia-va-perdre-davant-el-cf-la-nucia-0-1\\\/#respond\"]}]},{\"@type\":[\"WebPage\",\"ItemPage\"],\"@id\":\"https:\\\/\\\/radiolitoral.com\\\/2024\\\/09\\\/el-cd-denia-va-perdre-davant-el-cf-la-nucia-0-1\\\/\",\"url\":\"https:\\\/\\\/radiolitoral.com\\\/2024\\\/09\\\/el-cd-denia-va-perdre-davant-el-cf-la-nucia-0-1\\\/\",\"name\":\"El CD D\u00e9nia va perdre davant el CF La Nucia (0-1) | R\u00e0dio Litoral\",\"isPartOf\":{\"@id\":\"https:\\\/\\\/radiolitoral.com\\\/#website\"},\"primaryImageOfPage\":{\"@id\":\"https:\\\/\\\/radiolitoral.com\\\/2024\\\/09\\\/el-cd-denia-va-perdre-davant-el-cf-la-nucia-0-1\\\/#primaryimage\"},\"image\":{\"@id\":\"https:\\\/\\\/radiolitoral.com\\\/2024\\\/09\\\/el-cd-denia-va-perdre-davant-el-cf-la-nucia-0-1\\\/#primaryimage\"},\"thumbnailUrl\":\"https:\\\/\\\/media.radiolitoral.com\\\/wp-content\\\/uploads\\\/2024\\\/09\\\/01094710\\\/DSC_0840-1.jpg\",\"datePublished\":\"2024-09-01T22:27:36+00:00\",\"description\":\"Va ser un cl\u00e0ssic partit de pretemporada amb tot just arribades a les \u00e0rea per part de tots dos equips Va ser un cl\u00e0ssic partit de pretemporada amb tot just arribades a les \u00e0rea per part de tots dos equips\",\"breadcrumb\":{\"@id\":\"https:\\\/\\\/radiolitoral.com\\\/2024\\\/09\\\/el-cd-denia-va-perdre-davant-el-cf-la-nucia-0-1\\\/#breadcrumb\"},\"inLanguage\":\"ca\",\"potentialAction\":[{\"@type\":\"ReadAction\",\"target\":[\"https:\\\/\\\/radiolitoral.com\\\/2024\\\/09\\\/el-cd-denia-va-perdre-davant-el-cf-la-nucia-0-1\\\/\"]}]},{\"@type\":\"ImageObject\",\"inLanguage\":\"ca\",\"@id\":\"https:\\\/\\\/radiolitoral.com\\\/2024\\\/09\\\/el-cd-denia-va-perdre-davant-el-cf-la-nucia-0-1\\\/#primaryimage\",\"url\":\"https:\\\/\\\/media.radiolitoral.com\\\/wp-content\\\/uploads\\\/2024\\\/09\\\/01094710\\\/DSC_0840-1.jpg\",\"contentUrl\":\"https:\\\/\\\/media.radiolitoral.com\\\/wp-content\\\/uploads\\\/2024\\\/09\\\/01094710\\\/DSC_0840-1.jpg\",\"width\":2296,\"height\":1239},{\"@type\":\"BreadcrumbList\",\"@id\":\"https:\\\/\\\/radiolitoral.com\\\/2024\\\/09\\\/el-cd-denia-va-perdre-davant-el-cf-la-nucia-0-1\\\/#breadcrumb\",\"itemListElement\":[{\"@type\":\"ListItem\",\"position\":1,\"name\":\"Portada\",\"item\":\"https:\\\/\\\/radiolitoral.com\\\/\"},{\"@type\":\"ListItem\",\"position\":2,\"name\":\"El CD D\u00e9nia va perdre davant el CF La Nucia (0-1)\"}]},{\"@type\":\"WebSite\",\"@id\":\"https:\\\/\\\/radiolitoral.com\\\/#website\",\"url\":\"https:\\\/\\\/radiolitoral.com\\\/\",\"name\":\"Radio Litoral\",\"description\":\"La radio local de la Marina Alta\",\"publisher\":{\"@id\":\"https:\\\/\\\/radiolitoral.com\\\/#organization\"},\"alternateName\":\"Litoral FM\",\"potentialAction\":[{\"@type\":\"SearchAction\",\"target\":{\"@type\":\"EntryPoint\",\"urlTemplate\":\"https:\\\/\\\/radiolitoral.com\\\/?s={search_term_string}\"},\"query-input\":{\"@type\":\"PropertyValueSpecification\",\"valueRequired\":true,\"valueName\":\"search_term_string\"}}],\"inLanguage\":\"ca\"},{\"@type\":\"Organization\",\"@id\":\"https:\\\/\\\/radiolitoral.com\\\/#organization\",\"name\":\"Radio Litoral\",\"url\":\"https:\\\/\\\/radiolitoral.com\\\/\",\"logo\":{\"@type\":\"ImageObject\",\"inLanguage\":\"ca\",\"@id\":\"https:\\\/\\\/radiolitoral.com\\\/#\\\/schema\\\/logo\\\/image\\\/\",\"url\":\"https:\\\/\\\/media.radiolitoral.com\\\/wp-content\\\/uploads\\\/2023\\\/02\\\/24143238\\\/CL-V-RadioLitoral696.png\",\"contentUrl\":\"https:\\\/\\\/media.radiolitoral.com\\\/wp-content\\\/uploads\\\/2023\\\/02\\\/24143238\\\/CL-V-RadioLitoral696.png\",\"width\":696,\"height\":696,\"caption\":\"Radio Litoral\"},\"image\":{\"@id\":\"https:\\\/\\\/radiolitoral.com\\\/#\\\/schema\\\/logo\\\/image\\\/\"},\"sameAs\":[\"https:\\\/\\\/www.facebook.com\\\/Laradiolitoral\\\/\"]},{\"@type\":\"Person\",\"@id\":\"https:\\\/\\\/radiolitoral.com\\\/#\\\/schema\\\/person\\\/7b1480b5caeb5acdd4ec6379caf62b22\",\"name\":\"Javier Zamora\",\"image\":{\"@type\":\"ImageObject\",\"inLanguage\":\"ca\",\"@id\":\"https:\\\/\\\/secure.gravatar.com\\\/avatar\\\/467a11f6918c7d619c4043fc6fa2d3853053107973f05b6e9c04ea6c4e3a7b3f?s=96&d=mm&r=g\",\"url\":\"https:\\\/\\\/secure.gravatar.com\\\/avatar\\\/467a11f6918c7d619c4043fc6fa2d3853053107973f05b6e9c04ea6c4e3a7b3f?s=96&d=mm&r=g\",\"contentUrl\":\"https:\\\/\\\/secure.gravatar.com\\\/avatar\\\/467a11f6918c7d619c4043fc6fa2d3853053107973f05b6e9c04ea6c4e3a7b3f?s=96&d=mm&r=g\",\"caption\":\"Javier Zamora\"},\"url\":\"https:\\\/\\\/radiolitoral.com\\\/ca\\\/author\\\/javier-zamora\\\/\"}]}<\/script>\n<!-- \/ Yoast SEO plugin. -->","yoast_head_json":{"title":"El CD D\u00e9nia perdr\u00e0 davant el CF La Nucia (0-1) | R\u00e0dio Litoral","description":"Va ser un cl\u00e0ssic partit de pretemporada amb tot just arribades a les \u00e0rea per part de tots dos equips. Va ser un cl\u00e0ssic partit de pretemporada amb tot just arribades a les \u00e0rea per part de tots dos equips","robots":{"index":"index","follow":"follow","max-snippet":"max-snippet:-1","max-image-preview":"max-image-preview:large","max-video-preview":"max-video-preview:-1"},"canonical":"https:\/\/radiolitoral.com\/ca\/2024\/09\/el-cd-denia-perdra-davant-el-cf-la-nucia-0-1\/","og_locale":"ca_ES","og_type":"article","og_title":"El CD D\u00e9nia va perdre davant el CF La Nucia (0-1) | R\u00e0dio Litoral","og_description":"Va ser un cl\u00e0ssic partit de pretemporada amb tot just arribades a les \u00e0rea per part de tots dos equips Va ser un cl\u00e0ssic partit de pretemporada amb tot just arribades a les \u00e0rea per part de tots dos equips","og_url":"https:\/\/radiolitoral.com\/ca\/2024\/09\/el-cd-denia-perdra-davant-el-cf-la-nucia-0-1\/","og_site_name":"R\u00e0dio Litoral","article_publisher":"https:\/\/www.facebook.com\/Laradiolitoral\/","article_published_time":"2024-09-01T22:27:36+00:00","og_image":[{"width":2296,"height":1239,"url":"https:\/\/media.radiolitoral.com\/wp-content\/uploads\/2024\/09\/01094710\/DSC_0840-1.jpg","type":"image\/jpeg"}],"author":"Javier Zamora","twitter_card":"summary_large_image","twitter_misc":{"Escrit per":"Javier Zamora","Temps estimat de lectura":"3 minuts"},"schema":{"@context":"https:\/\/schema.org","@graph":[{"@type":"NewsArticle","@id":"https:\/\/radiolitoral.com\/2024\/09\/el-cd-denia-va-perdre-davant-el-cf-la-nucia-0-1\/#article","isPartOf":{"@id":"https:\/\/radiolitoral.com\/2024\/09\/el-cd-denia-va-perdre-davant-el-cf-la-nucia-0-1\/"},"author":{"name":"Javier Zamora","@id":"https:\/\/radiolitoral.com\/#\/schema\/person\/7b1480b5caeb5acdd4ec6379caf62b22"},"headline":"El CD D\u00e9nia va perdre davant el CF La Nucia (0-1)","datePublished":"2024-09-01T22:27:36+00:00","mainEntityOfPage":{"@id":"https:\/\/radiolitoral.com\/2024\/09\/el-cd-denia-va-perdre-davant-el-cf-la-nucia-0-1\/"},"wordCount":417,"commentCount":0,"publisher":{"@id":"https:\/\/radiolitoral.com\/#organization"},"image":{"@id":"https:\/\/radiolitoral.com\/2024\/09\/el-cd-denia-va-perdre-davant-el-cf-la-nucia-0-1\/#primaryimage"},"thumbnailUrl":"https:\/\/media.radiolitoral.com\/wp-content\/uploads\/2024\/09\/01094710\/DSC_0840-1.jpg","keywords":["CD D\u00e9nia","CF La Nuc\u00eda","deportes","Juanjo Antol\u00ed."],"articleSection":["Deportes"],"inLanguage":"ca","potentialAction":[{"@type":"CommentAction","name":"Comment","target":["https:\/\/radiolitoral.com\/2024\/09\/el-cd-denia-va-perdre-davant-el-cf-la-nucia-0-1\/#respond"]}]},{"@type":["WebPage","ItemPage"],"@id":"https:\/\/radiolitoral.com\/2024\/09\/el-cd-denia-va-perdre-davant-el-cf-la-nucia-0-1\/","url":"https:\/\/radiolitoral.com\/2024\/09\/el-cd-denia-va-perdre-davant-el-cf-la-nucia-0-1\/","name":"El CD D\u00e9nia perdr\u00e0 davant el CF La Nucia (0-1) | R\u00e0dio Litoral","isPartOf":{"@id":"https:\/\/radiolitoral.com\/#website"},"primaryImageOfPage":{"@id":"https:\/\/radiolitoral.com\/2024\/09\/el-cd-denia-va-perdre-davant-el-cf-la-nucia-0-1\/#primaryimage"},"image":{"@id":"https:\/\/radiolitoral.com\/2024\/09\/el-cd-denia-va-perdre-davant-el-cf-la-nucia-0-1\/#primaryimage"},"thumbnailUrl":"https:\/\/media.radiolitoral.com\/wp-content\/uploads\/2024\/09\/01094710\/DSC_0840-1.jpg","datePublished":"2024-09-01T22:27:36+00:00","description":"Va ser un cl\u00e0ssic partit de pretemporada amb tot just arribades a les \u00e0rea per part de tots dos equips. Va ser un cl\u00e0ssic partit de pretemporada amb tot just arribades a les \u00e0rea per part de tots dos equips","breadcrumb":{"@id":"https:\/\/radiolitoral.com\/2024\/09\/el-cd-denia-va-perdre-davant-el-cf-la-nucia-0-1\/#breadcrumb"},"inLanguage":"ca","potentialAction":[{"@type":"ReadAction","target":["https:\/\/radiolitoral.com\/2024\/09\/el-cd-denia-va-perdre-davant-el-cf-la-nucia-0-1\/"]}]},{"@type":"ImageObject","inLanguage":"ca","@id":"https:\/\/radiolitoral.com\/2024\/09\/el-cd-denia-va-perdre-davant-el-cf-la-nucia-0-1\/#primaryimage","url":"https:\/\/media.radiolitoral.com\/wp-content\/uploads\/2024\/09\/01094710\/DSC_0840-1.jpg","contentUrl":"https:\/\/media.radiolitoral.com\/wp-content\/uploads\/2024\/09\/01094710\/DSC_0840-1.jpg","width":2296,"height":1239},{"@type":"BreadcrumbList","@id":"https:\/\/radiolitoral.com\/2024\/09\/el-cd-denia-va-perdre-davant-el-cf-la-nucia-0-1\/#breadcrumb","itemListElement":[{"@type":"ListItem","position":1,"name":"Portada","item":"https:\/\/radiolitoral.com\/"},{"@type":"ListItem","position":2,"name":"El CD D\u00e9nia va perdre davant el CF La Nucia (0-1)"}]},{"@type":"WebSite","@id":"https:\/\/radiolitoral.com\/#website","url":"https:\/\/radiolitoral.com\/","name":"R\u00e0dio Litoral","description":"La r\u00e0dio local de la Marina Alta","publisher":{"@id":"https:\/\/radiolitoral.com\/#organization"},"alternateName":"Litoral FM","potentialAction":[{"@type":"SearchAction","target":{"@type":"EntryPoint","urlTemplate":"https:\/\/radiolitoral.com\/?s={search_term_string}"},"query-input":{"@type":"PropertyValueSpecification","valueRequired":true,"valueName":"search_term_string"}}],"inLanguage":"ca"},{"@type":"Organization","@id":"https:\/\/radiolitoral.com\/#organization","name":"R\u00e0dio Litoral","url":"https:\/\/radiolitoral.com\/","logo":{"@type":"ImageObject","inLanguage":"ca","@id":"https:\/\/radiolitoral.com\/#\/schema\/logo\/image\/","url":"https:\/\/media.radiolitoral.com\/wp-content\/uploads\/2023\/02\/24143238\/CL-V-RadioLitoral696.png","contentUrl":"https:\/\/media.radiolitoral.com\/wp-content\/uploads\/2023\/02\/24143238\/CL-V-RadioLitoral696.png","width":696,"height":696,"caption":"Radio Litoral"},"image":{"@id":"https:\/\/radiolitoral.com\/#\/schema\/logo\/image\/"},"sameAs":["https:\/\/www.facebook.com\/Laradiolitoral\/"]},{"@type":"Person","@id":"https:\/\/radiolitoral.com\/#\/schema\/person\/7b1480b5caeb5acdd4ec6379caf62b22","name":"Javier Zamora","image":{"@type":"ImageObject","inLanguage":"ca","@id":"https:\/\/secure.gravatar.com\/avatar\/467a11f6918c7d619c4043fc6fa2d3853053107973f05b6e9c04ea6c4e3a7b3f?s=96&d=mm&r=g","url":"https:\/\/secure.gravatar.com\/avatar\/467a11f6918c7d619c4043fc6fa2d3853053107973f05b6e9c04ea6c4e3a7b3f?s=96&d=mm&r=g","contentUrl":"https:\/\/secure.gravatar.com\/avatar\/467a11f6918c7d619c4043fc6fa2d3853053107973f05b6e9c04ea6c4e3a7b3f?s=96&d=mm&r=g","caption":"Javier Zamora"},"url":"https:\/\/radiolitoral.com\/ca\/author\/javier-zamora\/"}]}},"_links":{"self":[{"href":"https:\/\/radiolitoral.com\/ca\/wp-json\/wp\/v2\/posts\/10921","targetHints":{"allow":["GET"]}}],"collection":[{"href":"https:\/\/radiolitoral.com\/ca\/wp-json\/wp\/v2\/posts"}],"about":[{"href":"https:\/\/radiolitoral.com\/ca\/wp-json\/wp\/v2\/types\/post"}],"author":[{"embeddable":true,"href":"https:\/\/radiolitoral.com\/ca\/wp-json\/wp\/v2\/users\/12"}],"replies":[{"embeddable":true,"href":"https:\/\/radiolitoral.com\/ca\/wp-json\/wp\/v2\/comments?post=10921"}],"version-history":[{"count":3,"href":"https:\/\/radiolitoral.com\/ca\/wp-json\/wp\/v2\/posts\/10921\/revisions"}],"predecessor-version":[{"id":10949,"href":"https:\/\/radiolitoral.com\/ca\/wp-json\/wp\/v2\/posts\/10921\/revisions\/10949"}],"wp:featuredmedia":[{"embeddable":true,"href":"https:\/\/radiolitoral.com\/ca\/wp-json\/wp\/v2\/media\/10951"}],"wp:attachment":[{"href":"https:\/\/radiolitoral.com\/ca\/wp-json\/wp\/v2\/media?parent=10921"}],"wp:term":[{"taxonomy":"category","embeddable":true,"href":"https:\/\/radiolitoral.com\/ca\/wp-json\/wp\/v2\/categories?post=10921"},{"taxonomy":"post_tag","embeddable":true,"href":"https:\/\/radiolitoral.com\/ca\/wp-json\/wp\/v2\/tags?post=10921"}],"curies":[{"name":"wp","href":"https:\/\/api.w.org\/{rel}","templated":true}]}}