{"id":10901,"date":"2024-08-30T12:46:20","date_gmt":"2024-08-30T10:46:20","guid":{"rendered":"https:\/\/radiolitoral.com\/?p=10901"},"modified":"2024-08-30T12:46:20","modified_gmt":"2024-08-30T10:46:20","slug":"els-infantils-del-cd-paidos-juguen-davant-el-lucentum","status":"publish","type":"post","link":"https:\/\/radiolitoral.com\/ca\/2024\/08\/les-infantils-del-cd-paidos-juguen-davant-el-lucentum\/","title":{"rendered":"Els infantils del CD Paidos juguen davant el Lucentum"},"content":{"rendered":"<p>Aquest diumenge l&#039;equip infantil femen\u00ed del <strong>CD Paidos D\u00e9nia<\/strong> inicia la competici\u00f3 disputant la fase dascens a categoria Auton\u00f2mica de b\u00e0squet. La seva estrena ser\u00e0 a la dif\u00edcil pista del <strong>Lucentum Alacant<\/strong>. Les dianenques es mesuraran al conjunt de la capital alacantina al Centre de Tecnificaci\u00f3 a les 11 hores. Aquest partit correspon a la primera de les tres jornades que jugaran les col\u00b7legiales.<\/p>\n<p>La formaci\u00f3 que entrena el duo <strong>Paula Garc\u00eda<\/strong> i <strong>Tot Sapena<\/strong> afrontin aquesta fase amb la m\u00e0xima il\u00b7lusi\u00f3. Per les dates en qu\u00e8 es juga, pot acusar la manca de rodatge. El treball que s&#039;ha dut a terme ha estat intens buscant arribar de la millor manera possible a aquesta important cita.<br \/>\nAl costat del CD Paidos D\u00e9nia disputin la fase el Lucentum Alacant, <strong>Astel Logistic S. Gabriel<\/strong> d&#039;Alacant i <strong>Jove&#039;s L&#039;Eliana<\/strong>.<\/p>\n<p>El calendari d&#039;aquesta competici\u00f3 fa que els dianencs hagin de jugar els dos primers partits lluny del pavell\u00f3, concretament a Alacant, el diumenge davant el Lucentum i la setmana que ve davant l&#039;Astel Logistic S. Gabriel. A l&#039;\u00faltima jornada rebran al pavell\u00f3 denier el Jove&#039;s L&#039;Eliana<\/p>","protected":false},"excerpt":{"rendered":"<p>Este diumenge l&#8217;equip infantil femen\u00ed del CD Paidos D\u00e9nia inicia la competici\u00f3 disputant la fase d&#8217;ascens a categoria Auton\u00f2mica de b\u00e0squet. La seua estrena ser\u00e0 en la dif\u00edcil pista del Lucentum Alicante. Les dianenses es mesuraran al conjunt de la capital alacantina en el Centre de Tecnificaci\u00f3 a les 11 hores. Este partit correspon a [&#8230;]<\/p>\n<p><a class=\"btn btn-secondary understrap-read-more-link\" href=\"https:\/\/radiolitoral.com\/ca\/2024\/08\/les-infantils-del-cd-paidos-juguen-davant-el-lucentum\/\">Continua llegint&#8230;<span class=\"screen-reader-text\"> from Les infantils del CD Paidos juguen davant el Lucentum<\/span><\/a><\/p>\n","protected":false},"author":12,"featured_media":10902,"comment_status":"open","ping_status":"closed","sticky":false,"template":"","format":"standard","meta":{"_acf_changed":false,"inline_featured_image":false,"footnotes":""},"categories":[5],"tags":[2093,916,6,2094,2091,878,2092],"class_list":["post-10901","post","type-post","status-publish","format-standard","has-post-thumbnail","hentry","category-deportes","tag-astel-logistic-s-gabriel","tag-cd-paidos-denia","tag-deportes","tag-joves-leliana","tag-lucentum-alicante","tag-paula-garcia","tag-tote-sapena","cobertura-denia"],"acf":[],"yoast_head":"<!-- This site is optimized with the Yoast SEO plugin v27.5 - https:\/\/yoast.com\/product\/yoast-seo-wordpress\/ -->\n<title>Les infantils del CD Paidos juguen davant el Lucentum | R\u00e0dio Litoral<\/title>\n<meta name=\"description\" content=\"L&#039;equip dianense busca militar en la categoria auton\u00f2micaL&#039;equip dianense busca militar en la categoria auton\u00f2mica\" \/>\n<meta name=\"robots\" content=\"index, follow, max-snippet:-1, max-image-preview:large, max-video-preview:-1\" \/>\n<link rel=\"canonical\" href=\"https:\/\/radiolitoral.com\/ca\/2024\/08\/els-infantils-del-cd-paidos-juguen-davant-el-lucentum\/\" \/>\n<meta property=\"og:locale\" content=\"ca_ES\" \/>\n<meta property=\"og:type\" content=\"article\" \/>\n<meta property=\"og:title\" content=\"Les infantils del CD Paidos juguen davant el Lucentum | R\u00e0dio Litoral\" \/>\n<meta property=\"og:description\" content=\"L&#039;equip dianense busca militar en la categoria auton\u00f2micaL&#039;equip dianense busca militar en la categoria auton\u00f2mica\" \/>\n<meta property=\"og:url\" content=\"https:\/\/radiolitoral.com\/ca\/2024\/08\/els-infantils-del-cd-paidos-juguen-davant-el-lucentum\/\" \/>\n<meta property=\"og:site_name\" content=\"R\u00e0dio Litoral\" \/>\n<meta property=\"article:publisher\" content=\"https:\/\/www.facebook.com\/Laradiolitoral\/\" \/>\n<meta property=\"article:published_time\" content=\"2024-08-30T10:46:20+00:00\" \/>\n<meta property=\"og:image\" content=\"https:\/\/media.radiolitoral.com\/wp-content\/uploads\/2024\/08\/30121039\/Infantil-del-CD-Paidos-Denia.jpg\" \/>\n\t<meta property=\"og:image:width\" content=\"1214\" \/>\n\t<meta property=\"og:image:height\" content=\"813\" \/>\n\t<meta property=\"og:image:type\" content=\"image\/jpeg\" \/>\n<meta name=\"author\" content=\"Javier Zamora\" \/>\n<meta name=\"twitter:card\" content=\"summary_large_image\" \/>\n<meta name=\"twitter:label1\" content=\"Escrit per\" \/>\n\t<meta name=\"twitter:data1\" content=\"Javier Zamora\" \/>\n\t<meta name=\"twitter:label2\" content=\"Temps estimat de lectura\" \/>\n\t<meta name=\"twitter:data2\" content=\"2 minuts\" \/>\n<script type=\"application\/ld+json\" class=\"yoast-schema-graph\">{\"@context\":\"https:\\\/\\\/schema.org\",\"@graph\":[{\"@type\":\"NewsArticle\",\"@id\":\"https:\\\/\\\/radiolitoral.com\\\/2024\\\/08\\\/les-infantils-del-cd-paidos-juguen-davant-el-lucentum\\\/#article\",\"isPartOf\":{\"@id\":\"https:\\\/\\\/radiolitoral.com\\\/2024\\\/08\\\/les-infantils-del-cd-paidos-juguen-davant-el-lucentum\\\/\"},\"author\":{\"name\":\"Javier Zamora\",\"@id\":\"https:\\\/\\\/radiolitoral.com\\\/#\\\/schema\\\/person\\\/7b1480b5caeb5acdd4ec6379caf62b22\"},\"headline\":\"Les infantils del CD Paidos juguen davant el Lucentum\",\"datePublished\":\"2024-08-30T10:46:20+00:00\",\"mainEntityOfPage\":{\"@id\":\"https:\\\/\\\/radiolitoral.com\\\/2024\\\/08\\\/les-infantils-del-cd-paidos-juguen-davant-el-lucentum\\\/\"},\"wordCount\":210,\"commentCount\":0,\"publisher\":{\"@id\":\"https:\\\/\\\/radiolitoral.com\\\/#organization\"},\"image\":{\"@id\":\"https:\\\/\\\/radiolitoral.com\\\/2024\\\/08\\\/les-infantils-del-cd-paidos-juguen-davant-el-lucentum\\\/#primaryimage\"},\"thumbnailUrl\":\"https:\\\/\\\/media.radiolitoral.com\\\/wp-content\\\/uploads\\\/2024\\\/08\\\/30121039\\\/Infantil-del-CD-Paidos-Denia.jpg\",\"keywords\":[\"Astel Logistic S. Gabriel\",\"CD Paidos D\u00e9nia\",\"deportes\",\"Jove\u2019s L'Eliana\",\"Lucentum Alicante\",\"Paula Garc\u00eda\",\"Tote Sapena\"],\"articleSection\":[\"Deportes\"],\"inLanguage\":\"ca\",\"potentialAction\":[{\"@type\":\"CommentAction\",\"name\":\"Comment\",\"target\":[\"https:\\\/\\\/radiolitoral.com\\\/2024\\\/08\\\/les-infantils-del-cd-paidos-juguen-davant-el-lucentum\\\/#respond\"]}]},{\"@type\":[\"WebPage\",\"ItemPage\"],\"@id\":\"https:\\\/\\\/radiolitoral.com\\\/2024\\\/08\\\/les-infantils-del-cd-paidos-juguen-davant-el-lucentum\\\/\",\"url\":\"https:\\\/\\\/radiolitoral.com\\\/2024\\\/08\\\/les-infantils-del-cd-paidos-juguen-davant-el-lucentum\\\/\",\"name\":\"Les infantils del CD Paidos juguen davant el Lucentum | R\u00e0dio Litoral\",\"isPartOf\":{\"@id\":\"https:\\\/\\\/radiolitoral.com\\\/#website\"},\"primaryImageOfPage\":{\"@id\":\"https:\\\/\\\/radiolitoral.com\\\/2024\\\/08\\\/les-infantils-del-cd-paidos-juguen-davant-el-lucentum\\\/#primaryimage\"},\"image\":{\"@id\":\"https:\\\/\\\/radiolitoral.com\\\/2024\\\/08\\\/les-infantils-del-cd-paidos-juguen-davant-el-lucentum\\\/#primaryimage\"},\"thumbnailUrl\":\"https:\\\/\\\/media.radiolitoral.com\\\/wp-content\\\/uploads\\\/2024\\\/08\\\/30121039\\\/Infantil-del-CD-Paidos-Denia.jpg\",\"datePublished\":\"2024-08-30T10:46:20+00:00\",\"description\":\"L'equip dianense busca militar en la categoria auton\u00f2micaL'equip dianense busca militar en la categoria auton\u00f2mica\",\"breadcrumb\":{\"@id\":\"https:\\\/\\\/radiolitoral.com\\\/2024\\\/08\\\/les-infantils-del-cd-paidos-juguen-davant-el-lucentum\\\/#breadcrumb\"},\"inLanguage\":\"ca\",\"potentialAction\":[{\"@type\":\"ReadAction\",\"target\":[\"https:\\\/\\\/radiolitoral.com\\\/2024\\\/08\\\/les-infantils-del-cd-paidos-juguen-davant-el-lucentum\\\/\"]}]},{\"@type\":\"ImageObject\",\"inLanguage\":\"ca\",\"@id\":\"https:\\\/\\\/radiolitoral.com\\\/2024\\\/08\\\/les-infantils-del-cd-paidos-juguen-davant-el-lucentum\\\/#primaryimage\",\"url\":\"https:\\\/\\\/media.radiolitoral.com\\\/wp-content\\\/uploads\\\/2024\\\/08\\\/30121039\\\/Infantil-del-CD-Paidos-Denia.jpg\",\"contentUrl\":\"https:\\\/\\\/media.radiolitoral.com\\\/wp-content\\\/uploads\\\/2024\\\/08\\\/30121039\\\/Infantil-del-CD-Paidos-Denia.jpg\",\"width\":1214,\"height\":813},{\"@type\":\"BreadcrumbList\",\"@id\":\"https:\\\/\\\/radiolitoral.com\\\/2024\\\/08\\\/les-infantils-del-cd-paidos-juguen-davant-el-lucentum\\\/#breadcrumb\",\"itemListElement\":[{\"@type\":\"ListItem\",\"position\":1,\"name\":\"Portada\",\"item\":\"https:\\\/\\\/radiolitoral.com\\\/\"},{\"@type\":\"ListItem\",\"position\":2,\"name\":\"Les infantils del CD Paidos juguen davant el Lucentum\"}]},{\"@type\":\"WebSite\",\"@id\":\"https:\\\/\\\/radiolitoral.com\\\/#website\",\"url\":\"https:\\\/\\\/radiolitoral.com\\\/\",\"name\":\"Radio Litoral\",\"description\":\"La radio local de la Marina Alta\",\"publisher\":{\"@id\":\"https:\\\/\\\/radiolitoral.com\\\/#organization\"},\"alternateName\":\"Litoral FM\",\"potentialAction\":[{\"@type\":\"SearchAction\",\"target\":{\"@type\":\"EntryPoint\",\"urlTemplate\":\"https:\\\/\\\/radiolitoral.com\\\/?s={search_term_string}\"},\"query-input\":{\"@type\":\"PropertyValueSpecification\",\"valueRequired\":true,\"valueName\":\"search_term_string\"}}],\"inLanguage\":\"ca\"},{\"@type\":\"Organization\",\"@id\":\"https:\\\/\\\/radiolitoral.com\\\/#organization\",\"name\":\"Radio Litoral\",\"url\":\"https:\\\/\\\/radiolitoral.com\\\/\",\"logo\":{\"@type\":\"ImageObject\",\"inLanguage\":\"ca\",\"@id\":\"https:\\\/\\\/radiolitoral.com\\\/#\\\/schema\\\/logo\\\/image\\\/\",\"url\":\"https:\\\/\\\/media.radiolitoral.com\\\/wp-content\\\/uploads\\\/2023\\\/02\\\/24143238\\\/CL-V-RadioLitoral696.png\",\"contentUrl\":\"https:\\\/\\\/media.radiolitoral.com\\\/wp-content\\\/uploads\\\/2023\\\/02\\\/24143238\\\/CL-V-RadioLitoral696.png\",\"width\":696,\"height\":696,\"caption\":\"Radio Litoral\"},\"image\":{\"@id\":\"https:\\\/\\\/radiolitoral.com\\\/#\\\/schema\\\/logo\\\/image\\\/\"},\"sameAs\":[\"https:\\\/\\\/www.facebook.com\\\/Laradiolitoral\\\/\"]},{\"@type\":\"Person\",\"@id\":\"https:\\\/\\\/radiolitoral.com\\\/#\\\/schema\\\/person\\\/7b1480b5caeb5acdd4ec6379caf62b22\",\"name\":\"Javier Zamora\",\"image\":{\"@type\":\"ImageObject\",\"inLanguage\":\"ca\",\"@id\":\"https:\\\/\\\/secure.gravatar.com\\\/avatar\\\/467a11f6918c7d619c4043fc6fa2d3853053107973f05b6e9c04ea6c4e3a7b3f?s=96&d=mm&r=g\",\"url\":\"https:\\\/\\\/secure.gravatar.com\\\/avatar\\\/467a11f6918c7d619c4043fc6fa2d3853053107973f05b6e9c04ea6c4e3a7b3f?s=96&d=mm&r=g\",\"contentUrl\":\"https:\\\/\\\/secure.gravatar.com\\\/avatar\\\/467a11f6918c7d619c4043fc6fa2d3853053107973f05b6e9c04ea6c4e3a7b3f?s=96&d=mm&r=g\",\"caption\":\"Javier Zamora\"},\"url\":\"https:\\\/\\\/radiolitoral.com\\\/ca\\\/author\\\/javier-zamora\\\/\"}]}<\/script>\n<!-- \/ Yoast SEO plugin. -->","yoast_head_json":{"title":"Els infantils del CD Paidos juguen davant del Lucentum | R\u00e0dio Litoral","description":"L&#039;equip denier cerca militar a la categoria auton\u00f2micaL&#039;equip denier cerca militar a la categoria auton\u00f2mica","robots":{"index":"index","follow":"follow","max-snippet":"max-snippet:-1","max-image-preview":"max-image-preview:large","max-video-preview":"max-video-preview:-1"},"canonical":"https:\/\/radiolitoral.com\/ca\/2024\/08\/els-infantils-del-cd-paidos-juguen-davant-el-lucentum\/","og_locale":"ca_ES","og_type":"article","og_title":"Les infantils del CD Paidos juguen davant el Lucentum | R\u00e0dio Litoral","og_description":"L'equip dianense busca militar en la categoria auton\u00f2micaL'equip dianense busca militar en la categoria auton\u00f2mica","og_url":"https:\/\/radiolitoral.com\/ca\/2024\/08\/els-infantils-del-cd-paidos-juguen-davant-el-lucentum\/","og_site_name":"R\u00e0dio Litoral","article_publisher":"https:\/\/www.facebook.com\/Laradiolitoral\/","article_published_time":"2024-08-30T10:46:20+00:00","og_image":[{"width":1214,"height":813,"url":"https:\/\/media.radiolitoral.com\/wp-content\/uploads\/2024\/08\/30121039\/Infantil-del-CD-Paidos-Denia.jpg","type":"image\/jpeg"}],"author":"Javier Zamora","twitter_card":"summary_large_image","twitter_misc":{"Escrit per":"Javier Zamora","Temps estimat de lectura":"2 minuts"},"schema":{"@context":"https:\/\/schema.org","@graph":[{"@type":"NewsArticle","@id":"https:\/\/radiolitoral.com\/2024\/08\/les-infantils-del-cd-paidos-juguen-davant-el-lucentum\/#article","isPartOf":{"@id":"https:\/\/radiolitoral.com\/2024\/08\/les-infantils-del-cd-paidos-juguen-davant-el-lucentum\/"},"author":{"name":"Javier Zamora","@id":"https:\/\/radiolitoral.com\/#\/schema\/person\/7b1480b5caeb5acdd4ec6379caf62b22"},"headline":"Les infantils del CD Paidos juguen davant el Lucentum","datePublished":"2024-08-30T10:46:20+00:00","mainEntityOfPage":{"@id":"https:\/\/radiolitoral.com\/2024\/08\/les-infantils-del-cd-paidos-juguen-davant-el-lucentum\/"},"wordCount":210,"commentCount":0,"publisher":{"@id":"https:\/\/radiolitoral.com\/#organization"},"image":{"@id":"https:\/\/radiolitoral.com\/2024\/08\/les-infantils-del-cd-paidos-juguen-davant-el-lucentum\/#primaryimage"},"thumbnailUrl":"https:\/\/media.radiolitoral.com\/wp-content\/uploads\/2024\/08\/30121039\/Infantil-del-CD-Paidos-Denia.jpg","keywords":["Astel Logistic S. Gabriel","CD Paidos D\u00e9nia","deportes","Jove\u2019s L'Eliana","Lucentum Alicante","Paula Garc\u00eda","Tote Sapena"],"articleSection":["Deportes"],"inLanguage":"ca","potentialAction":[{"@type":"CommentAction","name":"Comment","target":["https:\/\/radiolitoral.com\/2024\/08\/les-infantils-del-cd-paidos-juguen-davant-el-lucentum\/#respond"]}]},{"@type":["WebPage","ItemPage"],"@id":"https:\/\/radiolitoral.com\/2024\/08\/les-infantils-del-cd-paidos-juguen-davant-el-lucentum\/","url":"https:\/\/radiolitoral.com\/2024\/08\/les-infantils-del-cd-paidos-juguen-davant-el-lucentum\/","name":"Els infantils del CD Paidos juguen davant del Lucentum | R\u00e0dio Litoral","isPartOf":{"@id":"https:\/\/radiolitoral.com\/#website"},"primaryImageOfPage":{"@id":"https:\/\/radiolitoral.com\/2024\/08\/les-infantils-del-cd-paidos-juguen-davant-el-lucentum\/#primaryimage"},"image":{"@id":"https:\/\/radiolitoral.com\/2024\/08\/les-infantils-del-cd-paidos-juguen-davant-el-lucentum\/#primaryimage"},"thumbnailUrl":"https:\/\/media.radiolitoral.com\/wp-content\/uploads\/2024\/08\/30121039\/Infantil-del-CD-Paidos-Denia.jpg","datePublished":"2024-08-30T10:46:20+00:00","description":"L&#039;equip denier cerca militar a la categoria auton\u00f2micaL&#039;equip denier cerca militar a la categoria auton\u00f2mica","breadcrumb":{"@id":"https:\/\/radiolitoral.com\/2024\/08\/les-infantils-del-cd-paidos-juguen-davant-el-lucentum\/#breadcrumb"},"inLanguage":"ca","potentialAction":[{"@type":"ReadAction","target":["https:\/\/radiolitoral.com\/2024\/08\/les-infantils-del-cd-paidos-juguen-davant-el-lucentum\/"]}]},{"@type":"ImageObject","inLanguage":"ca","@id":"https:\/\/radiolitoral.com\/2024\/08\/les-infantils-del-cd-paidos-juguen-davant-el-lucentum\/#primaryimage","url":"https:\/\/media.radiolitoral.com\/wp-content\/uploads\/2024\/08\/30121039\/Infantil-del-CD-Paidos-Denia.jpg","contentUrl":"https:\/\/media.radiolitoral.com\/wp-content\/uploads\/2024\/08\/30121039\/Infantil-del-CD-Paidos-Denia.jpg","width":1214,"height":813},{"@type":"BreadcrumbList","@id":"https:\/\/radiolitoral.com\/2024\/08\/les-infantils-del-cd-paidos-juguen-davant-el-lucentum\/#breadcrumb","itemListElement":[{"@type":"ListItem","position":1,"name":"Portada","item":"https:\/\/radiolitoral.com\/"},{"@type":"ListItem","position":2,"name":"Les infantils del CD Paidos juguen davant el Lucentum"}]},{"@type":"WebSite","@id":"https:\/\/radiolitoral.com\/#website","url":"https:\/\/radiolitoral.com\/","name":"R\u00e0dio Litoral","description":"La r\u00e0dio local de la Marina Alta","publisher":{"@id":"https:\/\/radiolitoral.com\/#organization"},"alternateName":"Litoral FM","potentialAction":[{"@type":"SearchAction","target":{"@type":"EntryPoint","urlTemplate":"https:\/\/radiolitoral.com\/?s={search_term_string}"},"query-input":{"@type":"PropertyValueSpecification","valueRequired":true,"valueName":"search_term_string"}}],"inLanguage":"ca"},{"@type":"Organization","@id":"https:\/\/radiolitoral.com\/#organization","name":"R\u00e0dio Litoral","url":"https:\/\/radiolitoral.com\/","logo":{"@type":"ImageObject","inLanguage":"ca","@id":"https:\/\/radiolitoral.com\/#\/schema\/logo\/image\/","url":"https:\/\/media.radiolitoral.com\/wp-content\/uploads\/2023\/02\/24143238\/CL-V-RadioLitoral696.png","contentUrl":"https:\/\/media.radiolitoral.com\/wp-content\/uploads\/2023\/02\/24143238\/CL-V-RadioLitoral696.png","width":696,"height":696,"caption":"Radio Litoral"},"image":{"@id":"https:\/\/radiolitoral.com\/#\/schema\/logo\/image\/"},"sameAs":["https:\/\/www.facebook.com\/Laradiolitoral\/"]},{"@type":"Person","@id":"https:\/\/radiolitoral.com\/#\/schema\/person\/7b1480b5caeb5acdd4ec6379caf62b22","name":"Javier Zamora","image":{"@type":"ImageObject","inLanguage":"ca","@id":"https:\/\/secure.gravatar.com\/avatar\/467a11f6918c7d619c4043fc6fa2d3853053107973f05b6e9c04ea6c4e3a7b3f?s=96&d=mm&r=g","url":"https:\/\/secure.gravatar.com\/avatar\/467a11f6918c7d619c4043fc6fa2d3853053107973f05b6e9c04ea6c4e3a7b3f?s=96&d=mm&r=g","contentUrl":"https:\/\/secure.gravatar.com\/avatar\/467a11f6918c7d619c4043fc6fa2d3853053107973f05b6e9c04ea6c4e3a7b3f?s=96&d=mm&r=g","caption":"Javier Zamora"},"url":"https:\/\/radiolitoral.com\/ca\/author\/javier-zamora\/"}]}},"_links":{"self":[{"href":"https:\/\/radiolitoral.com\/ca\/wp-json\/wp\/v2\/posts\/10901","targetHints":{"allow":["GET"]}}],"collection":[{"href":"https:\/\/radiolitoral.com\/ca\/wp-json\/wp\/v2\/posts"}],"about":[{"href":"https:\/\/radiolitoral.com\/ca\/wp-json\/wp\/v2\/types\/post"}],"author":[{"embeddable":true,"href":"https:\/\/radiolitoral.com\/ca\/wp-json\/wp\/v2\/users\/12"}],"replies":[{"embeddable":true,"href":"https:\/\/radiolitoral.com\/ca\/wp-json\/wp\/v2\/comments?post=10901"}],"version-history":[{"count":1,"href":"https:\/\/radiolitoral.com\/ca\/wp-json\/wp\/v2\/posts\/10901\/revisions"}],"predecessor-version":[{"id":10910,"href":"https:\/\/radiolitoral.com\/ca\/wp-json\/wp\/v2\/posts\/10901\/revisions\/10910"}],"wp:featuredmedia":[{"embeddable":true,"href":"https:\/\/radiolitoral.com\/ca\/wp-json\/wp\/v2\/media\/10902"}],"wp:attachment":[{"href":"https:\/\/radiolitoral.com\/ca\/wp-json\/wp\/v2\/media?parent=10901"}],"wp:term":[{"taxonomy":"category","embeddable":true,"href":"https:\/\/radiolitoral.com\/ca\/wp-json\/wp\/v2\/categories?post=10901"},{"taxonomy":"post_tag","embeddable":true,"href":"https:\/\/radiolitoral.com\/ca\/wp-json\/wp\/v2\/tags?post=10901"}],"curies":[{"name":"wp","href":"https:\/\/api.w.org\/{rel}","templated":true}]}}