{"id":10893,"date":"2024-08-29T19:11:34","date_gmt":"2024-08-29T17:11:34","guid":{"rendered":"https:\/\/radiolitoral.com\/?p=10893"},"modified":"2024-08-29T19:11:34","modified_gmt":"2024-08-29T17:11:34","slug":"teulada-inicia-un-proces-participatiu-per-coneixer-les-necessitats-i-desitjos-de-la-ciutadania","status":"publish","type":"post","link":"https:\/\/radiolitoral.com\/ca\/2024\/08\/teulada-inicia-un-proces-participatiu-per-coneixer-les-necessitats-i-desitjos-de-la-ciutadania\/","title":{"rendered":"Teulada inicia un proc\u00e9s participatiu per con\u00e8ixer les necessitats i desitjos de la ciutadania"},"content":{"rendered":"<p>L&#039;Ajuntament de <strong>Teulada<\/strong> ha posat en marxa els <strong>Pressupostos Participatius<\/strong> amb l&#039;objectiu d&#039;implicar la ciutadania a la presa de decisions municipals. Aquesta iniciativa, que compta amb el suport financer del Servei de Transpar\u00e8ncia, BOP i Impremta de la Diputaci\u00f3 d&#039;Alacant, aix\u00ed com de la Presid\u00e8ncia de la Generalitat Valenciana, cerca identificar els projectes i actuacions prioritaris per Teulada Moraira a trav\u00e9s de la veu dels seus habitants.<\/p>\n<p>A trav\u00e9s d&#039;una encuesta disponible a la web municipal ia les xarxes socials de l&#039;Ajuntament, es convida a tots els residents a participar-hi activament <strong>compartint les seves idees i necessitats<\/strong>. &quot;Des de l&#039;Ajuntament de Teulada, creiem que \u00e9s fonamental que tots i totes tinguin l&#039;oportunitat d&#039;expressar les seves idees, necessitats i expectatives per al nostre municipi&quot;, ha destacat Rosana Caselles, regidora de Participaci\u00f3 Ciutadana.<\/p>\n<p>Per facilitar aquesta participaci\u00f3, s&#039;ha habilitat un <strong>q\u00fcestionari en l\u00ednia<\/strong> al qual es pot accedir mitjan\u00e7ant l&#039;enlla\u00e7: <a href=\"https:\/\/investrategia.tesintegra.net\/online.php?pid=ONLINETEULA\">https:\/\/investrategia.tesintegra.net\/online.php?pid=ONLINETEULA<\/a>. Les propostes recollides seran avaluades per responsables i t\u00e8cnics municipals per confirmar-ne la viabilitat, i les que segueixen considerades factibles es presentaran en una consulta p\u00fablica representativa de la poblaci\u00f3 de Teulada Moraira. Els projectes aprovats per la majoria seran implementats pel consistori i inclosos als pressupostos generals.<\/p>\n<p>Aquest proc\u00e9s participatiu cerca superar les limitacions detectades en iniciatives anteriors, garantint que la consulta segueixi representativa i accessible per a tota la poblaci\u00f3. \u00abAquest proc\u00e9s participatiu no nom\u00e9s \u00e9s una eina per escortar la ciutadania, sin\u00f3 tamb\u00e9 un mitj\u00e0 per millorar junts Teulada Moraira\u00bb, ha subratllat Caselles. \u00abConvidem a cada resident a involucrar-se activament, perqu\u00e8 la seva veu \u00e9s essencial en la creaci\u00f3 de projectes que realment reflecteixin els desejos i prioritats del nostre poble\u00bb.<\/p>\n<p>Amb aquesta iniciativa, l&#039;Ajuntament de Teulada espera promoure projectes que responguin a les veritables prioritats i necessitats dels seus ciutadans, contribuint a millorar significativament la qualitat de vida al municipi.<\/p>","protected":false},"excerpt":{"rendered":"<p>L&#8217;Ajuntament de Teulada ha posat en marxa els Pressupostos Participatius amb l&#8217;objectiu d&#8217;implicar la ciutadania en la presa de decisions municipals. Aquesta iniciativa, que compta amb el suport financer del Servei de Transpar\u00e8ncia, BOP i Imprenta de la Diputaci\u00f3 d&#8217;Alacant, aix\u00ed com de la Presid\u00e8ncia de la Generalitat Valenciana, busca identificar els projectes i actuacions [&#8230;]<\/p>\n<p><a class=\"btn btn-secondary understrap-read-more-link\" href=\"https:\/\/radiolitoral.com\/ca\/2024\/08\/teulada-inicia-un-proces-participatiu-per-coneixer-les-necessitats-i-desitjos-de-la-ciutadania\/\">Continua llegint&#8230;<span class=\"screen-reader-text\"> from Teulada inicia un proc\u00e9s participatiu per con\u00e9ixer les necessitats i desitjos de la ciutadania<\/span><\/a><\/p>\n","protected":false},"author":14,"featured_media":3050,"comment_status":"open","ping_status":"closed","sticky":false,"template":"","format":"standard","meta":{"_acf_changed":false,"inline_featured_image":false,"footnotes":""},"categories":[46],"tags":[2089,1671],"class_list":["post-10893","post","type-post","status-publish","format-standard","has-post-thumbnail","hentry","category-sociedad","tag-encuesta","tag-presupuestos-participativos","cobertura-teulada-moraira"],"acf":[],"yoast_head":"<!-- This site is optimized with the Yoast SEO plugin v27.5 - https:\/\/yoast.com\/product\/yoast-seo-wordpress\/ -->\n<title>Teulada inicia un proc\u00e9s participatiu per con\u00e9ixer les necessitats i desitjos de la ciutadania | R\u00e0dio Litoral<\/title>\n<meta name=\"description\" content=\"Podeu trobar una enquesta disponible a la web municipal i a les xarxes socials\" \/>\n<meta name=\"robots\" content=\"index, follow, max-snippet:-1, max-image-preview:large, max-video-preview:-1\" \/>\n<link rel=\"canonical\" href=\"https:\/\/radiolitoral.com\/ca\/2024\/08\/teulada-inicia-un-proces-participatiu-per-coneixer-les-necessitats-i-desitjos-de-la-ciutadania\/\" \/>\n<meta property=\"og:locale\" content=\"ca_ES\" \/>\n<meta property=\"og:type\" content=\"article\" \/>\n<meta property=\"og:title\" content=\"Teulada inicia un proc\u00e9s participatiu per con\u00e9ixer les necessitats i desitjos de la ciutadania | R\u00e0dio Litoral\" \/>\n<meta property=\"og:description\" content=\"Podeu trobar una enquesta disponible a la web municipal i a les xarxes socials\" \/>\n<meta property=\"og:url\" content=\"https:\/\/radiolitoral.com\/ca\/2024\/08\/teulada-inicia-un-proces-participatiu-per-coneixer-les-necessitats-i-desitjos-de-la-ciutadania\/\" \/>\n<meta property=\"og:site_name\" content=\"R\u00e0dio Litoral\" \/>\n<meta property=\"article:publisher\" content=\"https:\/\/www.facebook.com\/Laradiolitoral\/\" \/>\n<meta property=\"article:published_time\" content=\"2024-08-29T17:11:34+00:00\" \/>\n<meta property=\"og:image\" content=\"https:\/\/media.radiolitoral.com\/wp-content\/uploads\/2023\/05\/12173656\/Teulada-Moraira.jpeg\" \/>\n\t<meta property=\"og:image:width\" content=\"1024\" \/>\n\t<meta property=\"og:image:height\" content=\"576\" \/>\n\t<meta property=\"og:image:type\" content=\"image\/jpeg\" \/>\n<meta name=\"author\" content=\"Redacci\u00f3n\" \/>\n<meta name=\"twitter:card\" content=\"summary_large_image\" \/>\n<meta name=\"twitter:label1\" content=\"Escrit per\" \/>\n\t<meta name=\"twitter:data1\" content=\"Redacci\u00f3n\" \/>\n\t<meta name=\"twitter:label2\" content=\"Temps estimat de lectura\" \/>\n\t<meta name=\"twitter:data2\" content=\"2 minuts\" \/>\n<script type=\"application\/ld+json\" class=\"yoast-schema-graph\">{\"@context\":\"https:\\\/\\\/schema.org\",\"@graph\":[{\"@type\":\"NewsArticle\",\"@id\":\"https:\\\/\\\/radiolitoral.com\\\/2024\\\/08\\\/teulada-inicia-un-proces-participatiu-per-coneixer-les-necessitats-i-desitjos-de-la-ciutadania\\\/#article\",\"isPartOf\":{\"@id\":\"https:\\\/\\\/radiolitoral.com\\\/2024\\\/08\\\/teulada-inicia-un-proces-participatiu-per-coneixer-les-necessitats-i-desitjos-de-la-ciutadania\\\/\"},\"author\":{\"name\":\"Redacci\u00f3n\",\"@id\":\"https:\\\/\\\/radiolitoral.com\\\/#\\\/schema\\\/person\\\/96b739642eb3bedb532aac3812d23307\"},\"headline\":\"Teulada inicia un proc\u00e9s participatiu per con\u00e9ixer les necessitats i desitjos de la ciutadania\",\"datePublished\":\"2024-08-29T17:11:34+00:00\",\"mainEntityOfPage\":{\"@id\":\"https:\\\/\\\/radiolitoral.com\\\/2024\\\/08\\\/teulada-inicia-un-proces-participatiu-per-coneixer-les-necessitats-i-desitjos-de-la-ciutadania\\\/\"},\"wordCount\":360,\"commentCount\":0,\"publisher\":{\"@id\":\"https:\\\/\\\/radiolitoral.com\\\/#organization\"},\"image\":{\"@id\":\"https:\\\/\\\/radiolitoral.com\\\/2024\\\/08\\\/teulada-inicia-un-proces-participatiu-per-coneixer-les-necessitats-i-desitjos-de-la-ciutadania\\\/#primaryimage\"},\"thumbnailUrl\":\"https:\\\/\\\/media.radiolitoral.com\\\/wp-content\\\/uploads\\\/2023\\\/05\\\/12173656\\\/Teulada-Moraira.jpeg\",\"keywords\":[\"encuesta\",\"presupuestos participativos\"],\"articleSection\":[\"Sociedad\"],\"inLanguage\":\"ca\",\"potentialAction\":[{\"@type\":\"CommentAction\",\"name\":\"Comment\",\"target\":[\"https:\\\/\\\/radiolitoral.com\\\/2024\\\/08\\\/teulada-inicia-un-proces-participatiu-per-coneixer-les-necessitats-i-desitjos-de-la-ciutadania\\\/#respond\"]}]},{\"@type\":[\"WebPage\",\"ItemPage\"],\"@id\":\"https:\\\/\\\/radiolitoral.com\\\/2024\\\/08\\\/teulada-inicia-un-proces-participatiu-per-coneixer-les-necessitats-i-desitjos-de-la-ciutadania\\\/\",\"url\":\"https:\\\/\\\/radiolitoral.com\\\/2024\\\/08\\\/teulada-inicia-un-proces-participatiu-per-coneixer-les-necessitats-i-desitjos-de-la-ciutadania\\\/\",\"name\":\"Teulada inicia un proc\u00e9s participatiu per con\u00e9ixer les necessitats i desitjos de la ciutadania | R\u00e0dio Litoral\",\"isPartOf\":{\"@id\":\"https:\\\/\\\/radiolitoral.com\\\/#website\"},\"primaryImageOfPage\":{\"@id\":\"https:\\\/\\\/radiolitoral.com\\\/2024\\\/08\\\/teulada-inicia-un-proces-participatiu-per-coneixer-les-necessitats-i-desitjos-de-la-ciutadania\\\/#primaryimage\"},\"image\":{\"@id\":\"https:\\\/\\\/radiolitoral.com\\\/2024\\\/08\\\/teulada-inicia-un-proces-participatiu-per-coneixer-les-necessitats-i-desitjos-de-la-ciutadania\\\/#primaryimage\"},\"thumbnailUrl\":\"https:\\\/\\\/media.radiolitoral.com\\\/wp-content\\\/uploads\\\/2023\\\/05\\\/12173656\\\/Teulada-Moraira.jpeg\",\"datePublished\":\"2024-08-29T17:11:34+00:00\",\"description\":\"Podeu trobar una enquesta disponible a la web municipal i a les xarxes socials\",\"breadcrumb\":{\"@id\":\"https:\\\/\\\/radiolitoral.com\\\/2024\\\/08\\\/teulada-inicia-un-proces-participatiu-per-coneixer-les-necessitats-i-desitjos-de-la-ciutadania\\\/#breadcrumb\"},\"inLanguage\":\"ca\",\"potentialAction\":[{\"@type\":\"ReadAction\",\"target\":[\"https:\\\/\\\/radiolitoral.com\\\/2024\\\/08\\\/teulada-inicia-un-proces-participatiu-per-coneixer-les-necessitats-i-desitjos-de-la-ciutadania\\\/\"]}]},{\"@type\":\"ImageObject\",\"inLanguage\":\"ca\",\"@id\":\"https:\\\/\\\/radiolitoral.com\\\/2024\\\/08\\\/teulada-inicia-un-proces-participatiu-per-coneixer-les-necessitats-i-desitjos-de-la-ciutadania\\\/#primaryimage\",\"url\":\"https:\\\/\\\/media.radiolitoral.com\\\/wp-content\\\/uploads\\\/2023\\\/05\\\/12173656\\\/Teulada-Moraira.jpeg\",\"contentUrl\":\"https:\\\/\\\/media.radiolitoral.com\\\/wp-content\\\/uploads\\\/2023\\\/05\\\/12173656\\\/Teulada-Moraira.jpeg\",\"width\":1024,\"height\":576},{\"@type\":\"BreadcrumbList\",\"@id\":\"https:\\\/\\\/radiolitoral.com\\\/2024\\\/08\\\/teulada-inicia-un-proces-participatiu-per-coneixer-les-necessitats-i-desitjos-de-la-ciutadania\\\/#breadcrumb\",\"itemListElement\":[{\"@type\":\"ListItem\",\"position\":1,\"name\":\"Portada\",\"item\":\"https:\\\/\\\/radiolitoral.com\\\/\"},{\"@type\":\"ListItem\",\"position\":2,\"name\":\"Teulada inicia un proc\u00e9s participatiu per con\u00e9ixer les necessitats i desitjos de la ciutadania\"}]},{\"@type\":\"WebSite\",\"@id\":\"https:\\\/\\\/radiolitoral.com\\\/#website\",\"url\":\"https:\\\/\\\/radiolitoral.com\\\/\",\"name\":\"Radio Litoral\",\"description\":\"La radio local de la Marina Alta\",\"publisher\":{\"@id\":\"https:\\\/\\\/radiolitoral.com\\\/#organization\"},\"alternateName\":\"Litoral FM\",\"potentialAction\":[{\"@type\":\"SearchAction\",\"target\":{\"@type\":\"EntryPoint\",\"urlTemplate\":\"https:\\\/\\\/radiolitoral.com\\\/?s={search_term_string}\"},\"query-input\":{\"@type\":\"PropertyValueSpecification\",\"valueRequired\":true,\"valueName\":\"search_term_string\"}}],\"inLanguage\":\"ca\"},{\"@type\":\"Organization\",\"@id\":\"https:\\\/\\\/radiolitoral.com\\\/#organization\",\"name\":\"Radio Litoral\",\"url\":\"https:\\\/\\\/radiolitoral.com\\\/\",\"logo\":{\"@type\":\"ImageObject\",\"inLanguage\":\"ca\",\"@id\":\"https:\\\/\\\/radiolitoral.com\\\/#\\\/schema\\\/logo\\\/image\\\/\",\"url\":\"https:\\\/\\\/media.radiolitoral.com\\\/wp-content\\\/uploads\\\/2023\\\/02\\\/24143238\\\/CL-V-RadioLitoral696.png\",\"contentUrl\":\"https:\\\/\\\/media.radiolitoral.com\\\/wp-content\\\/uploads\\\/2023\\\/02\\\/24143238\\\/CL-V-RadioLitoral696.png\",\"width\":696,\"height\":696,\"caption\":\"Radio Litoral\"},\"image\":{\"@id\":\"https:\\\/\\\/radiolitoral.com\\\/#\\\/schema\\\/logo\\\/image\\\/\"},\"sameAs\":[\"https:\\\/\\\/www.facebook.com\\\/Laradiolitoral\\\/\"]},{\"@type\":\"Person\",\"@id\":\"https:\\\/\\\/radiolitoral.com\\\/#\\\/schema\\\/person\\\/96b739642eb3bedb532aac3812d23307\",\"name\":\"Redacci\u00f3n\",\"image\":{\"@type\":\"ImageObject\",\"inLanguage\":\"ca\",\"@id\":\"https:\\\/\\\/secure.gravatar.com\\\/avatar\\\/30cd06129ee90411dd9c7cbdcf17464181d1a3c7b072e92070ea75a25cf0097e?s=96&d=mm&r=g\",\"url\":\"https:\\\/\\\/secure.gravatar.com\\\/avatar\\\/30cd06129ee90411dd9c7cbdcf17464181d1a3c7b072e92070ea75a25cf0097e?s=96&d=mm&r=g\",\"contentUrl\":\"https:\\\/\\\/secure.gravatar.com\\\/avatar\\\/30cd06129ee90411dd9c7cbdcf17464181d1a3c7b072e92070ea75a25cf0097e?s=96&d=mm&r=g\",\"caption\":\"Redacci\u00f3n\"},\"url\":\"https:\\\/\\\/radiolitoral.com\\\/ca\\\/author\\\/kevin-carrio\\\/\"}]}<\/script>\n<!-- \/ Yoast SEO plugin. -->","yoast_head_json":{"title":"Teulada inicia un proc\u00e9s participatiu per con\u00e8ixer les necessitats i desitjos de la ciutadania | R\u00e0dio Litoral","description":"Podeu trobar una encuesta disponible a la web municipal ia les xarxes socials","robots":{"index":"index","follow":"follow","max-snippet":"max-snippet:-1","max-image-preview":"max-image-preview:large","max-video-preview":"max-video-preview:-1"},"canonical":"https:\/\/radiolitoral.com\/ca\/2024\/08\/teulada-inicia-un-proces-participatiu-per-coneixer-les-necessitats-i-desitjos-de-la-ciutadania\/","og_locale":"ca_ES","og_type":"article","og_title":"Teulada inicia un proc\u00e9s participatiu per con\u00e9ixer les necessitats i desitjos de la ciutadania | R\u00e0dio Litoral","og_description":"Podeu trobar una enquesta disponible a la web municipal i a les xarxes socials","og_url":"https:\/\/radiolitoral.com\/ca\/2024\/08\/teulada-inicia-un-proces-participatiu-per-coneixer-les-necessitats-i-desitjos-de-la-ciutadania\/","og_site_name":"R\u00e0dio Litoral","article_publisher":"https:\/\/www.facebook.com\/Laradiolitoral\/","article_published_time":"2024-08-29T17:11:34+00:00","og_image":[{"width":1024,"height":576,"url":"https:\/\/media.radiolitoral.com\/wp-content\/uploads\/2023\/05\/12173656\/Teulada-Moraira.jpeg","type":"image\/jpeg"}],"author":"Redacci\u00f3n","twitter_card":"summary_large_image","twitter_misc":{"Escrit per":"Redacci\u00f3n","Temps estimat de lectura":"2 minuts"},"schema":{"@context":"https:\/\/schema.org","@graph":[{"@type":"NewsArticle","@id":"https:\/\/radiolitoral.com\/2024\/08\/teulada-inicia-un-proces-participatiu-per-coneixer-les-necessitats-i-desitjos-de-la-ciutadania\/#article","isPartOf":{"@id":"https:\/\/radiolitoral.com\/2024\/08\/teulada-inicia-un-proces-participatiu-per-coneixer-les-necessitats-i-desitjos-de-la-ciutadania\/"},"author":{"name":"Redacci\u00f3n","@id":"https:\/\/radiolitoral.com\/#\/schema\/person\/96b739642eb3bedb532aac3812d23307"},"headline":"Teulada inicia un proc\u00e9s participatiu per con\u00e9ixer les necessitats i desitjos de la ciutadania","datePublished":"2024-08-29T17:11:34+00:00","mainEntityOfPage":{"@id":"https:\/\/radiolitoral.com\/2024\/08\/teulada-inicia-un-proces-participatiu-per-coneixer-les-necessitats-i-desitjos-de-la-ciutadania\/"},"wordCount":360,"commentCount":0,"publisher":{"@id":"https:\/\/radiolitoral.com\/#organization"},"image":{"@id":"https:\/\/radiolitoral.com\/2024\/08\/teulada-inicia-un-proces-participatiu-per-coneixer-les-necessitats-i-desitjos-de-la-ciutadania\/#primaryimage"},"thumbnailUrl":"https:\/\/media.radiolitoral.com\/wp-content\/uploads\/2023\/05\/12173656\/Teulada-Moraira.jpeg","keywords":["encuesta","presupuestos participativos"],"articleSection":["Sociedad"],"inLanguage":"ca","potentialAction":[{"@type":"CommentAction","name":"Comment","target":["https:\/\/radiolitoral.com\/2024\/08\/teulada-inicia-un-proces-participatiu-per-coneixer-les-necessitats-i-desitjos-de-la-ciutadania\/#respond"]}]},{"@type":["WebPage","ItemPage"],"@id":"https:\/\/radiolitoral.com\/2024\/08\/teulada-inicia-un-proces-participatiu-per-coneixer-les-necessitats-i-desitjos-de-la-ciutadania\/","url":"https:\/\/radiolitoral.com\/2024\/08\/teulada-inicia-un-proces-participatiu-per-coneixer-les-necessitats-i-desitjos-de-la-ciutadania\/","name":"Teulada inicia un proc\u00e9s participatiu per con\u00e8ixer les necessitats i desitjos de la ciutadania | R\u00e0dio Litoral","isPartOf":{"@id":"https:\/\/radiolitoral.com\/#website"},"primaryImageOfPage":{"@id":"https:\/\/radiolitoral.com\/2024\/08\/teulada-inicia-un-proces-participatiu-per-coneixer-les-necessitats-i-desitjos-de-la-ciutadania\/#primaryimage"},"image":{"@id":"https:\/\/radiolitoral.com\/2024\/08\/teulada-inicia-un-proces-participatiu-per-coneixer-les-necessitats-i-desitjos-de-la-ciutadania\/#primaryimage"},"thumbnailUrl":"https:\/\/media.radiolitoral.com\/wp-content\/uploads\/2023\/05\/12173656\/Teulada-Moraira.jpeg","datePublished":"2024-08-29T17:11:34+00:00","description":"Podeu trobar una encuesta disponible a la web municipal ia les xarxes socials","breadcrumb":{"@id":"https:\/\/radiolitoral.com\/2024\/08\/teulada-inicia-un-proces-participatiu-per-coneixer-les-necessitats-i-desitjos-de-la-ciutadania\/#breadcrumb"},"inLanguage":"ca","potentialAction":[{"@type":"ReadAction","target":["https:\/\/radiolitoral.com\/2024\/08\/teulada-inicia-un-proces-participatiu-per-coneixer-les-necessitats-i-desitjos-de-la-ciutadania\/"]}]},{"@type":"ImageObject","inLanguage":"ca","@id":"https:\/\/radiolitoral.com\/2024\/08\/teulada-inicia-un-proces-participatiu-per-coneixer-les-necessitats-i-desitjos-de-la-ciutadania\/#primaryimage","url":"https:\/\/media.radiolitoral.com\/wp-content\/uploads\/2023\/05\/12173656\/Teulada-Moraira.jpeg","contentUrl":"https:\/\/media.radiolitoral.com\/wp-content\/uploads\/2023\/05\/12173656\/Teulada-Moraira.jpeg","width":1024,"height":576},{"@type":"BreadcrumbList","@id":"https:\/\/radiolitoral.com\/2024\/08\/teulada-inicia-un-proces-participatiu-per-coneixer-les-necessitats-i-desitjos-de-la-ciutadania\/#breadcrumb","itemListElement":[{"@type":"ListItem","position":1,"name":"Portada","item":"https:\/\/radiolitoral.com\/"},{"@type":"ListItem","position":2,"name":"Teulada inicia un proc\u00e9s participatiu per con\u00e9ixer les necessitats i desitjos de la ciutadania"}]},{"@type":"WebSite","@id":"https:\/\/radiolitoral.com\/#website","url":"https:\/\/radiolitoral.com\/","name":"R\u00e0dio Litoral","description":"La r\u00e0dio local de la Marina Alta","publisher":{"@id":"https:\/\/radiolitoral.com\/#organization"},"alternateName":"Litoral FM","potentialAction":[{"@type":"SearchAction","target":{"@type":"EntryPoint","urlTemplate":"https:\/\/radiolitoral.com\/?s={search_term_string}"},"query-input":{"@type":"PropertyValueSpecification","valueRequired":true,"valueName":"search_term_string"}}],"inLanguage":"ca"},{"@type":"Organization","@id":"https:\/\/radiolitoral.com\/#organization","name":"R\u00e0dio Litoral","url":"https:\/\/radiolitoral.com\/","logo":{"@type":"ImageObject","inLanguage":"ca","@id":"https:\/\/radiolitoral.com\/#\/schema\/logo\/image\/","url":"https:\/\/media.radiolitoral.com\/wp-content\/uploads\/2023\/02\/24143238\/CL-V-RadioLitoral696.png","contentUrl":"https:\/\/media.radiolitoral.com\/wp-content\/uploads\/2023\/02\/24143238\/CL-V-RadioLitoral696.png","width":696,"height":696,"caption":"Radio Litoral"},"image":{"@id":"https:\/\/radiolitoral.com\/#\/schema\/logo\/image\/"},"sameAs":["https:\/\/www.facebook.com\/Laradiolitoral\/"]},{"@type":"Person","@id":"https:\/\/radiolitoral.com\/#\/schema\/person\/96b739642eb3bedb532aac3812d23307","name":"Redacci\u00f3","image":{"@type":"ImageObject","inLanguage":"ca","@id":"https:\/\/secure.gravatar.com\/avatar\/30cd06129ee90411dd9c7cbdcf17464181d1a3c7b072e92070ea75a25cf0097e?s=96&d=mm&r=g","url":"https:\/\/secure.gravatar.com\/avatar\/30cd06129ee90411dd9c7cbdcf17464181d1a3c7b072e92070ea75a25cf0097e?s=96&d=mm&r=g","contentUrl":"https:\/\/secure.gravatar.com\/avatar\/30cd06129ee90411dd9c7cbdcf17464181d1a3c7b072e92070ea75a25cf0097e?s=96&d=mm&r=g","caption":"Redacci\u00f3n"},"url":"https:\/\/radiolitoral.com\/ca\/author\/kevin-carrio\/"}]}},"_links":{"self":[{"href":"https:\/\/radiolitoral.com\/ca\/wp-json\/wp\/v2\/posts\/10893","targetHints":{"allow":["GET"]}}],"collection":[{"href":"https:\/\/radiolitoral.com\/ca\/wp-json\/wp\/v2\/posts"}],"about":[{"href":"https:\/\/radiolitoral.com\/ca\/wp-json\/wp\/v2\/types\/post"}],"author":[{"embeddable":true,"href":"https:\/\/radiolitoral.com\/ca\/wp-json\/wp\/v2\/users\/14"}],"replies":[{"embeddable":true,"href":"https:\/\/radiolitoral.com\/ca\/wp-json\/wp\/v2\/comments?post=10893"}],"version-history":[{"count":1,"href":"https:\/\/radiolitoral.com\/ca\/wp-json\/wp\/v2\/posts\/10893\/revisions"}],"predecessor-version":[{"id":10894,"href":"https:\/\/radiolitoral.com\/ca\/wp-json\/wp\/v2\/posts\/10893\/revisions\/10894"}],"wp:featuredmedia":[{"embeddable":true,"href":"https:\/\/radiolitoral.com\/ca\/wp-json\/wp\/v2\/media\/3050"}],"wp:attachment":[{"href":"https:\/\/radiolitoral.com\/ca\/wp-json\/wp\/v2\/media?parent=10893"}],"wp:term":[{"taxonomy":"category","embeddable":true,"href":"https:\/\/radiolitoral.com\/ca\/wp-json\/wp\/v2\/categories?post=10893"},{"taxonomy":"post_tag","embeddable":true,"href":"https:\/\/radiolitoral.com\/ca\/wp-json\/wp\/v2\/tags?post=10893"}],"curies":[{"name":"wp","href":"https:\/\/api.w.org\/{rel}","templated":true}]}}