{"id":10887,"date":"2024-08-29T17:04:13","date_gmt":"2024-08-29T15:04:13","guid":{"rendered":"https:\/\/radiolitoral.com\/?p=10887"},"modified":"2024-08-29T17:04:13","modified_gmt":"2024-08-29T15:04:13","slug":"simulacre-de-salvament-a-la-platja-de-larenal-bol-a-calp","status":"publish","type":"post","link":"https:\/\/radiolitoral.com\/ca\/2024\/08\/simulacre-de-salvament-a-la-platja-de-larenal-bol-en-calp\/","title":{"rendered":"Simulacre de salvament a la Platja de l&#039;Arenal-Bol a Calp"},"content":{"rendered":"<p>El<strong> servei de salvament<\/strong> de les platges de Calp, a c\u00e0rrec de l&#039;empresa Eulen, ha fet aquesta mat\u00ed <strong>un simulacre de rescat a la platja de l&#039;Arenal-Bol<\/strong>. Aquest exercici ha consistit al salvament d&#039;un nedador situat a uns 200 metres de la costa. Un socorrista present a la platja ha prestat l&#039;assist\u00e8ncia inicial, mentre que una embarcaci\u00f3 de l&#039;empresa s&#039;ha encarregat de traslladar-lo fins a la vora.<\/p>\n<p>El banyista rescatat simulava estar en parada card\u00edaca, per la qual cosa, ja a la platja, se li han aplicat maniobres de reanimaci\u00f3 cardiopulmonar i s&#039;ha utilitzat un desfibril\u00b7lador. Un cop recuperat el pols i estabilitzat, ha estat traslladat amb l&#039;ambul\u00e0ncia de l&#039;empresa fins a l&#039;hospital de D\u00e9nia.<\/p>\n<figure id=\"attachment_10890\" aria-describedby=\"caption-attachment-10890\" style=\"width: 640px\" class=\"wp-caption aligncenter\"><img loading=\"lazy\" decoding=\"async\" class=\"wp-image-10890 size-large\" src=\"https:\/\/media.radiolitoral.com\/wp-content\/uploads\/2024\/08\/29170323\/socorrismo-calp-1-1024x768.jpg\" alt=\"\" width=\"640\" height=\"480\" srcset=\"https:\/\/media.radiolitoral.com\/wp-content\/uploads\/2024\/08\/29170323\/socorrismo-calp-1-1024x768.jpg 1024w, https:\/\/media.radiolitoral.com\/wp-content\/uploads\/2024\/08\/29170323\/socorrismo-calp-1-300x225.jpg 300w, https:\/\/media.radiolitoral.com\/wp-content\/uploads\/2024\/08\/29170323\/socorrismo-calp-1-768x576.jpg 768w, https:\/\/media.radiolitoral.com\/wp-content\/uploads\/2024\/08\/29170323\/socorrismo-calp-1-1536x1152.jpg 1536w, https:\/\/media.radiolitoral.com\/wp-content\/uploads\/2024\/08\/29170323\/socorrismo-calp-1-16x12.jpg 16w, https:\/\/media.radiolitoral.com\/wp-content\/uploads\/2024\/08\/29170323\/socorrismo-calp-1-1000x750.jpg 1000w, https:\/\/media.radiolitoral.com\/wp-content\/uploads\/2024\/08\/29170323\/socorrismo-calp-1-100x75.jpg 100w, https:\/\/media.radiolitoral.com\/wp-content\/uploads\/2024\/08\/29170323\/socorrismo-calp-1-200x150.jpg 200w, https:\/\/media.radiolitoral.com\/wp-content\/uploads\/2024\/08\/29170323\/socorrismo-calp-1.jpg 1600w\" sizes=\"auto, (max-width: 640px) 100vw, 640px\" \/><figcaption id=\"caption-attachment-10890\" class=\"wp-caption-text\">Simulacre de socorrisme | Aj. Calp<\/figcaption><\/figure>\n<p>Al dispositiu hi han participat un patr\u00f3, quatre socorristes, el responsable del lloc, el coordinador i t\u00e8cnics d&#039;emerg\u00e8ncies sanit\u00e0ries, a m\u00e9s de dos agents de la Policia Local i Protecci\u00f3 Civil. L&#039;objectiu d&#039;aquestes pr\u00e0ctiques \u00e9s controlar els temps de resposta al rescat i garantir una coordinaci\u00f3 \u00f2ptima entre els diferents socorristes, assegurant aix\u00ed un servei eficient. A m\u00e9s, aquests simulacres anuals s\u00f3n un requisit necessari per mantenir la distinci\u00f3 de la Bandera Blava. Molts turistes han seguit el simulacre i, en acabar, han aplaudit la professionalitat dels socorristes.<\/p>","protected":false},"excerpt":{"rendered":"<p>El servei de salvament de les platges de Calp, a c\u00e0rrec de l&#8217;empresa Eulen, ha dut a terme aquest mat\u00ed un simulacre de rescat a la platja de l&#8217;Arenal-Bol. Aquest exercici ha consistit en el salvament d&#8217;un nadador situat a uns 200 metres de la costa. Un socorrista present a la platja ha prestat l&#8217;assist\u00e8ncia [&#8230;]<\/p>\n<p><a class=\"btn btn-secondary understrap-read-more-link\" href=\"https:\/\/radiolitoral.com\/ca\/2024\/08\/simulacre-de-salvament-a-la-platja-de-larenal-bol-en-calp\/\">Continua llegint&#8230;<span class=\"screen-reader-text\"> from Simulacre de salvament a la Platja de l&#8217;Arenal-Bol en Calp<\/span><\/a><\/p>\n","protected":false},"author":14,"featured_media":10889,"comment_status":"open","ping_status":"closed","sticky":false,"template":"","format":"standard","meta":{"_acf_changed":false,"inline_featured_image":false,"footnotes":""},"categories":[46],"tags":[122,1170,2088,1157],"class_list":["post-10887","post","type-post","status-publish","format-standard","has-post-thumbnail","hentry","category-sociedad","tag-calp","tag-rescate","tag-simulacro","tag-socorrismo","cobertura-calp"],"acf":[],"yoast_head":"<!-- This site is optimized with the Yoast SEO plugin v27.5 - https:\/\/yoast.com\/product\/yoast-seo-wordpress\/ -->\n<title>Simulacre de salvament a la Platja de l&#039;Arenal-Bol en Calp | R\u00e0dio Litoral<\/title>\n<meta name=\"description\" content=\"El objectiu era millorar la coordinaci\u00f3 dels socorristes\" \/>\n<meta name=\"robots\" content=\"index, follow, max-snippet:-1, max-image-preview:large, max-video-preview:-1\" \/>\n<link rel=\"canonical\" href=\"https:\/\/radiolitoral.com\/ca\/2024\/08\/simulacre-de-salvament-a-la-platja-de-larenal-bol-a-calp\/\" \/>\n<meta property=\"og:locale\" content=\"ca_ES\" \/>\n<meta property=\"og:type\" content=\"article\" \/>\n<meta property=\"og:title\" content=\"Simulacre de salvament a la Platja de l&#039;Arenal-Bol en Calp | R\u00e0dio Litoral\" \/>\n<meta property=\"og:description\" content=\"El objectiu era millorar la coordinaci\u00f3 dels socorristes\" \/>\n<meta property=\"og:url\" content=\"https:\/\/radiolitoral.com\/ca\/2024\/08\/simulacre-de-salvament-a-la-platja-de-larenal-bol-a-calp\/\" \/>\n<meta property=\"og:site_name\" content=\"R\u00e0dio Litoral\" \/>\n<meta property=\"article:publisher\" content=\"https:\/\/www.facebook.com\/Laradiolitoral\/\" \/>\n<meta property=\"article:published_time\" content=\"2024-08-29T15:04:13+00:00\" \/>\n<meta property=\"og:image\" content=\"https:\/\/media.radiolitoral.com\/wp-content\/uploads\/2024\/08\/29170319\/socorrismo-calp-3.jpg\" \/>\n\t<meta property=\"og:image:width\" content=\"1600\" \/>\n\t<meta property=\"og:image:height\" content=\"1200\" \/>\n\t<meta property=\"og:image:type\" content=\"image\/jpeg\" \/>\n<meta name=\"author\" content=\"Redacci\u00f3n\" \/>\n<meta name=\"twitter:card\" content=\"summary_large_image\" \/>\n<meta name=\"twitter:label1\" content=\"Escrit per\" \/>\n\t<meta name=\"twitter:data1\" content=\"Redacci\u00f3n\" \/>\n\t<meta name=\"twitter:label2\" content=\"Temps estimat de lectura\" \/>\n\t<meta name=\"twitter:data2\" content=\"2 minuts\" \/>\n<script type=\"application\/ld+json\" class=\"yoast-schema-graph\">{\"@context\":\"https:\\\/\\\/schema.org\",\"@graph\":[{\"@type\":\"NewsArticle\",\"@id\":\"https:\\\/\\\/radiolitoral.com\\\/2024\\\/08\\\/simulacre-de-salvament-a-la-platja-de-larenal-bol-en-calp\\\/#article\",\"isPartOf\":{\"@id\":\"https:\\\/\\\/radiolitoral.com\\\/2024\\\/08\\\/simulacre-de-salvament-a-la-platja-de-larenal-bol-en-calp\\\/\"},\"author\":{\"name\":\"Redacci\u00f3n\",\"@id\":\"https:\\\/\\\/radiolitoral.com\\\/#\\\/schema\\\/person\\\/96b739642eb3bedb532aac3812d23307\"},\"headline\":\"Simulacre de salvament a la Platja de l&#8217;Arenal-Bol en Calp\",\"datePublished\":\"2024-08-29T15:04:13+00:00\",\"mainEntityOfPage\":{\"@id\":\"https:\\\/\\\/radiolitoral.com\\\/2024\\\/08\\\/simulacre-de-salvament-a-la-platja-de-larenal-bol-en-calp\\\/\"},\"wordCount\":255,\"commentCount\":0,\"publisher\":{\"@id\":\"https:\\\/\\\/radiolitoral.com\\\/#organization\"},\"image\":{\"@id\":\"https:\\\/\\\/radiolitoral.com\\\/2024\\\/08\\\/simulacre-de-salvament-a-la-platja-de-larenal-bol-en-calp\\\/#primaryimage\"},\"thumbnailUrl\":\"https:\\\/\\\/media.radiolitoral.com\\\/wp-content\\\/uploads\\\/2024\\\/08\\\/29170319\\\/socorrismo-calp-3.jpg\",\"keywords\":[\"Calp\",\"rescate\",\"simulacro\",\"Socorrismo\"],\"articleSection\":[\"Sociedad\"],\"inLanguage\":\"ca\",\"potentialAction\":[{\"@type\":\"CommentAction\",\"name\":\"Comment\",\"target\":[\"https:\\\/\\\/radiolitoral.com\\\/2024\\\/08\\\/simulacre-de-salvament-a-la-platja-de-larenal-bol-en-calp\\\/#respond\"]}]},{\"@type\":[\"WebPage\",\"ItemPage\"],\"@id\":\"https:\\\/\\\/radiolitoral.com\\\/2024\\\/08\\\/simulacre-de-salvament-a-la-platja-de-larenal-bol-en-calp\\\/\",\"url\":\"https:\\\/\\\/radiolitoral.com\\\/2024\\\/08\\\/simulacre-de-salvament-a-la-platja-de-larenal-bol-en-calp\\\/\",\"name\":\"Simulacre de salvament a la Platja de l'Arenal-Bol en Calp | R\u00e0dio Litoral\",\"isPartOf\":{\"@id\":\"https:\\\/\\\/radiolitoral.com\\\/#website\"},\"primaryImageOfPage\":{\"@id\":\"https:\\\/\\\/radiolitoral.com\\\/2024\\\/08\\\/simulacre-de-salvament-a-la-platja-de-larenal-bol-en-calp\\\/#primaryimage\"},\"image\":{\"@id\":\"https:\\\/\\\/radiolitoral.com\\\/2024\\\/08\\\/simulacre-de-salvament-a-la-platja-de-larenal-bol-en-calp\\\/#primaryimage\"},\"thumbnailUrl\":\"https:\\\/\\\/media.radiolitoral.com\\\/wp-content\\\/uploads\\\/2024\\\/08\\\/29170319\\\/socorrismo-calp-3.jpg\",\"datePublished\":\"2024-08-29T15:04:13+00:00\",\"description\":\"El objectiu era millorar la coordinaci\u00f3 dels socorristes\",\"breadcrumb\":{\"@id\":\"https:\\\/\\\/radiolitoral.com\\\/2024\\\/08\\\/simulacre-de-salvament-a-la-platja-de-larenal-bol-en-calp\\\/#breadcrumb\"},\"inLanguage\":\"ca\",\"potentialAction\":[{\"@type\":\"ReadAction\",\"target\":[\"https:\\\/\\\/radiolitoral.com\\\/2024\\\/08\\\/simulacre-de-salvament-a-la-platja-de-larenal-bol-en-calp\\\/\"]}]},{\"@type\":\"ImageObject\",\"inLanguage\":\"ca\",\"@id\":\"https:\\\/\\\/radiolitoral.com\\\/2024\\\/08\\\/simulacre-de-salvament-a-la-platja-de-larenal-bol-en-calp\\\/#primaryimage\",\"url\":\"https:\\\/\\\/media.radiolitoral.com\\\/wp-content\\\/uploads\\\/2024\\\/08\\\/29170319\\\/socorrismo-calp-3.jpg\",\"contentUrl\":\"https:\\\/\\\/media.radiolitoral.com\\\/wp-content\\\/uploads\\\/2024\\\/08\\\/29170319\\\/socorrismo-calp-3.jpg\",\"width\":1600,\"height\":1200},{\"@type\":\"BreadcrumbList\",\"@id\":\"https:\\\/\\\/radiolitoral.com\\\/2024\\\/08\\\/simulacre-de-salvament-a-la-platja-de-larenal-bol-en-calp\\\/#breadcrumb\",\"itemListElement\":[{\"@type\":\"ListItem\",\"position\":1,\"name\":\"Portada\",\"item\":\"https:\\\/\\\/radiolitoral.com\\\/\"},{\"@type\":\"ListItem\",\"position\":2,\"name\":\"Simulacre de salvament a la Platja de l&#8217;Arenal-Bol en Calp\"}]},{\"@type\":\"WebSite\",\"@id\":\"https:\\\/\\\/radiolitoral.com\\\/#website\",\"url\":\"https:\\\/\\\/radiolitoral.com\\\/\",\"name\":\"Radio Litoral\",\"description\":\"La radio local de la Marina Alta\",\"publisher\":{\"@id\":\"https:\\\/\\\/radiolitoral.com\\\/#organization\"},\"alternateName\":\"Litoral FM\",\"potentialAction\":[{\"@type\":\"SearchAction\",\"target\":{\"@type\":\"EntryPoint\",\"urlTemplate\":\"https:\\\/\\\/radiolitoral.com\\\/?s={search_term_string}\"},\"query-input\":{\"@type\":\"PropertyValueSpecification\",\"valueRequired\":true,\"valueName\":\"search_term_string\"}}],\"inLanguage\":\"ca\"},{\"@type\":\"Organization\",\"@id\":\"https:\\\/\\\/radiolitoral.com\\\/#organization\",\"name\":\"Radio Litoral\",\"url\":\"https:\\\/\\\/radiolitoral.com\\\/\",\"logo\":{\"@type\":\"ImageObject\",\"inLanguage\":\"ca\",\"@id\":\"https:\\\/\\\/radiolitoral.com\\\/#\\\/schema\\\/logo\\\/image\\\/\",\"url\":\"https:\\\/\\\/media.radiolitoral.com\\\/wp-content\\\/uploads\\\/2023\\\/02\\\/24143238\\\/CL-V-RadioLitoral696.png\",\"contentUrl\":\"https:\\\/\\\/media.radiolitoral.com\\\/wp-content\\\/uploads\\\/2023\\\/02\\\/24143238\\\/CL-V-RadioLitoral696.png\",\"width\":696,\"height\":696,\"caption\":\"Radio Litoral\"},\"image\":{\"@id\":\"https:\\\/\\\/radiolitoral.com\\\/#\\\/schema\\\/logo\\\/image\\\/\"},\"sameAs\":[\"https:\\\/\\\/www.facebook.com\\\/Laradiolitoral\\\/\"]},{\"@type\":\"Person\",\"@id\":\"https:\\\/\\\/radiolitoral.com\\\/#\\\/schema\\\/person\\\/96b739642eb3bedb532aac3812d23307\",\"name\":\"Redacci\u00f3n\",\"image\":{\"@type\":\"ImageObject\",\"inLanguage\":\"ca\",\"@id\":\"https:\\\/\\\/secure.gravatar.com\\\/avatar\\\/30cd06129ee90411dd9c7cbdcf17464181d1a3c7b072e92070ea75a25cf0097e?s=96&d=mm&r=g\",\"url\":\"https:\\\/\\\/secure.gravatar.com\\\/avatar\\\/30cd06129ee90411dd9c7cbdcf17464181d1a3c7b072e92070ea75a25cf0097e?s=96&d=mm&r=g\",\"contentUrl\":\"https:\\\/\\\/secure.gravatar.com\\\/avatar\\\/30cd06129ee90411dd9c7cbdcf17464181d1a3c7b072e92070ea75a25cf0097e?s=96&d=mm&r=g\",\"caption\":\"Redacci\u00f3n\"},\"url\":\"https:\\\/\\\/radiolitoral.com\\\/ca\\\/author\\\/kevin-carrio\\\/\"}]}<\/script>\n<!-- \/ Yoast SEO plugin. -->","yoast_head_json":{"title":"Simulacre de salvament a la Platja de l&#039;Arenal-Bol a Calp | R\u00e0dio Litoral","description":"L&#039;objectiu era millorar la coordinaci\u00f3 dels socorristes","robots":{"index":"index","follow":"follow","max-snippet":"max-snippet:-1","max-image-preview":"max-image-preview:large","max-video-preview":"max-video-preview:-1"},"canonical":"https:\/\/radiolitoral.com\/ca\/2024\/08\/simulacre-de-salvament-a-la-platja-de-larenal-bol-a-calp\/","og_locale":"ca_ES","og_type":"article","og_title":"Simulacre de salvament a la Platja de l'Arenal-Bol en Calp | R\u00e0dio Litoral","og_description":"El objectiu era millorar la coordinaci\u00f3 dels socorristes","og_url":"https:\/\/radiolitoral.com\/ca\/2024\/08\/simulacre-de-salvament-a-la-platja-de-larenal-bol-a-calp\/","og_site_name":"R\u00e0dio Litoral","article_publisher":"https:\/\/www.facebook.com\/Laradiolitoral\/","article_published_time":"2024-08-29T15:04:13+00:00","og_image":[{"width":1600,"height":1200,"url":"https:\/\/media.radiolitoral.com\/wp-content\/uploads\/2024\/08\/29170319\/socorrismo-calp-3.jpg","type":"image\/jpeg"}],"author":"Redacci\u00f3n","twitter_card":"summary_large_image","twitter_misc":{"Escrit per":"Redacci\u00f3n","Temps estimat de lectura":"2 minuts"},"schema":{"@context":"https:\/\/schema.org","@graph":[{"@type":"NewsArticle","@id":"https:\/\/radiolitoral.com\/2024\/08\/simulacre-de-salvament-a-la-platja-de-larenal-bol-en-calp\/#article","isPartOf":{"@id":"https:\/\/radiolitoral.com\/2024\/08\/simulacre-de-salvament-a-la-platja-de-larenal-bol-en-calp\/"},"author":{"name":"Redacci\u00f3n","@id":"https:\/\/radiolitoral.com\/#\/schema\/person\/96b739642eb3bedb532aac3812d23307"},"headline":"Simulacre de salvament a la Platja de l&#8217;Arenal-Bol en Calp","datePublished":"2024-08-29T15:04:13+00:00","mainEntityOfPage":{"@id":"https:\/\/radiolitoral.com\/2024\/08\/simulacre-de-salvament-a-la-platja-de-larenal-bol-en-calp\/"},"wordCount":255,"commentCount":0,"publisher":{"@id":"https:\/\/radiolitoral.com\/#organization"},"image":{"@id":"https:\/\/radiolitoral.com\/2024\/08\/simulacre-de-salvament-a-la-platja-de-larenal-bol-en-calp\/#primaryimage"},"thumbnailUrl":"https:\/\/media.radiolitoral.com\/wp-content\/uploads\/2024\/08\/29170319\/socorrismo-calp-3.jpg","keywords":["Calp","rescate","simulacro","Socorrismo"],"articleSection":["Sociedad"],"inLanguage":"ca","potentialAction":[{"@type":"CommentAction","name":"Comment","target":["https:\/\/radiolitoral.com\/2024\/08\/simulacre-de-salvament-a-la-platja-de-larenal-bol-en-calp\/#respond"]}]},{"@type":["WebPage","ItemPage"],"@id":"https:\/\/radiolitoral.com\/2024\/08\/simulacre-de-salvament-a-la-platja-de-larenal-bol-en-calp\/","url":"https:\/\/radiolitoral.com\/2024\/08\/simulacre-de-salvament-a-la-platja-de-larenal-bol-en-calp\/","name":"Simulacre de salvament a la Platja de l&#039;Arenal-Bol a Calp | R\u00e0dio Litoral","isPartOf":{"@id":"https:\/\/radiolitoral.com\/#website"},"primaryImageOfPage":{"@id":"https:\/\/radiolitoral.com\/2024\/08\/simulacre-de-salvament-a-la-platja-de-larenal-bol-en-calp\/#primaryimage"},"image":{"@id":"https:\/\/radiolitoral.com\/2024\/08\/simulacre-de-salvament-a-la-platja-de-larenal-bol-en-calp\/#primaryimage"},"thumbnailUrl":"https:\/\/media.radiolitoral.com\/wp-content\/uploads\/2024\/08\/29170319\/socorrismo-calp-3.jpg","datePublished":"2024-08-29T15:04:13+00:00","description":"L&#039;objectiu era millorar la coordinaci\u00f3 dels socorristes","breadcrumb":{"@id":"https:\/\/radiolitoral.com\/2024\/08\/simulacre-de-salvament-a-la-platja-de-larenal-bol-en-calp\/#breadcrumb"},"inLanguage":"ca","potentialAction":[{"@type":"ReadAction","target":["https:\/\/radiolitoral.com\/2024\/08\/simulacre-de-salvament-a-la-platja-de-larenal-bol-en-calp\/"]}]},{"@type":"ImageObject","inLanguage":"ca","@id":"https:\/\/radiolitoral.com\/2024\/08\/simulacre-de-salvament-a-la-platja-de-larenal-bol-en-calp\/#primaryimage","url":"https:\/\/media.radiolitoral.com\/wp-content\/uploads\/2024\/08\/29170319\/socorrismo-calp-3.jpg","contentUrl":"https:\/\/media.radiolitoral.com\/wp-content\/uploads\/2024\/08\/29170319\/socorrismo-calp-3.jpg","width":1600,"height":1200},{"@type":"BreadcrumbList","@id":"https:\/\/radiolitoral.com\/2024\/08\/simulacre-de-salvament-a-la-platja-de-larenal-bol-en-calp\/#breadcrumb","itemListElement":[{"@type":"ListItem","position":1,"name":"Portada","item":"https:\/\/radiolitoral.com\/"},{"@type":"ListItem","position":2,"name":"Simulacre de salvament a la Platja de l&#8217;Arenal-Bol en Calp"}]},{"@type":"WebSite","@id":"https:\/\/radiolitoral.com\/#website","url":"https:\/\/radiolitoral.com\/","name":"R\u00e0dio Litoral","description":"La r\u00e0dio local de la Marina Alta","publisher":{"@id":"https:\/\/radiolitoral.com\/#organization"},"alternateName":"Litoral FM","potentialAction":[{"@type":"SearchAction","target":{"@type":"EntryPoint","urlTemplate":"https:\/\/radiolitoral.com\/?s={search_term_string}"},"query-input":{"@type":"PropertyValueSpecification","valueRequired":true,"valueName":"search_term_string"}}],"inLanguage":"ca"},{"@type":"Organization","@id":"https:\/\/radiolitoral.com\/#organization","name":"R\u00e0dio Litoral","url":"https:\/\/radiolitoral.com\/","logo":{"@type":"ImageObject","inLanguage":"ca","@id":"https:\/\/radiolitoral.com\/#\/schema\/logo\/image\/","url":"https:\/\/media.radiolitoral.com\/wp-content\/uploads\/2023\/02\/24143238\/CL-V-RadioLitoral696.png","contentUrl":"https:\/\/media.radiolitoral.com\/wp-content\/uploads\/2023\/02\/24143238\/CL-V-RadioLitoral696.png","width":696,"height":696,"caption":"Radio Litoral"},"image":{"@id":"https:\/\/radiolitoral.com\/#\/schema\/logo\/image\/"},"sameAs":["https:\/\/www.facebook.com\/Laradiolitoral\/"]},{"@type":"Person","@id":"https:\/\/radiolitoral.com\/#\/schema\/person\/96b739642eb3bedb532aac3812d23307","name":"Redacci\u00f3","image":{"@type":"ImageObject","inLanguage":"ca","@id":"https:\/\/secure.gravatar.com\/avatar\/30cd06129ee90411dd9c7cbdcf17464181d1a3c7b072e92070ea75a25cf0097e?s=96&d=mm&r=g","url":"https:\/\/secure.gravatar.com\/avatar\/30cd06129ee90411dd9c7cbdcf17464181d1a3c7b072e92070ea75a25cf0097e?s=96&d=mm&r=g","contentUrl":"https:\/\/secure.gravatar.com\/avatar\/30cd06129ee90411dd9c7cbdcf17464181d1a3c7b072e92070ea75a25cf0097e?s=96&d=mm&r=g","caption":"Redacci\u00f3n"},"url":"https:\/\/radiolitoral.com\/ca\/author\/kevin-carrio\/"}]}},"_links":{"self":[{"href":"https:\/\/radiolitoral.com\/ca\/wp-json\/wp\/v2\/posts\/10887","targetHints":{"allow":["GET"]}}],"collection":[{"href":"https:\/\/radiolitoral.com\/ca\/wp-json\/wp\/v2\/posts"}],"about":[{"href":"https:\/\/radiolitoral.com\/ca\/wp-json\/wp\/v2\/types\/post"}],"author":[{"embeddable":true,"href":"https:\/\/radiolitoral.com\/ca\/wp-json\/wp\/v2\/users\/14"}],"replies":[{"embeddable":true,"href":"https:\/\/radiolitoral.com\/ca\/wp-json\/wp\/v2\/comments?post=10887"}],"version-history":[{"count":1,"href":"https:\/\/radiolitoral.com\/ca\/wp-json\/wp\/v2\/posts\/10887\/revisions"}],"predecessor-version":[{"id":10891,"href":"https:\/\/radiolitoral.com\/ca\/wp-json\/wp\/v2\/posts\/10887\/revisions\/10891"}],"wp:featuredmedia":[{"embeddable":true,"href":"https:\/\/radiolitoral.com\/ca\/wp-json\/wp\/v2\/media\/10889"}],"wp:attachment":[{"href":"https:\/\/radiolitoral.com\/ca\/wp-json\/wp\/v2\/media?parent=10887"}],"wp:term":[{"taxonomy":"category","embeddable":true,"href":"https:\/\/radiolitoral.com\/ca\/wp-json\/wp\/v2\/categories?post=10887"},{"taxonomy":"post_tag","embeddable":true,"href":"https:\/\/radiolitoral.com\/ca\/wp-json\/wp\/v2\/tags?post=10887"}],"curies":[{"name":"wp","href":"https:\/\/api.w.org\/{rel}","templated":true}]}}