{"id":10883,"date":"2024-08-30T10:18:06","date_gmt":"2024-08-30T08:18:06","guid":{"rendered":"https:\/\/radiolitoral.com\/?p=10883"},"modified":"2024-08-30T10:18:06","modified_gmt":"2024-08-30T08:18:06","slug":"a-dalt-la-nostra-copa-de-futbol","status":"publish","type":"post","link":"https:\/\/radiolitoral.com\/ca\/2024\/08\/arriba-la-nostra-copa-de-futbol\/","title":{"rendered":"Amunt nostra Copa de futbol"},"content":{"rendered":"<p>La primera competici\u00f3 oficial de futbol organitzada per la <strong>Federaci\u00f3 de Futbol de la Comunitat Valenciana<\/strong> s&#039;inicia aquest cap de setmana. En aquesta primera ronda hi participin 284 equips de la Primera, Segona i Tercera\u00a0<span class=\"hiddenSpellError\">FFCV<\/span>, mentre que quedin exempts els de la Lliga Comunitat. Pel que fa als equips de la comarca de la Marina Alta, significar que el <strong>CD\u00a0<span class=\"hiddenSpellError\">X\u00e0bia<\/span>, CE Pedreguer<\/strong> i <strong>CF\u00a0<span class=\"hiddenSpellError\">Benitachell<\/span><\/strong>, han optat per renunciar a participar-hi.<\/p>\n<p>A la primera eliminat\u00f2ria el sorteig va oferir diferent sort per a les formacions comarcals. El primer dels equips que entrar\u00e0 a lli\u00e7a \u00e9s el <strong>FB Teulada-Moraira<\/strong> que entrena Cap, que es despla\u00e7ar\u00e0 a Mutxamel per jugar davant el <strong><span class=\"hiddenSpellError\">Monnegre<\/span><\/strong> aquest <strong>dissabte a les 19.30 hores<\/strong>.<\/p>\n<p>Per a la jornada del <strong>diumenge<\/strong> es jugaran els seg\u00fcents partits,\u00a0<strong><span class=\"hiddenSpellError\">Ondarense<\/span>-Gorgos<\/strong> al camp\u00a0<span class=\"hiddenSpellError\">Vicente<\/span>\u00a0<span class=\"hiddenSpellError\">Saragossa<\/span>\u00a0a les <strong>11 hores<\/strong>. Al camp municipal del Verger jugaran a les <strong>19 hores<\/strong>, <strong>CE El Verger<\/strong> i la\u00a0<strong><span class=\"hiddenSpellError\">UD<\/span>\u00a0Benissa<\/strong>. A aquesta mateixa hora el <strong>Beniarbeig CF<\/strong> rep al <strong>Pego CF<\/strong> i la <strong><span class=\"hiddenSpellError\">UD<\/span>\u00a0Oliva<\/strong> \u00e9s mesurar\u00e0 al <strong>CF Orba<\/strong> al camp \u201cEl Morer\u201d a les <strong>19.15 hores<\/strong>.<\/p>","protected":false},"excerpt":{"rendered":"<p>La primera competici\u00f3 oficial de futbol organitzada per la Federaci\u00f3 de Futbol de la Comunitat Valenciana s&#8217;inicia este cap de setmana. En esta primera ronda participen 284 equips de la Primera, Segona i Tercera\u00a0FFCV, mentre que queden exempts els de la Lliga Comunitat. Respecte als equips de la comarca de la Marina Alta, significar que [&#8230;]<\/p>\n<p><a class=\"btn btn-secondary understrap-read-more-link\" href=\"https:\/\/radiolitoral.com\/ca\/2024\/08\/arriba-la-nostra-copa-de-futbol\/\">Continua llegint&#8230;<span class=\"screen-reader-text\"> from Arriba la Nostra Copa de futbol<\/span><\/a><\/p>\n","protected":false},"author":12,"featured_media":10884,"comment_status":"open","ping_status":"closed","sticky":false,"template":"","format":"standard","meta":{"_acf_changed":false,"inline_featured_image":false,"footnotes":""},"categories":[5],"tags":[2087,1332,2086,1099,1046,1986,1985,6,1098,1224,1984,1100,1095,1152],"class_list":["post-10883","post","type-post","status-publish","format-standard","has-post-thumbnail","hentry","category-deportes","tag-beniarbeig-cf","tag-cd-javea","tag-ce-el-verger","tag-ce-pedreguer","tag-cf-benitachell","tag-cf-gorgos","tag-cf-orba","tag-deportes","tag-fb-teulada-moraira","tag-federacio-de-futbol-de-la-comunitat-valenciana","tag-pego-cf","tag-ud-benissa","tag-ud-oliva","tag-ud-ondarense","cobertura-marina-alta"],"acf":[],"yoast_head":"<!-- This site is optimized with the Yoast SEO plugin v27.5 - https:\/\/yoast.com\/product\/yoast-seo-wordpress\/ -->\n<title>Arriba la Nostra Copa de futbol | R\u00e0dio Litoral<\/title>\n<meta name=\"description\" content=\"Partits amb alguns derbis comarcals en la primera eliminat\u00f2ria de la competici\u00f3 Partits amb alguns derbis comarcals en la primera eliminat\u00f2ria de la competici\u00f3\" \/>\n<meta name=\"robots\" content=\"index, follow, max-snippet:-1, max-image-preview:large, max-video-preview:-1\" \/>\n<link rel=\"canonical\" href=\"https:\/\/radiolitoral.com\/ca\/2024\/08\/a-dalt-la-nostra-copa-de-futbol\/\" \/>\n<meta property=\"og:locale\" content=\"ca_ES\" \/>\n<meta property=\"og:type\" content=\"article\" \/>\n<meta property=\"og:title\" content=\"Arriba la Nostra Copa de futbol | R\u00e0dio Litoral\" \/>\n<meta property=\"og:description\" content=\"Partits amb alguns derbis comarcals en la primera eliminat\u00f2ria de la competici\u00f3 Partits amb alguns derbis comarcals en la primera eliminat\u00f2ria de la competici\u00f3\" \/>\n<meta property=\"og:url\" content=\"https:\/\/radiolitoral.com\/ca\/2024\/08\/a-dalt-la-nostra-copa-de-futbol\/\" \/>\n<meta property=\"og:site_name\" content=\"R\u00e0dio Litoral\" \/>\n<meta property=\"article:publisher\" content=\"https:\/\/www.facebook.com\/Laradiolitoral\/\" \/>\n<meta property=\"article:published_time\" content=\"2024-08-30T08:18:06+00:00\" \/>\n<meta property=\"og:image\" content=\"https:\/\/media.radiolitoral.com\/wp-content\/uploads\/2024\/08\/29134914\/Jugadores-del-Gorgos-CF-durante-la-pretemporada.jpg\" \/>\n\t<meta property=\"og:image:width\" content=\"912\" \/>\n\t<meta property=\"og:image:height\" content=\"560\" \/>\n\t<meta property=\"og:image:type\" content=\"image\/jpeg\" \/>\n<meta name=\"author\" content=\"Javier Zamora\" \/>\n<meta name=\"twitter:card\" content=\"summary_large_image\" \/>\n<meta name=\"twitter:label1\" content=\"Escrit per\" \/>\n\t<meta name=\"twitter:data1\" content=\"Javier Zamora\" \/>\n\t<meta name=\"twitter:label2\" content=\"Temps estimat de lectura\" \/>\n\t<meta name=\"twitter:data2\" content=\"2 minuts\" \/>\n<script type=\"application\/ld+json\" class=\"yoast-schema-graph\">{\"@context\":\"https:\\\/\\\/schema.org\",\"@graph\":[{\"@type\":\"NewsArticle\",\"@id\":\"https:\\\/\\\/radiolitoral.com\\\/2024\\\/08\\\/arriba-la-nostra-copa-de-futbol\\\/#article\",\"isPartOf\":{\"@id\":\"https:\\\/\\\/radiolitoral.com\\\/2024\\\/08\\\/arriba-la-nostra-copa-de-futbol\\\/\"},\"author\":{\"name\":\"Javier Zamora\",\"@id\":\"https:\\\/\\\/radiolitoral.com\\\/#\\\/schema\\\/person\\\/7b1480b5caeb5acdd4ec6379caf62b22\"},\"headline\":\"Arriba la Nostra Copa de futbol\",\"datePublished\":\"2024-08-30T08:18:06+00:00\",\"mainEntityOfPage\":{\"@id\":\"https:\\\/\\\/radiolitoral.com\\\/2024\\\/08\\\/arriba-la-nostra-copa-de-futbol\\\/\"},\"wordCount\":192,\"commentCount\":0,\"publisher\":{\"@id\":\"https:\\\/\\\/radiolitoral.com\\\/#organization\"},\"image\":{\"@id\":\"https:\\\/\\\/radiolitoral.com\\\/2024\\\/08\\\/arriba-la-nostra-copa-de-futbol\\\/#primaryimage\"},\"thumbnailUrl\":\"https:\\\/\\\/media.radiolitoral.com\\\/wp-content\\\/uploads\\\/2024\\\/08\\\/29134914\\\/Jugadores-del-Gorgos-CF-durante-la-pretemporada.jpg\",\"keywords\":[\"Beniarbeig CF\",\"CD J\u00e1vea\",\"CE\u00a0El\u00a0Verger\",\"CE Pedreguer\",\"CF Benitachell\",\"CF Gorgos\",\"CF Orba\",\"deportes\",\"FB Teulada-Moraira\",\"Federaci\u00f3 de Futbol de la Comunitat Valenciana\",\"Pego CF\",\"UD Benissa\",\"UD Oliva\",\"UD Ondarense\"],\"articleSection\":[\"Deportes\"],\"inLanguage\":\"ca\",\"potentialAction\":[{\"@type\":\"CommentAction\",\"name\":\"Comment\",\"target\":[\"https:\\\/\\\/radiolitoral.com\\\/2024\\\/08\\\/arriba-la-nostra-copa-de-futbol\\\/#respond\"]}]},{\"@type\":[\"WebPage\",\"ItemPage\"],\"@id\":\"https:\\\/\\\/radiolitoral.com\\\/2024\\\/08\\\/arriba-la-nostra-copa-de-futbol\\\/\",\"url\":\"https:\\\/\\\/radiolitoral.com\\\/2024\\\/08\\\/arriba-la-nostra-copa-de-futbol\\\/\",\"name\":\"Arriba la Nostra Copa de futbol | R\u00e0dio Litoral\",\"isPartOf\":{\"@id\":\"https:\\\/\\\/radiolitoral.com\\\/#website\"},\"primaryImageOfPage\":{\"@id\":\"https:\\\/\\\/radiolitoral.com\\\/2024\\\/08\\\/arriba-la-nostra-copa-de-futbol\\\/#primaryimage\"},\"image\":{\"@id\":\"https:\\\/\\\/radiolitoral.com\\\/2024\\\/08\\\/arriba-la-nostra-copa-de-futbol\\\/#primaryimage\"},\"thumbnailUrl\":\"https:\\\/\\\/media.radiolitoral.com\\\/wp-content\\\/uploads\\\/2024\\\/08\\\/29134914\\\/Jugadores-del-Gorgos-CF-durante-la-pretemporada.jpg\",\"datePublished\":\"2024-08-30T08:18:06+00:00\",\"description\":\"Partits amb alguns derbis comarcals en la primera eliminat\u00f2ria de la competici\u00f3 Partits amb alguns derbis comarcals en la primera eliminat\u00f2ria de la competici\u00f3\",\"breadcrumb\":{\"@id\":\"https:\\\/\\\/radiolitoral.com\\\/2024\\\/08\\\/arriba-la-nostra-copa-de-futbol\\\/#breadcrumb\"},\"inLanguage\":\"ca\",\"potentialAction\":[{\"@type\":\"ReadAction\",\"target\":[\"https:\\\/\\\/radiolitoral.com\\\/2024\\\/08\\\/arriba-la-nostra-copa-de-futbol\\\/\"]}]},{\"@type\":\"ImageObject\",\"inLanguage\":\"ca\",\"@id\":\"https:\\\/\\\/radiolitoral.com\\\/2024\\\/08\\\/arriba-la-nostra-copa-de-futbol\\\/#primaryimage\",\"url\":\"https:\\\/\\\/media.radiolitoral.com\\\/wp-content\\\/uploads\\\/2024\\\/08\\\/29134914\\\/Jugadores-del-Gorgos-CF-durante-la-pretemporada.jpg\",\"contentUrl\":\"https:\\\/\\\/media.radiolitoral.com\\\/wp-content\\\/uploads\\\/2024\\\/08\\\/29134914\\\/Jugadores-del-Gorgos-CF-durante-la-pretemporada.jpg\",\"width\":912,\"height\":560},{\"@type\":\"BreadcrumbList\",\"@id\":\"https:\\\/\\\/radiolitoral.com\\\/2024\\\/08\\\/arriba-la-nostra-copa-de-futbol\\\/#breadcrumb\",\"itemListElement\":[{\"@type\":\"ListItem\",\"position\":1,\"name\":\"Portada\",\"item\":\"https:\\\/\\\/radiolitoral.com\\\/\"},{\"@type\":\"ListItem\",\"position\":2,\"name\":\"Arriba la Nostra Copa de futbol\"}]},{\"@type\":\"WebSite\",\"@id\":\"https:\\\/\\\/radiolitoral.com\\\/#website\",\"url\":\"https:\\\/\\\/radiolitoral.com\\\/\",\"name\":\"Radio Litoral\",\"description\":\"La radio local de la Marina Alta\",\"publisher\":{\"@id\":\"https:\\\/\\\/radiolitoral.com\\\/#organization\"},\"alternateName\":\"Litoral FM\",\"potentialAction\":[{\"@type\":\"SearchAction\",\"target\":{\"@type\":\"EntryPoint\",\"urlTemplate\":\"https:\\\/\\\/radiolitoral.com\\\/?s={search_term_string}\"},\"query-input\":{\"@type\":\"PropertyValueSpecification\",\"valueRequired\":true,\"valueName\":\"search_term_string\"}}],\"inLanguage\":\"ca\"},{\"@type\":\"Organization\",\"@id\":\"https:\\\/\\\/radiolitoral.com\\\/#organization\",\"name\":\"Radio Litoral\",\"url\":\"https:\\\/\\\/radiolitoral.com\\\/\",\"logo\":{\"@type\":\"ImageObject\",\"inLanguage\":\"ca\",\"@id\":\"https:\\\/\\\/radiolitoral.com\\\/#\\\/schema\\\/logo\\\/image\\\/\",\"url\":\"https:\\\/\\\/media.radiolitoral.com\\\/wp-content\\\/uploads\\\/2023\\\/02\\\/24143238\\\/CL-V-RadioLitoral696.png\",\"contentUrl\":\"https:\\\/\\\/media.radiolitoral.com\\\/wp-content\\\/uploads\\\/2023\\\/02\\\/24143238\\\/CL-V-RadioLitoral696.png\",\"width\":696,\"height\":696,\"caption\":\"Radio Litoral\"},\"image\":{\"@id\":\"https:\\\/\\\/radiolitoral.com\\\/#\\\/schema\\\/logo\\\/image\\\/\"},\"sameAs\":[\"https:\\\/\\\/www.facebook.com\\\/Laradiolitoral\\\/\"]},{\"@type\":\"Person\",\"@id\":\"https:\\\/\\\/radiolitoral.com\\\/#\\\/schema\\\/person\\\/7b1480b5caeb5acdd4ec6379caf62b22\",\"name\":\"Javier Zamora\",\"image\":{\"@type\":\"ImageObject\",\"inLanguage\":\"ca\",\"@id\":\"https:\\\/\\\/secure.gravatar.com\\\/avatar\\\/467a11f6918c7d619c4043fc6fa2d3853053107973f05b6e9c04ea6c4e3a7b3f?s=96&d=mm&r=g\",\"url\":\"https:\\\/\\\/secure.gravatar.com\\\/avatar\\\/467a11f6918c7d619c4043fc6fa2d3853053107973f05b6e9c04ea6c4e3a7b3f?s=96&d=mm&r=g\",\"contentUrl\":\"https:\\\/\\\/secure.gravatar.com\\\/avatar\\\/467a11f6918c7d619c4043fc6fa2d3853053107973f05b6e9c04ea6c4e3a7b3f?s=96&d=mm&r=g\",\"caption\":\"Javier Zamora\"},\"url\":\"https:\\\/\\\/radiolitoral.com\\\/ca\\\/author\\\/javier-zamora\\\/\"}]}<\/script>\n<!-- \/ Yoast SEO plugin. -->","yoast_head_json":{"title":"Amunt nostra Copa de futbol | R\u00e0dio Litoral","description":"Partits amb alguns derbis comarcals a la primera eliminat\u00f2ria de la competici\u00f3 Partits amb alguns derbis comarcals a la primera eliminat\u00f2ria de la competici\u00f3","robots":{"index":"index","follow":"follow","max-snippet":"max-snippet:-1","max-image-preview":"max-image-preview:large","max-video-preview":"max-video-preview:-1"},"canonical":"https:\/\/radiolitoral.com\/ca\/2024\/08\/a-dalt-la-nostra-copa-de-futbol\/","og_locale":"ca_ES","og_type":"article","og_title":"Arriba la Nostra Copa de futbol | R\u00e0dio Litoral","og_description":"Partits amb alguns derbis comarcals en la primera eliminat\u00f2ria de la competici\u00f3 Partits amb alguns derbis comarcals en la primera eliminat\u00f2ria de la competici\u00f3","og_url":"https:\/\/radiolitoral.com\/ca\/2024\/08\/a-dalt-la-nostra-copa-de-futbol\/","og_site_name":"R\u00e0dio Litoral","article_publisher":"https:\/\/www.facebook.com\/Laradiolitoral\/","article_published_time":"2024-08-30T08:18:06+00:00","og_image":[{"width":912,"height":560,"url":"https:\/\/media.radiolitoral.com\/wp-content\/uploads\/2024\/08\/29134914\/Jugadores-del-Gorgos-CF-durante-la-pretemporada.jpg","type":"image\/jpeg"}],"author":"Javier Zamora","twitter_card":"summary_large_image","twitter_misc":{"Escrit per":"Javier Zamora","Temps estimat de lectura":"2 minuts"},"schema":{"@context":"https:\/\/schema.org","@graph":[{"@type":"NewsArticle","@id":"https:\/\/radiolitoral.com\/2024\/08\/arriba-la-nostra-copa-de-futbol\/#article","isPartOf":{"@id":"https:\/\/radiolitoral.com\/2024\/08\/arriba-la-nostra-copa-de-futbol\/"},"author":{"name":"Javier Zamora","@id":"https:\/\/radiolitoral.com\/#\/schema\/person\/7b1480b5caeb5acdd4ec6379caf62b22"},"headline":"Arriba la Nostra Copa de futbol","datePublished":"2024-08-30T08:18:06+00:00","mainEntityOfPage":{"@id":"https:\/\/radiolitoral.com\/2024\/08\/arriba-la-nostra-copa-de-futbol\/"},"wordCount":192,"commentCount":0,"publisher":{"@id":"https:\/\/radiolitoral.com\/#organization"},"image":{"@id":"https:\/\/radiolitoral.com\/2024\/08\/arriba-la-nostra-copa-de-futbol\/#primaryimage"},"thumbnailUrl":"https:\/\/media.radiolitoral.com\/wp-content\/uploads\/2024\/08\/29134914\/Jugadores-del-Gorgos-CF-durante-la-pretemporada.jpg","keywords":["Beniarbeig CF","CD J\u00e1vea","CE\u00a0El\u00a0Verger","CE Pedreguer","CF Benitachell","CF Gorgos","CF Orba","deportes","FB Teulada-Moraira","Federaci\u00f3 de Futbol de la Comunitat Valenciana","Pego CF","UD Benissa","UD Oliva","UD Ondarense"],"articleSection":["Deportes"],"inLanguage":"ca","potentialAction":[{"@type":"CommentAction","name":"Comment","target":["https:\/\/radiolitoral.com\/2024\/08\/arriba-la-nostra-copa-de-futbol\/#respond"]}]},{"@type":["WebPage","ItemPage"],"@id":"https:\/\/radiolitoral.com\/2024\/08\/arriba-la-nostra-copa-de-futbol\/","url":"https:\/\/radiolitoral.com\/2024\/08\/arriba-la-nostra-copa-de-futbol\/","name":"Amunt nostra Copa de futbol | R\u00e0dio Litoral","isPartOf":{"@id":"https:\/\/radiolitoral.com\/#website"},"primaryImageOfPage":{"@id":"https:\/\/radiolitoral.com\/2024\/08\/arriba-la-nostra-copa-de-futbol\/#primaryimage"},"image":{"@id":"https:\/\/radiolitoral.com\/2024\/08\/arriba-la-nostra-copa-de-futbol\/#primaryimage"},"thumbnailUrl":"https:\/\/media.radiolitoral.com\/wp-content\/uploads\/2024\/08\/29134914\/Jugadores-del-Gorgos-CF-durante-la-pretemporada.jpg","datePublished":"2024-08-30T08:18:06+00:00","description":"Partits amb alguns derbis comarcals a la primera eliminat\u00f2ria de la competici\u00f3 Partits amb alguns derbis comarcals a la primera eliminat\u00f2ria de la competici\u00f3","breadcrumb":{"@id":"https:\/\/radiolitoral.com\/2024\/08\/arriba-la-nostra-copa-de-futbol\/#breadcrumb"},"inLanguage":"ca","potentialAction":[{"@type":"ReadAction","target":["https:\/\/radiolitoral.com\/2024\/08\/arriba-la-nostra-copa-de-futbol\/"]}]},{"@type":"ImageObject","inLanguage":"ca","@id":"https:\/\/radiolitoral.com\/2024\/08\/arriba-la-nostra-copa-de-futbol\/#primaryimage","url":"https:\/\/media.radiolitoral.com\/wp-content\/uploads\/2024\/08\/29134914\/Jugadores-del-Gorgos-CF-durante-la-pretemporada.jpg","contentUrl":"https:\/\/media.radiolitoral.com\/wp-content\/uploads\/2024\/08\/29134914\/Jugadores-del-Gorgos-CF-durante-la-pretemporada.jpg","width":912,"height":560},{"@type":"BreadcrumbList","@id":"https:\/\/radiolitoral.com\/2024\/08\/arriba-la-nostra-copa-de-futbol\/#breadcrumb","itemListElement":[{"@type":"ListItem","position":1,"name":"Portada","item":"https:\/\/radiolitoral.com\/"},{"@type":"ListItem","position":2,"name":"Arriba la Nostra Copa de futbol"}]},{"@type":"WebSite","@id":"https:\/\/radiolitoral.com\/#website","url":"https:\/\/radiolitoral.com\/","name":"R\u00e0dio Litoral","description":"La r\u00e0dio local de la Marina Alta","publisher":{"@id":"https:\/\/radiolitoral.com\/#organization"},"alternateName":"Litoral FM","potentialAction":[{"@type":"SearchAction","target":{"@type":"EntryPoint","urlTemplate":"https:\/\/radiolitoral.com\/?s={search_term_string}"},"query-input":{"@type":"PropertyValueSpecification","valueRequired":true,"valueName":"search_term_string"}}],"inLanguage":"ca"},{"@type":"Organization","@id":"https:\/\/radiolitoral.com\/#organization","name":"R\u00e0dio Litoral","url":"https:\/\/radiolitoral.com\/","logo":{"@type":"ImageObject","inLanguage":"ca","@id":"https:\/\/radiolitoral.com\/#\/schema\/logo\/image\/","url":"https:\/\/media.radiolitoral.com\/wp-content\/uploads\/2023\/02\/24143238\/CL-V-RadioLitoral696.png","contentUrl":"https:\/\/media.radiolitoral.com\/wp-content\/uploads\/2023\/02\/24143238\/CL-V-RadioLitoral696.png","width":696,"height":696,"caption":"Radio Litoral"},"image":{"@id":"https:\/\/radiolitoral.com\/#\/schema\/logo\/image\/"},"sameAs":["https:\/\/www.facebook.com\/Laradiolitoral\/"]},{"@type":"Person","@id":"https:\/\/radiolitoral.com\/#\/schema\/person\/7b1480b5caeb5acdd4ec6379caf62b22","name":"Javier Zamora","image":{"@type":"ImageObject","inLanguage":"ca","@id":"https:\/\/secure.gravatar.com\/avatar\/467a11f6918c7d619c4043fc6fa2d3853053107973f05b6e9c04ea6c4e3a7b3f?s=96&d=mm&r=g","url":"https:\/\/secure.gravatar.com\/avatar\/467a11f6918c7d619c4043fc6fa2d3853053107973f05b6e9c04ea6c4e3a7b3f?s=96&d=mm&r=g","contentUrl":"https:\/\/secure.gravatar.com\/avatar\/467a11f6918c7d619c4043fc6fa2d3853053107973f05b6e9c04ea6c4e3a7b3f?s=96&d=mm&r=g","caption":"Javier Zamora"},"url":"https:\/\/radiolitoral.com\/ca\/author\/javier-zamora\/"}]}},"_links":{"self":[{"href":"https:\/\/radiolitoral.com\/ca\/wp-json\/wp\/v2\/posts\/10883","targetHints":{"allow":["GET"]}}],"collection":[{"href":"https:\/\/radiolitoral.com\/ca\/wp-json\/wp\/v2\/posts"}],"about":[{"href":"https:\/\/radiolitoral.com\/ca\/wp-json\/wp\/v2\/types\/post"}],"author":[{"embeddable":true,"href":"https:\/\/radiolitoral.com\/ca\/wp-json\/wp\/v2\/users\/12"}],"replies":[{"embeddable":true,"href":"https:\/\/radiolitoral.com\/ca\/wp-json\/wp\/v2\/comments?post=10883"}],"version-history":[{"count":2,"href":"https:\/\/radiolitoral.com\/ca\/wp-json\/wp\/v2\/posts\/10883\/revisions"}],"predecessor-version":[{"id":10886,"href":"https:\/\/radiolitoral.com\/ca\/wp-json\/wp\/v2\/posts\/10883\/revisions\/10886"}],"wp:featuredmedia":[{"embeddable":true,"href":"https:\/\/radiolitoral.com\/ca\/wp-json\/wp\/v2\/media\/10884"}],"wp:attachment":[{"href":"https:\/\/radiolitoral.com\/ca\/wp-json\/wp\/v2\/media?parent=10883"}],"wp:term":[{"taxonomy":"category","embeddable":true,"href":"https:\/\/radiolitoral.com\/ca\/wp-json\/wp\/v2\/categories?post=10883"},{"taxonomy":"post_tag","embeddable":true,"href":"https:\/\/radiolitoral.com\/ca\/wp-json\/wp\/v2\/tags?post=10883"}],"curies":[{"name":"wp","href":"https:\/\/api.w.org\/{rel}","templated":true}]}}