{"id":10851,"date":"2024-08-30T10:17:34","date_gmt":"2024-08-30T08:17:34","guid":{"rendered":"https:\/\/radiolitoral.com\/?p=10851"},"modified":"2024-08-30T10:17:34","modified_gmt":"2024-08-30T08:17:34","slug":"colombians-fc-es-corona-al-torneig-agost-de-futbol-de-veterans","status":"publish","type":"post","link":"https:\/\/radiolitoral.com\/ca\/2024\/08\/colombianos-fc-es-corona-en-el-torneig-agost-de-futbol-de-veterans\/","title":{"rendered":"Colombians FC \u00e9s corona al Torneig Agost de futbol de Veterans"},"content":{"rendered":"<p>La final del <strong>Torneig Agost de futbol de Veterans<\/strong>, organitzat per l&#039;<strong>Associaci\u00f3 Cultural i Esportiva Marina Alta<\/strong> (<span class=\"hiddenSpellError\">ACYDMA<\/span>), va oferir un espectacle vibrant al camp Diego Mena, on <strong>Colombians <span class=\"hiddenSpellError\">FC<\/span><\/strong>\u00a0es va al\u00e7ar amb la vict\u00f2ria despr\u00e9s de derrotar a\u00a0<strong><span class=\"hiddenSpellError\">Llatins<\/span>\u00a0<span class=\"hiddenSpellError\">Dankol<\/span><\/strong>\u00a0per <strong>2 a 1<\/strong>.<\/p>\n<p>El partit va despertar una gran expectaci\u00f3, amb al voltant de 300 aficionats que van llen\u00e7ar les graderies i no van deixar d&#039;animar els seus equips, creant un ambient festiu i colorit.<\/p>\n<p>El joc va estar clarament dividit en dos mitats, cada una dominada per un dels equips. A la primera part, Colombians <span class=\"hiddenSpellError\">FC<\/span>\u00a0va mostrar su superioritat, anotant dos gols en els primers 40 minuts que els van donar una ventaja considerable abans del descans.<\/p>\n<figure id=\"attachment_10853\" aria-describedby=\"caption-attachment-10853\" style=\"width: 1923px\" class=\"wp-caption alignnone\"><img loading=\"lazy\" decoding=\"async\" class=\"wp-image-10853 size-full\" src=\"https:\/\/media.radiolitoral.com\/wp-content\/uploads\/2024\/08\/28114303\/Equipos-finalistas-del-Torneo-de-Verano.jpg\" alt=\"\" width=\"1923\" height=\"1167\" srcset=\"https:\/\/media.radiolitoral.com\/wp-content\/uploads\/2024\/08\/28114303\/Equipos-finalistas-del-Torneo-de-Verano.jpg 1923w, https:\/\/media.radiolitoral.com\/wp-content\/uploads\/2024\/08\/28114303\/Equipos-finalistas-del-Torneo-de-Verano-300x182.jpg 300w, https:\/\/media.radiolitoral.com\/wp-content\/uploads\/2024\/08\/28114303\/Equipos-finalistas-del-Torneo-de-Verano-1024x621.jpg 1024w, https:\/\/media.radiolitoral.com\/wp-content\/uploads\/2024\/08\/28114303\/Equipos-finalistas-del-Torneo-de-Verano-768x466.jpg 768w, https:\/\/media.radiolitoral.com\/wp-content\/uploads\/2024\/08\/28114303\/Equipos-finalistas-del-Torneo-de-Verano-1536x932.jpg 1536w, https:\/\/media.radiolitoral.com\/wp-content\/uploads\/2024\/08\/28114303\/Equipos-finalistas-del-Torneo-de-Verano-18x12.jpg 18w, https:\/\/media.radiolitoral.com\/wp-content\/uploads\/2024\/08\/28114303\/Equipos-finalistas-del-Torneo-de-Verano-1000x607.jpg 1000w, https:\/\/media.radiolitoral.com\/wp-content\/uploads\/2024\/08\/28114303\/Equipos-finalistas-del-Torneo-de-Verano-100x61.jpg 100w, https:\/\/media.radiolitoral.com\/wp-content\/uploads\/2024\/08\/28114303\/Equipos-finalistas-del-Torneo-de-Verano-200x121.jpg 200w\" sizes=\"auto, (max-width: 1923px) 100vw, 1923px\" \/><figcaption id=\"caption-attachment-10853\" class=\"wp-caption-text\">Equips finalistes del Torneig d&#039;Estiu | Acydma<\/figcaption><\/figure>\n<p>No obstant aix\u00f2, despr\u00e9s de la represa,\u00a0<span class=\"hiddenSpellError\">Llatins<\/span>\u00a0<span class=\"hiddenSpellError\">Dankol<\/span> va sortir amb m\u00e9s determinaci\u00f3, generant m\u00faltiples ocasions de gol i posant a prova el porter de Colombians\u00a0<span class=\"hiddenSpellError\">FC<\/span>, qui va ser clau per mantenir al seu equip en avantatge. A mesura que avan\u00e7ava el segon temps, la pressi\u00f3 de\u00a0<span class=\"hiddenSpellError\">Llatins<\/span>\u00a0<span class=\"hiddenSpellError\">Dankol<\/span>\u00a0va donar els seus fruits quan van aconseguir transformar un penal, acurtant la dist\u00e0ncia al marcador i portant l&#039;emoci\u00f3 fins al final del partit.<\/p>\n<p>Malgrat els intents de\u00a0<span class=\"hiddenSpellError\">Llatins<\/span>\u00a0<span class=\"hiddenSpellError\">Dankol<\/span>\u00a0per igualar, el temps reglamentari va concloure amb un 2 a 1 a favor de Colombians\u00a0<span class=\"hiddenSpellError\">FC<\/span>, els qui es van proclamar justos vencedors del torneig.<\/p>\n<p>La entrega de trofeus comptar\u00e0 amb la pres\u00e8ncia del regidor d&#039;esports de D\u00e9nia, Valen\u00a0<span class=\"hiddenSpellError\">Alcal\u00e1<\/span>, i del president d&#039;<span class=\"hiddenSpellError\">ACYDMA<\/span>,\u00a0<span class=\"hiddenSpellError\">Alberto<\/span>\u00a0<span class=\"hiddenSpellError\">Portell<\/span>, els qui van felicitar tots dos equips per l&#039;alt nivell mostrat a la final i per contribuir a una jornada de futbol de gran qualitat a la Marina Alta.<\/p>","protected":false},"excerpt":{"rendered":"<p>La final del Torneig Agost de futbol de Veterans, organitzat per l&#8217;Associaci\u00f3 Cultural i Esportiva Marina Alta (ACYDMA), va oferir un espectacle vibrant en el camp Diego Mena, on Colombianos FC\u00a0es va al\u00e7ar amb la vict\u00f2ria despr\u00e9s de derrotar a\u00a0Latinos\u00a0Dankol\u00a0per 2 a 1. El partit va despertar una gran expectaci\u00f3, amb al voltant de 300 [&#8230;]<\/p>\n<p><a class=\"btn btn-secondary understrap-read-more-link\" href=\"https:\/\/radiolitoral.com\/ca\/2024\/08\/colombianos-fc-es-corona-en-el-torneig-agost-de-futbol-de-veterans\/\">Continua llegint&#8230;<span class=\"screen-reader-text\"> from Colombianos FC es corona en el Torneig Agost de futbol de Veterans<\/span><\/a><\/p>\n","protected":false},"author":12,"featured_media":10852,"comment_status":"open","ping_status":"closed","sticky":false,"template":"","format":"standard","meta":{"_acf_changed":false,"inline_featured_image":false,"footnotes":""},"categories":[5],"tags":[1508,1753,2076,6,2077],"class_list":["post-10851","post","type-post","status-publish","format-standard","has-post-thumbnail","hentry","category-deportes","tag-acydma","tag-associacio-cultural-i-esportiva-marina-alta","tag-colombianos-fc","tag-deportes","tag-latinos-dankol","cobertura-denia"],"acf":[],"yoast_head":"<!-- This site is optimized with the Yoast SEO plugin v27.5 - https:\/\/yoast.com\/product\/yoast-seo-wordpress\/ -->\n<title>Colombianos FC es corona en el Torneig Agost de futbol de Veterans | R\u00e0dio Litoral<\/title>\n<meta name=\"description\" content=\"Van derrotar en una emocionant final al combinat Latinos Dankol per 2 a 1 Van derrotar en una emocionant final al combinat Latinos Dankol per 2 a 1\" \/>\n<meta name=\"robots\" content=\"index, follow, max-snippet:-1, max-image-preview:large, max-video-preview:-1\" \/>\n<link rel=\"canonical\" href=\"https:\/\/radiolitoral.com\/ca\/2024\/08\/colombians-fc-es-corona-al-torneig-agost-de-futbol-de-veterans\/\" \/>\n<meta property=\"og:locale\" content=\"ca_ES\" \/>\n<meta property=\"og:type\" content=\"article\" \/>\n<meta property=\"og:title\" content=\"Colombianos FC es corona en el Torneig Agost de futbol de Veterans | R\u00e0dio Litoral\" \/>\n<meta property=\"og:description\" content=\"Van derrotar en una emocionant final al combinat Latinos Dankol per 2 a 1 Van derrotar en una emocionant final al combinat Latinos Dankol per 2 a 1\" \/>\n<meta property=\"og:url\" content=\"https:\/\/radiolitoral.com\/ca\/2024\/08\/colombians-fc-es-corona-al-torneig-agost-de-futbol-de-veterans\/\" \/>\n<meta property=\"og:site_name\" content=\"R\u00e0dio Litoral\" \/>\n<meta property=\"article:publisher\" content=\"https:\/\/www.facebook.com\/Laradiolitoral\/\" \/>\n<meta property=\"article:published_time\" content=\"2024-08-30T08:17:34+00:00\" \/>\n<meta property=\"og:image\" content=\"https:\/\/media.radiolitoral.com\/wp-content\/uploads\/2024\/08\/28113732\/Valen-Alcala-entregando-el-trofeo.jpg\" \/>\n\t<meta property=\"og:image:width\" content=\"1105\" \/>\n\t<meta property=\"og:image:height\" content=\"658\" \/>\n\t<meta property=\"og:image:type\" content=\"image\/jpeg\" \/>\n<meta name=\"author\" content=\"Javier Zamora\" \/>\n<meta name=\"twitter:card\" content=\"summary_large_image\" \/>\n<meta name=\"twitter:label1\" content=\"Escrit per\" \/>\n\t<meta name=\"twitter:data1\" content=\"Javier Zamora\" \/>\n\t<meta name=\"twitter:label2\" content=\"Temps estimat de lectura\" \/>\n\t<meta name=\"twitter:data2\" content=\"2 minuts\" \/>\n<script type=\"application\/ld+json\" class=\"yoast-schema-graph\">{\"@context\":\"https:\\\/\\\/schema.org\",\"@graph\":[{\"@type\":\"NewsArticle\",\"@id\":\"https:\\\/\\\/radiolitoral.com\\\/2024\\\/08\\\/colombianos-fc-es-corona-en-el-torneig-agost-de-futbol-de-veterans\\\/#article\",\"isPartOf\":{\"@id\":\"https:\\\/\\\/radiolitoral.com\\\/2024\\\/08\\\/colombianos-fc-es-corona-en-el-torneig-agost-de-futbol-de-veterans\\\/\"},\"author\":{\"name\":\"Javier Zamora\",\"@id\":\"https:\\\/\\\/radiolitoral.com\\\/#\\\/schema\\\/person\\\/7b1480b5caeb5acdd4ec6379caf62b22\"},\"headline\":\"Colombianos FC es corona en el Torneig Agost de futbol de Veterans\",\"datePublished\":\"2024-08-30T08:17:34+00:00\",\"mainEntityOfPage\":{\"@id\":\"https:\\\/\\\/radiolitoral.com\\\/2024\\\/08\\\/colombianos-fc-es-corona-en-el-torneig-agost-de-futbol-de-veterans\\\/\"},\"wordCount\":319,\"commentCount\":0,\"publisher\":{\"@id\":\"https:\\\/\\\/radiolitoral.com\\\/#organization\"},\"image\":{\"@id\":\"https:\\\/\\\/radiolitoral.com\\\/2024\\\/08\\\/colombianos-fc-es-corona-en-el-torneig-agost-de-futbol-de-veterans\\\/#primaryimage\"},\"thumbnailUrl\":\"https:\\\/\\\/media.radiolitoral.com\\\/wp-content\\\/uploads\\\/2024\\\/08\\\/28113732\\\/Valen-Alcala-entregando-el-trofeo.jpg\",\"keywords\":[\"Acydma\",\"Associaci\u00f3 Cultural i Esportiva Marina Alta\",\"Colombianos FC\",\"deportes\",\"Latinos\u00a0Dankol\"],\"articleSection\":[\"Deportes\"],\"inLanguage\":\"ca\",\"potentialAction\":[{\"@type\":\"CommentAction\",\"name\":\"Comment\",\"target\":[\"https:\\\/\\\/radiolitoral.com\\\/2024\\\/08\\\/colombianos-fc-es-corona-en-el-torneig-agost-de-futbol-de-veterans\\\/#respond\"]}]},{\"@type\":[\"WebPage\",\"ItemPage\"],\"@id\":\"https:\\\/\\\/radiolitoral.com\\\/2024\\\/08\\\/colombianos-fc-es-corona-en-el-torneig-agost-de-futbol-de-veterans\\\/\",\"url\":\"https:\\\/\\\/radiolitoral.com\\\/2024\\\/08\\\/colombianos-fc-es-corona-en-el-torneig-agost-de-futbol-de-veterans\\\/\",\"name\":\"Colombianos FC es corona en el Torneig Agost de futbol de Veterans | R\u00e0dio Litoral\",\"isPartOf\":{\"@id\":\"https:\\\/\\\/radiolitoral.com\\\/#website\"},\"primaryImageOfPage\":{\"@id\":\"https:\\\/\\\/radiolitoral.com\\\/2024\\\/08\\\/colombianos-fc-es-corona-en-el-torneig-agost-de-futbol-de-veterans\\\/#primaryimage\"},\"image\":{\"@id\":\"https:\\\/\\\/radiolitoral.com\\\/2024\\\/08\\\/colombianos-fc-es-corona-en-el-torneig-agost-de-futbol-de-veterans\\\/#primaryimage\"},\"thumbnailUrl\":\"https:\\\/\\\/media.radiolitoral.com\\\/wp-content\\\/uploads\\\/2024\\\/08\\\/28113732\\\/Valen-Alcala-entregando-el-trofeo.jpg\",\"datePublished\":\"2024-08-30T08:17:34+00:00\",\"description\":\"Van derrotar en una emocionant final al combinat Latinos Dankol per 2 a 1 Van derrotar en una emocionant final al combinat Latinos Dankol per 2 a 1\",\"breadcrumb\":{\"@id\":\"https:\\\/\\\/radiolitoral.com\\\/2024\\\/08\\\/colombianos-fc-es-corona-en-el-torneig-agost-de-futbol-de-veterans\\\/#breadcrumb\"},\"inLanguage\":\"ca\",\"potentialAction\":[{\"@type\":\"ReadAction\",\"target\":[\"https:\\\/\\\/radiolitoral.com\\\/2024\\\/08\\\/colombianos-fc-es-corona-en-el-torneig-agost-de-futbol-de-veterans\\\/\"]}]},{\"@type\":\"ImageObject\",\"inLanguage\":\"ca\",\"@id\":\"https:\\\/\\\/radiolitoral.com\\\/2024\\\/08\\\/colombianos-fc-es-corona-en-el-torneig-agost-de-futbol-de-veterans\\\/#primaryimage\",\"url\":\"https:\\\/\\\/media.radiolitoral.com\\\/wp-content\\\/uploads\\\/2024\\\/08\\\/28113732\\\/Valen-Alcala-entregando-el-trofeo.jpg\",\"contentUrl\":\"https:\\\/\\\/media.radiolitoral.com\\\/wp-content\\\/uploads\\\/2024\\\/08\\\/28113732\\\/Valen-Alcala-entregando-el-trofeo.jpg\",\"width\":1105,\"height\":658},{\"@type\":\"BreadcrumbList\",\"@id\":\"https:\\\/\\\/radiolitoral.com\\\/2024\\\/08\\\/colombianos-fc-es-corona-en-el-torneig-agost-de-futbol-de-veterans\\\/#breadcrumb\",\"itemListElement\":[{\"@type\":\"ListItem\",\"position\":1,\"name\":\"Portada\",\"item\":\"https:\\\/\\\/radiolitoral.com\\\/\"},{\"@type\":\"ListItem\",\"position\":2,\"name\":\"Colombianos FC es corona en el Torneig Agost de futbol de Veterans\"}]},{\"@type\":\"WebSite\",\"@id\":\"https:\\\/\\\/radiolitoral.com\\\/#website\",\"url\":\"https:\\\/\\\/radiolitoral.com\\\/\",\"name\":\"Radio Litoral\",\"description\":\"La radio local de la Marina Alta\",\"publisher\":{\"@id\":\"https:\\\/\\\/radiolitoral.com\\\/#organization\"},\"alternateName\":\"Litoral FM\",\"potentialAction\":[{\"@type\":\"SearchAction\",\"target\":{\"@type\":\"EntryPoint\",\"urlTemplate\":\"https:\\\/\\\/radiolitoral.com\\\/?s={search_term_string}\"},\"query-input\":{\"@type\":\"PropertyValueSpecification\",\"valueRequired\":true,\"valueName\":\"search_term_string\"}}],\"inLanguage\":\"ca\"},{\"@type\":\"Organization\",\"@id\":\"https:\\\/\\\/radiolitoral.com\\\/#organization\",\"name\":\"Radio Litoral\",\"url\":\"https:\\\/\\\/radiolitoral.com\\\/\",\"logo\":{\"@type\":\"ImageObject\",\"inLanguage\":\"ca\",\"@id\":\"https:\\\/\\\/radiolitoral.com\\\/#\\\/schema\\\/logo\\\/image\\\/\",\"url\":\"https:\\\/\\\/media.radiolitoral.com\\\/wp-content\\\/uploads\\\/2023\\\/02\\\/24143238\\\/CL-V-RadioLitoral696.png\",\"contentUrl\":\"https:\\\/\\\/media.radiolitoral.com\\\/wp-content\\\/uploads\\\/2023\\\/02\\\/24143238\\\/CL-V-RadioLitoral696.png\",\"width\":696,\"height\":696,\"caption\":\"Radio Litoral\"},\"image\":{\"@id\":\"https:\\\/\\\/radiolitoral.com\\\/#\\\/schema\\\/logo\\\/image\\\/\"},\"sameAs\":[\"https:\\\/\\\/www.facebook.com\\\/Laradiolitoral\\\/\"]},{\"@type\":\"Person\",\"@id\":\"https:\\\/\\\/radiolitoral.com\\\/#\\\/schema\\\/person\\\/7b1480b5caeb5acdd4ec6379caf62b22\",\"name\":\"Javier Zamora\",\"image\":{\"@type\":\"ImageObject\",\"inLanguage\":\"ca\",\"@id\":\"https:\\\/\\\/secure.gravatar.com\\\/avatar\\\/467a11f6918c7d619c4043fc6fa2d3853053107973f05b6e9c04ea6c4e3a7b3f?s=96&d=mm&r=g\",\"url\":\"https:\\\/\\\/secure.gravatar.com\\\/avatar\\\/467a11f6918c7d619c4043fc6fa2d3853053107973f05b6e9c04ea6c4e3a7b3f?s=96&d=mm&r=g\",\"contentUrl\":\"https:\\\/\\\/secure.gravatar.com\\\/avatar\\\/467a11f6918c7d619c4043fc6fa2d3853053107973f05b6e9c04ea6c4e3a7b3f?s=96&d=mm&r=g\",\"caption\":\"Javier Zamora\"},\"url\":\"https:\\\/\\\/radiolitoral.com\\\/ca\\\/author\\\/javier-zamora\\\/\"}]}<\/script>\n<!-- \/ Yoast SEO plugin. -->","yoast_head_json":{"title":"Colombians FC \u00e9s corona al Torneig Agost de futbol de Veterans | R\u00e0dio Litoral","description":"Van derrotar en una emocionant final el combinat Llatins Dankol per 2 a 1 Van derrotar en una emocionant final el combinat Llatins Dankol per 2 a 1","robots":{"index":"index","follow":"follow","max-snippet":"max-snippet:-1","max-image-preview":"max-image-preview:large","max-video-preview":"max-video-preview:-1"},"canonical":"https:\/\/radiolitoral.com\/ca\/2024\/08\/colombians-fc-es-corona-al-torneig-agost-de-futbol-de-veterans\/","og_locale":"ca_ES","og_type":"article","og_title":"Colombianos FC es corona en el Torneig Agost de futbol de Veterans | R\u00e0dio Litoral","og_description":"Van derrotar en una emocionant final al combinat Latinos Dankol per 2 a 1 Van derrotar en una emocionant final al combinat Latinos Dankol per 2 a 1","og_url":"https:\/\/radiolitoral.com\/ca\/2024\/08\/colombians-fc-es-corona-al-torneig-agost-de-futbol-de-veterans\/","og_site_name":"R\u00e0dio Litoral","article_publisher":"https:\/\/www.facebook.com\/Laradiolitoral\/","article_published_time":"2024-08-30T08:17:34+00:00","og_image":[{"width":1105,"height":658,"url":"https:\/\/media.radiolitoral.com\/wp-content\/uploads\/2024\/08\/28113732\/Valen-Alcala-entregando-el-trofeo.jpg","type":"image\/jpeg"}],"author":"Javier Zamora","twitter_card":"summary_large_image","twitter_misc":{"Escrit per":"Javier Zamora","Temps estimat de lectura":"2 minuts"},"schema":{"@context":"https:\/\/schema.org","@graph":[{"@type":"NewsArticle","@id":"https:\/\/radiolitoral.com\/2024\/08\/colombianos-fc-es-corona-en-el-torneig-agost-de-futbol-de-veterans\/#article","isPartOf":{"@id":"https:\/\/radiolitoral.com\/2024\/08\/colombianos-fc-es-corona-en-el-torneig-agost-de-futbol-de-veterans\/"},"author":{"name":"Javier Zamora","@id":"https:\/\/radiolitoral.com\/#\/schema\/person\/7b1480b5caeb5acdd4ec6379caf62b22"},"headline":"Colombianos FC es corona en el Torneig Agost de futbol de Veterans","datePublished":"2024-08-30T08:17:34+00:00","mainEntityOfPage":{"@id":"https:\/\/radiolitoral.com\/2024\/08\/colombianos-fc-es-corona-en-el-torneig-agost-de-futbol-de-veterans\/"},"wordCount":319,"commentCount":0,"publisher":{"@id":"https:\/\/radiolitoral.com\/#organization"},"image":{"@id":"https:\/\/radiolitoral.com\/2024\/08\/colombianos-fc-es-corona-en-el-torneig-agost-de-futbol-de-veterans\/#primaryimage"},"thumbnailUrl":"https:\/\/media.radiolitoral.com\/wp-content\/uploads\/2024\/08\/28113732\/Valen-Alcala-entregando-el-trofeo.jpg","keywords":["Acydma","Associaci\u00f3 Cultural i Esportiva Marina Alta","Colombianos FC","deportes","Latinos\u00a0Dankol"],"articleSection":["Deportes"],"inLanguage":"ca","potentialAction":[{"@type":"CommentAction","name":"Comment","target":["https:\/\/radiolitoral.com\/2024\/08\/colombianos-fc-es-corona-en-el-torneig-agost-de-futbol-de-veterans\/#respond"]}]},{"@type":["WebPage","ItemPage"],"@id":"https:\/\/radiolitoral.com\/2024\/08\/colombianos-fc-es-corona-en-el-torneig-agost-de-futbol-de-veterans\/","url":"https:\/\/radiolitoral.com\/2024\/08\/colombianos-fc-es-corona-en-el-torneig-agost-de-futbol-de-veterans\/","name":"Colombians FC \u00e9s corona al Torneig Agost de futbol de Veterans | R\u00e0dio Litoral","isPartOf":{"@id":"https:\/\/radiolitoral.com\/#website"},"primaryImageOfPage":{"@id":"https:\/\/radiolitoral.com\/2024\/08\/colombianos-fc-es-corona-en-el-torneig-agost-de-futbol-de-veterans\/#primaryimage"},"image":{"@id":"https:\/\/radiolitoral.com\/2024\/08\/colombianos-fc-es-corona-en-el-torneig-agost-de-futbol-de-veterans\/#primaryimage"},"thumbnailUrl":"https:\/\/media.radiolitoral.com\/wp-content\/uploads\/2024\/08\/28113732\/Valen-Alcala-entregando-el-trofeo.jpg","datePublished":"2024-08-30T08:17:34+00:00","description":"Van derrotar en una emocionant final el combinat Llatins Dankol per 2 a 1 Van derrotar en una emocionant final el combinat Llatins Dankol per 2 a 1","breadcrumb":{"@id":"https:\/\/radiolitoral.com\/2024\/08\/colombianos-fc-es-corona-en-el-torneig-agost-de-futbol-de-veterans\/#breadcrumb"},"inLanguage":"ca","potentialAction":[{"@type":"ReadAction","target":["https:\/\/radiolitoral.com\/2024\/08\/colombianos-fc-es-corona-en-el-torneig-agost-de-futbol-de-veterans\/"]}]},{"@type":"ImageObject","inLanguage":"ca","@id":"https:\/\/radiolitoral.com\/2024\/08\/colombianos-fc-es-corona-en-el-torneig-agost-de-futbol-de-veterans\/#primaryimage","url":"https:\/\/media.radiolitoral.com\/wp-content\/uploads\/2024\/08\/28113732\/Valen-Alcala-entregando-el-trofeo.jpg","contentUrl":"https:\/\/media.radiolitoral.com\/wp-content\/uploads\/2024\/08\/28113732\/Valen-Alcala-entregando-el-trofeo.jpg","width":1105,"height":658},{"@type":"BreadcrumbList","@id":"https:\/\/radiolitoral.com\/2024\/08\/colombianos-fc-es-corona-en-el-torneig-agost-de-futbol-de-veterans\/#breadcrumb","itemListElement":[{"@type":"ListItem","position":1,"name":"Portada","item":"https:\/\/radiolitoral.com\/"},{"@type":"ListItem","position":2,"name":"Colombianos FC es corona en el Torneig Agost de futbol de Veterans"}]},{"@type":"WebSite","@id":"https:\/\/radiolitoral.com\/#website","url":"https:\/\/radiolitoral.com\/","name":"R\u00e0dio Litoral","description":"La r\u00e0dio local de la Marina Alta","publisher":{"@id":"https:\/\/radiolitoral.com\/#organization"},"alternateName":"Litoral FM","potentialAction":[{"@type":"SearchAction","target":{"@type":"EntryPoint","urlTemplate":"https:\/\/radiolitoral.com\/?s={search_term_string}"},"query-input":{"@type":"PropertyValueSpecification","valueRequired":true,"valueName":"search_term_string"}}],"inLanguage":"ca"},{"@type":"Organization","@id":"https:\/\/radiolitoral.com\/#organization","name":"R\u00e0dio Litoral","url":"https:\/\/radiolitoral.com\/","logo":{"@type":"ImageObject","inLanguage":"ca","@id":"https:\/\/radiolitoral.com\/#\/schema\/logo\/image\/","url":"https:\/\/media.radiolitoral.com\/wp-content\/uploads\/2023\/02\/24143238\/CL-V-RadioLitoral696.png","contentUrl":"https:\/\/media.radiolitoral.com\/wp-content\/uploads\/2023\/02\/24143238\/CL-V-RadioLitoral696.png","width":696,"height":696,"caption":"Radio Litoral"},"image":{"@id":"https:\/\/radiolitoral.com\/#\/schema\/logo\/image\/"},"sameAs":["https:\/\/www.facebook.com\/Laradiolitoral\/"]},{"@type":"Person","@id":"https:\/\/radiolitoral.com\/#\/schema\/person\/7b1480b5caeb5acdd4ec6379caf62b22","name":"Javier Zamora","image":{"@type":"ImageObject","inLanguage":"ca","@id":"https:\/\/secure.gravatar.com\/avatar\/467a11f6918c7d619c4043fc6fa2d3853053107973f05b6e9c04ea6c4e3a7b3f?s=96&d=mm&r=g","url":"https:\/\/secure.gravatar.com\/avatar\/467a11f6918c7d619c4043fc6fa2d3853053107973f05b6e9c04ea6c4e3a7b3f?s=96&d=mm&r=g","contentUrl":"https:\/\/secure.gravatar.com\/avatar\/467a11f6918c7d619c4043fc6fa2d3853053107973f05b6e9c04ea6c4e3a7b3f?s=96&d=mm&r=g","caption":"Javier Zamora"},"url":"https:\/\/radiolitoral.com\/ca\/author\/javier-zamora\/"}]}},"_links":{"self":[{"href":"https:\/\/radiolitoral.com\/ca\/wp-json\/wp\/v2\/posts\/10851","targetHints":{"allow":["GET"]}}],"collection":[{"href":"https:\/\/radiolitoral.com\/ca\/wp-json\/wp\/v2\/posts"}],"about":[{"href":"https:\/\/radiolitoral.com\/ca\/wp-json\/wp\/v2\/types\/post"}],"author":[{"embeddable":true,"href":"https:\/\/radiolitoral.com\/ca\/wp-json\/wp\/v2\/users\/12"}],"replies":[{"embeddable":true,"href":"https:\/\/radiolitoral.com\/ca\/wp-json\/wp\/v2\/comments?post=10851"}],"version-history":[{"count":2,"href":"https:\/\/radiolitoral.com\/ca\/wp-json\/wp\/v2\/posts\/10851\/revisions"}],"predecessor-version":[{"id":10855,"href":"https:\/\/radiolitoral.com\/ca\/wp-json\/wp\/v2\/posts\/10851\/revisions\/10855"}],"wp:featuredmedia":[{"embeddable":true,"href":"https:\/\/radiolitoral.com\/ca\/wp-json\/wp\/v2\/media\/10852"}],"wp:attachment":[{"href":"https:\/\/radiolitoral.com\/ca\/wp-json\/wp\/v2\/media?parent=10851"}],"wp:term":[{"taxonomy":"category","embeddable":true,"href":"https:\/\/radiolitoral.com\/ca\/wp-json\/wp\/v2\/categories?post=10851"},{"taxonomy":"post_tag","embeddable":true,"href":"https:\/\/radiolitoral.com\/ca\/wp-json\/wp\/v2\/tags?post=10851"}],"curies":[{"name":"wp","href":"https:\/\/api.w.org\/{rel}","templated":true}]}}