{"id":10797,"date":"2024-08-26T12:09:59","date_gmt":"2024-08-26T10:09:59","guid":{"rendered":"https:\/\/radiolitoral.com\/?p=10797"},"modified":"2024-08-26T12:12:50","modified_gmt":"2024-08-26T10:12:50","slug":"teulada-celebra-leleccio-de-les-reines-de-les-festes-de-sant-vicent-ferrer-2025","status":"publish","type":"post","link":"https:\/\/radiolitoral.com\/ca\/2024\/08\/teulada-celebra-leleccio-de-les-reines-de-les-festes-de-sant-vicent-ferrer-2025\/","title":{"rendered":"Teulada celebra l&#039;elecci\u00f3 de les Regnes de les Festes de Sant Vicent Ferrer 2025"},"content":{"rendered":"<p>El passat dissabte 24 d&#039;agost, la localitat de <strong>Teulada<\/strong> va viure una nit m\u00e0gica amb l&#039;elecci\u00f3 de les <strong>Regnes de les Festes de Sant Vicent Ferrer 2025<\/strong>. En un acte ple d&#039;emoci\u00f3 i tradici\u00f3, <strong>Alexia Sendra Sala<\/strong> va ser coronada com a <strong>Reina Infantil<\/strong> i <strong>Clara Sala Bertomeu<\/strong> com a <strong>Reina Major<\/strong>. Ambdues joves tindran l&#039;honor i la responsabilitat de representar el seu poble a les properes festivitats.<\/p>\n<figure id=\"attachment_43165\" aria-describedby=\"caption-attachment-43165\" style=\"width: 640px\" class=\"wp-caption aligncenter\"><img loading=\"lazy\" decoding=\"async\" class=\"wp-image-43165 size-large\" src=\"https:\/\/media.marinaalta.es\/wp-content\/uploads\/2024\/08\/26120442\/Eleccion-de-la-Reina-2024-Teulada-2-1024x682.jpg\" alt=\"\" width=\"640\" height=\"426\" \/><figcaption id=\"caption-attachment-43165\" class=\"wp-caption-text\">Alexia Sendra Sala va ser coronada com a Reina Infantil | Aj. Teulada<\/figcaption><\/figure>\n<p>L&#039;acte tamb\u00e9 va servir per presentar la cort d&#039;honor, que acompanyar\u00e0 les reines durant tot l&#039;any festiu. Marina Llobell i Joan Carri\u00f3 Mart\u00ed van ser nomenats Primera Dama i Acompanyant de la Reina Major, mentre que Ana Mart\u00ed i Guillem Mart\u00ednez Moragues van assumir els rols de Segona Dama i Acompanyant de la mateixa comissi\u00f3. A la comissi\u00f3 infantil, Vera Soto, Alex Llobell i Dylan Llobell van ser triats com a Primera Dama i Acompanyants, amb Anna Llobell, Borja Ortol\u00e0 i Aday Cuadros com a Segona Dama i Acompanyants.<\/p>\n<figure id=\"attachment_43170\" aria-describedby=\"caption-attachment-43170\" style=\"width: 640px\" class=\"wp-caption aligncenter\"><img loading=\"lazy\" decoding=\"async\" class=\"wp-image-43170 size-large\" src=\"https:\/\/media.marinaalta.es\/wp-content\/uploads\/2024\/08\/26120505\/Eleccion-de-la-Reina-2024-Teulada-7-1024x682.jpg\" alt=\"\" width=\"640\" height=\"426\" \/><figcaption id=\"caption-attachment-43170\" class=\"wp-caption-text\">Moment de l&#039;elecci\u00f3 de les Reines | Aj. Teulada Moraira<\/figcaption><\/figure>\n<p>La vetlada estar\u00e0 marcada per l&#039;alegria i l&#039;orgull dels ve\u00efns de Teulada, que acolliran amb entusiasme les seves noves representants. Aquest esdeveniment marca l&#039;inici d&#039;un emocionant viatge per a Alexia i Clara, que encap\u00e7alaran les celebracions que es desenvoluparan al llarg del proper any.<\/p>\n<div id='gallery-1' class='gallery galleryid-10797 gallery-columns-3 gallery-size-medium'><figure class='gallery-item'>\n\t\t\t<div class='gallery-icon landscape'>\n\t\t\t\t<a href='https:\/\/media.radiolitoral.com\/wp-content\/uploads\/2024\/08\/26113723\/Eleccion-de-la-Reina-2024-Teulada-10.jpg'><img loading=\"lazy\" decoding=\"async\" width=\"300\" height=\"200\" src=\"https:\/\/media.radiolitoral.com\/wp-content\/uploads\/2024\/08\/26113723\/Eleccion-de-la-Reina-2024-Teulada-10-300x200.jpg\" class=\"attachment-medium size-medium\" alt=\"\" srcset=\"https:\/\/media.radiolitoral.com\/wp-content\/uploads\/2024\/08\/26113723\/Eleccion-de-la-Reina-2024-Teulada-10-300x200.jpg 300w, https:\/\/media.radiolitoral.com\/wp-content\/uploads\/2024\/08\/26113723\/Eleccion-de-la-Reina-2024-Teulada-10-1024x683.jpg 1024w, https:\/\/media.radiolitoral.com\/wp-content\/uploads\/2024\/08\/26113723\/Eleccion-de-la-Reina-2024-Teulada-10-768x512.jpg 768w, https:\/\/media.radiolitoral.com\/wp-content\/uploads\/2024\/08\/26113723\/Eleccion-de-la-Reina-2024-Teulada-10-1536x1024.jpg 1536w, https:\/\/media.radiolitoral.com\/wp-content\/uploads\/2024\/08\/26113723\/Eleccion-de-la-Reina-2024-Teulada-10-18x12.jpg 18w, https:\/\/media.radiolitoral.com\/wp-content\/uploads\/2024\/08\/26113723\/Eleccion-de-la-Reina-2024-Teulada-10-1000x667.jpg 1000w, https:\/\/media.radiolitoral.com\/wp-content\/uploads\/2024\/08\/26113723\/Eleccion-de-la-Reina-2024-Teulada-10-100x67.jpg 100w, https:\/\/media.radiolitoral.com\/wp-content\/uploads\/2024\/08\/26113723\/Eleccion-de-la-Reina-2024-Teulada-10-200x133.jpg 200w, https:\/\/media.radiolitoral.com\/wp-content\/uploads\/2024\/08\/26113723\/Eleccion-de-la-Reina-2024-Teulada-10.jpg 2048w\" sizes=\"auto, (max-width: 300px) 100vw, 300px\" \/><\/a>\n\t\t\t<\/div><\/figure><figure class='gallery-item'>\n\t\t\t<div class='gallery-icon landscape'>\n\t\t\t\t<a href='https:\/\/media.radiolitoral.com\/wp-content\/uploads\/2024\/08\/26113718\/Eleccion-de-la-Reina-2024-Teulada-9.jpg'><img loading=\"lazy\" decoding=\"async\" width=\"300\" height=\"200\" src=\"https:\/\/media.radiolitoral.com\/wp-content\/uploads\/2024\/08\/26113718\/Eleccion-de-la-Reina-2024-Teulada-9-300x200.jpg\" class=\"attachment-medium size-medium\" alt=\"\" srcset=\"https:\/\/media.radiolitoral.com\/wp-content\/uploads\/2024\/08\/26113718\/Eleccion-de-la-Reina-2024-Teulada-9-300x200.jpg 300w, https:\/\/media.radiolitoral.com\/wp-content\/uploads\/2024\/08\/26113718\/Eleccion-de-la-Reina-2024-Teulada-9-1024x683.jpg 1024w, https:\/\/media.radiolitoral.com\/wp-content\/uploads\/2024\/08\/26113718\/Eleccion-de-la-Reina-2024-Teulada-9-768x512.jpg 768w, https:\/\/media.radiolitoral.com\/wp-content\/uploads\/2024\/08\/26113718\/Eleccion-de-la-Reina-2024-Teulada-9-1536x1024.jpg 1536w, https:\/\/media.radiolitoral.com\/wp-content\/uploads\/2024\/08\/26113718\/Eleccion-de-la-Reina-2024-Teulada-9-18x12.jpg 18w, https:\/\/media.radiolitoral.com\/wp-content\/uploads\/2024\/08\/26113718\/Eleccion-de-la-Reina-2024-Teulada-9-1000x667.jpg 1000w, https:\/\/media.radiolitoral.com\/wp-content\/uploads\/2024\/08\/26113718\/Eleccion-de-la-Reina-2024-Teulada-9-100x67.jpg 100w, https:\/\/media.radiolitoral.com\/wp-content\/uploads\/2024\/08\/26113718\/Eleccion-de-la-Reina-2024-Teulada-9-200x133.jpg 200w, https:\/\/media.radiolitoral.com\/wp-content\/uploads\/2024\/08\/26113718\/Eleccion-de-la-Reina-2024-Teulada-9.jpg 2048w\" sizes=\"auto, (max-width: 300px) 100vw, 300px\" \/><\/a>\n\t\t\t<\/div><\/figure><figure class='gallery-item'>\n\t\t\t<div class='gallery-icon landscape'>\n\t\t\t\t<a href='https:\/\/media.radiolitoral.com\/wp-content\/uploads\/2024\/08\/26113713\/Eleccion-de-la-Reina-2024-Teulada-8.jpg'><img loading=\"lazy\" decoding=\"async\" width=\"300\" height=\"200\" src=\"https:\/\/media.radiolitoral.com\/wp-content\/uploads\/2024\/08\/26113713\/Eleccion-de-la-Reina-2024-Teulada-8-300x200.jpg\" class=\"attachment-medium size-medium\" alt=\"\" srcset=\"https:\/\/media.radiolitoral.com\/wp-content\/uploads\/2024\/08\/26113713\/Eleccion-de-la-Reina-2024-Teulada-8-300x200.jpg 300w, https:\/\/media.radiolitoral.com\/wp-content\/uploads\/2024\/08\/26113713\/Eleccion-de-la-Reina-2024-Teulada-8-1024x683.jpg 1024w, https:\/\/media.radiolitoral.com\/wp-content\/uploads\/2024\/08\/26113713\/Eleccion-de-la-Reina-2024-Teulada-8-768x512.jpg 768w, https:\/\/media.radiolitoral.com\/wp-content\/uploads\/2024\/08\/26113713\/Eleccion-de-la-Reina-2024-Teulada-8-1536x1024.jpg 1536w, https:\/\/media.radiolitoral.com\/wp-content\/uploads\/2024\/08\/26113713\/Eleccion-de-la-Reina-2024-Teulada-8-18x12.jpg 18w, https:\/\/media.radiolitoral.com\/wp-content\/uploads\/2024\/08\/26113713\/Eleccion-de-la-Reina-2024-Teulada-8-1000x667.jpg 1000w, https:\/\/media.radiolitoral.com\/wp-content\/uploads\/2024\/08\/26113713\/Eleccion-de-la-Reina-2024-Teulada-8-100x67.jpg 100w, https:\/\/media.radiolitoral.com\/wp-content\/uploads\/2024\/08\/26113713\/Eleccion-de-la-Reina-2024-Teulada-8-200x133.jpg 200w, https:\/\/media.radiolitoral.com\/wp-content\/uploads\/2024\/08\/26113713\/Eleccion-de-la-Reina-2024-Teulada-8.jpg 2048w\" sizes=\"auto, (max-width: 300px) 100vw, 300px\" \/><\/a>\n\t\t\t<\/div><\/figure><figure class='gallery-item'>\n\t\t\t<div class='gallery-icon landscape'>\n\t\t\t\t<a href='https:\/\/media.radiolitoral.com\/wp-content\/uploads\/2024\/08\/26113705\/Eleccion-de-la-Reina-2024-Teulada-6.jpg'><img loading=\"lazy\" decoding=\"async\" width=\"300\" height=\"200\" src=\"https:\/\/media.radiolitoral.com\/wp-content\/uploads\/2024\/08\/26113705\/Eleccion-de-la-Reina-2024-Teulada-6-300x200.jpg\" class=\"attachment-medium size-medium\" alt=\"\" srcset=\"https:\/\/media.radiolitoral.com\/wp-content\/uploads\/2024\/08\/26113705\/Eleccion-de-la-Reina-2024-Teulada-6-300x200.jpg 300w, https:\/\/media.radiolitoral.com\/wp-content\/uploads\/2024\/08\/26113705\/Eleccion-de-la-Reina-2024-Teulada-6-1024x683.jpg 1024w, https:\/\/media.radiolitoral.com\/wp-content\/uploads\/2024\/08\/26113705\/Eleccion-de-la-Reina-2024-Teulada-6-768x512.jpg 768w, https:\/\/media.radiolitoral.com\/wp-content\/uploads\/2024\/08\/26113705\/Eleccion-de-la-Reina-2024-Teulada-6-1536x1024.jpg 1536w, https:\/\/media.radiolitoral.com\/wp-content\/uploads\/2024\/08\/26113705\/Eleccion-de-la-Reina-2024-Teulada-6-18x12.jpg 18w, https:\/\/media.radiolitoral.com\/wp-content\/uploads\/2024\/08\/26113705\/Eleccion-de-la-Reina-2024-Teulada-6-1000x667.jpg 1000w, https:\/\/media.radiolitoral.com\/wp-content\/uploads\/2024\/08\/26113705\/Eleccion-de-la-Reina-2024-Teulada-6-100x67.jpg 100w, https:\/\/media.radiolitoral.com\/wp-content\/uploads\/2024\/08\/26113705\/Eleccion-de-la-Reina-2024-Teulada-6-200x133.jpg 200w, https:\/\/media.radiolitoral.com\/wp-content\/uploads\/2024\/08\/26113705\/Eleccion-de-la-Reina-2024-Teulada-6.jpg 2048w\" sizes=\"auto, (max-width: 300px) 100vw, 300px\" \/><\/a>\n\t\t\t<\/div><\/figure><figure class='gallery-item'>\n\t\t\t<div class='gallery-icon landscape'>\n\t\t\t\t<a href='https:\/\/media.radiolitoral.com\/wp-content\/uploads\/2024\/08\/26113700\/Eleccion-de-la-Reina-2024-Teulada-5.jpg'><img loading=\"lazy\" decoding=\"async\" width=\"300\" height=\"200\" src=\"https:\/\/media.radiolitoral.com\/wp-content\/uploads\/2024\/08\/26113700\/Eleccion-de-la-Reina-2024-Teulada-5-300x200.jpg\" class=\"attachment-medium size-medium\" alt=\"\" srcset=\"https:\/\/media.radiolitoral.com\/wp-content\/uploads\/2024\/08\/26113700\/Eleccion-de-la-Reina-2024-Teulada-5-300x200.jpg 300w, https:\/\/media.radiolitoral.com\/wp-content\/uploads\/2024\/08\/26113700\/Eleccion-de-la-Reina-2024-Teulada-5-1024x683.jpg 1024w, https:\/\/media.radiolitoral.com\/wp-content\/uploads\/2024\/08\/26113700\/Eleccion-de-la-Reina-2024-Teulada-5-768x512.jpg 768w, https:\/\/media.radiolitoral.com\/wp-content\/uploads\/2024\/08\/26113700\/Eleccion-de-la-Reina-2024-Teulada-5-1536x1024.jpg 1536w, https:\/\/media.radiolitoral.com\/wp-content\/uploads\/2024\/08\/26113700\/Eleccion-de-la-Reina-2024-Teulada-5-18x12.jpg 18w, https:\/\/media.radiolitoral.com\/wp-content\/uploads\/2024\/08\/26113700\/Eleccion-de-la-Reina-2024-Teulada-5-1000x667.jpg 1000w, https:\/\/media.radiolitoral.com\/wp-content\/uploads\/2024\/08\/26113700\/Eleccion-de-la-Reina-2024-Teulada-5-100x67.jpg 100w, https:\/\/media.radiolitoral.com\/wp-content\/uploads\/2024\/08\/26113700\/Eleccion-de-la-Reina-2024-Teulada-5-200x133.jpg 200w, https:\/\/media.radiolitoral.com\/wp-content\/uploads\/2024\/08\/26113700\/Eleccion-de-la-Reina-2024-Teulada-5.jpg 2048w\" sizes=\"auto, (max-width: 300px) 100vw, 300px\" \/><\/a>\n\t\t\t<\/div><\/figure><figure class='gallery-item'>\n\t\t\t<div class='gallery-icon landscape'>\n\t\t\t\t<a href='https:\/\/media.radiolitoral.com\/wp-content\/uploads\/2024\/08\/26113655\/Eleccion-de-la-Reina-2024-Teulada-4.jpg'><img loading=\"lazy\" decoding=\"async\" width=\"300\" height=\"200\" src=\"https:\/\/media.radiolitoral.com\/wp-content\/uploads\/2024\/08\/26113655\/Eleccion-de-la-Reina-2024-Teulada-4-300x200.jpg\" class=\"attachment-medium size-medium\" alt=\"\" srcset=\"https:\/\/media.radiolitoral.com\/wp-content\/uploads\/2024\/08\/26113655\/Eleccion-de-la-Reina-2024-Teulada-4-300x200.jpg 300w, https:\/\/media.radiolitoral.com\/wp-content\/uploads\/2024\/08\/26113655\/Eleccion-de-la-Reina-2024-Teulada-4-1024x683.jpg 1024w, https:\/\/media.radiolitoral.com\/wp-content\/uploads\/2024\/08\/26113655\/Eleccion-de-la-Reina-2024-Teulada-4-768x512.jpg 768w, https:\/\/media.radiolitoral.com\/wp-content\/uploads\/2024\/08\/26113655\/Eleccion-de-la-Reina-2024-Teulada-4-1536x1024.jpg 1536w, https:\/\/media.radiolitoral.com\/wp-content\/uploads\/2024\/08\/26113655\/Eleccion-de-la-Reina-2024-Teulada-4-18x12.jpg 18w, https:\/\/media.radiolitoral.com\/wp-content\/uploads\/2024\/08\/26113655\/Eleccion-de-la-Reina-2024-Teulada-4-1000x667.jpg 1000w, https:\/\/media.radiolitoral.com\/wp-content\/uploads\/2024\/08\/26113655\/Eleccion-de-la-Reina-2024-Teulada-4-100x67.jpg 100w, https:\/\/media.radiolitoral.com\/wp-content\/uploads\/2024\/08\/26113655\/Eleccion-de-la-Reina-2024-Teulada-4-200x133.jpg 200w, https:\/\/media.radiolitoral.com\/wp-content\/uploads\/2024\/08\/26113655\/Eleccion-de-la-Reina-2024-Teulada-4.jpg 2048w\" sizes=\"auto, (max-width: 300px) 100vw, 300px\" \/><\/a>\n\t\t\t<\/div><\/figure><figure class='gallery-item'>\n\t\t\t<div class='gallery-icon landscape'>\n\t\t\t\t<a href='https:\/\/media.radiolitoral.com\/wp-content\/uploads\/2024\/08\/26113650\/Eleccion-de-la-Reina-2024-Teulada-3.jpg'><img loading=\"lazy\" decoding=\"async\" width=\"300\" height=\"200\" src=\"https:\/\/media.radiolitoral.com\/wp-content\/uploads\/2024\/08\/26113650\/Eleccion-de-la-Reina-2024-Teulada-3-300x200.jpg\" class=\"attachment-medium size-medium\" alt=\"\" srcset=\"https:\/\/media.radiolitoral.com\/wp-content\/uploads\/2024\/08\/26113650\/Eleccion-de-la-Reina-2024-Teulada-3-300x200.jpg 300w, https:\/\/media.radiolitoral.com\/wp-content\/uploads\/2024\/08\/26113650\/Eleccion-de-la-Reina-2024-Teulada-3-1024x683.jpg 1024w, https:\/\/media.radiolitoral.com\/wp-content\/uploads\/2024\/08\/26113650\/Eleccion-de-la-Reina-2024-Teulada-3-768x512.jpg 768w, https:\/\/media.radiolitoral.com\/wp-content\/uploads\/2024\/08\/26113650\/Eleccion-de-la-Reina-2024-Teulada-3-1536x1024.jpg 1536w, https:\/\/media.radiolitoral.com\/wp-content\/uploads\/2024\/08\/26113650\/Eleccion-de-la-Reina-2024-Teulada-3-18x12.jpg 18w, https:\/\/media.radiolitoral.com\/wp-content\/uploads\/2024\/08\/26113650\/Eleccion-de-la-Reina-2024-Teulada-3-1000x667.jpg 1000w, https:\/\/media.radiolitoral.com\/wp-content\/uploads\/2024\/08\/26113650\/Eleccion-de-la-Reina-2024-Teulada-3-100x67.jpg 100w, https:\/\/media.radiolitoral.com\/wp-content\/uploads\/2024\/08\/26113650\/Eleccion-de-la-Reina-2024-Teulada-3-200x133.jpg 200w, https:\/\/media.radiolitoral.com\/wp-content\/uploads\/2024\/08\/26113650\/Eleccion-de-la-Reina-2024-Teulada-3.jpg 2048w\" sizes=\"auto, (max-width: 300px) 100vw, 300px\" \/><\/a>\n\t\t\t<\/div><\/figure><figure class='gallery-item'>\n\t\t\t<div class='gallery-icon landscape'>\n\t\t\t\t<a href='https:\/\/media.radiolitoral.com\/wp-content\/uploads\/2024\/08\/26113642\/Eleccion-de-la-Reina-2024-Teulada-1.jpg'><img loading=\"lazy\" decoding=\"async\" width=\"300\" height=\"200\" src=\"https:\/\/media.radiolitoral.com\/wp-content\/uploads\/2024\/08\/26113642\/Eleccion-de-la-Reina-2024-Teulada-1-300x200.jpg\" class=\"attachment-medium size-medium\" alt=\"\" srcset=\"https:\/\/media.radiolitoral.com\/wp-content\/uploads\/2024\/08\/26113642\/Eleccion-de-la-Reina-2024-Teulada-1-300x200.jpg 300w, https:\/\/media.radiolitoral.com\/wp-content\/uploads\/2024\/08\/26113642\/Eleccion-de-la-Reina-2024-Teulada-1-1024x683.jpg 1024w, https:\/\/media.radiolitoral.com\/wp-content\/uploads\/2024\/08\/26113642\/Eleccion-de-la-Reina-2024-Teulada-1-768x512.jpg 768w, https:\/\/media.radiolitoral.com\/wp-content\/uploads\/2024\/08\/26113642\/Eleccion-de-la-Reina-2024-Teulada-1-1536x1024.jpg 1536w, https:\/\/media.radiolitoral.com\/wp-content\/uploads\/2024\/08\/26113642\/Eleccion-de-la-Reina-2024-Teulada-1-18x12.jpg 18w, https:\/\/media.radiolitoral.com\/wp-content\/uploads\/2024\/08\/26113642\/Eleccion-de-la-Reina-2024-Teulada-1-1000x667.jpg 1000w, https:\/\/media.radiolitoral.com\/wp-content\/uploads\/2024\/08\/26113642\/Eleccion-de-la-Reina-2024-Teulada-1-100x67.jpg 100w, https:\/\/media.radiolitoral.com\/wp-content\/uploads\/2024\/08\/26113642\/Eleccion-de-la-Reina-2024-Teulada-1-200x133.jpg 200w, https:\/\/media.radiolitoral.com\/wp-content\/uploads\/2024\/08\/26113642\/Eleccion-de-la-Reina-2024-Teulada-1.jpg 2048w\" sizes=\"auto, (max-width: 300px) 100vw, 300px\" \/><\/a>\n\t\t\t<\/div><\/figure>\n\t\t<\/div>","protected":false},"excerpt":{"rendered":"<p>El passat dissabte 24 d&#8217;agost, la localitat de Teulada va viure una nit m\u00e0gica amb l\u2019elecci\u00f3 de les Reines de les Festes de Sant Vicent Ferrer 2025. En un acte ple d\u2019emoci\u00f3 i tradici\u00f3, Alexia Sendra Sala va ser coronada com a Reina Infantil i Clara Sala Bertomeu com a Reina Major. Ambdues joves tindran [&#8230;]<\/p>\n<p><a class=\"btn btn-secondary understrap-read-more-link\" href=\"https:\/\/radiolitoral.com\/ca\/2024\/08\/teulada-celebra-leleccio-de-les-reines-de-les-festes-de-sant-vicent-ferrer-2025\/\">Continua llegint&#8230;<span class=\"screen-reader-text\"> from Teulada celebra l\u2019elecci\u00f3 de les Reines de les Festes de Sant Vicent Ferrer 2025<\/span><\/a><\/p>\n","protected":false},"author":14,"featured_media":10801,"comment_status":"open","ping_status":"closed","sticky":false,"template":"","format":"standard","meta":{"_acf_changed":false,"inline_featured_image":false,"footnotes":""},"categories":[276],"tags":[1561,2043,484,195],"class_list":["post-10797","post","type-post","status-publish","format-standard","has-post-thumbnail","hentry","category-fiestas","tag-festes","tag-reinas-teulada-2025","tag-sant-vicent-ferrer-teulada","tag-teulada-moraira","cobertura-teulada-moraira"],"acf":[],"yoast_head":"<!-- This site is optimized with the Yoast SEO plugin v27.5 - https:\/\/yoast.com\/product\/yoast-seo-wordpress\/ -->\n<title>Teulada celebra l\u2019elecci\u00f3 de les Reines de les Festes de Sant Vicent Ferrer 2025 | R\u00e0dio Litoral<\/title>\n<meta name=\"description\" content=\"Alexia Sendra Sala va ser coronada com a Reina Infantil i Clara Sala Bertomeu com a Reina Major\" \/>\n<meta name=\"robots\" content=\"index, follow, max-snippet:-1, max-image-preview:large, max-video-preview:-1\" \/>\n<link rel=\"canonical\" href=\"https:\/\/radiolitoral.com\/ca\/2024\/08\/teulada-celebra-leleccio-de-les-reines-de-les-festes-de-sant-vicent-ferrer-2025\/\" \/>\n<meta property=\"og:locale\" content=\"ca_ES\" \/>\n<meta property=\"og:type\" content=\"article\" \/>\n<meta property=\"og:title\" content=\"Teulada celebra l\u2019elecci\u00f3 de les Reines de les Festes de Sant Vicent Ferrer 2025 | R\u00e0dio Litoral\" \/>\n<meta property=\"og:description\" content=\"Alexia Sendra Sala va ser coronada com a Reina Infantil i Clara Sala Bertomeu com a Reina Major\" \/>\n<meta property=\"og:url\" content=\"https:\/\/radiolitoral.com\/ca\/2024\/08\/teulada-celebra-leleccio-de-les-reines-de-les-festes-de-sant-vicent-ferrer-2025\/\" \/>\n<meta property=\"og:site_name\" content=\"R\u00e0dio Litoral\" \/>\n<meta property=\"article:publisher\" content=\"https:\/\/www.facebook.com\/Laradiolitoral\/\" \/>\n<meta property=\"article:published_time\" content=\"2024-08-26T10:09:59+00:00\" \/>\n<meta property=\"article:modified_time\" content=\"2024-08-26T10:12:50+00:00\" \/>\n<meta property=\"og:image\" content=\"https:\/\/media.radiolitoral.com\/wp-content\/uploads\/2024\/08\/26113655\/Eleccion-de-la-Reina-2024-Teulada-4.jpg\" \/>\n\t<meta property=\"og:image:width\" content=\"2048\" \/>\n\t<meta property=\"og:image:height\" content=\"1365\" \/>\n\t<meta property=\"og:image:type\" content=\"image\/jpeg\" \/>\n<meta name=\"author\" content=\"Redacci\u00f3n\" \/>\n<meta name=\"twitter:card\" content=\"summary_large_image\" \/>\n<meta name=\"twitter:label1\" content=\"Escrit per\" \/>\n\t<meta name=\"twitter:data1\" content=\"Redacci\u00f3n\" \/>\n\t<meta name=\"twitter:label2\" content=\"Temps estimat de lectura\" \/>\n\t<meta name=\"twitter:data2\" content=\"2 minuts\" \/>\n<script type=\"application\/ld+json\" class=\"yoast-schema-graph\">{\"@context\":\"https:\\\/\\\/schema.org\",\"@graph\":[{\"@type\":\"NewsArticle\",\"@id\":\"https:\\\/\\\/radiolitoral.com\\\/2024\\\/08\\\/teulada-celebra-leleccio-de-les-reines-de-les-festes-de-sant-vicent-ferrer-2025\\\/#article\",\"isPartOf\":{\"@id\":\"https:\\\/\\\/radiolitoral.com\\\/2024\\\/08\\\/teulada-celebra-leleccio-de-les-reines-de-les-festes-de-sant-vicent-ferrer-2025\\\/\"},\"author\":{\"name\":\"Redacci\u00f3n\",\"@id\":\"https:\\\/\\\/radiolitoral.com\\\/#\\\/schema\\\/person\\\/96b739642eb3bedb532aac3812d23307\"},\"headline\":\"Teulada celebra l\u2019elecci\u00f3 de les Reines de les Festes de Sant Vicent Ferrer 2025\",\"datePublished\":\"2024-08-26T10:09:59+00:00\",\"dateModified\":\"2024-08-26T10:12:50+00:00\",\"mainEntityOfPage\":{\"@id\":\"https:\\\/\\\/radiolitoral.com\\\/2024\\\/08\\\/teulada-celebra-leleccio-de-les-reines-de-les-festes-de-sant-vicent-ferrer-2025\\\/\"},\"wordCount\":277,\"commentCount\":0,\"publisher\":{\"@id\":\"https:\\\/\\\/radiolitoral.com\\\/#organization\"},\"image\":{\"@id\":\"https:\\\/\\\/radiolitoral.com\\\/2024\\\/08\\\/teulada-celebra-leleccio-de-les-reines-de-les-festes-de-sant-vicent-ferrer-2025\\\/#primaryimage\"},\"thumbnailUrl\":\"https:\\\/\\\/media.radiolitoral.com\\\/wp-content\\\/uploads\\\/2024\\\/08\\\/26113655\\\/Eleccion-de-la-Reina-2024-Teulada-4.jpg\",\"keywords\":[\"Festes\",\"reinas Teulada 2025\",\"Sant Vicent Ferrer Teulada\",\"Teulada-Moraira\"],\"articleSection\":[\"Fiestas\"],\"inLanguage\":\"ca\",\"potentialAction\":[{\"@type\":\"CommentAction\",\"name\":\"Comment\",\"target\":[\"https:\\\/\\\/radiolitoral.com\\\/2024\\\/08\\\/teulada-celebra-leleccio-de-les-reines-de-les-festes-de-sant-vicent-ferrer-2025\\\/#respond\"]}]},{\"@type\":[\"WebPage\",\"ItemPage\"],\"@id\":\"https:\\\/\\\/radiolitoral.com\\\/2024\\\/08\\\/teulada-celebra-leleccio-de-les-reines-de-les-festes-de-sant-vicent-ferrer-2025\\\/\",\"url\":\"https:\\\/\\\/radiolitoral.com\\\/2024\\\/08\\\/teulada-celebra-leleccio-de-les-reines-de-les-festes-de-sant-vicent-ferrer-2025\\\/\",\"name\":\"Teulada celebra l\u2019elecci\u00f3 de les Reines de les Festes de Sant Vicent Ferrer 2025 | R\u00e0dio Litoral\",\"isPartOf\":{\"@id\":\"https:\\\/\\\/radiolitoral.com\\\/#website\"},\"primaryImageOfPage\":{\"@id\":\"https:\\\/\\\/radiolitoral.com\\\/2024\\\/08\\\/teulada-celebra-leleccio-de-les-reines-de-les-festes-de-sant-vicent-ferrer-2025\\\/#primaryimage\"},\"image\":{\"@id\":\"https:\\\/\\\/radiolitoral.com\\\/2024\\\/08\\\/teulada-celebra-leleccio-de-les-reines-de-les-festes-de-sant-vicent-ferrer-2025\\\/#primaryimage\"},\"thumbnailUrl\":\"https:\\\/\\\/media.radiolitoral.com\\\/wp-content\\\/uploads\\\/2024\\\/08\\\/26113655\\\/Eleccion-de-la-Reina-2024-Teulada-4.jpg\",\"datePublished\":\"2024-08-26T10:09:59+00:00\",\"dateModified\":\"2024-08-26T10:12:50+00:00\",\"description\":\"Alexia Sendra Sala va ser coronada com a Reina Infantil i Clara Sala Bertomeu com a Reina Major\",\"breadcrumb\":{\"@id\":\"https:\\\/\\\/radiolitoral.com\\\/2024\\\/08\\\/teulada-celebra-leleccio-de-les-reines-de-les-festes-de-sant-vicent-ferrer-2025\\\/#breadcrumb\"},\"inLanguage\":\"ca\",\"potentialAction\":[{\"@type\":\"ReadAction\",\"target\":[\"https:\\\/\\\/radiolitoral.com\\\/2024\\\/08\\\/teulada-celebra-leleccio-de-les-reines-de-les-festes-de-sant-vicent-ferrer-2025\\\/\"]}]},{\"@type\":\"ImageObject\",\"inLanguage\":\"ca\",\"@id\":\"https:\\\/\\\/radiolitoral.com\\\/2024\\\/08\\\/teulada-celebra-leleccio-de-les-reines-de-les-festes-de-sant-vicent-ferrer-2025\\\/#primaryimage\",\"url\":\"https:\\\/\\\/media.radiolitoral.com\\\/wp-content\\\/uploads\\\/2024\\\/08\\\/26113655\\\/Eleccion-de-la-Reina-2024-Teulada-4.jpg\",\"contentUrl\":\"https:\\\/\\\/media.radiolitoral.com\\\/wp-content\\\/uploads\\\/2024\\\/08\\\/26113655\\\/Eleccion-de-la-Reina-2024-Teulada-4.jpg\",\"width\":2048,\"height\":1365},{\"@type\":\"BreadcrumbList\",\"@id\":\"https:\\\/\\\/radiolitoral.com\\\/2024\\\/08\\\/teulada-celebra-leleccio-de-les-reines-de-les-festes-de-sant-vicent-ferrer-2025\\\/#breadcrumb\",\"itemListElement\":[{\"@type\":\"ListItem\",\"position\":1,\"name\":\"Portada\",\"item\":\"https:\\\/\\\/radiolitoral.com\\\/\"},{\"@type\":\"ListItem\",\"position\":2,\"name\":\"Teulada celebra l\u2019elecci\u00f3 de les Reines de les Festes de Sant Vicent Ferrer 2025\"}]},{\"@type\":\"WebSite\",\"@id\":\"https:\\\/\\\/radiolitoral.com\\\/#website\",\"url\":\"https:\\\/\\\/radiolitoral.com\\\/\",\"name\":\"Radio Litoral\",\"description\":\"La radio local de la Marina Alta\",\"publisher\":{\"@id\":\"https:\\\/\\\/radiolitoral.com\\\/#organization\"},\"alternateName\":\"Litoral FM\",\"potentialAction\":[{\"@type\":\"SearchAction\",\"target\":{\"@type\":\"EntryPoint\",\"urlTemplate\":\"https:\\\/\\\/radiolitoral.com\\\/?s={search_term_string}\"},\"query-input\":{\"@type\":\"PropertyValueSpecification\",\"valueRequired\":true,\"valueName\":\"search_term_string\"}}],\"inLanguage\":\"ca\"},{\"@type\":\"Organization\",\"@id\":\"https:\\\/\\\/radiolitoral.com\\\/#organization\",\"name\":\"Radio Litoral\",\"url\":\"https:\\\/\\\/radiolitoral.com\\\/\",\"logo\":{\"@type\":\"ImageObject\",\"inLanguage\":\"ca\",\"@id\":\"https:\\\/\\\/radiolitoral.com\\\/#\\\/schema\\\/logo\\\/image\\\/\",\"url\":\"https:\\\/\\\/media.radiolitoral.com\\\/wp-content\\\/uploads\\\/2023\\\/02\\\/24143238\\\/CL-V-RadioLitoral696.png\",\"contentUrl\":\"https:\\\/\\\/media.radiolitoral.com\\\/wp-content\\\/uploads\\\/2023\\\/02\\\/24143238\\\/CL-V-RadioLitoral696.png\",\"width\":696,\"height\":696,\"caption\":\"Radio Litoral\"},\"image\":{\"@id\":\"https:\\\/\\\/radiolitoral.com\\\/#\\\/schema\\\/logo\\\/image\\\/\"},\"sameAs\":[\"https:\\\/\\\/www.facebook.com\\\/Laradiolitoral\\\/\"]},{\"@type\":\"Person\",\"@id\":\"https:\\\/\\\/radiolitoral.com\\\/#\\\/schema\\\/person\\\/96b739642eb3bedb532aac3812d23307\",\"name\":\"Redacci\u00f3n\",\"image\":{\"@type\":\"ImageObject\",\"inLanguage\":\"ca\",\"@id\":\"https:\\\/\\\/secure.gravatar.com\\\/avatar\\\/30cd06129ee90411dd9c7cbdcf17464181d1a3c7b072e92070ea75a25cf0097e?s=96&d=mm&r=g\",\"url\":\"https:\\\/\\\/secure.gravatar.com\\\/avatar\\\/30cd06129ee90411dd9c7cbdcf17464181d1a3c7b072e92070ea75a25cf0097e?s=96&d=mm&r=g\",\"contentUrl\":\"https:\\\/\\\/secure.gravatar.com\\\/avatar\\\/30cd06129ee90411dd9c7cbdcf17464181d1a3c7b072e92070ea75a25cf0097e?s=96&d=mm&r=g\",\"caption\":\"Redacci\u00f3n\"},\"url\":\"https:\\\/\\\/radiolitoral.com\\\/ca\\\/author\\\/kevin-carrio\\\/\"}]}<\/script>\n<!-- \/ Yoast SEO plugin. -->","yoast_head_json":{"title":"Teulada celebra l&#039;elecci\u00f3 de les Regnes de Festes de Sant Vicent Ferrer 2025 | R\u00e0dio Litoral","description":"Alexia Sendra Sala va ser coronada com a Reina Infantil i Clara Sala Bertomeu com a Reina Major","robots":{"index":"index","follow":"follow","max-snippet":"max-snippet:-1","max-image-preview":"max-image-preview:large","max-video-preview":"max-video-preview:-1"},"canonical":"https:\/\/radiolitoral.com\/ca\/2024\/08\/teulada-celebra-leleccio-de-les-reines-de-les-festes-de-sant-vicent-ferrer-2025\/","og_locale":"ca_ES","og_type":"article","og_title":"Teulada celebra l\u2019elecci\u00f3 de les Reines de les Festes de Sant Vicent Ferrer 2025 | R\u00e0dio Litoral","og_description":"Alexia Sendra Sala va ser coronada com a Reina Infantil i Clara Sala Bertomeu com a Reina Major","og_url":"https:\/\/radiolitoral.com\/ca\/2024\/08\/teulada-celebra-leleccio-de-les-reines-de-les-festes-de-sant-vicent-ferrer-2025\/","og_site_name":"R\u00e0dio Litoral","article_publisher":"https:\/\/www.facebook.com\/Laradiolitoral\/","article_published_time":"2024-08-26T10:09:59+00:00","article_modified_time":"2024-08-26T10:12:50+00:00","og_image":[{"width":2048,"height":1365,"url":"https:\/\/media.radiolitoral.com\/wp-content\/uploads\/2024\/08\/26113655\/Eleccion-de-la-Reina-2024-Teulada-4.jpg","type":"image\/jpeg"}],"author":"Redacci\u00f3n","twitter_card":"summary_large_image","twitter_misc":{"Escrit per":"Redacci\u00f3n","Temps estimat de lectura":"2 minuts"},"schema":{"@context":"https:\/\/schema.org","@graph":[{"@type":"NewsArticle","@id":"https:\/\/radiolitoral.com\/2024\/08\/teulada-celebra-leleccio-de-les-reines-de-les-festes-de-sant-vicent-ferrer-2025\/#article","isPartOf":{"@id":"https:\/\/radiolitoral.com\/2024\/08\/teulada-celebra-leleccio-de-les-reines-de-les-festes-de-sant-vicent-ferrer-2025\/"},"author":{"name":"Redacci\u00f3n","@id":"https:\/\/radiolitoral.com\/#\/schema\/person\/96b739642eb3bedb532aac3812d23307"},"headline":"Teulada celebra l\u2019elecci\u00f3 de les Reines de les Festes de Sant Vicent Ferrer 2025","datePublished":"2024-08-26T10:09:59+00:00","dateModified":"2024-08-26T10:12:50+00:00","mainEntityOfPage":{"@id":"https:\/\/radiolitoral.com\/2024\/08\/teulada-celebra-leleccio-de-les-reines-de-les-festes-de-sant-vicent-ferrer-2025\/"},"wordCount":277,"commentCount":0,"publisher":{"@id":"https:\/\/radiolitoral.com\/#organization"},"image":{"@id":"https:\/\/radiolitoral.com\/2024\/08\/teulada-celebra-leleccio-de-les-reines-de-les-festes-de-sant-vicent-ferrer-2025\/#primaryimage"},"thumbnailUrl":"https:\/\/media.radiolitoral.com\/wp-content\/uploads\/2024\/08\/26113655\/Eleccion-de-la-Reina-2024-Teulada-4.jpg","keywords":["Festes","reinas Teulada 2025","Sant Vicent Ferrer Teulada","Teulada-Moraira"],"articleSection":["Fiestas"],"inLanguage":"ca","potentialAction":[{"@type":"CommentAction","name":"Comment","target":["https:\/\/radiolitoral.com\/2024\/08\/teulada-celebra-leleccio-de-les-reines-de-les-festes-de-sant-vicent-ferrer-2025\/#respond"]}]},{"@type":["WebPage","ItemPage"],"@id":"https:\/\/radiolitoral.com\/2024\/08\/teulada-celebra-leleccio-de-les-reines-de-les-festes-de-sant-vicent-ferrer-2025\/","url":"https:\/\/radiolitoral.com\/2024\/08\/teulada-celebra-leleccio-de-les-reines-de-les-festes-de-sant-vicent-ferrer-2025\/","name":"Teulada celebra l&#039;elecci\u00f3 de les Regnes de Festes de Sant Vicent Ferrer 2025 | R\u00e0dio Litoral","isPartOf":{"@id":"https:\/\/radiolitoral.com\/#website"},"primaryImageOfPage":{"@id":"https:\/\/radiolitoral.com\/2024\/08\/teulada-celebra-leleccio-de-les-reines-de-les-festes-de-sant-vicent-ferrer-2025\/#primaryimage"},"image":{"@id":"https:\/\/radiolitoral.com\/2024\/08\/teulada-celebra-leleccio-de-les-reines-de-les-festes-de-sant-vicent-ferrer-2025\/#primaryimage"},"thumbnailUrl":"https:\/\/media.radiolitoral.com\/wp-content\/uploads\/2024\/08\/26113655\/Eleccion-de-la-Reina-2024-Teulada-4.jpg","datePublished":"2024-08-26T10:09:59+00:00","dateModified":"2024-08-26T10:12:50+00:00","description":"Alexia Sendra Sala va ser coronada com a Reina Infantil i Clara Sala Bertomeu com a Reina Major","breadcrumb":{"@id":"https:\/\/radiolitoral.com\/2024\/08\/teulada-celebra-leleccio-de-les-reines-de-les-festes-de-sant-vicent-ferrer-2025\/#breadcrumb"},"inLanguage":"ca","potentialAction":[{"@type":"ReadAction","target":["https:\/\/radiolitoral.com\/2024\/08\/teulada-celebra-leleccio-de-les-reines-de-les-festes-de-sant-vicent-ferrer-2025\/"]}]},{"@type":"ImageObject","inLanguage":"ca","@id":"https:\/\/radiolitoral.com\/2024\/08\/teulada-celebra-leleccio-de-les-reines-de-les-festes-de-sant-vicent-ferrer-2025\/#primaryimage","url":"https:\/\/media.radiolitoral.com\/wp-content\/uploads\/2024\/08\/26113655\/Eleccion-de-la-Reina-2024-Teulada-4.jpg","contentUrl":"https:\/\/media.radiolitoral.com\/wp-content\/uploads\/2024\/08\/26113655\/Eleccion-de-la-Reina-2024-Teulada-4.jpg","width":2048,"height":1365},{"@type":"BreadcrumbList","@id":"https:\/\/radiolitoral.com\/2024\/08\/teulada-celebra-leleccio-de-les-reines-de-les-festes-de-sant-vicent-ferrer-2025\/#breadcrumb","itemListElement":[{"@type":"ListItem","position":1,"name":"Portada","item":"https:\/\/radiolitoral.com\/"},{"@type":"ListItem","position":2,"name":"Teulada celebra l\u2019elecci\u00f3 de les Reines de les Festes de Sant Vicent Ferrer 2025"}]},{"@type":"WebSite","@id":"https:\/\/radiolitoral.com\/#website","url":"https:\/\/radiolitoral.com\/","name":"R\u00e0dio Litoral","description":"La r\u00e0dio local de la Marina Alta","publisher":{"@id":"https:\/\/radiolitoral.com\/#organization"},"alternateName":"Litoral FM","potentialAction":[{"@type":"SearchAction","target":{"@type":"EntryPoint","urlTemplate":"https:\/\/radiolitoral.com\/?s={search_term_string}"},"query-input":{"@type":"PropertyValueSpecification","valueRequired":true,"valueName":"search_term_string"}}],"inLanguage":"ca"},{"@type":"Organization","@id":"https:\/\/radiolitoral.com\/#organization","name":"R\u00e0dio Litoral","url":"https:\/\/radiolitoral.com\/","logo":{"@type":"ImageObject","inLanguage":"ca","@id":"https:\/\/radiolitoral.com\/#\/schema\/logo\/image\/","url":"https:\/\/media.radiolitoral.com\/wp-content\/uploads\/2023\/02\/24143238\/CL-V-RadioLitoral696.png","contentUrl":"https:\/\/media.radiolitoral.com\/wp-content\/uploads\/2023\/02\/24143238\/CL-V-RadioLitoral696.png","width":696,"height":696,"caption":"Radio Litoral"},"image":{"@id":"https:\/\/radiolitoral.com\/#\/schema\/logo\/image\/"},"sameAs":["https:\/\/www.facebook.com\/Laradiolitoral\/"]},{"@type":"Person","@id":"https:\/\/radiolitoral.com\/#\/schema\/person\/96b739642eb3bedb532aac3812d23307","name":"Redacci\u00f3","image":{"@type":"ImageObject","inLanguage":"ca","@id":"https:\/\/secure.gravatar.com\/avatar\/30cd06129ee90411dd9c7cbdcf17464181d1a3c7b072e92070ea75a25cf0097e?s=96&d=mm&r=g","url":"https:\/\/secure.gravatar.com\/avatar\/30cd06129ee90411dd9c7cbdcf17464181d1a3c7b072e92070ea75a25cf0097e?s=96&d=mm&r=g","contentUrl":"https:\/\/secure.gravatar.com\/avatar\/30cd06129ee90411dd9c7cbdcf17464181d1a3c7b072e92070ea75a25cf0097e?s=96&d=mm&r=g","caption":"Redacci\u00f3n"},"url":"https:\/\/radiolitoral.com\/ca\/author\/kevin-carrio\/"}]}},"_links":{"self":[{"href":"https:\/\/radiolitoral.com\/ca\/wp-json\/wp\/v2\/posts\/10797","targetHints":{"allow":["GET"]}}],"collection":[{"href":"https:\/\/radiolitoral.com\/ca\/wp-json\/wp\/v2\/posts"}],"about":[{"href":"https:\/\/radiolitoral.com\/ca\/wp-json\/wp\/v2\/types\/post"}],"author":[{"embeddable":true,"href":"https:\/\/radiolitoral.com\/ca\/wp-json\/wp\/v2\/users\/14"}],"replies":[{"embeddable":true,"href":"https:\/\/radiolitoral.com\/ca\/wp-json\/wp\/v2\/comments?post=10797"}],"version-history":[{"count":2,"href":"https:\/\/radiolitoral.com\/ca\/wp-json\/wp\/v2\/posts\/10797\/revisions"}],"predecessor-version":[{"id":10810,"href":"https:\/\/radiolitoral.com\/ca\/wp-json\/wp\/v2\/posts\/10797\/revisions\/10810"}],"wp:featuredmedia":[{"embeddable":true,"href":"https:\/\/radiolitoral.com\/ca\/wp-json\/wp\/v2\/media\/10801"}],"wp:attachment":[{"href":"https:\/\/radiolitoral.com\/ca\/wp-json\/wp\/v2\/media?parent=10797"}],"wp:term":[{"taxonomy":"category","embeddable":true,"href":"https:\/\/radiolitoral.com\/ca\/wp-json\/wp\/v2\/categories?post=10797"},{"taxonomy":"post_tag","embeddable":true,"href":"https:\/\/radiolitoral.com\/ca\/wp-json\/wp\/v2\/tags?post=10797"}],"curies":[{"name":"wp","href":"https:\/\/api.w.org\/{rel}","templated":true}]}}