{"id":10756,"date":"2024-08-22T07:47:15","date_gmt":"2024-08-22T05:47:15","guid":{"rendered":"https:\/\/radiolitoral.com\/?p=10756"},"modified":"2024-08-22T07:47:15","modified_gmt":"2024-08-22T05:47:15","slug":"calp-torna-a-obrir-platja-arenal-bol","status":"publish","type":"post","link":"https:\/\/radiolitoral.com\/ca\/2024\/08\/calp-torna-a-obrir-platja-arenal-bol\/","title":{"rendered":"Reobre la platja de l&#039;Arenal-Bol a Calp despr\u00e9s de confirmar-se l&#039;excel\u00b7lent qualitat de les aig\u00fces"},"content":{"rendered":"<p>Els recents an\u00e0lisis de l&#039;aigua de la platja de l&#039;Arenal-Bol han confirmat que es troba en condicions excel\u00b7lents, motiu pel qual l&#039;Ajuntament ha decidit reobrir al bany la zona propera a la desembocadura del barranc del Quisi.<\/p>\n<p>La Direcci\u00f3 General d&#039;Aig\u00fces va enviar a l&#039;Ajuntament l&#039;informe de les mostres d&#039;aigua recollides el passat dilluns, despr\u00e9s de sospitar-se una possible ruptura del col\u00b7lector d&#039;aig\u00fces depurades. Tanmateix, les verificacions realitzades han perm\u00e8s descartar aquesta hip\u00f2tesi.<\/p>\n<p>Davant aquesta situaci\u00f3, el consistori va implementar diverses mesures preventives per garantir la seguretat dels banyistes, com construir un des de arena a la desembocadura del barranc per evitar l\u00b4entrada d\u00b4aigua al mar, restringir l\u00b4acc\u00e9s a la zona i prohibir temporalment el bany a aquest sector. Aix\u00ed mateix, es va procedir a clorar l&#039;aigua depurada per minimitzar la pres\u00e8ncia de microorganismes i assegurar que l&#039;aigua de la platja es mantingu\u00e9s en condicions \u00f2ptimes per al bany.<\/p>","protected":false},"excerpt":{"rendered":"<p>Les recents an\u00e0lisis de l\u2019aigua de la platja de l\u2019Arenal-Bol han confirmat que es troba en condicions excel\u00b7lents, motiu pel qual l\u2019Ajuntament ha decidit reobrir al bany la zona propera a la desembocadura del barranc del Quisi. La Direcci\u00f3 General d\u2019Aig\u00fces va enviar a l\u2019Ajuntament l\u2019informe de les mostres d\u2019aigua recollides el passat dilluns, despr\u00e9s [&#8230;]<\/p>\n<p><a class=\"btn btn-secondary understrap-read-more-link\" href=\"https:\/\/radiolitoral.com\/ca\/2024\/08\/calp-torna-a-obrir-platja-arenal-bol\/\">Continua llegint&#8230;<span class=\"screen-reader-text\"> from Reoberta la platja de l&#8217;Arenal-Bol a Calp despr\u00e9s de confirmar-se l&#8217;excel\u00b7lent qualitat de les aig\u00fces<\/span><\/a><\/p>\n","protected":false},"author":11,"featured_media":10757,"comment_status":"open","ping_status":"closed","sticky":false,"template":"","format":"standard","meta":{"_acf_changed":false,"inline_featured_image":false,"footnotes":""},"categories":[46],"tags":[104,2030,2027,122],"class_list":["post-10756","post","type-post","status-publish","format-standard","has-post-thumbnail","hentry","category-sociedad","tag-agua","tag-apertura-playa","tag-arenal-bol","tag-calp","cobertura-calp"],"acf":[],"yoast_head":"<!-- This site is optimized with the Yoast SEO plugin v27.5 - https:\/\/yoast.com\/product\/yoast-seo-wordpress\/ -->\n<title>Reoberta la platja de l&#039;Arenal-Bol a Calp despr\u00e9s de confirmar-se l&#039;excel\u00b7lent qualitat de les aig\u00fces | R\u00e0dio Litoral<\/title>\n<meta name=\"description\" content=\"Les an\u00e0lisis descarten la ruptura del col\u00b7lector d&#039;aig\u00fces depurades, permetent la reobertura al bany de la zona afectada\" \/>\n<meta name=\"robots\" content=\"index, follow, max-snippet:-1, max-image-preview:large, max-video-preview:-1\" \/>\n<link rel=\"canonical\" href=\"https:\/\/radiolitoral.com\/ca\/2024\/08\/calp-torna-a-obrir-platja-arenal-bol\/\" \/>\n<meta property=\"og:locale\" content=\"ca_ES\" \/>\n<meta property=\"og:type\" content=\"article\" \/>\n<meta property=\"og:title\" content=\"Reoberta la platja de l&#039;Arenal-Bol a Calp despr\u00e9s de confirmar-se l&#039;excel\u00b7lent qualitat de les aig\u00fces | R\u00e0dio Litoral\" \/>\n<meta property=\"og:description\" content=\"Les an\u00e0lisis descarten la ruptura del col\u00b7lector d&#039;aig\u00fces depurades, permetent la reobertura al bany de la zona afectada\" \/>\n<meta property=\"og:url\" content=\"https:\/\/radiolitoral.com\/ca\/2024\/08\/calp-torna-a-obrir-platja-arenal-bol\/\" \/>\n<meta property=\"og:site_name\" content=\"R\u00e0dio Litoral\" \/>\n<meta property=\"article:publisher\" content=\"https:\/\/www.facebook.com\/Laradiolitoral\/\" \/>\n<meta property=\"article:published_time\" content=\"2024-08-22T05:47:15+00:00\" \/>\n<meta property=\"og:image\" content=\"https:\/\/media.radiolitoral.com\/wp-content\/uploads\/2024\/08\/22074344\/Platja-Arenal-Bol-Calp--scaled.jpg\" \/>\n\t<meta property=\"og:image:width\" content=\"2560\" \/>\n\t<meta property=\"og:image:height\" content=\"1707\" \/>\n\t<meta property=\"og:image:type\" content=\"image\/jpeg\" \/>\n<meta name=\"author\" content=\"Redacci\u00f3n\" \/>\n<meta name=\"twitter:card\" content=\"summary_large_image\" \/>\n<meta name=\"twitter:label1\" content=\"Escrit per\" \/>\n\t<meta name=\"twitter:data1\" content=\"Redacci\u00f3n\" \/>\n\t<meta name=\"twitter:label2\" content=\"Temps estimat de lectura\" \/>\n\t<meta name=\"twitter:data2\" content=\"1 minut\" \/>\n<script type=\"application\/ld+json\" class=\"yoast-schema-graph\">{\"@context\":\"https:\\\/\\\/schema.org\",\"@graph\":[{\"@type\":\"NewsArticle\",\"@id\":\"https:\\\/\\\/radiolitoral.com\\\/2024\\\/08\\\/calp-torna-a-obrir-platja-arenal-bol\\\/#article\",\"isPartOf\":{\"@id\":\"https:\\\/\\\/radiolitoral.com\\\/2024\\\/08\\\/calp-torna-a-obrir-platja-arenal-bol\\\/\"},\"author\":{\"name\":\"Redacci\u00f3n\",\"@id\":\"https:\\\/\\\/radiolitoral.com\\\/#\\\/schema\\\/person\\\/aaadc9e35663a92bd94a05f5816f296d\"},\"headline\":\"Reoberta la platja de l&#8217;Arenal-Bol a Calp despr\u00e9s de confirmar-se l&#8217;excel\u00b7lent qualitat de les aig\u00fces\",\"datePublished\":\"2024-08-22T05:47:15+00:00\",\"mainEntityOfPage\":{\"@id\":\"https:\\\/\\\/radiolitoral.com\\\/2024\\\/08\\\/calp-torna-a-obrir-platja-arenal-bol\\\/\"},\"wordCount\":195,\"commentCount\":0,\"publisher\":{\"@id\":\"https:\\\/\\\/radiolitoral.com\\\/#organization\"},\"image\":{\"@id\":\"https:\\\/\\\/radiolitoral.com\\\/2024\\\/08\\\/calp-torna-a-obrir-platja-arenal-bol\\\/#primaryimage\"},\"thumbnailUrl\":\"https:\\\/\\\/media.radiolitoral.com\\\/wp-content\\\/uploads\\\/2024\\\/08\\\/22074344\\\/Platja-Arenal-Bol-Calp--scaled.jpg\",\"keywords\":[\"Agua\",\"apertura playa\",\"Arenal Bol\",\"Calp\"],\"articleSection\":[\"Sociedad\"],\"inLanguage\":\"ca\",\"potentialAction\":[{\"@type\":\"CommentAction\",\"name\":\"Comment\",\"target\":[\"https:\\\/\\\/radiolitoral.com\\\/2024\\\/08\\\/calp-torna-a-obrir-platja-arenal-bol\\\/#respond\"]}]},{\"@type\":[\"WebPage\",\"ItemPage\"],\"@id\":\"https:\\\/\\\/radiolitoral.com\\\/2024\\\/08\\\/calp-torna-a-obrir-platja-arenal-bol\\\/\",\"url\":\"https:\\\/\\\/radiolitoral.com\\\/2024\\\/08\\\/calp-torna-a-obrir-platja-arenal-bol\\\/\",\"name\":\"Reoberta la platja de l'Arenal-Bol a Calp despr\u00e9s de confirmar-se l'excel\u00b7lent qualitat de les aig\u00fces | R\u00e0dio Litoral\",\"isPartOf\":{\"@id\":\"https:\\\/\\\/radiolitoral.com\\\/#website\"},\"primaryImageOfPage\":{\"@id\":\"https:\\\/\\\/radiolitoral.com\\\/2024\\\/08\\\/calp-torna-a-obrir-platja-arenal-bol\\\/#primaryimage\"},\"image\":{\"@id\":\"https:\\\/\\\/radiolitoral.com\\\/2024\\\/08\\\/calp-torna-a-obrir-platja-arenal-bol\\\/#primaryimage\"},\"thumbnailUrl\":\"https:\\\/\\\/media.radiolitoral.com\\\/wp-content\\\/uploads\\\/2024\\\/08\\\/22074344\\\/Platja-Arenal-Bol-Calp--scaled.jpg\",\"datePublished\":\"2024-08-22T05:47:15+00:00\",\"description\":\"Les an\u00e0lisis descarten la ruptura del col\u00b7lector d'aig\u00fces depurades, permetent la reobertura al bany de la zona afectada\",\"breadcrumb\":{\"@id\":\"https:\\\/\\\/radiolitoral.com\\\/2024\\\/08\\\/calp-torna-a-obrir-platja-arenal-bol\\\/#breadcrumb\"},\"inLanguage\":\"ca\",\"potentialAction\":[{\"@type\":\"ReadAction\",\"target\":[\"https:\\\/\\\/radiolitoral.com\\\/2024\\\/08\\\/calp-torna-a-obrir-platja-arenal-bol\\\/\"]}]},{\"@type\":\"ImageObject\",\"inLanguage\":\"ca\",\"@id\":\"https:\\\/\\\/radiolitoral.com\\\/2024\\\/08\\\/calp-torna-a-obrir-platja-arenal-bol\\\/#primaryimage\",\"url\":\"https:\\\/\\\/media.radiolitoral.com\\\/wp-content\\\/uploads\\\/2024\\\/08\\\/22074344\\\/Platja-Arenal-Bol-Calp--scaled.jpg\",\"contentUrl\":\"https:\\\/\\\/media.radiolitoral.com\\\/wp-content\\\/uploads\\\/2024\\\/08\\\/22074344\\\/Platja-Arenal-Bol-Calp--scaled.jpg\",\"width\":2560,\"height\":1707,\"caption\":\"Platja Arenal-Bol - Calp--\"},{\"@type\":\"BreadcrumbList\",\"@id\":\"https:\\\/\\\/radiolitoral.com\\\/2024\\\/08\\\/calp-torna-a-obrir-platja-arenal-bol\\\/#breadcrumb\",\"itemListElement\":[{\"@type\":\"ListItem\",\"position\":1,\"name\":\"Portada\",\"item\":\"https:\\\/\\\/radiolitoral.com\\\/\"},{\"@type\":\"ListItem\",\"position\":2,\"name\":\"Reoberta la platja de l&#8217;Arenal-Bol a Calp despr\u00e9s de confirmar-se l&#8217;excel\u00b7lent qualitat de les aig\u00fces\"}]},{\"@type\":\"WebSite\",\"@id\":\"https:\\\/\\\/radiolitoral.com\\\/#website\",\"url\":\"https:\\\/\\\/radiolitoral.com\\\/\",\"name\":\"Radio Litoral\",\"description\":\"La radio local de la Marina Alta\",\"publisher\":{\"@id\":\"https:\\\/\\\/radiolitoral.com\\\/#organization\"},\"alternateName\":\"Litoral FM\",\"potentialAction\":[{\"@type\":\"SearchAction\",\"target\":{\"@type\":\"EntryPoint\",\"urlTemplate\":\"https:\\\/\\\/radiolitoral.com\\\/?s={search_term_string}\"},\"query-input\":{\"@type\":\"PropertyValueSpecification\",\"valueRequired\":true,\"valueName\":\"search_term_string\"}}],\"inLanguage\":\"ca\"},{\"@type\":\"Organization\",\"@id\":\"https:\\\/\\\/radiolitoral.com\\\/#organization\",\"name\":\"Radio Litoral\",\"url\":\"https:\\\/\\\/radiolitoral.com\\\/\",\"logo\":{\"@type\":\"ImageObject\",\"inLanguage\":\"ca\",\"@id\":\"https:\\\/\\\/radiolitoral.com\\\/#\\\/schema\\\/logo\\\/image\\\/\",\"url\":\"https:\\\/\\\/media.radiolitoral.com\\\/wp-content\\\/uploads\\\/2023\\\/02\\\/24143238\\\/CL-V-RadioLitoral696.png\",\"contentUrl\":\"https:\\\/\\\/media.radiolitoral.com\\\/wp-content\\\/uploads\\\/2023\\\/02\\\/24143238\\\/CL-V-RadioLitoral696.png\",\"width\":696,\"height\":696,\"caption\":\"Radio Litoral\"},\"image\":{\"@id\":\"https:\\\/\\\/radiolitoral.com\\\/#\\\/schema\\\/logo\\\/image\\\/\"},\"sameAs\":[\"https:\\\/\\\/www.facebook.com\\\/Laradiolitoral\\\/\"]},{\"@type\":\"Person\",\"@id\":\"https:\\\/\\\/radiolitoral.com\\\/#\\\/schema\\\/person\\\/aaadc9e35663a92bd94a05f5816f296d\",\"name\":\"Redacci\u00f3n\",\"image\":{\"@type\":\"ImageObject\",\"inLanguage\":\"ca\",\"@id\":\"https:\\\/\\\/secure.gravatar.com\\\/avatar\\\/e4e253cf49afb8c76a2aca487577f1ff5c098c82b3cf2b0a85f03f83dcb96c31?s=96&d=mm&r=g\",\"url\":\"https:\\\/\\\/secure.gravatar.com\\\/avatar\\\/e4e253cf49afb8c76a2aca487577f1ff5c098c82b3cf2b0a85f03f83dcb96c31?s=96&d=mm&r=g\",\"contentUrl\":\"https:\\\/\\\/secure.gravatar.com\\\/avatar\\\/e4e253cf49afb8c76a2aca487577f1ff5c098c82b3cf2b0a85f03f83dcb96c31?s=96&d=mm&r=g\",\"caption\":\"Redacci\u00f3n\"},\"url\":\"https:\\\/\\\/radiolitoral.com\\\/ca\\\/author\\\/alba-alborch\\\/\"}]}<\/script>\n<!-- \/ Yoast SEO plugin. -->","yoast_head_json":{"title":"Reoberta la platja de l&#039;Arenal-Bol a Calp despr\u00e9s de confirmar-se l&#039;excel\u00b7lent qualitat de les aig\u00fces | R\u00e0dio Litoral","description":"Els an\u00e0lisis descarten la ruptura del col\u00b7lector d&#039;aig\u00fces depurades, permetent la reapertura al bany de la zona afectada","robots":{"index":"index","follow":"follow","max-snippet":"max-snippet:-1","max-image-preview":"max-image-preview:large","max-video-preview":"max-video-preview:-1"},"canonical":"https:\/\/radiolitoral.com\/ca\/2024\/08\/calp-torna-a-obrir-platja-arenal-bol\/","og_locale":"ca_ES","og_type":"article","og_title":"Reoberta la platja de l'Arenal-Bol a Calp despr\u00e9s de confirmar-se l'excel\u00b7lent qualitat de les aig\u00fces | R\u00e0dio Litoral","og_description":"Les an\u00e0lisis descarten la ruptura del col\u00b7lector d'aig\u00fces depurades, permetent la reobertura al bany de la zona afectada","og_url":"https:\/\/radiolitoral.com\/ca\/2024\/08\/calp-torna-a-obrir-platja-arenal-bol\/","og_site_name":"R\u00e0dio Litoral","article_publisher":"https:\/\/www.facebook.com\/Laradiolitoral\/","article_published_time":"2024-08-22T05:47:15+00:00","og_image":[{"width":2560,"height":1707,"url":"https:\/\/media.radiolitoral.com\/wp-content\/uploads\/2024\/08\/22074344\/Platja-Arenal-Bol-Calp--scaled.jpg","type":"image\/jpeg"}],"author":"Redacci\u00f3n","twitter_card":"summary_large_image","twitter_misc":{"Escrit per":"Redacci\u00f3n","Temps estimat de lectura":"1 minut"},"schema":{"@context":"https:\/\/schema.org","@graph":[{"@type":"NewsArticle","@id":"https:\/\/radiolitoral.com\/2024\/08\/calp-torna-a-obrir-platja-arenal-bol\/#article","isPartOf":{"@id":"https:\/\/radiolitoral.com\/2024\/08\/calp-torna-a-obrir-platja-arenal-bol\/"},"author":{"name":"Redacci\u00f3n","@id":"https:\/\/radiolitoral.com\/#\/schema\/person\/aaadc9e35663a92bd94a05f5816f296d"},"headline":"Reoberta la platja de l&#8217;Arenal-Bol a Calp despr\u00e9s de confirmar-se l&#8217;excel\u00b7lent qualitat de les aig\u00fces","datePublished":"2024-08-22T05:47:15+00:00","mainEntityOfPage":{"@id":"https:\/\/radiolitoral.com\/2024\/08\/calp-torna-a-obrir-platja-arenal-bol\/"},"wordCount":195,"commentCount":0,"publisher":{"@id":"https:\/\/radiolitoral.com\/#organization"},"image":{"@id":"https:\/\/radiolitoral.com\/2024\/08\/calp-torna-a-obrir-platja-arenal-bol\/#primaryimage"},"thumbnailUrl":"https:\/\/media.radiolitoral.com\/wp-content\/uploads\/2024\/08\/22074344\/Platja-Arenal-Bol-Calp--scaled.jpg","keywords":["Agua","apertura playa","Arenal Bol","Calp"],"articleSection":["Sociedad"],"inLanguage":"ca","potentialAction":[{"@type":"CommentAction","name":"Comment","target":["https:\/\/radiolitoral.com\/2024\/08\/calp-torna-a-obrir-platja-arenal-bol\/#respond"]}]},{"@type":["WebPage","ItemPage"],"@id":"https:\/\/radiolitoral.com\/2024\/08\/calp-torna-a-obrir-platja-arenal-bol\/","url":"https:\/\/radiolitoral.com\/2024\/08\/calp-torna-a-obrir-platja-arenal-bol\/","name":"Reoberta la platja de l&#039;Arenal-Bol a Calp despr\u00e9s de confirmar-se l&#039;excel\u00b7lent qualitat de les aig\u00fces | R\u00e0dio Litoral","isPartOf":{"@id":"https:\/\/radiolitoral.com\/#website"},"primaryImageOfPage":{"@id":"https:\/\/radiolitoral.com\/2024\/08\/calp-torna-a-obrir-platja-arenal-bol\/#primaryimage"},"image":{"@id":"https:\/\/radiolitoral.com\/2024\/08\/calp-torna-a-obrir-platja-arenal-bol\/#primaryimage"},"thumbnailUrl":"https:\/\/media.radiolitoral.com\/wp-content\/uploads\/2024\/08\/22074344\/Platja-Arenal-Bol-Calp--scaled.jpg","datePublished":"2024-08-22T05:47:15+00:00","description":"Els an\u00e0lisis descarten la ruptura del col\u00b7lector d&#039;aig\u00fces depurades, permetent la reapertura al bany de la zona afectada","breadcrumb":{"@id":"https:\/\/radiolitoral.com\/2024\/08\/calp-torna-a-obrir-platja-arenal-bol\/#breadcrumb"},"inLanguage":"ca","potentialAction":[{"@type":"ReadAction","target":["https:\/\/radiolitoral.com\/2024\/08\/calp-torna-a-obrir-platja-arenal-bol\/"]}]},{"@type":"ImageObject","inLanguage":"ca","@id":"https:\/\/radiolitoral.com\/2024\/08\/calp-torna-a-obrir-platja-arenal-bol\/#primaryimage","url":"https:\/\/media.radiolitoral.com\/wp-content\/uploads\/2024\/08\/22074344\/Platja-Arenal-Bol-Calp--scaled.jpg","contentUrl":"https:\/\/media.radiolitoral.com\/wp-content\/uploads\/2024\/08\/22074344\/Platja-Arenal-Bol-Calp--scaled.jpg","width":2560,"height":1707,"caption":"Platja Arenal-Bol - Calp--"},{"@type":"BreadcrumbList","@id":"https:\/\/radiolitoral.com\/2024\/08\/calp-torna-a-obrir-platja-arenal-bol\/#breadcrumb","itemListElement":[{"@type":"ListItem","position":1,"name":"Portada","item":"https:\/\/radiolitoral.com\/"},{"@type":"ListItem","position":2,"name":"Reoberta la platja de l&#8217;Arenal-Bol a Calp despr\u00e9s de confirmar-se l&#8217;excel\u00b7lent qualitat de les aig\u00fces"}]},{"@type":"WebSite","@id":"https:\/\/radiolitoral.com\/#website","url":"https:\/\/radiolitoral.com\/","name":"R\u00e0dio Litoral","description":"La r\u00e0dio local de la Marina Alta","publisher":{"@id":"https:\/\/radiolitoral.com\/#organization"},"alternateName":"Litoral FM","potentialAction":[{"@type":"SearchAction","target":{"@type":"EntryPoint","urlTemplate":"https:\/\/radiolitoral.com\/?s={search_term_string}"},"query-input":{"@type":"PropertyValueSpecification","valueRequired":true,"valueName":"search_term_string"}}],"inLanguage":"ca"},{"@type":"Organization","@id":"https:\/\/radiolitoral.com\/#organization","name":"R\u00e0dio Litoral","url":"https:\/\/radiolitoral.com\/","logo":{"@type":"ImageObject","inLanguage":"ca","@id":"https:\/\/radiolitoral.com\/#\/schema\/logo\/image\/","url":"https:\/\/media.radiolitoral.com\/wp-content\/uploads\/2023\/02\/24143238\/CL-V-RadioLitoral696.png","contentUrl":"https:\/\/media.radiolitoral.com\/wp-content\/uploads\/2023\/02\/24143238\/CL-V-RadioLitoral696.png","width":696,"height":696,"caption":"Radio Litoral"},"image":{"@id":"https:\/\/radiolitoral.com\/#\/schema\/logo\/image\/"},"sameAs":["https:\/\/www.facebook.com\/Laradiolitoral\/"]},{"@type":"Person","@id":"https:\/\/radiolitoral.com\/#\/schema\/person\/aaadc9e35663a92bd94a05f5816f296d","name":"Redacci\u00f3","image":{"@type":"ImageObject","inLanguage":"ca","@id":"https:\/\/secure.gravatar.com\/avatar\/e4e253cf49afb8c76a2aca487577f1ff5c098c82b3cf2b0a85f03f83dcb96c31?s=96&d=mm&r=g","url":"https:\/\/secure.gravatar.com\/avatar\/e4e253cf49afb8c76a2aca487577f1ff5c098c82b3cf2b0a85f03f83dcb96c31?s=96&d=mm&r=g","contentUrl":"https:\/\/secure.gravatar.com\/avatar\/e4e253cf49afb8c76a2aca487577f1ff5c098c82b3cf2b0a85f03f83dcb96c31?s=96&d=mm&r=g","caption":"Redacci\u00f3n"},"url":"https:\/\/radiolitoral.com\/ca\/author\/alba-alborch\/"}]}},"_links":{"self":[{"href":"https:\/\/radiolitoral.com\/ca\/wp-json\/wp\/v2\/posts\/10756","targetHints":{"allow":["GET"]}}],"collection":[{"href":"https:\/\/radiolitoral.com\/ca\/wp-json\/wp\/v2\/posts"}],"about":[{"href":"https:\/\/radiolitoral.com\/ca\/wp-json\/wp\/v2\/types\/post"}],"author":[{"embeddable":true,"href":"https:\/\/radiolitoral.com\/ca\/wp-json\/wp\/v2\/users\/11"}],"replies":[{"embeddable":true,"href":"https:\/\/radiolitoral.com\/ca\/wp-json\/wp\/v2\/comments?post=10756"}],"version-history":[{"count":1,"href":"https:\/\/radiolitoral.com\/ca\/wp-json\/wp\/v2\/posts\/10756\/revisions"}],"predecessor-version":[{"id":10758,"href":"https:\/\/radiolitoral.com\/ca\/wp-json\/wp\/v2\/posts\/10756\/revisions\/10758"}],"wp:featuredmedia":[{"embeddable":true,"href":"https:\/\/radiolitoral.com\/ca\/wp-json\/wp\/v2\/media\/10757"}],"wp:attachment":[{"href":"https:\/\/radiolitoral.com\/ca\/wp-json\/wp\/v2\/media?parent=10756"}],"wp:term":[{"taxonomy":"category","embeddable":true,"href":"https:\/\/radiolitoral.com\/ca\/wp-json\/wp\/v2\/categories?post=10756"},{"taxonomy":"post_tag","embeddable":true,"href":"https:\/\/radiolitoral.com\/ca\/wp-json\/wp\/v2\/tags?post=10756"}],"curies":[{"name":"wp","href":"https:\/\/api.w.org\/{rel}","templated":true}]}}