{"id":10750,"date":"2024-08-21T19:24:40","date_gmt":"2024-08-21T17:24:40","guid":{"rendered":"https:\/\/radiolitoral.com\/?p=10750"},"modified":"2024-08-21T19:24:40","modified_gmt":"2024-08-21T17:24:40","slug":"teulada-moraira-es-prepara-per-acollir-la-festa-del-moscatell-2024","status":"publish","type":"post","link":"https:\/\/radiolitoral.com\/ca\/2024\/08\/teulada-moraira-es-prepara-per-a-acollir-la-festa-del-moscatell-2024\/","title":{"rendered":"Teulada Moraira \u00e9s prepara per acollir la Festa del Moscatell 2024"},"content":{"rendered":"<p>Teulada Moraira \u00e9s prepara per acollir l&#039;edici\u00f3 2024 de la reconeguda <strong>Festa del Moscatell<\/strong>, un esdeveniment emblem\u00e0tic que celebra la rica her\u00e8ncia vitivin\u00edcola del municipi. Aquest any, la celebraci\u00f3, organitzada per l&#039;Ajuntament de Teulada en col\u00b7laboraci\u00f3 amb diverses associacions locals, <strong>tindr\u00e0 lloc el 31 d&#039;agost<\/strong> i promet una jornada plena d&#039;activitats per a residents i visitants.<\/p>\n<p>Rosana Caselles, regidora de Cultura i Festes, ha manifestat el seu entusiasme per la realitzaci\u00f3 d&#039;aquesta festa, destacant que \u201caquesta festa no \u00e9s nom\u00e9s un homenatge a les nostres ra\u00efls ia la terra que ens d\u00f3na el seu fruit, sin\u00f3 tamb\u00e9 una oportunitat perqu\u00e8 tots, ve\u00efns i visitants, celebrem junts l&#039;orgull de ser part de Teulada Moraira\u201d. Caselles subratlla el valor d&#039;aquesta tradici\u00f3 que s&#039;ha transm\u00e8s de generaci\u00f3 en generaci\u00f3, consolidant-se com un esdeveniment que uneix la comunitat al voltant del Moscatell.<\/p>\n<p>La festivitat comen\u00e7ar\u00e0 uns dies abans amb la &#039;<strong>IX Mostra Curts de Moscatell de Teulada<\/strong>&#039;, que se celebrar\u00e0 <strong>del 28 al 30 d&#039;agost<\/strong> a l&#039;Auditori Teulada Moraira. Durant la mostra es projectaran<strong> 19 curtmetratges<\/strong> que competiran en aquest certamen, destacant la participaci\u00f3 de directors i directors valencians, aix\u00ed com obres de cineastes internacionals. Els assistents podran votar els seus curtmetratges preferits, formant part activa del festival.<\/p>\n<p><img loading=\"lazy\" decoding=\"async\" class=\"size-large wp-image-10753 aligncenter\" src=\"https:\/\/media.radiolitoral.com\/wp-content\/uploads\/2024\/08\/21192344\/PROGRAMA-FESTA-MOSCATELL-2024-1-819x1024.png\" alt=\"\" width=\"640\" height=\"800\" srcset=\"https:\/\/media.radiolitoral.com\/wp-content\/uploads\/2024\/08\/21192344\/PROGRAMA-FESTA-MOSCATELL-2024-1-819x1024.png 819w, https:\/\/media.radiolitoral.com\/wp-content\/uploads\/2024\/08\/21192344\/PROGRAMA-FESTA-MOSCATELL-2024-1-240x300.png 240w, https:\/\/media.radiolitoral.com\/wp-content\/uploads\/2024\/08\/21192344\/PROGRAMA-FESTA-MOSCATELL-2024-1-768x960.png 768w, https:\/\/media.radiolitoral.com\/wp-content\/uploads\/2024\/08\/21192344\/PROGRAMA-FESTA-MOSCATELL-2024-1-10x12.png 10w, https:\/\/media.radiolitoral.com\/wp-content\/uploads\/2024\/08\/21192344\/PROGRAMA-FESTA-MOSCATELL-2024-1-800x1000.png 800w, https:\/\/media.radiolitoral.com\/wp-content\/uploads\/2024\/08\/21192344\/PROGRAMA-FESTA-MOSCATELL-2024-1-80x100.png 80w, https:\/\/media.radiolitoral.com\/wp-content\/uploads\/2024\/08\/21192344\/PROGRAMA-FESTA-MOSCATELL-2024-1-160x200.png 160w, https:\/\/media.radiolitoral.com\/wp-content\/uploads\/2024\/08\/21192344\/PROGRAMA-FESTA-MOSCATELL-2024-1.png 1080w\" sizes=\"auto, (max-width: 640px) 100vw, 640px\" \/><\/p>\n<h4>Programaci\u00f3 Festa del Moscatell 2024<\/h4>\n<p>El dia principal de la Festa del Moscatell, el 31 d&#039;agost, comen\u00e7ar\u00e0 a les 10.00 hores amb les &#039;Experi\u00e8ncies amb el Moscatell&#039;. Els participants es reuniran a la Font de l&#039;Horta per realitzar<strong> un passeig amb carro fins al Bancal Roig<\/strong>, on es dur\u00e0 a terme la tradicional<strong> collita de ra\u00efm<\/strong> destinada a la Cavalcada del Moscatell.<\/p>\n<p>A la tarda, a les 19.00 hores, tindr\u00e0 lloc l&#039;esperada &#039;Cavalcada del Moscatell&#039;, una desfilada que recorrer\u00e0 l&#039;avinguda de Santa Caterina fins a la Glorieta de l&#039;ermita de Sant Vicent. L\u00b4esdeveniment colorit comptar\u00e0 amb la participaci\u00f3 de la Comissi\u00f3 de Festes Infantil, el Grup de Danses Font Santa, i l\u00b4Associaci\u00f3 Alejandro Morell, amb carros i cavalls, acompanyats per la m\u00fasica de la Colla el Fal\u00e7\u00f3.<\/p>\n<p>A partir de les 19.30 hores, la pla\u00e7a s&#039;animar\u00e0 amb una exposici\u00f3 de productes locals, actuacions de danses, i la tradicional <strong>cantada d&#039;Albades<\/strong> amb dol\u00e7aina i tabal. A m\u00e9s, es realitzaran concursos, tallers infantils i la popular <strong>Xapada del Vi<\/strong>. La Comissi\u00f3 de Festes Sant Vicent 2025 oferir\u00e0 taps de moscatell i vermut, tot aix\u00f2 amenitzat amb m\u00fasica en directe.<\/p>\n<p>La jornada continuar\u00e0 amb un tast de vins organitzat per l&#039;Associaci\u00f3 Defensors del Moscatell a les 20.00 hores, seguit d&#039;una cena popular a les 21.00 hores i una verbena a les 23.00 hores.<\/p>\n<p>Amb aquesta variada programaci\u00f3, la Festa del Moscatell 2024 es presenta com un esdeveniment imprescindible que no nom\u00e9s celebra la cultura enol\u00f2gica de Teulada Moraira, sin\u00f3 que tamb\u00e9 refor\u00e7a la preservaci\u00f3 del patrimoni i la promoci\u00f3 dels productes locals, gr\u00e0cies al suport de l&#039; Ajuntament de Teulada.<\/p>","protected":false},"excerpt":{"rendered":"<p>Teulada Moraira es prepara per a acollir l&#8217;edici\u00f3 2024 de la reconeguda Festa del Moscatell, un esdeveniment emblem\u00e0tic que celebra la rica her\u00e8ncia vitivin\u00edcola del municipi. Enguany, la celebraci\u00f3, organitzada per l&#8217;Ajuntament de Teulada en col\u00b7laboraci\u00f3 amb diverses associacions locals, tindr\u00e0 lloc el 31 d&#8217;agost i promet una jornada repleta d&#8217;activitats per a residents i [&#8230;]<\/p>\n<p><a class=\"btn btn-secondary understrap-read-more-link\" href=\"https:\/\/radiolitoral.com\/ca\/2024\/08\/teulada-moraira-es-prepara-per-a-acollir-la-festa-del-moscatell-2024\/\">Continua llegint&#8230;<span class=\"screen-reader-text\"> from Teulada Moraira es prepara per a acollir la Festa del Moscatell 2024<\/span><\/a><\/p>\n","protected":false},"author":14,"featured_media":10751,"comment_status":"open","ping_status":"closed","sticky":false,"template":"","format":"standard","meta":{"_acf_changed":false,"inline_featured_image":false,"footnotes":""},"categories":[276],"tags":[112,2029,1561,195],"class_list":["post-10750","post","type-post","status-publish","format-standard","has-post-thumbnail","hentry","category-fiestas","tag-cultura","tag-festa-del-moscatell","tag-festes","tag-teulada-moraira","cobertura-teulada-moraira"],"acf":[],"yoast_head":"<!-- This site is optimized with the Yoast SEO plugin v27.5 - https:\/\/yoast.com\/product\/yoast-seo-wordpress\/ -->\n<title>Teulada Moraira es prepara per a acollir la Festa del Moscatell 2024 | R\u00e0dio Litoral<\/title>\n<meta name=\"description\" content=\"La festivitat comen\u00e7ar\u00e0 uns dies abans amb la &#039;IX Mostra Curts de Moscatell de Teulada&#039;\" \/>\n<meta name=\"robots\" content=\"index, follow, max-snippet:-1, max-image-preview:large, max-video-preview:-1\" \/>\n<link rel=\"canonical\" href=\"https:\/\/radiolitoral.com\/ca\/2024\/08\/teulada-moraira-es-prepara-per-acollir-la-festa-del-moscatell-2024\/\" \/>\n<meta property=\"og:locale\" content=\"ca_ES\" \/>\n<meta property=\"og:type\" content=\"article\" \/>\n<meta property=\"og:title\" content=\"Teulada Moraira es prepara per a acollir la Festa del Moscatell 2024 | R\u00e0dio Litoral\" \/>\n<meta property=\"og:description\" content=\"La festivitat comen\u00e7ar\u00e0 uns dies abans amb la &#039;IX Mostra Curts de Moscatell de Teulada&#039;\" \/>\n<meta property=\"og:url\" content=\"https:\/\/radiolitoral.com\/ca\/2024\/08\/teulada-moraira-es-prepara-per-acollir-la-festa-del-moscatell-2024\/\" \/>\n<meta property=\"og:site_name\" content=\"R\u00e0dio Litoral\" \/>\n<meta property=\"article:publisher\" content=\"https:\/\/www.facebook.com\/Laradiolitoral\/\" \/>\n<meta property=\"article:published_time\" content=\"2024-08-21T17:24:40+00:00\" \/>\n<meta property=\"og:image\" content=\"https:\/\/media.radiolitoral.com\/wp-content\/uploads\/2024\/08\/21191500\/moscatell_22-e1724260815659.jpg\" \/>\n\t<meta property=\"og:image:width\" content=\"1050\" \/>\n\t<meta property=\"og:image:height\" content=\"700\" \/>\n\t<meta property=\"og:image:type\" content=\"image\/jpeg\" \/>\n<meta name=\"author\" content=\"Redacci\u00f3n\" \/>\n<meta name=\"twitter:card\" content=\"summary_large_image\" \/>\n<meta name=\"twitter:label1\" content=\"Escrit per\" \/>\n\t<meta name=\"twitter:data1\" content=\"Redacci\u00f3n\" \/>\n\t<meta name=\"twitter:label2\" content=\"Temps estimat de lectura\" \/>\n\t<meta name=\"twitter:data2\" content=\"3 minuts\" \/>\n<script type=\"application\/ld+json\" class=\"yoast-schema-graph\">{\"@context\":\"https:\\\/\\\/schema.org\",\"@graph\":[{\"@type\":\"NewsArticle\",\"@id\":\"https:\\\/\\\/radiolitoral.com\\\/2024\\\/08\\\/teulada-moraira-es-prepara-per-a-acollir-la-festa-del-moscatell-2024\\\/#article\",\"isPartOf\":{\"@id\":\"https:\\\/\\\/radiolitoral.com\\\/2024\\\/08\\\/teulada-moraira-es-prepara-per-a-acollir-la-festa-del-moscatell-2024\\\/\"},\"author\":{\"name\":\"Redacci\u00f3n\",\"@id\":\"https:\\\/\\\/radiolitoral.com\\\/#\\\/schema\\\/person\\\/96b739642eb3bedb532aac3812d23307\"},\"headline\":\"Teulada Moraira es prepara per a acollir la Festa del Moscatell 2024\",\"datePublished\":\"2024-08-21T17:24:40+00:00\",\"mainEntityOfPage\":{\"@id\":\"https:\\\/\\\/radiolitoral.com\\\/2024\\\/08\\\/teulada-moraira-es-prepara-per-a-acollir-la-festa-del-moscatell-2024\\\/\"},\"wordCount\":512,\"commentCount\":0,\"publisher\":{\"@id\":\"https:\\\/\\\/radiolitoral.com\\\/#organization\"},\"image\":{\"@id\":\"https:\\\/\\\/radiolitoral.com\\\/2024\\\/08\\\/teulada-moraira-es-prepara-per-a-acollir-la-festa-del-moscatell-2024\\\/#primaryimage\"},\"thumbnailUrl\":\"https:\\\/\\\/media.radiolitoral.com\\\/wp-content\\\/uploads\\\/2024\\\/08\\\/21191500\\\/moscatell_22-e1724260815659.jpg\",\"keywords\":[\"cultura\",\"Festa del Moscatell\",\"Festes\",\"Teulada-Moraira\"],\"articleSection\":[\"Fiestas\"],\"inLanguage\":\"ca\",\"potentialAction\":[{\"@type\":\"CommentAction\",\"name\":\"Comment\",\"target\":[\"https:\\\/\\\/radiolitoral.com\\\/2024\\\/08\\\/teulada-moraira-es-prepara-per-a-acollir-la-festa-del-moscatell-2024\\\/#respond\"]}]},{\"@type\":[\"WebPage\",\"ItemPage\"],\"@id\":\"https:\\\/\\\/radiolitoral.com\\\/2024\\\/08\\\/teulada-moraira-es-prepara-per-a-acollir-la-festa-del-moscatell-2024\\\/\",\"url\":\"https:\\\/\\\/radiolitoral.com\\\/2024\\\/08\\\/teulada-moraira-es-prepara-per-a-acollir-la-festa-del-moscatell-2024\\\/\",\"name\":\"Teulada Moraira es prepara per a acollir la Festa del Moscatell 2024 | R\u00e0dio Litoral\",\"isPartOf\":{\"@id\":\"https:\\\/\\\/radiolitoral.com\\\/#website\"},\"primaryImageOfPage\":{\"@id\":\"https:\\\/\\\/radiolitoral.com\\\/2024\\\/08\\\/teulada-moraira-es-prepara-per-a-acollir-la-festa-del-moscatell-2024\\\/#primaryimage\"},\"image\":{\"@id\":\"https:\\\/\\\/radiolitoral.com\\\/2024\\\/08\\\/teulada-moraira-es-prepara-per-a-acollir-la-festa-del-moscatell-2024\\\/#primaryimage\"},\"thumbnailUrl\":\"https:\\\/\\\/media.radiolitoral.com\\\/wp-content\\\/uploads\\\/2024\\\/08\\\/21191500\\\/moscatell_22-e1724260815659.jpg\",\"datePublished\":\"2024-08-21T17:24:40+00:00\",\"description\":\"La festivitat comen\u00e7ar\u00e0 uns dies abans amb la 'IX Mostra Curts de Moscatell de Teulada'\",\"breadcrumb\":{\"@id\":\"https:\\\/\\\/radiolitoral.com\\\/2024\\\/08\\\/teulada-moraira-es-prepara-per-a-acollir-la-festa-del-moscatell-2024\\\/#breadcrumb\"},\"inLanguage\":\"ca\",\"potentialAction\":[{\"@type\":\"ReadAction\",\"target\":[\"https:\\\/\\\/radiolitoral.com\\\/2024\\\/08\\\/teulada-moraira-es-prepara-per-a-acollir-la-festa-del-moscatell-2024\\\/\"]}]},{\"@type\":\"ImageObject\",\"inLanguage\":\"ca\",\"@id\":\"https:\\\/\\\/radiolitoral.com\\\/2024\\\/08\\\/teulada-moraira-es-prepara-per-a-acollir-la-festa-del-moscatell-2024\\\/#primaryimage\",\"url\":\"https:\\\/\\\/media.radiolitoral.com\\\/wp-content\\\/uploads\\\/2024\\\/08\\\/21191500\\\/moscatell_22-e1724260815659.jpg\",\"contentUrl\":\"https:\\\/\\\/media.radiolitoral.com\\\/wp-content\\\/uploads\\\/2024\\\/08\\\/21191500\\\/moscatell_22-e1724260815659.jpg\",\"width\":1050,\"height\":700,\"caption\":\"sdr\"},{\"@type\":\"BreadcrumbList\",\"@id\":\"https:\\\/\\\/radiolitoral.com\\\/2024\\\/08\\\/teulada-moraira-es-prepara-per-a-acollir-la-festa-del-moscatell-2024\\\/#breadcrumb\",\"itemListElement\":[{\"@type\":\"ListItem\",\"position\":1,\"name\":\"Portada\",\"item\":\"https:\\\/\\\/radiolitoral.com\\\/\"},{\"@type\":\"ListItem\",\"position\":2,\"name\":\"Teulada Moraira es prepara per a acollir la Festa del Moscatell 2024\"}]},{\"@type\":\"WebSite\",\"@id\":\"https:\\\/\\\/radiolitoral.com\\\/#website\",\"url\":\"https:\\\/\\\/radiolitoral.com\\\/\",\"name\":\"Radio Litoral\",\"description\":\"La radio local de la Marina Alta\",\"publisher\":{\"@id\":\"https:\\\/\\\/radiolitoral.com\\\/#organization\"},\"alternateName\":\"Litoral FM\",\"potentialAction\":[{\"@type\":\"SearchAction\",\"target\":{\"@type\":\"EntryPoint\",\"urlTemplate\":\"https:\\\/\\\/radiolitoral.com\\\/?s={search_term_string}\"},\"query-input\":{\"@type\":\"PropertyValueSpecification\",\"valueRequired\":true,\"valueName\":\"search_term_string\"}}],\"inLanguage\":\"ca\"},{\"@type\":\"Organization\",\"@id\":\"https:\\\/\\\/radiolitoral.com\\\/#organization\",\"name\":\"Radio Litoral\",\"url\":\"https:\\\/\\\/radiolitoral.com\\\/\",\"logo\":{\"@type\":\"ImageObject\",\"inLanguage\":\"ca\",\"@id\":\"https:\\\/\\\/radiolitoral.com\\\/#\\\/schema\\\/logo\\\/image\\\/\",\"url\":\"https:\\\/\\\/media.radiolitoral.com\\\/wp-content\\\/uploads\\\/2023\\\/02\\\/24143238\\\/CL-V-RadioLitoral696.png\",\"contentUrl\":\"https:\\\/\\\/media.radiolitoral.com\\\/wp-content\\\/uploads\\\/2023\\\/02\\\/24143238\\\/CL-V-RadioLitoral696.png\",\"width\":696,\"height\":696,\"caption\":\"Radio Litoral\"},\"image\":{\"@id\":\"https:\\\/\\\/radiolitoral.com\\\/#\\\/schema\\\/logo\\\/image\\\/\"},\"sameAs\":[\"https:\\\/\\\/www.facebook.com\\\/Laradiolitoral\\\/\"]},{\"@type\":\"Person\",\"@id\":\"https:\\\/\\\/radiolitoral.com\\\/#\\\/schema\\\/person\\\/96b739642eb3bedb532aac3812d23307\",\"name\":\"Redacci\u00f3n\",\"image\":{\"@type\":\"ImageObject\",\"inLanguage\":\"ca\",\"@id\":\"https:\\\/\\\/secure.gravatar.com\\\/avatar\\\/30cd06129ee90411dd9c7cbdcf17464181d1a3c7b072e92070ea75a25cf0097e?s=96&d=mm&r=g\",\"url\":\"https:\\\/\\\/secure.gravatar.com\\\/avatar\\\/30cd06129ee90411dd9c7cbdcf17464181d1a3c7b072e92070ea75a25cf0097e?s=96&d=mm&r=g\",\"contentUrl\":\"https:\\\/\\\/secure.gravatar.com\\\/avatar\\\/30cd06129ee90411dd9c7cbdcf17464181d1a3c7b072e92070ea75a25cf0097e?s=96&d=mm&r=g\",\"caption\":\"Redacci\u00f3n\"},\"url\":\"https:\\\/\\\/radiolitoral.com\\\/ca\\\/author\\\/kevin-carrio\\\/\"}]}<\/script>\n<!-- \/ Yoast SEO plugin. -->","yoast_head_json":{"title":"Teulada Moraira \u00e9s prepara per acollir la Festa del Moscatell 2024 | R\u00e0dio Litoral","description":"La festivitat comen\u00e7ar\u00e0 uns dies abans amb la &#039;IX Mostra Curts de Moscatell de Teulada&#039;","robots":{"index":"index","follow":"follow","max-snippet":"max-snippet:-1","max-image-preview":"max-image-preview:large","max-video-preview":"max-video-preview:-1"},"canonical":"https:\/\/radiolitoral.com\/ca\/2024\/08\/teulada-moraira-es-prepara-per-acollir-la-festa-del-moscatell-2024\/","og_locale":"ca_ES","og_type":"article","og_title":"Teulada Moraira es prepara per a acollir la Festa del Moscatell 2024 | R\u00e0dio Litoral","og_description":"La festivitat comen\u00e7ar\u00e0 uns dies abans amb la 'IX Mostra Curts de Moscatell de Teulada'","og_url":"https:\/\/radiolitoral.com\/ca\/2024\/08\/teulada-moraira-es-prepara-per-acollir-la-festa-del-moscatell-2024\/","og_site_name":"R\u00e0dio Litoral","article_publisher":"https:\/\/www.facebook.com\/Laradiolitoral\/","article_published_time":"2024-08-21T17:24:40+00:00","og_image":[{"width":1050,"height":700,"url":"https:\/\/media.radiolitoral.com\/wp-content\/uploads\/2024\/08\/21191500\/moscatell_22-e1724260815659.jpg","type":"image\/jpeg"}],"author":"Redacci\u00f3n","twitter_card":"summary_large_image","twitter_misc":{"Escrit per":"Redacci\u00f3n","Temps estimat de lectura":"3 minuts"},"schema":{"@context":"https:\/\/schema.org","@graph":[{"@type":"NewsArticle","@id":"https:\/\/radiolitoral.com\/2024\/08\/teulada-moraira-es-prepara-per-a-acollir-la-festa-del-moscatell-2024\/#article","isPartOf":{"@id":"https:\/\/radiolitoral.com\/2024\/08\/teulada-moraira-es-prepara-per-a-acollir-la-festa-del-moscatell-2024\/"},"author":{"name":"Redacci\u00f3n","@id":"https:\/\/radiolitoral.com\/#\/schema\/person\/96b739642eb3bedb532aac3812d23307"},"headline":"Teulada Moraira es prepara per a acollir la Festa del Moscatell 2024","datePublished":"2024-08-21T17:24:40+00:00","mainEntityOfPage":{"@id":"https:\/\/radiolitoral.com\/2024\/08\/teulada-moraira-es-prepara-per-a-acollir-la-festa-del-moscatell-2024\/"},"wordCount":512,"commentCount":0,"publisher":{"@id":"https:\/\/radiolitoral.com\/#organization"},"image":{"@id":"https:\/\/radiolitoral.com\/2024\/08\/teulada-moraira-es-prepara-per-a-acollir-la-festa-del-moscatell-2024\/#primaryimage"},"thumbnailUrl":"https:\/\/media.radiolitoral.com\/wp-content\/uploads\/2024\/08\/21191500\/moscatell_22-e1724260815659.jpg","keywords":["cultura","Festa del Moscatell","Festes","Teulada-Moraira"],"articleSection":["Fiestas"],"inLanguage":"ca","potentialAction":[{"@type":"CommentAction","name":"Comment","target":["https:\/\/radiolitoral.com\/2024\/08\/teulada-moraira-es-prepara-per-a-acollir-la-festa-del-moscatell-2024\/#respond"]}]},{"@type":["WebPage","ItemPage"],"@id":"https:\/\/radiolitoral.com\/2024\/08\/teulada-moraira-es-prepara-per-a-acollir-la-festa-del-moscatell-2024\/","url":"https:\/\/radiolitoral.com\/2024\/08\/teulada-moraira-es-prepara-per-a-acollir-la-festa-del-moscatell-2024\/","name":"Teulada Moraira \u00e9s prepara per acollir la Festa del Moscatell 2024 | R\u00e0dio Litoral","isPartOf":{"@id":"https:\/\/radiolitoral.com\/#website"},"primaryImageOfPage":{"@id":"https:\/\/radiolitoral.com\/2024\/08\/teulada-moraira-es-prepara-per-a-acollir-la-festa-del-moscatell-2024\/#primaryimage"},"image":{"@id":"https:\/\/radiolitoral.com\/2024\/08\/teulada-moraira-es-prepara-per-a-acollir-la-festa-del-moscatell-2024\/#primaryimage"},"thumbnailUrl":"https:\/\/media.radiolitoral.com\/wp-content\/uploads\/2024\/08\/21191500\/moscatell_22-e1724260815659.jpg","datePublished":"2024-08-21T17:24:40+00:00","description":"La festivitat comen\u00e7ar\u00e0 uns dies abans amb la &#039;IX Mostra Curts de Moscatell de Teulada&#039;","breadcrumb":{"@id":"https:\/\/radiolitoral.com\/2024\/08\/teulada-moraira-es-prepara-per-a-acollir-la-festa-del-moscatell-2024\/#breadcrumb"},"inLanguage":"ca","potentialAction":[{"@type":"ReadAction","target":["https:\/\/radiolitoral.com\/2024\/08\/teulada-moraira-es-prepara-per-a-acollir-la-festa-del-moscatell-2024\/"]}]},{"@type":"ImageObject","inLanguage":"ca","@id":"https:\/\/radiolitoral.com\/2024\/08\/teulada-moraira-es-prepara-per-a-acollir-la-festa-del-moscatell-2024\/#primaryimage","url":"https:\/\/media.radiolitoral.com\/wp-content\/uploads\/2024\/08\/21191500\/moscatell_22-e1724260815659.jpg","contentUrl":"https:\/\/media.radiolitoral.com\/wp-content\/uploads\/2024\/08\/21191500\/moscatell_22-e1724260815659.jpg","width":1050,"height":700,"caption":"sdr"},{"@type":"BreadcrumbList","@id":"https:\/\/radiolitoral.com\/2024\/08\/teulada-moraira-es-prepara-per-a-acollir-la-festa-del-moscatell-2024\/#breadcrumb","itemListElement":[{"@type":"ListItem","position":1,"name":"Portada","item":"https:\/\/radiolitoral.com\/"},{"@type":"ListItem","position":2,"name":"Teulada Moraira es prepara per a acollir la Festa del Moscatell 2024"}]},{"@type":"WebSite","@id":"https:\/\/radiolitoral.com\/#website","url":"https:\/\/radiolitoral.com\/","name":"R\u00e0dio Litoral","description":"La r\u00e0dio local de la Marina Alta","publisher":{"@id":"https:\/\/radiolitoral.com\/#organization"},"alternateName":"Litoral FM","potentialAction":[{"@type":"SearchAction","target":{"@type":"EntryPoint","urlTemplate":"https:\/\/radiolitoral.com\/?s={search_term_string}"},"query-input":{"@type":"PropertyValueSpecification","valueRequired":true,"valueName":"search_term_string"}}],"inLanguage":"ca"},{"@type":"Organization","@id":"https:\/\/radiolitoral.com\/#organization","name":"R\u00e0dio Litoral","url":"https:\/\/radiolitoral.com\/","logo":{"@type":"ImageObject","inLanguage":"ca","@id":"https:\/\/radiolitoral.com\/#\/schema\/logo\/image\/","url":"https:\/\/media.radiolitoral.com\/wp-content\/uploads\/2023\/02\/24143238\/CL-V-RadioLitoral696.png","contentUrl":"https:\/\/media.radiolitoral.com\/wp-content\/uploads\/2023\/02\/24143238\/CL-V-RadioLitoral696.png","width":696,"height":696,"caption":"Radio Litoral"},"image":{"@id":"https:\/\/radiolitoral.com\/#\/schema\/logo\/image\/"},"sameAs":["https:\/\/www.facebook.com\/Laradiolitoral\/"]},{"@type":"Person","@id":"https:\/\/radiolitoral.com\/#\/schema\/person\/96b739642eb3bedb532aac3812d23307","name":"Redacci\u00f3","image":{"@type":"ImageObject","inLanguage":"ca","@id":"https:\/\/secure.gravatar.com\/avatar\/30cd06129ee90411dd9c7cbdcf17464181d1a3c7b072e92070ea75a25cf0097e?s=96&d=mm&r=g","url":"https:\/\/secure.gravatar.com\/avatar\/30cd06129ee90411dd9c7cbdcf17464181d1a3c7b072e92070ea75a25cf0097e?s=96&d=mm&r=g","contentUrl":"https:\/\/secure.gravatar.com\/avatar\/30cd06129ee90411dd9c7cbdcf17464181d1a3c7b072e92070ea75a25cf0097e?s=96&d=mm&r=g","caption":"Redacci\u00f3n"},"url":"https:\/\/radiolitoral.com\/ca\/author\/kevin-carrio\/"}]}},"_links":{"self":[{"href":"https:\/\/radiolitoral.com\/ca\/wp-json\/wp\/v2\/posts\/10750","targetHints":{"allow":["GET"]}}],"collection":[{"href":"https:\/\/radiolitoral.com\/ca\/wp-json\/wp\/v2\/posts"}],"about":[{"href":"https:\/\/radiolitoral.com\/ca\/wp-json\/wp\/v2\/types\/post"}],"author":[{"embeddable":true,"href":"https:\/\/radiolitoral.com\/ca\/wp-json\/wp\/v2\/users\/14"}],"replies":[{"embeddable":true,"href":"https:\/\/radiolitoral.com\/ca\/wp-json\/wp\/v2\/comments?post=10750"}],"version-history":[{"count":1,"href":"https:\/\/radiolitoral.com\/ca\/wp-json\/wp\/v2\/posts\/10750\/revisions"}],"predecessor-version":[{"id":10754,"href":"https:\/\/radiolitoral.com\/ca\/wp-json\/wp\/v2\/posts\/10750\/revisions\/10754"}],"wp:featuredmedia":[{"embeddable":true,"href":"https:\/\/radiolitoral.com\/ca\/wp-json\/wp\/v2\/media\/10751"}],"wp:attachment":[{"href":"https:\/\/radiolitoral.com\/ca\/wp-json\/wp\/v2\/media?parent=10750"}],"wp:term":[{"taxonomy":"category","embeddable":true,"href":"https:\/\/radiolitoral.com\/ca\/wp-json\/wp\/v2\/categories?post=10750"},{"taxonomy":"post_tag","embeddable":true,"href":"https:\/\/radiolitoral.com\/ca\/wp-json\/wp\/v2\/tags?post=10750"}],"curies":[{"name":"wp","href":"https:\/\/api.w.org\/{rel}","templated":true}]}}