{"id":10708,"date":"2024-08-16T12:25:14","date_gmt":"2024-08-16T10:25:14","guid":{"rendered":"https:\/\/radiolitoral.com\/?p=10708"},"modified":"2024-08-16T12:26:55","modified_gmt":"2024-08-16T10:26:55","slug":"un-home-rescatat-per-un-helicopter-desprs-de-caure-des-de-20-metres-daltura-a-benitatxell","status":"publish","type":"post","link":"https:\/\/radiolitoral.com\/ca\/2024\/08\/un-home-rescatat-per-un-helicopter-despres-de-caure-des-de-20-metres-daltura-en-benitatxell\/","title":{"rendered":"Un home rescatat per un helic\u00f2pter despr\u00e9s de caure des d&#039;un penya-segat de 20 metres a Benitatxell"},"content":{"rendered":"<p>Ahir a la tarda, a les 17.19 hores, el Consorci Provincial de Bombers d&#039;Alacant va rebre<strong> l&#039;alerta d&#039;un accident greu a la cala Moraig<\/strong>, a la zona del rac\u00f3 Illot a Benitachell. Un home va patir una <strong>caiguda d&#039;entre 15 i 20 metres en un penya-segat<\/strong>, provocant-li politraumatismes i ferides importants a l&#039;esquena, t\u00f2rax, f\u00e8mur, i un traumatisme craniencef\u00e0lic.<\/p>\n<p>Donada la complicada ubicaci\u00f3 de l&#039;accident, es va <strong>activar immediatament l&#039;helic\u00f2pter de rescat Alpha 1<\/strong>, que va localitzar el ferit entre les roques. Els especialistes del Grup de Rescat de Muntanya (GER) van actuar r\u00e0pidament per estabilitzar l&#039;home, administrant-li analg\u00e8sia i immobilitzant-lo en una llitera. Despr\u00e9s, va ser hissat amb una grua fins a l&#039;helic\u00f2pter i traslladat al parc de bombers de D\u00e9nia, on un equip del SAMU l&#039;esperava per continuar amb l&#039;atenci\u00f3 m\u00e8dica necess\u00e0ria.<\/p>\n<p>L&#039;operaci\u00f3 de rescat es completar\u00e0 a les 20.40 hores.<\/p>","protected":false},"excerpt":{"rendered":"<p>Ahir a la vesprada, a les 17:19 hores, el Consorci Provincial de Bombers d&#8217;Alacant va rebre l&#8217;alerta d&#8217;un greu accident a la cala Moraig, en la zona del rac\u00f3 Illot a Benitachell. Un home va patir una caiguda d&#8217;entre 15 i 20 metres en un acantilat, provocant-li politraumatismes i ferides importants a l&#8217;esquena, t\u00f2rax, f\u00e8mur, [&#8230;]<\/p>\n<p><a class=\"btn btn-secondary understrap-read-more-link\" href=\"https:\/\/radiolitoral.com\/ca\/2024\/08\/un-home-rescatat-per-un-helicopter-despres-de-caure-des-de-20-metres-daltura-en-benitatxell\/\">Continua llegint&#8230;<span class=\"screen-reader-text\"> from Un home rescatat per un helic\u00f2pter despr\u00e9s de caure des d&#8217;un penya-segat de 20 metres en Benitatxell<\/span><\/a><\/p>\n","protected":false},"author":11,"featured_media":10711,"comment_status":"open","ping_status":"closed","sticky":false,"template":"","format":"standard","meta":{"_acf_changed":false,"inline_featured_image":false,"footnotes":""},"categories":[8],"tags":[184,2022,730,2021,1170],"class_list":["post-10708","post","type-post","status-publish","format-standard","has-post-thumbnail","hentry","category-sucesos","tag-benitatxell","tag-caida","tag-cala-moraig","tag-hombres","tag-rescate","cobertura-poble-nou-de-benitatxell"],"acf":[],"yoast_head":"<!-- This site is optimized with the Yoast SEO plugin v27.5 - https:\/\/yoast.com\/product\/yoast-seo-wordpress\/ -->\n<title>Un home rescatat per un helic\u00f2pter despr\u00e9s de caure des d&#039;un penya-segat de 20 metres en Benitatxell | R\u00e0dio Litoral<\/title>\n<meta name=\"description\" content=\"Ahir, a les 17:19 hores, el Consorci Provincial de Bombers d&#039;Alacant va rebre l&#039;alerta d&#039;un greu accident a la cala Moraig, en el rac\u00f3 Illot\" \/>\n<meta name=\"robots\" content=\"index, follow, max-snippet:-1, max-image-preview:large, max-video-preview:-1\" \/>\n<link rel=\"canonical\" href=\"https:\/\/radiolitoral.com\/ca\/2024\/08\/un-home-rescatat-per-un-helicopter-desprs-de-caure-des-de-20-metres-daltura-a-benitatxell\/\" \/>\n<meta property=\"og:locale\" content=\"ca_ES\" \/>\n<meta property=\"og:type\" content=\"article\" \/>\n<meta property=\"og:title\" content=\"Un home rescatat per un helic\u00f2pter despr\u00e9s de caure des d&#039;un penya-segat de 20 metres en Benitatxell | R\u00e0dio Litoral\" \/>\n<meta property=\"og:description\" content=\"Ahir, a les 17:19 hores, el Consorci Provincial de Bombers d&#039;Alacant va rebre l&#039;alerta d&#039;un greu accident a la cala Moraig, en el rac\u00f3 Illot\" \/>\n<meta property=\"og:url\" content=\"https:\/\/radiolitoral.com\/ca\/2024\/08\/un-home-rescatat-per-un-helicopter-desprs-de-caure-des-de-20-metres-daltura-a-benitatxell\/\" \/>\n<meta property=\"og:site_name\" content=\"R\u00e0dio Litoral\" \/>\n<meta property=\"article:publisher\" content=\"https:\/\/www.facebook.com\/Laradiolitoral\/\" \/>\n<meta property=\"article:published_time\" content=\"2024-08-16T10:25:14+00:00\" \/>\n<meta property=\"article:modified_time\" content=\"2024-08-16T10:26:55+00:00\" \/>\n<meta property=\"og:image\" content=\"https:\/\/media.radiolitoral.com\/wp-content\/uploads\/2024\/08\/16122627\/WhatsApp-Image-2024-08-16-at-12.03.23.jpeg\" \/>\n\t<meta property=\"og:image:width\" content=\"1600\" \/>\n\t<meta property=\"og:image:height\" content=\"917\" \/>\n\t<meta property=\"og:image:type\" content=\"image\/jpeg\" \/>\n<meta name=\"author\" content=\"Redacci\u00f3n\" \/>\n<meta name=\"twitter:card\" content=\"summary_large_image\" \/>\n<meta name=\"twitter:label1\" content=\"Escrit per\" \/>\n\t<meta name=\"twitter:data1\" content=\"Redacci\u00f3n\" \/>\n\t<meta name=\"twitter:label2\" content=\"Temps estimat de lectura\" \/>\n\t<meta name=\"twitter:data2\" content=\"1 minut\" \/>\n<script type=\"application\/ld+json\" class=\"yoast-schema-graph\">{\"@context\":\"https:\\\/\\\/schema.org\",\"@graph\":[{\"@type\":\"NewsArticle\",\"@id\":\"https:\\\/\\\/radiolitoral.com\\\/2024\\\/08\\\/un-home-rescatat-per-un-helicopter-despres-de-caure-des-de-20-metres-daltura-en-benitatxell\\\/#article\",\"isPartOf\":{\"@id\":\"https:\\\/\\\/radiolitoral.com\\\/2024\\\/08\\\/un-home-rescatat-per-un-helicopter-despres-de-caure-des-de-20-metres-daltura-en-benitatxell\\\/\"},\"author\":{\"name\":\"Redacci\u00f3n\",\"@id\":\"https:\\\/\\\/radiolitoral.com\\\/#\\\/schema\\\/person\\\/aaadc9e35663a92bd94a05f5816f296d\"},\"headline\":\"Un home rescatat per un helic\u00f2pter despr\u00e9s de caure des d&#8217;un penya-segat de 20 metres en Benitatxell\",\"datePublished\":\"2024-08-16T10:25:14+00:00\",\"dateModified\":\"2024-08-16T10:26:55+00:00\",\"mainEntityOfPage\":{\"@id\":\"https:\\\/\\\/radiolitoral.com\\\/2024\\\/08\\\/un-home-rescatat-per-un-helicopter-despres-de-caure-des-de-20-metres-daltura-en-benitatxell\\\/\"},\"wordCount\":179,\"commentCount\":0,\"publisher\":{\"@id\":\"https:\\\/\\\/radiolitoral.com\\\/#organization\"},\"image\":{\"@id\":\"https:\\\/\\\/radiolitoral.com\\\/2024\\\/08\\\/un-home-rescatat-per-un-helicopter-despres-de-caure-des-de-20-metres-daltura-en-benitatxell\\\/#primaryimage\"},\"thumbnailUrl\":\"https:\\\/\\\/media.radiolitoral.com\\\/wp-content\\\/uploads\\\/2024\\\/08\\\/16122627\\\/WhatsApp-Image-2024-08-16-at-12.03.23.jpeg\",\"keywords\":[\"Benitatxell\",\"caida\",\"cala Moraig\",\"hombres\",\"rescate\"],\"articleSection\":[\"Sucesos\"],\"inLanguage\":\"ca\",\"potentialAction\":[{\"@type\":\"CommentAction\",\"name\":\"Comment\",\"target\":[\"https:\\\/\\\/radiolitoral.com\\\/2024\\\/08\\\/un-home-rescatat-per-un-helicopter-despres-de-caure-des-de-20-metres-daltura-en-benitatxell\\\/#respond\"]}]},{\"@type\":[\"WebPage\",\"ItemPage\"],\"@id\":\"https:\\\/\\\/radiolitoral.com\\\/2024\\\/08\\\/un-home-rescatat-per-un-helicopter-despres-de-caure-des-de-20-metres-daltura-en-benitatxell\\\/\",\"url\":\"https:\\\/\\\/radiolitoral.com\\\/2024\\\/08\\\/un-home-rescatat-per-un-helicopter-despres-de-caure-des-de-20-metres-daltura-en-benitatxell\\\/\",\"name\":\"Un home rescatat per un helic\u00f2pter despr\u00e9s de caure des d'un penya-segat de 20 metres en Benitatxell | R\u00e0dio Litoral\",\"isPartOf\":{\"@id\":\"https:\\\/\\\/radiolitoral.com\\\/#website\"},\"primaryImageOfPage\":{\"@id\":\"https:\\\/\\\/radiolitoral.com\\\/2024\\\/08\\\/un-home-rescatat-per-un-helicopter-despres-de-caure-des-de-20-metres-daltura-en-benitatxell\\\/#primaryimage\"},\"image\":{\"@id\":\"https:\\\/\\\/radiolitoral.com\\\/2024\\\/08\\\/un-home-rescatat-per-un-helicopter-despres-de-caure-des-de-20-metres-daltura-en-benitatxell\\\/#primaryimage\"},\"thumbnailUrl\":\"https:\\\/\\\/media.radiolitoral.com\\\/wp-content\\\/uploads\\\/2024\\\/08\\\/16122627\\\/WhatsApp-Image-2024-08-16-at-12.03.23.jpeg\",\"datePublished\":\"2024-08-16T10:25:14+00:00\",\"dateModified\":\"2024-08-16T10:26:55+00:00\",\"description\":\"Ahir, a les 17:19 hores, el Consorci Provincial de Bombers d'Alacant va rebre l'alerta d'un greu accident a la cala Moraig, en el rac\u00f3 Illot\",\"breadcrumb\":{\"@id\":\"https:\\\/\\\/radiolitoral.com\\\/2024\\\/08\\\/un-home-rescatat-per-un-helicopter-despres-de-caure-des-de-20-metres-daltura-en-benitatxell\\\/#breadcrumb\"},\"inLanguage\":\"ca\",\"potentialAction\":[{\"@type\":\"ReadAction\",\"target\":[\"https:\\\/\\\/radiolitoral.com\\\/2024\\\/08\\\/un-home-rescatat-per-un-helicopter-despres-de-caure-des-de-20-metres-daltura-en-benitatxell\\\/\"]}]},{\"@type\":\"ImageObject\",\"inLanguage\":\"ca\",\"@id\":\"https:\\\/\\\/radiolitoral.com\\\/2024\\\/08\\\/un-home-rescatat-per-un-helicopter-despres-de-caure-des-de-20-metres-daltura-en-benitatxell\\\/#primaryimage\",\"url\":\"https:\\\/\\\/media.radiolitoral.com\\\/wp-content\\\/uploads\\\/2024\\\/08\\\/16122627\\\/WhatsApp-Image-2024-08-16-at-12.03.23.jpeg\",\"contentUrl\":\"https:\\\/\\\/media.radiolitoral.com\\\/wp-content\\\/uploads\\\/2024\\\/08\\\/16122627\\\/WhatsApp-Image-2024-08-16-at-12.03.23.jpeg\",\"width\":1600,\"height\":917,\"caption\":\"Consorci de Bombers | Rescat\"},{\"@type\":\"BreadcrumbList\",\"@id\":\"https:\\\/\\\/radiolitoral.com\\\/2024\\\/08\\\/un-home-rescatat-per-un-helicopter-despres-de-caure-des-de-20-metres-daltura-en-benitatxell\\\/#breadcrumb\",\"itemListElement\":[{\"@type\":\"ListItem\",\"position\":1,\"name\":\"Portada\",\"item\":\"https:\\\/\\\/radiolitoral.com\\\/\"},{\"@type\":\"ListItem\",\"position\":2,\"name\":\"Un home rescatat per un helic\u00f2pter despr\u00e9s de caure des d&#8217;un penya-segat de 20 metres en Benitatxell\"}]},{\"@type\":\"WebSite\",\"@id\":\"https:\\\/\\\/radiolitoral.com\\\/#website\",\"url\":\"https:\\\/\\\/radiolitoral.com\\\/\",\"name\":\"Radio Litoral\",\"description\":\"La radio local de la Marina Alta\",\"publisher\":{\"@id\":\"https:\\\/\\\/radiolitoral.com\\\/#organization\"},\"alternateName\":\"Litoral FM\",\"potentialAction\":[{\"@type\":\"SearchAction\",\"target\":{\"@type\":\"EntryPoint\",\"urlTemplate\":\"https:\\\/\\\/radiolitoral.com\\\/?s={search_term_string}\"},\"query-input\":{\"@type\":\"PropertyValueSpecification\",\"valueRequired\":true,\"valueName\":\"search_term_string\"}}],\"inLanguage\":\"ca\"},{\"@type\":\"Organization\",\"@id\":\"https:\\\/\\\/radiolitoral.com\\\/#organization\",\"name\":\"Radio Litoral\",\"url\":\"https:\\\/\\\/radiolitoral.com\\\/\",\"logo\":{\"@type\":\"ImageObject\",\"inLanguage\":\"ca\",\"@id\":\"https:\\\/\\\/radiolitoral.com\\\/#\\\/schema\\\/logo\\\/image\\\/\",\"url\":\"https:\\\/\\\/media.radiolitoral.com\\\/wp-content\\\/uploads\\\/2023\\\/02\\\/24143238\\\/CL-V-RadioLitoral696.png\",\"contentUrl\":\"https:\\\/\\\/media.radiolitoral.com\\\/wp-content\\\/uploads\\\/2023\\\/02\\\/24143238\\\/CL-V-RadioLitoral696.png\",\"width\":696,\"height\":696,\"caption\":\"Radio Litoral\"},\"image\":{\"@id\":\"https:\\\/\\\/radiolitoral.com\\\/#\\\/schema\\\/logo\\\/image\\\/\"},\"sameAs\":[\"https:\\\/\\\/www.facebook.com\\\/Laradiolitoral\\\/\"]},{\"@type\":\"Person\",\"@id\":\"https:\\\/\\\/radiolitoral.com\\\/#\\\/schema\\\/person\\\/aaadc9e35663a92bd94a05f5816f296d\",\"name\":\"Redacci\u00f3n\",\"image\":{\"@type\":\"ImageObject\",\"inLanguage\":\"ca\",\"@id\":\"https:\\\/\\\/secure.gravatar.com\\\/avatar\\\/e4e253cf49afb8c76a2aca487577f1ff5c098c82b3cf2b0a85f03f83dcb96c31?s=96&d=mm&r=g\",\"url\":\"https:\\\/\\\/secure.gravatar.com\\\/avatar\\\/e4e253cf49afb8c76a2aca487577f1ff5c098c82b3cf2b0a85f03f83dcb96c31?s=96&d=mm&r=g\",\"contentUrl\":\"https:\\\/\\\/secure.gravatar.com\\\/avatar\\\/e4e253cf49afb8c76a2aca487577f1ff5c098c82b3cf2b0a85f03f83dcb96c31?s=96&d=mm&r=g\",\"caption\":\"Redacci\u00f3n\"},\"url\":\"https:\\\/\\\/radiolitoral.com\\\/ca\\\/author\\\/alba-alborch\\\/\"}]}<\/script>\n<!-- \/ Yoast SEO plugin. -->","yoast_head_json":{"title":"Un home rescatat per un helic\u00f2pter despr\u00e9s de caure des d&#039;un penya-segat de 20 metres a Benitatxell | R\u00e0dio Litoral","description":"Ahir, a les 17.19 hores, el Consorci Provincial de Bombers d&#039;Alacant va rebre l&#039;alerta d&#039;un greu accident a la cala Moraig, al rac\u00f3 Illot","robots":{"index":"index","follow":"follow","max-snippet":"max-snippet:-1","max-image-preview":"max-image-preview:large","max-video-preview":"max-video-preview:-1"},"canonical":"https:\/\/radiolitoral.com\/ca\/2024\/08\/un-home-rescatat-per-un-helicopter-desprs-de-caure-des-de-20-metres-daltura-a-benitatxell\/","og_locale":"ca_ES","og_type":"article","og_title":"Un home rescatat per un helic\u00f2pter despr\u00e9s de caure des d'un penya-segat de 20 metres en Benitatxell | R\u00e0dio Litoral","og_description":"Ahir, a les 17:19 hores, el Consorci Provincial de Bombers d'Alacant va rebre l'alerta d'un greu accident a la cala Moraig, en el rac\u00f3 Illot","og_url":"https:\/\/radiolitoral.com\/ca\/2024\/08\/un-home-rescatat-per-un-helicopter-desprs-de-caure-des-de-20-metres-daltura-a-benitatxell\/","og_site_name":"R\u00e0dio Litoral","article_publisher":"https:\/\/www.facebook.com\/Laradiolitoral\/","article_published_time":"2024-08-16T10:25:14+00:00","article_modified_time":"2024-08-16T10:26:55+00:00","og_image":[{"width":1600,"height":917,"url":"https:\/\/media.radiolitoral.com\/wp-content\/uploads\/2024\/08\/16122627\/WhatsApp-Image-2024-08-16-at-12.03.23.jpeg","type":"image\/jpeg"}],"author":"Redacci\u00f3n","twitter_card":"summary_large_image","twitter_misc":{"Escrit per":"Redacci\u00f3n","Temps estimat de lectura":"1 minut"},"schema":{"@context":"https:\/\/schema.org","@graph":[{"@type":"NewsArticle","@id":"https:\/\/radiolitoral.com\/2024\/08\/un-home-rescatat-per-un-helicopter-despres-de-caure-des-de-20-metres-daltura-en-benitatxell\/#article","isPartOf":{"@id":"https:\/\/radiolitoral.com\/2024\/08\/un-home-rescatat-per-un-helicopter-despres-de-caure-des-de-20-metres-daltura-en-benitatxell\/"},"author":{"name":"Redacci\u00f3n","@id":"https:\/\/radiolitoral.com\/#\/schema\/person\/aaadc9e35663a92bd94a05f5816f296d"},"headline":"Un home rescatat per un helic\u00f2pter despr\u00e9s de caure des d&#8217;un penya-segat de 20 metres en Benitatxell","datePublished":"2024-08-16T10:25:14+00:00","dateModified":"2024-08-16T10:26:55+00:00","mainEntityOfPage":{"@id":"https:\/\/radiolitoral.com\/2024\/08\/un-home-rescatat-per-un-helicopter-despres-de-caure-des-de-20-metres-daltura-en-benitatxell\/"},"wordCount":179,"commentCount":0,"publisher":{"@id":"https:\/\/radiolitoral.com\/#organization"},"image":{"@id":"https:\/\/radiolitoral.com\/2024\/08\/un-home-rescatat-per-un-helicopter-despres-de-caure-des-de-20-metres-daltura-en-benitatxell\/#primaryimage"},"thumbnailUrl":"https:\/\/media.radiolitoral.com\/wp-content\/uploads\/2024\/08\/16122627\/WhatsApp-Image-2024-08-16-at-12.03.23.jpeg","keywords":["Benitatxell","caida","cala Moraig","hombres","rescate"],"articleSection":["Sucesos"],"inLanguage":"ca","potentialAction":[{"@type":"CommentAction","name":"Comment","target":["https:\/\/radiolitoral.com\/2024\/08\/un-home-rescatat-per-un-helicopter-despres-de-caure-des-de-20-metres-daltura-en-benitatxell\/#respond"]}]},{"@type":["WebPage","ItemPage"],"@id":"https:\/\/radiolitoral.com\/2024\/08\/un-home-rescatat-per-un-helicopter-despres-de-caure-des-de-20-metres-daltura-en-benitatxell\/","url":"https:\/\/radiolitoral.com\/2024\/08\/un-home-rescatat-per-un-helicopter-despres-de-caure-des-de-20-metres-daltura-en-benitatxell\/","name":"Un home rescatat per un helic\u00f2pter despr\u00e9s de caure des d&#039;un penya-segat de 20 metres a Benitatxell | R\u00e0dio Litoral","isPartOf":{"@id":"https:\/\/radiolitoral.com\/#website"},"primaryImageOfPage":{"@id":"https:\/\/radiolitoral.com\/2024\/08\/un-home-rescatat-per-un-helicopter-despres-de-caure-des-de-20-metres-daltura-en-benitatxell\/#primaryimage"},"image":{"@id":"https:\/\/radiolitoral.com\/2024\/08\/un-home-rescatat-per-un-helicopter-despres-de-caure-des-de-20-metres-daltura-en-benitatxell\/#primaryimage"},"thumbnailUrl":"https:\/\/media.radiolitoral.com\/wp-content\/uploads\/2024\/08\/16122627\/WhatsApp-Image-2024-08-16-at-12.03.23.jpeg","datePublished":"2024-08-16T10:25:14+00:00","dateModified":"2024-08-16T10:26:55+00:00","description":"Ahir, a les 17.19 hores, el Consorci Provincial de Bombers d&#039;Alacant va rebre l&#039;alerta d&#039;un greu accident a la cala Moraig, al rac\u00f3 Illot","breadcrumb":{"@id":"https:\/\/radiolitoral.com\/2024\/08\/un-home-rescatat-per-un-helicopter-despres-de-caure-des-de-20-metres-daltura-en-benitatxell\/#breadcrumb"},"inLanguage":"ca","potentialAction":[{"@type":"ReadAction","target":["https:\/\/radiolitoral.com\/2024\/08\/un-home-rescatat-per-un-helicopter-despres-de-caure-des-de-20-metres-daltura-en-benitatxell\/"]}]},{"@type":"ImageObject","inLanguage":"ca","@id":"https:\/\/radiolitoral.com\/2024\/08\/un-home-rescatat-per-un-helicopter-despres-de-caure-des-de-20-metres-daltura-en-benitatxell\/#primaryimage","url":"https:\/\/media.radiolitoral.com\/wp-content\/uploads\/2024\/08\/16122627\/WhatsApp-Image-2024-08-16-at-12.03.23.jpeg","contentUrl":"https:\/\/media.radiolitoral.com\/wp-content\/uploads\/2024\/08\/16122627\/WhatsApp-Image-2024-08-16-at-12.03.23.jpeg","width":1600,"height":917,"caption":"Consorci de Bombers | Rescat"},{"@type":"BreadcrumbList","@id":"https:\/\/radiolitoral.com\/2024\/08\/un-home-rescatat-per-un-helicopter-despres-de-caure-des-de-20-metres-daltura-en-benitatxell\/#breadcrumb","itemListElement":[{"@type":"ListItem","position":1,"name":"Portada","item":"https:\/\/radiolitoral.com\/"},{"@type":"ListItem","position":2,"name":"Un home rescatat per un helic\u00f2pter despr\u00e9s de caure des d&#8217;un penya-segat de 20 metres en Benitatxell"}]},{"@type":"WebSite","@id":"https:\/\/radiolitoral.com\/#website","url":"https:\/\/radiolitoral.com\/","name":"R\u00e0dio Litoral","description":"La r\u00e0dio local de la Marina Alta","publisher":{"@id":"https:\/\/radiolitoral.com\/#organization"},"alternateName":"Litoral FM","potentialAction":[{"@type":"SearchAction","target":{"@type":"EntryPoint","urlTemplate":"https:\/\/radiolitoral.com\/?s={search_term_string}"},"query-input":{"@type":"PropertyValueSpecification","valueRequired":true,"valueName":"search_term_string"}}],"inLanguage":"ca"},{"@type":"Organization","@id":"https:\/\/radiolitoral.com\/#organization","name":"R\u00e0dio Litoral","url":"https:\/\/radiolitoral.com\/","logo":{"@type":"ImageObject","inLanguage":"ca","@id":"https:\/\/radiolitoral.com\/#\/schema\/logo\/image\/","url":"https:\/\/media.radiolitoral.com\/wp-content\/uploads\/2023\/02\/24143238\/CL-V-RadioLitoral696.png","contentUrl":"https:\/\/media.radiolitoral.com\/wp-content\/uploads\/2023\/02\/24143238\/CL-V-RadioLitoral696.png","width":696,"height":696,"caption":"Radio Litoral"},"image":{"@id":"https:\/\/radiolitoral.com\/#\/schema\/logo\/image\/"},"sameAs":["https:\/\/www.facebook.com\/Laradiolitoral\/"]},{"@type":"Person","@id":"https:\/\/radiolitoral.com\/#\/schema\/person\/aaadc9e35663a92bd94a05f5816f296d","name":"Redacci\u00f3","image":{"@type":"ImageObject","inLanguage":"ca","@id":"https:\/\/secure.gravatar.com\/avatar\/e4e253cf49afb8c76a2aca487577f1ff5c098c82b3cf2b0a85f03f83dcb96c31?s=96&d=mm&r=g","url":"https:\/\/secure.gravatar.com\/avatar\/e4e253cf49afb8c76a2aca487577f1ff5c098c82b3cf2b0a85f03f83dcb96c31?s=96&d=mm&r=g","contentUrl":"https:\/\/secure.gravatar.com\/avatar\/e4e253cf49afb8c76a2aca487577f1ff5c098c82b3cf2b0a85f03f83dcb96c31?s=96&d=mm&r=g","caption":"Redacci\u00f3n"},"url":"https:\/\/radiolitoral.com\/ca\/author\/alba-alborch\/"}]}},"_links":{"self":[{"href":"https:\/\/radiolitoral.com\/ca\/wp-json\/wp\/v2\/posts\/10708","targetHints":{"allow":["GET"]}}],"collection":[{"href":"https:\/\/radiolitoral.com\/ca\/wp-json\/wp\/v2\/posts"}],"about":[{"href":"https:\/\/radiolitoral.com\/ca\/wp-json\/wp\/v2\/types\/post"}],"author":[{"embeddable":true,"href":"https:\/\/radiolitoral.com\/ca\/wp-json\/wp\/v2\/users\/11"}],"replies":[{"embeddable":true,"href":"https:\/\/radiolitoral.com\/ca\/wp-json\/wp\/v2\/comments?post=10708"}],"version-history":[{"count":3,"href":"https:\/\/radiolitoral.com\/ca\/wp-json\/wp\/v2\/posts\/10708\/revisions"}],"predecessor-version":[{"id":10712,"href":"https:\/\/radiolitoral.com\/ca\/wp-json\/wp\/v2\/posts\/10708\/revisions\/10712"}],"wp:featuredmedia":[{"embeddable":true,"href":"https:\/\/radiolitoral.com\/ca\/wp-json\/wp\/v2\/media\/10711"}],"wp:attachment":[{"href":"https:\/\/radiolitoral.com\/ca\/wp-json\/wp\/v2\/media?parent=10708"}],"wp:term":[{"taxonomy":"category","embeddable":true,"href":"https:\/\/radiolitoral.com\/ca\/wp-json\/wp\/v2\/categories?post=10708"},{"taxonomy":"post_tag","embeddable":true,"href":"https:\/\/radiolitoral.com\/ca\/wp-json\/wp\/v2\/tags?post=10708"}],"curies":[{"name":"wp","href":"https:\/\/api.w.org\/{rel}","templated":true}]}}