{"id":10691,"date":"2024-08-14T08:54:55","date_gmt":"2024-08-14T06:54:55","guid":{"rendered":"https:\/\/radiolitoral.com\/?p=10691"},"modified":"2024-08-14T08:54:55","modified_gmt":"2024-08-14T06:54:55","slug":"compra-aigua-tellada-ple","status":"publish","type":"post","link":"https:\/\/radiolitoral.com\/ca\/2024\/08\/compra-agua-teulada-pleno\/","title":{"rendered":"Teulada Moraira gestionar\u00e0 la compra d&#039;aigua amb la delegaci\u00f3 de compet\u00e8ncies"},"content":{"rendered":"<p>El Consorci Teulada-Benitachell ha delegat a l&#039;Ajuntament de Teulada la responsabilitat de <strong>gestionar la compra d&#039;aigua<\/strong>, una decisi\u00f3 que ha estat aprovada al ple municipal. Dels 100.000 \u20ac assignats a aquesta operaci\u00f3, Teulada Moraira <strong>rebreu un 67,40 %<\/strong>, que es destinar\u00e0 a assegurar el subministrament d&#039;aigua per al municipi.<\/p>\n<p><strong>Ra\u00fal Llobell<\/strong>, alcalde de Teulada Moraira, ha explicat que s&#039;ha triat l&#039;\u00fas de cubs d&#039;aigua com a soluci\u00f3 m\u00e9s econ\u00f2mica i ambientalment responsable, evitant aix\u00ed l&#039;impacte negatiu de l&#039;aigua embotellada sobre el medi ambient.<\/p>\n<p>Paral\u00b7lelament, ja s&#039;estan portant a terme els <strong>tr\u00e0mits per a la instal\u00b7laci\u00f3 de dos dip\u00f2sits d&#039;aigua<\/strong>, previstos al camp de futbol de Teulada ia la pista vermella del poliesportiu Les Sorts de Moraira. Els abonats al servei daigua potable podran accedir a un m\u00e0xim de 20 litres per setmana.<\/p>\n<p>Aix\u00ed mateix, es recorda a les persones dependents que <strong>reben atenci\u00f3 domicili\u00e0ria<\/strong> que podeu contactar amb Serveis Socials al tel\u00e8fon 96 574 10 01 per sol\u00b7licitar la distribuci\u00f3 de l&#039;aigua a domicili.<\/p>\n<p>Es preveu que en breu, una vegada obtinguts els permisos de Salut P\u00fablica, s&#039;informe sobre la data d&#039;inici del subministrament i els horaris de recollida.<\/p>","protected":false},"excerpt":{"rendered":"<p>El Consorci Teulada-Benitachell ha delegat en l&#8217;Ajuntament de Teulada la responsabilitat de gestionar la compra d&#8217;aigua, una decisi\u00f3 que ha sigut aprovada en el ple municipal. Dels 100.000 \u20ac assignats a aquesta operaci\u00f3, Teulada Moraira rebr\u00e0 un 67,40 %, que es destinar\u00e0 a assegurar el subministrament d&#8217;aigua per al municipi. Ra\u00fal Llobell, alcalde de Teulada [&#8230;]<\/p>\n<p><a class=\"btn btn-secondary understrap-read-more-link\" href=\"https:\/\/radiolitoral.com\/ca\/2024\/08\/compra-agua-teulada-pleno\/\">Continua llegint&#8230;<span class=\"screen-reader-text\"> from Teulada Moraira gestionar\u00e0 la compra d&#8217;aigua amb la delegaci\u00f3 de compet\u00e8ncies<\/span><\/a><\/p>\n","protected":false},"author":11,"featured_media":9027,"comment_status":"open","ping_status":"closed","sticky":false,"template":"","format":"standard","meta":{"_acf_changed":false,"inline_featured_image":false,"footnotes":""},"categories":[46],"tags":[2020,1838,146],"class_list":["post-10691","post","type-post","status-publish","format-standard","has-post-thumbnail","hentry","category-sociedad","tag-compra-agua-politica","tag-pleno","tag-teulada","cobertura-teulada-moraira"],"acf":[],"yoast_head":"<!-- This site is optimized with the Yoast SEO plugin v27.5 - https:\/\/yoast.com\/product\/yoast-seo-wordpress\/ -->\n<title>Teulada Moraira gestionar\u00e0 la compra d&#039;aigua amb la delegaci\u00f3 de compet\u00e8ncies | R\u00e0dio Litoral<\/title>\n<meta name=\"description\" content=\"Teulada Moraira rebr\u00e0 m\u00e9s de la meitat dels fons per a instal\u00b7lar dip\u00f2sits d&#039;aigua i garantir el subministrament als seus ve\u00efns\" \/>\n<meta name=\"robots\" content=\"index, follow, max-snippet:-1, max-image-preview:large, max-video-preview:-1\" \/>\n<link rel=\"canonical\" href=\"https:\/\/radiolitoral.com\/ca\/2024\/08\/compra-aigua-tellada-ple\/\" \/>\n<meta property=\"og:locale\" content=\"ca_ES\" \/>\n<meta property=\"og:type\" content=\"article\" \/>\n<meta property=\"og:title\" content=\"Teulada Moraira gestionar\u00e0 la compra d&#039;aigua amb la delegaci\u00f3 de compet\u00e8ncies | R\u00e0dio Litoral\" \/>\n<meta property=\"og:description\" content=\"Teulada Moraira rebr\u00e0 m\u00e9s de la meitat dels fons per a instal\u00b7lar dip\u00f2sits d&#039;aigua i garantir el subministrament als seus ve\u00efns\" \/>\n<meta property=\"og:url\" content=\"https:\/\/radiolitoral.com\/ca\/2024\/08\/compra-aigua-tellada-ple\/\" \/>\n<meta property=\"og:site_name\" content=\"R\u00e0dio Litoral\" \/>\n<meta property=\"article:publisher\" content=\"https:\/\/www.facebook.com\/Laradiolitoral\/\" \/>\n<meta property=\"article:published_time\" content=\"2024-08-14T06:54:55+00:00\" \/>\n<meta property=\"og:image\" content=\"https:\/\/media.radiolitoral.com\/wp-content\/uploads\/2024\/05\/20104718\/Teulada-entorno-rural-2.-Teulada-Moraira-Turismo.jpg\" \/>\n\t<meta property=\"og:image:width\" content=\"1440\" \/>\n\t<meta property=\"og:image:height\" content=\"956\" \/>\n\t<meta property=\"og:image:type\" content=\"image\/jpeg\" \/>\n<meta name=\"author\" content=\"Redacci\u00f3n\" \/>\n<meta name=\"twitter:card\" content=\"summary_large_image\" \/>\n<meta name=\"twitter:label1\" content=\"Escrit per\" \/>\n\t<meta name=\"twitter:data1\" content=\"Redacci\u00f3n\" \/>\n\t<meta name=\"twitter:label2\" content=\"Temps estimat de lectura\" \/>\n\t<meta name=\"twitter:data2\" content=\"2 minuts\" \/>\n<script type=\"application\/ld+json\" class=\"yoast-schema-graph\">{\"@context\":\"https:\\\/\\\/schema.org\",\"@graph\":[{\"@type\":\"NewsArticle\",\"@id\":\"https:\\\/\\\/radiolitoral.com\\\/2024\\\/08\\\/compra-agua-teulada-pleno\\\/#article\",\"isPartOf\":{\"@id\":\"https:\\\/\\\/radiolitoral.com\\\/2024\\\/08\\\/compra-agua-teulada-pleno\\\/\"},\"author\":{\"name\":\"Redacci\u00f3n\",\"@id\":\"https:\\\/\\\/radiolitoral.com\\\/#\\\/schema\\\/person\\\/aaadc9e35663a92bd94a05f5816f296d\"},\"headline\":\"Teulada Moraira gestionar\u00e0 la compra d&#8217;aigua amb la delegaci\u00f3 de compet\u00e8ncies\",\"datePublished\":\"2024-08-14T06:54:55+00:00\",\"mainEntityOfPage\":{\"@id\":\"https:\\\/\\\/radiolitoral.com\\\/2024\\\/08\\\/compra-agua-teulada-pleno\\\/\"},\"wordCount\":222,\"commentCount\":0,\"publisher\":{\"@id\":\"https:\\\/\\\/radiolitoral.com\\\/#organization\"},\"image\":{\"@id\":\"https:\\\/\\\/radiolitoral.com\\\/2024\\\/08\\\/compra-agua-teulada-pleno\\\/#primaryimage\"},\"thumbnailUrl\":\"https:\\\/\\\/media.radiolitoral.com\\\/wp-content\\\/uploads\\\/2024\\\/05\\\/20104718\\\/Teulada-entorno-rural-2.-Teulada-Moraira-Turismo.jpg\",\"keywords\":[\"compra agua. pol\u00edtica\",\"pleno\",\"Teulada\"],\"articleSection\":[\"Sociedad\"],\"inLanguage\":\"ca\",\"potentialAction\":[{\"@type\":\"CommentAction\",\"name\":\"Comment\",\"target\":[\"https:\\\/\\\/radiolitoral.com\\\/2024\\\/08\\\/compra-agua-teulada-pleno\\\/#respond\"]}]},{\"@type\":[\"WebPage\",\"ItemPage\"],\"@id\":\"https:\\\/\\\/radiolitoral.com\\\/2024\\\/08\\\/compra-agua-teulada-pleno\\\/\",\"url\":\"https:\\\/\\\/radiolitoral.com\\\/2024\\\/08\\\/compra-agua-teulada-pleno\\\/\",\"name\":\"Teulada Moraira gestionar\u00e0 la compra d'aigua amb la delegaci\u00f3 de compet\u00e8ncies | R\u00e0dio Litoral\",\"isPartOf\":{\"@id\":\"https:\\\/\\\/radiolitoral.com\\\/#website\"},\"primaryImageOfPage\":{\"@id\":\"https:\\\/\\\/radiolitoral.com\\\/2024\\\/08\\\/compra-agua-teulada-pleno\\\/#primaryimage\"},\"image\":{\"@id\":\"https:\\\/\\\/radiolitoral.com\\\/2024\\\/08\\\/compra-agua-teulada-pleno\\\/#primaryimage\"},\"thumbnailUrl\":\"https:\\\/\\\/media.radiolitoral.com\\\/wp-content\\\/uploads\\\/2024\\\/05\\\/20104718\\\/Teulada-entorno-rural-2.-Teulada-Moraira-Turismo.jpg\",\"datePublished\":\"2024-08-14T06:54:55+00:00\",\"description\":\"Teulada Moraira rebr\u00e0 m\u00e9s de la meitat dels fons per a instal\u00b7lar dip\u00f2sits d'aigua i garantir el subministrament als seus ve\u00efns\",\"breadcrumb\":{\"@id\":\"https:\\\/\\\/radiolitoral.com\\\/2024\\\/08\\\/compra-agua-teulada-pleno\\\/#breadcrumb\"},\"inLanguage\":\"ca\",\"potentialAction\":[{\"@type\":\"ReadAction\",\"target\":[\"https:\\\/\\\/radiolitoral.com\\\/2024\\\/08\\\/compra-agua-teulada-pleno\\\/\"]}]},{\"@type\":\"ImageObject\",\"inLanguage\":\"ca\",\"@id\":\"https:\\\/\\\/radiolitoral.com\\\/2024\\\/08\\\/compra-agua-teulada-pleno\\\/#primaryimage\",\"url\":\"https:\\\/\\\/media.radiolitoral.com\\\/wp-content\\\/uploads\\\/2024\\\/05\\\/20104718\\\/Teulada-entorno-rural-2.-Teulada-Moraira-Turismo.jpg\",\"contentUrl\":\"https:\\\/\\\/media.radiolitoral.com\\\/wp-content\\\/uploads\\\/2024\\\/05\\\/20104718\\\/Teulada-entorno-rural-2.-Teulada-Moraira-Turismo.jpg\",\"width\":1440,\"height\":956},{\"@type\":\"BreadcrumbList\",\"@id\":\"https:\\\/\\\/radiolitoral.com\\\/2024\\\/08\\\/compra-agua-teulada-pleno\\\/#breadcrumb\",\"itemListElement\":[{\"@type\":\"ListItem\",\"position\":1,\"name\":\"Portada\",\"item\":\"https:\\\/\\\/radiolitoral.com\\\/\"},{\"@type\":\"ListItem\",\"position\":2,\"name\":\"Teulada Moraira gestionar\u00e0 la compra d&#8217;aigua amb la delegaci\u00f3 de compet\u00e8ncies\"}]},{\"@type\":\"WebSite\",\"@id\":\"https:\\\/\\\/radiolitoral.com\\\/#website\",\"url\":\"https:\\\/\\\/radiolitoral.com\\\/\",\"name\":\"Radio Litoral\",\"description\":\"La radio local de la Marina Alta\",\"publisher\":{\"@id\":\"https:\\\/\\\/radiolitoral.com\\\/#organization\"},\"alternateName\":\"Litoral FM\",\"potentialAction\":[{\"@type\":\"SearchAction\",\"target\":{\"@type\":\"EntryPoint\",\"urlTemplate\":\"https:\\\/\\\/radiolitoral.com\\\/?s={search_term_string}\"},\"query-input\":{\"@type\":\"PropertyValueSpecification\",\"valueRequired\":true,\"valueName\":\"search_term_string\"}}],\"inLanguage\":\"ca\"},{\"@type\":\"Organization\",\"@id\":\"https:\\\/\\\/radiolitoral.com\\\/#organization\",\"name\":\"Radio Litoral\",\"url\":\"https:\\\/\\\/radiolitoral.com\\\/\",\"logo\":{\"@type\":\"ImageObject\",\"inLanguage\":\"ca\",\"@id\":\"https:\\\/\\\/radiolitoral.com\\\/#\\\/schema\\\/logo\\\/image\\\/\",\"url\":\"https:\\\/\\\/media.radiolitoral.com\\\/wp-content\\\/uploads\\\/2023\\\/02\\\/24143238\\\/CL-V-RadioLitoral696.png\",\"contentUrl\":\"https:\\\/\\\/media.radiolitoral.com\\\/wp-content\\\/uploads\\\/2023\\\/02\\\/24143238\\\/CL-V-RadioLitoral696.png\",\"width\":696,\"height\":696,\"caption\":\"Radio Litoral\"},\"image\":{\"@id\":\"https:\\\/\\\/radiolitoral.com\\\/#\\\/schema\\\/logo\\\/image\\\/\"},\"sameAs\":[\"https:\\\/\\\/www.facebook.com\\\/Laradiolitoral\\\/\"]},{\"@type\":\"Person\",\"@id\":\"https:\\\/\\\/radiolitoral.com\\\/#\\\/schema\\\/person\\\/aaadc9e35663a92bd94a05f5816f296d\",\"name\":\"Redacci\u00f3n\",\"image\":{\"@type\":\"ImageObject\",\"inLanguage\":\"ca\",\"@id\":\"https:\\\/\\\/secure.gravatar.com\\\/avatar\\\/e4e253cf49afb8c76a2aca487577f1ff5c098c82b3cf2b0a85f03f83dcb96c31?s=96&d=mm&r=g\",\"url\":\"https:\\\/\\\/secure.gravatar.com\\\/avatar\\\/e4e253cf49afb8c76a2aca487577f1ff5c098c82b3cf2b0a85f03f83dcb96c31?s=96&d=mm&r=g\",\"contentUrl\":\"https:\\\/\\\/secure.gravatar.com\\\/avatar\\\/e4e253cf49afb8c76a2aca487577f1ff5c098c82b3cf2b0a85f03f83dcb96c31?s=96&d=mm&r=g\",\"caption\":\"Redacci\u00f3n\"},\"url\":\"https:\\\/\\\/radiolitoral.com\\\/ca\\\/author\\\/alba-alborch\\\/\"}]}<\/script>\n<!-- \/ Yoast SEO plugin. -->","yoast_head_json":{"title":"Teulada Moraira gestionar\u00e0 la compra d\u00b4aigua amb la delegaci\u00f3 de compet\u00e8ncies | R\u00e0dio Litoral","description":"Teulada Moraira rebr\u00e0 m\u00e9s de la meitat dels fons per instal\u00b7lar dip\u00f2sits d&#039;aigua i garantir el subministrament als seus ve\u00efns","robots":{"index":"index","follow":"follow","max-snippet":"max-snippet:-1","max-image-preview":"max-image-preview:large","max-video-preview":"max-video-preview:-1"},"canonical":"https:\/\/radiolitoral.com\/ca\/2024\/08\/compra-aigua-tellada-ple\/","og_locale":"ca_ES","og_type":"article","og_title":"Teulada Moraira gestionar\u00e0 la compra d'aigua amb la delegaci\u00f3 de compet\u00e8ncies | R\u00e0dio Litoral","og_description":"Teulada Moraira rebr\u00e0 m\u00e9s de la meitat dels fons per a instal\u00b7lar dip\u00f2sits d'aigua i garantir el subministrament als seus ve\u00efns","og_url":"https:\/\/radiolitoral.com\/ca\/2024\/08\/compra-aigua-tellada-ple\/","og_site_name":"R\u00e0dio Litoral","article_publisher":"https:\/\/www.facebook.com\/Laradiolitoral\/","article_published_time":"2024-08-14T06:54:55+00:00","og_image":[{"width":1440,"height":956,"url":"https:\/\/media.radiolitoral.com\/wp-content\/uploads\/2024\/05\/20104718\/Teulada-entorno-rural-2.-Teulada-Moraira-Turismo.jpg","type":"image\/jpeg"}],"author":"Redacci\u00f3n","twitter_card":"summary_large_image","twitter_misc":{"Escrit per":"Redacci\u00f3n","Temps estimat de lectura":"2 minuts"},"schema":{"@context":"https:\/\/schema.org","@graph":[{"@type":"NewsArticle","@id":"https:\/\/radiolitoral.com\/2024\/08\/compra-agua-teulada-pleno\/#article","isPartOf":{"@id":"https:\/\/radiolitoral.com\/2024\/08\/compra-agua-teulada-pleno\/"},"author":{"name":"Redacci\u00f3n","@id":"https:\/\/radiolitoral.com\/#\/schema\/person\/aaadc9e35663a92bd94a05f5816f296d"},"headline":"Teulada Moraira gestionar\u00e0 la compra d&#8217;aigua amb la delegaci\u00f3 de compet\u00e8ncies","datePublished":"2024-08-14T06:54:55+00:00","mainEntityOfPage":{"@id":"https:\/\/radiolitoral.com\/2024\/08\/compra-agua-teulada-pleno\/"},"wordCount":222,"commentCount":0,"publisher":{"@id":"https:\/\/radiolitoral.com\/#organization"},"image":{"@id":"https:\/\/radiolitoral.com\/2024\/08\/compra-agua-teulada-pleno\/#primaryimage"},"thumbnailUrl":"https:\/\/media.radiolitoral.com\/wp-content\/uploads\/2024\/05\/20104718\/Teulada-entorno-rural-2.-Teulada-Moraira-Turismo.jpg","keywords":["compra agua. pol\u00edtica","pleno","Teulada"],"articleSection":["Sociedad"],"inLanguage":"ca","potentialAction":[{"@type":"CommentAction","name":"Comment","target":["https:\/\/radiolitoral.com\/2024\/08\/compra-agua-teulada-pleno\/#respond"]}]},{"@type":["WebPage","ItemPage"],"@id":"https:\/\/radiolitoral.com\/2024\/08\/compra-agua-teulada-pleno\/","url":"https:\/\/radiolitoral.com\/2024\/08\/compra-agua-teulada-pleno\/","name":"Teulada Moraira gestionar\u00e0 la compra d\u00b4aigua amb la delegaci\u00f3 de compet\u00e8ncies | R\u00e0dio Litoral","isPartOf":{"@id":"https:\/\/radiolitoral.com\/#website"},"primaryImageOfPage":{"@id":"https:\/\/radiolitoral.com\/2024\/08\/compra-agua-teulada-pleno\/#primaryimage"},"image":{"@id":"https:\/\/radiolitoral.com\/2024\/08\/compra-agua-teulada-pleno\/#primaryimage"},"thumbnailUrl":"https:\/\/media.radiolitoral.com\/wp-content\/uploads\/2024\/05\/20104718\/Teulada-entorno-rural-2.-Teulada-Moraira-Turismo.jpg","datePublished":"2024-08-14T06:54:55+00:00","description":"Teulada Moraira rebr\u00e0 m\u00e9s de la meitat dels fons per instal\u00b7lar dip\u00f2sits d&#039;aigua i garantir el subministrament als seus ve\u00efns","breadcrumb":{"@id":"https:\/\/radiolitoral.com\/2024\/08\/compra-agua-teulada-pleno\/#breadcrumb"},"inLanguage":"ca","potentialAction":[{"@type":"ReadAction","target":["https:\/\/radiolitoral.com\/2024\/08\/compra-agua-teulada-pleno\/"]}]},{"@type":"ImageObject","inLanguage":"ca","@id":"https:\/\/radiolitoral.com\/2024\/08\/compra-agua-teulada-pleno\/#primaryimage","url":"https:\/\/media.radiolitoral.com\/wp-content\/uploads\/2024\/05\/20104718\/Teulada-entorno-rural-2.-Teulada-Moraira-Turismo.jpg","contentUrl":"https:\/\/media.radiolitoral.com\/wp-content\/uploads\/2024\/05\/20104718\/Teulada-entorno-rural-2.-Teulada-Moraira-Turismo.jpg","width":1440,"height":956},{"@type":"BreadcrumbList","@id":"https:\/\/radiolitoral.com\/2024\/08\/compra-agua-teulada-pleno\/#breadcrumb","itemListElement":[{"@type":"ListItem","position":1,"name":"Portada","item":"https:\/\/radiolitoral.com\/"},{"@type":"ListItem","position":2,"name":"Teulada Moraira gestionar\u00e0 la compra d&#8217;aigua amb la delegaci\u00f3 de compet\u00e8ncies"}]},{"@type":"WebSite","@id":"https:\/\/radiolitoral.com\/#website","url":"https:\/\/radiolitoral.com\/","name":"R\u00e0dio Litoral","description":"La r\u00e0dio local de la Marina Alta","publisher":{"@id":"https:\/\/radiolitoral.com\/#organization"},"alternateName":"Litoral FM","potentialAction":[{"@type":"SearchAction","target":{"@type":"EntryPoint","urlTemplate":"https:\/\/radiolitoral.com\/?s={search_term_string}"},"query-input":{"@type":"PropertyValueSpecification","valueRequired":true,"valueName":"search_term_string"}}],"inLanguage":"ca"},{"@type":"Organization","@id":"https:\/\/radiolitoral.com\/#organization","name":"R\u00e0dio Litoral","url":"https:\/\/radiolitoral.com\/","logo":{"@type":"ImageObject","inLanguage":"ca","@id":"https:\/\/radiolitoral.com\/#\/schema\/logo\/image\/","url":"https:\/\/media.radiolitoral.com\/wp-content\/uploads\/2023\/02\/24143238\/CL-V-RadioLitoral696.png","contentUrl":"https:\/\/media.radiolitoral.com\/wp-content\/uploads\/2023\/02\/24143238\/CL-V-RadioLitoral696.png","width":696,"height":696,"caption":"Radio Litoral"},"image":{"@id":"https:\/\/radiolitoral.com\/#\/schema\/logo\/image\/"},"sameAs":["https:\/\/www.facebook.com\/Laradiolitoral\/"]},{"@type":"Person","@id":"https:\/\/radiolitoral.com\/#\/schema\/person\/aaadc9e35663a92bd94a05f5816f296d","name":"Redacci\u00f3","image":{"@type":"ImageObject","inLanguage":"ca","@id":"https:\/\/secure.gravatar.com\/avatar\/e4e253cf49afb8c76a2aca487577f1ff5c098c82b3cf2b0a85f03f83dcb96c31?s=96&d=mm&r=g","url":"https:\/\/secure.gravatar.com\/avatar\/e4e253cf49afb8c76a2aca487577f1ff5c098c82b3cf2b0a85f03f83dcb96c31?s=96&d=mm&r=g","contentUrl":"https:\/\/secure.gravatar.com\/avatar\/e4e253cf49afb8c76a2aca487577f1ff5c098c82b3cf2b0a85f03f83dcb96c31?s=96&d=mm&r=g","caption":"Redacci\u00f3n"},"url":"https:\/\/radiolitoral.com\/ca\/author\/alba-alborch\/"}]}},"_links":{"self":[{"href":"https:\/\/radiolitoral.com\/ca\/wp-json\/wp\/v2\/posts\/10691","targetHints":{"allow":["GET"]}}],"collection":[{"href":"https:\/\/radiolitoral.com\/ca\/wp-json\/wp\/v2\/posts"}],"about":[{"href":"https:\/\/radiolitoral.com\/ca\/wp-json\/wp\/v2\/types\/post"}],"author":[{"embeddable":true,"href":"https:\/\/radiolitoral.com\/ca\/wp-json\/wp\/v2\/users\/11"}],"replies":[{"embeddable":true,"href":"https:\/\/radiolitoral.com\/ca\/wp-json\/wp\/v2\/comments?post=10691"}],"version-history":[{"count":1,"href":"https:\/\/radiolitoral.com\/ca\/wp-json\/wp\/v2\/posts\/10691\/revisions"}],"predecessor-version":[{"id":10692,"href":"https:\/\/radiolitoral.com\/ca\/wp-json\/wp\/v2\/posts\/10691\/revisions\/10692"}],"wp:featuredmedia":[{"embeddable":true,"href":"https:\/\/radiolitoral.com\/ca\/wp-json\/wp\/v2\/media\/9027"}],"wp:attachment":[{"href":"https:\/\/radiolitoral.com\/ca\/wp-json\/wp\/v2\/media?parent=10691"}],"wp:term":[{"taxonomy":"category","embeddable":true,"href":"https:\/\/radiolitoral.com\/ca\/wp-json\/wp\/v2\/categories?post=10691"},{"taxonomy":"post_tag","embeddable":true,"href":"https:\/\/radiolitoral.com\/ca\/wp-json\/wp\/v2\/tags?post=10691"}],"curies":[{"name":"wp","href":"https:\/\/api.w.org\/{rel}","templated":true}]}}