{"id":10671,"date":"2024-08-14T10:55:14","date_gmt":"2024-08-14T08:55:14","guid":{"rendered":"https:\/\/radiolitoral.com\/?p=10671"},"modified":"2024-08-14T10:55:14","modified_gmt":"2024-08-14T08:55:14","slug":"el-rcn-calp-va-conquerir-4-bronces-i-1-plata-al-nacional-de-rem-de-mar","status":"publish","type":"post","link":"https:\/\/radiolitoral.com\/ca\/2024\/08\/el-rcn-calpe-va-conquistar-4-bronzes-i-1-plata-en-el-nacional-de-rem-de-mar\/","title":{"rendered":"El RCN Calp va conquerir 4 bronces i 1 plata al Nacional de rem de Mar"},"content":{"rendered":"<p>Les aig\u00fces de Getxo, a la prov\u00edncia de Biscaia, van acollir el <strong>Campionat d&#039;Espanya de rem de mar 2024<\/strong>, una competici\u00f3 que atraur\u00e0 nombrosos equips de tot el pa\u00eds. El <strong>Reial Club N\u00e0utic\u00a0<span class=\"hiddenSpellError\">Calp<\/span><\/strong>\u00a0(<strong><span class=\"hiddenSpellError\">RCN<\/span>\u00a0<span class=\"hiddenSpellError\">Calp<\/span><\/strong>) va brillar amb llum pr\u00f2pia en obtenir resultats destacats en diverses categories, demostrant la seva qualitat i competitivitat a l&#039;\u00e0mbit nacional.<\/p>\n<p>L&#039;equip veter\u00e0 del\u00a0<span class=\"hiddenSpellError\">RCN<\/span>\u00a0<span class=\"hiddenSpellError\">Calp<\/span>, compost per\u00a0<strong><span class=\"hiddenSpellError\">B\u00e0rbara<\/span>\u00a0<span class=\"hiddenSpellError\">Garcia<\/span>, Sara\u00a0<span class=\"hiddenSpellError\">Garcela<\/span>, Gema Gonz\u00e1lez, Rosa Tur<\/strong> i amb <strong>Daniel L\u00f3pez<\/strong> com a timoner, es va al\u00e7ar amb el <strong>segon lloc<\/strong> a la dist\u00e0ncia de <strong>3.000 metres<\/strong>, mostrant una excel\u00b7lent coordinaci\u00f3 i for\u00e7a a la competici\u00f3.<\/p>\n<p>A la prova de <strong>6.000 metres<\/strong>, l&#039;embarcaci\u00f3 formada per\u00a0<strong><span class=\"hiddenSpellError\">Maria<\/span>\u00a0<span class=\"hiddenSpellError\">Motofelea<\/span>,\u00a0<span class=\"hiddenSpellError\">Noelia<\/span>\u00a0<span class=\"hiddenSpellError\">Vladereanu<\/span>, Marina\u00a0<span class=\"hiddenSpellError\">Marqu\u00e9z<\/span>, Miriam\u00a0<span class=\"hiddenSpellError\">Bakali<\/span><\/strong>\u00a0i dirigida per <strong>Rosa Tur<\/strong>, va finalitzar en una merit\u00f2ria <strong>tercera pla\u00e7a<\/strong>, subratllant la resistencia i el treball en equip dels palistes.<\/p>\n<p>A la categoria <strong>cadet<\/strong> femenina, el duet compost per\u00a0<strong><span class=\"hiddenSpellError\">Nayara<\/span>\u00a0<span class=\"hiddenSpellError\">Ortol\u00e0<\/span><\/strong>\u00a0i <strong>Alba L\u00f3pez<\/strong> al\u00a0<strong><span class=\"hiddenSpellError\">C2<\/span><\/strong>\u00a0va aconseguir la tercera posici\u00f3 sobre la dist\u00e0ncia de 3.000 metres. A m\u00e9s, l&#039;equip\u00a0<span class=\"hiddenSpellError\">C4<\/span>\u00a0de la mateixa categoria, integrat per <strong>Catalina Gonz\u00e1lez,\u00a0<span class=\"hiddenSpellError\">Ll\u00facia<\/span>\u00a0Solans<\/strong>,\u00a0<span class=\"hiddenSpellError\">Nayara<\/span>\u00a0<span class=\"hiddenSpellError\">Ortol\u00e0<\/span>, Alba L\u00f3pez i amb Rosa Tur al tim\u00f3, tamb\u00e9 va aconseguir el tercer lloc en la prova de 3.000 metres.<\/p>\n<p>A la categoria\u00a0<strong><span class=\"hiddenSpellError\">C2<\/span>\u00a0Veterans<\/strong>, la dupla de Sara\u00a0<span class=\"hiddenSpellError\">Garcela<\/span> i Gema Gonz\u00e1lez va completar una destacada actuaci\u00f3 a licitar al podi a <strong>tercer lloc<\/strong> sobre la dist\u00e0ncia de 3.000 metres.<\/p>\n<p>Per part seva, Miriam\u00a0<span class=\"hiddenSpellError\">Bakali<\/span>, a la categoria\u00a0<span class=\"hiddenSpellError\">C1<\/span>, va disputar la final de 6.000 metres i va finalitzar a la\u00a0<span class=\"hiddenSuggestion\" style=\"padding-bottom: 2px; background-image: url('..\/..\/..\/..\/..\/images\/squiggle_green.png'); background-repeat: repeat-x; background-position: left bottom; vertical-align: text-top; cursor: default; color: #565353; font-family: Arial, Helvetica, Verdana, sans-serif; font-size: 18px; font-style: normal; font-variant-ligatures: normal; font-variant-caps: normal; font-weight: 400; letter-spacing: normal; orphans: 2; text-align: start; text-indent: 0px; text-transform: none; widows: 2; word-spacing: 0px; -webkit-text-stroke-width: 0px; white-space: normal; background-color: #ffffff; text-decoration-thickness: initial; text-decoration-style: initial; text-decoration-color: initial;\">cinquena<\/span>\u00a0posici\u00f3, mostrant un gran esfor\u00e7 individual en una competici\u00f3 d&#039;alt nivell.<\/p>\n<p><strong>Un campionat per al r\u00e8cord<\/strong><\/p>\n<p>El Campionat d&#039;Espanya de rem de mar 2024 va ser una plataforma on el Reial Club N\u00e0utic\u00a0<span class=\"hiddenSpellError\">Calp<\/span>\u00a0va demostrar la seva capacitat per competir al m\u00e9s alt nivell, aconseguint diversos podis i destacant a diferents categories. Aquests resultats reflecteixen l&#039;ardu treball i la dedicaci\u00f3 dels atlets i entrenadors del club, consolidant la seva posici\u00f3 al rem nacional.<\/p>\n<p>La participaci\u00f3 del\u00a0<span class=\"hiddenSpellError\">RCN<\/span>\u00a0Calp a Getxo no sols va ser una celebraci\u00f3 de l&#039;esport i el treball en equip, sin\u00f3 tamb\u00e9 un incentiu per continuar millorant i aspirar a majors \u00e8xits en futures competicions. Amb la vista posada en els propers desafiaments, el club es prepara per continuar representant a la localitat de Calp amb orgull i determinaci\u00f3 al panorama del rem espanyol.<\/p>\n<div id='gallery-1' class='gallery galleryid-10671 gallery-columns-3 gallery-size-full'><figure class='gallery-item'>\n\t\t\t<div class='gallery-icon landscape'>\n\t\t\t\t<a href='https:\/\/radiolitoral.com\/ca\/2024\/08\/el-rcn-calpe-va-conquistar-4-bronzes-i-1-plata-en-el-nacional-de-rem-de-mar\/veteranas-del-c4-en-la-orilla\/'><img loading=\"lazy\" decoding=\"async\" width=\"1440\" height=\"1081\" src=\"https:\/\/media.radiolitoral.com\/wp-content\/uploads\/2024\/08\/13133818\/Veteranas-del-C4-en-la-orilla.jpg\" class=\"attachment-full size-full\" alt=\"\" srcset=\"https:\/\/media.radiolitoral.com\/wp-content\/uploads\/2024\/08\/13133818\/Veteranas-del-C4-en-la-orilla.jpg 1440w, https:\/\/media.radiolitoral.com\/wp-content\/uploads\/2024\/08\/13133818\/Veteranas-del-C4-en-la-orilla-300x225.jpg 300w, https:\/\/media.radiolitoral.com\/wp-content\/uploads\/2024\/08\/13133818\/Veteranas-del-C4-en-la-orilla-1024x769.jpg 1024w, https:\/\/media.radiolitoral.com\/wp-content\/uploads\/2024\/08\/13133818\/Veteranas-del-C4-en-la-orilla-768x577.jpg 768w, https:\/\/media.radiolitoral.com\/wp-content\/uploads\/2024\/08\/13133818\/Veteranas-del-C4-en-la-orilla-16x12.jpg 16w, https:\/\/media.radiolitoral.com\/wp-content\/uploads\/2024\/08\/13133818\/Veteranas-del-C4-en-la-orilla-1000x751.jpg 1000w, https:\/\/media.radiolitoral.com\/wp-content\/uploads\/2024\/08\/13133818\/Veteranas-del-C4-en-la-orilla-100x75.jpg 100w, https:\/\/media.radiolitoral.com\/wp-content\/uploads\/2024\/08\/13133818\/Veteranas-del-C4-en-la-orilla-200x150.jpg 200w\" sizes=\"auto, (max-width: 1440px) 100vw, 1440px\" \/><\/a>\n\t\t\t<\/div><\/figure><figure class='gallery-item'>\n\t\t\t<div class='gallery-icon landscape'>\n\t\t\t\t<a href='https:\/\/radiolitoral.com\/ca\/2024\/08\/el-rcn-calpe-va-conquistar-4-bronzes-i-1-plata-en-el-nacional-de-rem-de-mar\/palistas-del-rcn-calpe-en-la-orilla\/'><img loading=\"lazy\" decoding=\"async\" width=\"1440\" height=\"1080\" src=\"https:\/\/media.radiolitoral.com\/wp-content\/uploads\/2024\/08\/13133805\/Palistas-del-RCN-Calpe-en-la-orilla.jpg\" class=\"attachment-full size-full\" alt=\"\" srcset=\"https:\/\/media.radiolitoral.com\/wp-content\/uploads\/2024\/08\/13133805\/Palistas-del-RCN-Calpe-en-la-orilla.jpg 1440w, https:\/\/media.radiolitoral.com\/wp-content\/uploads\/2024\/08\/13133805\/Palistas-del-RCN-Calpe-en-la-orilla-300x225.jpg 300w, https:\/\/media.radiolitoral.com\/wp-content\/uploads\/2024\/08\/13133805\/Palistas-del-RCN-Calpe-en-la-orilla-1024x768.jpg 1024w, https:\/\/media.radiolitoral.com\/wp-content\/uploads\/2024\/08\/13133805\/Palistas-del-RCN-Calpe-en-la-orilla-768x576.jpg 768w, https:\/\/media.radiolitoral.com\/wp-content\/uploads\/2024\/08\/13133805\/Palistas-del-RCN-Calpe-en-la-orilla-16x12.jpg 16w, https:\/\/media.radiolitoral.com\/wp-content\/uploads\/2024\/08\/13133805\/Palistas-del-RCN-Calpe-en-la-orilla-1000x750.jpg 1000w, https:\/\/media.radiolitoral.com\/wp-content\/uploads\/2024\/08\/13133805\/Palistas-del-RCN-Calpe-en-la-orilla-100x75.jpg 100w, https:\/\/media.radiolitoral.com\/wp-content\/uploads\/2024\/08\/13133805\/Palistas-del-RCN-Calpe-en-la-orilla-200x150.jpg 200w\" sizes=\"auto, (max-width: 1440px) 100vw, 1440px\" \/><\/a>\n\t\t\t<\/div><\/figure><figure class='gallery-item'>\n\t\t\t<div class='gallery-icon landscape'>\n\t\t\t\t<a href='https:\/\/radiolitoral.com\/ca\/2024\/08\/el-rcn-calpe-va-conquistar-4-bronzes-i-1-plata-en-el-nacional-de-rem-de-mar\/palistas-del-rcn-calpe-en-getxo\/'><img loading=\"lazy\" decoding=\"async\" width=\"2040\" height=\"1536\" src=\"https:\/\/media.radiolitoral.com\/wp-content\/uploads\/2024\/08\/13133748\/palistas-del-RCN-Calpe-en-Getxo.jpg\" class=\"attachment-full size-full\" alt=\"\" srcset=\"https:\/\/media.radiolitoral.com\/wp-content\/uploads\/2024\/08\/13133748\/palistas-del-RCN-Calpe-en-Getxo.jpg 2040w, https:\/\/media.radiolitoral.com\/wp-content\/uploads\/2024\/08\/13133748\/palistas-del-RCN-Calpe-en-Getxo-300x226.jpg 300w, https:\/\/media.radiolitoral.com\/wp-content\/uploads\/2024\/08\/13133748\/palistas-del-RCN-Calpe-en-Getxo-1024x771.jpg 1024w, https:\/\/media.radiolitoral.com\/wp-content\/uploads\/2024\/08\/13133748\/palistas-del-RCN-Calpe-en-Getxo-768x578.jpg 768w, https:\/\/media.radiolitoral.com\/wp-content\/uploads\/2024\/08\/13133748\/palistas-del-RCN-Calpe-en-Getxo-1536x1157.jpg 1536w, https:\/\/media.radiolitoral.com\/wp-content\/uploads\/2024\/08\/13133748\/palistas-del-RCN-Calpe-en-Getxo-16x12.jpg 16w, https:\/\/media.radiolitoral.com\/wp-content\/uploads\/2024\/08\/13133748\/palistas-del-RCN-Calpe-en-Getxo-1000x753.jpg 1000w, https:\/\/media.radiolitoral.com\/wp-content\/uploads\/2024\/08\/13133748\/palistas-del-RCN-Calpe-en-Getxo-100x75.jpg 100w, https:\/\/media.radiolitoral.com\/wp-content\/uploads\/2024\/08\/13133748\/palistas-del-RCN-Calpe-en-Getxo-200x151.jpg 200w\" sizes=\"auto, (max-width: 2040px) 100vw, 2040px\" \/><\/a>\n\t\t\t<\/div><\/figure><figure class='gallery-item'>\n\t\t\t<div class='gallery-icon landscape'>\n\t\t\t\t<a href='https:\/\/radiolitoral.com\/ca\/2024\/08\/el-rcn-calpe-va-conquistar-4-bronzes-i-1-plata-en-el-nacional-de-rem-de-mar\/nayara-ortola-y-alba-lopez-en-el-podio\/'><img loading=\"lazy\" decoding=\"async\" width=\"1440\" height=\"1080\" src=\"https:\/\/media.radiolitoral.com\/wp-content\/uploads\/2024\/08\/13133726\/Nayara-Ortola-y-Alba-Lopez-en-el-podio.jpg\" class=\"attachment-full size-full\" alt=\"\" srcset=\"https:\/\/media.radiolitoral.com\/wp-content\/uploads\/2024\/08\/13133726\/Nayara-Ortola-y-Alba-Lopez-en-el-podio.jpg 1440w, https:\/\/media.radiolitoral.com\/wp-content\/uploads\/2024\/08\/13133726\/Nayara-Ortola-y-Alba-Lopez-en-el-podio-300x225.jpg 300w, https:\/\/media.radiolitoral.com\/wp-content\/uploads\/2024\/08\/13133726\/Nayara-Ortola-y-Alba-Lopez-en-el-podio-1024x768.jpg 1024w, https:\/\/media.radiolitoral.com\/wp-content\/uploads\/2024\/08\/13133726\/Nayara-Ortola-y-Alba-Lopez-en-el-podio-768x576.jpg 768w, https:\/\/media.radiolitoral.com\/wp-content\/uploads\/2024\/08\/13133726\/Nayara-Ortola-y-Alba-Lopez-en-el-podio-16x12.jpg 16w, https:\/\/media.radiolitoral.com\/wp-content\/uploads\/2024\/08\/13133726\/Nayara-Ortola-y-Alba-Lopez-en-el-podio-1000x750.jpg 1000w, https:\/\/media.radiolitoral.com\/wp-content\/uploads\/2024\/08\/13133726\/Nayara-Ortola-y-Alba-Lopez-en-el-podio-100x75.jpg 100w, https:\/\/media.radiolitoral.com\/wp-content\/uploads\/2024\/08\/13133726\/Nayara-Ortola-y-Alba-Lopez-en-el-podio-200x150.jpg 200w\" sizes=\"auto, (max-width: 1440px) 100vw, 1440px\" \/><\/a>\n\t\t\t<\/div><\/figure><figure class='gallery-item'>\n\t\t\t<div class='gallery-icon landscape'>\n\t\t\t\t<a href='https:\/\/radiolitoral.com\/ca\/2024\/08\/el-rcn-calpe-va-conquistar-4-bronzes-i-1-plata-en-el-nacional-de-rem-de-mar\/equipo-de-remo-del-rcn-calpe-en-getxo\/'><img loading=\"lazy\" decoding=\"async\" width=\"1600\" height=\"1200\" src=\"https:\/\/media.radiolitoral.com\/wp-content\/uploads\/2024\/08\/13133706\/Equipo-de-remo-del-RCN-Calpe-en-Getxo.jpg\" class=\"attachment-full size-full\" alt=\"\" srcset=\"https:\/\/media.radiolitoral.com\/wp-content\/uploads\/2024\/08\/13133706\/Equipo-de-remo-del-RCN-Calpe-en-Getxo.jpg 1600w, https:\/\/media.radiolitoral.com\/wp-content\/uploads\/2024\/08\/13133706\/Equipo-de-remo-del-RCN-Calpe-en-Getxo-300x225.jpg 300w, https:\/\/media.radiolitoral.com\/wp-content\/uploads\/2024\/08\/13133706\/Equipo-de-remo-del-RCN-Calpe-en-Getxo-1024x768.jpg 1024w, https:\/\/media.radiolitoral.com\/wp-content\/uploads\/2024\/08\/13133706\/Equipo-de-remo-del-RCN-Calpe-en-Getxo-768x576.jpg 768w, https:\/\/media.radiolitoral.com\/wp-content\/uploads\/2024\/08\/13133706\/Equipo-de-remo-del-RCN-Calpe-en-Getxo-1536x1152.jpg 1536w, https:\/\/media.radiolitoral.com\/wp-content\/uploads\/2024\/08\/13133706\/Equipo-de-remo-del-RCN-Calpe-en-Getxo-16x12.jpg 16w, https:\/\/media.radiolitoral.com\/wp-content\/uploads\/2024\/08\/13133706\/Equipo-de-remo-del-RCN-Calpe-en-Getxo-1000x750.jpg 1000w, https:\/\/media.radiolitoral.com\/wp-content\/uploads\/2024\/08\/13133706\/Equipo-de-remo-del-RCN-Calpe-en-Getxo-100x75.jpg 100w, https:\/\/media.radiolitoral.com\/wp-content\/uploads\/2024\/08\/13133706\/Equipo-de-remo-del-RCN-Calpe-en-Getxo-200x150.jpg 200w\" sizes=\"auto, (max-width: 1600px) 100vw, 1600px\" \/><\/a>\n\t\t\t<\/div><\/figure><figure class='gallery-item'>\n\t\t\t<div class='gallery-icon landscape'>\n\t\t\t\t<a href='https:\/\/radiolitoral.com\/ca\/2024\/08\/el-rcn-calpe-va-conquistar-4-bronzes-i-1-plata-en-el-nacional-de-rem-de-mar\/c4-del-rcn-calpe-remando\/'><img loading=\"lazy\" decoding=\"async\" width=\"1080\" height=\"811\" src=\"https:\/\/media.radiolitoral.com\/wp-content\/uploads\/2024\/08\/13133651\/C4-del-RCN-Calpe-remando.jpg\" class=\"attachment-full size-full\" alt=\"\" srcset=\"https:\/\/media.radiolitoral.com\/wp-content\/uploads\/2024\/08\/13133651\/C4-del-RCN-Calpe-remando.jpg 1080w, https:\/\/media.radiolitoral.com\/wp-content\/uploads\/2024\/08\/13133651\/C4-del-RCN-Calpe-remando-300x225.jpg 300w, https:\/\/media.radiolitoral.com\/wp-content\/uploads\/2024\/08\/13133651\/C4-del-RCN-Calpe-remando-1024x769.jpg 1024w, https:\/\/media.radiolitoral.com\/wp-content\/uploads\/2024\/08\/13133651\/C4-del-RCN-Calpe-remando-768x577.jpg 768w, https:\/\/media.radiolitoral.com\/wp-content\/uploads\/2024\/08\/13133651\/C4-del-RCN-Calpe-remando-16x12.jpg 16w, https:\/\/media.radiolitoral.com\/wp-content\/uploads\/2024\/08\/13133651\/C4-del-RCN-Calpe-remando-1000x751.jpg 1000w, https:\/\/media.radiolitoral.com\/wp-content\/uploads\/2024\/08\/13133651\/C4-del-RCN-Calpe-remando-100x75.jpg 100w, https:\/\/media.radiolitoral.com\/wp-content\/uploads\/2024\/08\/13133651\/C4-del-RCN-Calpe-remando-200x150.jpg 200w\" sizes=\"auto, (max-width: 1080px) 100vw, 1080px\" \/><\/a>\n\t\t\t<\/div><\/figure>\n\t\t<\/div>","protected":false},"excerpt":{"rendered":"<p>Les aig\u00fces de Getxo, a la prov\u00edncia de Biscaia, van acollir el Campionat d&#8217;Espanya de rem de mar 2024, una competici\u00f3 que va\u00a0atraure\u00a0nombrosos equips de tot el pa\u00eds. El Real Club N\u00e0utico\u00a0Calpe\u00a0(RCN\u00a0Calpe) va brillar amb llum pr\u00f2pia en obtindre resultats destacats en diverses categories, demostrant la seua qualitat i competitivitat en l&#8217;\u00e0mbit nacional. L&#8217;equip veter\u00e0 [&#8230;]<\/p>\n<p><a class=\"btn btn-secondary understrap-read-more-link\" href=\"https:\/\/radiolitoral.com\/ca\/2024\/08\/el-rcn-calpe-va-conquistar-4-bronzes-i-1-plata-en-el-nacional-de-rem-de-mar\/\">Continua llegint&#8230;<span class=\"screen-reader-text\"> from El RCN Calpe va conquistar 4 bronzes i 1 plata en el Nacional de rem de Mar<\/span><\/a><\/p>\n","protected":false},"author":12,"featured_media":10672,"comment_status":"open","ping_status":"closed","sticky":false,"template":"","format":"standard","meta":{"_acf_changed":false,"inline_featured_image":false,"footnotes":""},"categories":[5],"tags":[2016,2006,2005,2017,2010,6,2008,2018,2011,2013,2014,2015,2012,2004,1048,2009,2007],"class_list":["post-10671","post","type-post","status-publish","format-standard","has-post-thumbnail","hentry","category-deportes","tag-alba-lopez","tag-barbara-garcia","tag-campionat-despanya-de-rem-de-mar-2024","tag-catalina-gonzalez","tag-daniel-lopez","tag-deportes","tag-gema-gonzalez","tag-lucia-solanes","tag-maria-motofelea","tag-marina-marquez","tag-miriam-bakali","tag-nayara-ortola","tag-noelia-vladereanu","tag-rcn-calpe","tag-real-club-nautico-calpe","tag-rosa-tur","tag-sara-garcela","cobertura-calp"],"acf":[],"yoast_head":"<!-- This site is optimized with the Yoast SEO plugin v27.5 - https:\/\/yoast.com\/product\/yoast-seo-wordpress\/ -->\n<title>El RCN Calpe va conquistar 4 bronzes i 1 plata en el Nacional de rem de Mar | R\u00e0dio Litoral<\/title>\n<meta name=\"description\" content=\"Grans resultats els obtinguts per les palistes calpines en aig\u00fces de Getxo\" \/>\n<meta name=\"robots\" content=\"index, follow, max-snippet:-1, max-image-preview:large, max-video-preview:-1\" \/>\n<link rel=\"canonical\" href=\"https:\/\/radiolitoral.com\/ca\/2024\/08\/el-rcn-calp-va-conquerir-4-bronces-i-1-plata-al-nacional-de-rem-de-mar\/\" \/>\n<meta property=\"og:locale\" content=\"ca_ES\" \/>\n<meta property=\"og:type\" content=\"article\" \/>\n<meta property=\"og:title\" content=\"El RCN Calpe va conquistar 4 bronzes i 1 plata en el Nacional de rem de Mar | R\u00e0dio Litoral\" \/>\n<meta property=\"og:description\" content=\"Grans resultats els obtinguts per les palistes calpines en aig\u00fces de Getxo\" \/>\n<meta property=\"og:url\" content=\"https:\/\/radiolitoral.com\/ca\/2024\/08\/el-rcn-calp-va-conquerir-4-bronces-i-1-plata-al-nacional-de-rem-de-mar\/\" \/>\n<meta property=\"og:site_name\" content=\"R\u00e0dio Litoral\" \/>\n<meta property=\"article:publisher\" content=\"https:\/\/www.facebook.com\/Laradiolitoral\/\" \/>\n<meta property=\"article:published_time\" content=\"2024-08-14T08:55:14+00:00\" \/>\n<meta property=\"og:image\" content=\"https:\/\/media.radiolitoral.com\/wp-content\/uploads\/2024\/08\/13133049\/Palistas-del-RCN-Calpe-en-el-Nacional-de-Getxo.jpg\" \/>\n\t<meta property=\"og:image:width\" content=\"1000\" \/>\n\t<meta property=\"og:image:height\" content=\"710\" \/>\n\t<meta property=\"og:image:type\" content=\"image\/jpeg\" \/>\n<meta name=\"author\" content=\"Javier Zamora\" \/>\n<meta name=\"twitter:card\" content=\"summary_large_image\" \/>\n<meta name=\"twitter:label1\" content=\"Escrit per\" \/>\n\t<meta name=\"twitter:data1\" content=\"Javier Zamora\" \/>\n\t<meta name=\"twitter:label2\" content=\"Temps estimat de lectura\" \/>\n\t<meta name=\"twitter:data2\" content=\"3 minuts\" \/>\n<script type=\"application\/ld+json\" class=\"yoast-schema-graph\">{\"@context\":\"https:\\\/\\\/schema.org\",\"@graph\":[{\"@type\":\"NewsArticle\",\"@id\":\"https:\\\/\\\/radiolitoral.com\\\/2024\\\/08\\\/el-rcn-calpe-va-conquistar-4-bronzes-i-1-plata-en-el-nacional-de-rem-de-mar\\\/#article\",\"isPartOf\":{\"@id\":\"https:\\\/\\\/radiolitoral.com\\\/2024\\\/08\\\/el-rcn-calpe-va-conquistar-4-bronzes-i-1-plata-en-el-nacional-de-rem-de-mar\\\/\"},\"author\":{\"name\":\"Javier Zamora\",\"@id\":\"https:\\\/\\\/radiolitoral.com\\\/#\\\/schema\\\/person\\\/7b1480b5caeb5acdd4ec6379caf62b22\"},\"headline\":\"El RCN Calpe va conquistar 4 bronzes i 1 plata en el Nacional de rem de Mar\",\"datePublished\":\"2024-08-14T08:55:14+00:00\",\"mainEntityOfPage\":{\"@id\":\"https:\\\/\\\/radiolitoral.com\\\/2024\\\/08\\\/el-rcn-calpe-va-conquistar-4-bronzes-i-1-plata-en-el-nacional-de-rem-de-mar\\\/\"},\"wordCount\":453,\"commentCount\":0,\"publisher\":{\"@id\":\"https:\\\/\\\/radiolitoral.com\\\/#organization\"},\"image\":{\"@id\":\"https:\\\/\\\/radiolitoral.com\\\/2024\\\/08\\\/el-rcn-calpe-va-conquistar-4-bronzes-i-1-plata-en-el-nacional-de-rem-de-mar\\\/#primaryimage\"},\"thumbnailUrl\":\"https:\\\/\\\/media.radiolitoral.com\\\/wp-content\\\/uploads\\\/2024\\\/08\\\/13133049\\\/Palistas-del-RCN-Calpe-en-el-Nacional-de-Getxo.jpg\",\"keywords\":[\"Alba L\u00f3pez\",\"B\u00e1rbara\u00a0Garc\u00eda\",\"Campionat d'Espanya de rem de mar 2024\",\"Catalina Gonz\u00e1lez\",\"Daniel L\u00f3pez\",\"deportes\",\"Gema\u00a0Gonz\u00e1lez\",\"Luc\u00eda\u00a0Solanes\",\"Mar\u00eda\u00a0Motofelea\",\"Marina\u00a0Marqu\u00e9z\",\"Miriam\u00a0Bakali\",\"Nayara\u00a0Ortol\u00e1\",\"Noelia\u00a0Vladereanu\",\"RCN Calpe\",\"Real Club N\u00e1utico Calpe\",\"Rosa Tur\",\"Sara\u00a0Garcela\"],\"articleSection\":[\"Deportes\"],\"inLanguage\":\"ca\",\"potentialAction\":[{\"@type\":\"CommentAction\",\"name\":\"Comment\",\"target\":[\"https:\\\/\\\/radiolitoral.com\\\/2024\\\/08\\\/el-rcn-calpe-va-conquistar-4-bronzes-i-1-plata-en-el-nacional-de-rem-de-mar\\\/#respond\"]}]},{\"@type\":[\"WebPage\",\"ItemPage\"],\"@id\":\"https:\\\/\\\/radiolitoral.com\\\/2024\\\/08\\\/el-rcn-calpe-va-conquistar-4-bronzes-i-1-plata-en-el-nacional-de-rem-de-mar\\\/\",\"url\":\"https:\\\/\\\/radiolitoral.com\\\/2024\\\/08\\\/el-rcn-calpe-va-conquistar-4-bronzes-i-1-plata-en-el-nacional-de-rem-de-mar\\\/\",\"name\":\"El RCN Calpe va conquistar 4 bronzes i 1 plata en el Nacional de rem de Mar | R\u00e0dio Litoral\",\"isPartOf\":{\"@id\":\"https:\\\/\\\/radiolitoral.com\\\/#website\"},\"primaryImageOfPage\":{\"@id\":\"https:\\\/\\\/radiolitoral.com\\\/2024\\\/08\\\/el-rcn-calpe-va-conquistar-4-bronzes-i-1-plata-en-el-nacional-de-rem-de-mar\\\/#primaryimage\"},\"image\":{\"@id\":\"https:\\\/\\\/radiolitoral.com\\\/2024\\\/08\\\/el-rcn-calpe-va-conquistar-4-bronzes-i-1-plata-en-el-nacional-de-rem-de-mar\\\/#primaryimage\"},\"thumbnailUrl\":\"https:\\\/\\\/media.radiolitoral.com\\\/wp-content\\\/uploads\\\/2024\\\/08\\\/13133049\\\/Palistas-del-RCN-Calpe-en-el-Nacional-de-Getxo.jpg\",\"datePublished\":\"2024-08-14T08:55:14+00:00\",\"description\":\"Grans resultats els obtinguts per les palistes calpines en aig\u00fces de Getxo\",\"breadcrumb\":{\"@id\":\"https:\\\/\\\/radiolitoral.com\\\/2024\\\/08\\\/el-rcn-calpe-va-conquistar-4-bronzes-i-1-plata-en-el-nacional-de-rem-de-mar\\\/#breadcrumb\"},\"inLanguage\":\"ca\",\"potentialAction\":[{\"@type\":\"ReadAction\",\"target\":[\"https:\\\/\\\/radiolitoral.com\\\/2024\\\/08\\\/el-rcn-calpe-va-conquistar-4-bronzes-i-1-plata-en-el-nacional-de-rem-de-mar\\\/\"]}]},{\"@type\":\"ImageObject\",\"inLanguage\":\"ca\",\"@id\":\"https:\\\/\\\/radiolitoral.com\\\/2024\\\/08\\\/el-rcn-calpe-va-conquistar-4-bronzes-i-1-plata-en-el-nacional-de-rem-de-mar\\\/#primaryimage\",\"url\":\"https:\\\/\\\/media.radiolitoral.com\\\/wp-content\\\/uploads\\\/2024\\\/08\\\/13133049\\\/Palistas-del-RCN-Calpe-en-el-Nacional-de-Getxo.jpg\",\"contentUrl\":\"https:\\\/\\\/media.radiolitoral.com\\\/wp-content\\\/uploads\\\/2024\\\/08\\\/13133049\\\/Palistas-del-RCN-Calpe-en-el-Nacional-de-Getxo.jpg\",\"width\":1000,\"height\":710},{\"@type\":\"BreadcrumbList\",\"@id\":\"https:\\\/\\\/radiolitoral.com\\\/2024\\\/08\\\/el-rcn-calpe-va-conquistar-4-bronzes-i-1-plata-en-el-nacional-de-rem-de-mar\\\/#breadcrumb\",\"itemListElement\":[{\"@type\":\"ListItem\",\"position\":1,\"name\":\"Portada\",\"item\":\"https:\\\/\\\/radiolitoral.com\\\/\"},{\"@type\":\"ListItem\",\"position\":2,\"name\":\"El RCN Calpe va conquistar 4 bronzes i 1 plata en el Nacional de rem de Mar\"}]},{\"@type\":\"WebSite\",\"@id\":\"https:\\\/\\\/radiolitoral.com\\\/#website\",\"url\":\"https:\\\/\\\/radiolitoral.com\\\/\",\"name\":\"Radio Litoral\",\"description\":\"La radio local de la Marina Alta\",\"publisher\":{\"@id\":\"https:\\\/\\\/radiolitoral.com\\\/#organization\"},\"alternateName\":\"Litoral FM\",\"potentialAction\":[{\"@type\":\"SearchAction\",\"target\":{\"@type\":\"EntryPoint\",\"urlTemplate\":\"https:\\\/\\\/radiolitoral.com\\\/?s={search_term_string}\"},\"query-input\":{\"@type\":\"PropertyValueSpecification\",\"valueRequired\":true,\"valueName\":\"search_term_string\"}}],\"inLanguage\":\"ca\"},{\"@type\":\"Organization\",\"@id\":\"https:\\\/\\\/radiolitoral.com\\\/#organization\",\"name\":\"Radio Litoral\",\"url\":\"https:\\\/\\\/radiolitoral.com\\\/\",\"logo\":{\"@type\":\"ImageObject\",\"inLanguage\":\"ca\",\"@id\":\"https:\\\/\\\/radiolitoral.com\\\/#\\\/schema\\\/logo\\\/image\\\/\",\"url\":\"https:\\\/\\\/media.radiolitoral.com\\\/wp-content\\\/uploads\\\/2023\\\/02\\\/24143238\\\/CL-V-RadioLitoral696.png\",\"contentUrl\":\"https:\\\/\\\/media.radiolitoral.com\\\/wp-content\\\/uploads\\\/2023\\\/02\\\/24143238\\\/CL-V-RadioLitoral696.png\",\"width\":696,\"height\":696,\"caption\":\"Radio Litoral\"},\"image\":{\"@id\":\"https:\\\/\\\/radiolitoral.com\\\/#\\\/schema\\\/logo\\\/image\\\/\"},\"sameAs\":[\"https:\\\/\\\/www.facebook.com\\\/Laradiolitoral\\\/\"]},{\"@type\":\"Person\",\"@id\":\"https:\\\/\\\/radiolitoral.com\\\/#\\\/schema\\\/person\\\/7b1480b5caeb5acdd4ec6379caf62b22\",\"name\":\"Javier Zamora\",\"image\":{\"@type\":\"ImageObject\",\"inLanguage\":\"ca\",\"@id\":\"https:\\\/\\\/secure.gravatar.com\\\/avatar\\\/467a11f6918c7d619c4043fc6fa2d3853053107973f05b6e9c04ea6c4e3a7b3f?s=96&d=mm&r=g\",\"url\":\"https:\\\/\\\/secure.gravatar.com\\\/avatar\\\/467a11f6918c7d619c4043fc6fa2d3853053107973f05b6e9c04ea6c4e3a7b3f?s=96&d=mm&r=g\",\"contentUrl\":\"https:\\\/\\\/secure.gravatar.com\\\/avatar\\\/467a11f6918c7d619c4043fc6fa2d3853053107973f05b6e9c04ea6c4e3a7b3f?s=96&d=mm&r=g\",\"caption\":\"Javier Zamora\"},\"url\":\"https:\\\/\\\/radiolitoral.com\\\/ca\\\/author\\\/javier-zamora\\\/\"}]}<\/script>\n<!-- \/ Yoast SEO plugin. -->","yoast_head_json":{"title":"El RCN Calp conquerir\u00e0 4 bronces i 1 plata al Nacional de rem de Mar | R\u00e0dio Litoral","description":"Grans resultats els obtinguts per les palistes calpines a aig\u00fces de Getxo","robots":{"index":"index","follow":"follow","max-snippet":"max-snippet:-1","max-image-preview":"max-image-preview:large","max-video-preview":"max-video-preview:-1"},"canonical":"https:\/\/radiolitoral.com\/ca\/2024\/08\/el-rcn-calp-va-conquerir-4-bronces-i-1-plata-al-nacional-de-rem-de-mar\/","og_locale":"ca_ES","og_type":"article","og_title":"El RCN Calpe va conquistar 4 bronzes i 1 plata en el Nacional de rem de Mar | R\u00e0dio Litoral","og_description":"Grans resultats els obtinguts per les palistes calpines en aig\u00fces de Getxo","og_url":"https:\/\/radiolitoral.com\/ca\/2024\/08\/el-rcn-calp-va-conquerir-4-bronces-i-1-plata-al-nacional-de-rem-de-mar\/","og_site_name":"R\u00e0dio Litoral","article_publisher":"https:\/\/www.facebook.com\/Laradiolitoral\/","article_published_time":"2024-08-14T08:55:14+00:00","og_image":[{"width":1000,"height":710,"url":"https:\/\/media.radiolitoral.com\/wp-content\/uploads\/2024\/08\/13133049\/Palistas-del-RCN-Calpe-en-el-Nacional-de-Getxo.jpg","type":"image\/jpeg"}],"author":"Javier Zamora","twitter_card":"summary_large_image","twitter_misc":{"Escrit per":"Javier Zamora","Temps estimat de lectura":"3 minuts"},"schema":{"@context":"https:\/\/schema.org","@graph":[{"@type":"NewsArticle","@id":"https:\/\/radiolitoral.com\/2024\/08\/el-rcn-calpe-va-conquistar-4-bronzes-i-1-plata-en-el-nacional-de-rem-de-mar\/#article","isPartOf":{"@id":"https:\/\/radiolitoral.com\/2024\/08\/el-rcn-calpe-va-conquistar-4-bronzes-i-1-plata-en-el-nacional-de-rem-de-mar\/"},"author":{"name":"Javier Zamora","@id":"https:\/\/radiolitoral.com\/#\/schema\/person\/7b1480b5caeb5acdd4ec6379caf62b22"},"headline":"El RCN Calpe va conquistar 4 bronzes i 1 plata en el Nacional de rem de Mar","datePublished":"2024-08-14T08:55:14+00:00","mainEntityOfPage":{"@id":"https:\/\/radiolitoral.com\/2024\/08\/el-rcn-calpe-va-conquistar-4-bronzes-i-1-plata-en-el-nacional-de-rem-de-mar\/"},"wordCount":453,"commentCount":0,"publisher":{"@id":"https:\/\/radiolitoral.com\/#organization"},"image":{"@id":"https:\/\/radiolitoral.com\/2024\/08\/el-rcn-calpe-va-conquistar-4-bronzes-i-1-plata-en-el-nacional-de-rem-de-mar\/#primaryimage"},"thumbnailUrl":"https:\/\/media.radiolitoral.com\/wp-content\/uploads\/2024\/08\/13133049\/Palistas-del-RCN-Calpe-en-el-Nacional-de-Getxo.jpg","keywords":["Alba L\u00f3pez","B\u00e1rbara\u00a0Garc\u00eda","Campionat d'Espanya de rem de mar 2024","Catalina Gonz\u00e1lez","Daniel L\u00f3pez","deportes","Gema\u00a0Gonz\u00e1lez","Luc\u00eda\u00a0Solanes","Mar\u00eda\u00a0Motofelea","Marina\u00a0Marqu\u00e9z","Miriam\u00a0Bakali","Nayara\u00a0Ortol\u00e1","Noelia\u00a0Vladereanu","RCN Calpe","Real Club N\u00e1utico Calpe","Rosa Tur","Sara\u00a0Garcela"],"articleSection":["Deportes"],"inLanguage":"ca","potentialAction":[{"@type":"CommentAction","name":"Comment","target":["https:\/\/radiolitoral.com\/2024\/08\/el-rcn-calpe-va-conquistar-4-bronzes-i-1-plata-en-el-nacional-de-rem-de-mar\/#respond"]}]},{"@type":["WebPage","ItemPage"],"@id":"https:\/\/radiolitoral.com\/2024\/08\/el-rcn-calpe-va-conquistar-4-bronzes-i-1-plata-en-el-nacional-de-rem-de-mar\/","url":"https:\/\/radiolitoral.com\/2024\/08\/el-rcn-calpe-va-conquistar-4-bronzes-i-1-plata-en-el-nacional-de-rem-de-mar\/","name":"El RCN Calp conquerir\u00e0 4 bronces i 1 plata al Nacional de rem de Mar | R\u00e0dio Litoral","isPartOf":{"@id":"https:\/\/radiolitoral.com\/#website"},"primaryImageOfPage":{"@id":"https:\/\/radiolitoral.com\/2024\/08\/el-rcn-calpe-va-conquistar-4-bronzes-i-1-plata-en-el-nacional-de-rem-de-mar\/#primaryimage"},"image":{"@id":"https:\/\/radiolitoral.com\/2024\/08\/el-rcn-calpe-va-conquistar-4-bronzes-i-1-plata-en-el-nacional-de-rem-de-mar\/#primaryimage"},"thumbnailUrl":"https:\/\/media.radiolitoral.com\/wp-content\/uploads\/2024\/08\/13133049\/Palistas-del-RCN-Calpe-en-el-Nacional-de-Getxo.jpg","datePublished":"2024-08-14T08:55:14+00:00","description":"Grans resultats els obtinguts per les palistes calpines a aig\u00fces de Getxo","breadcrumb":{"@id":"https:\/\/radiolitoral.com\/2024\/08\/el-rcn-calpe-va-conquistar-4-bronzes-i-1-plata-en-el-nacional-de-rem-de-mar\/#breadcrumb"},"inLanguage":"ca","potentialAction":[{"@type":"ReadAction","target":["https:\/\/radiolitoral.com\/2024\/08\/el-rcn-calpe-va-conquistar-4-bronzes-i-1-plata-en-el-nacional-de-rem-de-mar\/"]}]},{"@type":"ImageObject","inLanguage":"ca","@id":"https:\/\/radiolitoral.com\/2024\/08\/el-rcn-calpe-va-conquistar-4-bronzes-i-1-plata-en-el-nacional-de-rem-de-mar\/#primaryimage","url":"https:\/\/media.radiolitoral.com\/wp-content\/uploads\/2024\/08\/13133049\/Palistas-del-RCN-Calpe-en-el-Nacional-de-Getxo.jpg","contentUrl":"https:\/\/media.radiolitoral.com\/wp-content\/uploads\/2024\/08\/13133049\/Palistas-del-RCN-Calpe-en-el-Nacional-de-Getxo.jpg","width":1000,"height":710},{"@type":"BreadcrumbList","@id":"https:\/\/radiolitoral.com\/2024\/08\/el-rcn-calpe-va-conquistar-4-bronzes-i-1-plata-en-el-nacional-de-rem-de-mar\/#breadcrumb","itemListElement":[{"@type":"ListItem","position":1,"name":"Portada","item":"https:\/\/radiolitoral.com\/"},{"@type":"ListItem","position":2,"name":"El RCN Calpe va conquistar 4 bronzes i 1 plata en el Nacional de rem de Mar"}]},{"@type":"WebSite","@id":"https:\/\/radiolitoral.com\/#website","url":"https:\/\/radiolitoral.com\/","name":"R\u00e0dio Litoral","description":"La r\u00e0dio local de la Marina Alta","publisher":{"@id":"https:\/\/radiolitoral.com\/#organization"},"alternateName":"Litoral FM","potentialAction":[{"@type":"SearchAction","target":{"@type":"EntryPoint","urlTemplate":"https:\/\/radiolitoral.com\/?s={search_term_string}"},"query-input":{"@type":"PropertyValueSpecification","valueRequired":true,"valueName":"search_term_string"}}],"inLanguage":"ca"},{"@type":"Organization","@id":"https:\/\/radiolitoral.com\/#organization","name":"R\u00e0dio Litoral","url":"https:\/\/radiolitoral.com\/","logo":{"@type":"ImageObject","inLanguage":"ca","@id":"https:\/\/radiolitoral.com\/#\/schema\/logo\/image\/","url":"https:\/\/media.radiolitoral.com\/wp-content\/uploads\/2023\/02\/24143238\/CL-V-RadioLitoral696.png","contentUrl":"https:\/\/media.radiolitoral.com\/wp-content\/uploads\/2023\/02\/24143238\/CL-V-RadioLitoral696.png","width":696,"height":696,"caption":"Radio Litoral"},"image":{"@id":"https:\/\/radiolitoral.com\/#\/schema\/logo\/image\/"},"sameAs":["https:\/\/www.facebook.com\/Laradiolitoral\/"]},{"@type":"Person","@id":"https:\/\/radiolitoral.com\/#\/schema\/person\/7b1480b5caeb5acdd4ec6379caf62b22","name":"Javier Zamora","image":{"@type":"ImageObject","inLanguage":"ca","@id":"https:\/\/secure.gravatar.com\/avatar\/467a11f6918c7d619c4043fc6fa2d3853053107973f05b6e9c04ea6c4e3a7b3f?s=96&d=mm&r=g","url":"https:\/\/secure.gravatar.com\/avatar\/467a11f6918c7d619c4043fc6fa2d3853053107973f05b6e9c04ea6c4e3a7b3f?s=96&d=mm&r=g","contentUrl":"https:\/\/secure.gravatar.com\/avatar\/467a11f6918c7d619c4043fc6fa2d3853053107973f05b6e9c04ea6c4e3a7b3f?s=96&d=mm&r=g","caption":"Javier Zamora"},"url":"https:\/\/radiolitoral.com\/ca\/author\/javier-zamora\/"}]}},"_links":{"self":[{"href":"https:\/\/radiolitoral.com\/ca\/wp-json\/wp\/v2\/posts\/10671","targetHints":{"allow":["GET"]}}],"collection":[{"href":"https:\/\/radiolitoral.com\/ca\/wp-json\/wp\/v2\/posts"}],"about":[{"href":"https:\/\/radiolitoral.com\/ca\/wp-json\/wp\/v2\/types\/post"}],"author":[{"embeddable":true,"href":"https:\/\/radiolitoral.com\/ca\/wp-json\/wp\/v2\/users\/12"}],"replies":[{"embeddable":true,"href":"https:\/\/radiolitoral.com\/ca\/wp-json\/wp\/v2\/comments?post=10671"}],"version-history":[{"count":3,"href":"https:\/\/radiolitoral.com\/ca\/wp-json\/wp\/v2\/posts\/10671\/revisions"}],"predecessor-version":[{"id":10681,"href":"https:\/\/radiolitoral.com\/ca\/wp-json\/wp\/v2\/posts\/10671\/revisions\/10681"}],"wp:featuredmedia":[{"embeddable":true,"href":"https:\/\/radiolitoral.com\/ca\/wp-json\/wp\/v2\/media\/10672"}],"wp:attachment":[{"href":"https:\/\/radiolitoral.com\/ca\/wp-json\/wp\/v2\/media?parent=10671"}],"wp:term":[{"taxonomy":"category","embeddable":true,"href":"https:\/\/radiolitoral.com\/ca\/wp-json\/wp\/v2\/categories?post=10671"},{"taxonomy":"post_tag","embeddable":true,"href":"https:\/\/radiolitoral.com\/ca\/wp-json\/wp\/v2\/tags?post=10671"}],"curies":[{"name":"wp","href":"https:\/\/api.w.org\/{rel}","templated":true}]}}