{"id":10650,"date":"2024-08-12T17:15:57","date_gmt":"2024-08-12T15:15:57","guid":{"rendered":"https:\/\/radiolitoral.com\/?p=10650"},"modified":"2024-08-12T17:15:57","modified_gmt":"2024-08-12T15:15:57","slug":"mor-un-home-en-quedar-inconscient-de-laigua-a-la-platja-sorral-boll-de-calp","status":"publish","type":"post","link":"https:\/\/radiolitoral.com\/ca\/2024\/08\/mor-un-home-al-quedar-inconscient-de-laigua-en-la-platja-arenal-boll-de-calp\/","title":{"rendered":"Mor un home en quedar inconscient de l&#039;aigua a la Platja Arenal-Boll de Calp"},"content":{"rendered":"<p>Un trist esdeveniment ha tingut lloc aquesta mat\u00ed a la Platja Arenal-Boll de Calp, on un home ha estat trobat inconscient dins de l&#039;aigua. Al voltant de les 11.30 hores, els serveis d&#039;emerg\u00e8ncia han estat alertats, i immediatament, el Centre d&#039;Informaci\u00f3 i Coordinaci\u00f3 d&#039;Urg\u00e8ncies (CICU) ha desplegat una unitat del SAMU al lloc dels fets.<\/p>\n<p>Els socorristes presents a la platja ja havien comen\u00e7at les maniobres de reanimaci\u00f3 cardiopulmonar b\u00e0sica al moment de trobar l&#039;home, de 74 anys. A l&#039;arribada del SAMU, els professionals m\u00e8dics han pres el relleu intentant salvar la vida de l&#039;home mitjan\u00e7ant t\u00e8cniques de reanimaci\u00f3 cardiopulmonar avan\u00e7ada i suport vital avan\u00e7at.<\/p>\n<p>Desafortunadament, tots els esfor\u00e7os han resultat infructuosos i el personal m\u00e8dic ha hagut de confirmar el seu \u00f2bit al lloc dels fets. Es preveu que una aut\u00f2psia determinar\u00e0 les causes exactes del seu ofegament.<\/p>","protected":false},"excerpt":{"rendered":"<p>Un trist esdeveniment ha tingut lloc aquest mat\u00ed en la Platja Arenal-Boll de Calp, on un home ha estat trobat inconscient dins de l&#8217;aigua. Al voltant de les 11:30 hores, els serveis d&#8217;emerg\u00e8ncia han estat alertats, i immediatament, el Centre d&#8217;Informaci\u00f3 i Coordinaci\u00f3 d&#8217;Urg\u00e8ncies (CICU) ha desplegat una unitat del SAMU al lloc dels fets. [&#8230;]<\/p>\n<p><a class=\"btn btn-secondary understrap-read-more-link\" href=\"https:\/\/radiolitoral.com\/ca\/2024\/08\/mor-un-home-al-quedar-inconscient-de-laigua-en-la-platja-arenal-boll-de-calp\/\">Continua llegint&#8230;<span class=\"screen-reader-text\"> from Mor un home al quedar inconscient de l&#8217;aigua en la Platja Arenal-Boll de Calp<\/span><\/a><\/p>\n","protected":false},"author":14,"featured_media":9333,"comment_status":"open","ping_status":"closed","sticky":false,"template":"","format":"standard","meta":{"_acf_changed":false,"inline_featured_image":false,"footnotes":""},"categories":[8],"tags":[1996,1997,1548],"class_list":["post-10650","post","type-post","status-publish","format-standard","has-post-thumbnail","hentry","category-sucesos","tag-ahogado-calp","tag-platja-arenal-boll-de-calp","tag-suceso","cobertura-calp"],"acf":[],"yoast_head":"<!-- This site is optimized with the Yoast SEO plugin v27.5 - https:\/\/yoast.com\/product\/yoast-seo-wordpress\/ -->\n<title>Mor un home al quedar inconscient de l&#039;aigua en la Platja Arenal-Boll de Calp | R\u00e0dio Litoral<\/title>\n<meta name=\"description\" content=\"El SAMU va intentar ajudar a la v\u00edctima de 74 anys sense \u00e8xit\" \/>\n<meta name=\"robots\" content=\"index, follow, max-snippet:-1, max-image-preview:large, max-video-preview:-1\" \/>\n<link rel=\"canonical\" href=\"https:\/\/radiolitoral.com\/ca\/2024\/08\/mor-un-home-en-quedar-inconscient-de-laigua-a-la-platja-sorral-boll-de-calp\/\" \/>\n<meta property=\"og:locale\" content=\"ca_ES\" \/>\n<meta property=\"og:type\" content=\"article\" \/>\n<meta property=\"og:title\" content=\"Mor un home al quedar inconscient de l&#039;aigua en la Platja Arenal-Boll de Calp | R\u00e0dio Litoral\" \/>\n<meta property=\"og:description\" content=\"El SAMU va intentar ajudar a la v\u00edctima de 74 anys sense \u00e8xit\" \/>\n<meta property=\"og:url\" content=\"https:\/\/radiolitoral.com\/ca\/2024\/08\/mor-un-home-en-quedar-inconscient-de-laigua-a-la-platja-sorral-boll-de-calp\/\" \/>\n<meta property=\"og:site_name\" content=\"R\u00e0dio Litoral\" \/>\n<meta property=\"article:publisher\" content=\"https:\/\/www.facebook.com\/Laradiolitoral\/\" \/>\n<meta property=\"article:published_time\" content=\"2024-08-12T15:15:57+00:00\" \/>\n<meta property=\"og:image\" content=\"https:\/\/media.radiolitoral.com\/wp-content\/uploads\/2024\/06\/04144038\/Playa-Arenal-Bol-.jpeg\" \/>\n\t<meta property=\"og:image:width\" content=\"1600\" \/>\n\t<meta property=\"og:image:height\" content=\"1200\" \/>\n\t<meta property=\"og:image:type\" content=\"image\/jpeg\" \/>\n<meta name=\"author\" content=\"Redacci\u00f3n\" \/>\n<meta name=\"twitter:card\" content=\"summary_large_image\" \/>\n<meta name=\"twitter:label1\" content=\"Escrit per\" \/>\n\t<meta name=\"twitter:data1\" content=\"Redacci\u00f3n\" \/>\n\t<meta name=\"twitter:label2\" content=\"Temps estimat de lectura\" \/>\n\t<meta name=\"twitter:data2\" content=\"1 minut\" \/>\n<script type=\"application\/ld+json\" class=\"yoast-schema-graph\">{\"@context\":\"https:\\\/\\\/schema.org\",\"@graph\":[{\"@type\":\"NewsArticle\",\"@id\":\"https:\\\/\\\/radiolitoral.com\\\/2024\\\/08\\\/mor-un-home-al-quedar-inconscient-de-laigua-en-la-platja-arenal-boll-de-calp\\\/#article\",\"isPartOf\":{\"@id\":\"https:\\\/\\\/radiolitoral.com\\\/2024\\\/08\\\/mor-un-home-al-quedar-inconscient-de-laigua-en-la-platja-arenal-boll-de-calp\\\/\"},\"author\":{\"name\":\"Redacci\u00f3n\",\"@id\":\"https:\\\/\\\/radiolitoral.com\\\/#\\\/schema\\\/person\\\/96b739642eb3bedb532aac3812d23307\"},\"headline\":\"Mor un home al quedar inconscient de l&#8217;aigua en la Platja Arenal-Boll de Calp\",\"datePublished\":\"2024-08-12T15:15:57+00:00\",\"mainEntityOfPage\":{\"@id\":\"https:\\\/\\\/radiolitoral.com\\\/2024\\\/08\\\/mor-un-home-al-quedar-inconscient-de-laigua-en-la-platja-arenal-boll-de-calp\\\/\"},\"wordCount\":172,\"commentCount\":0,\"publisher\":{\"@id\":\"https:\\\/\\\/radiolitoral.com\\\/#organization\"},\"image\":{\"@id\":\"https:\\\/\\\/radiolitoral.com\\\/2024\\\/08\\\/mor-un-home-al-quedar-inconscient-de-laigua-en-la-platja-arenal-boll-de-calp\\\/#primaryimage\"},\"thumbnailUrl\":\"https:\\\/\\\/media.radiolitoral.com\\\/wp-content\\\/uploads\\\/2024\\\/06\\\/04144038\\\/Playa-Arenal-Bol-.jpeg\",\"keywords\":[\"ahogado Calp\",\"Platja Arenal-Boll de Calp\",\"suceso\"],\"articleSection\":[\"Sucesos\"],\"inLanguage\":\"ca\",\"potentialAction\":[{\"@type\":\"CommentAction\",\"name\":\"Comment\",\"target\":[\"https:\\\/\\\/radiolitoral.com\\\/2024\\\/08\\\/mor-un-home-al-quedar-inconscient-de-laigua-en-la-platja-arenal-boll-de-calp\\\/#respond\"]}]},{\"@type\":[\"WebPage\",\"ItemPage\"],\"@id\":\"https:\\\/\\\/radiolitoral.com\\\/2024\\\/08\\\/mor-un-home-al-quedar-inconscient-de-laigua-en-la-platja-arenal-boll-de-calp\\\/\",\"url\":\"https:\\\/\\\/radiolitoral.com\\\/2024\\\/08\\\/mor-un-home-al-quedar-inconscient-de-laigua-en-la-platja-arenal-boll-de-calp\\\/\",\"name\":\"Mor un home al quedar inconscient de l'aigua en la Platja Arenal-Boll de Calp | R\u00e0dio Litoral\",\"isPartOf\":{\"@id\":\"https:\\\/\\\/radiolitoral.com\\\/#website\"},\"primaryImageOfPage\":{\"@id\":\"https:\\\/\\\/radiolitoral.com\\\/2024\\\/08\\\/mor-un-home-al-quedar-inconscient-de-laigua-en-la-platja-arenal-boll-de-calp\\\/#primaryimage\"},\"image\":{\"@id\":\"https:\\\/\\\/radiolitoral.com\\\/2024\\\/08\\\/mor-un-home-al-quedar-inconscient-de-laigua-en-la-platja-arenal-boll-de-calp\\\/#primaryimage\"},\"thumbnailUrl\":\"https:\\\/\\\/media.radiolitoral.com\\\/wp-content\\\/uploads\\\/2024\\\/06\\\/04144038\\\/Playa-Arenal-Bol-.jpeg\",\"datePublished\":\"2024-08-12T15:15:57+00:00\",\"description\":\"El SAMU va intentar ajudar a la v\u00edctima de 74 anys sense \u00e8xit\",\"breadcrumb\":{\"@id\":\"https:\\\/\\\/radiolitoral.com\\\/2024\\\/08\\\/mor-un-home-al-quedar-inconscient-de-laigua-en-la-platja-arenal-boll-de-calp\\\/#breadcrumb\"},\"inLanguage\":\"ca\",\"potentialAction\":[{\"@type\":\"ReadAction\",\"target\":[\"https:\\\/\\\/radiolitoral.com\\\/2024\\\/08\\\/mor-un-home-al-quedar-inconscient-de-laigua-en-la-platja-arenal-boll-de-calp\\\/\"]}]},{\"@type\":\"ImageObject\",\"inLanguage\":\"ca\",\"@id\":\"https:\\\/\\\/radiolitoral.com\\\/2024\\\/08\\\/mor-un-home-al-quedar-inconscient-de-laigua-en-la-platja-arenal-boll-de-calp\\\/#primaryimage\",\"url\":\"https:\\\/\\\/media.radiolitoral.com\\\/wp-content\\\/uploads\\\/2024\\\/06\\\/04144038\\\/Playa-Arenal-Bol-.jpeg\",\"contentUrl\":\"https:\\\/\\\/media.radiolitoral.com\\\/wp-content\\\/uploads\\\/2024\\\/06\\\/04144038\\\/Playa-Arenal-Bol-.jpeg\",\"width\":1600,\"height\":1200},{\"@type\":\"BreadcrumbList\",\"@id\":\"https:\\\/\\\/radiolitoral.com\\\/2024\\\/08\\\/mor-un-home-al-quedar-inconscient-de-laigua-en-la-platja-arenal-boll-de-calp\\\/#breadcrumb\",\"itemListElement\":[{\"@type\":\"ListItem\",\"position\":1,\"name\":\"Portada\",\"item\":\"https:\\\/\\\/radiolitoral.com\\\/\"},{\"@type\":\"ListItem\",\"position\":2,\"name\":\"Mor un home al quedar inconscient de l&#8217;aigua en la Platja Arenal-Boll de Calp\"}]},{\"@type\":\"WebSite\",\"@id\":\"https:\\\/\\\/radiolitoral.com\\\/#website\",\"url\":\"https:\\\/\\\/radiolitoral.com\\\/\",\"name\":\"Radio Litoral\",\"description\":\"La radio local de la Marina Alta\",\"publisher\":{\"@id\":\"https:\\\/\\\/radiolitoral.com\\\/#organization\"},\"alternateName\":\"Litoral FM\",\"potentialAction\":[{\"@type\":\"SearchAction\",\"target\":{\"@type\":\"EntryPoint\",\"urlTemplate\":\"https:\\\/\\\/radiolitoral.com\\\/?s={search_term_string}\"},\"query-input\":{\"@type\":\"PropertyValueSpecification\",\"valueRequired\":true,\"valueName\":\"search_term_string\"}}],\"inLanguage\":\"ca\"},{\"@type\":\"Organization\",\"@id\":\"https:\\\/\\\/radiolitoral.com\\\/#organization\",\"name\":\"Radio Litoral\",\"url\":\"https:\\\/\\\/radiolitoral.com\\\/\",\"logo\":{\"@type\":\"ImageObject\",\"inLanguage\":\"ca\",\"@id\":\"https:\\\/\\\/radiolitoral.com\\\/#\\\/schema\\\/logo\\\/image\\\/\",\"url\":\"https:\\\/\\\/media.radiolitoral.com\\\/wp-content\\\/uploads\\\/2023\\\/02\\\/24143238\\\/CL-V-RadioLitoral696.png\",\"contentUrl\":\"https:\\\/\\\/media.radiolitoral.com\\\/wp-content\\\/uploads\\\/2023\\\/02\\\/24143238\\\/CL-V-RadioLitoral696.png\",\"width\":696,\"height\":696,\"caption\":\"Radio Litoral\"},\"image\":{\"@id\":\"https:\\\/\\\/radiolitoral.com\\\/#\\\/schema\\\/logo\\\/image\\\/\"},\"sameAs\":[\"https:\\\/\\\/www.facebook.com\\\/Laradiolitoral\\\/\"]},{\"@type\":\"Person\",\"@id\":\"https:\\\/\\\/radiolitoral.com\\\/#\\\/schema\\\/person\\\/96b739642eb3bedb532aac3812d23307\",\"name\":\"Redacci\u00f3n\",\"image\":{\"@type\":\"ImageObject\",\"inLanguage\":\"ca\",\"@id\":\"https:\\\/\\\/secure.gravatar.com\\\/avatar\\\/30cd06129ee90411dd9c7cbdcf17464181d1a3c7b072e92070ea75a25cf0097e?s=96&d=mm&r=g\",\"url\":\"https:\\\/\\\/secure.gravatar.com\\\/avatar\\\/30cd06129ee90411dd9c7cbdcf17464181d1a3c7b072e92070ea75a25cf0097e?s=96&d=mm&r=g\",\"contentUrl\":\"https:\\\/\\\/secure.gravatar.com\\\/avatar\\\/30cd06129ee90411dd9c7cbdcf17464181d1a3c7b072e92070ea75a25cf0097e?s=96&d=mm&r=g\",\"caption\":\"Redacci\u00f3n\"},\"url\":\"https:\\\/\\\/radiolitoral.com\\\/ca\\\/author\\\/kevin-carrio\\\/\"}]}<\/script>\n<!-- \/ Yoast SEO plugin. -->","yoast_head_json":{"title":"Mor un home en quedar inconscient de l&#039;aigua a la Platja Arenal-Boll de Calp | R\u00e0dio Litoral","description":"El SAMU va intentar ajudar la v\u00edctima de 74 anys sense \u00e8xit","robots":{"index":"index","follow":"follow","max-snippet":"max-snippet:-1","max-image-preview":"max-image-preview:large","max-video-preview":"max-video-preview:-1"},"canonical":"https:\/\/radiolitoral.com\/ca\/2024\/08\/mor-un-home-en-quedar-inconscient-de-laigua-a-la-platja-sorral-boll-de-calp\/","og_locale":"ca_ES","og_type":"article","og_title":"Mor un home al quedar inconscient de l'aigua en la Platja Arenal-Boll de Calp | R\u00e0dio Litoral","og_description":"El SAMU va intentar ajudar a la v\u00edctima de 74 anys sense \u00e8xit","og_url":"https:\/\/radiolitoral.com\/ca\/2024\/08\/mor-un-home-en-quedar-inconscient-de-laigua-a-la-platja-sorral-boll-de-calp\/","og_site_name":"R\u00e0dio Litoral","article_publisher":"https:\/\/www.facebook.com\/Laradiolitoral\/","article_published_time":"2024-08-12T15:15:57+00:00","og_image":[{"width":1600,"height":1200,"url":"https:\/\/media.radiolitoral.com\/wp-content\/uploads\/2024\/06\/04144038\/Playa-Arenal-Bol-.jpeg","type":"image\/jpeg"}],"author":"Redacci\u00f3n","twitter_card":"summary_large_image","twitter_misc":{"Escrit per":"Redacci\u00f3n","Temps estimat de lectura":"1 minut"},"schema":{"@context":"https:\/\/schema.org","@graph":[{"@type":"NewsArticle","@id":"https:\/\/radiolitoral.com\/2024\/08\/mor-un-home-al-quedar-inconscient-de-laigua-en-la-platja-arenal-boll-de-calp\/#article","isPartOf":{"@id":"https:\/\/radiolitoral.com\/2024\/08\/mor-un-home-al-quedar-inconscient-de-laigua-en-la-platja-arenal-boll-de-calp\/"},"author":{"name":"Redacci\u00f3n","@id":"https:\/\/radiolitoral.com\/#\/schema\/person\/96b739642eb3bedb532aac3812d23307"},"headline":"Mor un home al quedar inconscient de l&#8217;aigua en la Platja Arenal-Boll de Calp","datePublished":"2024-08-12T15:15:57+00:00","mainEntityOfPage":{"@id":"https:\/\/radiolitoral.com\/2024\/08\/mor-un-home-al-quedar-inconscient-de-laigua-en-la-platja-arenal-boll-de-calp\/"},"wordCount":172,"commentCount":0,"publisher":{"@id":"https:\/\/radiolitoral.com\/#organization"},"image":{"@id":"https:\/\/radiolitoral.com\/2024\/08\/mor-un-home-al-quedar-inconscient-de-laigua-en-la-platja-arenal-boll-de-calp\/#primaryimage"},"thumbnailUrl":"https:\/\/media.radiolitoral.com\/wp-content\/uploads\/2024\/06\/04144038\/Playa-Arenal-Bol-.jpeg","keywords":["ahogado Calp","Platja Arenal-Boll de Calp","suceso"],"articleSection":["Sucesos"],"inLanguage":"ca","potentialAction":[{"@type":"CommentAction","name":"Comment","target":["https:\/\/radiolitoral.com\/2024\/08\/mor-un-home-al-quedar-inconscient-de-laigua-en-la-platja-arenal-boll-de-calp\/#respond"]}]},{"@type":["WebPage","ItemPage"],"@id":"https:\/\/radiolitoral.com\/2024\/08\/mor-un-home-al-quedar-inconscient-de-laigua-en-la-platja-arenal-boll-de-calp\/","url":"https:\/\/radiolitoral.com\/2024\/08\/mor-un-home-al-quedar-inconscient-de-laigua-en-la-platja-arenal-boll-de-calp\/","name":"Mor un home en quedar inconscient de l&#039;aigua a la Platja Arenal-Boll de Calp | R\u00e0dio Litoral","isPartOf":{"@id":"https:\/\/radiolitoral.com\/#website"},"primaryImageOfPage":{"@id":"https:\/\/radiolitoral.com\/2024\/08\/mor-un-home-al-quedar-inconscient-de-laigua-en-la-platja-arenal-boll-de-calp\/#primaryimage"},"image":{"@id":"https:\/\/radiolitoral.com\/2024\/08\/mor-un-home-al-quedar-inconscient-de-laigua-en-la-platja-arenal-boll-de-calp\/#primaryimage"},"thumbnailUrl":"https:\/\/media.radiolitoral.com\/wp-content\/uploads\/2024\/06\/04144038\/Playa-Arenal-Bol-.jpeg","datePublished":"2024-08-12T15:15:57+00:00","description":"El SAMU va intentar ajudar la v\u00edctima de 74 anys sense \u00e8xit","breadcrumb":{"@id":"https:\/\/radiolitoral.com\/2024\/08\/mor-un-home-al-quedar-inconscient-de-laigua-en-la-platja-arenal-boll-de-calp\/#breadcrumb"},"inLanguage":"ca","potentialAction":[{"@type":"ReadAction","target":["https:\/\/radiolitoral.com\/2024\/08\/mor-un-home-al-quedar-inconscient-de-laigua-en-la-platja-arenal-boll-de-calp\/"]}]},{"@type":"ImageObject","inLanguage":"ca","@id":"https:\/\/radiolitoral.com\/2024\/08\/mor-un-home-al-quedar-inconscient-de-laigua-en-la-platja-arenal-boll-de-calp\/#primaryimage","url":"https:\/\/media.radiolitoral.com\/wp-content\/uploads\/2024\/06\/04144038\/Playa-Arenal-Bol-.jpeg","contentUrl":"https:\/\/media.radiolitoral.com\/wp-content\/uploads\/2024\/06\/04144038\/Playa-Arenal-Bol-.jpeg","width":1600,"height":1200},{"@type":"BreadcrumbList","@id":"https:\/\/radiolitoral.com\/2024\/08\/mor-un-home-al-quedar-inconscient-de-laigua-en-la-platja-arenal-boll-de-calp\/#breadcrumb","itemListElement":[{"@type":"ListItem","position":1,"name":"Portada","item":"https:\/\/radiolitoral.com\/"},{"@type":"ListItem","position":2,"name":"Mor un home al quedar inconscient de l&#8217;aigua en la Platja Arenal-Boll de Calp"}]},{"@type":"WebSite","@id":"https:\/\/radiolitoral.com\/#website","url":"https:\/\/radiolitoral.com\/","name":"R\u00e0dio Litoral","description":"La r\u00e0dio local de la Marina Alta","publisher":{"@id":"https:\/\/radiolitoral.com\/#organization"},"alternateName":"Litoral FM","potentialAction":[{"@type":"SearchAction","target":{"@type":"EntryPoint","urlTemplate":"https:\/\/radiolitoral.com\/?s={search_term_string}"},"query-input":{"@type":"PropertyValueSpecification","valueRequired":true,"valueName":"search_term_string"}}],"inLanguage":"ca"},{"@type":"Organization","@id":"https:\/\/radiolitoral.com\/#organization","name":"R\u00e0dio Litoral","url":"https:\/\/radiolitoral.com\/","logo":{"@type":"ImageObject","inLanguage":"ca","@id":"https:\/\/radiolitoral.com\/#\/schema\/logo\/image\/","url":"https:\/\/media.radiolitoral.com\/wp-content\/uploads\/2023\/02\/24143238\/CL-V-RadioLitoral696.png","contentUrl":"https:\/\/media.radiolitoral.com\/wp-content\/uploads\/2023\/02\/24143238\/CL-V-RadioLitoral696.png","width":696,"height":696,"caption":"Radio Litoral"},"image":{"@id":"https:\/\/radiolitoral.com\/#\/schema\/logo\/image\/"},"sameAs":["https:\/\/www.facebook.com\/Laradiolitoral\/"]},{"@type":"Person","@id":"https:\/\/radiolitoral.com\/#\/schema\/person\/96b739642eb3bedb532aac3812d23307","name":"Redacci\u00f3","image":{"@type":"ImageObject","inLanguage":"ca","@id":"https:\/\/secure.gravatar.com\/avatar\/30cd06129ee90411dd9c7cbdcf17464181d1a3c7b072e92070ea75a25cf0097e?s=96&d=mm&r=g","url":"https:\/\/secure.gravatar.com\/avatar\/30cd06129ee90411dd9c7cbdcf17464181d1a3c7b072e92070ea75a25cf0097e?s=96&d=mm&r=g","contentUrl":"https:\/\/secure.gravatar.com\/avatar\/30cd06129ee90411dd9c7cbdcf17464181d1a3c7b072e92070ea75a25cf0097e?s=96&d=mm&r=g","caption":"Redacci\u00f3n"},"url":"https:\/\/radiolitoral.com\/ca\/author\/kevin-carrio\/"}]}},"_links":{"self":[{"href":"https:\/\/radiolitoral.com\/ca\/wp-json\/wp\/v2\/posts\/10650","targetHints":{"allow":["GET"]}}],"collection":[{"href":"https:\/\/radiolitoral.com\/ca\/wp-json\/wp\/v2\/posts"}],"about":[{"href":"https:\/\/radiolitoral.com\/ca\/wp-json\/wp\/v2\/types\/post"}],"author":[{"embeddable":true,"href":"https:\/\/radiolitoral.com\/ca\/wp-json\/wp\/v2\/users\/14"}],"replies":[{"embeddable":true,"href":"https:\/\/radiolitoral.com\/ca\/wp-json\/wp\/v2\/comments?post=10650"}],"version-history":[{"count":1,"href":"https:\/\/radiolitoral.com\/ca\/wp-json\/wp\/v2\/posts\/10650\/revisions"}],"predecessor-version":[{"id":10651,"href":"https:\/\/radiolitoral.com\/ca\/wp-json\/wp\/v2\/posts\/10650\/revisions\/10651"}],"wp:featuredmedia":[{"embeddable":true,"href":"https:\/\/radiolitoral.com\/ca\/wp-json\/wp\/v2\/media\/9333"}],"wp:attachment":[{"href":"https:\/\/radiolitoral.com\/ca\/wp-json\/wp\/v2\/media?parent=10650"}],"wp:term":[{"taxonomy":"category","embeddable":true,"href":"https:\/\/radiolitoral.com\/ca\/wp-json\/wp\/v2\/categories?post=10650"},{"taxonomy":"post_tag","embeddable":true,"href":"https:\/\/radiolitoral.com\/ca\/wp-json\/wp\/v2\/tags?post=10650"}],"curies":[{"name":"wp","href":"https:\/\/api.w.org\/{rel}","templated":true}]}}