{"id":10636,"date":"2024-08-12T11:28:57","date_gmt":"2024-08-12T09:28:57","guid":{"rendered":"https:\/\/radiolitoral.com\/?p=10636"},"modified":"2024-08-12T11:28:57","modified_gmt":"2024-08-12T09:28:57","slug":"empat-en-lamistos-entre-cd-javea-i-safor-gandia-1-1","status":"publish","type":"post","link":"https:\/\/radiolitoral.com\/ca\/2024\/08\/empat-en-lamistos-entre-cd-javea-i-safor-gandia-1-1\/","title":{"rendered":"Empat a l&#039;amist\u00f3s entre CD X\u00e0bia i Safor Gandia (1-1)"},"content":{"rendered":"<p>En un nou partit amist\u00f3s disputat al municipal de X\u00e0bia, el <strong>CD\u00a0<span class=\"hiddenSpellError\">X\u00e0bia<\/span><\/strong>\u00a0es va enfrontar al <strong>Safor Gandia CF<\/strong>, un equip d&#039;una categoria inferior. El partit, que va finalitzar amb un <strong>empat a un gol,<\/strong> va servir perqu\u00e8 el t\u00e8cnic local,\u00a0<strong><span class=\"hiddenSpellError\">Juliol<\/span>\u00a0Ivorra<\/strong>, experimentar\u00e0 amb diferents alineacions i jugadors, mostrant una evoluci\u00f3 positiva al joc de l&#039;equip.<\/p>\n<p>Ivorra va alinear a la primera part diversos jugadors que havien tingut menys minuts a l&#039;amist\u00f3s anterior contra el CF Benidorm. El joc va ser for\u00e7a equilibrat, amb els locals manejant b\u00e9 la pilota, especialment al centre del camp gr\u00e0cies a Leo, qui va actuar com a pivot defensiu. Leo va destacar per la seva habilitat per distribuir la pilota amb precisi\u00f3 en passades curtes i llargues, aprofitant el seu excel\u00b7lent esquerr\u00e0.<\/p>\n<p>A la delantera, Ivorra confia la responsabilitat del gol a\u00a0<span class=\"hiddenSpellError\">Samson<\/span>, qui va tindre una oportunitat clara per a obrir el marcador. Despr\u00e9s d&#039;aprofitar un error defensiu del rival, va disparar, per\u00f2 el seu intent es va estavellar al travesser, deixant el p\u00fablic amb l&#039;al\u00e9 contingut.<\/p>\n<figure id=\"attachment_10638\" aria-describedby=\"caption-attachment-10638\" style=\"width: 2042px\" class=\"wp-caption alignnone\"><img loading=\"lazy\" decoding=\"async\" class=\"wp-image-10638 size-full\" src=\"https:\/\/media.radiolitoral.com\/wp-content\/uploads\/2024\/08\/12112758\/Partido-del-CD-Javea-ante-Safor-Gandia.jpg\" alt=\"\" width=\"2042\" height=\"1211\" srcset=\"https:\/\/media.radiolitoral.com\/wp-content\/uploads\/2024\/08\/12112758\/Partido-del-CD-Javea-ante-Safor-Gandia.jpg 2042w, https:\/\/media.radiolitoral.com\/wp-content\/uploads\/2024\/08\/12112758\/Partido-del-CD-Javea-ante-Safor-Gandia-300x178.jpg 300w, https:\/\/media.radiolitoral.com\/wp-content\/uploads\/2024\/08\/12112758\/Partido-del-CD-Javea-ante-Safor-Gandia-1024x607.jpg 1024w, https:\/\/media.radiolitoral.com\/wp-content\/uploads\/2024\/08\/12112758\/Partido-del-CD-Javea-ante-Safor-Gandia-768x455.jpg 768w, https:\/\/media.radiolitoral.com\/wp-content\/uploads\/2024\/08\/12112758\/Partido-del-CD-Javea-ante-Safor-Gandia-1536x911.jpg 1536w, https:\/\/media.radiolitoral.com\/wp-content\/uploads\/2024\/08\/12112758\/Partido-del-CD-Javea-ante-Safor-Gandia-18x12.jpg 18w, https:\/\/media.radiolitoral.com\/wp-content\/uploads\/2024\/08\/12112758\/Partido-del-CD-Javea-ante-Safor-Gandia-1000x593.jpg 1000w, https:\/\/media.radiolitoral.com\/wp-content\/uploads\/2024\/08\/12112758\/Partido-del-CD-Javea-ante-Safor-Gandia-100x59.jpg 100w, https:\/\/media.radiolitoral.com\/wp-content\/uploads\/2024\/08\/12112758\/Partido-del-CD-Javea-ante-Safor-Gandia-200x119.jpg 200w\" sizes=\"auto, (max-width: 2042px) 100vw, 2042px\" \/><figcaption id=\"caption-attachment-10638\" class=\"wp-caption-text\">Partit del CD X\u00e0bia davant Safor Gandia CF | Forn\u00e8s<\/figcaption><\/figure>\n<p>A la segona meitat, tots dos equips van fer diversos canvis, la qual cosa va dinamitzar el joc. Per part del CD X\u00e0bia, la millora va ser notable, especialment en atac. <strong>Bruno<\/strong>, un delanter que estava a prova, va mostrar bones maneres i va ser qui va anotar el gol per als locals. Va aprofitar un passi en profunditat de Leo i va definir amb fredor, batent per sota el porter <span class=\"hiddenSpellError\">Andreu<\/span>.<\/p>\n<p>Despr\u00e9s del gol, el Safor Gandia CF es va veure obligat a estirar les seves l\u00ednies a la recerca de l&#039;empat. El seu esfor\u00e7 va ser recompensat poc abans del final del partit, quan\u00a0<strong><span class=\"hiddenSpellError\">Igor<\/span><\/strong>\u00a0va aconseguir igualar el marcador amb un remat de cap a l&#039;eixida d&#039;un c\u00f3rner, deixant el resultat final a <strong>1-1<\/strong>.<\/p>\n<p>L&#039;empat va ser un resultat just en un partit que va servir perqu\u00e8 el CD X\u00e0bia continu\u00e9s afinant la seva preparaci\u00f3 de cara a la temporada que ve. L&#039;actuaci\u00f3 de Leo com a organitzador de joc i l&#039;aparici\u00f3 de Bruno com a golejador van ser els aspectes m\u00e9s destacats de la jornada.<\/p>\n<p>L&#039;equip continua mostrant bones sensacions, per\u00f2 encara hi ha \u00e0rees per millorar, especialment en la definici\u00f3 de cara a porteria. Els propers partits de pretemporada seran claus perqu\u00e8 el t\u00e8cnic Ivorra ajusti la plantilla i les t\u00e0ctiques abans de l&#039;inici de la competici\u00f3 oficial. L&#039;afici\u00f3 espera que l&#039;equip arribi en \u00f2ptimes condicions al comen\u00e7ament de la temporada i pugui competir amb \u00e8xit a la Lliga.<\/p>","protected":false},"excerpt":{"rendered":"<p>En un nou partit amist\u00f3s disputat en el municipal de X\u00e0bia, el CD\u00a0J\u00e1vea\u00a0es va enfrontar\u00a0al Safor\u00a0Gandia CF, un equip d&#8217;una categoria inferior. El partit, que va finalitzar amb un empat a un gol, va servir perqu\u00e8 el t\u00e8cnic local,\u00a0Julio\u00a0Ivorra, experimentara amb diferents alineacions i jugadors, mostrant una evoluci\u00f3 positiva en el joc de l&#8217;equip. Ivorra [&#8230;]<\/p>\n<p><a class=\"btn btn-secondary understrap-read-more-link\" href=\"https:\/\/radiolitoral.com\/ca\/2024\/08\/empat-en-lamistos-entre-cd-javea-i-safor-gandia-1-1\/\">Continua llegint&#8230;<span class=\"screen-reader-text\"> from Empat en l&#8217;amist\u00f3s entre CD J\u00e1vea i Safor Gand\u00eda (1-1)<\/span><\/a><\/p>\n","protected":false},"author":12,"featured_media":10637,"comment_status":"open","ping_status":"closed","sticky":false,"template":"","format":"standard","meta":{"_acf_changed":false,"inline_featured_image":false,"footnotes":""},"categories":[5],"tags":[1332,6,1503,1994],"class_list":["post-10636","post","type-post","status-publish","format-standard","has-post-thumbnail","hentry","category-deportes","tag-cd-javea","tag-deportes","tag-julio-ivorra","tag-safor-gandia-cf","cobertura-xabia"],"acf":[],"yoast_head":"<!-- This site is optimized with the Yoast SEO plugin v27.5 - https:\/\/yoast.com\/product\/yoast-seo-wordpress\/ -->\n<title>Empat en l&#039;amist\u00f3s entre CD J\u00e1vea i Safor Gand\u00eda (1-1) | R\u00e0dio Litoral<\/title>\n<meta name=\"description\" content=\"Els blanc-i-vermells van mostrar una bona evoluci\u00f3 encara que li continua faltant concretar les ocasions de golEls blanc-i-vermells van mostrar una bona evoluci\u00f3 encara que li continua faltant concretar les ocasions de gol\" \/>\n<meta name=\"robots\" content=\"index, follow, max-snippet:-1, max-image-preview:large, max-video-preview:-1\" \/>\n<link rel=\"canonical\" href=\"https:\/\/radiolitoral.com\/ca\/2024\/08\/empat-en-lamistos-entre-cd-javea-i-safor-gandia-1-1\/\" \/>\n<meta property=\"og:locale\" content=\"ca_ES\" \/>\n<meta property=\"og:type\" content=\"article\" \/>\n<meta property=\"og:title\" content=\"Empat en l&#039;amist\u00f3s entre CD J\u00e1vea i Safor Gand\u00eda (1-1) | R\u00e0dio Litoral\" \/>\n<meta property=\"og:description\" content=\"Els blanc-i-vermells van mostrar una bona evoluci\u00f3 encara que li continua faltant concretar les ocasions de golEls blanc-i-vermells van mostrar una bona evoluci\u00f3 encara que li continua faltant concretar les ocasions de gol\" \/>\n<meta property=\"og:url\" content=\"https:\/\/radiolitoral.com\/ca\/2024\/08\/empat-en-lamistos-entre-cd-javea-i-safor-gandia-1-1\/\" \/>\n<meta property=\"og:site_name\" content=\"R\u00e0dio Litoral\" \/>\n<meta property=\"article:publisher\" content=\"https:\/\/www.facebook.com\/Laradiolitoral\/\" \/>\n<meta property=\"article:published_time\" content=\"2024-08-12T09:28:57+00:00\" \/>\n<meta property=\"og:image\" content=\"https:\/\/media.radiolitoral.com\/wp-content\/uploads\/2024\/08\/12112728\/Once-del-CD-Javea-ante-Safor-Gandia.jpg\" \/>\n\t<meta property=\"og:image:width\" content=\"1090\" \/>\n\t<meta property=\"og:image:height\" content=\"749\" \/>\n\t<meta property=\"og:image:type\" content=\"image\/jpeg\" \/>\n<meta name=\"author\" content=\"Javier Zamora\" \/>\n<meta name=\"twitter:card\" content=\"summary_large_image\" \/>\n<meta name=\"twitter:label1\" content=\"Escrit per\" \/>\n\t<meta name=\"twitter:data1\" content=\"Javier Zamora\" \/>\n\t<meta name=\"twitter:label2\" content=\"Temps estimat de lectura\" \/>\n\t<meta name=\"twitter:data2\" content=\"3 minuts\" \/>\n<script type=\"application\/ld+json\" class=\"yoast-schema-graph\">{\"@context\":\"https:\\\/\\\/schema.org\",\"@graph\":[{\"@type\":\"NewsArticle\",\"@id\":\"https:\\\/\\\/radiolitoral.com\\\/2024\\\/08\\\/empat-en-lamistos-entre-cd-javea-i-safor-gandia-1-1\\\/#article\",\"isPartOf\":{\"@id\":\"https:\\\/\\\/radiolitoral.com\\\/2024\\\/08\\\/empat-en-lamistos-entre-cd-javea-i-safor-gandia-1-1\\\/\"},\"author\":{\"name\":\"Javier Zamora\",\"@id\":\"https:\\\/\\\/radiolitoral.com\\\/#\\\/schema\\\/person\\\/7b1480b5caeb5acdd4ec6379caf62b22\"},\"headline\":\"Empat en l&#8217;amist\u00f3s entre CD J\u00e1vea i Safor Gand\u00eda (1-1)\",\"datePublished\":\"2024-08-12T09:28:57+00:00\",\"mainEntityOfPage\":{\"@id\":\"https:\\\/\\\/radiolitoral.com\\\/2024\\\/08\\\/empat-en-lamistos-entre-cd-javea-i-safor-gandia-1-1\\\/\"},\"wordCount\":495,\"commentCount\":0,\"publisher\":{\"@id\":\"https:\\\/\\\/radiolitoral.com\\\/#organization\"},\"image\":{\"@id\":\"https:\\\/\\\/radiolitoral.com\\\/2024\\\/08\\\/empat-en-lamistos-entre-cd-javea-i-safor-gandia-1-1\\\/#primaryimage\"},\"thumbnailUrl\":\"https:\\\/\\\/media.radiolitoral.com\\\/wp-content\\\/uploads\\\/2024\\\/08\\\/12112728\\\/Once-del-CD-Javea-ante-Safor-Gandia.jpg\",\"keywords\":[\"CD J\u00e1vea\",\"deportes\",\"Julio Ivorra\",\"Safor Gandia CF\"],\"articleSection\":[\"Deportes\"],\"inLanguage\":\"ca\",\"potentialAction\":[{\"@type\":\"CommentAction\",\"name\":\"Comment\",\"target\":[\"https:\\\/\\\/radiolitoral.com\\\/2024\\\/08\\\/empat-en-lamistos-entre-cd-javea-i-safor-gandia-1-1\\\/#respond\"]}]},{\"@type\":[\"WebPage\",\"ItemPage\"],\"@id\":\"https:\\\/\\\/radiolitoral.com\\\/2024\\\/08\\\/empat-en-lamistos-entre-cd-javea-i-safor-gandia-1-1\\\/\",\"url\":\"https:\\\/\\\/radiolitoral.com\\\/2024\\\/08\\\/empat-en-lamistos-entre-cd-javea-i-safor-gandia-1-1\\\/\",\"name\":\"Empat en l'amist\u00f3s entre CD J\u00e1vea i Safor Gand\u00eda (1-1) | R\u00e0dio Litoral\",\"isPartOf\":{\"@id\":\"https:\\\/\\\/radiolitoral.com\\\/#website\"},\"primaryImageOfPage\":{\"@id\":\"https:\\\/\\\/radiolitoral.com\\\/2024\\\/08\\\/empat-en-lamistos-entre-cd-javea-i-safor-gandia-1-1\\\/#primaryimage\"},\"image\":{\"@id\":\"https:\\\/\\\/radiolitoral.com\\\/2024\\\/08\\\/empat-en-lamistos-entre-cd-javea-i-safor-gandia-1-1\\\/#primaryimage\"},\"thumbnailUrl\":\"https:\\\/\\\/media.radiolitoral.com\\\/wp-content\\\/uploads\\\/2024\\\/08\\\/12112728\\\/Once-del-CD-Javea-ante-Safor-Gandia.jpg\",\"datePublished\":\"2024-08-12T09:28:57+00:00\",\"description\":\"Els blanc-i-vermells van mostrar una bona evoluci\u00f3 encara que li continua faltant concretar les ocasions de golEls blanc-i-vermells van mostrar una bona evoluci\u00f3 encara que li continua faltant concretar les ocasions de gol\",\"breadcrumb\":{\"@id\":\"https:\\\/\\\/radiolitoral.com\\\/2024\\\/08\\\/empat-en-lamistos-entre-cd-javea-i-safor-gandia-1-1\\\/#breadcrumb\"},\"inLanguage\":\"ca\",\"potentialAction\":[{\"@type\":\"ReadAction\",\"target\":[\"https:\\\/\\\/radiolitoral.com\\\/2024\\\/08\\\/empat-en-lamistos-entre-cd-javea-i-safor-gandia-1-1\\\/\"]}]},{\"@type\":\"ImageObject\",\"inLanguage\":\"ca\",\"@id\":\"https:\\\/\\\/radiolitoral.com\\\/2024\\\/08\\\/empat-en-lamistos-entre-cd-javea-i-safor-gandia-1-1\\\/#primaryimage\",\"url\":\"https:\\\/\\\/media.radiolitoral.com\\\/wp-content\\\/uploads\\\/2024\\\/08\\\/12112728\\\/Once-del-CD-Javea-ante-Safor-Gandia.jpg\",\"contentUrl\":\"https:\\\/\\\/media.radiolitoral.com\\\/wp-content\\\/uploads\\\/2024\\\/08\\\/12112728\\\/Once-del-CD-Javea-ante-Safor-Gandia.jpg\",\"width\":1090,\"height\":749},{\"@type\":\"BreadcrumbList\",\"@id\":\"https:\\\/\\\/radiolitoral.com\\\/2024\\\/08\\\/empat-en-lamistos-entre-cd-javea-i-safor-gandia-1-1\\\/#breadcrumb\",\"itemListElement\":[{\"@type\":\"ListItem\",\"position\":1,\"name\":\"Portada\",\"item\":\"https:\\\/\\\/radiolitoral.com\\\/\"},{\"@type\":\"ListItem\",\"position\":2,\"name\":\"Empat en l&#8217;amist\u00f3s entre CD J\u00e1vea i Safor Gand\u00eda (1-1)\"}]},{\"@type\":\"WebSite\",\"@id\":\"https:\\\/\\\/radiolitoral.com\\\/#website\",\"url\":\"https:\\\/\\\/radiolitoral.com\\\/\",\"name\":\"Radio Litoral\",\"description\":\"La radio local de la Marina Alta\",\"publisher\":{\"@id\":\"https:\\\/\\\/radiolitoral.com\\\/#organization\"},\"alternateName\":\"Litoral FM\",\"potentialAction\":[{\"@type\":\"SearchAction\",\"target\":{\"@type\":\"EntryPoint\",\"urlTemplate\":\"https:\\\/\\\/radiolitoral.com\\\/?s={search_term_string}\"},\"query-input\":{\"@type\":\"PropertyValueSpecification\",\"valueRequired\":true,\"valueName\":\"search_term_string\"}}],\"inLanguage\":\"ca\"},{\"@type\":\"Organization\",\"@id\":\"https:\\\/\\\/radiolitoral.com\\\/#organization\",\"name\":\"Radio Litoral\",\"url\":\"https:\\\/\\\/radiolitoral.com\\\/\",\"logo\":{\"@type\":\"ImageObject\",\"inLanguage\":\"ca\",\"@id\":\"https:\\\/\\\/radiolitoral.com\\\/#\\\/schema\\\/logo\\\/image\\\/\",\"url\":\"https:\\\/\\\/media.radiolitoral.com\\\/wp-content\\\/uploads\\\/2023\\\/02\\\/24143238\\\/CL-V-RadioLitoral696.png\",\"contentUrl\":\"https:\\\/\\\/media.radiolitoral.com\\\/wp-content\\\/uploads\\\/2023\\\/02\\\/24143238\\\/CL-V-RadioLitoral696.png\",\"width\":696,\"height\":696,\"caption\":\"Radio Litoral\"},\"image\":{\"@id\":\"https:\\\/\\\/radiolitoral.com\\\/#\\\/schema\\\/logo\\\/image\\\/\"},\"sameAs\":[\"https:\\\/\\\/www.facebook.com\\\/Laradiolitoral\\\/\"]},{\"@type\":\"Person\",\"@id\":\"https:\\\/\\\/radiolitoral.com\\\/#\\\/schema\\\/person\\\/7b1480b5caeb5acdd4ec6379caf62b22\",\"name\":\"Javier Zamora\",\"image\":{\"@type\":\"ImageObject\",\"inLanguage\":\"ca\",\"@id\":\"https:\\\/\\\/secure.gravatar.com\\\/avatar\\\/467a11f6918c7d619c4043fc6fa2d3853053107973f05b6e9c04ea6c4e3a7b3f?s=96&d=mm&r=g\",\"url\":\"https:\\\/\\\/secure.gravatar.com\\\/avatar\\\/467a11f6918c7d619c4043fc6fa2d3853053107973f05b6e9c04ea6c4e3a7b3f?s=96&d=mm&r=g\",\"contentUrl\":\"https:\\\/\\\/secure.gravatar.com\\\/avatar\\\/467a11f6918c7d619c4043fc6fa2d3853053107973f05b6e9c04ea6c4e3a7b3f?s=96&d=mm&r=g\",\"caption\":\"Javier Zamora\"},\"url\":\"https:\\\/\\\/radiolitoral.com\\\/ca\\\/author\\\/javier-zamora\\\/\"}]}<\/script>\n<!-- \/ Yoast SEO plugin. -->","yoast_head_json":{"title":"Empat a l&#039;amist\u00f3s entre CD X\u00e0bia i Safor Gandia (1-1) | R\u00e0dio Litoral","description":"Els blanc-i-vermells van mostrar una bona evoluci\u00f3 encara que li continua faltant concretar les ocasions de gol","robots":{"index":"index","follow":"follow","max-snippet":"max-snippet:-1","max-image-preview":"max-image-preview:large","max-video-preview":"max-video-preview:-1"},"canonical":"https:\/\/radiolitoral.com\/ca\/2024\/08\/empat-en-lamistos-entre-cd-javea-i-safor-gandia-1-1\/","og_locale":"ca_ES","og_type":"article","og_title":"Empat en l'amist\u00f3s entre CD J\u00e1vea i Safor Gand\u00eda (1-1) | R\u00e0dio Litoral","og_description":"Els blanc-i-vermells van mostrar una bona evoluci\u00f3 encara que li continua faltant concretar les ocasions de golEls blanc-i-vermells van mostrar una bona evoluci\u00f3 encara que li continua faltant concretar les ocasions de gol","og_url":"https:\/\/radiolitoral.com\/ca\/2024\/08\/empat-en-lamistos-entre-cd-javea-i-safor-gandia-1-1\/","og_site_name":"R\u00e0dio Litoral","article_publisher":"https:\/\/www.facebook.com\/Laradiolitoral\/","article_published_time":"2024-08-12T09:28:57+00:00","og_image":[{"width":1090,"height":749,"url":"https:\/\/media.radiolitoral.com\/wp-content\/uploads\/2024\/08\/12112728\/Once-del-CD-Javea-ante-Safor-Gandia.jpg","type":"image\/jpeg"}],"author":"Javier Zamora","twitter_card":"summary_large_image","twitter_misc":{"Escrit per":"Javier Zamora","Temps estimat de lectura":"3 minuts"},"schema":{"@context":"https:\/\/schema.org","@graph":[{"@type":"NewsArticle","@id":"https:\/\/radiolitoral.com\/2024\/08\/empat-en-lamistos-entre-cd-javea-i-safor-gandia-1-1\/#article","isPartOf":{"@id":"https:\/\/radiolitoral.com\/2024\/08\/empat-en-lamistos-entre-cd-javea-i-safor-gandia-1-1\/"},"author":{"name":"Javier Zamora","@id":"https:\/\/radiolitoral.com\/#\/schema\/person\/7b1480b5caeb5acdd4ec6379caf62b22"},"headline":"Empat en l&#8217;amist\u00f3s entre CD J\u00e1vea i Safor Gand\u00eda (1-1)","datePublished":"2024-08-12T09:28:57+00:00","mainEntityOfPage":{"@id":"https:\/\/radiolitoral.com\/2024\/08\/empat-en-lamistos-entre-cd-javea-i-safor-gandia-1-1\/"},"wordCount":495,"commentCount":0,"publisher":{"@id":"https:\/\/radiolitoral.com\/#organization"},"image":{"@id":"https:\/\/radiolitoral.com\/2024\/08\/empat-en-lamistos-entre-cd-javea-i-safor-gandia-1-1\/#primaryimage"},"thumbnailUrl":"https:\/\/media.radiolitoral.com\/wp-content\/uploads\/2024\/08\/12112728\/Once-del-CD-Javea-ante-Safor-Gandia.jpg","keywords":["CD J\u00e1vea","deportes","Julio Ivorra","Safor Gandia CF"],"articleSection":["Deportes"],"inLanguage":"ca","potentialAction":[{"@type":"CommentAction","name":"Comment","target":["https:\/\/radiolitoral.com\/2024\/08\/empat-en-lamistos-entre-cd-javea-i-safor-gandia-1-1\/#respond"]}]},{"@type":["WebPage","ItemPage"],"@id":"https:\/\/radiolitoral.com\/2024\/08\/empat-en-lamistos-entre-cd-javea-i-safor-gandia-1-1\/","url":"https:\/\/radiolitoral.com\/2024\/08\/empat-en-lamistos-entre-cd-javea-i-safor-gandia-1-1\/","name":"Empat a l&#039;amist\u00f3s entre CD X\u00e0bia i Safor Gandia (1-1) | R\u00e0dio Litoral","isPartOf":{"@id":"https:\/\/radiolitoral.com\/#website"},"primaryImageOfPage":{"@id":"https:\/\/radiolitoral.com\/2024\/08\/empat-en-lamistos-entre-cd-javea-i-safor-gandia-1-1\/#primaryimage"},"image":{"@id":"https:\/\/radiolitoral.com\/2024\/08\/empat-en-lamistos-entre-cd-javea-i-safor-gandia-1-1\/#primaryimage"},"thumbnailUrl":"https:\/\/media.radiolitoral.com\/wp-content\/uploads\/2024\/08\/12112728\/Once-del-CD-Javea-ante-Safor-Gandia.jpg","datePublished":"2024-08-12T09:28:57+00:00","description":"Els blanc-i-vermells van mostrar una bona evoluci\u00f3 encara que li continua faltant concretar les ocasions de gol","breadcrumb":{"@id":"https:\/\/radiolitoral.com\/2024\/08\/empat-en-lamistos-entre-cd-javea-i-safor-gandia-1-1\/#breadcrumb"},"inLanguage":"ca","potentialAction":[{"@type":"ReadAction","target":["https:\/\/radiolitoral.com\/2024\/08\/empat-en-lamistos-entre-cd-javea-i-safor-gandia-1-1\/"]}]},{"@type":"ImageObject","inLanguage":"ca","@id":"https:\/\/radiolitoral.com\/2024\/08\/empat-en-lamistos-entre-cd-javea-i-safor-gandia-1-1\/#primaryimage","url":"https:\/\/media.radiolitoral.com\/wp-content\/uploads\/2024\/08\/12112728\/Once-del-CD-Javea-ante-Safor-Gandia.jpg","contentUrl":"https:\/\/media.radiolitoral.com\/wp-content\/uploads\/2024\/08\/12112728\/Once-del-CD-Javea-ante-Safor-Gandia.jpg","width":1090,"height":749},{"@type":"BreadcrumbList","@id":"https:\/\/radiolitoral.com\/2024\/08\/empat-en-lamistos-entre-cd-javea-i-safor-gandia-1-1\/#breadcrumb","itemListElement":[{"@type":"ListItem","position":1,"name":"Portada","item":"https:\/\/radiolitoral.com\/"},{"@type":"ListItem","position":2,"name":"Empat en l&#8217;amist\u00f3s entre CD J\u00e1vea i Safor Gand\u00eda (1-1)"}]},{"@type":"WebSite","@id":"https:\/\/radiolitoral.com\/#website","url":"https:\/\/radiolitoral.com\/","name":"R\u00e0dio Litoral","description":"La r\u00e0dio local de la Marina Alta","publisher":{"@id":"https:\/\/radiolitoral.com\/#organization"},"alternateName":"Litoral FM","potentialAction":[{"@type":"SearchAction","target":{"@type":"EntryPoint","urlTemplate":"https:\/\/radiolitoral.com\/?s={search_term_string}"},"query-input":{"@type":"PropertyValueSpecification","valueRequired":true,"valueName":"search_term_string"}}],"inLanguage":"ca"},{"@type":"Organization","@id":"https:\/\/radiolitoral.com\/#organization","name":"R\u00e0dio Litoral","url":"https:\/\/radiolitoral.com\/","logo":{"@type":"ImageObject","inLanguage":"ca","@id":"https:\/\/radiolitoral.com\/#\/schema\/logo\/image\/","url":"https:\/\/media.radiolitoral.com\/wp-content\/uploads\/2023\/02\/24143238\/CL-V-RadioLitoral696.png","contentUrl":"https:\/\/media.radiolitoral.com\/wp-content\/uploads\/2023\/02\/24143238\/CL-V-RadioLitoral696.png","width":696,"height":696,"caption":"Radio Litoral"},"image":{"@id":"https:\/\/radiolitoral.com\/#\/schema\/logo\/image\/"},"sameAs":["https:\/\/www.facebook.com\/Laradiolitoral\/"]},{"@type":"Person","@id":"https:\/\/radiolitoral.com\/#\/schema\/person\/7b1480b5caeb5acdd4ec6379caf62b22","name":"Javier Zamora","image":{"@type":"ImageObject","inLanguage":"ca","@id":"https:\/\/secure.gravatar.com\/avatar\/467a11f6918c7d619c4043fc6fa2d3853053107973f05b6e9c04ea6c4e3a7b3f?s=96&d=mm&r=g","url":"https:\/\/secure.gravatar.com\/avatar\/467a11f6918c7d619c4043fc6fa2d3853053107973f05b6e9c04ea6c4e3a7b3f?s=96&d=mm&r=g","contentUrl":"https:\/\/secure.gravatar.com\/avatar\/467a11f6918c7d619c4043fc6fa2d3853053107973f05b6e9c04ea6c4e3a7b3f?s=96&d=mm&r=g","caption":"Javier Zamora"},"url":"https:\/\/radiolitoral.com\/ca\/author\/javier-zamora\/"}]}},"_links":{"self":[{"href":"https:\/\/radiolitoral.com\/ca\/wp-json\/wp\/v2\/posts\/10636","targetHints":{"allow":["GET"]}}],"collection":[{"href":"https:\/\/radiolitoral.com\/ca\/wp-json\/wp\/v2\/posts"}],"about":[{"href":"https:\/\/radiolitoral.com\/ca\/wp-json\/wp\/v2\/types\/post"}],"author":[{"embeddable":true,"href":"https:\/\/radiolitoral.com\/ca\/wp-json\/wp\/v2\/users\/12"}],"replies":[{"embeddable":true,"href":"https:\/\/radiolitoral.com\/ca\/wp-json\/wp\/v2\/comments?post=10636"}],"version-history":[{"count":2,"href":"https:\/\/radiolitoral.com\/ca\/wp-json\/wp\/v2\/posts\/10636\/revisions"}],"predecessor-version":[{"id":10640,"href":"https:\/\/radiolitoral.com\/ca\/wp-json\/wp\/v2\/posts\/10636\/revisions\/10640"}],"wp:featuredmedia":[{"embeddable":true,"href":"https:\/\/radiolitoral.com\/ca\/wp-json\/wp\/v2\/media\/10637"}],"wp:attachment":[{"href":"https:\/\/radiolitoral.com\/ca\/wp-json\/wp\/v2\/media?parent=10636"}],"wp:term":[{"taxonomy":"category","embeddable":true,"href":"https:\/\/radiolitoral.com\/ca\/wp-json\/wp\/v2\/categories?post=10636"},{"taxonomy":"post_tag","embeddable":true,"href":"https:\/\/radiolitoral.com\/ca\/wp-json\/wp\/v2\/tags?post=10636"}],"curies":[{"name":"wp","href":"https:\/\/api.w.org\/{rel}","templated":true}]}}