{"id":10630,"date":"2024-08-12T10:59:55","date_gmt":"2024-08-12T08:59:55","guid":{"rendered":"https:\/\/radiolitoral.com\/?p=10630"},"modified":"2024-08-12T10:59:55","modified_gmt":"2024-08-12T08:59:55","slug":"intensa-jornada-de-partits-de-pretemporada-al-futbol-comarcal-2","status":"publish","type":"post","link":"https:\/\/radiolitoral.com\/ca\/2024\/08\/intensa-jornada-de-partits-de-pretemporada-en-el-futbol-comarcal-2\/","title":{"rendered":"El CD D\u00e9nia perdr\u00e0 a casa de la UD Portuaris (3-1)"},"content":{"rendered":"<p>El <strong>CD D\u00e9nia<\/strong> arrancar\u00e0 la seva pretemporada de partits de preparacio amb una derrota per <strong>3-1<\/strong> davant la\u00a0<strong><span class=\"hiddenSpellError\">UD<\/span> Portuaris<\/strong>, un rival que milita dues categories per davall. La trobada, celebrada al camp del Grau de Gandia, va servir com un primer test per a l&#039;equip <span class=\"hiddenSpellError\">denier<\/span>, que va mostrar clares \u00e0rees de millora de cara a l&#039;inici de la temporada oficial.<\/p>\n<p><strong>Manca de rodatge<\/strong><\/p>\n<p>El partit va reflectir la manca de rodatge del CD D\u00e9nia, que a penes ha tingut unes poques sessions d&#039;entrenament sota la direcci\u00f3 del seu entrenador,\u00a0<strong><span class=\"hiddenSpellError\">Juanjo<\/span>\u00a0Antol\u00ed<\/strong>. Els locals van mostrar m\u00e9s espurna i cohesi\u00f3 al terreny de joc, aprofitant la seva compenetraci\u00f3 com a equip per superar un D\u00e9nia que encara est\u00e0 en proc\u00e9s de construcci\u00f3.<\/p>\n<p>Tot i el resultat, aquest tipus de trobades s\u00f3n fonamentals perqu\u00e8 Antol\u00ed comenci a perfilar la idea de joc de l&#039;equip i millori l&#039;estat f\u00edsic dels jugadors. La pretemporada \u00e9s l&#039;etapa id\u00f2nia per fer aquests ajustaments necessaris.<\/p>\n<p><strong>Noves Incorporacions<\/strong><\/p>\n<p>El CD D\u00e9nia ha refor\u00e7at la seva plantilla amb les incorporacions de\u00a0<span class=\"hiddenSpellError\">Navar<\/span>\u00a0Martos i Mario Feliu, els qui aportaran experi\u00e8ncia i frescor a l&#039;equip.<\/p>\n<p><strong><span class=\"hiddenSpellError\">Navar<\/span>\u00a0Dimarts:<\/strong> Amb 24 anys, aquest migcampista a dalt procedent del Villena CF. Al llarg de la seva carrera,\u00a0<span class=\"hiddenSpellError\">Navar<\/span>\u00a0ha acumulat experi\u00e8ncia en diverses divisions, des de la seva etapa juvenil al CD Ol\u00edmpic X\u00e0tiva a la Lliga Nacional, fins al seu pas per equips com la\u00a0<span class=\"hiddenSpellError\">UD<\/span>\u00a0Benig\u00e0nim a Tercera Divisi\u00f3, el\u00a0<span class=\"hiddenSpellError\">Racing<\/span>\u00a0Rafelcofer a Preferent, i el CF Alcoi a Primera Regional. Tot i que en la seva \u00faltima temporada amb el Villena CF no va aconseguir anotar, la seva capacitat de control al centre del camp ser\u00e0 vital per al CD D\u00e9nia.<\/p>\n<figure id=\"attachment_10632\" aria-describedby=\"caption-attachment-10632\" style=\"width: 1428px\" class=\"wp-caption alignnone\"><img loading=\"lazy\" decoding=\"async\" class=\"wp-image-10632 size-full\" src=\"https:\/\/media.radiolitoral.com\/wp-content\/uploads\/2024\/08\/12105900\/Mario-Feliu-junto-a-Toni-Lledo.jpg\" alt=\"\" width=\"1428\" height=\"856\" srcset=\"https:\/\/media.radiolitoral.com\/wp-content\/uploads\/2024\/08\/12105900\/Mario-Feliu-junto-a-Toni-Lledo.jpg 1428w, https:\/\/media.radiolitoral.com\/wp-content\/uploads\/2024\/08\/12105900\/Mario-Feliu-junto-a-Toni-Lledo-300x180.jpg 300w, https:\/\/media.radiolitoral.com\/wp-content\/uploads\/2024\/08\/12105900\/Mario-Feliu-junto-a-Toni-Lledo-1024x614.jpg 1024w, https:\/\/media.radiolitoral.com\/wp-content\/uploads\/2024\/08\/12105900\/Mario-Feliu-junto-a-Toni-Lledo-768x460.jpg 768w, https:\/\/media.radiolitoral.com\/wp-content\/uploads\/2024\/08\/12105900\/Mario-Feliu-junto-a-Toni-Lledo-18x12.jpg 18w, https:\/\/media.radiolitoral.com\/wp-content\/uploads\/2024\/08\/12105900\/Mario-Feliu-junto-a-Toni-Lledo-1000x599.jpg 1000w, https:\/\/media.radiolitoral.com\/wp-content\/uploads\/2024\/08\/12105900\/Mario-Feliu-junto-a-Toni-Lledo-100x60.jpg 100w, https:\/\/media.radiolitoral.com\/wp-content\/uploads\/2024\/08\/12105900\/Mario-Feliu-junto-a-Toni-Lledo-200x120.jpg 200w\" sizes=\"auto, (max-width: 1428px) 100vw, 1428px\" \/><figcaption id=\"caption-attachment-10632\" class=\"wp-caption-text\">Mario Feliu al costat de Toni Lled\u00f3 | CD D\u00e9nia<\/figcaption><\/figure>\n<p>&nbsp;<\/p>\n<p><strong>Mario Feliu:<\/strong> Originari de Gata de Gorgos, Feliu torna al CD D\u00e9nia despr\u00e9s de passar per la seva formaci\u00f3 juvenil al club. El seu darrer any com a juvenil el va disputar amb el CF Gandia, i la temporada passada va jugar al CD X\u00e0bia, on va participar en 22 partits i va marcar 2 gols. El seu coneixement de l&#039;entorn i experi\u00e8ncia local li permetran integrar-se r\u00e0pidament a l&#039;equip.<\/p>\n<p>El cam\u00ed cap a l&#039;inici de la temporada oficial \u00e9s ple de reptes per al CD D\u00e9nia. La derrota davant la\u00a0<span class=\"hiddenSpellError\">UD<\/span> Portuaris no ha de ser motiu d&#039;alarma, sin\u00f3 una oportunitat per identificar i corregir les debilitats de l&#039;equip. Amb les noves incorporacions i l&#039;enfocament en el desenvolupament f\u00edsic i t\u00e0ctic, Antol\u00ed i els seus jugadors buscaran millorar-ne el rendiment i establir una base s\u00f2lida per competir amb \u00e8xit a la lliga.<\/p>","protected":false},"excerpt":{"rendered":"<p>El CD D\u00e9nia va arrancar la seua pretemporada de partits de preparaci\u00f3 amb una derrota per 3-1 davant la\u00a0UD Portuarios, un rival que milita dos categories per davall. La trobada, celebrat en el camp del Grao de Gandia, va servir com un primer test per a l&#8217;equip dianense, que va mostrar clares \u00e0rees de millora [&#8230;]<\/p>\n<p><a class=\"btn btn-secondary understrap-read-more-link\" href=\"https:\/\/radiolitoral.com\/ca\/2024\/08\/intensa-jornada-de-partits-de-pretemporada-en-el-futbol-comarcal-2\/\">Continua llegint&#8230;<span class=\"screen-reader-text\"> from El CD D\u00e9nia va perdre a casa de la UD Portuaris (3-1)<\/span><\/a><\/p>\n","protected":false},"author":12,"featured_media":10631,"comment_status":"open","ping_status":"closed","sticky":false,"template":"","format":"standard","meta":{"_acf_changed":false,"inline_featured_image":false,"footnotes":""},"categories":[5],"tags":[893,895,1993,1992,1097],"class_list":["post-10630","post","type-post","status-publish","format-standard","has-post-thumbnail","hentry","category-deportes","tag-cd-denia","tag-juanjo-antoli","tag-mario-feliu","tag-navar-martos","tag-ud-portuarios","cobertura-denia"],"acf":[],"yoast_head":"<!-- This site is optimized with the Yoast SEO plugin v27.5 - https:\/\/yoast.com\/product\/yoast-seo-wordpress\/ -->\n<title>El CD D\u00e9nia va perdre a casa de la UD Portuaris (3-1) | R\u00e0dio Litoral<\/title>\n<meta name=\"description\" content=\"Els dianenses van acusar la falta d&#039;entrenaments sent superats pels locals\" \/>\n<meta name=\"robots\" content=\"index, follow, max-snippet:-1, max-image-preview:large, max-video-preview:-1\" \/>\n<link rel=\"canonical\" href=\"https:\/\/radiolitoral.com\/ca\/2024\/08\/intensa-jornada-de-partits-de-pretemporada-al-futbol-comarcal-2\/\" \/>\n<meta property=\"og:locale\" content=\"ca_ES\" \/>\n<meta property=\"og:type\" content=\"article\" \/>\n<meta property=\"og:title\" content=\"El CD D\u00e9nia va perdre a casa de la UD Portuaris (3-1) | R\u00e0dio Litoral\" \/>\n<meta property=\"og:description\" content=\"Els dianenses van acusar la falta d&#039;entrenaments sent superats pels locals\" \/>\n<meta property=\"og:url\" content=\"https:\/\/radiolitoral.com\/ca\/2024\/08\/intensa-jornada-de-partits-de-pretemporada-al-futbol-comarcal-2\/\" \/>\n<meta property=\"og:site_name\" content=\"R\u00e0dio Litoral\" \/>\n<meta property=\"article:publisher\" content=\"https:\/\/www.facebook.com\/Laradiolitoral\/\" \/>\n<meta property=\"article:published_time\" content=\"2024-08-12T08:59:55+00:00\" \/>\n<meta property=\"og:image\" content=\"https:\/\/media.radiolitoral.com\/wp-content\/uploads\/2024\/08\/12105451\/Navir-junto-a-Lledo-y-Benavente.jpg\" \/>\n\t<meta property=\"og:image:width\" content=\"1636\" \/>\n\t<meta property=\"og:image:height\" content=\"1048\" \/>\n\t<meta property=\"og:image:type\" content=\"image\/jpeg\" \/>\n<meta name=\"author\" content=\"Javier Zamora\" \/>\n<meta name=\"twitter:card\" content=\"summary_large_image\" \/>\n<meta name=\"twitter:label1\" content=\"Escrit per\" \/>\n\t<meta name=\"twitter:data1\" content=\"Javier Zamora\" \/>\n\t<meta name=\"twitter:label2\" content=\"Temps estimat de lectura\" \/>\n\t<meta name=\"twitter:data2\" content=\"3 minuts\" \/>\n<script type=\"application\/ld+json\" class=\"yoast-schema-graph\">{\"@context\":\"https:\\\/\\\/schema.org\",\"@graph\":[{\"@type\":\"NewsArticle\",\"@id\":\"https:\\\/\\\/radiolitoral.com\\\/2024\\\/08\\\/intensa-jornada-de-partits-de-pretemporada-en-el-futbol-comarcal-2\\\/#article\",\"isPartOf\":{\"@id\":\"https:\\\/\\\/radiolitoral.com\\\/2024\\\/08\\\/intensa-jornada-de-partits-de-pretemporada-en-el-futbol-comarcal-2\\\/\"},\"author\":{\"name\":\"Javier Zamora\",\"@id\":\"https:\\\/\\\/radiolitoral.com\\\/#\\\/schema\\\/person\\\/7b1480b5caeb5acdd4ec6379caf62b22\"},\"headline\":\"El CD D\u00e9nia va perdre a casa de la UD Portuaris (3-1)\",\"datePublished\":\"2024-08-12T08:59:55+00:00\",\"mainEntityOfPage\":{\"@id\":\"https:\\\/\\\/radiolitoral.com\\\/2024\\\/08\\\/intensa-jornada-de-partits-de-pretemporada-en-el-futbol-comarcal-2\\\/\"},\"wordCount\":502,\"commentCount\":0,\"publisher\":{\"@id\":\"https:\\\/\\\/radiolitoral.com\\\/#organization\"},\"image\":{\"@id\":\"https:\\\/\\\/radiolitoral.com\\\/2024\\\/08\\\/intensa-jornada-de-partits-de-pretemporada-en-el-futbol-comarcal-2\\\/#primaryimage\"},\"thumbnailUrl\":\"https:\\\/\\\/media.radiolitoral.com\\\/wp-content\\\/uploads\\\/2024\\\/08\\\/12105451\\\/Navir-junto-a-Lledo-y-Benavente.jpg\",\"keywords\":[\"CD D\u00e9nia\",\"Juanjo Antol\u00ed.\",\"Mario Feliu:\",\"Navar\u00a0Martos:\",\"UD Portuarios\"],\"articleSection\":[\"Deportes\"],\"inLanguage\":\"ca\",\"potentialAction\":[{\"@type\":\"CommentAction\",\"name\":\"Comment\",\"target\":[\"https:\\\/\\\/radiolitoral.com\\\/2024\\\/08\\\/intensa-jornada-de-partits-de-pretemporada-en-el-futbol-comarcal-2\\\/#respond\"]}]},{\"@type\":[\"WebPage\",\"ItemPage\"],\"@id\":\"https:\\\/\\\/radiolitoral.com\\\/2024\\\/08\\\/intensa-jornada-de-partits-de-pretemporada-en-el-futbol-comarcal-2\\\/\",\"url\":\"https:\\\/\\\/radiolitoral.com\\\/2024\\\/08\\\/intensa-jornada-de-partits-de-pretemporada-en-el-futbol-comarcal-2\\\/\",\"name\":\"El CD D\u00e9nia va perdre a casa de la UD Portuaris (3-1) | R\u00e0dio Litoral\",\"isPartOf\":{\"@id\":\"https:\\\/\\\/radiolitoral.com\\\/#website\"},\"primaryImageOfPage\":{\"@id\":\"https:\\\/\\\/radiolitoral.com\\\/2024\\\/08\\\/intensa-jornada-de-partits-de-pretemporada-en-el-futbol-comarcal-2\\\/#primaryimage\"},\"image\":{\"@id\":\"https:\\\/\\\/radiolitoral.com\\\/2024\\\/08\\\/intensa-jornada-de-partits-de-pretemporada-en-el-futbol-comarcal-2\\\/#primaryimage\"},\"thumbnailUrl\":\"https:\\\/\\\/media.radiolitoral.com\\\/wp-content\\\/uploads\\\/2024\\\/08\\\/12105451\\\/Navir-junto-a-Lledo-y-Benavente.jpg\",\"datePublished\":\"2024-08-12T08:59:55+00:00\",\"description\":\"Els dianenses van acusar la falta d'entrenaments sent superats pels locals\",\"breadcrumb\":{\"@id\":\"https:\\\/\\\/radiolitoral.com\\\/2024\\\/08\\\/intensa-jornada-de-partits-de-pretemporada-en-el-futbol-comarcal-2\\\/#breadcrumb\"},\"inLanguage\":\"ca\",\"potentialAction\":[{\"@type\":\"ReadAction\",\"target\":[\"https:\\\/\\\/radiolitoral.com\\\/2024\\\/08\\\/intensa-jornada-de-partits-de-pretemporada-en-el-futbol-comarcal-2\\\/\"]}]},{\"@type\":\"ImageObject\",\"inLanguage\":\"ca\",\"@id\":\"https:\\\/\\\/radiolitoral.com\\\/2024\\\/08\\\/intensa-jornada-de-partits-de-pretemporada-en-el-futbol-comarcal-2\\\/#primaryimage\",\"url\":\"https:\\\/\\\/media.radiolitoral.com\\\/wp-content\\\/uploads\\\/2024\\\/08\\\/12105451\\\/Navir-junto-a-Lledo-y-Benavente.jpg\",\"contentUrl\":\"https:\\\/\\\/media.radiolitoral.com\\\/wp-content\\\/uploads\\\/2024\\\/08\\\/12105451\\\/Navir-junto-a-Lledo-y-Benavente.jpg\",\"width\":1636,\"height\":1048},{\"@type\":\"BreadcrumbList\",\"@id\":\"https:\\\/\\\/radiolitoral.com\\\/2024\\\/08\\\/intensa-jornada-de-partits-de-pretemporada-en-el-futbol-comarcal-2\\\/#breadcrumb\",\"itemListElement\":[{\"@type\":\"ListItem\",\"position\":1,\"name\":\"Portada\",\"item\":\"https:\\\/\\\/radiolitoral.com\\\/\"},{\"@type\":\"ListItem\",\"position\":2,\"name\":\"El CD D\u00e9nia va perdre a casa de la UD Portuaris (3-1)\"}]},{\"@type\":\"WebSite\",\"@id\":\"https:\\\/\\\/radiolitoral.com\\\/#website\",\"url\":\"https:\\\/\\\/radiolitoral.com\\\/\",\"name\":\"Radio Litoral\",\"description\":\"La radio local de la Marina Alta\",\"publisher\":{\"@id\":\"https:\\\/\\\/radiolitoral.com\\\/#organization\"},\"alternateName\":\"Litoral FM\",\"potentialAction\":[{\"@type\":\"SearchAction\",\"target\":{\"@type\":\"EntryPoint\",\"urlTemplate\":\"https:\\\/\\\/radiolitoral.com\\\/?s={search_term_string}\"},\"query-input\":{\"@type\":\"PropertyValueSpecification\",\"valueRequired\":true,\"valueName\":\"search_term_string\"}}],\"inLanguage\":\"ca\"},{\"@type\":\"Organization\",\"@id\":\"https:\\\/\\\/radiolitoral.com\\\/#organization\",\"name\":\"Radio Litoral\",\"url\":\"https:\\\/\\\/radiolitoral.com\\\/\",\"logo\":{\"@type\":\"ImageObject\",\"inLanguage\":\"ca\",\"@id\":\"https:\\\/\\\/radiolitoral.com\\\/#\\\/schema\\\/logo\\\/image\\\/\",\"url\":\"https:\\\/\\\/media.radiolitoral.com\\\/wp-content\\\/uploads\\\/2023\\\/02\\\/24143238\\\/CL-V-RadioLitoral696.png\",\"contentUrl\":\"https:\\\/\\\/media.radiolitoral.com\\\/wp-content\\\/uploads\\\/2023\\\/02\\\/24143238\\\/CL-V-RadioLitoral696.png\",\"width\":696,\"height\":696,\"caption\":\"Radio Litoral\"},\"image\":{\"@id\":\"https:\\\/\\\/radiolitoral.com\\\/#\\\/schema\\\/logo\\\/image\\\/\"},\"sameAs\":[\"https:\\\/\\\/www.facebook.com\\\/Laradiolitoral\\\/\"]},{\"@type\":\"Person\",\"@id\":\"https:\\\/\\\/radiolitoral.com\\\/#\\\/schema\\\/person\\\/7b1480b5caeb5acdd4ec6379caf62b22\",\"name\":\"Javier Zamora\",\"image\":{\"@type\":\"ImageObject\",\"inLanguage\":\"ca\",\"@id\":\"https:\\\/\\\/secure.gravatar.com\\\/avatar\\\/467a11f6918c7d619c4043fc6fa2d3853053107973f05b6e9c04ea6c4e3a7b3f?s=96&d=mm&r=g\",\"url\":\"https:\\\/\\\/secure.gravatar.com\\\/avatar\\\/467a11f6918c7d619c4043fc6fa2d3853053107973f05b6e9c04ea6c4e3a7b3f?s=96&d=mm&r=g\",\"contentUrl\":\"https:\\\/\\\/secure.gravatar.com\\\/avatar\\\/467a11f6918c7d619c4043fc6fa2d3853053107973f05b6e9c04ea6c4e3a7b3f?s=96&d=mm&r=g\",\"caption\":\"Javier Zamora\"},\"url\":\"https:\\\/\\\/radiolitoral.com\\\/ca\\\/author\\\/javier-zamora\\\/\"}]}<\/script>\n<!-- \/ Yoast SEO plugin. -->","yoast_head_json":{"title":"El CD D\u00e9nia perdr\u00e0 a casa de la UD Portuaris (3-1) | R\u00e0dio Litoral","description":"Els dianencs van acusar la manca d&#039;entrenaments sent superats pels locals","robots":{"index":"index","follow":"follow","max-snippet":"max-snippet:-1","max-image-preview":"max-image-preview:large","max-video-preview":"max-video-preview:-1"},"canonical":"https:\/\/radiolitoral.com\/ca\/2024\/08\/intensa-jornada-de-partits-de-pretemporada-al-futbol-comarcal-2\/","og_locale":"ca_ES","og_type":"article","og_title":"El CD D\u00e9nia va perdre a casa de la UD Portuaris (3-1) | R\u00e0dio Litoral","og_description":"Els dianenses van acusar la falta d'entrenaments sent superats pels locals","og_url":"https:\/\/radiolitoral.com\/ca\/2024\/08\/intensa-jornada-de-partits-de-pretemporada-al-futbol-comarcal-2\/","og_site_name":"R\u00e0dio Litoral","article_publisher":"https:\/\/www.facebook.com\/Laradiolitoral\/","article_published_time":"2024-08-12T08:59:55+00:00","og_image":[{"width":1636,"height":1048,"url":"https:\/\/media.radiolitoral.com\/wp-content\/uploads\/2024\/08\/12105451\/Navir-junto-a-Lledo-y-Benavente.jpg","type":"image\/jpeg"}],"author":"Javier Zamora","twitter_card":"summary_large_image","twitter_misc":{"Escrit per":"Javier Zamora","Temps estimat de lectura":"3 minuts"},"schema":{"@context":"https:\/\/schema.org","@graph":[{"@type":"NewsArticle","@id":"https:\/\/radiolitoral.com\/2024\/08\/intensa-jornada-de-partits-de-pretemporada-en-el-futbol-comarcal-2\/#article","isPartOf":{"@id":"https:\/\/radiolitoral.com\/2024\/08\/intensa-jornada-de-partits-de-pretemporada-en-el-futbol-comarcal-2\/"},"author":{"name":"Javier Zamora","@id":"https:\/\/radiolitoral.com\/#\/schema\/person\/7b1480b5caeb5acdd4ec6379caf62b22"},"headline":"El CD D\u00e9nia va perdre a casa de la UD Portuaris (3-1)","datePublished":"2024-08-12T08:59:55+00:00","mainEntityOfPage":{"@id":"https:\/\/radiolitoral.com\/2024\/08\/intensa-jornada-de-partits-de-pretemporada-en-el-futbol-comarcal-2\/"},"wordCount":502,"commentCount":0,"publisher":{"@id":"https:\/\/radiolitoral.com\/#organization"},"image":{"@id":"https:\/\/radiolitoral.com\/2024\/08\/intensa-jornada-de-partits-de-pretemporada-en-el-futbol-comarcal-2\/#primaryimage"},"thumbnailUrl":"https:\/\/media.radiolitoral.com\/wp-content\/uploads\/2024\/08\/12105451\/Navir-junto-a-Lledo-y-Benavente.jpg","keywords":["CD D\u00e9nia","Juanjo Antol\u00ed.","Mario Feliu:","Navar\u00a0Martos:","UD Portuarios"],"articleSection":["Deportes"],"inLanguage":"ca","potentialAction":[{"@type":"CommentAction","name":"Comment","target":["https:\/\/radiolitoral.com\/2024\/08\/intensa-jornada-de-partits-de-pretemporada-en-el-futbol-comarcal-2\/#respond"]}]},{"@type":["WebPage","ItemPage"],"@id":"https:\/\/radiolitoral.com\/2024\/08\/intensa-jornada-de-partits-de-pretemporada-en-el-futbol-comarcal-2\/","url":"https:\/\/radiolitoral.com\/2024\/08\/intensa-jornada-de-partits-de-pretemporada-en-el-futbol-comarcal-2\/","name":"El CD D\u00e9nia perdr\u00e0 a casa de la UD Portuaris (3-1) | R\u00e0dio Litoral","isPartOf":{"@id":"https:\/\/radiolitoral.com\/#website"},"primaryImageOfPage":{"@id":"https:\/\/radiolitoral.com\/2024\/08\/intensa-jornada-de-partits-de-pretemporada-en-el-futbol-comarcal-2\/#primaryimage"},"image":{"@id":"https:\/\/radiolitoral.com\/2024\/08\/intensa-jornada-de-partits-de-pretemporada-en-el-futbol-comarcal-2\/#primaryimage"},"thumbnailUrl":"https:\/\/media.radiolitoral.com\/wp-content\/uploads\/2024\/08\/12105451\/Navir-junto-a-Lledo-y-Benavente.jpg","datePublished":"2024-08-12T08:59:55+00:00","description":"Els dianencs van acusar la manca d&#039;entrenaments sent superats pels locals","breadcrumb":{"@id":"https:\/\/radiolitoral.com\/2024\/08\/intensa-jornada-de-partits-de-pretemporada-en-el-futbol-comarcal-2\/#breadcrumb"},"inLanguage":"ca","potentialAction":[{"@type":"ReadAction","target":["https:\/\/radiolitoral.com\/2024\/08\/intensa-jornada-de-partits-de-pretemporada-en-el-futbol-comarcal-2\/"]}]},{"@type":"ImageObject","inLanguage":"ca","@id":"https:\/\/radiolitoral.com\/2024\/08\/intensa-jornada-de-partits-de-pretemporada-en-el-futbol-comarcal-2\/#primaryimage","url":"https:\/\/media.radiolitoral.com\/wp-content\/uploads\/2024\/08\/12105451\/Navir-junto-a-Lledo-y-Benavente.jpg","contentUrl":"https:\/\/media.radiolitoral.com\/wp-content\/uploads\/2024\/08\/12105451\/Navir-junto-a-Lledo-y-Benavente.jpg","width":1636,"height":1048},{"@type":"BreadcrumbList","@id":"https:\/\/radiolitoral.com\/2024\/08\/intensa-jornada-de-partits-de-pretemporada-en-el-futbol-comarcal-2\/#breadcrumb","itemListElement":[{"@type":"ListItem","position":1,"name":"Portada","item":"https:\/\/radiolitoral.com\/"},{"@type":"ListItem","position":2,"name":"El CD D\u00e9nia va perdre a casa de la UD Portuaris (3-1)"}]},{"@type":"WebSite","@id":"https:\/\/radiolitoral.com\/#website","url":"https:\/\/radiolitoral.com\/","name":"R\u00e0dio Litoral","description":"La r\u00e0dio local de la Marina Alta","publisher":{"@id":"https:\/\/radiolitoral.com\/#organization"},"alternateName":"Litoral FM","potentialAction":[{"@type":"SearchAction","target":{"@type":"EntryPoint","urlTemplate":"https:\/\/radiolitoral.com\/?s={search_term_string}"},"query-input":{"@type":"PropertyValueSpecification","valueRequired":true,"valueName":"search_term_string"}}],"inLanguage":"ca"},{"@type":"Organization","@id":"https:\/\/radiolitoral.com\/#organization","name":"R\u00e0dio Litoral","url":"https:\/\/radiolitoral.com\/","logo":{"@type":"ImageObject","inLanguage":"ca","@id":"https:\/\/radiolitoral.com\/#\/schema\/logo\/image\/","url":"https:\/\/media.radiolitoral.com\/wp-content\/uploads\/2023\/02\/24143238\/CL-V-RadioLitoral696.png","contentUrl":"https:\/\/media.radiolitoral.com\/wp-content\/uploads\/2023\/02\/24143238\/CL-V-RadioLitoral696.png","width":696,"height":696,"caption":"Radio Litoral"},"image":{"@id":"https:\/\/radiolitoral.com\/#\/schema\/logo\/image\/"},"sameAs":["https:\/\/www.facebook.com\/Laradiolitoral\/"]},{"@type":"Person","@id":"https:\/\/radiolitoral.com\/#\/schema\/person\/7b1480b5caeb5acdd4ec6379caf62b22","name":"Javier Zamora","image":{"@type":"ImageObject","inLanguage":"ca","@id":"https:\/\/secure.gravatar.com\/avatar\/467a11f6918c7d619c4043fc6fa2d3853053107973f05b6e9c04ea6c4e3a7b3f?s=96&d=mm&r=g","url":"https:\/\/secure.gravatar.com\/avatar\/467a11f6918c7d619c4043fc6fa2d3853053107973f05b6e9c04ea6c4e3a7b3f?s=96&d=mm&r=g","contentUrl":"https:\/\/secure.gravatar.com\/avatar\/467a11f6918c7d619c4043fc6fa2d3853053107973f05b6e9c04ea6c4e3a7b3f?s=96&d=mm&r=g","caption":"Javier Zamora"},"url":"https:\/\/radiolitoral.com\/ca\/author\/javier-zamora\/"}]}},"_links":{"self":[{"href":"https:\/\/radiolitoral.com\/ca\/wp-json\/wp\/v2\/posts\/10630","targetHints":{"allow":["GET"]}}],"collection":[{"href":"https:\/\/radiolitoral.com\/ca\/wp-json\/wp\/v2\/posts"}],"about":[{"href":"https:\/\/radiolitoral.com\/ca\/wp-json\/wp\/v2\/types\/post"}],"author":[{"embeddable":true,"href":"https:\/\/radiolitoral.com\/ca\/wp-json\/wp\/v2\/users\/12"}],"replies":[{"embeddable":true,"href":"https:\/\/radiolitoral.com\/ca\/wp-json\/wp\/v2\/comments?post=10630"}],"version-history":[{"count":2,"href":"https:\/\/radiolitoral.com\/ca\/wp-json\/wp\/v2\/posts\/10630\/revisions"}],"predecessor-version":[{"id":10634,"href":"https:\/\/radiolitoral.com\/ca\/wp-json\/wp\/v2\/posts\/10630\/revisions\/10634"}],"wp:featuredmedia":[{"embeddable":true,"href":"https:\/\/radiolitoral.com\/ca\/wp-json\/wp\/v2\/media\/10631"}],"wp:attachment":[{"href":"https:\/\/radiolitoral.com\/ca\/wp-json\/wp\/v2\/media?parent=10630"}],"wp:term":[{"taxonomy":"category","embeddable":true,"href":"https:\/\/radiolitoral.com\/ca\/wp-json\/wp\/v2\/categories?post=10630"},{"taxonomy":"post_tag","embeddable":true,"href":"https:\/\/radiolitoral.com\/ca\/wp-json\/wp\/v2\/tags?post=10630"}],"curies":[{"name":"wp","href":"https:\/\/api.w.org\/{rel}","templated":true}]}}