{"id":10614,"date":"2024-08-09T11:06:11","date_gmt":"2024-08-09T09:06:11","guid":{"rendered":"https:\/\/radiolitoral.com\/?p=10614"},"modified":"2024-08-12T12:05:47","modified_gmt":"2024-08-12T10:05:47","slug":"intensa-jornada-de-partits-de-pretemporada-al-futbol-comarcal","status":"publish","type":"post","link":"https:\/\/radiolitoral.com\/ca\/2024\/08\/intensa-jornada-de-partits-de-pretemporada-en-el-futbol-comarcal\/","title":{"rendered":"Intensa jornada de partits de pretemporada al futbol comarcal"},"content":{"rendered":"<p>El cap de setmana al m\u00f3n del futbol comarcal veu marcat per diversos partits de pretemporada que disputaran alguns dels nostres equips.<\/p>\n<p>Per aquest divendres, el <strong>CD D\u00e9nia<\/strong> \u00e9s mesurar\u00e0 a la\u00a0<strong><span class=\"hiddenSpellError\">UD<\/span> Portuaris<\/strong>, al camp \u201cFort Llopis\u201d del Grau de Gandia, a partir de les 20 hores. L&#039;entrenador <span class=\"hiddenSpellError\">denier<\/span>,\u00a0<strong><span class=\"hiddenSpellError\">Juanjo<\/span>\u00a0Antol\u00ed<\/strong>, amb tot just un parell de sessions d&#039;entrenament amb els seus jugadors t\u00e9 una complicada papereta. Els\u00a0<span class=\"hiddenSpellError\">dianencs<\/span> amb un grup d&#039;efectius que a penes es coneixen es mesuraran un equip que te un bloc molt semblant al de la temporada anterior.<\/p>\n<p>Mentre que la\u00a0<strong><span class=\"hiddenSpellError\">UD<\/span>\u00a0<span class=\"hiddenSpellError\">Calp<\/span><\/strong>\u00a0no te preparat partit cap pel qual els jugadors tindran un merescut descans despr\u00e9s de les dures sessions que han tingut al llarg dels entrenaments que han realitzat.<\/p>\n<p><strong>Equips Primera <span class=\"hiddenSpellError\">FFCV<\/span><\/strong><\/p>\n<p>En formacions que est\u00e0 temporada jugaran en aquesta categoria estan el <strong>CD X\u00e0bia<\/strong>, que \u00e9s un altre dels quals afronta partit aquesta mateixa tarda. Els homes que dirigeix <strong><span class=\"hiddenSpellError\">Juliol<\/span>\u00a0Ivorra<\/strong>, despr\u00e9s de caure en el seu debut davant el <strong>CF Benidorm<\/strong>, tornen al rectangle de joc del seu camp municipal a les 19.30 hores per jugar davant el <strong>CF Safor Gandia<\/strong>, equip de la Segona\u00a0<span class=\"hiddenSpellError\">FFCV<\/span>.<\/p>\n<p>Per part seva, el <strong>Pego CF<\/strong>, rep al seu camp del \u201cCervantes\u201d a les 20.30 hores al <strong>FB Teulada-Moraira<\/strong>, equip de la Tercera <span class=\"hiddenSpellError\">FFCV<\/span>. Els rotlles arriben a aquesta cita despr\u00e9s d&#039;adjudicar-se el Trofeu Festes de Simat.<\/p>\n<p><strong>Equips Segona <span class=\"hiddenSpellError\">FFCV<\/span><\/strong><\/p>\n<p>En aquesta categoria, el <strong>CF Orba<\/strong>, es mesura aquesta mateixa tarda, al seu camp \u201cMarjal\u201d a les 20.15, al <strong>CF Benitachell<\/strong>, equip de la Tercera <span class=\"hiddenSpellError\">FFCV<\/span>. La formaci\u00f3 d&#039;Orba afronta el primer partit de preparaci\u00f3.<\/p>\n<p>El <strong>CF Gorgos<\/strong>, que a penes porta unes sessions d&#039;entrenament no disputar\u00e0 partit de preparaci\u00f3, \u00e9s preferix esperar uns dies perqu\u00e8 els seus jugadors vagin adquirint millor forma f\u00edsica.<\/p>","protected":false},"excerpt":{"rendered":"<p>El cap de setmana en el m\u00f3n del futbol comarcal ve marcat per diversos partits de pretemporada que disputaran alguns dels nostres equips. Per a este divendres, el CD D\u00e9nia es mesurar\u00e0 a la\u00a0UD Portuarios, en el camp \u201cFort Llopis\u201d del Grao de Gandia, a partir de les 20 hores. L&#8217;entrenador dianense,\u00a0Juanjo\u00a0Antol\u00ed, amb tot just [&#8230;]<\/p>\n<p><a class=\"btn btn-secondary understrap-read-more-link\" href=\"https:\/\/radiolitoral.com\/ca\/2024\/08\/intensa-jornada-de-partits-de-pretemporada-en-el-futbol-comarcal\/\">Continua llegint&#8230;<span class=\"screen-reader-text\"> from Intensa jornada de partits de pretemporada en el futbol comarcal<\/span><\/a><\/p>\n","protected":false},"author":12,"featured_media":10615,"comment_status":"open","ping_status":"closed","sticky":false,"template":"","format":"standard","meta":{"_acf_changed":false,"inline_featured_image":false,"footnotes":""},"categories":[5],"tags":[893,1332,1046,1986,1985,1983,6,1098,895,1503,1984,889,1097],"class_list":["post-10614","post","type-post","status-publish","format-standard","has-post-thumbnail","hentry","category-deportes","tag-cd-denia","tag-cd-javea","tag-cf-benitachell","tag-cf-gorgos","tag-cf-orba","tag-cf-safor-gandia","tag-deportes","tag-fb-teulada-moraira","tag-juanjo-antoli","tag-julio-ivorra","tag-pego-cf","tag-ud-calpe","tag-ud-portuarios","cobertura-denia"],"acf":[],"yoast_head":"<!-- This site is optimized with the Yoast SEO plugin v27.5 - https:\/\/yoast.com\/product\/yoast-seo-wordpress\/ -->\n<title>Intensa jornada de partits de pretemporada en el futbol comarcal | R\u00e0dio Litoral<\/title>\n<meta name=\"description\" content=\"Els partits amistosos que servixen per a la posada a punt dels jugadors es jugaran en divendres Els xocs amistosos que servixen per a la posada a punt dels jugadors es jugaran en divendres\" \/>\n<meta name=\"robots\" content=\"index, follow, max-snippet:-1, max-image-preview:large, max-video-preview:-1\" \/>\n<link rel=\"canonical\" href=\"https:\/\/radiolitoral.com\/ca\/2024\/08\/intensa-jornada-de-partits-de-pretemporada-al-futbol-comarcal\/\" \/>\n<meta property=\"og:locale\" content=\"ca_ES\" \/>\n<meta property=\"og:type\" content=\"article\" \/>\n<meta property=\"og:title\" content=\"Intensa jornada de partits de pretemporada en el futbol comarcal | R\u00e0dio Litoral\" \/>\n<meta property=\"og:description\" content=\"Els partits amistosos que servixen per a la posada a punt dels jugadors es jugaran en divendres Els xocs amistosos que servixen per a la posada a punt dels jugadors es jugaran en divendres\" \/>\n<meta property=\"og:url\" content=\"https:\/\/radiolitoral.com\/ca\/2024\/08\/intensa-jornada-de-partits-de-pretemporada-al-futbol-comarcal\/\" \/>\n<meta property=\"og:site_name\" content=\"R\u00e0dio Litoral\" \/>\n<meta property=\"article:publisher\" content=\"https:\/\/www.facebook.com\/Laradiolitoral\/\" \/>\n<meta property=\"article:published_time\" content=\"2024-08-09T09:06:11+00:00\" \/>\n<meta property=\"article:modified_time\" content=\"2024-08-12T10:05:47+00:00\" \/>\n<meta property=\"og:image\" content=\"https:\/\/media.radiolitoral.com\/wp-content\/uploads\/2024\/08\/09105223\/Jugador-del-CD-Javea-intentando-controlar-el-balon.jpg\" \/>\n\t<meta property=\"og:image:width\" content=\"1211\" \/>\n\t<meta property=\"og:image:height\" content=\"711\" \/>\n\t<meta property=\"og:image:type\" content=\"image\/jpeg\" \/>\n<meta name=\"author\" content=\"Javier Zamora\" \/>\n<meta name=\"twitter:card\" content=\"summary_large_image\" \/>\n<meta name=\"twitter:label1\" content=\"Escrit per\" \/>\n\t<meta name=\"twitter:data1\" content=\"Javier Zamora\" \/>\n\t<meta name=\"twitter:label2\" content=\"Temps estimat de lectura\" \/>\n\t<meta name=\"twitter:data2\" content=\"2 minuts\" \/>\n<script type=\"application\/ld+json\" class=\"yoast-schema-graph\">{\"@context\":\"https:\\\/\\\/schema.org\",\"@graph\":[{\"@type\":\"NewsArticle\",\"@id\":\"https:\\\/\\\/radiolitoral.com\\\/2024\\\/08\\\/intensa-jornada-de-partits-de-pretemporada-en-el-futbol-comarcal\\\/#article\",\"isPartOf\":{\"@id\":\"https:\\\/\\\/radiolitoral.com\\\/2024\\\/08\\\/intensa-jornada-de-partits-de-pretemporada-en-el-futbol-comarcal\\\/\"},\"author\":{\"name\":\"Javier Zamora\",\"@id\":\"https:\\\/\\\/radiolitoral.com\\\/#\\\/schema\\\/person\\\/7b1480b5caeb5acdd4ec6379caf62b22\"},\"headline\":\"Intensa jornada de partits de pretemporada en el futbol comarcal\",\"datePublished\":\"2024-08-09T09:06:11+00:00\",\"dateModified\":\"2024-08-12T10:05:47+00:00\",\"mainEntityOfPage\":{\"@id\":\"https:\\\/\\\/radiolitoral.com\\\/2024\\\/08\\\/intensa-jornada-de-partits-de-pretemporada-en-el-futbol-comarcal\\\/\"},\"wordCount\":327,\"commentCount\":0,\"publisher\":{\"@id\":\"https:\\\/\\\/radiolitoral.com\\\/#organization\"},\"image\":{\"@id\":\"https:\\\/\\\/radiolitoral.com\\\/2024\\\/08\\\/intensa-jornada-de-partits-de-pretemporada-en-el-futbol-comarcal\\\/#primaryimage\"},\"thumbnailUrl\":\"https:\\\/\\\/media.radiolitoral.com\\\/wp-content\\\/uploads\\\/2024\\\/08\\\/09105223\\\/Jugador-del-CD-Javea-intentando-controlar-el-balon.jpg\",\"keywords\":[\"CD D\u00e9nia\",\"CD J\u00e1vea\",\"CF Benitachell\",\"CF Gorgos\",\"CF Orba\",\"CF Safor Gandia\",\"deportes\",\"FB Teulada-Moraira\",\"Juanjo Antol\u00ed.\",\"Julio Ivorra\",\"Pego CF\",\"UD Calpe\",\"UD Portuarios\"],\"articleSection\":[\"Deportes\"],\"inLanguage\":\"ca\",\"potentialAction\":[{\"@type\":\"CommentAction\",\"name\":\"Comment\",\"target\":[\"https:\\\/\\\/radiolitoral.com\\\/2024\\\/08\\\/intensa-jornada-de-partits-de-pretemporada-en-el-futbol-comarcal\\\/#respond\"]}]},{\"@type\":[\"WebPage\",\"ItemPage\"],\"@id\":\"https:\\\/\\\/radiolitoral.com\\\/2024\\\/08\\\/intensa-jornada-de-partits-de-pretemporada-en-el-futbol-comarcal\\\/\",\"url\":\"https:\\\/\\\/radiolitoral.com\\\/2024\\\/08\\\/intensa-jornada-de-partits-de-pretemporada-en-el-futbol-comarcal\\\/\",\"name\":\"Intensa jornada de partits de pretemporada en el futbol comarcal | R\u00e0dio Litoral\",\"isPartOf\":{\"@id\":\"https:\\\/\\\/radiolitoral.com\\\/#website\"},\"primaryImageOfPage\":{\"@id\":\"https:\\\/\\\/radiolitoral.com\\\/2024\\\/08\\\/intensa-jornada-de-partits-de-pretemporada-en-el-futbol-comarcal\\\/#primaryimage\"},\"image\":{\"@id\":\"https:\\\/\\\/radiolitoral.com\\\/2024\\\/08\\\/intensa-jornada-de-partits-de-pretemporada-en-el-futbol-comarcal\\\/#primaryimage\"},\"thumbnailUrl\":\"https:\\\/\\\/media.radiolitoral.com\\\/wp-content\\\/uploads\\\/2024\\\/08\\\/09105223\\\/Jugador-del-CD-Javea-intentando-controlar-el-balon.jpg\",\"datePublished\":\"2024-08-09T09:06:11+00:00\",\"dateModified\":\"2024-08-12T10:05:47+00:00\",\"description\":\"Els partits amistosos que servixen per a la posada a punt dels jugadors es jugaran en divendres Els xocs amistosos que servixen per a la posada a punt dels jugadors es jugaran en divendres\",\"breadcrumb\":{\"@id\":\"https:\\\/\\\/radiolitoral.com\\\/2024\\\/08\\\/intensa-jornada-de-partits-de-pretemporada-en-el-futbol-comarcal\\\/#breadcrumb\"},\"inLanguage\":\"ca\",\"potentialAction\":[{\"@type\":\"ReadAction\",\"target\":[\"https:\\\/\\\/radiolitoral.com\\\/2024\\\/08\\\/intensa-jornada-de-partits-de-pretemporada-en-el-futbol-comarcal\\\/\"]}]},{\"@type\":\"ImageObject\",\"inLanguage\":\"ca\",\"@id\":\"https:\\\/\\\/radiolitoral.com\\\/2024\\\/08\\\/intensa-jornada-de-partits-de-pretemporada-en-el-futbol-comarcal\\\/#primaryimage\",\"url\":\"https:\\\/\\\/media.radiolitoral.com\\\/wp-content\\\/uploads\\\/2024\\\/08\\\/09105223\\\/Jugador-del-CD-Javea-intentando-controlar-el-balon.jpg\",\"contentUrl\":\"https:\\\/\\\/media.radiolitoral.com\\\/wp-content\\\/uploads\\\/2024\\\/08\\\/09105223\\\/Jugador-del-CD-Javea-intentando-controlar-el-balon.jpg\",\"width\":1211,\"height\":711},{\"@type\":\"BreadcrumbList\",\"@id\":\"https:\\\/\\\/radiolitoral.com\\\/2024\\\/08\\\/intensa-jornada-de-partits-de-pretemporada-en-el-futbol-comarcal\\\/#breadcrumb\",\"itemListElement\":[{\"@type\":\"ListItem\",\"position\":1,\"name\":\"Portada\",\"item\":\"https:\\\/\\\/radiolitoral.com\\\/\"},{\"@type\":\"ListItem\",\"position\":2,\"name\":\"Intensa jornada de partits de pretemporada en el futbol comarcal\"}]},{\"@type\":\"WebSite\",\"@id\":\"https:\\\/\\\/radiolitoral.com\\\/#website\",\"url\":\"https:\\\/\\\/radiolitoral.com\\\/\",\"name\":\"Radio Litoral\",\"description\":\"La radio local de la Marina Alta\",\"publisher\":{\"@id\":\"https:\\\/\\\/radiolitoral.com\\\/#organization\"},\"alternateName\":\"Litoral FM\",\"potentialAction\":[{\"@type\":\"SearchAction\",\"target\":{\"@type\":\"EntryPoint\",\"urlTemplate\":\"https:\\\/\\\/radiolitoral.com\\\/?s={search_term_string}\"},\"query-input\":{\"@type\":\"PropertyValueSpecification\",\"valueRequired\":true,\"valueName\":\"search_term_string\"}}],\"inLanguage\":\"ca\"},{\"@type\":\"Organization\",\"@id\":\"https:\\\/\\\/radiolitoral.com\\\/#organization\",\"name\":\"Radio Litoral\",\"url\":\"https:\\\/\\\/radiolitoral.com\\\/\",\"logo\":{\"@type\":\"ImageObject\",\"inLanguage\":\"ca\",\"@id\":\"https:\\\/\\\/radiolitoral.com\\\/#\\\/schema\\\/logo\\\/image\\\/\",\"url\":\"https:\\\/\\\/media.radiolitoral.com\\\/wp-content\\\/uploads\\\/2023\\\/02\\\/24143238\\\/CL-V-RadioLitoral696.png\",\"contentUrl\":\"https:\\\/\\\/media.radiolitoral.com\\\/wp-content\\\/uploads\\\/2023\\\/02\\\/24143238\\\/CL-V-RadioLitoral696.png\",\"width\":696,\"height\":696,\"caption\":\"Radio Litoral\"},\"image\":{\"@id\":\"https:\\\/\\\/radiolitoral.com\\\/#\\\/schema\\\/logo\\\/image\\\/\"},\"sameAs\":[\"https:\\\/\\\/www.facebook.com\\\/Laradiolitoral\\\/\"]},{\"@type\":\"Person\",\"@id\":\"https:\\\/\\\/radiolitoral.com\\\/#\\\/schema\\\/person\\\/7b1480b5caeb5acdd4ec6379caf62b22\",\"name\":\"Javier Zamora\",\"image\":{\"@type\":\"ImageObject\",\"inLanguage\":\"ca\",\"@id\":\"https:\\\/\\\/secure.gravatar.com\\\/avatar\\\/467a11f6918c7d619c4043fc6fa2d3853053107973f05b6e9c04ea6c4e3a7b3f?s=96&d=mm&r=g\",\"url\":\"https:\\\/\\\/secure.gravatar.com\\\/avatar\\\/467a11f6918c7d619c4043fc6fa2d3853053107973f05b6e9c04ea6c4e3a7b3f?s=96&d=mm&r=g\",\"contentUrl\":\"https:\\\/\\\/secure.gravatar.com\\\/avatar\\\/467a11f6918c7d619c4043fc6fa2d3853053107973f05b6e9c04ea6c4e3a7b3f?s=96&d=mm&r=g\",\"caption\":\"Javier Zamora\"},\"url\":\"https:\\\/\\\/radiolitoral.com\\\/ca\\\/author\\\/javier-zamora\\\/\"}]}<\/script>\n<!-- \/ Yoast SEO plugin. -->","yoast_head_json":{"title":"Intensa jornada de partits de pretemporada al futbol comarcal | R\u00e0dio Litoral","description":"Els partits amistosos que serveixen per a la posada a punt dels jugadors es jugaran al divendres Els xocs amistosos que serveixen per a la posada a punt dels jugadors es jugaran al divendres","robots":{"index":"index","follow":"follow","max-snippet":"max-snippet:-1","max-image-preview":"max-image-preview:large","max-video-preview":"max-video-preview:-1"},"canonical":"https:\/\/radiolitoral.com\/ca\/2024\/08\/intensa-jornada-de-partits-de-pretemporada-al-futbol-comarcal\/","og_locale":"ca_ES","og_type":"article","og_title":"Intensa jornada de partits de pretemporada en el futbol comarcal | R\u00e0dio Litoral","og_description":"Els partits amistosos que servixen per a la posada a punt dels jugadors es jugaran en divendres Els xocs amistosos que servixen per a la posada a punt dels jugadors es jugaran en divendres","og_url":"https:\/\/radiolitoral.com\/ca\/2024\/08\/intensa-jornada-de-partits-de-pretemporada-al-futbol-comarcal\/","og_site_name":"R\u00e0dio Litoral","article_publisher":"https:\/\/www.facebook.com\/Laradiolitoral\/","article_published_time":"2024-08-09T09:06:11+00:00","article_modified_time":"2024-08-12T10:05:47+00:00","og_image":[{"width":1211,"height":711,"url":"https:\/\/media.radiolitoral.com\/wp-content\/uploads\/2024\/08\/09105223\/Jugador-del-CD-Javea-intentando-controlar-el-balon.jpg","type":"image\/jpeg"}],"author":"Javier Zamora","twitter_card":"summary_large_image","twitter_misc":{"Escrit per":"Javier Zamora","Temps estimat de lectura":"2 minuts"},"schema":{"@context":"https:\/\/schema.org","@graph":[{"@type":"NewsArticle","@id":"https:\/\/radiolitoral.com\/2024\/08\/intensa-jornada-de-partits-de-pretemporada-en-el-futbol-comarcal\/#article","isPartOf":{"@id":"https:\/\/radiolitoral.com\/2024\/08\/intensa-jornada-de-partits-de-pretemporada-en-el-futbol-comarcal\/"},"author":{"name":"Javier Zamora","@id":"https:\/\/radiolitoral.com\/#\/schema\/person\/7b1480b5caeb5acdd4ec6379caf62b22"},"headline":"Intensa jornada de partits de pretemporada en el futbol comarcal","datePublished":"2024-08-09T09:06:11+00:00","dateModified":"2024-08-12T10:05:47+00:00","mainEntityOfPage":{"@id":"https:\/\/radiolitoral.com\/2024\/08\/intensa-jornada-de-partits-de-pretemporada-en-el-futbol-comarcal\/"},"wordCount":327,"commentCount":0,"publisher":{"@id":"https:\/\/radiolitoral.com\/#organization"},"image":{"@id":"https:\/\/radiolitoral.com\/2024\/08\/intensa-jornada-de-partits-de-pretemporada-en-el-futbol-comarcal\/#primaryimage"},"thumbnailUrl":"https:\/\/media.radiolitoral.com\/wp-content\/uploads\/2024\/08\/09105223\/Jugador-del-CD-Javea-intentando-controlar-el-balon.jpg","keywords":["CD D\u00e9nia","CD J\u00e1vea","CF Benitachell","CF Gorgos","CF Orba","CF Safor Gandia","deportes","FB Teulada-Moraira","Juanjo Antol\u00ed.","Julio Ivorra","Pego CF","UD Calpe","UD Portuarios"],"articleSection":["Deportes"],"inLanguage":"ca","potentialAction":[{"@type":"CommentAction","name":"Comment","target":["https:\/\/radiolitoral.com\/2024\/08\/intensa-jornada-de-partits-de-pretemporada-en-el-futbol-comarcal\/#respond"]}]},{"@type":["WebPage","ItemPage"],"@id":"https:\/\/radiolitoral.com\/2024\/08\/intensa-jornada-de-partits-de-pretemporada-en-el-futbol-comarcal\/","url":"https:\/\/radiolitoral.com\/2024\/08\/intensa-jornada-de-partits-de-pretemporada-en-el-futbol-comarcal\/","name":"Intensa jornada de partits de pretemporada al futbol comarcal | R\u00e0dio Litoral","isPartOf":{"@id":"https:\/\/radiolitoral.com\/#website"},"primaryImageOfPage":{"@id":"https:\/\/radiolitoral.com\/2024\/08\/intensa-jornada-de-partits-de-pretemporada-en-el-futbol-comarcal\/#primaryimage"},"image":{"@id":"https:\/\/radiolitoral.com\/2024\/08\/intensa-jornada-de-partits-de-pretemporada-en-el-futbol-comarcal\/#primaryimage"},"thumbnailUrl":"https:\/\/media.radiolitoral.com\/wp-content\/uploads\/2024\/08\/09105223\/Jugador-del-CD-Javea-intentando-controlar-el-balon.jpg","datePublished":"2024-08-09T09:06:11+00:00","dateModified":"2024-08-12T10:05:47+00:00","description":"Els partits amistosos que serveixen per a la posada a punt dels jugadors es jugaran al divendres Els xocs amistosos que serveixen per a la posada a punt dels jugadors es jugaran al divendres","breadcrumb":{"@id":"https:\/\/radiolitoral.com\/2024\/08\/intensa-jornada-de-partits-de-pretemporada-en-el-futbol-comarcal\/#breadcrumb"},"inLanguage":"ca","potentialAction":[{"@type":"ReadAction","target":["https:\/\/radiolitoral.com\/2024\/08\/intensa-jornada-de-partits-de-pretemporada-en-el-futbol-comarcal\/"]}]},{"@type":"ImageObject","inLanguage":"ca","@id":"https:\/\/radiolitoral.com\/2024\/08\/intensa-jornada-de-partits-de-pretemporada-en-el-futbol-comarcal\/#primaryimage","url":"https:\/\/media.radiolitoral.com\/wp-content\/uploads\/2024\/08\/09105223\/Jugador-del-CD-Javea-intentando-controlar-el-balon.jpg","contentUrl":"https:\/\/media.radiolitoral.com\/wp-content\/uploads\/2024\/08\/09105223\/Jugador-del-CD-Javea-intentando-controlar-el-balon.jpg","width":1211,"height":711},{"@type":"BreadcrumbList","@id":"https:\/\/radiolitoral.com\/2024\/08\/intensa-jornada-de-partits-de-pretemporada-en-el-futbol-comarcal\/#breadcrumb","itemListElement":[{"@type":"ListItem","position":1,"name":"Portada","item":"https:\/\/radiolitoral.com\/"},{"@type":"ListItem","position":2,"name":"Intensa jornada de partits de pretemporada en el futbol comarcal"}]},{"@type":"WebSite","@id":"https:\/\/radiolitoral.com\/#website","url":"https:\/\/radiolitoral.com\/","name":"R\u00e0dio Litoral","description":"La r\u00e0dio local de la Marina Alta","publisher":{"@id":"https:\/\/radiolitoral.com\/#organization"},"alternateName":"Litoral FM","potentialAction":[{"@type":"SearchAction","target":{"@type":"EntryPoint","urlTemplate":"https:\/\/radiolitoral.com\/?s={search_term_string}"},"query-input":{"@type":"PropertyValueSpecification","valueRequired":true,"valueName":"search_term_string"}}],"inLanguage":"ca"},{"@type":"Organization","@id":"https:\/\/radiolitoral.com\/#organization","name":"R\u00e0dio Litoral","url":"https:\/\/radiolitoral.com\/","logo":{"@type":"ImageObject","inLanguage":"ca","@id":"https:\/\/radiolitoral.com\/#\/schema\/logo\/image\/","url":"https:\/\/media.radiolitoral.com\/wp-content\/uploads\/2023\/02\/24143238\/CL-V-RadioLitoral696.png","contentUrl":"https:\/\/media.radiolitoral.com\/wp-content\/uploads\/2023\/02\/24143238\/CL-V-RadioLitoral696.png","width":696,"height":696,"caption":"Radio Litoral"},"image":{"@id":"https:\/\/radiolitoral.com\/#\/schema\/logo\/image\/"},"sameAs":["https:\/\/www.facebook.com\/Laradiolitoral\/"]},{"@type":"Person","@id":"https:\/\/radiolitoral.com\/#\/schema\/person\/7b1480b5caeb5acdd4ec6379caf62b22","name":"Javier Zamora","image":{"@type":"ImageObject","inLanguage":"ca","@id":"https:\/\/secure.gravatar.com\/avatar\/467a11f6918c7d619c4043fc6fa2d3853053107973f05b6e9c04ea6c4e3a7b3f?s=96&d=mm&r=g","url":"https:\/\/secure.gravatar.com\/avatar\/467a11f6918c7d619c4043fc6fa2d3853053107973f05b6e9c04ea6c4e3a7b3f?s=96&d=mm&r=g","contentUrl":"https:\/\/secure.gravatar.com\/avatar\/467a11f6918c7d619c4043fc6fa2d3853053107973f05b6e9c04ea6c4e3a7b3f?s=96&d=mm&r=g","caption":"Javier Zamora"},"url":"https:\/\/radiolitoral.com\/ca\/author\/javier-zamora\/"}]}},"_links":{"self":[{"href":"https:\/\/radiolitoral.com\/ca\/wp-json\/wp\/v2\/posts\/10614","targetHints":{"allow":["GET"]}}],"collection":[{"href":"https:\/\/radiolitoral.com\/ca\/wp-json\/wp\/v2\/posts"}],"about":[{"href":"https:\/\/radiolitoral.com\/ca\/wp-json\/wp\/v2\/types\/post"}],"author":[{"embeddable":true,"href":"https:\/\/radiolitoral.com\/ca\/wp-json\/wp\/v2\/users\/12"}],"replies":[{"embeddable":true,"href":"https:\/\/radiolitoral.com\/ca\/wp-json\/wp\/v2\/comments?post=10614"}],"version-history":[{"count":3,"href":"https:\/\/radiolitoral.com\/ca\/wp-json\/wp\/v2\/posts\/10614\/revisions"}],"predecessor-version":[{"id":10645,"href":"https:\/\/radiolitoral.com\/ca\/wp-json\/wp\/v2\/posts\/10614\/revisions\/10645"}],"wp:featuredmedia":[{"embeddable":true,"href":"https:\/\/radiolitoral.com\/ca\/wp-json\/wp\/v2\/media\/10615"}],"wp:attachment":[{"href":"https:\/\/radiolitoral.com\/ca\/wp-json\/wp\/v2\/media?parent=10614"}],"wp:term":[{"taxonomy":"category","embeddable":true,"href":"https:\/\/radiolitoral.com\/ca\/wp-json\/wp\/v2\/categories?post=10614"},{"taxonomy":"post_tag","embeddable":true,"href":"https:\/\/radiolitoral.com\/ca\/wp-json\/wp\/v2\/tags?post=10614"}],"curies":[{"name":"wp","href":"https:\/\/api.w.org\/{rel}","templated":true}]}}