{"id":1059,"date":"2023-03-01T18:01:18","date_gmt":"2023-03-01T17:01:18","guid":{"rendered":"https:\/\/radiolitoral.com\/?p=1059"},"modified":"2023-03-01T18:13:20","modified_gmt":"2023-03-01T17:13:20","slug":"benissa-ultima-els-preparatius-de-cara-a-les-trobades-2023","status":"publish","type":"post","link":"https:\/\/radiolitoral.com\/ca\/2023\/03\/benissa-ultima-los-preparativos-de-cara-a-las-trobades-2023\/","title":{"rendered":"Benissa ultima els preparatius de cara a les Trobades 2023"},"content":{"rendered":"<p>Benissa, acull aquest mes de<strong> mar\u00e7, dissabte 25<\/strong>, els <strong>Trobades 2023<\/strong>. Des de l&#039;ajuntament, la <strong>regidoria d&#039;Educaci\u00f3 i amb la CAPEVV Marina Alta<\/strong>, s&#039;est\u00e0 treballant de manera coordinada perqu\u00e8 aquesta important cita per a les escoles i l&#039;educaci\u00f3 en valenci\u00e0 sigui tot un \u00e8xit. Una convocat\u00f2ria que espera reunir m\u00e9s de 10.000 persones.<\/p>\n<p>L&#039;acte de <strong>inauguraci\u00f3<\/strong> se celebrar\u00e0 el proper <strong>10 de mar\u00e7 al Centre d&#039;Art Taller d&#039;Ivars<\/strong> amb el lliurament dels <strong>Premis Sambori<\/strong>, un concurs de literatura en valenci\u00e0.<\/p>\n<p>En aquesta edici\u00f3 de la Trobada es pret\u00e9n <strong>\u201crecuperar el verd\u201d<\/strong> amb la figura protagonista de la <strong>mestra, escriptora, ecofeminista i activista de la llengua, Carme Miquel<\/strong>. Amb un contingut marcat de sensibilitzaci\u00f3 mediambiental, l&#039;organitzaci\u00f3 aspira a donar continu\u00eftat al llegat cultural d&#039;una dona que ser\u00e0 la imatge corporativa de les samarretes que vestiran les persones participants.<\/p>\n<p>En ple compte enrere per a aquesta gran cita, el regidor d&#039;Educaci\u00f3, Adri\u00e1n Cabrera, avan\u00e7a que es duran a terme <strong>exposicions, tallers, les tradicionals balconades<\/strong>\u2026 una \u00e0mplia programaci\u00f3 que ben aviat es far\u00e0 p\u00fablica.<\/p>\n<p><strong>Escolta l\u00b4entrevista amb l\u00b4edil d\u00b4Educaci\u00f3 de l\u00b4ajuntament de Benissa, Adri\u00e1n Cabrera:<\/strong><\/p>\n<audio class=\"wp-audio-shortcode\" id=\"audio-1059-1\" preload=\"none\" style=\"width: 100%;\" controls=\"controls\"><source type=\"audio\/mpeg\" src=\"https:\/\/media.radiolitoral.com\/wp-content\/uploads\/2023\/03\/01181250\/Adrian-Cabrera-Trobades.mp3?_=1\" \/><a href=\"https:\/\/media.radiolitoral.com\/wp-content\/uploads\/2023\/03\/01181250\/Adrian-Cabrera-Trobades.mp3\">https:\/\/media.radiolitoral.com\/wp-content\/uploads\/2023\/03\/01181250\/Adrian-Cabrera-Trobades.mp3<\/a><\/audio>\n<p>&nbsp;<\/p>","protected":false},"excerpt":{"rendered":"<p>Benissa, acoge este mes de marzo, el s\u00e1bado 25, les Trobades 2023. Desde el ayuntamiento, la concejal\u00eda de Educaci\u00f3n y con la CAPEVV Marina Alta, se est\u00e1 trabajando de forma coordinada para que esta importante cita para las escuelas y la educaci\u00f3n en valenciano sea todo un \u00e9xito. Una convocatoria que espera reunir a m\u00e1s [&#8230;]<\/p>\n<p><a class=\"btn btn-secondary understrap-read-more-link\" href=\"https:\/\/radiolitoral.com\/ca\/2023\/03\/benissa-ultima-los-preparativos-de-cara-a-las-trobades-2023\/\">Continua llegint&#8230;<span class=\"screen-reader-text\"> from Benissa ultima los preparativos de cara a las Trobades 2023<\/span><\/a><\/p>\n","protected":false},"author":13,"featured_media":1060,"comment_status":"open","ping_status":"closed","sticky":false,"template":"","format":"standard","meta":{"_acf_changed":false,"inline_featured_image":false,"footnotes":""},"categories":[55],"tags":[138,126,139,140,136,137],"class_list":["post-1059","post","type-post","status-publish","format-standard","has-post-thumbnail","hentry","category-cultura","tag-agenda-cultural-benissa","tag-benissa","tag-ocio-benissa","tag-premis-sambori","tag-trobades","tag-trobades-2023","cobertura-benissa"],"acf":[],"yoast_head":"<!-- This site is optimized with the Yoast SEO plugin v27.5 - https:\/\/yoast.com\/product\/yoast-seo-wordpress\/ -->\n<title>Benissa ultima los preparativos de cara a las Trobades 2023 | R\u00e0dio Litoral<\/title>\n<meta name=\"description\" content=\"Los Premis Sambori, concurso de literatura valenciana, marca la inauguraci\u00f3n el pr\u00f3ximo 10 de marzo\" \/>\n<meta name=\"robots\" content=\"index, follow, max-snippet:-1, max-image-preview:large, max-video-preview:-1\" \/>\n<link rel=\"canonical\" href=\"https:\/\/radiolitoral.com\/ca\/2023\/03\/benissa-ultima-els-preparatius-de-cara-a-les-trobades-2023\/\" \/>\n<meta property=\"og:locale\" content=\"ca_ES\" \/>\n<meta property=\"og:type\" content=\"article\" \/>\n<meta property=\"og:title\" content=\"Benissa ultima los preparativos de cara a las Trobades 2023 | R\u00e0dio Litoral\" \/>\n<meta property=\"og:description\" content=\"Los Premis Sambori, concurso de literatura valenciana, marca la inauguraci\u00f3n el pr\u00f3ximo 10 de marzo\" \/>\n<meta property=\"og:url\" content=\"https:\/\/radiolitoral.com\/ca\/2023\/03\/benissa-ultima-els-preparatius-de-cara-a-les-trobades-2023\/\" \/>\n<meta property=\"og:site_name\" content=\"R\u00e0dio Litoral\" \/>\n<meta property=\"article:publisher\" content=\"https:\/\/www.facebook.com\/Laradiolitoral\/\" \/>\n<meta property=\"article:published_time\" content=\"2023-03-01T17:01:18+00:00\" \/>\n<meta property=\"article:modified_time\" content=\"2023-03-01T17:13:20+00:00\" \/>\n<meta property=\"og:image\" content=\"https:\/\/media.radiolitoral.com\/wp-content\/uploads\/2023\/03\/01180110\/Trobades.jpg\" \/>\n\t<meta property=\"og:image:width\" content=\"510\" \/>\n\t<meta property=\"og:image:height\" content=\"711\" \/>\n\t<meta property=\"og:image:type\" content=\"image\/jpeg\" \/>\n<meta name=\"author\" content=\"Redacci\u00f3n\" \/>\n<meta name=\"twitter:card\" content=\"summary_large_image\" \/>\n<meta name=\"twitter:label1\" content=\"Escrit per\" \/>\n\t<meta name=\"twitter:data1\" content=\"Redacci\u00f3n\" \/>\n\t<meta name=\"twitter:label2\" content=\"Temps estimat de lectura\" \/>\n\t<meta name=\"twitter:data2\" content=\"1 minut\" \/>\n<script type=\"application\/ld+json\" class=\"yoast-schema-graph\">{\"@context\":\"https:\\\/\\\/schema.org\",\"@graph\":[{\"@type\":\"NewsArticle\",\"@id\":\"https:\\\/\\\/radiolitoral.com\\\/2023\\\/03\\\/benissa-ultima-los-preparativos-de-cara-a-las-trobades-2023\\\/#article\",\"isPartOf\":{\"@id\":\"https:\\\/\\\/radiolitoral.com\\\/2023\\\/03\\\/benissa-ultima-los-preparativos-de-cara-a-las-trobades-2023\\\/\"},\"author\":{\"name\":\"Redacci\u00f3n\",\"@id\":\"https:\\\/\\\/radiolitoral.com\\\/#\\\/schema\\\/person\\\/f2b2343c49b5d721857cc1002bfdb151\"},\"headline\":\"Benissa ultima los preparativos de cara a las Trobades 2023\",\"datePublished\":\"2023-03-01T17:01:18+00:00\",\"dateModified\":\"2023-03-01T17:13:20+00:00\",\"mainEntityOfPage\":{\"@id\":\"https:\\\/\\\/radiolitoral.com\\\/2023\\\/03\\\/benissa-ultima-los-preparativos-de-cara-a-las-trobades-2023\\\/\"},\"wordCount\":233,\"commentCount\":0,\"publisher\":{\"@id\":\"https:\\\/\\\/radiolitoral.com\\\/#organization\"},\"image\":{\"@id\":\"https:\\\/\\\/radiolitoral.com\\\/2023\\\/03\\\/benissa-ultima-los-preparativos-de-cara-a-las-trobades-2023\\\/#primaryimage\"},\"thumbnailUrl\":\"https:\\\/\\\/media.radiolitoral.com\\\/wp-content\\\/uploads\\\/2023\\\/03\\\/01180110\\\/Trobades.jpg\",\"keywords\":[\"agenda cultural Benissa\",\"Benissa\",\"ocio Benissa\",\"Premis Sambori\",\"Trobades\",\"Trobades 2023\"],\"articleSection\":[\"Cultura\"],\"inLanguage\":\"ca\",\"potentialAction\":[{\"@type\":\"CommentAction\",\"name\":\"Comment\",\"target\":[\"https:\\\/\\\/radiolitoral.com\\\/2023\\\/03\\\/benissa-ultima-los-preparativos-de-cara-a-las-trobades-2023\\\/#respond\"]}]},{\"@type\":[\"WebPage\",\"ItemPage\"],\"@id\":\"https:\\\/\\\/radiolitoral.com\\\/2023\\\/03\\\/benissa-ultima-los-preparativos-de-cara-a-las-trobades-2023\\\/\",\"url\":\"https:\\\/\\\/radiolitoral.com\\\/2023\\\/03\\\/benissa-ultima-los-preparativos-de-cara-a-las-trobades-2023\\\/\",\"name\":\"Benissa ultima los preparativos de cara a las Trobades 2023 | R\u00e0dio Litoral\",\"isPartOf\":{\"@id\":\"https:\\\/\\\/radiolitoral.com\\\/#website\"},\"primaryImageOfPage\":{\"@id\":\"https:\\\/\\\/radiolitoral.com\\\/2023\\\/03\\\/benissa-ultima-los-preparativos-de-cara-a-las-trobades-2023\\\/#primaryimage\"},\"image\":{\"@id\":\"https:\\\/\\\/radiolitoral.com\\\/2023\\\/03\\\/benissa-ultima-los-preparativos-de-cara-a-las-trobades-2023\\\/#primaryimage\"},\"thumbnailUrl\":\"https:\\\/\\\/media.radiolitoral.com\\\/wp-content\\\/uploads\\\/2023\\\/03\\\/01180110\\\/Trobades.jpg\",\"datePublished\":\"2023-03-01T17:01:18+00:00\",\"dateModified\":\"2023-03-01T17:13:20+00:00\",\"description\":\"Los Premis Sambori, concurso de literatura valenciana, marca la inauguraci\u00f3n el pr\u00f3ximo 10 de marzo\",\"breadcrumb\":{\"@id\":\"https:\\\/\\\/radiolitoral.com\\\/2023\\\/03\\\/benissa-ultima-los-preparativos-de-cara-a-las-trobades-2023\\\/#breadcrumb\"},\"inLanguage\":\"ca\",\"potentialAction\":[{\"@type\":\"ReadAction\",\"target\":[\"https:\\\/\\\/radiolitoral.com\\\/2023\\\/03\\\/benissa-ultima-los-preparativos-de-cara-a-las-trobades-2023\\\/\"]}]},{\"@type\":\"ImageObject\",\"inLanguage\":\"ca\",\"@id\":\"https:\\\/\\\/radiolitoral.com\\\/2023\\\/03\\\/benissa-ultima-los-preparativos-de-cara-a-las-trobades-2023\\\/#primaryimage\",\"url\":\"https:\\\/\\\/media.radiolitoral.com\\\/wp-content\\\/uploads\\\/2023\\\/03\\\/01180110\\\/Trobades.jpg\",\"contentUrl\":\"https:\\\/\\\/media.radiolitoral.com\\\/wp-content\\\/uploads\\\/2023\\\/03\\\/01180110\\\/Trobades.jpg\",\"width\":510,\"height\":711},{\"@type\":\"BreadcrumbList\",\"@id\":\"https:\\\/\\\/radiolitoral.com\\\/2023\\\/03\\\/benissa-ultima-los-preparativos-de-cara-a-las-trobades-2023\\\/#breadcrumb\",\"itemListElement\":[{\"@type\":\"ListItem\",\"position\":1,\"name\":\"Portada\",\"item\":\"https:\\\/\\\/radiolitoral.com\\\/\"},{\"@type\":\"ListItem\",\"position\":2,\"name\":\"Benissa ultima los preparativos de cara a las Trobades 2023\"}]},{\"@type\":\"WebSite\",\"@id\":\"https:\\\/\\\/radiolitoral.com\\\/#website\",\"url\":\"https:\\\/\\\/radiolitoral.com\\\/\",\"name\":\"Radio Litoral\",\"description\":\"La radio local de la Marina Alta\",\"publisher\":{\"@id\":\"https:\\\/\\\/radiolitoral.com\\\/#organization\"},\"alternateName\":\"Litoral FM\",\"potentialAction\":[{\"@type\":\"SearchAction\",\"target\":{\"@type\":\"EntryPoint\",\"urlTemplate\":\"https:\\\/\\\/radiolitoral.com\\\/?s={search_term_string}\"},\"query-input\":{\"@type\":\"PropertyValueSpecification\",\"valueRequired\":true,\"valueName\":\"search_term_string\"}}],\"inLanguage\":\"ca\"},{\"@type\":\"Organization\",\"@id\":\"https:\\\/\\\/radiolitoral.com\\\/#organization\",\"name\":\"Radio Litoral\",\"url\":\"https:\\\/\\\/radiolitoral.com\\\/\",\"logo\":{\"@type\":\"ImageObject\",\"inLanguage\":\"ca\",\"@id\":\"https:\\\/\\\/radiolitoral.com\\\/#\\\/schema\\\/logo\\\/image\\\/\",\"url\":\"https:\\\/\\\/media.radiolitoral.com\\\/wp-content\\\/uploads\\\/2023\\\/02\\\/24143238\\\/CL-V-RadioLitoral696.png\",\"contentUrl\":\"https:\\\/\\\/media.radiolitoral.com\\\/wp-content\\\/uploads\\\/2023\\\/02\\\/24143238\\\/CL-V-RadioLitoral696.png\",\"width\":696,\"height\":696,\"caption\":\"Radio Litoral\"},\"image\":{\"@id\":\"https:\\\/\\\/radiolitoral.com\\\/#\\\/schema\\\/logo\\\/image\\\/\"},\"sameAs\":[\"https:\\\/\\\/www.facebook.com\\\/Laradiolitoral\\\/\"]},{\"@type\":\"Person\",\"@id\":\"https:\\\/\\\/radiolitoral.com\\\/#\\\/schema\\\/person\\\/f2b2343c49b5d721857cc1002bfdb151\",\"name\":\"Redacci\u00f3n\",\"image\":{\"@type\":\"ImageObject\",\"inLanguage\":\"ca\",\"@id\":\"https:\\\/\\\/secure.gravatar.com\\\/avatar\\\/f771d896c203ad8b3382d7905cfcce5a5c9b008b84b3cd9114e9b9f4cb63f789?s=96&d=mm&r=g\",\"url\":\"https:\\\/\\\/secure.gravatar.com\\\/avatar\\\/f771d896c203ad8b3382d7905cfcce5a5c9b008b84b3cd9114e9b9f4cb63f789?s=96&d=mm&r=g\",\"contentUrl\":\"https:\\\/\\\/secure.gravatar.com\\\/avatar\\\/f771d896c203ad8b3382d7905cfcce5a5c9b008b84b3cd9114e9b9f4cb63f789?s=96&d=mm&r=g\",\"caption\":\"Redacci\u00f3n\"},\"url\":\"https:\\\/\\\/radiolitoral.com\\\/ca\\\/author\\\/miriam-pagan\\\/\"}]}<\/script>\n<!-- \/ Yoast SEO plugin. -->","yoast_head_json":{"title":"Benissa ultima els preparatius de cara a les Trobades 2023 | R\u00e0dio Litoral","description":"Els Premis Sambori, concurs de literatura valenciana, marca la inauguraci\u00f3 el proper 10 de mar\u00e7","robots":{"index":"index","follow":"follow","max-snippet":"max-snippet:-1","max-image-preview":"max-image-preview:large","max-video-preview":"max-video-preview:-1"},"canonical":"https:\/\/radiolitoral.com\/ca\/2023\/03\/benissa-ultima-els-preparatius-de-cara-a-les-trobades-2023\/","og_locale":"ca_ES","og_type":"article","og_title":"Benissa ultima los preparativos de cara a las Trobades 2023 | R\u00e0dio Litoral","og_description":"Los Premis Sambori, concurso de literatura valenciana, marca la inauguraci\u00f3n el pr\u00f3ximo 10 de marzo","og_url":"https:\/\/radiolitoral.com\/ca\/2023\/03\/benissa-ultima-els-preparatius-de-cara-a-les-trobades-2023\/","og_site_name":"R\u00e0dio Litoral","article_publisher":"https:\/\/www.facebook.com\/Laradiolitoral\/","article_published_time":"2023-03-01T17:01:18+00:00","article_modified_time":"2023-03-01T17:13:20+00:00","og_image":[{"width":510,"height":711,"url":"https:\/\/media.radiolitoral.com\/wp-content\/uploads\/2023\/03\/01180110\/Trobades.jpg","type":"image\/jpeg"}],"author":"Redacci\u00f3n","twitter_card":"summary_large_image","twitter_misc":{"Escrit per":"Redacci\u00f3n","Temps estimat de lectura":"1 minut"},"schema":{"@context":"https:\/\/schema.org","@graph":[{"@type":"NewsArticle","@id":"https:\/\/radiolitoral.com\/2023\/03\/benissa-ultima-los-preparativos-de-cara-a-las-trobades-2023\/#article","isPartOf":{"@id":"https:\/\/radiolitoral.com\/2023\/03\/benissa-ultima-los-preparativos-de-cara-a-las-trobades-2023\/"},"author":{"name":"Redacci\u00f3n","@id":"https:\/\/radiolitoral.com\/#\/schema\/person\/f2b2343c49b5d721857cc1002bfdb151"},"headline":"Benissa ultima los preparativos de cara a las Trobades 2023","datePublished":"2023-03-01T17:01:18+00:00","dateModified":"2023-03-01T17:13:20+00:00","mainEntityOfPage":{"@id":"https:\/\/radiolitoral.com\/2023\/03\/benissa-ultima-los-preparativos-de-cara-a-las-trobades-2023\/"},"wordCount":233,"commentCount":0,"publisher":{"@id":"https:\/\/radiolitoral.com\/#organization"},"image":{"@id":"https:\/\/radiolitoral.com\/2023\/03\/benissa-ultima-los-preparativos-de-cara-a-las-trobades-2023\/#primaryimage"},"thumbnailUrl":"https:\/\/media.radiolitoral.com\/wp-content\/uploads\/2023\/03\/01180110\/Trobades.jpg","keywords":["agenda cultural Benissa","Benissa","ocio Benissa","Premis Sambori","Trobades","Trobades 2023"],"articleSection":["Cultura"],"inLanguage":"ca","potentialAction":[{"@type":"CommentAction","name":"Comment","target":["https:\/\/radiolitoral.com\/2023\/03\/benissa-ultima-los-preparativos-de-cara-a-las-trobades-2023\/#respond"]}]},{"@type":["WebPage","ItemPage"],"@id":"https:\/\/radiolitoral.com\/2023\/03\/benissa-ultima-los-preparativos-de-cara-a-las-trobades-2023\/","url":"https:\/\/radiolitoral.com\/2023\/03\/benissa-ultima-los-preparativos-de-cara-a-las-trobades-2023\/","name":"Benissa ultima els preparatius de cara a les Trobades 2023 | R\u00e0dio Litoral","isPartOf":{"@id":"https:\/\/radiolitoral.com\/#website"},"primaryImageOfPage":{"@id":"https:\/\/radiolitoral.com\/2023\/03\/benissa-ultima-los-preparativos-de-cara-a-las-trobades-2023\/#primaryimage"},"image":{"@id":"https:\/\/radiolitoral.com\/2023\/03\/benissa-ultima-los-preparativos-de-cara-a-las-trobades-2023\/#primaryimage"},"thumbnailUrl":"https:\/\/media.radiolitoral.com\/wp-content\/uploads\/2023\/03\/01180110\/Trobades.jpg","datePublished":"2023-03-01T17:01:18+00:00","dateModified":"2023-03-01T17:13:20+00:00","description":"Els Premis Sambori, concurs de literatura valenciana, marca la inauguraci\u00f3 el proper 10 de mar\u00e7","breadcrumb":{"@id":"https:\/\/radiolitoral.com\/2023\/03\/benissa-ultima-los-preparativos-de-cara-a-las-trobades-2023\/#breadcrumb"},"inLanguage":"ca","potentialAction":[{"@type":"ReadAction","target":["https:\/\/radiolitoral.com\/2023\/03\/benissa-ultima-los-preparativos-de-cara-a-las-trobades-2023\/"]}]},{"@type":"ImageObject","inLanguage":"ca","@id":"https:\/\/radiolitoral.com\/2023\/03\/benissa-ultima-los-preparativos-de-cara-a-las-trobades-2023\/#primaryimage","url":"https:\/\/media.radiolitoral.com\/wp-content\/uploads\/2023\/03\/01180110\/Trobades.jpg","contentUrl":"https:\/\/media.radiolitoral.com\/wp-content\/uploads\/2023\/03\/01180110\/Trobades.jpg","width":510,"height":711},{"@type":"BreadcrumbList","@id":"https:\/\/radiolitoral.com\/2023\/03\/benissa-ultima-los-preparativos-de-cara-a-las-trobades-2023\/#breadcrumb","itemListElement":[{"@type":"ListItem","position":1,"name":"Portada","item":"https:\/\/radiolitoral.com\/"},{"@type":"ListItem","position":2,"name":"Benissa ultima los preparativos de cara a las Trobades 2023"}]},{"@type":"WebSite","@id":"https:\/\/radiolitoral.com\/#website","url":"https:\/\/radiolitoral.com\/","name":"R\u00e0dio Litoral","description":"La r\u00e0dio local de la Marina Alta","publisher":{"@id":"https:\/\/radiolitoral.com\/#organization"},"alternateName":"Litoral FM","potentialAction":[{"@type":"SearchAction","target":{"@type":"EntryPoint","urlTemplate":"https:\/\/radiolitoral.com\/?s={search_term_string}"},"query-input":{"@type":"PropertyValueSpecification","valueRequired":true,"valueName":"search_term_string"}}],"inLanguage":"ca"},{"@type":"Organization","@id":"https:\/\/radiolitoral.com\/#organization","name":"R\u00e0dio Litoral","url":"https:\/\/radiolitoral.com\/","logo":{"@type":"ImageObject","inLanguage":"ca","@id":"https:\/\/radiolitoral.com\/#\/schema\/logo\/image\/","url":"https:\/\/media.radiolitoral.com\/wp-content\/uploads\/2023\/02\/24143238\/CL-V-RadioLitoral696.png","contentUrl":"https:\/\/media.radiolitoral.com\/wp-content\/uploads\/2023\/02\/24143238\/CL-V-RadioLitoral696.png","width":696,"height":696,"caption":"Radio Litoral"},"image":{"@id":"https:\/\/radiolitoral.com\/#\/schema\/logo\/image\/"},"sameAs":["https:\/\/www.facebook.com\/Laradiolitoral\/"]},{"@type":"Person","@id":"https:\/\/radiolitoral.com\/#\/schema\/person\/f2b2343c49b5d721857cc1002bfdb151","name":"Redacci\u00f3","image":{"@type":"ImageObject","inLanguage":"ca","@id":"https:\/\/secure.gravatar.com\/avatar\/f771d896c203ad8b3382d7905cfcce5a5c9b008b84b3cd9114e9b9f4cb63f789?s=96&d=mm&r=g","url":"https:\/\/secure.gravatar.com\/avatar\/f771d896c203ad8b3382d7905cfcce5a5c9b008b84b3cd9114e9b9f4cb63f789?s=96&d=mm&r=g","contentUrl":"https:\/\/secure.gravatar.com\/avatar\/f771d896c203ad8b3382d7905cfcce5a5c9b008b84b3cd9114e9b9f4cb63f789?s=96&d=mm&r=g","caption":"Redacci\u00f3n"},"url":"https:\/\/radiolitoral.com\/ca\/author\/miriam-pagan\/"}]}},"_links":{"self":[{"href":"https:\/\/radiolitoral.com\/ca\/wp-json\/wp\/v2\/posts\/1059","targetHints":{"allow":["GET"]}}],"collection":[{"href":"https:\/\/radiolitoral.com\/ca\/wp-json\/wp\/v2\/posts"}],"about":[{"href":"https:\/\/radiolitoral.com\/ca\/wp-json\/wp\/v2\/types\/post"}],"author":[{"embeddable":true,"href":"https:\/\/radiolitoral.com\/ca\/wp-json\/wp\/v2\/users\/13"}],"replies":[{"embeddable":true,"href":"https:\/\/radiolitoral.com\/ca\/wp-json\/wp\/v2\/comments?post=1059"}],"version-history":[{"count":4,"href":"https:\/\/radiolitoral.com\/ca\/wp-json\/wp\/v2\/posts\/1059\/revisions"}],"predecessor-version":[{"id":1066,"href":"https:\/\/radiolitoral.com\/ca\/wp-json\/wp\/v2\/posts\/1059\/revisions\/1066"}],"wp:featuredmedia":[{"embeddable":true,"href":"https:\/\/radiolitoral.com\/ca\/wp-json\/wp\/v2\/media\/1060"}],"wp:attachment":[{"href":"https:\/\/radiolitoral.com\/ca\/wp-json\/wp\/v2\/media?parent=1059"}],"wp:term":[{"taxonomy":"category","embeddable":true,"href":"https:\/\/radiolitoral.com\/ca\/wp-json\/wp\/v2\/categories?post=1059"},{"taxonomy":"post_tag","embeddable":true,"href":"https:\/\/radiolitoral.com\/ca\/wp-json\/wp\/v2\/tags?post=1059"}],"curies":[{"name":"wp","href":"https:\/\/api.w.org\/{rel}","templated":true}]}}