{"id":1055,"date":"2023-03-01T17:37:50","date_gmt":"2023-03-01T16:37:50","guid":{"rendered":"https:\/\/radiolitoral.com\/?p=1055"},"modified":"2023-03-01T17:39:50","modified_gmt":"2023-03-01T16:39:50","slug":"el-ceip-de-xalo-passara-a-anomenar-se-serra-de-bernia","status":"publish","type":"post","link":"https:\/\/radiolitoral.com\/ca\/2023\/03\/el-ceip-de-xalo-pasara-a-denominarse-serra-de-bernia\/","title":{"rendered":"El CEIP de Xal\u00f3 passar\u00e0 a anomenar-se Serra de B\u00e8rnia"},"content":{"rendered":"<p>La Conselleria d&#039;Educaci\u00f3 Cultura i Esport, ha publicat al Diari Oficial de la Generalitat Valenciana la resoluci\u00f3 per la qual es modifica la denominaci\u00f3 del fins ara <strong>CEIP Verge Pobre de Xal\u00f3<\/strong>. Un centre educatiu, que despr\u00e9s d&#039;un proc\u00e9s participatiu obert a la ciutadania, <strong>passar\u00e0 a denominar-se CEIP Serra de B\u00e8rnia<\/strong>.<\/p>\n<p>Aquest \u00e9s un procediment que es va iniciar el juliol de 2022, per part del Consell Escolar i del que <strong>han participat<\/strong> no nom\u00e9s els membres de la <strong>comunitat educativa<\/strong>, (fam\u00edlies, alumnes i docents), sin\u00f3 tamb\u00e9<strong> ve\u00efns<\/strong> i ve\u00efnes del municipi involucrant-se en aquest proc\u00e9s participatiu. El Consell Escolar celebrat el passat 13 de febrer, i despr\u00e9s de revisar les propostes recollides a l&#039;acci\u00f3 participativa, va acordar denominar Serra de B\u00e8rnia el centre que est\u00e0 sent remodelat, modernitzat i ampliat a trav\u00e9s d&#039;un projecte sufragat per la Conselleria.<\/p>\n<p>El <strong>Ajuntament de Xal\u00f3<\/strong> va estimar favorablement el canvi de denominaci\u00f3 i va enviar la proposta a la Conselleria, que tamb\u00e9 ha em\u00e8s informe favorable a trav\u00e9s de la Inspecci\u00f3 Educativa i <strong>acaba de publicar al DOGV aquesta resoluci\u00f3<\/strong>.<\/p>","protected":false},"excerpt":{"rendered":"<p>La Conselleria de Educaci\u00f3 Cultura i Esport, ha publicado en el Diari Oficial de la Generalitat Valenciana la resoluci\u00f3n por la que se modifica la denominaci\u00f3n del hasta ahora CEIP Virgen Pobre de Xal\u00f3. Un centro educativo, que tras un proceso participativo abierto a la ciudadan\u00eda, pasar\u00e1 a denominarse CEIP Serra de B\u00e8rnia. Este es [&#8230;]<\/p>\n<p><a class=\"btn btn-secondary understrap-read-more-link\" href=\"https:\/\/radiolitoral.com\/ca\/2023\/03\/el-ceip-de-xalo-pasara-a-denominarse-serra-de-bernia\/\">Continua llegint&#8230;<span class=\"screen-reader-text\"> from El CEIP de Xal\u00f3 pasar\u00e1 a denominarse Serra de B\u00e8rnia<\/span><\/a><\/p>\n","protected":false},"author":13,"featured_media":1056,"comment_status":"open","ping_status":"closed","sticky":false,"template":"","format":"standard","meta":{"_acf_changed":false,"inline_featured_image":false,"footnotes":""},"categories":[130],"tags":[132,135,131,134,133],"class_list":["post-1055","post","type-post","status-publish","format-standard","has-post-thumbnail","hentry","category-educacion","tag-ceip-serra-de-bernia","tag-ceip-virgen-pobre-de-xalo","tag-ceip-xalo","tag-educacion","tag-xalo","cobertura-xalo"],"acf":[],"yoast_head":"<!-- This site is optimized with the Yoast SEO plugin v27.5 - https:\/\/yoast.com\/product\/yoast-seo-wordpress\/ -->\n<title>El CEIP de Xal\u00f3 pasar\u00e1 a denominarse Serra de B\u00e8rnia | R\u00e0dio Litoral<\/title>\n<meta name=\"description\" content=\"En el proceso ha participado la comunidad educativa y los vecinos En el proceso ha participado la comunidad educativa y los vecinos\" \/>\n<meta name=\"robots\" content=\"index, follow, max-snippet:-1, max-image-preview:large, max-video-preview:-1\" \/>\n<link rel=\"canonical\" href=\"https:\/\/radiolitoral.com\/ca\/2023\/03\/el-ceip-de-xalo-passara-a-anomenar-se-serra-de-bernia\/\" \/>\n<meta property=\"og:locale\" content=\"ca_ES\" \/>\n<meta property=\"og:type\" content=\"article\" \/>\n<meta property=\"og:title\" content=\"El CEIP de Xal\u00f3 pasar\u00e1 a denominarse Serra de B\u00e8rnia | R\u00e0dio Litoral\" \/>\n<meta property=\"og:description\" content=\"En el proceso ha participado la comunidad educativa y los vecinos En el proceso ha participado la comunidad educativa y los vecinos\" \/>\n<meta property=\"og:url\" content=\"https:\/\/radiolitoral.com\/ca\/2023\/03\/el-ceip-de-xalo-passara-a-anomenar-se-serra-de-bernia\/\" \/>\n<meta property=\"og:site_name\" content=\"R\u00e0dio Litoral\" \/>\n<meta property=\"article:publisher\" content=\"https:\/\/www.facebook.com\/Laradiolitoral\/\" \/>\n<meta property=\"article:published_time\" content=\"2023-03-01T16:37:50+00:00\" \/>\n<meta property=\"article:modified_time\" content=\"2023-03-01T16:39:50+00:00\" \/>\n<meta property=\"og:image\" content=\"https:\/\/media.radiolitoral.com\/wp-content\/uploads\/2023\/03\/01173728\/Xalo.-futuro-colegio-instituto-Verge-Pobre-1.jpg\" \/>\n\t<meta property=\"og:image:width\" content=\"2000\" \/>\n\t<meta property=\"og:image:height\" content=\"1125\" \/>\n\t<meta property=\"og:image:type\" content=\"image\/jpeg\" \/>\n<meta name=\"author\" content=\"Redacci\u00f3n\" \/>\n<meta name=\"twitter:card\" content=\"summary_large_image\" \/>\n<meta name=\"twitter:label1\" content=\"Escrit per\" \/>\n\t<meta name=\"twitter:data1\" content=\"Redacci\u00f3n\" \/>\n\t<meta name=\"twitter:label2\" content=\"Temps estimat de lectura\" \/>\n\t<meta name=\"twitter:data2\" content=\"1 minut\" \/>\n<script type=\"application\/ld+json\" class=\"yoast-schema-graph\">{\"@context\":\"https:\\\/\\\/schema.org\",\"@graph\":[{\"@type\":\"NewsArticle\",\"@id\":\"https:\\\/\\\/radiolitoral.com\\\/2023\\\/03\\\/el-ceip-de-xalo-pasara-a-denominarse-serra-de-bernia\\\/#article\",\"isPartOf\":{\"@id\":\"https:\\\/\\\/radiolitoral.com\\\/2023\\\/03\\\/el-ceip-de-xalo-pasara-a-denominarse-serra-de-bernia\\\/\"},\"author\":{\"name\":\"Redacci\u00f3n\",\"@id\":\"https:\\\/\\\/radiolitoral.com\\\/#\\\/schema\\\/person\\\/f2b2343c49b5d721857cc1002bfdb151\"},\"headline\":\"El CEIP de Xal\u00f3 pasar\u00e1 a denominarse Serra de B\u00e8rnia\",\"datePublished\":\"2023-03-01T16:37:50+00:00\",\"dateModified\":\"2023-03-01T16:39:50+00:00\",\"mainEntityOfPage\":{\"@id\":\"https:\\\/\\\/radiolitoral.com\\\/2023\\\/03\\\/el-ceip-de-xalo-pasara-a-denominarse-serra-de-bernia\\\/\"},\"wordCount\":201,\"commentCount\":0,\"publisher\":{\"@id\":\"https:\\\/\\\/radiolitoral.com\\\/#organization\"},\"image\":{\"@id\":\"https:\\\/\\\/radiolitoral.com\\\/2023\\\/03\\\/el-ceip-de-xalo-pasara-a-denominarse-serra-de-bernia\\\/#primaryimage\"},\"thumbnailUrl\":\"https:\\\/\\\/media.radiolitoral.com\\\/wp-content\\\/uploads\\\/2023\\\/03\\\/01173728\\\/Xalo.-futuro-colegio-instituto-Verge-Pobre-1.jpg\",\"keywords\":[\"CEIP Serra de B\u00e8rnia\",\"CEIP Virgen Pobre de Xal\u00f3\",\"CEIP Xal\u00f3\",\"educaci\u00f3n\",\"Xal\u00f3\"],\"articleSection\":[\"Educaci\u00f3n\"],\"inLanguage\":\"ca\",\"potentialAction\":[{\"@type\":\"CommentAction\",\"name\":\"Comment\",\"target\":[\"https:\\\/\\\/radiolitoral.com\\\/2023\\\/03\\\/el-ceip-de-xalo-pasara-a-denominarse-serra-de-bernia\\\/#respond\"]}]},{\"@type\":[\"WebPage\",\"ItemPage\"],\"@id\":\"https:\\\/\\\/radiolitoral.com\\\/2023\\\/03\\\/el-ceip-de-xalo-pasara-a-denominarse-serra-de-bernia\\\/\",\"url\":\"https:\\\/\\\/radiolitoral.com\\\/2023\\\/03\\\/el-ceip-de-xalo-pasara-a-denominarse-serra-de-bernia\\\/\",\"name\":\"El CEIP de Xal\u00f3 pasar\u00e1 a denominarse Serra de B\u00e8rnia | R\u00e0dio Litoral\",\"isPartOf\":{\"@id\":\"https:\\\/\\\/radiolitoral.com\\\/#website\"},\"primaryImageOfPage\":{\"@id\":\"https:\\\/\\\/radiolitoral.com\\\/2023\\\/03\\\/el-ceip-de-xalo-pasara-a-denominarse-serra-de-bernia\\\/#primaryimage\"},\"image\":{\"@id\":\"https:\\\/\\\/radiolitoral.com\\\/2023\\\/03\\\/el-ceip-de-xalo-pasara-a-denominarse-serra-de-bernia\\\/#primaryimage\"},\"thumbnailUrl\":\"https:\\\/\\\/media.radiolitoral.com\\\/wp-content\\\/uploads\\\/2023\\\/03\\\/01173728\\\/Xalo.-futuro-colegio-instituto-Verge-Pobre-1.jpg\",\"datePublished\":\"2023-03-01T16:37:50+00:00\",\"dateModified\":\"2023-03-01T16:39:50+00:00\",\"description\":\"En el proceso ha participado la comunidad educativa y los vecinos En el proceso ha participado la comunidad educativa y los vecinos\",\"breadcrumb\":{\"@id\":\"https:\\\/\\\/radiolitoral.com\\\/2023\\\/03\\\/el-ceip-de-xalo-pasara-a-denominarse-serra-de-bernia\\\/#breadcrumb\"},\"inLanguage\":\"ca\",\"potentialAction\":[{\"@type\":\"ReadAction\",\"target\":[\"https:\\\/\\\/radiolitoral.com\\\/2023\\\/03\\\/el-ceip-de-xalo-pasara-a-denominarse-serra-de-bernia\\\/\"]}]},{\"@type\":\"ImageObject\",\"inLanguage\":\"ca\",\"@id\":\"https:\\\/\\\/radiolitoral.com\\\/2023\\\/03\\\/el-ceip-de-xalo-pasara-a-denominarse-serra-de-bernia\\\/#primaryimage\",\"url\":\"https:\\\/\\\/media.radiolitoral.com\\\/wp-content\\\/uploads\\\/2023\\\/03\\\/01173728\\\/Xalo.-futuro-colegio-instituto-Verge-Pobre-1.jpg\",\"contentUrl\":\"https:\\\/\\\/media.radiolitoral.com\\\/wp-content\\\/uploads\\\/2023\\\/03\\\/01173728\\\/Xalo.-futuro-colegio-instituto-Verge-Pobre-1.jpg\",\"width\":2000,\"height\":1125},{\"@type\":\"BreadcrumbList\",\"@id\":\"https:\\\/\\\/radiolitoral.com\\\/2023\\\/03\\\/el-ceip-de-xalo-pasara-a-denominarse-serra-de-bernia\\\/#breadcrumb\",\"itemListElement\":[{\"@type\":\"ListItem\",\"position\":1,\"name\":\"Portada\",\"item\":\"https:\\\/\\\/radiolitoral.com\\\/\"},{\"@type\":\"ListItem\",\"position\":2,\"name\":\"El CEIP de Xal\u00f3 pasar\u00e1 a denominarse Serra de B\u00e8rnia\"}]},{\"@type\":\"WebSite\",\"@id\":\"https:\\\/\\\/radiolitoral.com\\\/#website\",\"url\":\"https:\\\/\\\/radiolitoral.com\\\/\",\"name\":\"Radio Litoral\",\"description\":\"La radio local de la Marina Alta\",\"publisher\":{\"@id\":\"https:\\\/\\\/radiolitoral.com\\\/#organization\"},\"alternateName\":\"Litoral FM\",\"potentialAction\":[{\"@type\":\"SearchAction\",\"target\":{\"@type\":\"EntryPoint\",\"urlTemplate\":\"https:\\\/\\\/radiolitoral.com\\\/?s={search_term_string}\"},\"query-input\":{\"@type\":\"PropertyValueSpecification\",\"valueRequired\":true,\"valueName\":\"search_term_string\"}}],\"inLanguage\":\"ca\"},{\"@type\":\"Organization\",\"@id\":\"https:\\\/\\\/radiolitoral.com\\\/#organization\",\"name\":\"Radio Litoral\",\"url\":\"https:\\\/\\\/radiolitoral.com\\\/\",\"logo\":{\"@type\":\"ImageObject\",\"inLanguage\":\"ca\",\"@id\":\"https:\\\/\\\/radiolitoral.com\\\/#\\\/schema\\\/logo\\\/image\\\/\",\"url\":\"https:\\\/\\\/media.radiolitoral.com\\\/wp-content\\\/uploads\\\/2023\\\/02\\\/24143238\\\/CL-V-RadioLitoral696.png\",\"contentUrl\":\"https:\\\/\\\/media.radiolitoral.com\\\/wp-content\\\/uploads\\\/2023\\\/02\\\/24143238\\\/CL-V-RadioLitoral696.png\",\"width\":696,\"height\":696,\"caption\":\"Radio Litoral\"},\"image\":{\"@id\":\"https:\\\/\\\/radiolitoral.com\\\/#\\\/schema\\\/logo\\\/image\\\/\"},\"sameAs\":[\"https:\\\/\\\/www.facebook.com\\\/Laradiolitoral\\\/\"]},{\"@type\":\"Person\",\"@id\":\"https:\\\/\\\/radiolitoral.com\\\/#\\\/schema\\\/person\\\/f2b2343c49b5d721857cc1002bfdb151\",\"name\":\"Redacci\u00f3n\",\"image\":{\"@type\":\"ImageObject\",\"inLanguage\":\"ca\",\"@id\":\"https:\\\/\\\/secure.gravatar.com\\\/avatar\\\/f771d896c203ad8b3382d7905cfcce5a5c9b008b84b3cd9114e9b9f4cb63f789?s=96&d=mm&r=g\",\"url\":\"https:\\\/\\\/secure.gravatar.com\\\/avatar\\\/f771d896c203ad8b3382d7905cfcce5a5c9b008b84b3cd9114e9b9f4cb63f789?s=96&d=mm&r=g\",\"contentUrl\":\"https:\\\/\\\/secure.gravatar.com\\\/avatar\\\/f771d896c203ad8b3382d7905cfcce5a5c9b008b84b3cd9114e9b9f4cb63f789?s=96&d=mm&r=g\",\"caption\":\"Redacci\u00f3n\"},\"url\":\"https:\\\/\\\/radiolitoral.com\\\/ca\\\/author\\\/miriam-pagan\\\/\"}]}<\/script>\n<!-- \/ Yoast SEO plugin. -->","yoast_head_json":{"title":"El CEIP de Xal\u00f3 passar\u00e0 a anomenar-se Serra de B\u00e8rnia | R\u00e0dio Litoral","description":"En el proc\u00e9s hi ha participat la comunitat educativa i els ve\u00efns En el proc\u00e9s ha participat la comunitat educativa i els ve\u00efns","robots":{"index":"index","follow":"follow","max-snippet":"max-snippet:-1","max-image-preview":"max-image-preview:large","max-video-preview":"max-video-preview:-1"},"canonical":"https:\/\/radiolitoral.com\/ca\/2023\/03\/el-ceip-de-xalo-passara-a-anomenar-se-serra-de-bernia\/","og_locale":"ca_ES","og_type":"article","og_title":"El CEIP de Xal\u00f3 pasar\u00e1 a denominarse Serra de B\u00e8rnia | R\u00e0dio Litoral","og_description":"En el proceso ha participado la comunidad educativa y los vecinos En el proceso ha participado la comunidad educativa y los vecinos","og_url":"https:\/\/radiolitoral.com\/ca\/2023\/03\/el-ceip-de-xalo-passara-a-anomenar-se-serra-de-bernia\/","og_site_name":"R\u00e0dio Litoral","article_publisher":"https:\/\/www.facebook.com\/Laradiolitoral\/","article_published_time":"2023-03-01T16:37:50+00:00","article_modified_time":"2023-03-01T16:39:50+00:00","og_image":[{"width":2000,"height":1125,"url":"https:\/\/media.radiolitoral.com\/wp-content\/uploads\/2023\/03\/01173728\/Xalo.-futuro-colegio-instituto-Verge-Pobre-1.jpg","type":"image\/jpeg"}],"author":"Redacci\u00f3n","twitter_card":"summary_large_image","twitter_misc":{"Escrit per":"Redacci\u00f3n","Temps estimat de lectura":"1 minut"},"schema":{"@context":"https:\/\/schema.org","@graph":[{"@type":"NewsArticle","@id":"https:\/\/radiolitoral.com\/2023\/03\/el-ceip-de-xalo-pasara-a-denominarse-serra-de-bernia\/#article","isPartOf":{"@id":"https:\/\/radiolitoral.com\/2023\/03\/el-ceip-de-xalo-pasara-a-denominarse-serra-de-bernia\/"},"author":{"name":"Redacci\u00f3n","@id":"https:\/\/radiolitoral.com\/#\/schema\/person\/f2b2343c49b5d721857cc1002bfdb151"},"headline":"El CEIP de Xal\u00f3 pasar\u00e1 a denominarse Serra de B\u00e8rnia","datePublished":"2023-03-01T16:37:50+00:00","dateModified":"2023-03-01T16:39:50+00:00","mainEntityOfPage":{"@id":"https:\/\/radiolitoral.com\/2023\/03\/el-ceip-de-xalo-pasara-a-denominarse-serra-de-bernia\/"},"wordCount":201,"commentCount":0,"publisher":{"@id":"https:\/\/radiolitoral.com\/#organization"},"image":{"@id":"https:\/\/radiolitoral.com\/2023\/03\/el-ceip-de-xalo-pasara-a-denominarse-serra-de-bernia\/#primaryimage"},"thumbnailUrl":"https:\/\/media.radiolitoral.com\/wp-content\/uploads\/2023\/03\/01173728\/Xalo.-futuro-colegio-instituto-Verge-Pobre-1.jpg","keywords":["CEIP Serra de B\u00e8rnia","CEIP Virgen Pobre de Xal\u00f3","CEIP Xal\u00f3","educaci\u00f3n","Xal\u00f3"],"articleSection":["Educaci\u00f3n"],"inLanguage":"ca","potentialAction":[{"@type":"CommentAction","name":"Comment","target":["https:\/\/radiolitoral.com\/2023\/03\/el-ceip-de-xalo-pasara-a-denominarse-serra-de-bernia\/#respond"]}]},{"@type":["WebPage","ItemPage"],"@id":"https:\/\/radiolitoral.com\/2023\/03\/el-ceip-de-xalo-pasara-a-denominarse-serra-de-bernia\/","url":"https:\/\/radiolitoral.com\/2023\/03\/el-ceip-de-xalo-pasara-a-denominarse-serra-de-bernia\/","name":"El CEIP de Xal\u00f3 passar\u00e0 a anomenar-se Serra de B\u00e8rnia | R\u00e0dio Litoral","isPartOf":{"@id":"https:\/\/radiolitoral.com\/#website"},"primaryImageOfPage":{"@id":"https:\/\/radiolitoral.com\/2023\/03\/el-ceip-de-xalo-pasara-a-denominarse-serra-de-bernia\/#primaryimage"},"image":{"@id":"https:\/\/radiolitoral.com\/2023\/03\/el-ceip-de-xalo-pasara-a-denominarse-serra-de-bernia\/#primaryimage"},"thumbnailUrl":"https:\/\/media.radiolitoral.com\/wp-content\/uploads\/2023\/03\/01173728\/Xalo.-futuro-colegio-instituto-Verge-Pobre-1.jpg","datePublished":"2023-03-01T16:37:50+00:00","dateModified":"2023-03-01T16:39:50+00:00","description":"En el proc\u00e9s hi ha participat la comunitat educativa i els ve\u00efns En el proc\u00e9s ha participat la comunitat educativa i els ve\u00efns","breadcrumb":{"@id":"https:\/\/radiolitoral.com\/2023\/03\/el-ceip-de-xalo-pasara-a-denominarse-serra-de-bernia\/#breadcrumb"},"inLanguage":"ca","potentialAction":[{"@type":"ReadAction","target":["https:\/\/radiolitoral.com\/2023\/03\/el-ceip-de-xalo-pasara-a-denominarse-serra-de-bernia\/"]}]},{"@type":"ImageObject","inLanguage":"ca","@id":"https:\/\/radiolitoral.com\/2023\/03\/el-ceip-de-xalo-pasara-a-denominarse-serra-de-bernia\/#primaryimage","url":"https:\/\/media.radiolitoral.com\/wp-content\/uploads\/2023\/03\/01173728\/Xalo.-futuro-colegio-instituto-Verge-Pobre-1.jpg","contentUrl":"https:\/\/media.radiolitoral.com\/wp-content\/uploads\/2023\/03\/01173728\/Xalo.-futuro-colegio-instituto-Verge-Pobre-1.jpg","width":2000,"height":1125},{"@type":"BreadcrumbList","@id":"https:\/\/radiolitoral.com\/2023\/03\/el-ceip-de-xalo-pasara-a-denominarse-serra-de-bernia\/#breadcrumb","itemListElement":[{"@type":"ListItem","position":1,"name":"Portada","item":"https:\/\/radiolitoral.com\/"},{"@type":"ListItem","position":2,"name":"El CEIP de Xal\u00f3 pasar\u00e1 a denominarse Serra de B\u00e8rnia"}]},{"@type":"WebSite","@id":"https:\/\/radiolitoral.com\/#website","url":"https:\/\/radiolitoral.com\/","name":"R\u00e0dio Litoral","description":"La r\u00e0dio local de la Marina Alta","publisher":{"@id":"https:\/\/radiolitoral.com\/#organization"},"alternateName":"Litoral FM","potentialAction":[{"@type":"SearchAction","target":{"@type":"EntryPoint","urlTemplate":"https:\/\/radiolitoral.com\/?s={search_term_string}"},"query-input":{"@type":"PropertyValueSpecification","valueRequired":true,"valueName":"search_term_string"}}],"inLanguage":"ca"},{"@type":"Organization","@id":"https:\/\/radiolitoral.com\/#organization","name":"R\u00e0dio Litoral","url":"https:\/\/radiolitoral.com\/","logo":{"@type":"ImageObject","inLanguage":"ca","@id":"https:\/\/radiolitoral.com\/#\/schema\/logo\/image\/","url":"https:\/\/media.radiolitoral.com\/wp-content\/uploads\/2023\/02\/24143238\/CL-V-RadioLitoral696.png","contentUrl":"https:\/\/media.radiolitoral.com\/wp-content\/uploads\/2023\/02\/24143238\/CL-V-RadioLitoral696.png","width":696,"height":696,"caption":"Radio Litoral"},"image":{"@id":"https:\/\/radiolitoral.com\/#\/schema\/logo\/image\/"},"sameAs":["https:\/\/www.facebook.com\/Laradiolitoral\/"]},{"@type":"Person","@id":"https:\/\/radiolitoral.com\/#\/schema\/person\/f2b2343c49b5d721857cc1002bfdb151","name":"Redacci\u00f3","image":{"@type":"ImageObject","inLanguage":"ca","@id":"https:\/\/secure.gravatar.com\/avatar\/f771d896c203ad8b3382d7905cfcce5a5c9b008b84b3cd9114e9b9f4cb63f789?s=96&d=mm&r=g","url":"https:\/\/secure.gravatar.com\/avatar\/f771d896c203ad8b3382d7905cfcce5a5c9b008b84b3cd9114e9b9f4cb63f789?s=96&d=mm&r=g","contentUrl":"https:\/\/secure.gravatar.com\/avatar\/f771d896c203ad8b3382d7905cfcce5a5c9b008b84b3cd9114e9b9f4cb63f789?s=96&d=mm&r=g","caption":"Redacci\u00f3n"},"url":"https:\/\/radiolitoral.com\/ca\/author\/miriam-pagan\/"}]}},"_links":{"self":[{"href":"https:\/\/radiolitoral.com\/ca\/wp-json\/wp\/v2\/posts\/1055","targetHints":{"allow":["GET"]}}],"collection":[{"href":"https:\/\/radiolitoral.com\/ca\/wp-json\/wp\/v2\/posts"}],"about":[{"href":"https:\/\/radiolitoral.com\/ca\/wp-json\/wp\/v2\/types\/post"}],"author":[{"embeddable":true,"href":"https:\/\/radiolitoral.com\/ca\/wp-json\/wp\/v2\/users\/13"}],"replies":[{"embeddable":true,"href":"https:\/\/radiolitoral.com\/ca\/wp-json\/wp\/v2\/comments?post=1055"}],"version-history":[{"count":1,"href":"https:\/\/radiolitoral.com\/ca\/wp-json\/wp\/v2\/posts\/1055\/revisions"}],"predecessor-version":[{"id":1057,"href":"https:\/\/radiolitoral.com\/ca\/wp-json\/wp\/v2\/posts\/1055\/revisions\/1057"}],"wp:featuredmedia":[{"embeddable":true,"href":"https:\/\/radiolitoral.com\/ca\/wp-json\/wp\/v2\/media\/1056"}],"wp:attachment":[{"href":"https:\/\/radiolitoral.com\/ca\/wp-json\/wp\/v2\/media?parent=1055"}],"wp:term":[{"taxonomy":"category","embeddable":true,"href":"https:\/\/radiolitoral.com\/ca\/wp-json\/wp\/v2\/categories?post=1055"},{"taxonomy":"post_tag","embeddable":true,"href":"https:\/\/radiolitoral.com\/ca\/wp-json\/wp\/v2\/tags?post=1055"}],"curies":[{"name":"wp","href":"https:\/\/api.w.org\/{rel}","templated":true}]}}