{"id":10543,"date":"2024-08-05T17:12:12","date_gmt":"2024-08-05T15:12:12","guid":{"rendered":"https:\/\/radiolitoral.com\/?p=10543"},"modified":"2024-08-05T17:16:41","modified_gmt":"2024-08-05T15:16:41","slug":"raul-llobell-esperem-poder-garantir-el-cavall-i-la-qualitat-de-laigua-suficient-per-al-2025","status":"publish","type":"post","link":"https:\/\/radiolitoral.com\/ca\/2024\/08\/raul-llobell-esperem-poder-garantir-el-cabal-i-la-qualitat-de-laigua-suficient-per-a-2025\/","title":{"rendered":"Ra\u00fal Llobell: \u00abEsperem poder garantir el cavall i la qualitat de l&#039;aigua suficient per al 2025\u00bb"},"content":{"rendered":"<p>L&#039;Ajuntament de <strong>Teulada Moraira<\/strong> alerta sobre l&#039;estat de l&#039;aigua potable a part del nucli urb\u00e0. A causa de la situaci\u00f3 de sequera que pateix la comarca, el Centre de Salut P\u00fablica ha <strong>qualificat l&#039;aigua com a \u00abno apta per al consum\u00bb<\/strong> a les zones de Teulada 1 \u2013 Nucli urb\u00e0 i altres entitats i Teulada 3 \u2013 Arnella Moraira, amb restriccions d&#039;\u00fas per beure, cuinar i preparar aliments, podent-se utilitzar per a qualsevol altre \u00fas.<\/p>\n<p>Aquesta recomanaci\u00f3 s&#039;estendr\u00e0 fins a un altre avis i aquest fet est\u00e0 afectant altres poblacions de la comarca com el Poble Nou de Benitatxell, encara que per si part si es permet el consum de l&#039;aigua a aquells que tinguin una dieta baixa en sodi . I per aquest motiu, tenim amb nosaltres l&#039;alcalde de Teulada Moraira, <strong>Ra\u00fal Llobell<\/strong>.<\/p>\n<audio class=\"wp-audio-shortcode\" id=\"audio-10543-1\" preload=\"none\" style=\"width: 100%;\" controls=\"controls\"><source type=\"audio\/mpeg\" src=\"https:\/\/media.radiolitoral.com\/wp-content\/uploads\/2024\/08\/05170708\/ENTREVISTA-RAUL-LLOBELL-AGUA.mp3?_=1\" \/><a href=\"https:\/\/media.radiolitoral.com\/wp-content\/uploads\/2024\/08\/05170708\/ENTREVISTA-RAUL-LLOBELL-AGUA.mp3\">https:\/\/media.radiolitoral.com\/wp-content\/uploads\/2024\/08\/05170708\/ENTREVISTA-RAUL-LLOBELL-AGUA.mp3<\/a><\/audio>","protected":false},"excerpt":{"rendered":"<p>L&#8217;Ajuntament de Teulada Moraira alerta sobre l&#8217;estat de l&#8217;aigua potable en part del nucli urb\u00e0. A causa de la situaci\u00f3 de sequera que patix la comarca, el Centre de Salut P\u00fablica ha qualificat l&#8217;aigua com \u00abno apta per al consum\u00bb en les zones de Teulada 1 &#8211; Nucli urb\u00e0 i altres entitats i Teulada 3 [&#8230;]<\/p>\n<p><a class=\"btn btn-secondary understrap-read-more-link\" href=\"https:\/\/radiolitoral.com\/ca\/2024\/08\/raul-llobell-esperem-poder-garantir-el-cabal-i-la-qualitat-de-laigua-suficient-per-a-2025\/\">Continua llegint&#8230;<span class=\"screen-reader-text\"> from Ra\u00fal Llobell: \u00abEsperem poder garantir el cabal i la qualitat de l&#8217;aigua suficient per a 2025\u00bb<\/span><\/a><\/p>\n","protected":false},"author":14,"featured_media":6508,"comment_status":"open","ping_status":"closed","sticky":false,"template":"","format":"standard","meta":{"_acf_changed":false,"inline_featured_image":false,"footnotes":""},"categories":[85],"tags":[1961,1282,195],"class_list":["post-10543","post","type-post","status-publish","format-standard","has-post-thumbnail","hentry","category-servicios-publicos","tag-agua-potable","tag-raul-llobell","tag-teulada-moraira","cobertura-teulada-moraira"],"acf":[],"yoast_head":"<!-- This site is optimized with the Yoast SEO plugin v27.5 - https:\/\/yoast.com\/product\/yoast-seo-wordpress\/ -->\n<title>Ra\u00fal Llobell: &quot;Esperem poder garantir el cabal i la qualitat de l&#039;aigua suficient per a 2025&quot; | R\u00e0dio Litoral<\/title>\n<meta name=\"description\" content=\"Teulada Moraira patix l&#039;escassetat de pluges i sequera de la comarca\" \/>\n<meta name=\"robots\" content=\"index, follow, max-snippet:-1, max-image-preview:large, max-video-preview:-1\" \/>\n<link rel=\"canonical\" href=\"https:\/\/radiolitoral.com\/ca\/2024\/08\/raul-llobell-esperem-poder-garantir-el-cavall-i-la-qualitat-de-laigua-suficient-per-al-2025\/\" \/>\n<meta property=\"og:locale\" content=\"ca_ES\" \/>\n<meta property=\"og:type\" content=\"article\" \/>\n<meta property=\"og:title\" content=\"Ra\u00fal Llobell: &quot;Esperem poder garantir el cabal i la qualitat de l&#039;aigua suficient per a 2025&quot; | R\u00e0dio Litoral\" \/>\n<meta property=\"og:description\" content=\"Teulada Moraira patix l&#039;escassetat de pluges i sequera de la comarca\" \/>\n<meta property=\"og:url\" content=\"https:\/\/radiolitoral.com\/ca\/2024\/08\/raul-llobell-esperem-poder-garantir-el-cavall-i-la-qualitat-de-laigua-suficient-per-al-2025\/\" \/>\n<meta property=\"og:site_name\" content=\"R\u00e0dio Litoral\" \/>\n<meta property=\"article:publisher\" content=\"https:\/\/www.facebook.com\/Laradiolitoral\/\" \/>\n<meta property=\"article:published_time\" content=\"2024-08-05T15:12:12+00:00\" \/>\n<meta property=\"article:modified_time\" content=\"2024-08-05T15:16:41+00:00\" \/>\n<meta property=\"og:image\" content=\"https:\/\/media.radiolitoral.com\/wp-content\/uploads\/2024\/01\/23135456\/Teulada.-Raul-Llobell-Rueda-de-Prensa-.jpg\" \/>\n\t<meta property=\"og:image:width\" content=\"1207\" \/>\n\t<meta property=\"og:image:height\" content=\"995\" \/>\n\t<meta property=\"og:image:type\" content=\"image\/jpeg\" \/>\n<meta name=\"author\" content=\"Redacci\u00f3n\" \/>\n<meta name=\"twitter:card\" content=\"summary_large_image\" \/>\n<meta name=\"twitter:label1\" content=\"Escrit per\" \/>\n\t<meta name=\"twitter:data1\" content=\"Redacci\u00f3n\" \/>\n\t<meta name=\"twitter:label2\" content=\"Temps estimat de lectura\" \/>\n\t<meta name=\"twitter:data2\" content=\"1 minut\" \/>\n<script type=\"application\/ld+json\" class=\"yoast-schema-graph\">{\"@context\":\"https:\\\/\\\/schema.org\",\"@graph\":[{\"@type\":\"NewsArticle\",\"@id\":\"https:\\\/\\\/radiolitoral.com\\\/2024\\\/08\\\/raul-llobell-esperem-poder-garantir-el-cabal-i-la-qualitat-de-laigua-suficient-per-a-2025\\\/#article\",\"isPartOf\":{\"@id\":\"https:\\\/\\\/radiolitoral.com\\\/2024\\\/08\\\/raul-llobell-esperem-poder-garantir-el-cabal-i-la-qualitat-de-laigua-suficient-per-a-2025\\\/\"},\"author\":{\"name\":\"Redacci\u00f3n\",\"@id\":\"https:\\\/\\\/radiolitoral.com\\\/#\\\/schema\\\/person\\\/96b739642eb3bedb532aac3812d23307\"},\"headline\":\"Ra\u00fal Llobell: \u00abEsperem poder garantir el cabal i la qualitat de l&#8217;aigua suficient per a 2025\u00bb\",\"datePublished\":\"2024-08-05T15:12:12+00:00\",\"dateModified\":\"2024-08-05T15:16:41+00:00\",\"mainEntityOfPage\":{\"@id\":\"https:\\\/\\\/radiolitoral.com\\\/2024\\\/08\\\/raul-llobell-esperem-poder-garantir-el-cabal-i-la-qualitat-de-laigua-suficient-per-a-2025\\\/\"},\"wordCount\":170,\"commentCount\":0,\"publisher\":{\"@id\":\"https:\\\/\\\/radiolitoral.com\\\/#organization\"},\"image\":{\"@id\":\"https:\\\/\\\/radiolitoral.com\\\/2024\\\/08\\\/raul-llobell-esperem-poder-garantir-el-cabal-i-la-qualitat-de-laigua-suficient-per-a-2025\\\/#primaryimage\"},\"thumbnailUrl\":\"https:\\\/\\\/media.radiolitoral.com\\\/wp-content\\\/uploads\\\/2024\\\/01\\\/23135456\\\/Teulada.-Raul-Llobell-Rueda-de-Prensa-.jpg\",\"keywords\":[\"agua potable\",\"Ra\u00fal Llobell\",\"Teulada-Moraira\"],\"articleSection\":[\"Servicios P\u00fablicos\"],\"inLanguage\":\"ca\",\"potentialAction\":[{\"@type\":\"CommentAction\",\"name\":\"Comment\",\"target\":[\"https:\\\/\\\/radiolitoral.com\\\/2024\\\/08\\\/raul-llobell-esperem-poder-garantir-el-cabal-i-la-qualitat-de-laigua-suficient-per-a-2025\\\/#respond\"]}]},{\"@type\":[\"WebPage\",\"ItemPage\"],\"@id\":\"https:\\\/\\\/radiolitoral.com\\\/2024\\\/08\\\/raul-llobell-esperem-poder-garantir-el-cabal-i-la-qualitat-de-laigua-suficient-per-a-2025\\\/\",\"url\":\"https:\\\/\\\/radiolitoral.com\\\/2024\\\/08\\\/raul-llobell-esperem-poder-garantir-el-cabal-i-la-qualitat-de-laigua-suficient-per-a-2025\\\/\",\"name\":\"Ra\u00fal Llobell: \\\"Esperem poder garantir el cabal i la qualitat de l'aigua suficient per a 2025\\\" | R\u00e0dio Litoral\",\"isPartOf\":{\"@id\":\"https:\\\/\\\/radiolitoral.com\\\/#website\"},\"primaryImageOfPage\":{\"@id\":\"https:\\\/\\\/radiolitoral.com\\\/2024\\\/08\\\/raul-llobell-esperem-poder-garantir-el-cabal-i-la-qualitat-de-laigua-suficient-per-a-2025\\\/#primaryimage\"},\"image\":{\"@id\":\"https:\\\/\\\/radiolitoral.com\\\/2024\\\/08\\\/raul-llobell-esperem-poder-garantir-el-cabal-i-la-qualitat-de-laigua-suficient-per-a-2025\\\/#primaryimage\"},\"thumbnailUrl\":\"https:\\\/\\\/media.radiolitoral.com\\\/wp-content\\\/uploads\\\/2024\\\/01\\\/23135456\\\/Teulada.-Raul-Llobell-Rueda-de-Prensa-.jpg\",\"datePublished\":\"2024-08-05T15:12:12+00:00\",\"dateModified\":\"2024-08-05T15:16:41+00:00\",\"description\":\"Teulada Moraira patix l'escassetat de pluges i sequera de la comarca\",\"breadcrumb\":{\"@id\":\"https:\\\/\\\/radiolitoral.com\\\/2024\\\/08\\\/raul-llobell-esperem-poder-garantir-el-cabal-i-la-qualitat-de-laigua-suficient-per-a-2025\\\/#breadcrumb\"},\"inLanguage\":\"ca\",\"potentialAction\":[{\"@type\":\"ReadAction\",\"target\":[\"https:\\\/\\\/radiolitoral.com\\\/2024\\\/08\\\/raul-llobell-esperem-poder-garantir-el-cabal-i-la-qualitat-de-laigua-suficient-per-a-2025\\\/\"]}]},{\"@type\":\"ImageObject\",\"inLanguage\":\"ca\",\"@id\":\"https:\\\/\\\/radiolitoral.com\\\/2024\\\/08\\\/raul-llobell-esperem-poder-garantir-el-cabal-i-la-qualitat-de-laigua-suficient-per-a-2025\\\/#primaryimage\",\"url\":\"https:\\\/\\\/media.radiolitoral.com\\\/wp-content\\\/uploads\\\/2024\\\/01\\\/23135456\\\/Teulada.-Raul-Llobell-Rueda-de-Prensa-.jpg\",\"contentUrl\":\"https:\\\/\\\/media.radiolitoral.com\\\/wp-content\\\/uploads\\\/2024\\\/01\\\/23135456\\\/Teulada.-Raul-Llobell-Rueda-de-Prensa-.jpg\",\"width\":1207,\"height\":995},{\"@type\":\"BreadcrumbList\",\"@id\":\"https:\\\/\\\/radiolitoral.com\\\/2024\\\/08\\\/raul-llobell-esperem-poder-garantir-el-cabal-i-la-qualitat-de-laigua-suficient-per-a-2025\\\/#breadcrumb\",\"itemListElement\":[{\"@type\":\"ListItem\",\"position\":1,\"name\":\"Portada\",\"item\":\"https:\\\/\\\/radiolitoral.com\\\/\"},{\"@type\":\"ListItem\",\"position\":2,\"name\":\"Ra\u00fal Llobell: \u00abEsperem poder garantir el cabal i la qualitat de l&#8217;aigua suficient per a 2025\u00bb\"}]},{\"@type\":\"WebSite\",\"@id\":\"https:\\\/\\\/radiolitoral.com\\\/#website\",\"url\":\"https:\\\/\\\/radiolitoral.com\\\/\",\"name\":\"Radio Litoral\",\"description\":\"La radio local de la Marina Alta\",\"publisher\":{\"@id\":\"https:\\\/\\\/radiolitoral.com\\\/#organization\"},\"alternateName\":\"Litoral FM\",\"potentialAction\":[{\"@type\":\"SearchAction\",\"target\":{\"@type\":\"EntryPoint\",\"urlTemplate\":\"https:\\\/\\\/radiolitoral.com\\\/?s={search_term_string}\"},\"query-input\":{\"@type\":\"PropertyValueSpecification\",\"valueRequired\":true,\"valueName\":\"search_term_string\"}}],\"inLanguage\":\"ca\"},{\"@type\":\"Organization\",\"@id\":\"https:\\\/\\\/radiolitoral.com\\\/#organization\",\"name\":\"Radio Litoral\",\"url\":\"https:\\\/\\\/radiolitoral.com\\\/\",\"logo\":{\"@type\":\"ImageObject\",\"inLanguage\":\"ca\",\"@id\":\"https:\\\/\\\/radiolitoral.com\\\/#\\\/schema\\\/logo\\\/image\\\/\",\"url\":\"https:\\\/\\\/media.radiolitoral.com\\\/wp-content\\\/uploads\\\/2023\\\/02\\\/24143238\\\/CL-V-RadioLitoral696.png\",\"contentUrl\":\"https:\\\/\\\/media.radiolitoral.com\\\/wp-content\\\/uploads\\\/2023\\\/02\\\/24143238\\\/CL-V-RadioLitoral696.png\",\"width\":696,\"height\":696,\"caption\":\"Radio Litoral\"},\"image\":{\"@id\":\"https:\\\/\\\/radiolitoral.com\\\/#\\\/schema\\\/logo\\\/image\\\/\"},\"sameAs\":[\"https:\\\/\\\/www.facebook.com\\\/Laradiolitoral\\\/\"]},{\"@type\":\"Person\",\"@id\":\"https:\\\/\\\/radiolitoral.com\\\/#\\\/schema\\\/person\\\/96b739642eb3bedb532aac3812d23307\",\"name\":\"Redacci\u00f3n\",\"image\":{\"@type\":\"ImageObject\",\"inLanguage\":\"ca\",\"@id\":\"https:\\\/\\\/secure.gravatar.com\\\/avatar\\\/30cd06129ee90411dd9c7cbdcf17464181d1a3c7b072e92070ea75a25cf0097e?s=96&d=mm&r=g\",\"url\":\"https:\\\/\\\/secure.gravatar.com\\\/avatar\\\/30cd06129ee90411dd9c7cbdcf17464181d1a3c7b072e92070ea75a25cf0097e?s=96&d=mm&r=g\",\"contentUrl\":\"https:\\\/\\\/secure.gravatar.com\\\/avatar\\\/30cd06129ee90411dd9c7cbdcf17464181d1a3c7b072e92070ea75a25cf0097e?s=96&d=mm&r=g\",\"caption\":\"Redacci\u00f3n\"},\"url\":\"https:\\\/\\\/radiolitoral.com\\\/ca\\\/author\\\/kevin-carrio\\\/\"}]}<\/script>\n<!-- \/ Yoast SEO plugin. -->","yoast_head_json":{"title":"Ra\u00fal Llobell: &quot;Esperem poder garantir el cavall i la qualitat de l&#039;aigua suficient per al 2025&quot; | R\u00e0dio Litoral","description":"Teulada Moraira patix l&#039;escassetat de pluges i sequera de la comarca","robots":{"index":"index","follow":"follow","max-snippet":"max-snippet:-1","max-image-preview":"max-image-preview:large","max-video-preview":"max-video-preview:-1"},"canonical":"https:\/\/radiolitoral.com\/ca\/2024\/08\/raul-llobell-esperem-poder-garantir-el-cavall-i-la-qualitat-de-laigua-suficient-per-al-2025\/","og_locale":"ca_ES","og_type":"article","og_title":"Ra\u00fal Llobell: \"Esperem poder garantir el cabal i la qualitat de l'aigua suficient per a 2025\" | R\u00e0dio Litoral","og_description":"Teulada Moraira patix l'escassetat de pluges i sequera de la comarca","og_url":"https:\/\/radiolitoral.com\/ca\/2024\/08\/raul-llobell-esperem-poder-garantir-el-cavall-i-la-qualitat-de-laigua-suficient-per-al-2025\/","og_site_name":"R\u00e0dio Litoral","article_publisher":"https:\/\/www.facebook.com\/Laradiolitoral\/","article_published_time":"2024-08-05T15:12:12+00:00","article_modified_time":"2024-08-05T15:16:41+00:00","og_image":[{"width":1207,"height":995,"url":"https:\/\/media.radiolitoral.com\/wp-content\/uploads\/2024\/01\/23135456\/Teulada.-Raul-Llobell-Rueda-de-Prensa-.jpg","type":"image\/jpeg"}],"author":"Redacci\u00f3n","twitter_card":"summary_large_image","twitter_misc":{"Escrit per":"Redacci\u00f3n","Temps estimat de lectura":"1 minut"},"schema":{"@context":"https:\/\/schema.org","@graph":[{"@type":"NewsArticle","@id":"https:\/\/radiolitoral.com\/2024\/08\/raul-llobell-esperem-poder-garantir-el-cabal-i-la-qualitat-de-laigua-suficient-per-a-2025\/#article","isPartOf":{"@id":"https:\/\/radiolitoral.com\/2024\/08\/raul-llobell-esperem-poder-garantir-el-cabal-i-la-qualitat-de-laigua-suficient-per-a-2025\/"},"author":{"name":"Redacci\u00f3n","@id":"https:\/\/radiolitoral.com\/#\/schema\/person\/96b739642eb3bedb532aac3812d23307"},"headline":"Ra\u00fal Llobell: \u00abEsperem poder garantir el cabal i la qualitat de l&#8217;aigua suficient per a 2025\u00bb","datePublished":"2024-08-05T15:12:12+00:00","dateModified":"2024-08-05T15:16:41+00:00","mainEntityOfPage":{"@id":"https:\/\/radiolitoral.com\/2024\/08\/raul-llobell-esperem-poder-garantir-el-cabal-i-la-qualitat-de-laigua-suficient-per-a-2025\/"},"wordCount":170,"commentCount":0,"publisher":{"@id":"https:\/\/radiolitoral.com\/#organization"},"image":{"@id":"https:\/\/radiolitoral.com\/2024\/08\/raul-llobell-esperem-poder-garantir-el-cabal-i-la-qualitat-de-laigua-suficient-per-a-2025\/#primaryimage"},"thumbnailUrl":"https:\/\/media.radiolitoral.com\/wp-content\/uploads\/2024\/01\/23135456\/Teulada.-Raul-Llobell-Rueda-de-Prensa-.jpg","keywords":["agua potable","Ra\u00fal Llobell","Teulada-Moraira"],"articleSection":["Servicios P\u00fablicos"],"inLanguage":"ca","potentialAction":[{"@type":"CommentAction","name":"Comment","target":["https:\/\/radiolitoral.com\/2024\/08\/raul-llobell-esperem-poder-garantir-el-cabal-i-la-qualitat-de-laigua-suficient-per-a-2025\/#respond"]}]},{"@type":["WebPage","ItemPage"],"@id":"https:\/\/radiolitoral.com\/2024\/08\/raul-llobell-esperem-poder-garantir-el-cabal-i-la-qualitat-de-laigua-suficient-per-a-2025\/","url":"https:\/\/radiolitoral.com\/2024\/08\/raul-llobell-esperem-poder-garantir-el-cabal-i-la-qualitat-de-laigua-suficient-per-a-2025\/","name":"Ra\u00fal Llobell: &quot;Esperem poder garantir el cavall i la qualitat de l&#039;aigua suficient per al 2025&quot; | R\u00e0dio Litoral","isPartOf":{"@id":"https:\/\/radiolitoral.com\/#website"},"primaryImageOfPage":{"@id":"https:\/\/radiolitoral.com\/2024\/08\/raul-llobell-esperem-poder-garantir-el-cabal-i-la-qualitat-de-laigua-suficient-per-a-2025\/#primaryimage"},"image":{"@id":"https:\/\/radiolitoral.com\/2024\/08\/raul-llobell-esperem-poder-garantir-el-cabal-i-la-qualitat-de-laigua-suficient-per-a-2025\/#primaryimage"},"thumbnailUrl":"https:\/\/media.radiolitoral.com\/wp-content\/uploads\/2024\/01\/23135456\/Teulada.-Raul-Llobell-Rueda-de-Prensa-.jpg","datePublished":"2024-08-05T15:12:12+00:00","dateModified":"2024-08-05T15:16:41+00:00","description":"Teulada Moraira patix l&#039;escassetat de pluges i sequera de la comarca","breadcrumb":{"@id":"https:\/\/radiolitoral.com\/2024\/08\/raul-llobell-esperem-poder-garantir-el-cabal-i-la-qualitat-de-laigua-suficient-per-a-2025\/#breadcrumb"},"inLanguage":"ca","potentialAction":[{"@type":"ReadAction","target":["https:\/\/radiolitoral.com\/2024\/08\/raul-llobell-esperem-poder-garantir-el-cabal-i-la-qualitat-de-laigua-suficient-per-a-2025\/"]}]},{"@type":"ImageObject","inLanguage":"ca","@id":"https:\/\/radiolitoral.com\/2024\/08\/raul-llobell-esperem-poder-garantir-el-cabal-i-la-qualitat-de-laigua-suficient-per-a-2025\/#primaryimage","url":"https:\/\/media.radiolitoral.com\/wp-content\/uploads\/2024\/01\/23135456\/Teulada.-Raul-Llobell-Rueda-de-Prensa-.jpg","contentUrl":"https:\/\/media.radiolitoral.com\/wp-content\/uploads\/2024\/01\/23135456\/Teulada.-Raul-Llobell-Rueda-de-Prensa-.jpg","width":1207,"height":995},{"@type":"BreadcrumbList","@id":"https:\/\/radiolitoral.com\/2024\/08\/raul-llobell-esperem-poder-garantir-el-cabal-i-la-qualitat-de-laigua-suficient-per-a-2025\/#breadcrumb","itemListElement":[{"@type":"ListItem","position":1,"name":"Portada","item":"https:\/\/radiolitoral.com\/"},{"@type":"ListItem","position":2,"name":"Ra\u00fal Llobell: \u00abEsperem poder garantir el cabal i la qualitat de l&#8217;aigua suficient per a 2025\u00bb"}]},{"@type":"WebSite","@id":"https:\/\/radiolitoral.com\/#website","url":"https:\/\/radiolitoral.com\/","name":"R\u00e0dio Litoral","description":"La r\u00e0dio local de la Marina Alta","publisher":{"@id":"https:\/\/radiolitoral.com\/#organization"},"alternateName":"Litoral FM","potentialAction":[{"@type":"SearchAction","target":{"@type":"EntryPoint","urlTemplate":"https:\/\/radiolitoral.com\/?s={search_term_string}"},"query-input":{"@type":"PropertyValueSpecification","valueRequired":true,"valueName":"search_term_string"}}],"inLanguage":"ca"},{"@type":"Organization","@id":"https:\/\/radiolitoral.com\/#organization","name":"R\u00e0dio Litoral","url":"https:\/\/radiolitoral.com\/","logo":{"@type":"ImageObject","inLanguage":"ca","@id":"https:\/\/radiolitoral.com\/#\/schema\/logo\/image\/","url":"https:\/\/media.radiolitoral.com\/wp-content\/uploads\/2023\/02\/24143238\/CL-V-RadioLitoral696.png","contentUrl":"https:\/\/media.radiolitoral.com\/wp-content\/uploads\/2023\/02\/24143238\/CL-V-RadioLitoral696.png","width":696,"height":696,"caption":"Radio Litoral"},"image":{"@id":"https:\/\/radiolitoral.com\/#\/schema\/logo\/image\/"},"sameAs":["https:\/\/www.facebook.com\/Laradiolitoral\/"]},{"@type":"Person","@id":"https:\/\/radiolitoral.com\/#\/schema\/person\/96b739642eb3bedb532aac3812d23307","name":"Redacci\u00f3","image":{"@type":"ImageObject","inLanguage":"ca","@id":"https:\/\/secure.gravatar.com\/avatar\/30cd06129ee90411dd9c7cbdcf17464181d1a3c7b072e92070ea75a25cf0097e?s=96&d=mm&r=g","url":"https:\/\/secure.gravatar.com\/avatar\/30cd06129ee90411dd9c7cbdcf17464181d1a3c7b072e92070ea75a25cf0097e?s=96&d=mm&r=g","contentUrl":"https:\/\/secure.gravatar.com\/avatar\/30cd06129ee90411dd9c7cbdcf17464181d1a3c7b072e92070ea75a25cf0097e?s=96&d=mm&r=g","caption":"Redacci\u00f3n"},"url":"https:\/\/radiolitoral.com\/ca\/author\/kevin-carrio\/"}]}},"_links":{"self":[{"href":"https:\/\/radiolitoral.com\/ca\/wp-json\/wp\/v2\/posts\/10543","targetHints":{"allow":["GET"]}}],"collection":[{"href":"https:\/\/radiolitoral.com\/ca\/wp-json\/wp\/v2\/posts"}],"about":[{"href":"https:\/\/radiolitoral.com\/ca\/wp-json\/wp\/v2\/types\/post"}],"author":[{"embeddable":true,"href":"https:\/\/radiolitoral.com\/ca\/wp-json\/wp\/v2\/users\/14"}],"replies":[{"embeddable":true,"href":"https:\/\/radiolitoral.com\/ca\/wp-json\/wp\/v2\/comments?post=10543"}],"version-history":[{"count":6,"href":"https:\/\/radiolitoral.com\/ca\/wp-json\/wp\/v2\/posts\/10543\/revisions"}],"predecessor-version":[{"id":10553,"href":"https:\/\/radiolitoral.com\/ca\/wp-json\/wp\/v2\/posts\/10543\/revisions\/10553"}],"wp:featuredmedia":[{"embeddable":true,"href":"https:\/\/radiolitoral.com\/ca\/wp-json\/wp\/v2\/media\/6508"}],"wp:attachment":[{"href":"https:\/\/radiolitoral.com\/ca\/wp-json\/wp\/v2\/media?parent=10543"}],"wp:term":[{"taxonomy":"category","embeddable":true,"href":"https:\/\/radiolitoral.com\/ca\/wp-json\/wp\/v2\/categories?post=10543"},{"taxonomy":"post_tag","embeddable":true,"href":"https:\/\/radiolitoral.com\/ca\/wp-json\/wp\/v2\/tags?post=10543"}],"curies":[{"name":"wp","href":"https:\/\/api.w.org\/{rel}","templated":true}]}}