{"id":10515,"date":"2024-08-02T17:22:37","date_gmt":"2024-08-02T15:22:37","guid":{"rendered":"https:\/\/radiolitoral.com\/?p=10515"},"modified":"2024-08-02T17:22:37","modified_gmt":"2024-08-02T15:22:37","slug":"teulada-medieval-transforma-el-centre-historic-en-una-immersi-al-passat","status":"publish","type":"post","link":"https:\/\/radiolitoral.com\/ca\/2024\/08\/teulada-medieval-transforma-el-centre-historic-en-una-immersio-en-el-passat\/","title":{"rendered":"Teulada Medieval transforma el centre hist\u00f2ric en una immersi\u00f3 al passat"},"content":{"rendered":"<p><strong>Del 8 al 11 d&#039;agost<\/strong>, el centre hist\u00f2ric de Teulada es converteix en un viatge al passat amb la celebraci\u00f3 de la <strong>Teulada Medieval<\/strong>. En un horari de 19.00 a 01.30 hores, els visitants podran gaudir d&#039;un mercat ple d&#039;artesania i gastronomia. Aquest any, s&#039;hi destacaran les <strong>parades tem\u00e0tiques<\/strong> amb la participaci\u00f3 de col\u00b7lectius locals com la Comissi\u00f3 de Festes dels Sants de la Pedra, les Mestresses de Casa de Teulada o l&#039;Associaci\u00f3 VI\u00e9 Centenari.<\/p>\n<p><img loading=\"lazy\" decoding=\"async\" class=\"size-large wp-image-10519 aligncenter\" src=\"https:\/\/media.radiolitoral.com\/wp-content\/uploads\/2024\/08\/02172106\/cdbfeecc810215b99c016aaca8a5f63719928ef36efa378a69df372ea1b95291-730x1024.jpg\" alt=\"\" width=\"640\" height=\"898\" srcset=\"https:\/\/media.radiolitoral.com\/wp-content\/uploads\/2024\/08\/02172106\/cdbfeecc810215b99c016aaca8a5f63719928ef36efa378a69df372ea1b95291-730x1024.jpg 730w, https:\/\/media.radiolitoral.com\/wp-content\/uploads\/2024\/08\/02172106\/cdbfeecc810215b99c016aaca8a5f63719928ef36efa378a69df372ea1b95291-214x300.jpg 214w, https:\/\/media.radiolitoral.com\/wp-content\/uploads\/2024\/08\/02172106\/cdbfeecc810215b99c016aaca8a5f63719928ef36efa378a69df372ea1b95291-768x1078.jpg 768w, https:\/\/media.radiolitoral.com\/wp-content\/uploads\/2024\/08\/02172106\/cdbfeecc810215b99c016aaca8a5f63719928ef36efa378a69df372ea1b95291-1095x1536.jpg 1095w, https:\/\/media.radiolitoral.com\/wp-content\/uploads\/2024\/08\/02172106\/cdbfeecc810215b99c016aaca8a5f63719928ef36efa378a69df372ea1b95291-9x12.jpg 9w, https:\/\/media.radiolitoral.com\/wp-content\/uploads\/2024\/08\/02172106\/cdbfeecc810215b99c016aaca8a5f63719928ef36efa378a69df372ea1b95291-713x1000.jpg 713w, https:\/\/media.radiolitoral.com\/wp-content\/uploads\/2024\/08\/02172106\/cdbfeecc810215b99c016aaca8a5f63719928ef36efa378a69df372ea1b95291-71x100.jpg 71w, https:\/\/media.radiolitoral.com\/wp-content\/uploads\/2024\/08\/02172106\/cdbfeecc810215b99c016aaca8a5f63719928ef36efa378a69df372ea1b95291-143x200.jpg 143w, https:\/\/media.radiolitoral.com\/wp-content\/uploads\/2024\/08\/02172106\/cdbfeecc810215b99c016aaca8a5f63719928ef36efa378a69df372ea1b95291.jpg 1300w\" sizes=\"auto, (max-width: 640px) 100vw, 640px\" \/><\/p>\n<h4>Inici de la festa: cavalcada medieval<\/h4>\n<p>La festa comen\u00e7ar\u00e0 amb una gran cavalcada medieval el jueus 8 d&#039;agost a les 20 hores des de l&#039;Av. Santa Caterina. L&#039;estendard de la festa, acompanyat de gegants, m\u00fasics, ballarins, vol d&#039;halcons, cavallers i personatges m\u00edstics, encap\u00e7alar\u00e0 la comitiva festera. Hi participaran la Comissi\u00f3 de Festes Infantil, la Reina de Festes 2024 amb les seves dames, l&#039;Associaci\u00f3 de Traginers, la Colla El Fal\u00e7\u00f3 i la Coral Teuladina.<\/p>\n<figure id=\"attachment_10516\" aria-describedby=\"caption-attachment-10516\" style=\"width: 700px\" class=\"wp-caption aligncenter\"><img loading=\"lazy\" decoding=\"async\" class=\"wp-image-10516 size-full\" src=\"https:\/\/media.radiolitoral.com\/wp-content\/uploads\/2024\/08\/02171909\/teulada-medieval-2023-1.jpg\" alt=\"\" width=\"700\" height=\"700\" srcset=\"https:\/\/media.radiolitoral.com\/wp-content\/uploads\/2024\/08\/02171909\/teulada-medieval-2023-1.jpg 700w, https:\/\/media.radiolitoral.com\/wp-content\/uploads\/2024\/08\/02171909\/teulada-medieval-2023-1-300x300.jpg 300w, https:\/\/media.radiolitoral.com\/wp-content\/uploads\/2024\/08\/02171909\/teulada-medieval-2023-1-150x150.jpg 150w, https:\/\/media.radiolitoral.com\/wp-content\/uploads\/2024\/08\/02171909\/teulada-medieval-2023-1-12x12.jpg 12w, https:\/\/media.radiolitoral.com\/wp-content\/uploads\/2024\/08\/02171909\/teulada-medieval-2023-1-100x100.jpg 100w, https:\/\/media.radiolitoral.com\/wp-content\/uploads\/2024\/08\/02171909\/teulada-medieval-2023-1-200x200.jpg 200w\" sizes=\"auto, (max-width: 700px) 100vw, 700px\" \/><figcaption id=\"caption-attachment-10516\" class=\"wp-caption-text\">Desfilada a Teulada Medieval | Turisme Teulada Moraira<\/figcaption><\/figure>\n<h4>Experi\u00e8ncies \u00faniques i activitats variades<\/h4>\n<p>Durant els dies del mercat, els visitants podran veure artesans treballant l&#039;espart i la fusta, exhibicions de falconeria amb vol d&#039;\u00e0guila i falc\u00f3, dansa del vientre amb m\u00fasica en directe, i personatges m\u00edstics passejant. Tamb\u00e9 hi haur\u00e0 acrob\u00e0cies a la pla\u00e7a de l&#039;Esgl\u00e9sia i espectacles de foc. Els m\u00e9s menuts tindran l&#039;oportunitat de participar a l&#039;escola d&#039;escuders, mentre que els cavallers custodien el mercat. Els jocs de taula i els photocalls oferiran diversi\u00f3 addicional per a tots els p\u00fablics.<\/p>\n<h4>Programaci\u00f3 cultural paral\u00b7lela<\/h4>\n<p>A m\u00e9s del mercat, es duren a terme altres esdeveniments culturals. El divendres 9 d&#039;agost es projectar\u00e0 una pel\u00b7l\u00edcula de tem\u00e0tica medieval al cinema d&#039;estiu. El mateix dia de la inauguraci\u00f3, la Coral Teuladina oferir\u00e0 un concert. El dissabte 10 d&#039;agost, els visitants podran gaudir de l&#039;exposici\u00f3 museogr\u00e0fica sobre Sant Vicent Ferrer i l&#039;actuaci\u00f3 del Grup de Danses Font Santa de Teulada.<\/p>\n<h4>Declaracions de les autoritats locals<\/h4>\n<p>La regidora de Mercats, Mari Cant\u00f3, ha destacat la import\u00e0ncia dels mercats tem\u00e0tics com el Medieval: \u201cja que \u00e9s un punt m\u00e9s de trobada social, cultural i comercial per al municipi\u201d.<\/p>\n<p>Per la seva banda, la regidora de Cultura, Rosana Caselles, ha animat tothom a gaudir de la hist\u00f2ria, la m\u00fasica i la vida que oferir\u00e0 la Teulada Medieval durant aquest cap de setmana dagost.<\/p>","protected":false},"excerpt":{"rendered":"<p>Del 8 a l\u201911 d\u2019agost, el centre hist\u00f2ric de Teulada es converteix en un viatge al passat amb la celebraci\u00f3 de la Teulada Medieval. En un horari de 19:00 a 01:30 hores, els visitants podran gaudir d\u2019un mercat ple d\u2019artesania i gastronomia. Enguany, s\u2019hi destacaran les parades tem\u00e0tiques amb la participaci\u00f3 de col\u00b7lectius locals com [&#8230;]<\/p>\n<p><a class=\"btn btn-secondary understrap-read-more-link\" href=\"https:\/\/radiolitoral.com\/ca\/2024\/08\/teulada-medieval-transforma-el-centre-historic-en-una-immersio-en-el-passat\/\">Continua llegint&#8230;<span class=\"screen-reader-text\"> from Teulada Medieval transforma el centre hist\u00f2ric en una immersi\u00f3 en el passat<\/span><\/a><\/p>\n","protected":false},"author":14,"featured_media":10517,"comment_status":"open","ping_status":"closed","sticky":false,"template":"","format":"standard","meta":{"_acf_changed":false,"inline_featured_image":false,"footnotes":""},"categories":[46],"tags":[1952,1160,146,1951],"class_list":["post-10515","post","type-post","status-publish","format-standard","has-post-thumbnail","hentry","category-sociedad","tag-feria-medieval","tag-sociedad","tag-teulada","tag-teulada-medieval","cobertura-teulada-moraira"],"acf":[],"yoast_head":"<!-- This site is optimized with the Yoast SEO plugin v27.5 - https:\/\/yoast.com\/product\/yoast-seo-wordpress\/ -->\n<title>Teulada Medieval transforma el centre hist\u00f2ric en una immersi\u00f3 en el passat | R\u00e0dio Litoral<\/title>\n<meta name=\"description\" content=\"Un viatge al passat que se celebra del 8 a l\u201911 d\u2019agost\" \/>\n<meta name=\"robots\" content=\"index, follow, max-snippet:-1, max-image-preview:large, max-video-preview:-1\" \/>\n<link rel=\"canonical\" href=\"https:\/\/radiolitoral.com\/ca\/2024\/08\/teulada-medieval-transforma-el-centre-historic-en-una-immersi-al-passat\/\" \/>\n<meta property=\"og:locale\" content=\"ca_ES\" \/>\n<meta property=\"og:type\" content=\"article\" \/>\n<meta property=\"og:title\" content=\"Teulada Medieval transforma el centre hist\u00f2ric en una immersi\u00f3 en el passat | R\u00e0dio Litoral\" \/>\n<meta property=\"og:description\" content=\"Un viatge al passat que se celebra del 8 a l\u201911 d\u2019agost\" \/>\n<meta property=\"og:url\" content=\"https:\/\/radiolitoral.com\/ca\/2024\/08\/teulada-medieval-transforma-el-centre-historic-en-una-immersi-al-passat\/\" \/>\n<meta property=\"og:site_name\" content=\"R\u00e0dio Litoral\" \/>\n<meta property=\"article:publisher\" content=\"https:\/\/www.facebook.com\/Laradiolitoral\/\" \/>\n<meta property=\"article:published_time\" content=\"2024-08-02T15:22:37+00:00\" \/>\n<meta property=\"og:image\" content=\"https:\/\/media.radiolitoral.com\/wp-content\/uploads\/2024\/08\/02171911\/teulada-medieval-2023-2-e1722611962139.jpg\" \/>\n\t<meta property=\"og:image:width\" content=\"700\" \/>\n\t<meta property=\"og:image:height\" content=\"585\" \/>\n\t<meta property=\"og:image:type\" content=\"image\/jpeg\" \/>\n<meta name=\"author\" content=\"Redacci\u00f3n\" \/>\n<meta name=\"twitter:card\" content=\"summary_large_image\" \/>\n<meta name=\"twitter:label1\" content=\"Escrit per\" \/>\n\t<meta name=\"twitter:data1\" content=\"Redacci\u00f3n\" \/>\n\t<meta name=\"twitter:label2\" content=\"Temps estimat de lectura\" \/>\n\t<meta name=\"twitter:data2\" content=\"3 minuts\" \/>\n<script type=\"application\/ld+json\" class=\"yoast-schema-graph\">{\"@context\":\"https:\\\/\\\/schema.org\",\"@graph\":[{\"@type\":\"NewsArticle\",\"@id\":\"https:\\\/\\\/radiolitoral.com\\\/2024\\\/08\\\/teulada-medieval-transforma-el-centre-historic-en-una-immersio-en-el-passat\\\/#article\",\"isPartOf\":{\"@id\":\"https:\\\/\\\/radiolitoral.com\\\/2024\\\/08\\\/teulada-medieval-transforma-el-centre-historic-en-una-immersio-en-el-passat\\\/\"},\"author\":{\"name\":\"Redacci\u00f3n\",\"@id\":\"https:\\\/\\\/radiolitoral.com\\\/#\\\/schema\\\/person\\\/96b739642eb3bedb532aac3812d23307\"},\"headline\":\"Teulada Medieval transforma el centre hist\u00f2ric en una immersi\u00f3 en el passat\",\"datePublished\":\"2024-08-02T15:22:37+00:00\",\"mainEntityOfPage\":{\"@id\":\"https:\\\/\\\/radiolitoral.com\\\/2024\\\/08\\\/teulada-medieval-transforma-el-centre-historic-en-una-immersio-en-el-passat\\\/\"},\"wordCount\":434,\"commentCount\":0,\"publisher\":{\"@id\":\"https:\\\/\\\/radiolitoral.com\\\/#organization\"},\"image\":{\"@id\":\"https:\\\/\\\/radiolitoral.com\\\/2024\\\/08\\\/teulada-medieval-transforma-el-centre-historic-en-una-immersio-en-el-passat\\\/#primaryimage\"},\"thumbnailUrl\":\"https:\\\/\\\/media.radiolitoral.com\\\/wp-content\\\/uploads\\\/2024\\\/08\\\/02171911\\\/teulada-medieval-2023-2-e1722611962139.jpg\",\"keywords\":[\"feria medieval\",\"sociedad\",\"Teulada\",\"teulada medieval\"],\"articleSection\":[\"Sociedad\"],\"inLanguage\":\"ca\",\"potentialAction\":[{\"@type\":\"CommentAction\",\"name\":\"Comment\",\"target\":[\"https:\\\/\\\/radiolitoral.com\\\/2024\\\/08\\\/teulada-medieval-transforma-el-centre-historic-en-una-immersio-en-el-passat\\\/#respond\"]}]},{\"@type\":[\"WebPage\",\"ItemPage\"],\"@id\":\"https:\\\/\\\/radiolitoral.com\\\/2024\\\/08\\\/teulada-medieval-transforma-el-centre-historic-en-una-immersio-en-el-passat\\\/\",\"url\":\"https:\\\/\\\/radiolitoral.com\\\/2024\\\/08\\\/teulada-medieval-transforma-el-centre-historic-en-una-immersio-en-el-passat\\\/\",\"name\":\"Teulada Medieval transforma el centre hist\u00f2ric en una immersi\u00f3 en el passat | R\u00e0dio Litoral\",\"isPartOf\":{\"@id\":\"https:\\\/\\\/radiolitoral.com\\\/#website\"},\"primaryImageOfPage\":{\"@id\":\"https:\\\/\\\/radiolitoral.com\\\/2024\\\/08\\\/teulada-medieval-transforma-el-centre-historic-en-una-immersio-en-el-passat\\\/#primaryimage\"},\"image\":{\"@id\":\"https:\\\/\\\/radiolitoral.com\\\/2024\\\/08\\\/teulada-medieval-transforma-el-centre-historic-en-una-immersio-en-el-passat\\\/#primaryimage\"},\"thumbnailUrl\":\"https:\\\/\\\/media.radiolitoral.com\\\/wp-content\\\/uploads\\\/2024\\\/08\\\/02171911\\\/teulada-medieval-2023-2-e1722611962139.jpg\",\"datePublished\":\"2024-08-02T15:22:37+00:00\",\"description\":\"Un viatge al passat que se celebra del 8 a l\u201911 d\u2019agost\",\"breadcrumb\":{\"@id\":\"https:\\\/\\\/radiolitoral.com\\\/2024\\\/08\\\/teulada-medieval-transforma-el-centre-historic-en-una-immersio-en-el-passat\\\/#breadcrumb\"},\"inLanguage\":\"ca\",\"potentialAction\":[{\"@type\":\"ReadAction\",\"target\":[\"https:\\\/\\\/radiolitoral.com\\\/2024\\\/08\\\/teulada-medieval-transforma-el-centre-historic-en-una-immersio-en-el-passat\\\/\"]}]},{\"@type\":\"ImageObject\",\"inLanguage\":\"ca\",\"@id\":\"https:\\\/\\\/radiolitoral.com\\\/2024\\\/08\\\/teulada-medieval-transforma-el-centre-historic-en-una-immersio-en-el-passat\\\/#primaryimage\",\"url\":\"https:\\\/\\\/media.radiolitoral.com\\\/wp-content\\\/uploads\\\/2024\\\/08\\\/02171911\\\/teulada-medieval-2023-2-e1722611962139.jpg\",\"contentUrl\":\"https:\\\/\\\/media.radiolitoral.com\\\/wp-content\\\/uploads\\\/2024\\\/08\\\/02171911\\\/teulada-medieval-2023-2-e1722611962139.jpg\",\"width\":700,\"height\":585},{\"@type\":\"BreadcrumbList\",\"@id\":\"https:\\\/\\\/radiolitoral.com\\\/2024\\\/08\\\/teulada-medieval-transforma-el-centre-historic-en-una-immersio-en-el-passat\\\/#breadcrumb\",\"itemListElement\":[{\"@type\":\"ListItem\",\"position\":1,\"name\":\"Portada\",\"item\":\"https:\\\/\\\/radiolitoral.com\\\/\"},{\"@type\":\"ListItem\",\"position\":2,\"name\":\"Teulada Medieval transforma el centre hist\u00f2ric en una immersi\u00f3 en el passat\"}]},{\"@type\":\"WebSite\",\"@id\":\"https:\\\/\\\/radiolitoral.com\\\/#website\",\"url\":\"https:\\\/\\\/radiolitoral.com\\\/\",\"name\":\"Radio Litoral\",\"description\":\"La radio local de la Marina Alta\",\"publisher\":{\"@id\":\"https:\\\/\\\/radiolitoral.com\\\/#organization\"},\"alternateName\":\"Litoral FM\",\"potentialAction\":[{\"@type\":\"SearchAction\",\"target\":{\"@type\":\"EntryPoint\",\"urlTemplate\":\"https:\\\/\\\/radiolitoral.com\\\/?s={search_term_string}\"},\"query-input\":{\"@type\":\"PropertyValueSpecification\",\"valueRequired\":true,\"valueName\":\"search_term_string\"}}],\"inLanguage\":\"ca\"},{\"@type\":\"Organization\",\"@id\":\"https:\\\/\\\/radiolitoral.com\\\/#organization\",\"name\":\"Radio Litoral\",\"url\":\"https:\\\/\\\/radiolitoral.com\\\/\",\"logo\":{\"@type\":\"ImageObject\",\"inLanguage\":\"ca\",\"@id\":\"https:\\\/\\\/radiolitoral.com\\\/#\\\/schema\\\/logo\\\/image\\\/\",\"url\":\"https:\\\/\\\/media.radiolitoral.com\\\/wp-content\\\/uploads\\\/2023\\\/02\\\/24143238\\\/CL-V-RadioLitoral696.png\",\"contentUrl\":\"https:\\\/\\\/media.radiolitoral.com\\\/wp-content\\\/uploads\\\/2023\\\/02\\\/24143238\\\/CL-V-RadioLitoral696.png\",\"width\":696,\"height\":696,\"caption\":\"Radio Litoral\"},\"image\":{\"@id\":\"https:\\\/\\\/radiolitoral.com\\\/#\\\/schema\\\/logo\\\/image\\\/\"},\"sameAs\":[\"https:\\\/\\\/www.facebook.com\\\/Laradiolitoral\\\/\"]},{\"@type\":\"Person\",\"@id\":\"https:\\\/\\\/radiolitoral.com\\\/#\\\/schema\\\/person\\\/96b739642eb3bedb532aac3812d23307\",\"name\":\"Redacci\u00f3n\",\"image\":{\"@type\":\"ImageObject\",\"inLanguage\":\"ca\",\"@id\":\"https:\\\/\\\/secure.gravatar.com\\\/avatar\\\/30cd06129ee90411dd9c7cbdcf17464181d1a3c7b072e92070ea75a25cf0097e?s=96&d=mm&r=g\",\"url\":\"https:\\\/\\\/secure.gravatar.com\\\/avatar\\\/30cd06129ee90411dd9c7cbdcf17464181d1a3c7b072e92070ea75a25cf0097e?s=96&d=mm&r=g\",\"contentUrl\":\"https:\\\/\\\/secure.gravatar.com\\\/avatar\\\/30cd06129ee90411dd9c7cbdcf17464181d1a3c7b072e92070ea75a25cf0097e?s=96&d=mm&r=g\",\"caption\":\"Redacci\u00f3n\"},\"url\":\"https:\\\/\\\/radiolitoral.com\\\/ca\\\/author\\\/kevin-carrio\\\/\"}]}<\/script>\n<!-- \/ Yoast SEO plugin. -->","yoast_head_json":{"title":"Teulada Medieval transforma el centre hist\u00f2ric en una immersi\u00f3 al passat | R\u00e0dio Litoral","description":"Un viatge al passat que se celebra del 8 al 11 d&#039;agost","robots":{"index":"index","follow":"follow","max-snippet":"max-snippet:-1","max-image-preview":"max-image-preview:large","max-video-preview":"max-video-preview:-1"},"canonical":"https:\/\/radiolitoral.com\/ca\/2024\/08\/teulada-medieval-transforma-el-centre-historic-en-una-immersi-al-passat\/","og_locale":"ca_ES","og_type":"article","og_title":"Teulada Medieval transforma el centre hist\u00f2ric en una immersi\u00f3 en el passat | R\u00e0dio Litoral","og_description":"Un viatge al passat que se celebra del 8 a l\u201911 d\u2019agost","og_url":"https:\/\/radiolitoral.com\/ca\/2024\/08\/teulada-medieval-transforma-el-centre-historic-en-una-immersi-al-passat\/","og_site_name":"R\u00e0dio Litoral","article_publisher":"https:\/\/www.facebook.com\/Laradiolitoral\/","article_published_time":"2024-08-02T15:22:37+00:00","og_image":[{"width":700,"height":585,"url":"https:\/\/media.radiolitoral.com\/wp-content\/uploads\/2024\/08\/02171911\/teulada-medieval-2023-2-e1722611962139.jpg","type":"image\/jpeg"}],"author":"Redacci\u00f3n","twitter_card":"summary_large_image","twitter_misc":{"Escrit per":"Redacci\u00f3n","Temps estimat de lectura":"3 minuts"},"schema":{"@context":"https:\/\/schema.org","@graph":[{"@type":"NewsArticle","@id":"https:\/\/radiolitoral.com\/2024\/08\/teulada-medieval-transforma-el-centre-historic-en-una-immersio-en-el-passat\/#article","isPartOf":{"@id":"https:\/\/radiolitoral.com\/2024\/08\/teulada-medieval-transforma-el-centre-historic-en-una-immersio-en-el-passat\/"},"author":{"name":"Redacci\u00f3n","@id":"https:\/\/radiolitoral.com\/#\/schema\/person\/96b739642eb3bedb532aac3812d23307"},"headline":"Teulada Medieval transforma el centre hist\u00f2ric en una immersi\u00f3 en el passat","datePublished":"2024-08-02T15:22:37+00:00","mainEntityOfPage":{"@id":"https:\/\/radiolitoral.com\/2024\/08\/teulada-medieval-transforma-el-centre-historic-en-una-immersio-en-el-passat\/"},"wordCount":434,"commentCount":0,"publisher":{"@id":"https:\/\/radiolitoral.com\/#organization"},"image":{"@id":"https:\/\/radiolitoral.com\/2024\/08\/teulada-medieval-transforma-el-centre-historic-en-una-immersio-en-el-passat\/#primaryimage"},"thumbnailUrl":"https:\/\/media.radiolitoral.com\/wp-content\/uploads\/2024\/08\/02171911\/teulada-medieval-2023-2-e1722611962139.jpg","keywords":["feria medieval","sociedad","Teulada","teulada medieval"],"articleSection":["Sociedad"],"inLanguage":"ca","potentialAction":[{"@type":"CommentAction","name":"Comment","target":["https:\/\/radiolitoral.com\/2024\/08\/teulada-medieval-transforma-el-centre-historic-en-una-immersio-en-el-passat\/#respond"]}]},{"@type":["WebPage","ItemPage"],"@id":"https:\/\/radiolitoral.com\/2024\/08\/teulada-medieval-transforma-el-centre-historic-en-una-immersio-en-el-passat\/","url":"https:\/\/radiolitoral.com\/2024\/08\/teulada-medieval-transforma-el-centre-historic-en-una-immersio-en-el-passat\/","name":"Teulada Medieval transforma el centre hist\u00f2ric en una immersi\u00f3 al passat | R\u00e0dio Litoral","isPartOf":{"@id":"https:\/\/radiolitoral.com\/#website"},"primaryImageOfPage":{"@id":"https:\/\/radiolitoral.com\/2024\/08\/teulada-medieval-transforma-el-centre-historic-en-una-immersio-en-el-passat\/#primaryimage"},"image":{"@id":"https:\/\/radiolitoral.com\/2024\/08\/teulada-medieval-transforma-el-centre-historic-en-una-immersio-en-el-passat\/#primaryimage"},"thumbnailUrl":"https:\/\/media.radiolitoral.com\/wp-content\/uploads\/2024\/08\/02171911\/teulada-medieval-2023-2-e1722611962139.jpg","datePublished":"2024-08-02T15:22:37+00:00","description":"Un viatge al passat que se celebra del 8 al 11 d&#039;agost","breadcrumb":{"@id":"https:\/\/radiolitoral.com\/2024\/08\/teulada-medieval-transforma-el-centre-historic-en-una-immersio-en-el-passat\/#breadcrumb"},"inLanguage":"ca","potentialAction":[{"@type":"ReadAction","target":["https:\/\/radiolitoral.com\/2024\/08\/teulada-medieval-transforma-el-centre-historic-en-una-immersio-en-el-passat\/"]}]},{"@type":"ImageObject","inLanguage":"ca","@id":"https:\/\/radiolitoral.com\/2024\/08\/teulada-medieval-transforma-el-centre-historic-en-una-immersio-en-el-passat\/#primaryimage","url":"https:\/\/media.radiolitoral.com\/wp-content\/uploads\/2024\/08\/02171911\/teulada-medieval-2023-2-e1722611962139.jpg","contentUrl":"https:\/\/media.radiolitoral.com\/wp-content\/uploads\/2024\/08\/02171911\/teulada-medieval-2023-2-e1722611962139.jpg","width":700,"height":585},{"@type":"BreadcrumbList","@id":"https:\/\/radiolitoral.com\/2024\/08\/teulada-medieval-transforma-el-centre-historic-en-una-immersio-en-el-passat\/#breadcrumb","itemListElement":[{"@type":"ListItem","position":1,"name":"Portada","item":"https:\/\/radiolitoral.com\/"},{"@type":"ListItem","position":2,"name":"Teulada Medieval transforma el centre hist\u00f2ric en una immersi\u00f3 en el passat"}]},{"@type":"WebSite","@id":"https:\/\/radiolitoral.com\/#website","url":"https:\/\/radiolitoral.com\/","name":"R\u00e0dio Litoral","description":"La r\u00e0dio local de la Marina Alta","publisher":{"@id":"https:\/\/radiolitoral.com\/#organization"},"alternateName":"Litoral FM","potentialAction":[{"@type":"SearchAction","target":{"@type":"EntryPoint","urlTemplate":"https:\/\/radiolitoral.com\/?s={search_term_string}"},"query-input":{"@type":"PropertyValueSpecification","valueRequired":true,"valueName":"search_term_string"}}],"inLanguage":"ca"},{"@type":"Organization","@id":"https:\/\/radiolitoral.com\/#organization","name":"R\u00e0dio Litoral","url":"https:\/\/radiolitoral.com\/","logo":{"@type":"ImageObject","inLanguage":"ca","@id":"https:\/\/radiolitoral.com\/#\/schema\/logo\/image\/","url":"https:\/\/media.radiolitoral.com\/wp-content\/uploads\/2023\/02\/24143238\/CL-V-RadioLitoral696.png","contentUrl":"https:\/\/media.radiolitoral.com\/wp-content\/uploads\/2023\/02\/24143238\/CL-V-RadioLitoral696.png","width":696,"height":696,"caption":"Radio Litoral"},"image":{"@id":"https:\/\/radiolitoral.com\/#\/schema\/logo\/image\/"},"sameAs":["https:\/\/www.facebook.com\/Laradiolitoral\/"]},{"@type":"Person","@id":"https:\/\/radiolitoral.com\/#\/schema\/person\/96b739642eb3bedb532aac3812d23307","name":"Redacci\u00f3","image":{"@type":"ImageObject","inLanguage":"ca","@id":"https:\/\/secure.gravatar.com\/avatar\/30cd06129ee90411dd9c7cbdcf17464181d1a3c7b072e92070ea75a25cf0097e?s=96&d=mm&r=g","url":"https:\/\/secure.gravatar.com\/avatar\/30cd06129ee90411dd9c7cbdcf17464181d1a3c7b072e92070ea75a25cf0097e?s=96&d=mm&r=g","contentUrl":"https:\/\/secure.gravatar.com\/avatar\/30cd06129ee90411dd9c7cbdcf17464181d1a3c7b072e92070ea75a25cf0097e?s=96&d=mm&r=g","caption":"Redacci\u00f3n"},"url":"https:\/\/radiolitoral.com\/ca\/author\/kevin-carrio\/"}]}},"_links":{"self":[{"href":"https:\/\/radiolitoral.com\/ca\/wp-json\/wp\/v2\/posts\/10515","targetHints":{"allow":["GET"]}}],"collection":[{"href":"https:\/\/radiolitoral.com\/ca\/wp-json\/wp\/v2\/posts"}],"about":[{"href":"https:\/\/radiolitoral.com\/ca\/wp-json\/wp\/v2\/types\/post"}],"author":[{"embeddable":true,"href":"https:\/\/radiolitoral.com\/ca\/wp-json\/wp\/v2\/users\/14"}],"replies":[{"embeddable":true,"href":"https:\/\/radiolitoral.com\/ca\/wp-json\/wp\/v2\/comments?post=10515"}],"version-history":[{"count":2,"href":"https:\/\/radiolitoral.com\/ca\/wp-json\/wp\/v2\/posts\/10515\/revisions"}],"predecessor-version":[{"id":10520,"href":"https:\/\/radiolitoral.com\/ca\/wp-json\/wp\/v2\/posts\/10515\/revisions\/10520"}],"wp:featuredmedia":[{"embeddable":true,"href":"https:\/\/radiolitoral.com\/ca\/wp-json\/wp\/v2\/media\/10517"}],"wp:attachment":[{"href":"https:\/\/radiolitoral.com\/ca\/wp-json\/wp\/v2\/media?parent=10515"}],"wp:term":[{"taxonomy":"category","embeddable":true,"href":"https:\/\/radiolitoral.com\/ca\/wp-json\/wp\/v2\/categories?post=10515"},{"taxonomy":"post_tag","embeddable":true,"href":"https:\/\/radiolitoral.com\/ca\/wp-json\/wp\/v2\/tags?post=10515"}],"curies":[{"name":"wp","href":"https:\/\/api.w.org\/{rel}","templated":true}]}}