{"id":10480,"date":"2024-08-02T10:40:15","date_gmt":"2024-08-02T08:40:15","guid":{"rendered":"https:\/\/radiolitoral.com\/?p=10480"},"modified":"2024-08-02T10:40:15","modified_gmt":"2024-08-02T08:40:15","slug":"el-cd-javea-inicia-su-preparacio-per-a-la-temporada-a-primera-ffcv","status":"publish","type":"post","link":"https:\/\/radiolitoral.com\/ca\/2024\/08\/el-cd-javea-inicia-la-seua-preparacio-per-a-la-temporada-en-primera-ffcv\/","title":{"rendered":"El CD X\u00e0bia inicia la seva preparaci\u00f3 per a la temporada a Primera FFCV"},"content":{"rendered":"<p>El <strong>CD\u00a0<span class=\"hiddenSpellError\">X\u00e0bia<\/span><\/strong>\u00a0ha comen\u00e7at la seva posada a punt per afrontar la propera temporada a la categoria de <strong>Primera\u00a0<span class=\"hiddenSpellError\">FFCV<\/span><\/strong>, amb el clar objectiu de tornar a la <strong>Lliga \u00c0 Punt Comunitat<\/strong>. Els blanc-i-vermells han centrat la seva preparaci\u00f3 en un rigor\u00f3s pla d&#039;entrenament, comen\u00e7ant per treballar a l&#039;aspecte f\u00edsic, una fase que els jugadors reconeixen com a necess\u00e0ria per mantenir la forma durant tota la temporada, encara que no seguiu la m\u00e9s agradable.<\/p>\n<p><strong>Incorporacions i refor\u00e7os clau<\/strong><\/p>\n<p>Sota la direcci\u00f3 del seu entrenador, <strong>Juliol Ivorra<\/strong>, l&#039;equip ha optat per mantenir el bloc de la passada campanya, encara que tamb\u00e9 ha realitzat incorporacions estrat\u00e8giques per refor\u00e7ar la plantilla. Entre els nous fitxatges es troba <strong>David <span class=\"hiddenSpellError\">Escuder<\/span><\/strong>, un defensa de contrastada qualitat que arriba procedent de la UE\u00a0<span class=\"hiddenSpellError\">Rapinteca<\/span>.\u00a0<span class=\"hiddenSpellError\">Escuder<\/span>\u00a0ha tingut un destacat pas per equips com l&#039;Ontinyent,\u00a0<span class=\"hiddenSpellError\">At<\/span>. Sagunt\u00ed i Badalona, aportant experi\u00e8ncia i solidesa a la l\u00ednia defensiva.<\/p>\n<p>A l&#039;atac, se suma <strong>Josep\u00a0<span class=\"hiddenSpellError\">Marcilla<\/span><\/strong>, procedent de la\u00a0<span class=\"hiddenSpellError\">UD<\/span>\u00a0Bellreguard, qui pr\u00e8viament va jugar a la categoria juvenil nacional amb el\u00a0<span class=\"hiddenSpellError\">CF<\/span>\u00a0Gandia. <strong>\u00c1lvaro\u00a0<span class=\"hiddenSpellError\">Tiscar<\/span><\/strong>, un vell conegut de l&#039;afici\u00f3\u00a0<span class=\"hiddenSpellError\">xabiera<\/span>, torna al club despr\u00e9s del seu pas per altres equips, mentre que des del CD D\u00e9nia arriba <strong>Llegeixo<\/strong>, un migcampista amb un gran llit esquerre i notable visi\u00f3 de joc.<\/p>\n<p>A m\u00e9s, el CD X\u00e0bia ha refortat la seva plantilla amb el lateral dret <strong><span class=\"hiddenSpellError\">Dani<\/span>\u00a0Lugo<\/strong> del\u00a0<span class=\"hiddenSpellError\">CF<\/span>\u00a0Benidorm B, el porter\u00a0<span class=\"hiddenSpellError\">Fede<\/span>\u00a0de l&#039;Olleria, <strong>Joan Signes<\/strong> per enfortir el mig camp despr\u00e9s del seu pas pel Gorgos\u00a0<span class=\"hiddenSpellError\">CF<\/span>, i\u00a0<strong><span class=\"hiddenSpellError\">Gustau<\/span>\u00a0<span class=\"hiddenSpellError\">Luccener<\/span><\/strong>, qui aporta la seva experi\u00e8ncia internacional des del futbol litu\u00e0.<\/p>\n<p><strong>Primers passos a la pretemporada<\/strong><\/p>\n<p>El primer partit de preparaci\u00f3 del CD X\u00e0bia ser\u00e0 el <strong>mi\u00e9rcoles 7 d&#039;agost<\/strong>, en el qual visitaran el camp del\u00a0<strong><span class=\"hiddenSpellError\">CF<\/span>\u00a0Benidorm B<\/strong>, un equip que competir\u00e0 a la <strong>Segona\u00a0<span class=\"hiddenSpellError\">FFCV<\/span><\/strong>. Aquest enfrontament ser\u00e0 una prova important per mesurar l&#039;estat f\u00edsic i t\u00e0ctic de l&#039;equip i perqu\u00e8 els nous fitxatges s&#039;integrin amb la resta de la plantilla.<\/p>\n<p>Amb una barreja de continu\u00eftat i nous talents, el CD X\u00e0bia est\u00e0 decidit a realitzar una campanya reeixida que els permeti aconseguir les seves fites. La pretemporada ser\u00e0 crucial per ajustar estrat\u00e8gies i consolidar l&#039;equip, amb la finalitat de competir al m\u00e0xim nivell i aspirar als llocs d&#039;ascens.<\/p>\n<p>L&#039;afici\u00f3 blanc-i-roja espera amb entusiasme l&#039;inici de la temporada, confiant que el treball i l&#039;esfor\u00e7 de l&#039;equip es tradueixin en bons resultats i en el tan desitjat retorn a la Lliga \u00c0 Punt Comunitat.<\/p>","protected":false},"excerpt":{"rendered":"<p>El CD\u00a0J\u00e1vea\u00a0ha comen\u00e7at la seua posada a punt per a afrontar la pr\u00f2xima temporada en la categoria de Primera\u00a0FFCV, amb el clar objectiu de tornar a la Liga \u00c0 Punt Comunitat. Els blanc-i-vermells han centrat la seua preparaci\u00f3 en un rigor\u00f3s pla d&#8217;entrenament, comen\u00e7ant per treballar en l&#8217;aspecte f\u00edsic, una fase que els jugadors reconeixen [&#8230;]<\/p>\n<p><a class=\"btn btn-secondary understrap-read-more-link\" href=\"https:\/\/radiolitoral.com\/ca\/2024\/08\/el-cd-javea-inicia-la-seua-preparacio-per-a-la-temporada-en-primera-ffcv\/\">Continua llegint&#8230;<span class=\"screen-reader-text\"> from El CD J\u00e1vea inicia la seua preparaci\u00f3 per a la temporada en Primera FFCV<\/span><\/a><\/p>\n","protected":false},"author":12,"featured_media":10481,"comment_status":"open","ping_status":"closed","sticky":false,"template":"","format":"standard","meta":{"_acf_changed":false,"inline_featured_image":false,"footnotes":""},"categories":[5],"tags":[1918,1332,1919,1916,6,1920,1661,1917,1503,1759,1915],"class_list":["post-10480","post","type-post","status-publish","format-standard","has-post-thumbnail","hentry","category-deportes","tag-alvaro-tiscar","tag-cd-javea","tag-dani-lugo","tag-david-escudero","tag-deportes","tag-gustavo-luccener","tag-joan-signes","tag-josep-marcilla","tag-julio-ivorra","tag-liga-a-punt-comunitat","tag-primera-ffcv","cobertura-xabia"],"acf":[],"yoast_head":"<!-- This site is optimized with the Yoast SEO plugin v27.5 - https:\/\/yoast.com\/product\/yoast-seo-wordpress\/ -->\n<title>El CD J\u00e1vea inicia la seua preparaci\u00f3 per a la temporada en Primera FFCV | R\u00e0dio Litoral<\/title>\n<meta name=\"description\" content=\"L&#039;equip que dirigix Julio Ivorra t\u00e9 com a objectiu ascendir de categoriaL&#039;equip que dirigix Julio Ivorra t\u00e9 com a objectiu ascendir de categoria\" \/>\n<meta name=\"robots\" content=\"index, follow, max-snippet:-1, max-image-preview:large, max-video-preview:-1\" \/>\n<link rel=\"canonical\" href=\"https:\/\/radiolitoral.com\/ca\/2024\/08\/el-cd-javea-inicia-su-preparacio-per-a-la-temporada-a-primera-ffcv\/\" \/>\n<meta property=\"og:locale\" content=\"ca_ES\" \/>\n<meta property=\"og:type\" content=\"article\" \/>\n<meta property=\"og:title\" content=\"El CD J\u00e1vea inicia la seua preparaci\u00f3 per a la temporada en Primera FFCV | R\u00e0dio Litoral\" \/>\n<meta property=\"og:description\" content=\"L&#039;equip que dirigix Julio Ivorra t\u00e9 com a objectiu ascendir de categoriaL&#039;equip que dirigix Julio Ivorra t\u00e9 com a objectiu ascendir de categoria\" \/>\n<meta property=\"og:url\" content=\"https:\/\/radiolitoral.com\/ca\/2024\/08\/el-cd-javea-inicia-su-preparacio-per-a-la-temporada-a-primera-ffcv\/\" \/>\n<meta property=\"og:site_name\" content=\"R\u00e0dio Litoral\" \/>\n<meta property=\"article:publisher\" content=\"https:\/\/www.facebook.com\/Laradiolitoral\/\" \/>\n<meta property=\"article:published_time\" content=\"2024-08-02T08:40:15+00:00\" \/>\n<meta property=\"og:image\" content=\"https:\/\/media.radiolitoral.com\/wp-content\/uploads\/2024\/08\/02103954\/Dani-Lugo-con-su-nueva-camiseta.jpg\" \/>\n\t<meta property=\"og:image:width\" content=\"1080\" \/>\n\t<meta property=\"og:image:height\" content=\"663\" \/>\n\t<meta property=\"og:image:type\" content=\"image\/jpeg\" \/>\n<meta name=\"author\" content=\"Javier Zamora\" \/>\n<meta name=\"twitter:card\" content=\"summary_large_image\" \/>\n<meta name=\"twitter:label1\" content=\"Escrit per\" \/>\n\t<meta name=\"twitter:data1\" content=\"Javier Zamora\" \/>\n\t<meta name=\"twitter:label2\" content=\"Temps estimat de lectura\" \/>\n\t<meta name=\"twitter:data2\" content=\"3 minuts\" \/>\n<script type=\"application\/ld+json\" class=\"yoast-schema-graph\">{\"@context\":\"https:\\\/\\\/schema.org\",\"@graph\":[{\"@type\":\"NewsArticle\",\"@id\":\"https:\\\/\\\/radiolitoral.com\\\/2024\\\/08\\\/el-cd-javea-inicia-la-seua-preparacio-per-a-la-temporada-en-primera-ffcv\\\/#article\",\"isPartOf\":{\"@id\":\"https:\\\/\\\/radiolitoral.com\\\/2024\\\/08\\\/el-cd-javea-inicia-la-seua-preparacio-per-a-la-temporada-en-primera-ffcv\\\/\"},\"author\":{\"name\":\"Javier Zamora\",\"@id\":\"https:\\\/\\\/radiolitoral.com\\\/#\\\/schema\\\/person\\\/7b1480b5caeb5acdd4ec6379caf62b22\"},\"headline\":\"El CD J\u00e1vea inicia la seua preparaci\u00f3 per a la temporada en Primera FFCV\",\"datePublished\":\"2024-08-02T08:40:15+00:00\",\"mainEntityOfPage\":{\"@id\":\"https:\\\/\\\/radiolitoral.com\\\/2024\\\/08\\\/el-cd-javea-inicia-la-seua-preparacio-per-a-la-temporada-en-primera-ffcv\\\/\"},\"wordCount\":473,\"commentCount\":0,\"publisher\":{\"@id\":\"https:\\\/\\\/radiolitoral.com\\\/#organization\"},\"image\":{\"@id\":\"https:\\\/\\\/radiolitoral.com\\\/2024\\\/08\\\/el-cd-javea-inicia-la-seua-preparacio-per-a-la-temporada-en-primera-ffcv\\\/#primaryimage\"},\"thumbnailUrl\":\"https:\\\/\\\/media.radiolitoral.com\\\/wp-content\\\/uploads\\\/2024\\\/08\\\/02103954\\\/Dani-Lugo-con-su-nueva-camiseta.jpg\",\"keywords\":[\"\u00c1lvaro\u00a0Tiscar\",\"CD J\u00e1vea\",\"Dani\u00a0Lugo\",\"David Escudero\",\"deportes\",\"Gustavo\u00a0Luccener\",\"Joan Signes\",\"Josep\u00a0Marcilla\",\"Julio Ivorra\",\"Liga \u00c0 Punt Comunitat\",\"Primera\u00a0FFCV\"],\"articleSection\":[\"Deportes\"],\"inLanguage\":\"ca\",\"potentialAction\":[{\"@type\":\"CommentAction\",\"name\":\"Comment\",\"target\":[\"https:\\\/\\\/radiolitoral.com\\\/2024\\\/08\\\/el-cd-javea-inicia-la-seua-preparacio-per-a-la-temporada-en-primera-ffcv\\\/#respond\"]}]},{\"@type\":[\"WebPage\",\"ItemPage\"],\"@id\":\"https:\\\/\\\/radiolitoral.com\\\/2024\\\/08\\\/el-cd-javea-inicia-la-seua-preparacio-per-a-la-temporada-en-primera-ffcv\\\/\",\"url\":\"https:\\\/\\\/radiolitoral.com\\\/2024\\\/08\\\/el-cd-javea-inicia-la-seua-preparacio-per-a-la-temporada-en-primera-ffcv\\\/\",\"name\":\"El CD J\u00e1vea inicia la seua preparaci\u00f3 per a la temporada en Primera FFCV | R\u00e0dio Litoral\",\"isPartOf\":{\"@id\":\"https:\\\/\\\/radiolitoral.com\\\/#website\"},\"primaryImageOfPage\":{\"@id\":\"https:\\\/\\\/radiolitoral.com\\\/2024\\\/08\\\/el-cd-javea-inicia-la-seua-preparacio-per-a-la-temporada-en-primera-ffcv\\\/#primaryimage\"},\"image\":{\"@id\":\"https:\\\/\\\/radiolitoral.com\\\/2024\\\/08\\\/el-cd-javea-inicia-la-seua-preparacio-per-a-la-temporada-en-primera-ffcv\\\/#primaryimage\"},\"thumbnailUrl\":\"https:\\\/\\\/media.radiolitoral.com\\\/wp-content\\\/uploads\\\/2024\\\/08\\\/02103954\\\/Dani-Lugo-con-su-nueva-camiseta.jpg\",\"datePublished\":\"2024-08-02T08:40:15+00:00\",\"description\":\"L'equip que dirigix Julio Ivorra t\u00e9 com a objectiu ascendir de categoriaL'equip que dirigix Julio Ivorra t\u00e9 com a objectiu ascendir de categoria\",\"breadcrumb\":{\"@id\":\"https:\\\/\\\/radiolitoral.com\\\/2024\\\/08\\\/el-cd-javea-inicia-la-seua-preparacio-per-a-la-temporada-en-primera-ffcv\\\/#breadcrumb\"},\"inLanguage\":\"ca\",\"potentialAction\":[{\"@type\":\"ReadAction\",\"target\":[\"https:\\\/\\\/radiolitoral.com\\\/2024\\\/08\\\/el-cd-javea-inicia-la-seua-preparacio-per-a-la-temporada-en-primera-ffcv\\\/\"]}]},{\"@type\":\"ImageObject\",\"inLanguage\":\"ca\",\"@id\":\"https:\\\/\\\/radiolitoral.com\\\/2024\\\/08\\\/el-cd-javea-inicia-la-seua-preparacio-per-a-la-temporada-en-primera-ffcv\\\/#primaryimage\",\"url\":\"https:\\\/\\\/media.radiolitoral.com\\\/wp-content\\\/uploads\\\/2024\\\/08\\\/02103954\\\/Dani-Lugo-con-su-nueva-camiseta.jpg\",\"contentUrl\":\"https:\\\/\\\/media.radiolitoral.com\\\/wp-content\\\/uploads\\\/2024\\\/08\\\/02103954\\\/Dani-Lugo-con-su-nueva-camiseta.jpg\",\"width\":1080,\"height\":663},{\"@type\":\"BreadcrumbList\",\"@id\":\"https:\\\/\\\/radiolitoral.com\\\/2024\\\/08\\\/el-cd-javea-inicia-la-seua-preparacio-per-a-la-temporada-en-primera-ffcv\\\/#breadcrumb\",\"itemListElement\":[{\"@type\":\"ListItem\",\"position\":1,\"name\":\"Portada\",\"item\":\"https:\\\/\\\/radiolitoral.com\\\/\"},{\"@type\":\"ListItem\",\"position\":2,\"name\":\"El CD J\u00e1vea inicia la seua preparaci\u00f3 per a la temporada en Primera FFCV\"}]},{\"@type\":\"WebSite\",\"@id\":\"https:\\\/\\\/radiolitoral.com\\\/#website\",\"url\":\"https:\\\/\\\/radiolitoral.com\\\/\",\"name\":\"Radio Litoral\",\"description\":\"La radio local de la Marina Alta\",\"publisher\":{\"@id\":\"https:\\\/\\\/radiolitoral.com\\\/#organization\"},\"alternateName\":\"Litoral FM\",\"potentialAction\":[{\"@type\":\"SearchAction\",\"target\":{\"@type\":\"EntryPoint\",\"urlTemplate\":\"https:\\\/\\\/radiolitoral.com\\\/?s={search_term_string}\"},\"query-input\":{\"@type\":\"PropertyValueSpecification\",\"valueRequired\":true,\"valueName\":\"search_term_string\"}}],\"inLanguage\":\"ca\"},{\"@type\":\"Organization\",\"@id\":\"https:\\\/\\\/radiolitoral.com\\\/#organization\",\"name\":\"Radio Litoral\",\"url\":\"https:\\\/\\\/radiolitoral.com\\\/\",\"logo\":{\"@type\":\"ImageObject\",\"inLanguage\":\"ca\",\"@id\":\"https:\\\/\\\/radiolitoral.com\\\/#\\\/schema\\\/logo\\\/image\\\/\",\"url\":\"https:\\\/\\\/media.radiolitoral.com\\\/wp-content\\\/uploads\\\/2023\\\/02\\\/24143238\\\/CL-V-RadioLitoral696.png\",\"contentUrl\":\"https:\\\/\\\/media.radiolitoral.com\\\/wp-content\\\/uploads\\\/2023\\\/02\\\/24143238\\\/CL-V-RadioLitoral696.png\",\"width\":696,\"height\":696,\"caption\":\"Radio Litoral\"},\"image\":{\"@id\":\"https:\\\/\\\/radiolitoral.com\\\/#\\\/schema\\\/logo\\\/image\\\/\"},\"sameAs\":[\"https:\\\/\\\/www.facebook.com\\\/Laradiolitoral\\\/\"]},{\"@type\":\"Person\",\"@id\":\"https:\\\/\\\/radiolitoral.com\\\/#\\\/schema\\\/person\\\/7b1480b5caeb5acdd4ec6379caf62b22\",\"name\":\"Javier Zamora\",\"image\":{\"@type\":\"ImageObject\",\"inLanguage\":\"ca\",\"@id\":\"https:\\\/\\\/secure.gravatar.com\\\/avatar\\\/467a11f6918c7d619c4043fc6fa2d3853053107973f05b6e9c04ea6c4e3a7b3f?s=96&d=mm&r=g\",\"url\":\"https:\\\/\\\/secure.gravatar.com\\\/avatar\\\/467a11f6918c7d619c4043fc6fa2d3853053107973f05b6e9c04ea6c4e3a7b3f?s=96&d=mm&r=g\",\"contentUrl\":\"https:\\\/\\\/secure.gravatar.com\\\/avatar\\\/467a11f6918c7d619c4043fc6fa2d3853053107973f05b6e9c04ea6c4e3a7b3f?s=96&d=mm&r=g\",\"caption\":\"Javier Zamora\"},\"url\":\"https:\\\/\\\/radiolitoral.com\\\/ca\\\/author\\\/javier-zamora\\\/\"}]}<\/script>\n<!-- \/ Yoast SEO plugin. -->","yoast_head_json":{"title":"El CD X\u00e0bia inicia su preparaci\u00f3 per a la temporada a Primera FFCV | R\u00e0dio Litoral","description":"L&#039;equip que dirigeix Julio Ivorra t\u00e9 com a objectiu ascendir de categoria L&#039;equip que dirigeix Julio Ivorra t\u00e9 com a objectiu ascendir de categoria","robots":{"index":"index","follow":"follow","max-snippet":"max-snippet:-1","max-image-preview":"max-image-preview:large","max-video-preview":"max-video-preview:-1"},"canonical":"https:\/\/radiolitoral.com\/ca\/2024\/08\/el-cd-javea-inicia-su-preparacio-per-a-la-temporada-a-primera-ffcv\/","og_locale":"ca_ES","og_type":"article","og_title":"El CD J\u00e1vea inicia la seua preparaci\u00f3 per a la temporada en Primera FFCV | R\u00e0dio Litoral","og_description":"L'equip que dirigix Julio Ivorra t\u00e9 com a objectiu ascendir de categoriaL'equip que dirigix Julio Ivorra t\u00e9 com a objectiu ascendir de categoria","og_url":"https:\/\/radiolitoral.com\/ca\/2024\/08\/el-cd-javea-inicia-su-preparacio-per-a-la-temporada-a-primera-ffcv\/","og_site_name":"R\u00e0dio Litoral","article_publisher":"https:\/\/www.facebook.com\/Laradiolitoral\/","article_published_time":"2024-08-02T08:40:15+00:00","og_image":[{"width":1080,"height":663,"url":"https:\/\/media.radiolitoral.com\/wp-content\/uploads\/2024\/08\/02103954\/Dani-Lugo-con-su-nueva-camiseta.jpg","type":"image\/jpeg"}],"author":"Javier Zamora","twitter_card":"summary_large_image","twitter_misc":{"Escrit per":"Javier Zamora","Temps estimat de lectura":"3 minuts"},"schema":{"@context":"https:\/\/schema.org","@graph":[{"@type":"NewsArticle","@id":"https:\/\/radiolitoral.com\/2024\/08\/el-cd-javea-inicia-la-seua-preparacio-per-a-la-temporada-en-primera-ffcv\/#article","isPartOf":{"@id":"https:\/\/radiolitoral.com\/2024\/08\/el-cd-javea-inicia-la-seua-preparacio-per-a-la-temporada-en-primera-ffcv\/"},"author":{"name":"Javier Zamora","@id":"https:\/\/radiolitoral.com\/#\/schema\/person\/7b1480b5caeb5acdd4ec6379caf62b22"},"headline":"El CD J\u00e1vea inicia la seua preparaci\u00f3 per a la temporada en Primera FFCV","datePublished":"2024-08-02T08:40:15+00:00","mainEntityOfPage":{"@id":"https:\/\/radiolitoral.com\/2024\/08\/el-cd-javea-inicia-la-seua-preparacio-per-a-la-temporada-en-primera-ffcv\/"},"wordCount":473,"commentCount":0,"publisher":{"@id":"https:\/\/radiolitoral.com\/#organization"},"image":{"@id":"https:\/\/radiolitoral.com\/2024\/08\/el-cd-javea-inicia-la-seua-preparacio-per-a-la-temporada-en-primera-ffcv\/#primaryimage"},"thumbnailUrl":"https:\/\/media.radiolitoral.com\/wp-content\/uploads\/2024\/08\/02103954\/Dani-Lugo-con-su-nueva-camiseta.jpg","keywords":["\u00c1lvaro\u00a0Tiscar","CD J\u00e1vea","Dani\u00a0Lugo","David Escudero","deportes","Gustavo\u00a0Luccener","Joan Signes","Josep\u00a0Marcilla","Julio Ivorra","Liga \u00c0 Punt Comunitat","Primera\u00a0FFCV"],"articleSection":["Deportes"],"inLanguage":"ca","potentialAction":[{"@type":"CommentAction","name":"Comment","target":["https:\/\/radiolitoral.com\/2024\/08\/el-cd-javea-inicia-la-seua-preparacio-per-a-la-temporada-en-primera-ffcv\/#respond"]}]},{"@type":["WebPage","ItemPage"],"@id":"https:\/\/radiolitoral.com\/2024\/08\/el-cd-javea-inicia-la-seua-preparacio-per-a-la-temporada-en-primera-ffcv\/","url":"https:\/\/radiolitoral.com\/2024\/08\/el-cd-javea-inicia-la-seua-preparacio-per-a-la-temporada-en-primera-ffcv\/","name":"El CD X\u00e0bia inicia su preparaci\u00f3 per a la temporada a Primera FFCV | R\u00e0dio Litoral","isPartOf":{"@id":"https:\/\/radiolitoral.com\/#website"},"primaryImageOfPage":{"@id":"https:\/\/radiolitoral.com\/2024\/08\/el-cd-javea-inicia-la-seua-preparacio-per-a-la-temporada-en-primera-ffcv\/#primaryimage"},"image":{"@id":"https:\/\/radiolitoral.com\/2024\/08\/el-cd-javea-inicia-la-seua-preparacio-per-a-la-temporada-en-primera-ffcv\/#primaryimage"},"thumbnailUrl":"https:\/\/media.radiolitoral.com\/wp-content\/uploads\/2024\/08\/02103954\/Dani-Lugo-con-su-nueva-camiseta.jpg","datePublished":"2024-08-02T08:40:15+00:00","description":"L&#039;equip que dirigeix Julio Ivorra t\u00e9 com a objectiu ascendir de categoria L&#039;equip que dirigeix Julio Ivorra t\u00e9 com a objectiu ascendir de categoria","breadcrumb":{"@id":"https:\/\/radiolitoral.com\/2024\/08\/el-cd-javea-inicia-la-seua-preparacio-per-a-la-temporada-en-primera-ffcv\/#breadcrumb"},"inLanguage":"ca","potentialAction":[{"@type":"ReadAction","target":["https:\/\/radiolitoral.com\/2024\/08\/el-cd-javea-inicia-la-seua-preparacio-per-a-la-temporada-en-primera-ffcv\/"]}]},{"@type":"ImageObject","inLanguage":"ca","@id":"https:\/\/radiolitoral.com\/2024\/08\/el-cd-javea-inicia-la-seua-preparacio-per-a-la-temporada-en-primera-ffcv\/#primaryimage","url":"https:\/\/media.radiolitoral.com\/wp-content\/uploads\/2024\/08\/02103954\/Dani-Lugo-con-su-nueva-camiseta.jpg","contentUrl":"https:\/\/media.radiolitoral.com\/wp-content\/uploads\/2024\/08\/02103954\/Dani-Lugo-con-su-nueva-camiseta.jpg","width":1080,"height":663},{"@type":"BreadcrumbList","@id":"https:\/\/radiolitoral.com\/2024\/08\/el-cd-javea-inicia-la-seua-preparacio-per-a-la-temporada-en-primera-ffcv\/#breadcrumb","itemListElement":[{"@type":"ListItem","position":1,"name":"Portada","item":"https:\/\/radiolitoral.com\/"},{"@type":"ListItem","position":2,"name":"El CD J\u00e1vea inicia la seua preparaci\u00f3 per a la temporada en Primera FFCV"}]},{"@type":"WebSite","@id":"https:\/\/radiolitoral.com\/#website","url":"https:\/\/radiolitoral.com\/","name":"R\u00e0dio Litoral","description":"La r\u00e0dio local de la Marina Alta","publisher":{"@id":"https:\/\/radiolitoral.com\/#organization"},"alternateName":"Litoral FM","potentialAction":[{"@type":"SearchAction","target":{"@type":"EntryPoint","urlTemplate":"https:\/\/radiolitoral.com\/?s={search_term_string}"},"query-input":{"@type":"PropertyValueSpecification","valueRequired":true,"valueName":"search_term_string"}}],"inLanguage":"ca"},{"@type":"Organization","@id":"https:\/\/radiolitoral.com\/#organization","name":"R\u00e0dio Litoral","url":"https:\/\/radiolitoral.com\/","logo":{"@type":"ImageObject","inLanguage":"ca","@id":"https:\/\/radiolitoral.com\/#\/schema\/logo\/image\/","url":"https:\/\/media.radiolitoral.com\/wp-content\/uploads\/2023\/02\/24143238\/CL-V-RadioLitoral696.png","contentUrl":"https:\/\/media.radiolitoral.com\/wp-content\/uploads\/2023\/02\/24143238\/CL-V-RadioLitoral696.png","width":696,"height":696,"caption":"Radio Litoral"},"image":{"@id":"https:\/\/radiolitoral.com\/#\/schema\/logo\/image\/"},"sameAs":["https:\/\/www.facebook.com\/Laradiolitoral\/"]},{"@type":"Person","@id":"https:\/\/radiolitoral.com\/#\/schema\/person\/7b1480b5caeb5acdd4ec6379caf62b22","name":"Javier Zamora","image":{"@type":"ImageObject","inLanguage":"ca","@id":"https:\/\/secure.gravatar.com\/avatar\/467a11f6918c7d619c4043fc6fa2d3853053107973f05b6e9c04ea6c4e3a7b3f?s=96&d=mm&r=g","url":"https:\/\/secure.gravatar.com\/avatar\/467a11f6918c7d619c4043fc6fa2d3853053107973f05b6e9c04ea6c4e3a7b3f?s=96&d=mm&r=g","contentUrl":"https:\/\/secure.gravatar.com\/avatar\/467a11f6918c7d619c4043fc6fa2d3853053107973f05b6e9c04ea6c4e3a7b3f?s=96&d=mm&r=g","caption":"Javier Zamora"},"url":"https:\/\/radiolitoral.com\/ca\/author\/javier-zamora\/"}]}},"_links":{"self":[{"href":"https:\/\/radiolitoral.com\/ca\/wp-json\/wp\/v2\/posts\/10480","targetHints":{"allow":["GET"]}}],"collection":[{"href":"https:\/\/radiolitoral.com\/ca\/wp-json\/wp\/v2\/posts"}],"about":[{"href":"https:\/\/radiolitoral.com\/ca\/wp-json\/wp\/v2\/types\/post"}],"author":[{"embeddable":true,"href":"https:\/\/radiolitoral.com\/ca\/wp-json\/wp\/v2\/users\/12"}],"replies":[{"embeddable":true,"href":"https:\/\/radiolitoral.com\/ca\/wp-json\/wp\/v2\/comments?post=10480"}],"version-history":[{"count":2,"href":"https:\/\/radiolitoral.com\/ca\/wp-json\/wp\/v2\/posts\/10480\/revisions"}],"predecessor-version":[{"id":10483,"href":"https:\/\/radiolitoral.com\/ca\/wp-json\/wp\/v2\/posts\/10480\/revisions\/10483"}],"wp:featuredmedia":[{"embeddable":true,"href":"https:\/\/radiolitoral.com\/ca\/wp-json\/wp\/v2\/media\/10481"}],"wp:attachment":[{"href":"https:\/\/radiolitoral.com\/ca\/wp-json\/wp\/v2\/media?parent=10480"}],"wp:term":[{"taxonomy":"category","embeddable":true,"href":"https:\/\/radiolitoral.com\/ca\/wp-json\/wp\/v2\/categories?post=10480"},{"taxonomy":"post_tag","embeddable":true,"href":"https:\/\/radiolitoral.com\/ca\/wp-json\/wp\/v2\/tags?post=10480"}],"curies":[{"name":"wp","href":"https:\/\/api.w.org\/{rel}","templated":true}]}}