{"id":10469,"date":"2024-08-01T19:31:04","date_gmt":"2024-08-01T17:31:04","guid":{"rendered":"https:\/\/radiolitoral.com\/?p=10469"},"modified":"2024-08-01T19:36:03","modified_gmt":"2024-08-01T17:36:03","slug":"convocatoria-premi-jovenmpa-2024","status":"publish","type":"post","link":"https:\/\/radiolitoral.com\/ca\/2024\/08\/convocatoria-premi-jovempa-2024\/","title":{"rendered":"JOVEMPA va obrir el termini per a la presentaci\u00f3 de candidatures al Premi al Talent Empresarial Jove 2024"},"content":{"rendered":"<p>La Federaci\u00f3 de Joves Empresaris de la Prov\u00edncia d&#039;Alacant ha donat el tret de sortida a la presentaci\u00f3 de candidatures per a la<strong> 30a edici\u00f3 del Premi JOVEMPA al Talent Empresarial Jove<\/strong>. Aquest prestigi\u00f3s reconeixement est\u00e0 destinat a joves emprenedors i emprenedors menors de 41 anys que hagin demostrat excel\u00b7l\u00e8ncia en la creaci\u00f3 i consolidaci\u00f3 de projectes empresarials.<\/p>\n<h3>Detalls de la convocat\u00f2ria<\/h3>\n<p>El termini per presentar candidatures <strong>\u00e9s tanca el proper 20 de setembre<\/strong> del 2024 a les 14:00 hores. Els interessats han de presentar la documentaci\u00f3 necess\u00e0ria a la seu de JOVEMPA, al carrer Orense 10 d&#039;Alacant, o enviar-la per correu electr\u00f2nic a direccion@jovempa.org.<\/p>\n<p>Els criteris davaluaci\u00f3 inclouen la capacitat de generar ocupaci\u00f3 estable, la innovaci\u00f3 en els projectes empresarials, el creixement econ\u00f2mic i financer, la implementaci\u00f3 de noves tecnologies, els plans de futur i la responsabilitat social corporativa.<\/p>\n<p><img loading=\"lazy\" decoding=\"async\" class=\"aligncenter wp-image-10471 size-large\" src=\"https:\/\/media.radiolitoral.com\/wp-content\/uploads\/2024\/08\/01190831\/Premio-Jovempa-2023-3-1024x1024.jpg\" alt=\"\" width=\"640\" height=\"640\" srcset=\"https:\/\/media.radiolitoral.com\/wp-content\/uploads\/2024\/08\/01190831\/Premio-Jovempa-2023-3-1024x1024.jpg 1024w, https:\/\/media.radiolitoral.com\/wp-content\/uploads\/2024\/08\/01190831\/Premio-Jovempa-2023-3-300x300.jpg 300w, https:\/\/media.radiolitoral.com\/wp-content\/uploads\/2024\/08\/01190831\/Premio-Jovempa-2023-3-150x150.jpg 150w, https:\/\/media.radiolitoral.com\/wp-content\/uploads\/2024\/08\/01190831\/Premio-Jovempa-2023-3-768x768.jpg 768w, https:\/\/media.radiolitoral.com\/wp-content\/uploads\/2024\/08\/01190831\/Premio-Jovempa-2023-3-1536x1536.jpg 1536w, https:\/\/media.radiolitoral.com\/wp-content\/uploads\/2024\/08\/01190831\/Premio-Jovempa-2023-3-12x12.jpg 12w, https:\/\/media.radiolitoral.com\/wp-content\/uploads\/2024\/08\/01190831\/Premio-Jovempa-2023-3-1000x1000.jpg 1000w, https:\/\/media.radiolitoral.com\/wp-content\/uploads\/2024\/08\/01190831\/Premio-Jovempa-2023-3-100x100.jpg 100w, https:\/\/media.radiolitoral.com\/wp-content\/uploads\/2024\/08\/01190831\/Premio-Jovempa-2023-3-200x200.jpg 200w, https:\/\/media.radiolitoral.com\/wp-content\/uploads\/2024\/08\/01190831\/Premio-Jovempa-2023-3.jpg 1600w\" sizes=\"auto, (max-width: 640px) 100vw, 640px\" \/><\/p>\n<h3>Requisits i documentaci\u00f3 sol\u00b7licitada<\/h3>\n<p>Els participants han de presentar la seg\u00fcent documentaci\u00f3:<\/p>\n<p>1. Formulari de candidatura completat segons el model de JOVEMPA.<\/p>\n<p>2. Fotoc\u00f2pia del DNI.<\/p>\n<p>3. Fotoc\u00f2pia de les escriptures de lempresa que mostren la seva participaci\u00f3.<\/p>\n<p>4. Mem\u00f2ria detallada de la traject\u00f2ria empresarial, incloent-hi curr\u00edculum, descripci\u00f3 de les iniciatives empresarials, dades econ\u00f2miques, creaci\u00f3 d&#039;ocupaci\u00f3 i imatge corporativa.<\/p>\n<p>5. \u00daltima relaci\u00f3 nominal de treballadors.<\/p>\n<p>6. Informaci\u00f3 sobre altres ajudes o premis rebuts.<\/p>\n<p>7. Certificacions de qualitat de l&#039;empresa, si n&#039;hi ha.<\/p>\n<h3>Premi i cerim\u00f2nia de lliurament<\/h3>\n<p>El premi consisteix en un trofeu i una campanya de difusi\u00f3 als mitjans de comunicaci\u00f3. El jurat es reserva el dret de declarar el premi desert si les candidatures no compleixen els requisits, i podr\u00e0 citar els finalistes a una reuni\u00f3 presencial. La cerim\u00f2nia de lliurament se celebrar\u00e0 en un acte p\u00fablic del qual se&#039;n donar\u00e0 informaci\u00f3 m\u00e9s endavant.<\/p>\n<p>Aquest premi ofereix una oportunitat \u00fanica per als joves empresaris de la prov\u00edncia d&#039;Alacant per mostrar el seu talent i comprom\u00eds amb l&#039;excel\u00b7l\u00e8ncia empresarial. Els interessats poden obtenir m\u00e9s informaci\u00f3 a trav\u00e9s del lloc web oficial de JOVEMPA.<\/p>","protected":false},"excerpt":{"rendered":"<p>La Federaci\u00f3 de Joves Empresaris de la Prov\u00edncia d&#8217;Alacant ha donat el tret de sortida a la presentaci\u00f3 de candidatures per a la 30a edici\u00f3 del Premi JOVEMPA al Talent Empresarial Jove. Aquest prestigi\u00f3s reconeixement est\u00e0 destinat a joves emprenedors i emprenedores menors de 41 anys que hagin demostrat excel\u00b7l\u00e8ncia en la creaci\u00f3 i consolidaci\u00f3 [&#8230;]<\/p>\n<p><a class=\"btn btn-secondary understrap-read-more-link\" href=\"https:\/\/radiolitoral.com\/ca\/2024\/08\/convocatoria-premi-jovempa-2024\/\">Continua llegint&#8230;<span class=\"screen-reader-text\"> from JOVEMPA obri el termini per a la presentaci\u00f3 de candidatures al Premi al Talent Empresarial Jove 2024<\/span><\/a><\/p>\n","protected":false},"author":11,"featured_media":10470,"comment_status":"open","ping_status":"closed","sticky":false,"template":"","format":"standard","meta":{"_acf_changed":false,"inline_featured_image":false,"footnotes":""},"categories":[810],"tags":[811,968,1914,587],"class_list":["post-10469","post","type-post","status-publish","format-standard","has-post-thumbnail","hentry","category-empleo","tag-empleo","tag-emprendimiento","tag-jovempa","tag-jovenes","cobertura-marina-alta"],"acf":[],"yoast_head":"<!-- This site is optimized with the Yoast SEO plugin v27.5 - https:\/\/yoast.com\/product\/yoast-seo-wordpress\/ -->\n<title>JOVEMPA obri el termini per a la presentaci\u00f3 de candidatures al Premi al Talent Empresarial Jove 2024 | R\u00e0dio Litoral<\/title>\n<meta name=\"description\" content=\"La XXX edici\u00f3 del premi destaca l&#039;esfor\u00e7 en la creaci\u00f3 d&#039;empreses viables per part de joves emprenedors de la prov\u00edncia d&#039;Alacant\" \/>\n<meta name=\"robots\" content=\"index, follow, max-snippet:-1, max-image-preview:large, max-video-preview:-1\" \/>\n<link rel=\"canonical\" href=\"https:\/\/radiolitoral.com\/ca\/2024\/08\/convocatoria-premi-jovenmpa-2024\/\" \/>\n<meta property=\"og:locale\" content=\"ca_ES\" \/>\n<meta property=\"og:type\" content=\"article\" \/>\n<meta property=\"og:title\" content=\"JOVEMPA obri el termini per a la presentaci\u00f3 de candidatures al Premi al Talent Empresarial Jove 2024 | R\u00e0dio Litoral\" \/>\n<meta property=\"og:description\" content=\"La XXX edici\u00f3 del premi destaca l&#039;esfor\u00e7 en la creaci\u00f3 d&#039;empreses viables per part de joves emprenedors de la prov\u00edncia d&#039;Alacant\" \/>\n<meta property=\"og:url\" content=\"https:\/\/radiolitoral.com\/ca\/2024\/08\/convocatoria-premi-jovenmpa-2024\/\" \/>\n<meta property=\"og:site_name\" content=\"R\u00e0dio Litoral\" \/>\n<meta property=\"article:publisher\" content=\"https:\/\/www.facebook.com\/Laradiolitoral\/\" \/>\n<meta property=\"article:published_time\" content=\"2024-08-01T17:31:04+00:00\" \/>\n<meta property=\"article:modified_time\" content=\"2024-08-01T17:36:03+00:00\" \/>\n<meta property=\"og:image\" content=\"https:\/\/media.radiolitoral.com\/wp-content\/uploads\/2024\/08\/01190827\/Premio-Jovempa-2023-2.jpg\" \/>\n\t<meta property=\"og:image:width\" content=\"1438\" \/>\n\t<meta property=\"og:image:height\" content=\"960\" \/>\n\t<meta property=\"og:image:type\" content=\"image\/jpeg\" \/>\n<meta name=\"author\" content=\"Redacci\u00f3n\" \/>\n<meta name=\"twitter:card\" content=\"summary_large_image\" \/>\n<meta name=\"twitter:label1\" content=\"Escrit per\" \/>\n\t<meta name=\"twitter:data1\" content=\"Redacci\u00f3n\" \/>\n\t<meta name=\"twitter:label2\" content=\"Temps estimat de lectura\" \/>\n\t<meta name=\"twitter:data2\" content=\"3 minuts\" \/>\n<script type=\"application\/ld+json\" class=\"yoast-schema-graph\">{\"@context\":\"https:\\\/\\\/schema.org\",\"@graph\":[{\"@type\":\"NewsArticle\",\"@id\":\"https:\\\/\\\/radiolitoral.com\\\/2024\\\/08\\\/convocatoria-premi-jovempa-2024\\\/#article\",\"isPartOf\":{\"@id\":\"https:\\\/\\\/radiolitoral.com\\\/2024\\\/08\\\/convocatoria-premi-jovempa-2024\\\/\"},\"author\":{\"name\":\"Redacci\u00f3n\",\"@id\":\"https:\\\/\\\/radiolitoral.com\\\/#\\\/schema\\\/person\\\/aaadc9e35663a92bd94a05f5816f296d\"},\"headline\":\"JOVEMPA obri el termini per a la presentaci\u00f3 de candidatures al Premi al Talent Empresarial Jove 2024\",\"datePublished\":\"2024-08-01T17:31:04+00:00\",\"dateModified\":\"2024-08-01T17:36:03+00:00\",\"mainEntityOfPage\":{\"@id\":\"https:\\\/\\\/radiolitoral.com\\\/2024\\\/08\\\/convocatoria-premi-jovempa-2024\\\/\"},\"wordCount\":368,\"commentCount\":0,\"publisher\":{\"@id\":\"https:\\\/\\\/radiolitoral.com\\\/#organization\"},\"image\":{\"@id\":\"https:\\\/\\\/radiolitoral.com\\\/2024\\\/08\\\/convocatoria-premi-jovempa-2024\\\/#primaryimage\"},\"thumbnailUrl\":\"https:\\\/\\\/media.radiolitoral.com\\\/wp-content\\\/uploads\\\/2024\\\/08\\\/01190827\\\/Premio-Jovempa-2023-2.jpg\",\"keywords\":[\"empleo\",\"Emprendimiento\",\"jovempa\",\"j\u00f3venes\"],\"articleSection\":[\"Empleo\"],\"inLanguage\":\"ca\",\"potentialAction\":[{\"@type\":\"CommentAction\",\"name\":\"Comment\",\"target\":[\"https:\\\/\\\/radiolitoral.com\\\/2024\\\/08\\\/convocatoria-premi-jovempa-2024\\\/#respond\"]}]},{\"@type\":[\"WebPage\",\"ItemPage\"],\"@id\":\"https:\\\/\\\/radiolitoral.com\\\/2024\\\/08\\\/convocatoria-premi-jovempa-2024\\\/\",\"url\":\"https:\\\/\\\/radiolitoral.com\\\/2024\\\/08\\\/convocatoria-premi-jovempa-2024\\\/\",\"name\":\"JOVEMPA obri el termini per a la presentaci\u00f3 de candidatures al Premi al Talent Empresarial Jove 2024 | R\u00e0dio Litoral\",\"isPartOf\":{\"@id\":\"https:\\\/\\\/radiolitoral.com\\\/#website\"},\"primaryImageOfPage\":{\"@id\":\"https:\\\/\\\/radiolitoral.com\\\/2024\\\/08\\\/convocatoria-premi-jovempa-2024\\\/#primaryimage\"},\"image\":{\"@id\":\"https:\\\/\\\/radiolitoral.com\\\/2024\\\/08\\\/convocatoria-premi-jovempa-2024\\\/#primaryimage\"},\"thumbnailUrl\":\"https:\\\/\\\/media.radiolitoral.com\\\/wp-content\\\/uploads\\\/2024\\\/08\\\/01190827\\\/Premio-Jovempa-2023-2.jpg\",\"datePublished\":\"2024-08-01T17:31:04+00:00\",\"dateModified\":\"2024-08-01T17:36:03+00:00\",\"description\":\"La XXX edici\u00f3 del premi destaca l'esfor\u00e7 en la creaci\u00f3 d'empreses viables per part de joves emprenedors de la prov\u00edncia d'Alacant\",\"breadcrumb\":{\"@id\":\"https:\\\/\\\/radiolitoral.com\\\/2024\\\/08\\\/convocatoria-premi-jovempa-2024\\\/#breadcrumb\"},\"inLanguage\":\"ca\",\"potentialAction\":[{\"@type\":\"ReadAction\",\"target\":[\"https:\\\/\\\/radiolitoral.com\\\/2024\\\/08\\\/convocatoria-premi-jovempa-2024\\\/\"]}]},{\"@type\":\"ImageObject\",\"inLanguage\":\"ca\",\"@id\":\"https:\\\/\\\/radiolitoral.com\\\/2024\\\/08\\\/convocatoria-premi-jovempa-2024\\\/#primaryimage\",\"url\":\"https:\\\/\\\/media.radiolitoral.com\\\/wp-content\\\/uploads\\\/2024\\\/08\\\/01190827\\\/Premio-Jovempa-2023-2.jpg\",\"contentUrl\":\"https:\\\/\\\/media.radiolitoral.com\\\/wp-content\\\/uploads\\\/2024\\\/08\\\/01190827\\\/Premio-Jovempa-2023-2.jpg\",\"width\":1438,\"height\":960,\"caption\":\"Premi Jovempa 2023 | Xarxes Socials Jovempa\"},{\"@type\":\"BreadcrumbList\",\"@id\":\"https:\\\/\\\/radiolitoral.com\\\/2024\\\/08\\\/convocatoria-premi-jovempa-2024\\\/#breadcrumb\",\"itemListElement\":[{\"@type\":\"ListItem\",\"position\":1,\"name\":\"Portada\",\"item\":\"https:\\\/\\\/radiolitoral.com\\\/\"},{\"@type\":\"ListItem\",\"position\":2,\"name\":\"JOVEMPA obri el termini per a la presentaci\u00f3 de candidatures al Premi al Talent Empresarial Jove 2024\"}]},{\"@type\":\"WebSite\",\"@id\":\"https:\\\/\\\/radiolitoral.com\\\/#website\",\"url\":\"https:\\\/\\\/radiolitoral.com\\\/\",\"name\":\"Radio Litoral\",\"description\":\"La radio local de la Marina Alta\",\"publisher\":{\"@id\":\"https:\\\/\\\/radiolitoral.com\\\/#organization\"},\"alternateName\":\"Litoral FM\",\"potentialAction\":[{\"@type\":\"SearchAction\",\"target\":{\"@type\":\"EntryPoint\",\"urlTemplate\":\"https:\\\/\\\/radiolitoral.com\\\/?s={search_term_string}\"},\"query-input\":{\"@type\":\"PropertyValueSpecification\",\"valueRequired\":true,\"valueName\":\"search_term_string\"}}],\"inLanguage\":\"ca\"},{\"@type\":\"Organization\",\"@id\":\"https:\\\/\\\/radiolitoral.com\\\/#organization\",\"name\":\"Radio Litoral\",\"url\":\"https:\\\/\\\/radiolitoral.com\\\/\",\"logo\":{\"@type\":\"ImageObject\",\"inLanguage\":\"ca\",\"@id\":\"https:\\\/\\\/radiolitoral.com\\\/#\\\/schema\\\/logo\\\/image\\\/\",\"url\":\"https:\\\/\\\/media.radiolitoral.com\\\/wp-content\\\/uploads\\\/2023\\\/02\\\/24143238\\\/CL-V-RadioLitoral696.png\",\"contentUrl\":\"https:\\\/\\\/media.radiolitoral.com\\\/wp-content\\\/uploads\\\/2023\\\/02\\\/24143238\\\/CL-V-RadioLitoral696.png\",\"width\":696,\"height\":696,\"caption\":\"Radio Litoral\"},\"image\":{\"@id\":\"https:\\\/\\\/radiolitoral.com\\\/#\\\/schema\\\/logo\\\/image\\\/\"},\"sameAs\":[\"https:\\\/\\\/www.facebook.com\\\/Laradiolitoral\\\/\"]},{\"@type\":\"Person\",\"@id\":\"https:\\\/\\\/radiolitoral.com\\\/#\\\/schema\\\/person\\\/aaadc9e35663a92bd94a05f5816f296d\",\"name\":\"Redacci\u00f3n\",\"image\":{\"@type\":\"ImageObject\",\"inLanguage\":\"ca\",\"@id\":\"https:\\\/\\\/secure.gravatar.com\\\/avatar\\\/e4e253cf49afb8c76a2aca487577f1ff5c098c82b3cf2b0a85f03f83dcb96c31?s=96&d=mm&r=g\",\"url\":\"https:\\\/\\\/secure.gravatar.com\\\/avatar\\\/e4e253cf49afb8c76a2aca487577f1ff5c098c82b3cf2b0a85f03f83dcb96c31?s=96&d=mm&r=g\",\"contentUrl\":\"https:\\\/\\\/secure.gravatar.com\\\/avatar\\\/e4e253cf49afb8c76a2aca487577f1ff5c098c82b3cf2b0a85f03f83dcb96c31?s=96&d=mm&r=g\",\"caption\":\"Redacci\u00f3n\"},\"url\":\"https:\\\/\\\/radiolitoral.com\\\/ca\\\/author\\\/alba-alborch\\\/\"}]}<\/script>\n<!-- \/ Yoast SEO plugin. -->","yoast_head_json":{"title":"JOVEMPA va obrir el termini per a la presentaci\u00f3 de candidatures al Premi al Talent Empresarial Jove 2024 | R\u00e0dio Litoral","description":"La XXX edici\u00f3 del premi destaca l&#039;esfor\u00e7 en la creaci\u00f3 d&#039;empreses viables per part de joves emprenedors de la prov\u00edncia d&#039;Alacant","robots":{"index":"index","follow":"follow","max-snippet":"max-snippet:-1","max-image-preview":"max-image-preview:large","max-video-preview":"max-video-preview:-1"},"canonical":"https:\/\/radiolitoral.com\/ca\/2024\/08\/convocatoria-premi-jovenmpa-2024\/","og_locale":"ca_ES","og_type":"article","og_title":"JOVEMPA obri el termini per a la presentaci\u00f3 de candidatures al Premi al Talent Empresarial Jove 2024 | R\u00e0dio Litoral","og_description":"La XXX edici\u00f3 del premi destaca l'esfor\u00e7 en la creaci\u00f3 d'empreses viables per part de joves emprenedors de la prov\u00edncia d'Alacant","og_url":"https:\/\/radiolitoral.com\/ca\/2024\/08\/convocatoria-premi-jovenmpa-2024\/","og_site_name":"R\u00e0dio Litoral","article_publisher":"https:\/\/www.facebook.com\/Laradiolitoral\/","article_published_time":"2024-08-01T17:31:04+00:00","article_modified_time":"2024-08-01T17:36:03+00:00","og_image":[{"width":1438,"height":960,"url":"https:\/\/media.radiolitoral.com\/wp-content\/uploads\/2024\/08\/01190827\/Premio-Jovempa-2023-2.jpg","type":"image\/jpeg"}],"author":"Redacci\u00f3n","twitter_card":"summary_large_image","twitter_misc":{"Escrit per":"Redacci\u00f3n","Temps estimat de lectura":"3 minuts"},"schema":{"@context":"https:\/\/schema.org","@graph":[{"@type":"NewsArticle","@id":"https:\/\/radiolitoral.com\/2024\/08\/convocatoria-premi-jovempa-2024\/#article","isPartOf":{"@id":"https:\/\/radiolitoral.com\/2024\/08\/convocatoria-premi-jovempa-2024\/"},"author":{"name":"Redacci\u00f3n","@id":"https:\/\/radiolitoral.com\/#\/schema\/person\/aaadc9e35663a92bd94a05f5816f296d"},"headline":"JOVEMPA obri el termini per a la presentaci\u00f3 de candidatures al Premi al Talent Empresarial Jove 2024","datePublished":"2024-08-01T17:31:04+00:00","dateModified":"2024-08-01T17:36:03+00:00","mainEntityOfPage":{"@id":"https:\/\/radiolitoral.com\/2024\/08\/convocatoria-premi-jovempa-2024\/"},"wordCount":368,"commentCount":0,"publisher":{"@id":"https:\/\/radiolitoral.com\/#organization"},"image":{"@id":"https:\/\/radiolitoral.com\/2024\/08\/convocatoria-premi-jovempa-2024\/#primaryimage"},"thumbnailUrl":"https:\/\/media.radiolitoral.com\/wp-content\/uploads\/2024\/08\/01190827\/Premio-Jovempa-2023-2.jpg","keywords":["empleo","Emprendimiento","jovempa","j\u00f3venes"],"articleSection":["Empleo"],"inLanguage":"ca","potentialAction":[{"@type":"CommentAction","name":"Comment","target":["https:\/\/radiolitoral.com\/2024\/08\/convocatoria-premi-jovempa-2024\/#respond"]}]},{"@type":["WebPage","ItemPage"],"@id":"https:\/\/radiolitoral.com\/2024\/08\/convocatoria-premi-jovempa-2024\/","url":"https:\/\/radiolitoral.com\/2024\/08\/convocatoria-premi-jovempa-2024\/","name":"JOVEMPA va obrir el termini per a la presentaci\u00f3 de candidatures al Premi al Talent Empresarial Jove 2024 | R\u00e0dio Litoral","isPartOf":{"@id":"https:\/\/radiolitoral.com\/#website"},"primaryImageOfPage":{"@id":"https:\/\/radiolitoral.com\/2024\/08\/convocatoria-premi-jovempa-2024\/#primaryimage"},"image":{"@id":"https:\/\/radiolitoral.com\/2024\/08\/convocatoria-premi-jovempa-2024\/#primaryimage"},"thumbnailUrl":"https:\/\/media.radiolitoral.com\/wp-content\/uploads\/2024\/08\/01190827\/Premio-Jovempa-2023-2.jpg","datePublished":"2024-08-01T17:31:04+00:00","dateModified":"2024-08-01T17:36:03+00:00","description":"La XXX edici\u00f3 del premi destaca l&#039;esfor\u00e7 en la creaci\u00f3 d&#039;empreses viables per part de joves emprenedors de la prov\u00edncia d&#039;Alacant","breadcrumb":{"@id":"https:\/\/radiolitoral.com\/2024\/08\/convocatoria-premi-jovempa-2024\/#breadcrumb"},"inLanguage":"ca","potentialAction":[{"@type":"ReadAction","target":["https:\/\/radiolitoral.com\/2024\/08\/convocatoria-premi-jovempa-2024\/"]}]},{"@type":"ImageObject","inLanguage":"ca","@id":"https:\/\/radiolitoral.com\/2024\/08\/convocatoria-premi-jovempa-2024\/#primaryimage","url":"https:\/\/media.radiolitoral.com\/wp-content\/uploads\/2024\/08\/01190827\/Premio-Jovempa-2023-2.jpg","contentUrl":"https:\/\/media.radiolitoral.com\/wp-content\/uploads\/2024\/08\/01190827\/Premio-Jovempa-2023-2.jpg","width":1438,"height":960,"caption":"Premi Jovempa 2023 | Xarxes Socials Jovempa"},{"@type":"BreadcrumbList","@id":"https:\/\/radiolitoral.com\/2024\/08\/convocatoria-premi-jovempa-2024\/#breadcrumb","itemListElement":[{"@type":"ListItem","position":1,"name":"Portada","item":"https:\/\/radiolitoral.com\/"},{"@type":"ListItem","position":2,"name":"JOVEMPA obri el termini per a la presentaci\u00f3 de candidatures al Premi al Talent Empresarial Jove 2024"}]},{"@type":"WebSite","@id":"https:\/\/radiolitoral.com\/#website","url":"https:\/\/radiolitoral.com\/","name":"R\u00e0dio Litoral","description":"La r\u00e0dio local de la Marina Alta","publisher":{"@id":"https:\/\/radiolitoral.com\/#organization"},"alternateName":"Litoral FM","potentialAction":[{"@type":"SearchAction","target":{"@type":"EntryPoint","urlTemplate":"https:\/\/radiolitoral.com\/?s={search_term_string}"},"query-input":{"@type":"PropertyValueSpecification","valueRequired":true,"valueName":"search_term_string"}}],"inLanguage":"ca"},{"@type":"Organization","@id":"https:\/\/radiolitoral.com\/#organization","name":"R\u00e0dio Litoral","url":"https:\/\/radiolitoral.com\/","logo":{"@type":"ImageObject","inLanguage":"ca","@id":"https:\/\/radiolitoral.com\/#\/schema\/logo\/image\/","url":"https:\/\/media.radiolitoral.com\/wp-content\/uploads\/2023\/02\/24143238\/CL-V-RadioLitoral696.png","contentUrl":"https:\/\/media.radiolitoral.com\/wp-content\/uploads\/2023\/02\/24143238\/CL-V-RadioLitoral696.png","width":696,"height":696,"caption":"Radio Litoral"},"image":{"@id":"https:\/\/radiolitoral.com\/#\/schema\/logo\/image\/"},"sameAs":["https:\/\/www.facebook.com\/Laradiolitoral\/"]},{"@type":"Person","@id":"https:\/\/radiolitoral.com\/#\/schema\/person\/aaadc9e35663a92bd94a05f5816f296d","name":"Redacci\u00f3","image":{"@type":"ImageObject","inLanguage":"ca","@id":"https:\/\/secure.gravatar.com\/avatar\/e4e253cf49afb8c76a2aca487577f1ff5c098c82b3cf2b0a85f03f83dcb96c31?s=96&d=mm&r=g","url":"https:\/\/secure.gravatar.com\/avatar\/e4e253cf49afb8c76a2aca487577f1ff5c098c82b3cf2b0a85f03f83dcb96c31?s=96&d=mm&r=g","contentUrl":"https:\/\/secure.gravatar.com\/avatar\/e4e253cf49afb8c76a2aca487577f1ff5c098c82b3cf2b0a85f03f83dcb96c31?s=96&d=mm&r=g","caption":"Redacci\u00f3n"},"url":"https:\/\/radiolitoral.com\/ca\/author\/alba-alborch\/"}]}},"_links":{"self":[{"href":"https:\/\/radiolitoral.com\/ca\/wp-json\/wp\/v2\/posts\/10469","targetHints":{"allow":["GET"]}}],"collection":[{"href":"https:\/\/radiolitoral.com\/ca\/wp-json\/wp\/v2\/posts"}],"about":[{"href":"https:\/\/radiolitoral.com\/ca\/wp-json\/wp\/v2\/types\/post"}],"author":[{"embeddable":true,"href":"https:\/\/radiolitoral.com\/ca\/wp-json\/wp\/v2\/users\/11"}],"replies":[{"embeddable":true,"href":"https:\/\/radiolitoral.com\/ca\/wp-json\/wp\/v2\/comments?post=10469"}],"version-history":[{"count":2,"href":"https:\/\/radiolitoral.com\/ca\/wp-json\/wp\/v2\/posts\/10469\/revisions"}],"predecessor-version":[{"id":10479,"href":"https:\/\/radiolitoral.com\/ca\/wp-json\/wp\/v2\/posts\/10469\/revisions\/10479"}],"wp:featuredmedia":[{"embeddable":true,"href":"https:\/\/radiolitoral.com\/ca\/wp-json\/wp\/v2\/media\/10470"}],"wp:attachment":[{"href":"https:\/\/radiolitoral.com\/ca\/wp-json\/wp\/v2\/media?parent=10469"}],"wp:term":[{"taxonomy":"category","embeddable":true,"href":"https:\/\/radiolitoral.com\/ca\/wp-json\/wp\/v2\/categories?post=10469"},{"taxonomy":"post_tag","embeddable":true,"href":"https:\/\/radiolitoral.com\/ca\/wp-json\/wp\/v2\/tags?post=10469"}],"curies":[{"name":"wp","href":"https:\/\/api.w.org\/{rel}","templated":true}]}}