{"id":10468,"date":"2024-08-01T19:20:53","date_gmt":"2024-08-01T17:20:53","guid":{"rendered":"https:\/\/radiolitoral.com\/?p=10468"},"modified":"2024-08-01T19:22:30","modified_gmt":"2024-08-01T17:22:30","slug":"benitatxell-injecta-23-milions-deuros-al-pressupost-municipal-a-traves-dun-prestec","status":"publish","type":"post","link":"https:\/\/radiolitoral.com\/ca\/2024\/08\/benitatxell-injecta-23-milions-deuros-al-pressupost-municipal-a-traves-dun-prestec\/","title":{"rendered":"Benitatxell injecta 2,3 milions d&#039;euros al pressupost municipal a trav\u00e9s d&#039;un pr\u00e9stec"},"content":{"rendered":"<p>El ple de l&#039;Ajuntament del <strong>Poble Nou de Benitatxell<\/strong> ha aprovat amb els \u00fanics vots favorables de l&#039;equip de govern -M\u00e9s Benitatxell- una modificaci\u00f3 de cr\u00e8dits per dotar el pressupost municipal de <strong>2&#039;3 milions d&#039;euros<\/strong> a trav\u00e9s d&#039;un pr\u00e9stec bancari amb qu\u00e8 complementar diferents obres previstes executar a la localitat.<\/p>\n<p>L&#039;alcalde, <strong>Miquel \u00c0ngel Garc\u00eda<\/strong>, ha especificat que aquests fons es destinaran a la rehabilitaci\u00f3 i millora de la pla\u00e7a de les Pesqueres, ampliar les zones per a vianants a diferents carrers del nucli urb\u00e0 i la creaci\u00f3 d&#039;un nou p\u00e0rquing a les proximitats del cementiri municipal, entre altres actuacions .<\/p>\n<p><img loading=\"lazy\" decoding=\"async\" class=\"size-full wp-image-10472 aligncenter\" src=\"https:\/\/media.radiolitoral.com\/wp-content\/uploads\/2024\/08\/01191839\/projecte-pesqueres.jpeg\" alt=\"\" width=\"637\" height=\"422\" srcset=\"https:\/\/media.radiolitoral.com\/wp-content\/uploads\/2024\/08\/01191839\/projecte-pesqueres.jpeg 637w, https:\/\/media.radiolitoral.com\/wp-content\/uploads\/2024\/08\/01191839\/projecte-pesqueres-300x199.jpeg 300w, https:\/\/media.radiolitoral.com\/wp-content\/uploads\/2024\/08\/01191839\/projecte-pesqueres-18x12.jpeg 18w, https:\/\/media.radiolitoral.com\/wp-content\/uploads\/2024\/08\/01191839\/projecte-pesqueres-100x66.jpeg 100w, https:\/\/media.radiolitoral.com\/wp-content\/uploads\/2024\/08\/01191839\/projecte-pesqueres-200x132.jpeg 200w\" sizes=\"auto, (max-width: 637px) 100vw, 637px\" \/><\/p>\n<p>Una de les partides, per un muntant de 461.000 euros, es destina a una de les obres m\u00e9s importants de les darreres legislatures, encara pendent d&#039;executar, com \u00e9s l&#039;adequaci\u00f3 de la pla\u00e7a de les Pesqueres.<\/p>\n<p>Aquesta pla\u00e7a \u00e9s un dels centres neur\u00e0lgics de la localitat, envoltada d&#039;edificacions, una zona residencial de fam\u00edlies amb menors, i que compta amb dotacions i equipaments p\u00fablics importants com Centre de Salut, Centre Social i Escola Municipal de M\u00fasica i Dansa.<\/p>\n<p>Un espai que tamb\u00e9 acull diferents actes festius, l\u00fadics i culturals durant tot l&#039;any. L&#039;objectiu de la intervenci\u00f3 projectada \u00e9s millorar la seva qualitat material i funcional per posar la pla\u00e7a en valor i crear un espai amb diferents usos per a tots els p\u00fablics.<\/p>","protected":false},"excerpt":{"rendered":"<p>El ple de l&#8217;Ajuntament del Poble Nou de Benitatxell ha aprovat amb els \u00fanics vots favorables de l&#8217;equip de govern -M\u00e9s Benitatxell- una modificaci\u00f3 de cr\u00e8dits per dotar el pressupost municipal de 2&#8217;3 milions d&#8217;euros a trav\u00e9s d&#8217;un pr\u00e9stec bancari amb qu\u00e8 complementar diferents obres previstes executar a la localitat. L&#8217;alcalde, Miguel \u00c1ngel Garc\u00eda, ha [&#8230;]<\/p>\n<p><a class=\"btn btn-secondary understrap-read-more-link\" href=\"https:\/\/radiolitoral.com\/ca\/2024\/08\/benitatxell-injecta-23-milions-deuros-al-pressupost-municipal-a-traves-dun-prestec\/\">Continua llegint&#8230;<span class=\"screen-reader-text\"> from Benitatxell injecta 2,3 milions d&#8217;euros al pressupost municipal a trav\u00e9s d&#8217;un pr\u00e9stec<\/span><\/a><\/p>\n","protected":false},"author":13,"featured_media":10474,"comment_status":"open","ping_status":"closed","sticky":false,"template":"","format":"standard","meta":{"_acf_changed":false,"inline_featured_image":false,"footnotes":""},"categories":[13],"tags":[1913,185,1912],"class_list":["post-10468","post","type-post","status-publish","format-standard","has-post-thumbnail","hentry","category-politica","tag-credito","tag-el-poble-nou-de-benitatxell","tag-plaza-les-pesqueres","cobertura-poble-nou-de-benitatxell"],"acf":[],"yoast_head":"<!-- This site is optimized with the Yoast SEO plugin v27.5 - https:\/\/yoast.com\/product\/yoast-seo-wordpress\/ -->\n<title>Benitatxell injecta 2,3 milions d&#039;euros al pressupost municipal a trav\u00e9s d&#039;un pr\u00e9stec | R\u00e0dio Litoral<\/title>\n<meta name=\"description\" content=\"Inclouen una partida de 461.000 euros per executar el projecte de la Pla\u00e7a de les Pesqueres\" \/>\n<meta name=\"robots\" content=\"index, follow, max-snippet:-1, max-image-preview:large, max-video-preview:-1\" \/>\n<link rel=\"canonical\" href=\"https:\/\/radiolitoral.com\/ca\/2024\/08\/benitatxell-injecta-23-milions-deuros-al-pressupost-municipal-a-traves-dun-prestec\/\" \/>\n<meta property=\"og:locale\" content=\"ca_ES\" \/>\n<meta property=\"og:type\" content=\"article\" \/>\n<meta property=\"og:title\" content=\"Benitatxell injecta 2,3 milions d&#039;euros al pressupost municipal a trav\u00e9s d&#039;un pr\u00e9stec | R\u00e0dio Litoral\" \/>\n<meta property=\"og:description\" content=\"Inclouen una partida de 461.000 euros per executar el projecte de la Pla\u00e7a de les Pesqueres\" \/>\n<meta property=\"og:url\" content=\"https:\/\/radiolitoral.com\/ca\/2024\/08\/benitatxell-injecta-23-milions-deuros-al-pressupost-municipal-a-traves-dun-prestec\/\" \/>\n<meta property=\"og:site_name\" content=\"R\u00e0dio Litoral\" \/>\n<meta property=\"article:publisher\" content=\"https:\/\/www.facebook.com\/Laradiolitoral\/\" \/>\n<meta property=\"article:published_time\" content=\"2024-08-01T17:20:53+00:00\" \/>\n<meta property=\"article:modified_time\" content=\"2024-08-01T17:22:30+00:00\" \/>\n<meta property=\"og:image\" content=\"https:\/\/media.radiolitoral.com\/wp-content\/uploads\/2024\/08\/01192025\/plaza-les-pesqueres-benitatxell.jpg\" \/>\n\t<meta property=\"og:image:width\" content=\"1024\" \/>\n\t<meta property=\"og:image:height\" content=\"702\" \/>\n\t<meta property=\"og:image:type\" content=\"image\/jpeg\" \/>\n<meta name=\"author\" content=\"Redacci\u00f3n\" \/>\n<meta name=\"twitter:card\" content=\"summary_large_image\" \/>\n<meta name=\"twitter:label1\" content=\"Escrit per\" \/>\n\t<meta name=\"twitter:data1\" content=\"Redacci\u00f3n\" \/>\n\t<meta name=\"twitter:label2\" content=\"Temps estimat de lectura\" \/>\n\t<meta name=\"twitter:data2\" content=\"2 minuts\" \/>\n<script type=\"application\/ld+json\" class=\"yoast-schema-graph\">{\"@context\":\"https:\\\/\\\/schema.org\",\"@graph\":[{\"@type\":\"NewsArticle\",\"@id\":\"https:\\\/\\\/radiolitoral.com\\\/2024\\\/08\\\/benitatxell-injecta-23-milions-deuros-al-pressupost-municipal-a-traves-dun-prestec\\\/#article\",\"isPartOf\":{\"@id\":\"https:\\\/\\\/radiolitoral.com\\\/2024\\\/08\\\/benitatxell-injecta-23-milions-deuros-al-pressupost-municipal-a-traves-dun-prestec\\\/\"},\"author\":{\"name\":\"Redacci\u00f3n\",\"@id\":\"https:\\\/\\\/radiolitoral.com\\\/#\\\/schema\\\/person\\\/f2b2343c49b5d721857cc1002bfdb151\"},\"headline\":\"Benitatxell injecta 2,3 milions d&#8217;euros al pressupost municipal a trav\u00e9s d&#8217;un pr\u00e9stec\",\"datePublished\":\"2024-08-01T17:20:53+00:00\",\"dateModified\":\"2024-08-01T17:22:30+00:00\",\"mainEntityOfPage\":{\"@id\":\"https:\\\/\\\/radiolitoral.com\\\/2024\\\/08\\\/benitatxell-injecta-23-milions-deuros-al-pressupost-municipal-a-traves-dun-prestec\\\/\"},\"wordCount\":266,\"commentCount\":0,\"publisher\":{\"@id\":\"https:\\\/\\\/radiolitoral.com\\\/#organization\"},\"image\":{\"@id\":\"https:\\\/\\\/radiolitoral.com\\\/2024\\\/08\\\/benitatxell-injecta-23-milions-deuros-al-pressupost-municipal-a-traves-dun-prestec\\\/#primaryimage\"},\"thumbnailUrl\":\"https:\\\/\\\/media.radiolitoral.com\\\/wp-content\\\/uploads\\\/2024\\\/08\\\/01192025\\\/plaza-les-pesqueres-benitatxell.jpg\",\"keywords\":[\"cr\u00e9dito\",\"El Poble Nou de Benitatxell\",\"plaza les pesqueres\"],\"articleSection\":[\"Pol\u00edtica\"],\"inLanguage\":\"ca\",\"potentialAction\":[{\"@type\":\"CommentAction\",\"name\":\"Comment\",\"target\":[\"https:\\\/\\\/radiolitoral.com\\\/2024\\\/08\\\/benitatxell-injecta-23-milions-deuros-al-pressupost-municipal-a-traves-dun-prestec\\\/#respond\"]}]},{\"@type\":[\"WebPage\",\"ItemPage\"],\"@id\":\"https:\\\/\\\/radiolitoral.com\\\/2024\\\/08\\\/benitatxell-injecta-23-milions-deuros-al-pressupost-municipal-a-traves-dun-prestec\\\/\",\"url\":\"https:\\\/\\\/radiolitoral.com\\\/2024\\\/08\\\/benitatxell-injecta-23-milions-deuros-al-pressupost-municipal-a-traves-dun-prestec\\\/\",\"name\":\"Benitatxell injecta 2,3 milions d'euros al pressupost municipal a trav\u00e9s d'un pr\u00e9stec | R\u00e0dio Litoral\",\"isPartOf\":{\"@id\":\"https:\\\/\\\/radiolitoral.com\\\/#website\"},\"primaryImageOfPage\":{\"@id\":\"https:\\\/\\\/radiolitoral.com\\\/2024\\\/08\\\/benitatxell-injecta-23-milions-deuros-al-pressupost-municipal-a-traves-dun-prestec\\\/#primaryimage\"},\"image\":{\"@id\":\"https:\\\/\\\/radiolitoral.com\\\/2024\\\/08\\\/benitatxell-injecta-23-milions-deuros-al-pressupost-municipal-a-traves-dun-prestec\\\/#primaryimage\"},\"thumbnailUrl\":\"https:\\\/\\\/media.radiolitoral.com\\\/wp-content\\\/uploads\\\/2024\\\/08\\\/01192025\\\/plaza-les-pesqueres-benitatxell.jpg\",\"datePublished\":\"2024-08-01T17:20:53+00:00\",\"dateModified\":\"2024-08-01T17:22:30+00:00\",\"description\":\"Inclouen una partida de 461.000 euros per executar el projecte de la Pla\u00e7a de les Pesqueres\",\"breadcrumb\":{\"@id\":\"https:\\\/\\\/radiolitoral.com\\\/2024\\\/08\\\/benitatxell-injecta-23-milions-deuros-al-pressupost-municipal-a-traves-dun-prestec\\\/#breadcrumb\"},\"inLanguage\":\"ca\",\"potentialAction\":[{\"@type\":\"ReadAction\",\"target\":[\"https:\\\/\\\/radiolitoral.com\\\/2024\\\/08\\\/benitatxell-injecta-23-milions-deuros-al-pressupost-municipal-a-traves-dun-prestec\\\/\"]}]},{\"@type\":\"ImageObject\",\"inLanguage\":\"ca\",\"@id\":\"https:\\\/\\\/radiolitoral.com\\\/2024\\\/08\\\/benitatxell-injecta-23-milions-deuros-al-pressupost-municipal-a-traves-dun-prestec\\\/#primaryimage\",\"url\":\"https:\\\/\\\/media.radiolitoral.com\\\/wp-content\\\/uploads\\\/2024\\\/08\\\/01192025\\\/plaza-les-pesqueres-benitatxell.jpg\",\"contentUrl\":\"https:\\\/\\\/media.radiolitoral.com\\\/wp-content\\\/uploads\\\/2024\\\/08\\\/01192025\\\/plaza-les-pesqueres-benitatxell.jpg\",\"width\":1024,\"height\":702},{\"@type\":\"BreadcrumbList\",\"@id\":\"https:\\\/\\\/radiolitoral.com\\\/2024\\\/08\\\/benitatxell-injecta-23-milions-deuros-al-pressupost-municipal-a-traves-dun-prestec\\\/#breadcrumb\",\"itemListElement\":[{\"@type\":\"ListItem\",\"position\":1,\"name\":\"Portada\",\"item\":\"https:\\\/\\\/radiolitoral.com\\\/\"},{\"@type\":\"ListItem\",\"position\":2,\"name\":\"Benitatxell injecta 2,3 milions d&#8217;euros al pressupost municipal a trav\u00e9s d&#8217;un pr\u00e9stec\"}]},{\"@type\":\"WebSite\",\"@id\":\"https:\\\/\\\/radiolitoral.com\\\/#website\",\"url\":\"https:\\\/\\\/radiolitoral.com\\\/\",\"name\":\"Radio Litoral\",\"description\":\"La radio local de la Marina Alta\",\"publisher\":{\"@id\":\"https:\\\/\\\/radiolitoral.com\\\/#organization\"},\"alternateName\":\"Litoral FM\",\"potentialAction\":[{\"@type\":\"SearchAction\",\"target\":{\"@type\":\"EntryPoint\",\"urlTemplate\":\"https:\\\/\\\/radiolitoral.com\\\/?s={search_term_string}\"},\"query-input\":{\"@type\":\"PropertyValueSpecification\",\"valueRequired\":true,\"valueName\":\"search_term_string\"}}],\"inLanguage\":\"ca\"},{\"@type\":\"Organization\",\"@id\":\"https:\\\/\\\/radiolitoral.com\\\/#organization\",\"name\":\"Radio Litoral\",\"url\":\"https:\\\/\\\/radiolitoral.com\\\/\",\"logo\":{\"@type\":\"ImageObject\",\"inLanguage\":\"ca\",\"@id\":\"https:\\\/\\\/radiolitoral.com\\\/#\\\/schema\\\/logo\\\/image\\\/\",\"url\":\"https:\\\/\\\/media.radiolitoral.com\\\/wp-content\\\/uploads\\\/2023\\\/02\\\/24143238\\\/CL-V-RadioLitoral696.png\",\"contentUrl\":\"https:\\\/\\\/media.radiolitoral.com\\\/wp-content\\\/uploads\\\/2023\\\/02\\\/24143238\\\/CL-V-RadioLitoral696.png\",\"width\":696,\"height\":696,\"caption\":\"Radio Litoral\"},\"image\":{\"@id\":\"https:\\\/\\\/radiolitoral.com\\\/#\\\/schema\\\/logo\\\/image\\\/\"},\"sameAs\":[\"https:\\\/\\\/www.facebook.com\\\/Laradiolitoral\\\/\"]},{\"@type\":\"Person\",\"@id\":\"https:\\\/\\\/radiolitoral.com\\\/#\\\/schema\\\/person\\\/f2b2343c49b5d721857cc1002bfdb151\",\"name\":\"Redacci\u00f3n\",\"image\":{\"@type\":\"ImageObject\",\"inLanguage\":\"ca\",\"@id\":\"https:\\\/\\\/secure.gravatar.com\\\/avatar\\\/f771d896c203ad8b3382d7905cfcce5a5c9b008b84b3cd9114e9b9f4cb63f789?s=96&d=mm&r=g\",\"url\":\"https:\\\/\\\/secure.gravatar.com\\\/avatar\\\/f771d896c203ad8b3382d7905cfcce5a5c9b008b84b3cd9114e9b9f4cb63f789?s=96&d=mm&r=g\",\"contentUrl\":\"https:\\\/\\\/secure.gravatar.com\\\/avatar\\\/f771d896c203ad8b3382d7905cfcce5a5c9b008b84b3cd9114e9b9f4cb63f789?s=96&d=mm&r=g\",\"caption\":\"Redacci\u00f3n\"},\"url\":\"https:\\\/\\\/radiolitoral.com\\\/ca\\\/author\\\/miriam-pagan\\\/\"}]}<\/script>\n<!-- \/ Yoast SEO plugin. -->","yoast_head_json":{"title":"Benitatxell projecta 2,3 milions d&#039;euros al pressupost municipal a trav\u00e9s d&#039;un pr\u00e9stec | R\u00e0dio Litoral","description":"Inclouen una partida de 461.000 euros per executar el projecte de la Pla\u00e7a de les Pesqueres","robots":{"index":"index","follow":"follow","max-snippet":"max-snippet:-1","max-image-preview":"max-image-preview:large","max-video-preview":"max-video-preview:-1"},"canonical":"https:\/\/radiolitoral.com\/ca\/2024\/08\/benitatxell-injecta-23-milions-deuros-al-pressupost-municipal-a-traves-dun-prestec\/","og_locale":"ca_ES","og_type":"article","og_title":"Benitatxell injecta 2,3 milions d'euros al pressupost municipal a trav\u00e9s d'un pr\u00e9stec | R\u00e0dio Litoral","og_description":"Inclouen una partida de 461.000 euros per executar el projecte de la Pla\u00e7a de les Pesqueres","og_url":"https:\/\/radiolitoral.com\/ca\/2024\/08\/benitatxell-injecta-23-milions-deuros-al-pressupost-municipal-a-traves-dun-prestec\/","og_site_name":"R\u00e0dio Litoral","article_publisher":"https:\/\/www.facebook.com\/Laradiolitoral\/","article_published_time":"2024-08-01T17:20:53+00:00","article_modified_time":"2024-08-01T17:22:30+00:00","og_image":[{"width":1024,"height":702,"url":"https:\/\/media.radiolitoral.com\/wp-content\/uploads\/2024\/08\/01192025\/plaza-les-pesqueres-benitatxell.jpg","type":"image\/jpeg"}],"author":"Redacci\u00f3n","twitter_card":"summary_large_image","twitter_misc":{"Escrit per":"Redacci\u00f3n","Temps estimat de lectura":"2 minuts"},"schema":{"@context":"https:\/\/schema.org","@graph":[{"@type":"NewsArticle","@id":"https:\/\/radiolitoral.com\/2024\/08\/benitatxell-injecta-23-milions-deuros-al-pressupost-municipal-a-traves-dun-prestec\/#article","isPartOf":{"@id":"https:\/\/radiolitoral.com\/2024\/08\/benitatxell-injecta-23-milions-deuros-al-pressupost-municipal-a-traves-dun-prestec\/"},"author":{"name":"Redacci\u00f3n","@id":"https:\/\/radiolitoral.com\/#\/schema\/person\/f2b2343c49b5d721857cc1002bfdb151"},"headline":"Benitatxell injecta 2,3 milions d&#8217;euros al pressupost municipal a trav\u00e9s d&#8217;un pr\u00e9stec","datePublished":"2024-08-01T17:20:53+00:00","dateModified":"2024-08-01T17:22:30+00:00","mainEntityOfPage":{"@id":"https:\/\/radiolitoral.com\/2024\/08\/benitatxell-injecta-23-milions-deuros-al-pressupost-municipal-a-traves-dun-prestec\/"},"wordCount":266,"commentCount":0,"publisher":{"@id":"https:\/\/radiolitoral.com\/#organization"},"image":{"@id":"https:\/\/radiolitoral.com\/2024\/08\/benitatxell-injecta-23-milions-deuros-al-pressupost-municipal-a-traves-dun-prestec\/#primaryimage"},"thumbnailUrl":"https:\/\/media.radiolitoral.com\/wp-content\/uploads\/2024\/08\/01192025\/plaza-les-pesqueres-benitatxell.jpg","keywords":["cr\u00e9dito","El Poble Nou de Benitatxell","plaza les pesqueres"],"articleSection":["Pol\u00edtica"],"inLanguage":"ca","potentialAction":[{"@type":"CommentAction","name":"Comment","target":["https:\/\/radiolitoral.com\/2024\/08\/benitatxell-injecta-23-milions-deuros-al-pressupost-municipal-a-traves-dun-prestec\/#respond"]}]},{"@type":["WebPage","ItemPage"],"@id":"https:\/\/radiolitoral.com\/2024\/08\/benitatxell-injecta-23-milions-deuros-al-pressupost-municipal-a-traves-dun-prestec\/","url":"https:\/\/radiolitoral.com\/2024\/08\/benitatxell-injecta-23-milions-deuros-al-pressupost-municipal-a-traves-dun-prestec\/","name":"Benitatxell projecta 2,3 milions d&#039;euros al pressupost municipal a trav\u00e9s d&#039;un pr\u00e9stec | R\u00e0dio Litoral","isPartOf":{"@id":"https:\/\/radiolitoral.com\/#website"},"primaryImageOfPage":{"@id":"https:\/\/radiolitoral.com\/2024\/08\/benitatxell-injecta-23-milions-deuros-al-pressupost-municipal-a-traves-dun-prestec\/#primaryimage"},"image":{"@id":"https:\/\/radiolitoral.com\/2024\/08\/benitatxell-injecta-23-milions-deuros-al-pressupost-municipal-a-traves-dun-prestec\/#primaryimage"},"thumbnailUrl":"https:\/\/media.radiolitoral.com\/wp-content\/uploads\/2024\/08\/01192025\/plaza-les-pesqueres-benitatxell.jpg","datePublished":"2024-08-01T17:20:53+00:00","dateModified":"2024-08-01T17:22:30+00:00","description":"Inclouen una partida de 461.000 euros per executar el projecte de la Pla\u00e7a de les Pesqueres","breadcrumb":{"@id":"https:\/\/radiolitoral.com\/2024\/08\/benitatxell-injecta-23-milions-deuros-al-pressupost-municipal-a-traves-dun-prestec\/#breadcrumb"},"inLanguage":"ca","potentialAction":[{"@type":"ReadAction","target":["https:\/\/radiolitoral.com\/2024\/08\/benitatxell-injecta-23-milions-deuros-al-pressupost-municipal-a-traves-dun-prestec\/"]}]},{"@type":"ImageObject","inLanguage":"ca","@id":"https:\/\/radiolitoral.com\/2024\/08\/benitatxell-injecta-23-milions-deuros-al-pressupost-municipal-a-traves-dun-prestec\/#primaryimage","url":"https:\/\/media.radiolitoral.com\/wp-content\/uploads\/2024\/08\/01192025\/plaza-les-pesqueres-benitatxell.jpg","contentUrl":"https:\/\/media.radiolitoral.com\/wp-content\/uploads\/2024\/08\/01192025\/plaza-les-pesqueres-benitatxell.jpg","width":1024,"height":702},{"@type":"BreadcrumbList","@id":"https:\/\/radiolitoral.com\/2024\/08\/benitatxell-injecta-23-milions-deuros-al-pressupost-municipal-a-traves-dun-prestec\/#breadcrumb","itemListElement":[{"@type":"ListItem","position":1,"name":"Portada","item":"https:\/\/radiolitoral.com\/"},{"@type":"ListItem","position":2,"name":"Benitatxell injecta 2,3 milions d&#8217;euros al pressupost municipal a trav\u00e9s d&#8217;un pr\u00e9stec"}]},{"@type":"WebSite","@id":"https:\/\/radiolitoral.com\/#website","url":"https:\/\/radiolitoral.com\/","name":"R\u00e0dio Litoral","description":"La r\u00e0dio local de la Marina Alta","publisher":{"@id":"https:\/\/radiolitoral.com\/#organization"},"alternateName":"Litoral FM","potentialAction":[{"@type":"SearchAction","target":{"@type":"EntryPoint","urlTemplate":"https:\/\/radiolitoral.com\/?s={search_term_string}"},"query-input":{"@type":"PropertyValueSpecification","valueRequired":true,"valueName":"search_term_string"}}],"inLanguage":"ca"},{"@type":"Organization","@id":"https:\/\/radiolitoral.com\/#organization","name":"R\u00e0dio Litoral","url":"https:\/\/radiolitoral.com\/","logo":{"@type":"ImageObject","inLanguage":"ca","@id":"https:\/\/radiolitoral.com\/#\/schema\/logo\/image\/","url":"https:\/\/media.radiolitoral.com\/wp-content\/uploads\/2023\/02\/24143238\/CL-V-RadioLitoral696.png","contentUrl":"https:\/\/media.radiolitoral.com\/wp-content\/uploads\/2023\/02\/24143238\/CL-V-RadioLitoral696.png","width":696,"height":696,"caption":"Radio Litoral"},"image":{"@id":"https:\/\/radiolitoral.com\/#\/schema\/logo\/image\/"},"sameAs":["https:\/\/www.facebook.com\/Laradiolitoral\/"]},{"@type":"Person","@id":"https:\/\/radiolitoral.com\/#\/schema\/person\/f2b2343c49b5d721857cc1002bfdb151","name":"Redacci\u00f3","image":{"@type":"ImageObject","inLanguage":"ca","@id":"https:\/\/secure.gravatar.com\/avatar\/f771d896c203ad8b3382d7905cfcce5a5c9b008b84b3cd9114e9b9f4cb63f789?s=96&d=mm&r=g","url":"https:\/\/secure.gravatar.com\/avatar\/f771d896c203ad8b3382d7905cfcce5a5c9b008b84b3cd9114e9b9f4cb63f789?s=96&d=mm&r=g","contentUrl":"https:\/\/secure.gravatar.com\/avatar\/f771d896c203ad8b3382d7905cfcce5a5c9b008b84b3cd9114e9b9f4cb63f789?s=96&d=mm&r=g","caption":"Redacci\u00f3n"},"url":"https:\/\/radiolitoral.com\/ca\/author\/miriam-pagan\/"}]}},"_links":{"self":[{"href":"https:\/\/radiolitoral.com\/ca\/wp-json\/wp\/v2\/posts\/10468","targetHints":{"allow":["GET"]}}],"collection":[{"href":"https:\/\/radiolitoral.com\/ca\/wp-json\/wp\/v2\/posts"}],"about":[{"href":"https:\/\/radiolitoral.com\/ca\/wp-json\/wp\/v2\/types\/post"}],"author":[{"embeddable":true,"href":"https:\/\/radiolitoral.com\/ca\/wp-json\/wp\/v2\/users\/13"}],"replies":[{"embeddable":true,"href":"https:\/\/radiolitoral.com\/ca\/wp-json\/wp\/v2\/comments?post=10468"}],"version-history":[{"count":1,"href":"https:\/\/radiolitoral.com\/ca\/wp-json\/wp\/v2\/posts\/10468\/revisions"}],"predecessor-version":[{"id":10475,"href":"https:\/\/radiolitoral.com\/ca\/wp-json\/wp\/v2\/posts\/10468\/revisions\/10475"}],"wp:featuredmedia":[{"embeddable":true,"href":"https:\/\/radiolitoral.com\/ca\/wp-json\/wp\/v2\/media\/10474"}],"wp:attachment":[{"href":"https:\/\/radiolitoral.com\/ca\/wp-json\/wp\/v2\/media?parent=10468"}],"wp:term":[{"taxonomy":"category","embeddable":true,"href":"https:\/\/radiolitoral.com\/ca\/wp-json\/wp\/v2\/categories?post=10468"},{"taxonomy":"post_tag","embeddable":true,"href":"https:\/\/radiolitoral.com\/ca\/wp-json\/wp\/v2\/tags?post=10468"}],"curies":[{"name":"wp","href":"https:\/\/api.w.org\/{rel}","templated":true}]}}