{"id":10432,"date":"2024-07-31T11:23:15","date_gmt":"2024-07-31T09:23:15","guid":{"rendered":"https:\/\/radiolitoral.com\/?p=10432"},"modified":"2024-07-31T11:28:48","modified_gmt":"2024-07-31T09:28:48","slug":"novetats-per-a-llicencies-2024-del-voramar-street-jazz-festival-de-teulada-moraira","status":"publish","type":"post","link":"https:\/\/radiolitoral.com\/ca\/2024\/07\/novetats-per-a-ledicio-2024-del-voramar-street-jazz-festival-de-teulada-moraira\/","title":{"rendered":"Novetats per a l&#039;edici\u00f3 2024 del Voramar Street Jazz Festival de Teulada Moraira"},"content":{"rendered":"<p>Les carrers i places dels nuclis urbans de T<strong>eulada Moraira<\/strong> tornen a convertir-se un estiu m\u00e9s a l&#039;escenari perfecte per acollir els concerts del <strong>Voramar Street Jazz Festival<\/strong>. Una iniciativa emmarcada a la campanya de promoci\u00f3 tur\u00edstica \u201cIncre\u00efble per\u00f2 cert\u201d que en aquesta edici\u00f3 \u00e9s programa per a finals del mes d&#039;agost i principis de setembre, com ha avan\u00e7at l&#039;edil de Turisme, Susanne Katzgrau.<\/p>\n<p>L&#039;objectiu, ha explicat la regidora, \u00e9s allargar la temporada tur\u00edstica i apostar per la desestacionalitzaci\u00f3 del sector, aportant propostes culturals que atreguin visitants en les darreres setmanas de l&#039;estiu.<\/p>\n<p>Una altra de les novetats en aquesta edici\u00f3 del Voramar Street Jazz Festival s\u00f3n els empla\u00e7aments triats per a aquestes actuacions musicals.<\/p>\n<h4>Jazz als Porxes<\/h4>\n<p>A aquesta proposta cultural se suma <strong>Jazz Als Porxes<\/strong>, una altra iniciativa musical programada per a octubre. Els concerts previstos tindran lloc a la Pla\u00e7a dels Porxes, al barri antic de la Teulada G\u00f2tica Emmurallada, declarada BIC.<\/p>\n<p>Dues iniciatives, que com remarca l\u00b4edil de Turisme, llen\u00e7aran de m\u00fasica cada rac\u00f3 dels dos nuclis urbans del municipi, comptant amb reconeguts grups de la comarca.<\/p>","protected":false},"excerpt":{"rendered":"<p>Els carrers i places dels nuclis urbans de Teulada Moraira tornen a convertir-se un estiu m\u00e9s en l&#8217;escenari perfecte per a acollir els concerts del Voramar Street Jazz Festival. Una iniciativa emmarcada en la campanya de promoci\u00f3 tur\u00edstica \u201cIncre\u00efble per\u00f2 cert\u201d que en esta edici\u00f3 es programa per a finals del mes d&#8217;agost i principis [&#8230;]<\/p>\n<p><a class=\"btn btn-secondary understrap-read-more-link\" href=\"https:\/\/radiolitoral.com\/ca\/2024\/07\/novetats-per-a-ledicio-2024-del-voramar-street-jazz-festival-de-teulada-moraira\/\">Continua llegint&#8230;<span class=\"screen-reader-text\"> from Novetats per a l&#8217;edici\u00f3 2024 del Voramar Street Jazz Festival de Teulada Moraira<\/span><\/a><\/p>\n","protected":false},"author":13,"featured_media":10433,"comment_status":"open","ping_status":"closed","sticky":false,"template":"","format":"standard","meta":{"_acf_changed":false,"inline_featured_image":false,"footnotes":""},"categories":[55],"tags":[112,983,195,1908],"class_list":["post-10432","post","type-post","status-publish","format-standard","has-post-thumbnail","hentry","category-cultura","tag-cultura","tag-musica","tag-teulada-moraira","tag-voramar-street-jazz-festival","cobertura-teulada-moraira"],"acf":[],"yoast_head":"<!-- This site is optimized with the Yoast SEO plugin v27.5 - https:\/\/yoast.com\/product\/yoast-seo-wordpress\/ -->\n<title>Novetats per a l&#039;edici\u00f3 2024 del Voramar Street Jazz Festival de Teulada Moraira | R\u00e0dio Litoral<\/title>\n<meta name=\"description\" content=\"L&#039;Ajuntament retarda les dates dels concerts per a prolongar la temporada tur\u00edstica\" \/>\n<meta name=\"robots\" content=\"index, follow, max-snippet:-1, max-image-preview:large, max-video-preview:-1\" \/>\n<link rel=\"canonical\" href=\"https:\/\/radiolitoral.com\/ca\/2024\/07\/novetats-per-a-llicencies-2024-del-voramar-street-jazz-festival-de-teulada-moraira\/\" \/>\n<meta property=\"og:locale\" content=\"ca_ES\" \/>\n<meta property=\"og:type\" content=\"article\" \/>\n<meta property=\"og:title\" content=\"Novetats per a l&#039;edici\u00f3 2024 del Voramar Street Jazz Festival de Teulada Moraira | R\u00e0dio Litoral\" \/>\n<meta property=\"og:description\" content=\"L&#039;Ajuntament retarda les dates dels concerts per a prolongar la temporada tur\u00edstica\" \/>\n<meta property=\"og:url\" content=\"https:\/\/radiolitoral.com\/ca\/2024\/07\/novetats-per-a-llicencies-2024-del-voramar-street-jazz-festival-de-teulada-moraira\/\" \/>\n<meta property=\"og:site_name\" content=\"R\u00e0dio Litoral\" \/>\n<meta property=\"article:publisher\" content=\"https:\/\/www.facebook.com\/Laradiolitoral\/\" \/>\n<meta property=\"article:published_time\" content=\"2024-07-31T09:23:15+00:00\" \/>\n<meta property=\"article:modified_time\" content=\"2024-07-31T09:28:48+00:00\" \/>\n<meta property=\"og:image\" content=\"https:\/\/media.radiolitoral.com\/wp-content\/uploads\/2024\/07\/31111641\/Voramar-Street-Jazz-Festival-e1722417415671.jpeg\" \/>\n\t<meta property=\"og:image:width\" content=\"475\" \/>\n\t<meta property=\"og:image:height\" content=\"333\" \/>\n\t<meta property=\"og:image:type\" content=\"image\/jpeg\" \/>\n<meta name=\"author\" content=\"Redacci\u00f3n\" \/>\n<meta name=\"twitter:card\" content=\"summary_large_image\" \/>\n<meta name=\"twitter:label1\" content=\"Escrit per\" \/>\n\t<meta name=\"twitter:data1\" content=\"Redacci\u00f3n\" \/>\n\t<meta name=\"twitter:label2\" content=\"Temps estimat de lectura\" \/>\n\t<meta name=\"twitter:data2\" content=\"2 minuts\" \/>\n<script type=\"application\/ld+json\" class=\"yoast-schema-graph\">{\"@context\":\"https:\\\/\\\/schema.org\",\"@graph\":[{\"@type\":\"NewsArticle\",\"@id\":\"https:\\\/\\\/radiolitoral.com\\\/2024\\\/07\\\/novetats-per-a-ledicio-2024-del-voramar-street-jazz-festival-de-teulada-moraira\\\/#article\",\"isPartOf\":{\"@id\":\"https:\\\/\\\/radiolitoral.com\\\/2024\\\/07\\\/novetats-per-a-ledicio-2024-del-voramar-street-jazz-festival-de-teulada-moraira\\\/\"},\"author\":{\"name\":\"Redacci\u00f3n\",\"@id\":\"https:\\\/\\\/radiolitoral.com\\\/#\\\/schema\\\/person\\\/f2b2343c49b5d721857cc1002bfdb151\"},\"headline\":\"Novetats per a l&#8217;edici\u00f3 2024 del Voramar Street Jazz Festival de Teulada Moraira\",\"datePublished\":\"2024-07-31T09:23:15+00:00\",\"dateModified\":\"2024-07-31T09:28:48+00:00\",\"mainEntityOfPage\":{\"@id\":\"https:\\\/\\\/radiolitoral.com\\\/2024\\\/07\\\/novetats-per-a-ledicio-2024-del-voramar-street-jazz-festival-de-teulada-moraira\\\/\"},\"wordCount\":213,\"commentCount\":0,\"publisher\":{\"@id\":\"https:\\\/\\\/radiolitoral.com\\\/#organization\"},\"image\":{\"@id\":\"https:\\\/\\\/radiolitoral.com\\\/2024\\\/07\\\/novetats-per-a-ledicio-2024-del-voramar-street-jazz-festival-de-teulada-moraira\\\/#primaryimage\"},\"thumbnailUrl\":\"https:\\\/\\\/media.radiolitoral.com\\\/wp-content\\\/uploads\\\/2024\\\/07\\\/31111641\\\/Voramar-Street-Jazz-Festival-e1722417415671.jpeg\",\"keywords\":[\"cultura\",\"M\u00fasica\",\"Teulada-Moraira\",\"Voramar Street Jazz Festival\"],\"articleSection\":[\"Cultura\"],\"inLanguage\":\"ca\",\"potentialAction\":[{\"@type\":\"CommentAction\",\"name\":\"Comment\",\"target\":[\"https:\\\/\\\/radiolitoral.com\\\/2024\\\/07\\\/novetats-per-a-ledicio-2024-del-voramar-street-jazz-festival-de-teulada-moraira\\\/#respond\"]}]},{\"@type\":[\"WebPage\",\"ItemPage\"],\"@id\":\"https:\\\/\\\/radiolitoral.com\\\/2024\\\/07\\\/novetats-per-a-ledicio-2024-del-voramar-street-jazz-festival-de-teulada-moraira\\\/\",\"url\":\"https:\\\/\\\/radiolitoral.com\\\/2024\\\/07\\\/novetats-per-a-ledicio-2024-del-voramar-street-jazz-festival-de-teulada-moraira\\\/\",\"name\":\"Novetats per a l'edici\u00f3 2024 del Voramar Street Jazz Festival de Teulada Moraira | R\u00e0dio Litoral\",\"isPartOf\":{\"@id\":\"https:\\\/\\\/radiolitoral.com\\\/#website\"},\"primaryImageOfPage\":{\"@id\":\"https:\\\/\\\/radiolitoral.com\\\/2024\\\/07\\\/novetats-per-a-ledicio-2024-del-voramar-street-jazz-festival-de-teulada-moraira\\\/#primaryimage\"},\"image\":{\"@id\":\"https:\\\/\\\/radiolitoral.com\\\/2024\\\/07\\\/novetats-per-a-ledicio-2024-del-voramar-street-jazz-festival-de-teulada-moraira\\\/#primaryimage\"},\"thumbnailUrl\":\"https:\\\/\\\/media.radiolitoral.com\\\/wp-content\\\/uploads\\\/2024\\\/07\\\/31111641\\\/Voramar-Street-Jazz-Festival-e1722417415671.jpeg\",\"datePublished\":\"2024-07-31T09:23:15+00:00\",\"dateModified\":\"2024-07-31T09:28:48+00:00\",\"description\":\"L'Ajuntament retarda les dates dels concerts per a prolongar la temporada tur\u00edstica\",\"breadcrumb\":{\"@id\":\"https:\\\/\\\/radiolitoral.com\\\/2024\\\/07\\\/novetats-per-a-ledicio-2024-del-voramar-street-jazz-festival-de-teulada-moraira\\\/#breadcrumb\"},\"inLanguage\":\"ca\",\"potentialAction\":[{\"@type\":\"ReadAction\",\"target\":[\"https:\\\/\\\/radiolitoral.com\\\/2024\\\/07\\\/novetats-per-a-ledicio-2024-del-voramar-street-jazz-festival-de-teulada-moraira\\\/\"]}]},{\"@type\":\"ImageObject\",\"inLanguage\":\"ca\",\"@id\":\"https:\\\/\\\/radiolitoral.com\\\/2024\\\/07\\\/novetats-per-a-ledicio-2024-del-voramar-street-jazz-festival-de-teulada-moraira\\\/#primaryimage\",\"url\":\"https:\\\/\\\/media.radiolitoral.com\\\/wp-content\\\/uploads\\\/2024\\\/07\\\/31111641\\\/Voramar-Street-Jazz-Festival-e1722417415671.jpeg\",\"contentUrl\":\"https:\\\/\\\/media.radiolitoral.com\\\/wp-content\\\/uploads\\\/2024\\\/07\\\/31111641\\\/Voramar-Street-Jazz-Festival-e1722417415671.jpeg\",\"width\":475,\"height\":333},{\"@type\":\"BreadcrumbList\",\"@id\":\"https:\\\/\\\/radiolitoral.com\\\/2024\\\/07\\\/novetats-per-a-ledicio-2024-del-voramar-street-jazz-festival-de-teulada-moraira\\\/#breadcrumb\",\"itemListElement\":[{\"@type\":\"ListItem\",\"position\":1,\"name\":\"Portada\",\"item\":\"https:\\\/\\\/radiolitoral.com\\\/\"},{\"@type\":\"ListItem\",\"position\":2,\"name\":\"Novetats per a l&#8217;edici\u00f3 2024 del Voramar Street Jazz Festival de Teulada Moraira\"}]},{\"@type\":\"WebSite\",\"@id\":\"https:\\\/\\\/radiolitoral.com\\\/#website\",\"url\":\"https:\\\/\\\/radiolitoral.com\\\/\",\"name\":\"Radio Litoral\",\"description\":\"La radio local de la Marina Alta\",\"publisher\":{\"@id\":\"https:\\\/\\\/radiolitoral.com\\\/#organization\"},\"alternateName\":\"Litoral FM\",\"potentialAction\":[{\"@type\":\"SearchAction\",\"target\":{\"@type\":\"EntryPoint\",\"urlTemplate\":\"https:\\\/\\\/radiolitoral.com\\\/?s={search_term_string}\"},\"query-input\":{\"@type\":\"PropertyValueSpecification\",\"valueRequired\":true,\"valueName\":\"search_term_string\"}}],\"inLanguage\":\"ca\"},{\"@type\":\"Organization\",\"@id\":\"https:\\\/\\\/radiolitoral.com\\\/#organization\",\"name\":\"Radio Litoral\",\"url\":\"https:\\\/\\\/radiolitoral.com\\\/\",\"logo\":{\"@type\":\"ImageObject\",\"inLanguage\":\"ca\",\"@id\":\"https:\\\/\\\/radiolitoral.com\\\/#\\\/schema\\\/logo\\\/image\\\/\",\"url\":\"https:\\\/\\\/media.radiolitoral.com\\\/wp-content\\\/uploads\\\/2023\\\/02\\\/24143238\\\/CL-V-RadioLitoral696.png\",\"contentUrl\":\"https:\\\/\\\/media.radiolitoral.com\\\/wp-content\\\/uploads\\\/2023\\\/02\\\/24143238\\\/CL-V-RadioLitoral696.png\",\"width\":696,\"height\":696,\"caption\":\"Radio Litoral\"},\"image\":{\"@id\":\"https:\\\/\\\/radiolitoral.com\\\/#\\\/schema\\\/logo\\\/image\\\/\"},\"sameAs\":[\"https:\\\/\\\/www.facebook.com\\\/Laradiolitoral\\\/\"]},{\"@type\":\"Person\",\"@id\":\"https:\\\/\\\/radiolitoral.com\\\/#\\\/schema\\\/person\\\/f2b2343c49b5d721857cc1002bfdb151\",\"name\":\"Redacci\u00f3n\",\"image\":{\"@type\":\"ImageObject\",\"inLanguage\":\"ca\",\"@id\":\"https:\\\/\\\/secure.gravatar.com\\\/avatar\\\/f771d896c203ad8b3382d7905cfcce5a5c9b008b84b3cd9114e9b9f4cb63f789?s=96&d=mm&r=g\",\"url\":\"https:\\\/\\\/secure.gravatar.com\\\/avatar\\\/f771d896c203ad8b3382d7905cfcce5a5c9b008b84b3cd9114e9b9f4cb63f789?s=96&d=mm&r=g\",\"contentUrl\":\"https:\\\/\\\/secure.gravatar.com\\\/avatar\\\/f771d896c203ad8b3382d7905cfcce5a5c9b008b84b3cd9114e9b9f4cb63f789?s=96&d=mm&r=g\",\"caption\":\"Redacci\u00f3n\"},\"url\":\"https:\\\/\\\/radiolitoral.com\\\/ca\\\/author\\\/miriam-pagan\\\/\"}]}<\/script>\n<!-- \/ Yoast SEO plugin. -->","yoast_head_json":{"title":"Novetats per a l&#039;edici\u00f3 2024 del Voramar Street Jazz Festival de Teulada Moraira | R\u00e0dio Litoral","description":"L&#039;Ajuntament retarda les dates dels concerts per prolongar la temporada tur\u00edstica","robots":{"index":"index","follow":"follow","max-snippet":"max-snippet:-1","max-image-preview":"max-image-preview:large","max-video-preview":"max-video-preview:-1"},"canonical":"https:\/\/radiolitoral.com\/ca\/2024\/07\/novetats-per-a-llicencies-2024-del-voramar-street-jazz-festival-de-teulada-moraira\/","og_locale":"ca_ES","og_type":"article","og_title":"Novetats per a l'edici\u00f3 2024 del Voramar Street Jazz Festival de Teulada Moraira | R\u00e0dio Litoral","og_description":"L'Ajuntament retarda les dates dels concerts per a prolongar la temporada tur\u00edstica","og_url":"https:\/\/radiolitoral.com\/ca\/2024\/07\/novetats-per-a-llicencies-2024-del-voramar-street-jazz-festival-de-teulada-moraira\/","og_site_name":"R\u00e0dio Litoral","article_publisher":"https:\/\/www.facebook.com\/Laradiolitoral\/","article_published_time":"2024-07-31T09:23:15+00:00","article_modified_time":"2024-07-31T09:28:48+00:00","og_image":[{"width":475,"height":333,"url":"https:\/\/media.radiolitoral.com\/wp-content\/uploads\/2024\/07\/31111641\/Voramar-Street-Jazz-Festival-e1722417415671.jpeg","type":"image\/jpeg"}],"author":"Redacci\u00f3n","twitter_card":"summary_large_image","twitter_misc":{"Escrit per":"Redacci\u00f3n","Temps estimat de lectura":"2 minuts"},"schema":{"@context":"https:\/\/schema.org","@graph":[{"@type":"NewsArticle","@id":"https:\/\/radiolitoral.com\/2024\/07\/novetats-per-a-ledicio-2024-del-voramar-street-jazz-festival-de-teulada-moraira\/#article","isPartOf":{"@id":"https:\/\/radiolitoral.com\/2024\/07\/novetats-per-a-ledicio-2024-del-voramar-street-jazz-festival-de-teulada-moraira\/"},"author":{"name":"Redacci\u00f3n","@id":"https:\/\/radiolitoral.com\/#\/schema\/person\/f2b2343c49b5d721857cc1002bfdb151"},"headline":"Novetats per a l&#8217;edici\u00f3 2024 del Voramar Street Jazz Festival de Teulada Moraira","datePublished":"2024-07-31T09:23:15+00:00","dateModified":"2024-07-31T09:28:48+00:00","mainEntityOfPage":{"@id":"https:\/\/radiolitoral.com\/2024\/07\/novetats-per-a-ledicio-2024-del-voramar-street-jazz-festival-de-teulada-moraira\/"},"wordCount":213,"commentCount":0,"publisher":{"@id":"https:\/\/radiolitoral.com\/#organization"},"image":{"@id":"https:\/\/radiolitoral.com\/2024\/07\/novetats-per-a-ledicio-2024-del-voramar-street-jazz-festival-de-teulada-moraira\/#primaryimage"},"thumbnailUrl":"https:\/\/media.radiolitoral.com\/wp-content\/uploads\/2024\/07\/31111641\/Voramar-Street-Jazz-Festival-e1722417415671.jpeg","keywords":["cultura","M\u00fasica","Teulada-Moraira","Voramar Street Jazz Festival"],"articleSection":["Cultura"],"inLanguage":"ca","potentialAction":[{"@type":"CommentAction","name":"Comment","target":["https:\/\/radiolitoral.com\/2024\/07\/novetats-per-a-ledicio-2024-del-voramar-street-jazz-festival-de-teulada-moraira\/#respond"]}]},{"@type":["WebPage","ItemPage"],"@id":"https:\/\/radiolitoral.com\/2024\/07\/novetats-per-a-ledicio-2024-del-voramar-street-jazz-festival-de-teulada-moraira\/","url":"https:\/\/radiolitoral.com\/2024\/07\/novetats-per-a-ledicio-2024-del-voramar-street-jazz-festival-de-teulada-moraira\/","name":"Novetats per a l&#039;edici\u00f3 2024 del Voramar Street Jazz Festival de Teulada Moraira | R\u00e0dio Litoral","isPartOf":{"@id":"https:\/\/radiolitoral.com\/#website"},"primaryImageOfPage":{"@id":"https:\/\/radiolitoral.com\/2024\/07\/novetats-per-a-ledicio-2024-del-voramar-street-jazz-festival-de-teulada-moraira\/#primaryimage"},"image":{"@id":"https:\/\/radiolitoral.com\/2024\/07\/novetats-per-a-ledicio-2024-del-voramar-street-jazz-festival-de-teulada-moraira\/#primaryimage"},"thumbnailUrl":"https:\/\/media.radiolitoral.com\/wp-content\/uploads\/2024\/07\/31111641\/Voramar-Street-Jazz-Festival-e1722417415671.jpeg","datePublished":"2024-07-31T09:23:15+00:00","dateModified":"2024-07-31T09:28:48+00:00","description":"L&#039;Ajuntament retarda les dates dels concerts per prolongar la temporada tur\u00edstica","breadcrumb":{"@id":"https:\/\/radiolitoral.com\/2024\/07\/novetats-per-a-ledicio-2024-del-voramar-street-jazz-festival-de-teulada-moraira\/#breadcrumb"},"inLanguage":"ca","potentialAction":[{"@type":"ReadAction","target":["https:\/\/radiolitoral.com\/2024\/07\/novetats-per-a-ledicio-2024-del-voramar-street-jazz-festival-de-teulada-moraira\/"]}]},{"@type":"ImageObject","inLanguage":"ca","@id":"https:\/\/radiolitoral.com\/2024\/07\/novetats-per-a-ledicio-2024-del-voramar-street-jazz-festival-de-teulada-moraira\/#primaryimage","url":"https:\/\/media.radiolitoral.com\/wp-content\/uploads\/2024\/07\/31111641\/Voramar-Street-Jazz-Festival-e1722417415671.jpeg","contentUrl":"https:\/\/media.radiolitoral.com\/wp-content\/uploads\/2024\/07\/31111641\/Voramar-Street-Jazz-Festival-e1722417415671.jpeg","width":475,"height":333},{"@type":"BreadcrumbList","@id":"https:\/\/radiolitoral.com\/2024\/07\/novetats-per-a-ledicio-2024-del-voramar-street-jazz-festival-de-teulada-moraira\/#breadcrumb","itemListElement":[{"@type":"ListItem","position":1,"name":"Portada","item":"https:\/\/radiolitoral.com\/"},{"@type":"ListItem","position":2,"name":"Novetats per a l&#8217;edici\u00f3 2024 del Voramar Street Jazz Festival de Teulada Moraira"}]},{"@type":"WebSite","@id":"https:\/\/radiolitoral.com\/#website","url":"https:\/\/radiolitoral.com\/","name":"R\u00e0dio Litoral","description":"La r\u00e0dio local de la Marina Alta","publisher":{"@id":"https:\/\/radiolitoral.com\/#organization"},"alternateName":"Litoral FM","potentialAction":[{"@type":"SearchAction","target":{"@type":"EntryPoint","urlTemplate":"https:\/\/radiolitoral.com\/?s={search_term_string}"},"query-input":{"@type":"PropertyValueSpecification","valueRequired":true,"valueName":"search_term_string"}}],"inLanguage":"ca"},{"@type":"Organization","@id":"https:\/\/radiolitoral.com\/#organization","name":"R\u00e0dio Litoral","url":"https:\/\/radiolitoral.com\/","logo":{"@type":"ImageObject","inLanguage":"ca","@id":"https:\/\/radiolitoral.com\/#\/schema\/logo\/image\/","url":"https:\/\/media.radiolitoral.com\/wp-content\/uploads\/2023\/02\/24143238\/CL-V-RadioLitoral696.png","contentUrl":"https:\/\/media.radiolitoral.com\/wp-content\/uploads\/2023\/02\/24143238\/CL-V-RadioLitoral696.png","width":696,"height":696,"caption":"Radio Litoral"},"image":{"@id":"https:\/\/radiolitoral.com\/#\/schema\/logo\/image\/"},"sameAs":["https:\/\/www.facebook.com\/Laradiolitoral\/"]},{"@type":"Person","@id":"https:\/\/radiolitoral.com\/#\/schema\/person\/f2b2343c49b5d721857cc1002bfdb151","name":"Redacci\u00f3","image":{"@type":"ImageObject","inLanguage":"ca","@id":"https:\/\/secure.gravatar.com\/avatar\/f771d896c203ad8b3382d7905cfcce5a5c9b008b84b3cd9114e9b9f4cb63f789?s=96&d=mm&r=g","url":"https:\/\/secure.gravatar.com\/avatar\/f771d896c203ad8b3382d7905cfcce5a5c9b008b84b3cd9114e9b9f4cb63f789?s=96&d=mm&r=g","contentUrl":"https:\/\/secure.gravatar.com\/avatar\/f771d896c203ad8b3382d7905cfcce5a5c9b008b84b3cd9114e9b9f4cb63f789?s=96&d=mm&r=g","caption":"Redacci\u00f3n"},"url":"https:\/\/radiolitoral.com\/ca\/author\/miriam-pagan\/"}]}},"_links":{"self":[{"href":"https:\/\/radiolitoral.com\/ca\/wp-json\/wp\/v2\/posts\/10432","targetHints":{"allow":["GET"]}}],"collection":[{"href":"https:\/\/radiolitoral.com\/ca\/wp-json\/wp\/v2\/posts"}],"about":[{"href":"https:\/\/radiolitoral.com\/ca\/wp-json\/wp\/v2\/types\/post"}],"author":[{"embeddable":true,"href":"https:\/\/radiolitoral.com\/ca\/wp-json\/wp\/v2\/users\/13"}],"replies":[{"embeddable":true,"href":"https:\/\/radiolitoral.com\/ca\/wp-json\/wp\/v2\/comments?post=10432"}],"version-history":[{"count":1,"href":"https:\/\/radiolitoral.com\/ca\/wp-json\/wp\/v2\/posts\/10432\/revisions"}],"predecessor-version":[{"id":10434,"href":"https:\/\/radiolitoral.com\/ca\/wp-json\/wp\/v2\/posts\/10432\/revisions\/10434"}],"wp:featuredmedia":[{"embeddable":true,"href":"https:\/\/radiolitoral.com\/ca\/wp-json\/wp\/v2\/media\/10433"}],"wp:attachment":[{"href":"https:\/\/radiolitoral.com\/ca\/wp-json\/wp\/v2\/media?parent=10432"}],"wp:term":[{"taxonomy":"category","embeddable":true,"href":"https:\/\/radiolitoral.com\/ca\/wp-json\/wp\/v2\/categories?post=10432"},{"taxonomy":"post_tag","embeddable":true,"href":"https:\/\/radiolitoral.com\/ca\/wp-json\/wp\/v2\/tags?post=10432"}],"curies":[{"name":"wp","href":"https:\/\/api.w.org\/{rel}","templated":true}]}}